{"id":19712,"date":"2025-01-09T12:50:34","date_gmt":"2025-01-09T15:50:34","guid":{"rendered":"https:\/?p=19712"},"modified":"2025-01-09T12:50:34","modified_gmt":"2025-01-09T15:50:34","slug":"mores-diz-que-redes-sociais-na-meta-so-poderao-operar-no-brasil-se-respeitarem-as-leis-do-pais","status":"publish","type":"post","link":"https:\/\/serrafm879.com.br\/serrafm\/2025\/01\/mores-diz-que-redes-sociais-na-meta-so-poderao-operar-no-brasil-se-respeitarem-as-leis-do-pais\/","title":{"rendered":"Mores diz que redes sociais na Meta s\u00f3 poder\u00e3o operar no Brasil se respeitarem as leis do pa\u00eds"},"content":{"rendered":"<p>Ap\u00f3s o an\u00fancio de novas regras da Meta (WhatsApp, Facebook e Instagram) por Mark Zuckerberg, o ministro do STF Alexandre de Moraes afirmou que as redes sociais s\u00f3 poder\u00e3o operar no Brasil caso respeitem as leis nacionais.<\/p>\n<p>Procuradores confiam no Supremo Tribunal Federal para barrar as mudan\u00e7as no pa\u00eds; caso contr\u00e1rio, as plataformas poder\u00e3o ser bloqueadas em todo o territ\u00f3rio nacional, como ocorreu com o X\/Twitter.<\/p>\n<p>\u201cAqui no Brasil, a nossa Justi\u00e7a Eleitoral e o nosso STF, ambos j\u00e1 demonstraram que aqui \u00e9 uma terra que tem lei. As redes sociais n\u00e3o s\u00e3o terra sem lei. No Brasil, [as redes sociais] s\u00f3 continuar\u00e3o a operar se respeitarem a legisla\u00e7\u00e3o brasileira. Independentemente de bravatas de dirigentes irrespons\u00e1veis das big techs\u201d, afirmou.<\/p>\n<p>O Minist\u00e9rio P\u00fablico Federal deu um prazo de 30 dias para Mark Zuckerberg explicar se as mudan\u00e7as nas regras do Instagram, Facebook e WhatsApp ser\u00e3o aplicadas no Brasil. O ministro Alexandre de Moraes afirmou que as redes sociais s\u00f3 poder\u00e3o operar no pa\u00eds caso cumpram as leis brasileiras.<\/p>\n","protected":false},"excerpt":{"rendered":"<p>Ap\u00f3s o an\u00fancio de novas regras da Meta (WhatsApp, Facebook e Instagram) por Mark Zuckerberg, o ministro do STF Alexandre de Moraes afirmou que as redes sociais s\u00f3 poder\u00e3o operar no Brasil caso respeitem as leis nacionais. Procuradores confiam no Supremo Tribunal Federal para barrar as mudan\u00e7as no pa\u00eds; caso contr\u00e1rio, as plataformas poder\u00e3o ser bloqueadas em todo o territ\u00f3rio nacional, como ocorreu com o X\/Twitter. \u201cAqui no Brasil, a nossa Justi\u00e7a Eleitoral e o nosso STF, ambos j\u00e1 demonstraram que aqui \u00e9 uma terra que tem lei. As redes sociais n\u00e3o s\u00e3o terra sem lei. No Brasil, [as redes [&hellip;]<\/p>\n","protected":false},"author":2,"featured_media":19713,"comment_status":"open","ping_status":"open","sticky":false,"template":"","format":"standard","meta":{"_jetpack_newsletter_access":"","_jetpack_dont_email_post_to_subs":false,"_jetpack_newsletter_tier_id":0,"_jetpack_memberships_contains_paywalled_content":false,"_jetpack_feature_clip_id":0,"_jetpack_memberships_contains_paid_content":false,"footnotes":"","jetpack_publicize_message":"","jetpack_publicize_feature_enabled":true,"jetpack_social_post_already_shared":true,"jetpack_social_options":{"image_generator_settings":{"template":"highway","default_image_id":0,"font":"","enabled":false},"version":2},"jetpack_post_was_ever_published":false},"categories":[149],"tags":[],"class_list":["post-19712","post","type-post","status-publish","format-standard","has-post-thumbnail","hentry","category-brasil"],"aioseo_notices":[],"aioseo_head":"\n\t\t<!-- All in One SEO 4.9.10 - aioseo.com -->\n\t<meta name=\"description\" content=\"Ap\u00f3s o an\u00fancio de novas regras da Meta (WhatsApp, Facebook e Instagram) por Mark Zuckerberg, o ministro do STF Alexandre de Moraes afirmou que as redes sociais s\u00f3 poder\u00e3o operar no Brasil caso respeitem as leis nacionais. Procuradores confiam no Supremo Tribunal Federal para barrar as mudan\u00e7as no pa\u00eds; caso contr\u00e1rio, as plataformas poder\u00e3o ser\" \/>\n\t<meta name=\"robots\" content=\"max-image-preview:large\" \/>\n\t<meta name=\"author\" content=\"serrafm87\"\/>\n\t<link rel=\"canonical\" href=\"https:\/\/serrafm879.com.br\/serrafm\/2025\/01\/mores-diz-que-redes-sociais-na-meta-so-poderao-operar-no-brasil-se-respeitarem-as-leis-do-pais\/\" \/>\n\t<meta name=\"generator\" content=\"All in One SEO (AIOSEO) 4.9.10\" \/>\n\t\t<meta name=\"twitter:card\" content=\"summary_large_image\" \/>\n\t\t<meta name=\"twitter:title\" content=\"Mores diz que redes sociais na Meta s\u00f3 poder\u00e3o operar no Brasil se respeitarem as leis do pa\u00eds - Serra FM 87,9\" \/>\n\t\t<meta name=\"twitter:description\" content=\"Ap\u00f3s o an\u00fancio de novas regras da Meta (WhatsApp, Facebook e Instagram) por Mark Zuckerberg, o ministro do STF Alexandre de Moraes afirmou que as redes sociais s\u00f3 poder\u00e3o operar no Brasil caso respeitem as leis nacionais. Procuradores confiam no Supremo Tribunal Federal para barrar as mudan\u00e7as no pa\u00eds; caso contr\u00e1rio, as plataformas poder\u00e3o ser\" \/>\n\t\t<meta name=\"twitter:image\" content=\"https:\/\/serrafm879.com.br\/serrafm\/wp-content\/uploads\/2025\/01\/Captura-de-tela-2025-01-09-124845.png\" \/>\n\t\t<script type=\"application\/ld+json\" class=\"aioseo-schema\">\n\t\t\t{\"@context\":\"https:\\\/\\\/schema.org\",\"@graph\":[{\"@type\":\"BlogPosting\",\"@id\":\"https:\\\/\\\/serrafm879.com.br\\\/serrafm\\\/2025\\\/01\\\/mores-diz-que-redes-sociais-na-meta-so-poderao-operar-no-brasil-se-respeitarem-as-leis-do-pais\\\/#blogposting\",\"name\":\"Mores diz que redes sociais na Meta s\\u00f3 poder\\u00e3o operar no Brasil se respeitarem as leis do pa\\u00eds - Serra FM 87,9\",\"headline\":\"Mores diz que redes sociais na Meta s\\u00f3 poder\\u00e3o operar no Brasil se respeitarem as leis do pa\\u00eds\",\"author\":{\"@id\":\"https:\\\/\\\/serrafm879.com.br\\\/serrafm\\\/author\\\/serrafm87\\\/#author\"},\"publisher\":{\"@id\":\"https:\\\/\\\/serrafm879.com.br\\\/serrafm\\\/#organization\"},\"image\":{\"@type\":\"ImageObject\",\"url\":\"https:\\\/\\\/serrafm879.com.br\\\/serrafm\\\/wp-content\\\/uploads\\\/2025\\\/01\\\/Captura-de-tela-2025-01-09-124845.png\",\"width\":747,\"height\":468},\"datePublished\":\"2025-01-09T12:50:34-03:00\",\"dateModified\":\"2025-01-09T12:50:34-03:00\",\"inLanguage\":\"pt-BR\",\"mainEntityOfPage\":{\"@id\":\"https:\\\/\\\/serrafm879.com.br\\\/serrafm\\\/2025\\\/01\\\/mores-diz-que-redes-sociais-na-meta-so-poderao-operar-no-brasil-se-respeitarem-as-leis-do-pais\\\/#webpage\"},\"isPartOf\":{\"@id\":\"https:\\\/\\\/serrafm879.com.br\\\/serrafm\\\/2025\\\/01\\\/mores-diz-que-redes-sociais-na-meta-so-poderao-operar-no-brasil-se-respeitarem-as-leis-do-pais\\\/#webpage\"},\"articleSection\":\"Brasil\"},{\"@type\":\"BreadcrumbList\",\"@id\":\"https:\\\/\\\/serrafm879.com.br\\\/serrafm\\\/2025\\\/01\\\/mores-diz-que-redes-sociais-na-meta-so-poderao-operar-no-brasil-se-respeitarem-as-leis-do-pais\\\/#breadcrumblist\",\"itemListElement\":[{\"@type\":\"ListItem\",\"@id\":\"https:\\\/\\\/serrafm879.com.br\\\/serrafm#listItem\",\"position\":1,\"name\":\"Home\",\"item\":\"https:\\\/\\\/serrafm879.com.br\\\/serrafm\",\"nextItem\":{\"@type\":\"ListItem\",\"@id\":\"https:\\\/\\\/serrafm879.com.br\\\/serrafm\\\/categoria\\\/brasil\\\/#listItem\",\"name\":\"Brasil\"}},{\"@type\":\"ListItem\",\"@id\":\"https:\\\/\\\/serrafm879.com.br\\\/serrafm\\\/categoria\\\/brasil\\\/#listItem\",\"position\":2,\"name\":\"Brasil\",\"item\":\"https:\\\/\\\/serrafm879.com.br\\\/serrafm\\\/categoria\\\/brasil\\\/\",\"nextItem\":{\"@type\":\"ListItem\",\"@id\":\"https:\\\/\\\/serrafm879.com.br\\\/serrafm\\\/2025\\\/01\\\/mores-diz-que-redes-sociais-na-meta-so-poderao-operar-no-brasil-se-respeitarem-as-leis-do-pais\\\/#listItem\",\"name\":\"Mores diz que redes sociais na Meta s\\u00f3 poder\\u00e3o operar no Brasil se respeitarem as leis do pa\\u00eds\"},\"previousItem\":{\"@type\":\"ListItem\",\"@id\":\"https:\\\/\\\/serrafm879.com.br\\\/serrafm#listItem\",\"name\":\"Home\"}},{\"@type\":\"ListItem\",\"@id\":\"https:\\\/\\\/serrafm879.com.br\\\/serrafm\\\/2025\\\/01\\\/mores-diz-que-redes-sociais-na-meta-so-poderao-operar-no-brasil-se-respeitarem-as-leis-do-pais\\\/#listItem\",\"position\":3,\"name\":\"Mores diz que redes sociais na Meta s\\u00f3 poder\\u00e3o operar no Brasil se respeitarem as leis do pa\\u00eds\",\"previousItem\":{\"@type\":\"ListItem\",\"@id\":\"https:\\\/\\\/serrafm879.com.br\\\/serrafm\\\/categoria\\\/brasil\\\/#listItem\",\"name\":\"Brasil\"}}]},{\"@type\":\"Organization\",\"@id\":\"https:\\\/\\\/serrafm879.com.br\\\/serrafm\\\/#organization\",\"name\":\"Serra FM 87,9\",\"description\":\"O seu novo amor!\",\"url\":\"https:\\\/\\\/serrafm879.com.br\\\/serrafm\\\/\"},{\"@type\":\"Person\",\"@id\":\"https:\\\/\\\/serrafm879.com.br\\\/serrafm\\\/author\\\/serrafm87\\\/#author\",\"url\":\"https:\\\/\\\/serrafm879.com.br\\\/serrafm\\\/author\\\/serrafm87\\\/\",\"name\":\"serrafm87\",\"image\":{\"@type\":\"ImageObject\",\"@id\":\"https:\\\/\\\/serrafm879.com.br\\\/serrafm\\\/2025\\\/01\\\/mores-diz-que-redes-sociais-na-meta-so-poderao-operar-no-brasil-se-respeitarem-as-leis-do-pais\\\/#authorImage\",\"url\":\"https:\\\/\\\/secure.gravatar.com\\\/avatar\\\/a743233f1112d34f48bb3dc9559b76eb930bab8b27175856cba6362608736235?s=96&d=mm&r=g\",\"width\":96,\"height\":96,\"caption\":\"serrafm87\"}},{\"@type\":\"WebPage\",\"@id\":\"https:\\\/\\\/serrafm879.com.br\\\/serrafm\\\/2025\\\/01\\\/mores-diz-que-redes-sociais-na-meta-so-poderao-operar-no-brasil-se-respeitarem-as-leis-do-pais\\\/#webpage\",\"url\":\"https:\\\/\\\/serrafm879.com.br\\\/serrafm\\\/2025\\\/01\\\/mores-diz-que-redes-sociais-na-meta-so-poderao-operar-no-brasil-se-respeitarem-as-leis-do-pais\\\/\",\"name\":\"Mores diz que redes sociais na Meta s\\u00f3 poder\\u00e3o operar no Brasil se respeitarem as leis do pa\\u00eds - Serra FM 87,9\",\"description\":\"Ap\\u00f3s o an\\u00fancio de novas regras da Meta (WhatsApp, Facebook e Instagram) por Mark Zuckerberg, o ministro do STF Alexandre de Moraes afirmou que as redes sociais s\\u00f3 poder\\u00e3o operar no Brasil caso respeitem as leis nacionais. Procuradores confiam no Supremo Tribunal Federal para barrar as mudan\\u00e7as no pa\\u00eds; caso contr\\u00e1rio, as plataformas poder\\u00e3o ser\",\"inLanguage\":\"pt-BR\",\"isPartOf\":{\"@id\":\"https:\\\/\\\/serrafm879.com.br\\\/serrafm\\\/#website\"},\"breadcrumb\":{\"@id\":\"https:\\\/\\\/serrafm879.com.br\\\/serrafm\\\/2025\\\/01\\\/mores-diz-que-redes-sociais-na-meta-so-poderao-operar-no-brasil-se-respeitarem-as-leis-do-pais\\\/#breadcrumblist\"},\"author\":{\"@id\":\"https:\\\/\\\/serrafm879.com.br\\\/serrafm\\\/author\\\/serrafm87\\\/#author\"},\"creator\":{\"@id\":\"https:\\\/\\\/serrafm879.com.br\\\/serrafm\\\/author\\\/serrafm87\\\/#author\"},\"image\":{\"@type\":\"ImageObject\",\"url\":\"https:\\\/\\\/serrafm879.com.br\\\/serrafm\\\/wp-content\\\/uploads\\\/2025\\\/01\\\/Captura-de-tela-2025-01-09-124845.png\",\"@id\":\"https:\\\/\\\/serrafm879.com.br\\\/serrafm\\\/2025\\\/01\\\/mores-diz-que-redes-sociais-na-meta-so-poderao-operar-no-brasil-se-respeitarem-as-leis-do-pais\\\/#mainImage\",\"width\":747,\"height\":468},\"primaryImageOfPage\":{\"@id\":\"https:\\\/\\\/serrafm879.com.br\\\/serrafm\\\/2025\\\/01\\\/mores-diz-que-redes-sociais-na-meta-so-poderao-operar-no-brasil-se-respeitarem-as-leis-do-pais\\\/#mainImage\"},\"datePublished\":\"2025-01-09T12:50:34-03:00\",\"dateModified\":\"2025-01-09T12:50:34-03:00\"},{\"@type\":\"WebSite\",\"@id\":\"https:\\\/\\\/serrafm879.com.br\\\/serrafm\\\/#website\",\"url\":\"https:\\\/\\\/serrafm879.com.br\\\/serrafm\\\/\",\"name\":\"Serra FM 87,9\",\"description\":\"O seu novo amor!\",\"inLanguage\":\"pt-BR\",\"publisher\":{\"@id\":\"https:\\\/\\\/serrafm879.com.br\\\/serrafm\\\/#organization\"}}]}\n\t\t<\/script>\n\t\t<!-- All in One SEO -->\n\n","aioseo_head_json":{"title":"Mores diz que redes sociais na Meta s\u00f3 poder\u00e3o operar no Brasil se respeitarem as leis do pa\u00eds - Serra FM 87,9","description":"Ap\u00f3s o an\u00fancio de novas regras da Meta (WhatsApp, Facebook e Instagram) por Mark Zuckerberg, o ministro do STF Alexandre de Moraes afirmou que as redes sociais s\u00f3 poder\u00e3o operar no Brasil caso respeitem as leis nacionais. Procuradores confiam no Supremo Tribunal Federal para barrar as mudan\u00e7as no pa\u00eds; caso contr\u00e1rio, as plataformas poder\u00e3o ser","canonical_url":"https:\/\/serrafm879.com.br\/serrafm\/2025\/01\/mores-diz-que-redes-sociais-na-meta-so-poderao-operar-no-brasil-se-respeitarem-as-leis-do-pais\/","robots":"max-image-preview:large","keywords":"","webmasterTools":{"miscellaneous":""},"schema":{"@context":"https:\/\/schema.org","@graph":[{"@type":"BlogPosting","@id":"https:\/\/serrafm879.com.br\/serrafm\/2025\/01\/mores-diz-que-redes-sociais-na-meta-so-poderao-operar-no-brasil-se-respeitarem-as-leis-do-pais\/#blogposting","name":"Mores diz que redes sociais na Meta s\u00f3 poder\u00e3o operar no Brasil se respeitarem as leis do pa\u00eds - Serra FM 87,9","headline":"Mores diz que redes sociais na Meta s\u00f3 poder\u00e3o operar no Brasil se respeitarem as leis do pa\u00eds","author":{"@id":"https:\/\/serrafm879.com.br\/serrafm\/author\/serrafm87\/#author"},"publisher":{"@id":"https:\/\/serrafm879.com.br\/serrafm\/#organization"},"image":{"@type":"ImageObject","url":"https:\/\/serrafm879.com.br\/serrafm\/wp-content\/uploads\/2025\/01\/Captura-de-tela-2025-01-09-124845.png","width":747,"height":468},"datePublished":"2025-01-09T12:50:34-03:00","dateModified":"2025-01-09T12:50:34-03:00","inLanguage":"pt-BR","mainEntityOfPage":{"@id":"https:\/\/serrafm879.com.br\/serrafm\/2025\/01\/mores-diz-que-redes-sociais-na-meta-so-poderao-operar-no-brasil-se-respeitarem-as-leis-do-pais\/#webpage"},"isPartOf":{"@id":"https:\/\/serrafm879.com.br\/serrafm\/2025\/01\/mores-diz-que-redes-sociais-na-meta-so-poderao-operar-no-brasil-se-respeitarem-as-leis-do-pais\/#webpage"},"articleSection":"Brasil"},{"@type":"BreadcrumbList","@id":"https:\/\/serrafm879.com.br\/serrafm\/2025\/01\/mores-diz-que-redes-sociais-na-meta-so-poderao-operar-no-brasil-se-respeitarem-as-leis-do-pais\/#breadcrumblist","itemListElement":[{"@type":"ListItem","@id":"https:\/\/serrafm879.com.br\/serrafm#listItem","position":1,"name":"Home","item":"https:\/\/serrafm879.com.br\/serrafm","nextItem":{"@type":"ListItem","@id":"https:\/\/serrafm879.com.br\/serrafm\/categoria\/brasil\/#listItem","name":"Brasil"}},{"@type":"ListItem","@id":"https:\/\/serrafm879.com.br\/serrafm\/categoria\/brasil\/#listItem","position":2,"name":"Brasil","item":"https:\/\/serrafm879.com.br\/serrafm\/categoria\/brasil\/","nextItem":{"@type":"ListItem","@id":"https:\/\/serrafm879.com.br\/serrafm\/2025\/01\/mores-diz-que-redes-sociais-na-meta-so-poderao-operar-no-brasil-se-respeitarem-as-leis-do-pais\/#listItem","name":"Mores diz que redes sociais na Meta s\u00f3 poder\u00e3o operar no Brasil se respeitarem as leis do pa\u00eds"},"previousItem":{"@type":"ListItem","@id":"https:\/\/serrafm879.com.br\/serrafm#listItem","name":"Home"}},{"@type":"ListItem","@id":"https:\/\/serrafm879.com.br\/serrafm\/2025\/01\/mores-diz-que-redes-sociais-na-meta-so-poderao-operar-no-brasil-se-respeitarem-as-leis-do-pais\/#listItem","position":3,"name":"Mores diz que redes sociais na Meta s\u00f3 poder\u00e3o operar no Brasil se respeitarem as leis do pa\u00eds","previousItem":{"@type":"ListItem","@id":"https:\/\/serrafm879.com.br\/serrafm\/categoria\/brasil\/#listItem","name":"Brasil"}}]},{"@type":"Organization","@id":"https:\/\/serrafm879.com.br\/serrafm\/#organization","name":"Serra FM 87,9","description":"O seu novo amor!","url":"https:\/\/serrafm879.com.br\/serrafm\/"},{"@type":"Person","@id":"https:\/\/serrafm879.com.br\/serrafm\/author\/serrafm87\/#author","url":"https:\/\/serrafm879.com.br\/serrafm\/author\/serrafm87\/","name":"serrafm87","image":{"@type":"ImageObject","@id":"https:\/\/serrafm879.com.br\/serrafm\/2025\/01\/mores-diz-que-redes-sociais-na-meta-so-poderao-operar-no-brasil-se-respeitarem-as-leis-do-pais\/#authorImage","url":"https:\/\/secure.gravatar.com\/avatar\/a743233f1112d34f48bb3dc9559b76eb930bab8b27175856cba6362608736235?s=96&d=mm&r=g","width":96,"height":96,"caption":"serrafm87"}},{"@type":"WebPage","@id":"https:\/\/serrafm879.com.br\/serrafm\/2025\/01\/mores-diz-que-redes-sociais-na-meta-so-poderao-operar-no-brasil-se-respeitarem-as-leis-do-pais\/#webpage","url":"https:\/\/serrafm879.com.br\/serrafm\/2025\/01\/mores-diz-que-redes-sociais-na-meta-so-poderao-operar-no-brasil-se-respeitarem-as-leis-do-pais\/","name":"Mores diz que redes sociais na Meta s\u00f3 poder\u00e3o operar no Brasil se respeitarem as leis do pa\u00eds - Serra FM 87,9","description":"Ap\u00f3s o an\u00fancio de novas regras da Meta (WhatsApp, Facebook e Instagram) por Mark Zuckerberg, o ministro do STF Alexandre de Moraes afirmou que as redes sociais s\u00f3 poder\u00e3o operar no Brasil caso respeitem as leis nacionais. Procuradores confiam no Supremo Tribunal Federal para barrar as mudan\u00e7as no pa\u00eds; caso contr\u00e1rio, as plataformas poder\u00e3o ser","inLanguage":"pt-BR","isPartOf":{"@id":"https:\/\/serrafm879.com.br\/serrafm\/#website"},"breadcrumb":{"@id":"https:\/\/serrafm879.com.br\/serrafm\/2025\/01\/mores-diz-que-redes-sociais-na-meta-so-poderao-operar-no-brasil-se-respeitarem-as-leis-do-pais\/#breadcrumblist"},"author":{"@id":"https:\/\/serrafm879.com.br\/serrafm\/author\/serrafm87\/#author"},"creator":{"@id":"https:\/\/serrafm879.com.br\/serrafm\/author\/serrafm87\/#author"},"image":{"@type":"ImageObject","url":"https:\/\/serrafm879.com.br\/serrafm\/wp-content\/uploads\/2025\/01\/Captura-de-tela-2025-01-09-124845.png","@id":"https:\/\/serrafm879.com.br\/serrafm\/2025\/01\/mores-diz-que-redes-sociais-na-meta-so-poderao-operar-no-brasil-se-respeitarem-as-leis-do-pais\/#mainImage","width":747,"height":468},"primaryImageOfPage":{"@id":"https:\/\/serrafm879.com.br\/serrafm\/2025\/01\/mores-diz-que-redes-sociais-na-meta-so-poderao-operar-no-brasil-se-respeitarem-as-leis-do-pais\/#mainImage"},"datePublished":"2025-01-09T12:50:34-03:00","dateModified":"2025-01-09T12:50:34-03:00"},{"@type":"WebSite","@id":"https:\/\/serrafm879.com.br\/serrafm\/#website","url":"https:\/\/serrafm879.com.br\/serrafm\/","name":"Serra FM 87,9","description":"O seu novo amor!","inLanguage":"pt-BR","publisher":{"@id":"https:\/\/serrafm879.com.br\/serrafm\/#organization"}}]},"twitter:card":"summary_large_image","twitter:title":"Mores diz que redes sociais na Meta s\u00f3 poder\u00e3o operar no Brasil se respeitarem as leis do pa\u00eds - Serra FM 87,9","twitter:description":"Ap\u00f3s o an\u00fancio de novas regras da Meta (WhatsApp, Facebook e Instagram) por Mark Zuckerberg, o ministro do STF Alexandre de Moraes afirmou que as redes sociais s\u00f3 poder\u00e3o operar no Brasil caso respeitem as leis nacionais. Procuradores confiam no Supremo Tribunal Federal para barrar as mudan\u00e7as no pa\u00eds; caso contr\u00e1rio, as plataformas poder\u00e3o ser","twitter:image":"https:\/\/serrafm879.com.br\/serrafm\/wp-content\/uploads\/2025\/01\/Captura-de-tela-2025-01-09-124845.png"},"aioseo_meta_data":{"post_id":"19712","title":null,"description":null,"keywords":null,"keyphrases":null,"primary_term":null,"canonical_url":null,"og_title":null,"og_description":null,"og_object_type":"default","og_image_type":"default","og_image_custom_url":null,"og_image_custom_fields":null,"og_image_url":null,"og_image_width":null,"og_image_height":null,"og_video":null,"og_custom_url":null,"og_article_section":null,"og_article_tags":null,"twitter_use_og":false,"twitter_card":"default","twitter_image_type":"default","twitter_image_custom_url":null,"twitter_image_custom_fields":null,"twitter_image_url":null,"twitter_title":null,"twitter_description":null,"schema_type":"default","schema_type_options":null,"schema":{"blockGraphs":[],"customGraphs":[],"default":{"data":{"Article":[],"Course":[],"Dataset":[],"FAQPage":[],"Movie":[],"Person":[],"Product":[],"ProductReview":[],"Car":[],"Recipe":[],"Service":[],"SoftwareApplication":[],"WebPage":[]},"graphName":"","isEnabled":true},"graphs":[]},"pillar_content":false,"robots_default":true,"robots_noindex":false,"robots_noarchive":false,"robots_nosnippet":false,"robots_nofollow":false,"robots_noimageindex":false,"robots_noodp":false,"robots_notranslate":false,"robots_max_snippet":null,"robots_max_videopreview":null,"robots_max_imagepreview":"large","priority":null,"frequency":null,"local_seo":null,"limit_modified_date":false,"ai":null,"breadcrumb_settings":null,"seo_analyzer_scan_date":null,"created":"2026-07-21 13:03:53","updated":"2026-07-21 13:03:53"},"aioseo_breadcrumb":"<div class=\"aioseo-breadcrumbs\"><span class=\"aioseo-breadcrumb\">\n\t\t\t<a href=\"https:\/\/serrafm879.com.br\/serrafm\" title=\"Home\">Home<\/a>\n\t\t<\/span><span class=\"aioseo-breadcrumb-separator\">&raquo;<\/span><span class=\"aioseo-breadcrumb\">\n\t\t\t<a href=\"https:\/\/serrafm879.com.br\/serrafm\/categoria\/brasil\/\" title=\"Brasil\">Brasil<\/a>\n\t\t<\/span><span class=\"aioseo-breadcrumb-separator\">&raquo;<\/span><span class=\"aioseo-breadcrumb\">\n\t\t\tMores diz que redes sociais na Meta s\u00f3 poder\u00e3o operar no Brasil se respeitarem as leis do pa\u00eds\n\t\t<\/span><\/div>","aioseo_breadcrumb_json":[{"label":"Home","link":"https:\/\/serrafm879.com.br\/serrafm"},{"label":"Brasil","link":"https:\/\/serrafm879.com.br\/serrafm\/categoria\/brasil\/"},{"label":"Mores diz que redes sociais na Meta s\u00f3 poder\u00e3o operar no Brasil se respeitarem as leis do pa\u00eds","link":"https:\/\/serrafm879.com.br\/serrafm\/2025\/01\/mores-diz-que-redes-sociais-na-meta-so-poderao-operar-no-brasil-se-respeitarem-as-leis-do-pais\/"}],"jetpack_publicize_connections":[],"jetpack_featured_media_url":"https:\/\/serrafm879.com.br\/serrafm\/wp-content\/uploads\/2025\/01\/Captura-de-tela-2025-01-09-124845.png","jetpack_shortlink":"https:\/\/wp.me\/p7HyXg-57W","jetpack_sharing_enabled":true,"_links":{"self":[{"href":"https:\/\/serrafm879.com.br\/serrafm\/wp-json\/wp\/v2\/posts\/19712","targetHints":{"allow":["GET"]}}],"collection":[{"href":"https:\/\/serrafm879.com.br\/serrafm\/wp-json\/wp\/v2\/posts"}],"about":[{"href":"https:\/\/serrafm879.com.br\/serrafm\/wp-json\/wp\/v2\/types\/post"}],"author":[{"embeddable":true,"href":"https:\/\/serrafm879.com.br\/serrafm\/wp-json\/wp\/v2\/users\/2"}],"replies":[{"embeddable":true,"href":"https:\/\/serrafm879.com.br\/serrafm\/wp-json\/wp\/v2\/comments?post=19712"}],"version-history":[{"count":1,"href":"https:\/\/serrafm879.com.br\/serrafm\/wp-json\/wp\/v2\/posts\/19712\/revisions"}],"predecessor-version":[{"id":19714,"href":"https:\/\/serrafm879.com.br\/serrafm\/wp-json\/wp\/v2\/posts\/19712\/revisions\/19714"}],"wp:featuredmedia":[{"embeddable":true,"href":"https:\/\/serrafm879.com.br\/serrafm\/wp-json\/wp\/v2\/media\/19713"}],"wp:attachment":[{"href":"https:\/\/serrafm879.com.br\/serrafm\/wp-json\/wp\/v2\/media?parent=19712"}],"wp:term":[{"taxonomy":"category","embeddable":true,"href":"https:\/\/serrafm879.com.br\/serrafm\/wp-json\/wp\/v2\/categories?post=19712"},{"taxonomy":"post_tag","embeddable":true,"href":"https:\/\/serrafm879.com.br\/serrafm\/wp-json\/wp\/v2\/tags?post=19712"}],"curies":[{"name":"wp","href":"https:\/\/api.w.org\/{rel}","templated":true}]}}