{"id":19716,"date":"2025-01-09T14:14:12","date_gmt":"2025-01-09T17:14:12","guid":{"rendered":"https:\/?p=19716"},"modified":"2025-01-09T14:14:12","modified_gmt":"2025-01-09T17:14:12","slug":"acidente-com-vitima-fatal-na-pe-320-entre-os-municipios-de-flores-e-triunfo","status":"publish","type":"post","link":"https:\/\/serrafm879.com.br\/serrafm\/2025\/01\/acidente-com-vitima-fatal-na-pe-320-entre-os-municipios-de-flores-e-triunfo\/","title":{"rendered":"Acidente com v\u00edtima fatal na PE-320 entre os munic\u00edpios de Flores e Triunfo"},"content":{"rendered":"<p>Com informa\u00e7\u00f5es do Blog J\u00fanior Campos<\/p>\n<p class=\"p1\">Um grave acidente ocorrido na PE-320, no trecho entre o Restaurante Boi na Brasa e o Portal de Triunfo, resultou em uma v\u00edtima fatal na tarde desta quinta-feira (9). A v\u00edtima, Ant\u00f4nio, estava em uma motocicleta.<\/p>\n<p><img loading=\"lazy\" decoding=\"async\" data-attachment-id=\"19718\" data-permalink=\"https:\/\/serrafm879.com.br\/serrafm\/2025\/01\/acidente-com-vitima-fatal-na-pe-320-entre-os-municipios-de-flores-e-triunfo\/anotacao-2025-01-09-141346\/\" data-orig-file=\"https:\/\/serrafm879.com.br\/serrafm\/wp-content\/uploads\/2025\/01\/Anotacao-2025-01-09-141346.png\" data-orig-size=\"556,423\" data-comments-opened=\"1\" data-image-meta=\"{&quot;aperture&quot;:&quot;0&quot;,&quot;credit&quot;:&quot;&quot;,&quot;camera&quot;:&quot;&quot;,&quot;caption&quot;:&quot;&quot;,&quot;created_timestamp&quot;:&quot;0&quot;,&quot;copyright&quot;:&quot;&quot;,&quot;focal_length&quot;:&quot;0&quot;,&quot;iso&quot;:&quot;0&quot;,&quot;shutter_speed&quot;:&quot;0&quot;,&quot;title&quot;:&quot;&quot;,&quot;orientation&quot;:&quot;0&quot;}\" data-image-title=\"Anota\u00e7\u00e3o 2025-01-09 141346\" data-image-description=\"\" data-image-caption=\"\" data-large-file=\"https:\/\/serrafm879.com.br\/serrafm\/wp-content\/uploads\/2025\/01\/Anotacao-2025-01-09-141346.png\" class=\"aligncenter size-medium wp-image-19718\" src=\"http:\/\/serrafm879.com.br\/wp-content\/uploads\/2025\/01\/Anotacao-2025-01-09-141346-300x228.png\" alt=\"\" width=\"300\" height=\"228\" srcset=\"https:\/\/serrafm879.com.br\/serrafm\/wp-content\/uploads\/2025\/01\/Anotacao-2025-01-09-141346-300x228.png 300w, https:\/\/serrafm879.com.br\/serrafm\/wp-content\/uploads\/2025\/01\/Anotacao-2025-01-09-141346.png 556w\" sizes=\"auto, (max-width: 300px) 100vw, 300px\" \/><\/p>\n<p class=\"p1\">Ant\u00f4nio era conhecido por participar de atividades culturais no munic\u00edpio de Flores. Ainda h\u00e1 muitas interroga\u00e7\u00f5es sobre as circunst\u00e2ncias do acidente. Segundo informa\u00e7\u00f5es iniciais, ele estava sozinho na pista no momento do ocorrido, mas n\u00e3o se sabe se foi uma colis\u00e3o com outro ve\u00edculo ou se perdeu o controle da motocicleta e caiu.<\/p>\n<p class=\"p1\">A Pol\u00edcia Civil est\u00e1 investigando o caso, e as autoridades competentes continuam colhendo informa\u00e7\u00f5es para esclarecer o que aconteceu.<\/p>\n","protected":false},"excerpt":{"rendered":"<p>Com informa\u00e7\u00f5es do Blog J\u00fanior Campos Um grave acidente ocorrido na PE-320, no trecho entre o Restaurante Boi na Brasa e o Portal de Triunfo, resultou em uma v\u00edtima fatal na tarde desta quinta-feira (9). A v\u00edtima, Ant\u00f4nio, estava em uma motocicleta. Ant\u00f4nio era conhecido por participar de atividades culturais no munic\u00edpio de Flores. Ainda h\u00e1 muitas interroga\u00e7\u00f5es sobre as circunst\u00e2ncias do acidente. Segundo informa\u00e7\u00f5es iniciais, ele estava sozinho na pista no momento do ocorrido, mas n\u00e3o se sabe se foi uma colis\u00e3o com outro ve\u00edculo ou se perdeu o controle da motocicleta e caiu. A Pol\u00edcia Civil est\u00e1 investigando [&hellip;]<\/p>\n","protected":false},"author":2,"featured_media":19717,"comment_status":"open","ping_status":"open","sticky":false,"template":"","format":"standard","meta":{"_jetpack_newsletter_access":"","_jetpack_dont_email_post_to_subs":false,"_jetpack_newsletter_tier_id":0,"_jetpack_memberships_contains_paywalled_content":false,"_jetpack_feature_clip_id":0,"_jetpack_memberships_contains_paid_content":false,"footnotes":"","jetpack_publicize_message":"","jetpack_publicize_feature_enabled":true,"jetpack_social_post_already_shared":true,"jetpack_social_options":{"image_generator_settings":{"template":"highway","default_image_id":0,"font":"","enabled":false},"version":2},"jetpack_post_was_ever_published":false},"categories":[1],"tags":[],"class_list":["post-19716","post","type-post","status-publish","format-standard","has-post-thumbnail","hentry","category-uncategorized"],"aioseo_notices":[],"aioseo_head":"\n\t\t<!-- All in One SEO 4.9.10 - aioseo.com -->\n\t<meta name=\"description\" content=\"Com informa\u00e7\u00f5es do Blog J\u00fanior Campos Um grave acidente ocorrido na PE-320, no trecho entre o Restaurante Boi na Brasa e o Portal de Triunfo, resultou em uma v\u00edtima fatal na tarde desta quinta-feira (9). A v\u00edtima, Ant\u00f4nio, estava em uma motocicleta. Ant\u00f4nio era conhecido por participar de atividades culturais no munic\u00edpio de Flores. Ainda\" \/>\n\t<meta name=\"robots\" content=\"max-image-preview:large\" \/>\n\t<meta name=\"author\" content=\"serrafm87\"\/>\n\t<link rel=\"canonical\" href=\"https:\/\/serrafm879.com.br\/serrafm\/2025\/01\/acidente-com-vitima-fatal-na-pe-320-entre-os-municipios-de-flores-e-triunfo\/\" \/>\n\t<meta name=\"generator\" content=\"All in One SEO (AIOSEO) 4.9.10\" \/>\n\t\t<meta name=\"twitter:card\" content=\"summary_large_image\" \/>\n\t\t<meta name=\"twitter:title\" content=\"Acidente com v\u00edtima fatal na PE-320 entre os munic\u00edpios de Flores e Triunfo - Serra FM 87,9\" \/>\n\t\t<meta name=\"twitter:description\" content=\"Com informa\u00e7\u00f5es do Blog J\u00fanior Campos Um grave acidente ocorrido na PE-320, no trecho entre o Restaurante Boi na Brasa e o Portal de Triunfo, resultou em uma v\u00edtima fatal na tarde desta quinta-feira (9). A v\u00edtima, Ant\u00f4nio, estava em uma motocicleta. Ant\u00f4nio era conhecido por participar de atividades culturais no munic\u00edpio de Flores. Ainda\" \/>\n\t\t<meta name=\"twitter:image\" content=\"https:\/\/serrafm879.com.br\/serrafm\/wp-content\/uploads\/2025\/01\/WhatsApp-Image-2025-01-09-at-14.11.07.jpeg\" \/>\n\t\t<script type=\"application\/ld+json\" class=\"aioseo-schema\">\n\t\t\t{\"@context\":\"https:\\\/\\\/schema.org\",\"@graph\":[{\"@type\":\"BlogPosting\",\"@id\":\"https:\\\/\\\/serrafm879.com.br\\\/serrafm\\\/2025\\\/01\\\/acidente-com-vitima-fatal-na-pe-320-entre-os-municipios-de-flores-e-triunfo\\\/#blogposting\",\"name\":\"Acidente com v\\u00edtima fatal na PE-320 entre os munic\\u00edpios de Flores e Triunfo - Serra FM 87,9\",\"headline\":\"Acidente com v\\u00edtima fatal na PE-320 entre os munic\\u00edpios de Flores e Triunfo\",\"author\":{\"@id\":\"https:\\\/\\\/serrafm879.com.br\\\/serrafm\\\/author\\\/serrafm87\\\/#author\"},\"publisher\":{\"@id\":\"https:\\\/\\\/serrafm879.com.br\\\/serrafm\\\/#organization\"},\"image\":{\"@type\":\"ImageObject\",\"url\":\"https:\\\/\\\/serrafm879.com.br\\\/serrafm\\\/wp-content\\\/uploads\\\/2025\\\/01\\\/WhatsApp-Image-2025-01-09-at-14.11.07.jpeg\",\"width\":1080,\"height\":867},\"datePublished\":\"2025-01-09T14:14:12-03:00\",\"dateModified\":\"2025-01-09T14:14:12-03:00\",\"inLanguage\":\"pt-BR\",\"mainEntityOfPage\":{\"@id\":\"https:\\\/\\\/serrafm879.com.br\\\/serrafm\\\/2025\\\/01\\\/acidente-com-vitima-fatal-na-pe-320-entre-os-municipios-de-flores-e-triunfo\\\/#webpage\"},\"isPartOf\":{\"@id\":\"https:\\\/\\\/serrafm879.com.br\\\/serrafm\\\/2025\\\/01\\\/acidente-com-vitima-fatal-na-pe-320-entre-os-municipios-de-flores-e-triunfo\\\/#webpage\"},\"articleSection\":\"Uncategorized\"},{\"@type\":\"BreadcrumbList\",\"@id\":\"https:\\\/\\\/serrafm879.com.br\\\/serrafm\\\/2025\\\/01\\\/acidente-com-vitima-fatal-na-pe-320-entre-os-municipios-de-flores-e-triunfo\\\/#breadcrumblist\",\"itemListElement\":[{\"@type\":\"ListItem\",\"@id\":\"https:\\\/\\\/serrafm879.com.br\\\/serrafm#listItem\",\"position\":1,\"name\":\"Home\",\"item\":\"https:\\\/\\\/serrafm879.com.br\\\/serrafm\",\"nextItem\":{\"@type\":\"ListItem\",\"@id\":\"https:\\\/\\\/serrafm879.com.br\\\/serrafm\\\/categoria\\\/uncategorized\\\/#listItem\",\"name\":\"Uncategorized\"}},{\"@type\":\"ListItem\",\"@id\":\"https:\\\/\\\/serrafm879.com.br\\\/serrafm\\\/categoria\\\/uncategorized\\\/#listItem\",\"position\":2,\"name\":\"Uncategorized\",\"item\":\"https:\\\/\\\/serrafm879.com.br\\\/serrafm\\\/categoria\\\/uncategorized\\\/\",\"nextItem\":{\"@type\":\"ListItem\",\"@id\":\"https:\\\/\\\/serrafm879.com.br\\\/serrafm\\\/2025\\\/01\\\/acidente-com-vitima-fatal-na-pe-320-entre-os-municipios-de-flores-e-triunfo\\\/#listItem\",\"name\":\"Acidente com v\\u00edtima fatal na PE-320 entre os munic\\u00edpios de Flores e Triunfo\"},\"previousItem\":{\"@type\":\"ListItem\",\"@id\":\"https:\\\/\\\/serrafm879.com.br\\\/serrafm#listItem\",\"name\":\"Home\"}},{\"@type\":\"ListItem\",\"@id\":\"https:\\\/\\\/serrafm879.com.br\\\/serrafm\\\/2025\\\/01\\\/acidente-com-vitima-fatal-na-pe-320-entre-os-municipios-de-flores-e-triunfo\\\/#listItem\",\"position\":3,\"name\":\"Acidente com v\\u00edtima fatal na PE-320 entre os munic\\u00edpios de Flores e Triunfo\",\"previousItem\":{\"@type\":\"ListItem\",\"@id\":\"https:\\\/\\\/serrafm879.com.br\\\/serrafm\\\/categoria\\\/uncategorized\\\/#listItem\",\"name\":\"Uncategorized\"}}]},{\"@type\":\"Organization\",\"@id\":\"https:\\\/\\\/serrafm879.com.br\\\/serrafm\\\/#organization\",\"name\":\"Serra FM 87,9\",\"description\":\"O seu novo amor!\",\"url\":\"https:\\\/\\\/serrafm879.com.br\\\/serrafm\\\/\"},{\"@type\":\"Person\",\"@id\":\"https:\\\/\\\/serrafm879.com.br\\\/serrafm\\\/author\\\/serrafm87\\\/#author\",\"url\":\"https:\\\/\\\/serrafm879.com.br\\\/serrafm\\\/author\\\/serrafm87\\\/\",\"name\":\"serrafm87\",\"image\":{\"@type\":\"ImageObject\",\"@id\":\"https:\\\/\\\/serrafm879.com.br\\\/serrafm\\\/2025\\\/01\\\/acidente-com-vitima-fatal-na-pe-320-entre-os-municipios-de-flores-e-triunfo\\\/#authorImage\",\"url\":\"https:\\\/\\\/secure.gravatar.com\\\/avatar\\\/a743233f1112d34f48bb3dc9559b76eb930bab8b27175856cba6362608736235?s=96&d=mm&r=g\",\"width\":96,\"height\":96,\"caption\":\"serrafm87\"}},{\"@type\":\"WebPage\",\"@id\":\"https:\\\/\\\/serrafm879.com.br\\\/serrafm\\\/2025\\\/01\\\/acidente-com-vitima-fatal-na-pe-320-entre-os-municipios-de-flores-e-triunfo\\\/#webpage\",\"url\":\"https:\\\/\\\/serrafm879.com.br\\\/serrafm\\\/2025\\\/01\\\/acidente-com-vitima-fatal-na-pe-320-entre-os-municipios-de-flores-e-triunfo\\\/\",\"name\":\"Acidente com v\\u00edtima fatal na PE-320 entre os munic\\u00edpios de Flores e Triunfo - Serra FM 87,9\",\"description\":\"Com informa\\u00e7\\u00f5es do Blog J\\u00fanior Campos Um grave acidente ocorrido na PE-320, no trecho entre o Restaurante Boi na Brasa e o Portal de Triunfo, resultou em uma v\\u00edtima fatal na tarde desta quinta-feira (9). A v\\u00edtima, Ant\\u00f4nio, estava em uma motocicleta. Ant\\u00f4nio era conhecido por participar de atividades culturais no munic\\u00edpio de Flores. Ainda\",\"inLanguage\":\"pt-BR\",\"isPartOf\":{\"@id\":\"https:\\\/\\\/serrafm879.com.br\\\/serrafm\\\/#website\"},\"breadcrumb\":{\"@id\":\"https:\\\/\\\/serrafm879.com.br\\\/serrafm\\\/2025\\\/01\\\/acidente-com-vitima-fatal-na-pe-320-entre-os-municipios-de-flores-e-triunfo\\\/#breadcrumblist\"},\"author\":{\"@id\":\"https:\\\/\\\/serrafm879.com.br\\\/serrafm\\\/author\\\/serrafm87\\\/#author\"},\"creator\":{\"@id\":\"https:\\\/\\\/serrafm879.com.br\\\/serrafm\\\/author\\\/serrafm87\\\/#author\"},\"image\":{\"@type\":\"ImageObject\",\"url\":\"https:\\\/\\\/serrafm879.com.br\\\/serrafm\\\/wp-content\\\/uploads\\\/2025\\\/01\\\/WhatsApp-Image-2025-01-09-at-14.11.07.jpeg\",\"@id\":\"https:\\\/\\\/serrafm879.com.br\\\/serrafm\\\/2025\\\/01\\\/acidente-com-vitima-fatal-na-pe-320-entre-os-municipios-de-flores-e-triunfo\\\/#mainImage\",\"width\":1080,\"height\":867},\"primaryImageOfPage\":{\"@id\":\"https:\\\/\\\/serrafm879.com.br\\\/serrafm\\\/2025\\\/01\\\/acidente-com-vitima-fatal-na-pe-320-entre-os-municipios-de-flores-e-triunfo\\\/#mainImage\"},\"datePublished\":\"2025-01-09T14:14:12-03:00\",\"dateModified\":\"2025-01-09T14:14:12-03:00\"},{\"@type\":\"WebSite\",\"@id\":\"https:\\\/\\\/serrafm879.com.br\\\/serrafm\\\/#website\",\"url\":\"https:\\\/\\\/serrafm879.com.br\\\/serrafm\\\/\",\"name\":\"Serra FM 87,9\",\"description\":\"O seu novo amor!\",\"inLanguage\":\"pt-BR\",\"publisher\":{\"@id\":\"https:\\\/\\\/serrafm879.com.br\\\/serrafm\\\/#organization\"}}]}\n\t\t<\/script>\n\t\t<!-- All in One SEO -->\n\n","aioseo_head_json":{"title":"Acidente com v\u00edtima fatal na PE-320 entre os munic\u00edpios de Flores e Triunfo - Serra FM 87,9","description":"Com informa\u00e7\u00f5es do Blog J\u00fanior Campos Um grave acidente ocorrido na PE-320, no trecho entre o Restaurante Boi na Brasa e o Portal de Triunfo, resultou em uma v\u00edtima fatal na tarde desta quinta-feira (9). A v\u00edtima, Ant\u00f4nio, estava em uma motocicleta. Ant\u00f4nio era conhecido por participar de atividades culturais no munic\u00edpio de Flores. Ainda","canonical_url":"https:\/\/serrafm879.com.br\/serrafm\/2025\/01\/acidente-com-vitima-fatal-na-pe-320-entre-os-municipios-de-flores-e-triunfo\/","robots":"max-image-preview:large","keywords":"","webmasterTools":{"miscellaneous":""},"schema":{"@context":"https:\/\/schema.org","@graph":[{"@type":"BlogPosting","@id":"https:\/\/serrafm879.com.br\/serrafm\/2025\/01\/acidente-com-vitima-fatal-na-pe-320-entre-os-municipios-de-flores-e-triunfo\/#blogposting","name":"Acidente com v\u00edtima fatal na PE-320 entre os munic\u00edpios de Flores e Triunfo - Serra FM 87,9","headline":"Acidente com v\u00edtima fatal na PE-320 entre os munic\u00edpios de Flores e Triunfo","author":{"@id":"https:\/\/serrafm879.com.br\/serrafm\/author\/serrafm87\/#author"},"publisher":{"@id":"https:\/\/serrafm879.com.br\/serrafm\/#organization"},"image":{"@type":"ImageObject","url":"https:\/\/serrafm879.com.br\/serrafm\/wp-content\/uploads\/2025\/01\/WhatsApp-Image-2025-01-09-at-14.11.07.jpeg","width":1080,"height":867},"datePublished":"2025-01-09T14:14:12-03:00","dateModified":"2025-01-09T14:14:12-03:00","inLanguage":"pt-BR","mainEntityOfPage":{"@id":"https:\/\/serrafm879.com.br\/serrafm\/2025\/01\/acidente-com-vitima-fatal-na-pe-320-entre-os-municipios-de-flores-e-triunfo\/#webpage"},"isPartOf":{"@id":"https:\/\/serrafm879.com.br\/serrafm\/2025\/01\/acidente-com-vitima-fatal-na-pe-320-entre-os-municipios-de-flores-e-triunfo\/#webpage"},"articleSection":"Uncategorized"},{"@type":"BreadcrumbList","@id":"https:\/\/serrafm879.com.br\/serrafm\/2025\/01\/acidente-com-vitima-fatal-na-pe-320-entre-os-municipios-de-flores-e-triunfo\/#breadcrumblist","itemListElement":[{"@type":"ListItem","@id":"https:\/\/serrafm879.com.br\/serrafm#listItem","position":1,"name":"Home","item":"https:\/\/serrafm879.com.br\/serrafm","nextItem":{"@type":"ListItem","@id":"https:\/\/serrafm879.com.br\/serrafm\/categoria\/uncategorized\/#listItem","name":"Uncategorized"}},{"@type":"ListItem","@id":"https:\/\/serrafm879.com.br\/serrafm\/categoria\/uncategorized\/#listItem","position":2,"name":"Uncategorized","item":"https:\/\/serrafm879.com.br\/serrafm\/categoria\/uncategorized\/","nextItem":{"@type":"ListItem","@id":"https:\/\/serrafm879.com.br\/serrafm\/2025\/01\/acidente-com-vitima-fatal-na-pe-320-entre-os-municipios-de-flores-e-triunfo\/#listItem","name":"Acidente com v\u00edtima fatal na PE-320 entre os munic\u00edpios de Flores e Triunfo"},"previousItem":{"@type":"ListItem","@id":"https:\/\/serrafm879.com.br\/serrafm#listItem","name":"Home"}},{"@type":"ListItem","@id":"https:\/\/serrafm879.com.br\/serrafm\/2025\/01\/acidente-com-vitima-fatal-na-pe-320-entre-os-municipios-de-flores-e-triunfo\/#listItem","position":3,"name":"Acidente com v\u00edtima fatal na PE-320 entre os munic\u00edpios de Flores e Triunfo","previousItem":{"@type":"ListItem","@id":"https:\/\/serrafm879.com.br\/serrafm\/categoria\/uncategorized\/#listItem","name":"Uncategorized"}}]},{"@type":"Organization","@id":"https:\/\/serrafm879.com.br\/serrafm\/#organization","name":"Serra FM 87,9","description":"O seu novo amor!","url":"https:\/\/serrafm879.com.br\/serrafm\/"},{"@type":"Person","@id":"https:\/\/serrafm879.com.br\/serrafm\/author\/serrafm87\/#author","url":"https:\/\/serrafm879.com.br\/serrafm\/author\/serrafm87\/","name":"serrafm87","image":{"@type":"ImageObject","@id":"https:\/\/serrafm879.com.br\/serrafm\/2025\/01\/acidente-com-vitima-fatal-na-pe-320-entre-os-municipios-de-flores-e-triunfo\/#authorImage","url":"https:\/\/secure.gravatar.com\/avatar\/a743233f1112d34f48bb3dc9559b76eb930bab8b27175856cba6362608736235?s=96&d=mm&r=g","width":96,"height":96,"caption":"serrafm87"}},{"@type":"WebPage","@id":"https:\/\/serrafm879.com.br\/serrafm\/2025\/01\/acidente-com-vitima-fatal-na-pe-320-entre-os-municipios-de-flores-e-triunfo\/#webpage","url":"https:\/\/serrafm879.com.br\/serrafm\/2025\/01\/acidente-com-vitima-fatal-na-pe-320-entre-os-municipios-de-flores-e-triunfo\/","name":"Acidente com v\u00edtima fatal na PE-320 entre os munic\u00edpios de Flores e Triunfo - Serra FM 87,9","description":"Com informa\u00e7\u00f5es do Blog J\u00fanior Campos Um grave acidente ocorrido na PE-320, no trecho entre o Restaurante Boi na Brasa e o Portal de Triunfo, resultou em uma v\u00edtima fatal na tarde desta quinta-feira (9). A v\u00edtima, Ant\u00f4nio, estava em uma motocicleta. Ant\u00f4nio era conhecido por participar de atividades culturais no munic\u00edpio de Flores. Ainda","inLanguage":"pt-BR","isPartOf":{"@id":"https:\/\/serrafm879.com.br\/serrafm\/#website"},"breadcrumb":{"@id":"https:\/\/serrafm879.com.br\/serrafm\/2025\/01\/acidente-com-vitima-fatal-na-pe-320-entre-os-municipios-de-flores-e-triunfo\/#breadcrumblist"},"author":{"@id":"https:\/\/serrafm879.com.br\/serrafm\/author\/serrafm87\/#author"},"creator":{"@id":"https:\/\/serrafm879.com.br\/serrafm\/author\/serrafm87\/#author"},"image":{"@type":"ImageObject","url":"https:\/\/serrafm879.com.br\/serrafm\/wp-content\/uploads\/2025\/01\/WhatsApp-Image-2025-01-09-at-14.11.07.jpeg","@id":"https:\/\/serrafm879.com.br\/serrafm\/2025\/01\/acidente-com-vitima-fatal-na-pe-320-entre-os-municipios-de-flores-e-triunfo\/#mainImage","width":1080,"height":867},"primaryImageOfPage":{"@id":"https:\/\/serrafm879.com.br\/serrafm\/2025\/01\/acidente-com-vitima-fatal-na-pe-320-entre-os-municipios-de-flores-e-triunfo\/#mainImage"},"datePublished":"2025-01-09T14:14:12-03:00","dateModified":"2025-01-09T14:14:12-03:00"},{"@type":"WebSite","@id":"https:\/\/serrafm879.com.br\/serrafm\/#website","url":"https:\/\/serrafm879.com.br\/serrafm\/","name":"Serra FM 87,9","description":"O seu novo amor!","inLanguage":"pt-BR","publisher":{"@id":"https:\/\/serrafm879.com.br\/serrafm\/#organization"}}]},"twitter:card":"summary_large_image","twitter:title":"Acidente com v\u00edtima fatal na PE-320 entre os munic\u00edpios de Flores e Triunfo - Serra FM 87,9","twitter:description":"Com informa\u00e7\u00f5es do Blog J\u00fanior Campos Um grave acidente ocorrido na PE-320, no trecho entre o Restaurante Boi na Brasa e o Portal de Triunfo, resultou em uma v\u00edtima fatal na tarde desta quinta-feira (9). A v\u00edtima, Ant\u00f4nio, estava em uma motocicleta. Ant\u00f4nio era conhecido por participar de atividades culturais no munic\u00edpio de Flores. Ainda","twitter:image":"https:\/\/serrafm879.com.br\/serrafm\/wp-content\/uploads\/2025\/01\/WhatsApp-Image-2025-01-09-at-14.11.07.jpeg"},"aioseo_meta_data":{"post_id":"19716","title":null,"description":null,"keywords":null,"keyphrases":null,"primary_term":null,"canonical_url":null,"og_title":null,"og_description":null,"og_object_type":"default","og_image_type":"default","og_image_custom_url":null,"og_image_custom_fields":null,"og_image_url":null,"og_image_width":null,"og_image_height":null,"og_video":null,"og_custom_url":null,"og_article_section":null,"og_article_tags":null,"twitter_use_og":false,"twitter_card":"default","twitter_image_type":"default","twitter_image_custom_url":null,"twitter_image_custom_fields":null,"twitter_image_url":null,"twitter_title":null,"twitter_description":null,"schema_type":"default","schema_type_options":null,"schema":{"blockGraphs":[],"customGraphs":[],"default":{"data":{"Article":[],"Course":[],"Dataset":[],"FAQPage":[],"Movie":[],"Person":[],"Product":[],"ProductReview":[],"Car":[],"Recipe":[],"Service":[],"SoftwareApplication":[],"WebPage":[]},"graphName":"","isEnabled":true},"graphs":[]},"pillar_content":false,"robots_default":true,"robots_noindex":false,"robots_noarchive":false,"robots_nosnippet":false,"robots_nofollow":false,"robots_noimageindex":false,"robots_noodp":false,"robots_notranslate":false,"robots_max_snippet":null,"robots_max_videopreview":null,"robots_max_imagepreview":"large","priority":null,"frequency":null,"local_seo":null,"limit_modified_date":false,"ai":null,"breadcrumb_settings":null,"seo_analyzer_scan_date":null,"created":"2026-07-21 13:03:53","updated":"2026-07-21 13:03:53"},"aioseo_breadcrumb":"<div class=\"aioseo-breadcrumbs\"><span class=\"aioseo-breadcrumb\">\n\t\t\t<a href=\"https:\/\/serrafm879.com.br\/serrafm\" title=\"Home\">Home<\/a>\n\t\t<\/span><span class=\"aioseo-breadcrumb-separator\">&raquo;<\/span><span class=\"aioseo-breadcrumb\">\n\t\t\t<a href=\"https:\/\/serrafm879.com.br\/serrafm\/categoria\/uncategorized\/\" title=\"Uncategorized\">Uncategorized<\/a>\n\t\t<\/span><span class=\"aioseo-breadcrumb-separator\">&raquo;<\/span><span class=\"aioseo-breadcrumb\">\n\t\t\tAcidente com v\u00edtima fatal na PE-320 entre os munic\u00edpios de Flores e Triunfo\n\t\t<\/span><\/div>","aioseo_breadcrumb_json":[{"label":"Home","link":"https:\/\/serrafm879.com.br\/serrafm"},{"label":"Uncategorized","link":"https:\/\/serrafm879.com.br\/serrafm\/categoria\/uncategorized\/"},{"label":"Acidente com v\u00edtima fatal na PE-320 entre os munic\u00edpios de Flores e Triunfo","link":"https:\/\/serrafm879.com.br\/serrafm\/2025\/01\/acidente-com-vitima-fatal-na-pe-320-entre-os-municipios-de-flores-e-triunfo\/"}],"jetpack_publicize_connections":[],"jetpack_featured_media_url":"https:\/\/serrafm879.com.br\/serrafm\/wp-content\/uploads\/2025\/01\/WhatsApp-Image-2025-01-09-at-14.11.07.jpeg","jetpack_shortlink":"https:\/\/wp.me\/p7HyXg-580","jetpack_sharing_enabled":true,"_links":{"self":[{"href":"https:\/\/serrafm879.com.br\/serrafm\/wp-json\/wp\/v2\/posts\/19716","targetHints":{"allow":["GET"]}}],"collection":[{"href":"https:\/\/serrafm879.com.br\/serrafm\/wp-json\/wp\/v2\/posts"}],"about":[{"href":"https:\/\/serrafm879.com.br\/serrafm\/wp-json\/wp\/v2\/types\/post"}],"author":[{"embeddable":true,"href":"https:\/\/serrafm879.com.br\/serrafm\/wp-json\/wp\/v2\/users\/2"}],"replies":[{"embeddable":true,"href":"https:\/\/serrafm879.com.br\/serrafm\/wp-json\/wp\/v2\/comments?post=19716"}],"version-history":[{"count":1,"href":"https:\/\/serrafm879.com.br\/serrafm\/wp-json\/wp\/v2\/posts\/19716\/revisions"}],"predecessor-version":[{"id":19719,"href":"https:\/\/serrafm879.com.br\/serrafm\/wp-json\/wp\/v2\/posts\/19716\/revisions\/19719"}],"wp:featuredmedia":[{"embeddable":true,"href":"https:\/\/serrafm879.com.br\/serrafm\/wp-json\/wp\/v2\/media\/19717"}],"wp:attachment":[{"href":"https:\/\/serrafm879.com.br\/serrafm\/wp-json\/wp\/v2\/media?parent=19716"}],"wp:term":[{"taxonomy":"category","embeddable":true,"href":"https:\/\/serrafm879.com.br\/serrafm\/wp-json\/wp\/v2\/categories?post=19716"},{"taxonomy":"post_tag","embeddable":true,"href":"https:\/\/serrafm879.com.br\/serrafm\/wp-json\/wp\/v2\/tags?post=19716"}],"curies":[{"name":"wp","href":"https:\/\/api.w.org\/{rel}","templated":true}]}}