{"id":19729,"date":"2025-01-09T21:58:56","date_gmt":"2025-01-10T00:58:56","guid":{"rendered":"https:\/?p=19729"},"modified":"2025-01-09T21:58:56","modified_gmt":"2025-01-10T00:58:56","slug":"normas-da-meta-que-permitem-preconceitos-sao-publicadas-em-portugues","status":"publish","type":"post","link":"https:\/\/serrafm879.com.br\/serrafm\/2025\/01\/normas-da-meta-que-permitem-preconceitos-sao-publicadas-em-portugues\/","title":{"rendered":"Normas da Meta que permitem preconceitos s\u00e3o publicadas em portugu\u00eas"},"content":{"rendered":"<p>Dona das redes sociais\u00a0<em>Instagram<\/em>,\u00a0<em>Facebook<\/em>\u00a0e\u00a0<em>Threads<\/em>, al\u00e9m do aplicativo de mensagens\u00a0<em>Whatsapp<\/em>, a empresa Meta atualizou, nesta quinta-feira (9), tamb\u00e9m para a l\u00edngua portuguesa, as novas regras para eventuais exclus\u00f5es de postagens, no item Padr\u00f5es da comunidade\/Conduta de \u00d3dio. Um texto com as normas, divulgado no \u00faltimo dia 7 em ingl\u00eas, trouxe a permiss\u00e3o de publica\u00e7\u00f5es preconceituosas.\u00a0<a href=\"https:\/\/transparency.meta.com\/pt-br\/policies\/community-standards\/hate-speech\/\" target=\"_blank\" rel=\"noopener\">Confira a p\u00e1gina<\/a>.<img decoding=\"async\" src=\"https:\/\/agenciabrasil.ebc.com.br\/ebc.png?id=1626436&amp;o=node\" \/><img decoding=\"async\" src=\"https:\/\/agenciabrasil.ebc.com.br\/ebc.gif?id=1626436&amp;o=node\" \/><\/p>\n<p>A empresa informou, por exemplo, que permite \u201calega\u00e7\u00f5es de doen\u00e7a mental ou anormalidade quando baseadas em g\u00eanero ou orienta\u00e7\u00e3o sexual, considerando discursos pol\u00edticos e religiosos sobre transgenerismo e homossexualidade, bem como o uso comum e n\u00e3o literal de termos como esquisito&#8221;.<\/p>\n<h2>Cren\u00e7as religiosas<\/h2>\n<p>Al\u00e9m desse trecho, h\u00e1 outras permiss\u00f5es preconceituosas relacionadas a padr\u00f5es de g\u00eanero, como a de conte\u00fados que defendem limita\u00e7\u00f5es baseadas em g\u00eanero para empregos militares, policiais e de ensino. \u201cTamb\u00e9m permitimos conte\u00fado similar relacionado \u00e0 orienta\u00e7\u00e3o sexual, desde que fundamentado em cren\u00e7as religiosas\u201d detalhou a empresa.<\/p>\n<p>Ainda sobre o tema, a Meta considera que as pessoas usam \u201clinguagem espec\u00edfica de sexo ou g\u00eanero\u201d para discuss\u00e3o sobre o acesso a espa\u00e7os como banheiros, escolas, cargos militares, policiais ou de ensino, al\u00e9m de grupos de sa\u00fade ou apoio.<\/p>\n<h2>No contexto das separa\u00e7\u00f5es<\/h2>\n<p>O texto ainda aborda que h\u00e1 solicita\u00e7\u00f5es de exclus\u00e3o ou uso de linguagem ofensiva ao abordar t\u00f3picos pol\u00edticos ou religiosos, como direitos de pessoas transg\u00eanero, imigra\u00e7\u00e3o ou homossexualidade.<\/p>\n<p>\u201cTamb\u00e9m \u00e9 comum que xingamentos a um g\u00eanero ocorram no contexto de separa\u00e7\u00f5es amorosas. Nossas pol\u00edticas foram criadas para dar espa\u00e7o a esses tipos de discurso\u201d, destacou a Meta.<\/p>\n<p>Na introdu\u00e7\u00e3o, ela defende que reconhece que as pessoas podem compartilhar conte\u00fados que incluem cal\u00fanias ou discurso de outra pessoa para condenar o discurso ou denunci\u00e1-lo.<\/p>\n<p>\u201cEm outros casos, discursos, incluindo cal\u00fanias que poderiam violar nossos padr\u00f5es s\u00e3o usados de forma auto referencial ou empoderadora. Permitimos esse tipo de discurso quando a inten\u00e7\u00e3o da pessoa est\u00e1 claramente definida\u201d especificou, explicando, a seguir, que, se a inten\u00e7\u00e3o n\u00e3o estiver clara, poder\u00e1 remover o conte\u00fado.<\/p>\n<h2>Se for s\u00e1tira&#8230;<\/h2>\n<p>Ao final, o texto sinaliza que, em \u201ccertos casos\u201d, pode permitir conte\u00fado que possa n\u00e3o seguir os \u201cPadr\u00f5es da Comunidade\u201d, se tiver como objetivo a ironia. \u201cO conte\u00fado s\u00f3 ser\u00e1 permitido se os elementos violadores dele forem s\u00e1tiras ou atribu\u00eddos a algo ou algu\u00e9m com o objetivo de zombar ou criticar\u201d, assinala.<\/p>\n<p>As mudan\u00e7as da Meta atendem exig\u00eancias do presidente eleito dos Estados Unidos (EUA), Donald Trump, em rela\u00e7\u00e3o ao funcionamento das redes sociais. O dono da Meta, Mark Zuckerberg, afirmou, ainda, que ir\u00e1 se aliar a Trump contra pa\u00edses que criam regras para o funcionamento das plataformas.<\/p>\n<h2>&#8220;Brasil n\u00e3o \u00e9 terra sem lei&#8221;<\/h2>\n<p>As normas da Meta, desde a sua divulga\u00e7\u00e3o, t\u00eam sido criticadas pelos poderes p\u00fablicos e entidades civis.<\/p>\n<p>O presidente Lula, por exemplo, afirmou nesta quinta-feira (9) que far\u00e1 uma reuni\u00e3o para discutir as novas regras anunciadas pela multinacional Meta.<\/p>\n<p>&#8220;O que n\u00f3s queremos, na verdade, \u00e9 que cada pa\u00eds tenha sua soberania resguardada. N\u00e3o pode um cidad\u00e3o, n\u00e3o podem dois cidad\u00e3os, n\u00e3o podem tr\u00eas cidad\u00e3os achar que podem ferir a soberania de uma na\u00e7\u00e3o&#8221;, disse Lula nesta quinta-feira (9).<\/p>\n<p>A Advocacia-Geral da Uni\u00e3o (AGU), inclusive, manifestou que o Brasil n\u00e3o \u00e9 \u201cterra sem lei\u201d e que ir\u00e1 agir contra as mudan\u00e7as na pol\u00edtica de modera\u00e7\u00e3o de conte\u00fado das redes sociais da Meta a partir do momento que elas afetem a democracia ou violem as leis brasileiras.<\/p>\n<p>A Associa\u00e7\u00e3o Nacional de Travestis e Transexuais (Antra) protocolou representa\u00e7\u00e3o no Minist\u00e9rio P\u00fablico Federal (MPF) contra a Meta. \u201cO estado brasileiro precisa dar respostas contundentes a essa situa\u00e7\u00e3o! Inadmiss\u00edvel que isso ocorra quando temos leis que nos protegem!\u201d, assinalou.<\/p>\n<p>Fonte: Ag\u00eancia Brasil<\/p>\n","protected":false},"excerpt":{"rendered":"<p>Dona das redes sociais\u00a0Instagram,\u00a0Facebook\u00a0e\u00a0Threads, al\u00e9m do aplicativo de mensagens\u00a0Whatsapp, a empresa Meta atualizou, nesta quinta-feira (9), tamb\u00e9m para a l\u00edngua portuguesa, as novas regras para eventuais exclus\u00f5es de postagens, no item Padr\u00f5es da comunidade\/Conduta de \u00d3dio. Um texto com as normas, divulgado no \u00faltimo dia 7 em ingl\u00eas, trouxe a permiss\u00e3o de publica\u00e7\u00f5es preconceituosas.\u00a0Confira a p\u00e1gina. A empresa informou, por exemplo, que permite \u201calega\u00e7\u00f5es de doen\u00e7a mental ou anormalidade quando baseadas em g\u00eanero ou orienta\u00e7\u00e3o sexual, considerando discursos pol\u00edticos e religiosos sobre transgenerismo e homossexualidade, bem como o uso comum e n\u00e3o literal de termos como esquisito&#8221;. Cren\u00e7as religiosas Al\u00e9m [&hellip;]<\/p>\n","protected":false},"author":2,"featured_media":19730,"comment_status":"open","ping_status":"open","sticky":false,"template":"","format":"standard","meta":{"_jetpack_newsletter_access":"","_jetpack_dont_email_post_to_subs":false,"_jetpack_newsletter_tier_id":0,"_jetpack_memberships_contains_paywalled_content":false,"_jetpack_feature_clip_id":0,"_jetpack_memberships_contains_paid_content":false,"footnotes":"","jetpack_publicize_message":"","jetpack_publicize_feature_enabled":true,"jetpack_social_post_already_shared":true,"jetpack_social_options":{"image_generator_settings":{"template":"highway","default_image_id":0,"font":"","enabled":false},"version":2},"jetpack_post_was_ever_published":false},"categories":[2],"tags":[],"class_list":["post-19729","post","type-post","status-publish","format-standard","has-post-thumbnail","hentry","category-noticias"],"aioseo_notices":[],"aioseo_head":"\n\t\t<!-- All in One SEO 4.9.10 - aioseo.com -->\n\t<meta name=\"description\" content=\"Dona das redes sociais Instagram, Facebook e Threads, al\u00e9m do aplicativo de mensagens Whatsapp, a empresa Meta atualizou, nesta quinta-feira (9), tamb\u00e9m para a l\u00edngua portuguesa, as novas regras para eventuais exclus\u00f5es de postagens, no item Padr\u00f5es da comunidade\/Conduta de \u00d3dio. Um texto com as normas, divulgado no \u00faltimo dia 7 em ingl\u00eas, trouxe a permiss\u00e3o de publica\u00e7\u00f5es preconceituosas. Confira a\" \/>\n\t<meta name=\"robots\" content=\"max-image-preview:large\" \/>\n\t<meta name=\"author\" content=\"serrafm87\"\/>\n\t<link rel=\"canonical\" href=\"https:\/\/serrafm879.com.br\/serrafm\/2025\/01\/normas-da-meta-que-permitem-preconceitos-sao-publicadas-em-portugues\/\" \/>\n\t<meta name=\"generator\" content=\"All in One SEO (AIOSEO) 4.9.10\" \/>\n\t\t<meta name=\"twitter:card\" content=\"summary_large_image\" \/>\n\t\t<meta name=\"twitter:title\" content=\"Normas da Meta que permitem preconceitos s\u00e3o publicadas em portugu\u00eas - Serra FM 87,9\" \/>\n\t\t<meta name=\"twitter:description\" content=\"Dona das redes sociais Instagram, Facebook e Threads, al\u00e9m do aplicativo de mensagens Whatsapp, a empresa Meta atualizou, nesta quinta-feira (9), tamb\u00e9m para a l\u00edngua portuguesa, as novas regras para eventuais exclus\u00f5es de postagens, no item Padr\u00f5es da comunidade\/Conduta de \u00d3dio. Um texto com as normas, divulgado no \u00faltimo dia 7 em ingl\u00eas, trouxe a permiss\u00e3o de publica\u00e7\u00f5es preconceituosas. Confira a\" \/>\n\t\t<meta name=\"twitter:image\" content=\"https:\/\/serrafm879.com.br\/serrafm\/wp-content\/uploads\/2025\/01\/download-2.jpg\" \/>\n\t\t<script type=\"application\/ld+json\" class=\"aioseo-schema\">\n\t\t\t{\"@context\":\"https:\\\/\\\/schema.org\",\"@graph\":[{\"@type\":\"BlogPosting\",\"@id\":\"https:\\\/\\\/serrafm879.com.br\\\/serrafm\\\/2025\\\/01\\\/normas-da-meta-que-permitem-preconceitos-sao-publicadas-em-portugues\\\/#blogposting\",\"name\":\"Normas da Meta que permitem preconceitos s\\u00e3o publicadas em portugu\\u00eas - Serra FM 87,9\",\"headline\":\"Normas da Meta que permitem preconceitos s\\u00e3o publicadas em portugu\\u00eas\",\"author\":{\"@id\":\"https:\\\/\\\/serrafm879.com.br\\\/serrafm\\\/author\\\/serrafm87\\\/#author\"},\"publisher\":{\"@id\":\"https:\\\/\\\/serrafm879.com.br\\\/serrafm\\\/#organization\"},\"image\":{\"@type\":\"ImageObject\",\"url\":\"https:\\\/\\\/serrafm879.com.br\\\/serrafm\\\/wp-content\\\/uploads\\\/2025\\\/01\\\/download-2.jpg\",\"width\":290,\"height\":174},\"datePublished\":\"2025-01-09T21:58:56-03:00\",\"dateModified\":\"2025-01-09T21:58:56-03:00\",\"inLanguage\":\"pt-BR\",\"mainEntityOfPage\":{\"@id\":\"https:\\\/\\\/serrafm879.com.br\\\/serrafm\\\/2025\\\/01\\\/normas-da-meta-que-permitem-preconceitos-sao-publicadas-em-portugues\\\/#webpage\"},\"isPartOf\":{\"@id\":\"https:\\\/\\\/serrafm879.com.br\\\/serrafm\\\/2025\\\/01\\\/normas-da-meta-que-permitem-preconceitos-sao-publicadas-em-portugues\\\/#webpage\"},\"articleSection\":\"Not\\u00edcias\"},{\"@type\":\"BreadcrumbList\",\"@id\":\"https:\\\/\\\/serrafm879.com.br\\\/serrafm\\\/2025\\\/01\\\/normas-da-meta-que-permitem-preconceitos-sao-publicadas-em-portugues\\\/#breadcrumblist\",\"itemListElement\":[{\"@type\":\"ListItem\",\"@id\":\"https:\\\/\\\/serrafm879.com.br\\\/serrafm#listItem\",\"position\":1,\"name\":\"Home\",\"item\":\"https:\\\/\\\/serrafm879.com.br\\\/serrafm\",\"nextItem\":{\"@type\":\"ListItem\",\"@id\":\"https:\\\/\\\/serrafm879.com.br\\\/serrafm\\\/categoria\\\/noticias\\\/#listItem\",\"name\":\"Not\\u00edcias\"}},{\"@type\":\"ListItem\",\"@id\":\"https:\\\/\\\/serrafm879.com.br\\\/serrafm\\\/categoria\\\/noticias\\\/#listItem\",\"position\":2,\"name\":\"Not\\u00edcias\",\"item\":\"https:\\\/\\\/serrafm879.com.br\\\/serrafm\\\/categoria\\\/noticias\\\/\",\"nextItem\":{\"@type\":\"ListItem\",\"@id\":\"https:\\\/\\\/serrafm879.com.br\\\/serrafm\\\/2025\\\/01\\\/normas-da-meta-que-permitem-preconceitos-sao-publicadas-em-portugues\\\/#listItem\",\"name\":\"Normas da Meta que permitem preconceitos s\\u00e3o publicadas em portugu\\u00eas\"},\"previousItem\":{\"@type\":\"ListItem\",\"@id\":\"https:\\\/\\\/serrafm879.com.br\\\/serrafm#listItem\",\"name\":\"Home\"}},{\"@type\":\"ListItem\",\"@id\":\"https:\\\/\\\/serrafm879.com.br\\\/serrafm\\\/2025\\\/01\\\/normas-da-meta-que-permitem-preconceitos-sao-publicadas-em-portugues\\\/#listItem\",\"position\":3,\"name\":\"Normas da Meta que permitem preconceitos s\\u00e3o publicadas em portugu\\u00eas\",\"previousItem\":{\"@type\":\"ListItem\",\"@id\":\"https:\\\/\\\/serrafm879.com.br\\\/serrafm\\\/categoria\\\/noticias\\\/#listItem\",\"name\":\"Not\\u00edcias\"}}]},{\"@type\":\"Organization\",\"@id\":\"https:\\\/\\\/serrafm879.com.br\\\/serrafm\\\/#organization\",\"name\":\"Serra FM 87,9\",\"description\":\"O seu novo amor!\",\"url\":\"https:\\\/\\\/serrafm879.com.br\\\/serrafm\\\/\"},{\"@type\":\"Person\",\"@id\":\"https:\\\/\\\/serrafm879.com.br\\\/serrafm\\\/author\\\/serrafm87\\\/#author\",\"url\":\"https:\\\/\\\/serrafm879.com.br\\\/serrafm\\\/author\\\/serrafm87\\\/\",\"name\":\"serrafm87\",\"image\":{\"@type\":\"ImageObject\",\"@id\":\"https:\\\/\\\/serrafm879.com.br\\\/serrafm\\\/2025\\\/01\\\/normas-da-meta-que-permitem-preconceitos-sao-publicadas-em-portugues\\\/#authorImage\",\"url\":\"https:\\\/\\\/secure.gravatar.com\\\/avatar\\\/a743233f1112d34f48bb3dc9559b76eb930bab8b27175856cba6362608736235?s=96&d=mm&r=g\",\"width\":96,\"height\":96,\"caption\":\"serrafm87\"}},{\"@type\":\"WebPage\",\"@id\":\"https:\\\/\\\/serrafm879.com.br\\\/serrafm\\\/2025\\\/01\\\/normas-da-meta-que-permitem-preconceitos-sao-publicadas-em-portugues\\\/#webpage\",\"url\":\"https:\\\/\\\/serrafm879.com.br\\\/serrafm\\\/2025\\\/01\\\/normas-da-meta-que-permitem-preconceitos-sao-publicadas-em-portugues\\\/\",\"name\":\"Normas da Meta que permitem preconceitos s\\u00e3o publicadas em portugu\\u00eas - Serra FM 87,9\",\"description\":\"Dona das redes sociais Instagram, Facebook e Threads, al\\u00e9m do aplicativo de mensagens Whatsapp, a empresa Meta atualizou, nesta quinta-feira (9), tamb\\u00e9m para a l\\u00edngua portuguesa, as novas regras para eventuais exclus\\u00f5es de postagens, no item Padr\\u00f5es da comunidade\\\/Conduta de \\u00d3dio. Um texto com as normas, divulgado no \\u00faltimo dia 7 em ingl\\u00eas, trouxe a permiss\\u00e3o de publica\\u00e7\\u00f5es preconceituosas. Confira a\",\"inLanguage\":\"pt-BR\",\"isPartOf\":{\"@id\":\"https:\\\/\\\/serrafm879.com.br\\\/serrafm\\\/#website\"},\"breadcrumb\":{\"@id\":\"https:\\\/\\\/serrafm879.com.br\\\/serrafm\\\/2025\\\/01\\\/normas-da-meta-que-permitem-preconceitos-sao-publicadas-em-portugues\\\/#breadcrumblist\"},\"author\":{\"@id\":\"https:\\\/\\\/serrafm879.com.br\\\/serrafm\\\/author\\\/serrafm87\\\/#author\"},\"creator\":{\"@id\":\"https:\\\/\\\/serrafm879.com.br\\\/serrafm\\\/author\\\/serrafm87\\\/#author\"},\"image\":{\"@type\":\"ImageObject\",\"url\":\"https:\\\/\\\/serrafm879.com.br\\\/serrafm\\\/wp-content\\\/uploads\\\/2025\\\/01\\\/download-2.jpg\",\"@id\":\"https:\\\/\\\/serrafm879.com.br\\\/serrafm\\\/2025\\\/01\\\/normas-da-meta-que-permitem-preconceitos-sao-publicadas-em-portugues\\\/#mainImage\",\"width\":290,\"height\":174},\"primaryImageOfPage\":{\"@id\":\"https:\\\/\\\/serrafm879.com.br\\\/serrafm\\\/2025\\\/01\\\/normas-da-meta-que-permitem-preconceitos-sao-publicadas-em-portugues\\\/#mainImage\"},\"datePublished\":\"2025-01-09T21:58:56-03:00\",\"dateModified\":\"2025-01-09T21:58:56-03:00\"},{\"@type\":\"WebSite\",\"@id\":\"https:\\\/\\\/serrafm879.com.br\\\/serrafm\\\/#website\",\"url\":\"https:\\\/\\\/serrafm879.com.br\\\/serrafm\\\/\",\"name\":\"Serra FM 87,9\",\"description\":\"O seu novo amor!\",\"inLanguage\":\"pt-BR\",\"publisher\":{\"@id\":\"https:\\\/\\\/serrafm879.com.br\\\/serrafm\\\/#organization\"}}]}\n\t\t<\/script>\n\t\t<!-- All in One SEO -->\n\n","aioseo_head_json":{"title":"Normas da Meta que permitem preconceitos s\u00e3o publicadas em portugu\u00eas - Serra FM 87,9","description":"Dona das redes sociais Instagram, Facebook e Threads, al\u00e9m do aplicativo de mensagens Whatsapp, a empresa Meta atualizou, nesta quinta-feira (9), tamb\u00e9m para a l\u00edngua portuguesa, as novas regras para eventuais exclus\u00f5es de postagens, no item Padr\u00f5es da comunidade\/Conduta de \u00d3dio. Um texto com as normas, divulgado no \u00faltimo dia 7 em ingl\u00eas, trouxe a permiss\u00e3o de publica\u00e7\u00f5es preconceituosas. Confira a","canonical_url":"https:\/\/serrafm879.com.br\/serrafm\/2025\/01\/normas-da-meta-que-permitem-preconceitos-sao-publicadas-em-portugues\/","robots":"max-image-preview:large","keywords":"","webmasterTools":{"miscellaneous":""},"schema":{"@context":"https:\/\/schema.org","@graph":[{"@type":"BlogPosting","@id":"https:\/\/serrafm879.com.br\/serrafm\/2025\/01\/normas-da-meta-que-permitem-preconceitos-sao-publicadas-em-portugues\/#blogposting","name":"Normas da Meta que permitem preconceitos s\u00e3o publicadas em portugu\u00eas - Serra FM 87,9","headline":"Normas da Meta que permitem preconceitos s\u00e3o publicadas em portugu\u00eas","author":{"@id":"https:\/\/serrafm879.com.br\/serrafm\/author\/serrafm87\/#author"},"publisher":{"@id":"https:\/\/serrafm879.com.br\/serrafm\/#organization"},"image":{"@type":"ImageObject","url":"https:\/\/serrafm879.com.br\/serrafm\/wp-content\/uploads\/2025\/01\/download-2.jpg","width":290,"height":174},"datePublished":"2025-01-09T21:58:56-03:00","dateModified":"2025-01-09T21:58:56-03:00","inLanguage":"pt-BR","mainEntityOfPage":{"@id":"https:\/\/serrafm879.com.br\/serrafm\/2025\/01\/normas-da-meta-que-permitem-preconceitos-sao-publicadas-em-portugues\/#webpage"},"isPartOf":{"@id":"https:\/\/serrafm879.com.br\/serrafm\/2025\/01\/normas-da-meta-que-permitem-preconceitos-sao-publicadas-em-portugues\/#webpage"},"articleSection":"Not\u00edcias"},{"@type":"BreadcrumbList","@id":"https:\/\/serrafm879.com.br\/serrafm\/2025\/01\/normas-da-meta-que-permitem-preconceitos-sao-publicadas-em-portugues\/#breadcrumblist","itemListElement":[{"@type":"ListItem","@id":"https:\/\/serrafm879.com.br\/serrafm#listItem","position":1,"name":"Home","item":"https:\/\/serrafm879.com.br\/serrafm","nextItem":{"@type":"ListItem","@id":"https:\/\/serrafm879.com.br\/serrafm\/categoria\/noticias\/#listItem","name":"Not\u00edcias"}},{"@type":"ListItem","@id":"https:\/\/serrafm879.com.br\/serrafm\/categoria\/noticias\/#listItem","position":2,"name":"Not\u00edcias","item":"https:\/\/serrafm879.com.br\/serrafm\/categoria\/noticias\/","nextItem":{"@type":"ListItem","@id":"https:\/\/serrafm879.com.br\/serrafm\/2025\/01\/normas-da-meta-que-permitem-preconceitos-sao-publicadas-em-portugues\/#listItem","name":"Normas da Meta que permitem preconceitos s\u00e3o publicadas em portugu\u00eas"},"previousItem":{"@type":"ListItem","@id":"https:\/\/serrafm879.com.br\/serrafm#listItem","name":"Home"}},{"@type":"ListItem","@id":"https:\/\/serrafm879.com.br\/serrafm\/2025\/01\/normas-da-meta-que-permitem-preconceitos-sao-publicadas-em-portugues\/#listItem","position":3,"name":"Normas da Meta que permitem preconceitos s\u00e3o publicadas em portugu\u00eas","previousItem":{"@type":"ListItem","@id":"https:\/\/serrafm879.com.br\/serrafm\/categoria\/noticias\/#listItem","name":"Not\u00edcias"}}]},{"@type":"Organization","@id":"https:\/\/serrafm879.com.br\/serrafm\/#organization","name":"Serra FM 87,9","description":"O seu novo amor!","url":"https:\/\/serrafm879.com.br\/serrafm\/"},{"@type":"Person","@id":"https:\/\/serrafm879.com.br\/serrafm\/author\/serrafm87\/#author","url":"https:\/\/serrafm879.com.br\/serrafm\/author\/serrafm87\/","name":"serrafm87","image":{"@type":"ImageObject","@id":"https:\/\/serrafm879.com.br\/serrafm\/2025\/01\/normas-da-meta-que-permitem-preconceitos-sao-publicadas-em-portugues\/#authorImage","url":"https:\/\/secure.gravatar.com\/avatar\/a743233f1112d34f48bb3dc9559b76eb930bab8b27175856cba6362608736235?s=96&d=mm&r=g","width":96,"height":96,"caption":"serrafm87"}},{"@type":"WebPage","@id":"https:\/\/serrafm879.com.br\/serrafm\/2025\/01\/normas-da-meta-que-permitem-preconceitos-sao-publicadas-em-portugues\/#webpage","url":"https:\/\/serrafm879.com.br\/serrafm\/2025\/01\/normas-da-meta-que-permitem-preconceitos-sao-publicadas-em-portugues\/","name":"Normas da Meta que permitem preconceitos s\u00e3o publicadas em portugu\u00eas - Serra FM 87,9","description":"Dona das redes sociais Instagram, Facebook e Threads, al\u00e9m do aplicativo de mensagens Whatsapp, a empresa Meta atualizou, nesta quinta-feira (9), tamb\u00e9m para a l\u00edngua portuguesa, as novas regras para eventuais exclus\u00f5es de postagens, no item Padr\u00f5es da comunidade\/Conduta de \u00d3dio. Um texto com as normas, divulgado no \u00faltimo dia 7 em ingl\u00eas, trouxe a permiss\u00e3o de publica\u00e7\u00f5es preconceituosas. Confira a","inLanguage":"pt-BR","isPartOf":{"@id":"https:\/\/serrafm879.com.br\/serrafm\/#website"},"breadcrumb":{"@id":"https:\/\/serrafm879.com.br\/serrafm\/2025\/01\/normas-da-meta-que-permitem-preconceitos-sao-publicadas-em-portugues\/#breadcrumblist"},"author":{"@id":"https:\/\/serrafm879.com.br\/serrafm\/author\/serrafm87\/#author"},"creator":{"@id":"https:\/\/serrafm879.com.br\/serrafm\/author\/serrafm87\/#author"},"image":{"@type":"ImageObject","url":"https:\/\/serrafm879.com.br\/serrafm\/wp-content\/uploads\/2025\/01\/download-2.jpg","@id":"https:\/\/serrafm879.com.br\/serrafm\/2025\/01\/normas-da-meta-que-permitem-preconceitos-sao-publicadas-em-portugues\/#mainImage","width":290,"height":174},"primaryImageOfPage":{"@id":"https:\/\/serrafm879.com.br\/serrafm\/2025\/01\/normas-da-meta-que-permitem-preconceitos-sao-publicadas-em-portugues\/#mainImage"},"datePublished":"2025-01-09T21:58:56-03:00","dateModified":"2025-01-09T21:58:56-03:00"},{"@type":"WebSite","@id":"https:\/\/serrafm879.com.br\/serrafm\/#website","url":"https:\/\/serrafm879.com.br\/serrafm\/","name":"Serra FM 87,9","description":"O seu novo amor!","inLanguage":"pt-BR","publisher":{"@id":"https:\/\/serrafm879.com.br\/serrafm\/#organization"}}]},"twitter:card":"summary_large_image","twitter:title":"Normas da Meta que permitem preconceitos s\u00e3o publicadas em portugu\u00eas - Serra FM 87,9","twitter:description":"Dona das redes sociais Instagram, Facebook e Threads, al\u00e9m do aplicativo de mensagens Whatsapp, a empresa Meta atualizou, nesta quinta-feira (9), tamb\u00e9m para a l\u00edngua portuguesa, as novas regras para eventuais exclus\u00f5es de postagens, no item Padr\u00f5es da comunidade\/Conduta de \u00d3dio. Um texto com as normas, divulgado no \u00faltimo dia 7 em ingl\u00eas, trouxe a permiss\u00e3o de publica\u00e7\u00f5es preconceituosas. Confira a","twitter:image":"https:\/\/serrafm879.com.br\/serrafm\/wp-content\/uploads\/2025\/01\/download-2.jpg"},"aioseo_meta_data":{"post_id":"19729","title":null,"description":null,"keywords":null,"keyphrases":null,"primary_term":null,"canonical_url":null,"og_title":null,"og_description":null,"og_object_type":"default","og_image_type":"default","og_image_custom_url":null,"og_image_custom_fields":null,"og_image_url":null,"og_image_width":null,"og_image_height":null,"og_video":null,"og_custom_url":null,"og_article_section":null,"og_article_tags":null,"twitter_use_og":false,"twitter_card":"default","twitter_image_type":"default","twitter_image_custom_url":null,"twitter_image_custom_fields":null,"twitter_image_url":null,"twitter_title":null,"twitter_description":null,"schema_type":"default","schema_type_options":null,"schema":{"blockGraphs":[],"customGraphs":[],"default":{"data":{"Article":[],"Course":[],"Dataset":[],"FAQPage":[],"Movie":[],"Person":[],"Product":[],"ProductReview":[],"Car":[],"Recipe":[],"Service":[],"SoftwareApplication":[],"WebPage":[]},"graphName":"","isEnabled":true},"graphs":[]},"pillar_content":false,"robots_default":true,"robots_noindex":false,"robots_noarchive":false,"robots_nosnippet":false,"robots_nofollow":false,"robots_noimageindex":false,"robots_noodp":false,"robots_notranslate":false,"robots_max_snippet":null,"robots_max_videopreview":null,"robots_max_imagepreview":"large","priority":null,"frequency":null,"local_seo":null,"limit_modified_date":false,"ai":null,"breadcrumb_settings":null,"seo_analyzer_scan_date":null,"created":"2026-07-21 13:03:53","updated":"2026-07-21 13:03:53"},"aioseo_breadcrumb":"<div class=\"aioseo-breadcrumbs\"><span class=\"aioseo-breadcrumb\">\n\t\t\t<a href=\"https:\/\/serrafm879.com.br\/serrafm\" title=\"Home\">Home<\/a>\n\t\t<\/span><span class=\"aioseo-breadcrumb-separator\">&raquo;<\/span><span class=\"aioseo-breadcrumb\">\n\t\t\t<a href=\"https:\/\/serrafm879.com.br\/serrafm\/categoria\/noticias\/\" title=\"Not\u00edcias\">Not\u00edcias<\/a>\n\t\t<\/span><span class=\"aioseo-breadcrumb-separator\">&raquo;<\/span><span class=\"aioseo-breadcrumb\">\n\t\t\tNormas da Meta que permitem preconceitos s\u00e3o publicadas em portugu\u00eas\n\t\t<\/span><\/div>","aioseo_breadcrumb_json":[{"label":"Home","link":"https:\/\/serrafm879.com.br\/serrafm"},{"label":"Not\u00edcias","link":"https:\/\/serrafm879.com.br\/serrafm\/categoria\/noticias\/"},{"label":"Normas da Meta que permitem preconceitos s\u00e3o publicadas em portugu\u00eas","link":"https:\/\/serrafm879.com.br\/serrafm\/2025\/01\/normas-da-meta-que-permitem-preconceitos-sao-publicadas-em-portugues\/"}],"jetpack_publicize_connections":[],"jetpack_featured_media_url":"https:\/\/serrafm879.com.br\/serrafm\/wp-content\/uploads\/2025\/01\/download-2.jpg","jetpack_shortlink":"https:\/\/wp.me\/p7HyXg-58d","jetpack_sharing_enabled":true,"_links":{"self":[{"href":"https:\/\/serrafm879.com.br\/serrafm\/wp-json\/wp\/v2\/posts\/19729","targetHints":{"allow":["GET"]}}],"collection":[{"href":"https:\/\/serrafm879.com.br\/serrafm\/wp-json\/wp\/v2\/posts"}],"about":[{"href":"https:\/\/serrafm879.com.br\/serrafm\/wp-json\/wp\/v2\/types\/post"}],"author":[{"embeddable":true,"href":"https:\/\/serrafm879.com.br\/serrafm\/wp-json\/wp\/v2\/users\/2"}],"replies":[{"embeddable":true,"href":"https:\/\/serrafm879.com.br\/serrafm\/wp-json\/wp\/v2\/comments?post=19729"}],"version-history":[{"count":1,"href":"https:\/\/serrafm879.com.br\/serrafm\/wp-json\/wp\/v2\/posts\/19729\/revisions"}],"predecessor-version":[{"id":19731,"href":"https:\/\/serrafm879.com.br\/serrafm\/wp-json\/wp\/v2\/posts\/19729\/revisions\/19731"}],"wp:featuredmedia":[{"embeddable":true,"href":"https:\/\/serrafm879.com.br\/serrafm\/wp-json\/wp\/v2\/media\/19730"}],"wp:attachment":[{"href":"https:\/\/serrafm879.com.br\/serrafm\/wp-json\/wp\/v2\/media?parent=19729"}],"wp:term":[{"taxonomy":"category","embeddable":true,"href":"https:\/\/serrafm879.com.br\/serrafm\/wp-json\/wp\/v2\/categories?post=19729"},{"taxonomy":"post_tag","embeddable":true,"href":"https:\/\/serrafm879.com.br\/serrafm\/wp-json\/wp\/v2\/tags?post=19729"}],"curies":[{"name":"wp","href":"https:\/\/api.w.org\/{rel}","templated":true}]}}