{"id":19732,"date":"2025-01-10T09:51:32","date_gmt":"2025-01-10T12:51:32","guid":{"rendered":"https:\/?p=19732"},"modified":"2025-01-10T09:54:28","modified_gmt":"2025-01-10T12:54:28","slug":"lula-convoca-reuniao-para-discutir-decisao-da-meta-e-fala-em-soberania","status":"publish","type":"post","link":"https:\/\/serrafm879.com.br\/serrafm\/2025\/01\/lula-convoca-reuniao-para-discutir-decisao-da-meta-e-fala-em-soberania\/","title":{"rendered":"Lula convoca reuni\u00e3o para discutir decis\u00e3o da Meta e fala em &#8216;soberania&#8217;"},"content":{"rendered":"<p class=\"texto\">O presidente Luiz In\u00e1cio Lula da Silva (PT) se reunir\u00e1 nesta sexta-feira, 10 com seus ministros para discutir a decis\u00e3o da Meta &#8211; dona do Facebook, do Instagram, do Threads e do WhatsApp &#8211; de encerrar a checagem de fatos em suas plataformas. De acordo com o presidente, o governo defende que cada pa\u00eds tenha sua soberania.<\/p>\n<p class=\"texto\">&#8220;Eu acho que \u00e9 extremamente grave as pessoas quererem que a comunica\u00e7\u00e3o digital n\u00e3o tenha a mesma responsabilidade de um cara que comete um crime na imprensa escrita&#8221;, afirmou Lula a jornalistas na manh\u00e3 de ontem. &#8220;\u00c9 como se um cidad\u00e3o pudesse ser punido porque faz uma coisa na vida real e pudesse n\u00e3o ser punido porque faz a mesma coisa na digital.&#8221;<\/p>\n<p>Inicialmente, o presidente havia dito que a reuni\u00e3o seria ontem. A assessoria da Presid\u00eancia da Rep\u00fablica, no entanto,\u00a0<a href=\"https:\/\/jc.ne10.uol.com.br\/brasil\/2025\/01\/08\/governo-condena-fim-do-fact-checking-da-meta-nos-eua-e-mpf-exige-que-empresa-informe-planos-para-o-brasil.html\" data-mrf-link=\"https:\/\/jc.ne10.uol.com.br\/brasil\/2025\/01\/08\/governo-condena-fim-do-fact-checking-da-meta-nos-eua-e-mpf-exige-que-empresa-informe-planos-para-o-brasil.html\">informou que o encontro entre integrantes do governo para tratar sobre a decis\u00e3o da Meta ser\u00e1 hoje<\/a>. Lula disse que o que quer, &#8220;na verdade, \u00e9 que cada pa\u00eds tenha sua soberania resguardada&#8221;. E ressaltou: &#8220;N\u00e3o pode um cidad\u00e3o, dois cidad\u00e3os, tr\u00eas cidad\u00e3os acharem que podem ferir a soberania de uma na\u00e7\u00e3o&#8221;.<\/p>\n<p>Na \u00faltima ter\u00e7a-feira, 7, a Meta anunciou mudan\u00e7as profundas em suas pol\u00edticas de modera\u00e7\u00e3o de conte\u00fado. Na pr\u00e1tica, elas acabam com o programa de checagem de fatos da big tech, iniciativa adotada para reduzir a dissemina\u00e7\u00e3o de desinforma\u00e7\u00e3o nas redes sociais da empresa.<\/p>\n<h2>Usu\u00e1rios<\/h2>\n<p class=\"texto\">Agora, em vez de contar com organiza\u00e7\u00f5es independentes de checagem de informa\u00e7\u00f5es, a Meta depender\u00e1 dos pr\u00f3prios usu\u00e1rios para acrescentar corre\u00e7\u00f5es \u00e0s publica\u00e7\u00f5es que possam conter informa\u00e7\u00f5es falsas ou enganosas.<\/p>\n<p class=\"texto\">Nesta quarta, 8, na celebra\u00e7\u00e3o em mem\u00f3ria aos ataques \u00e0s sedes dos tr\u00eas Poderes em 8 de janeiro de 2023, Lula afirmou que o governo brasileiro n\u00e3o vai tolerar fake news. Segundo o presidente, as desinforma\u00e7\u00f5es colocam a vida de pessoas em risco e promovem ataques \u00e0s institui\u00e7\u00f5es.<\/p>\n<p class=\"texto\">&#8220;N\u00e3o seremos tolerantes com os discursos do \u00f3dio e as fake news que colocam em risco a vida de pessoas e (levam) \u00e0 incita\u00e7\u00e3o \u00e0 viol\u00eancia contra o estado de direito&#8221;, disse.<\/p>\n<p class=\"texto\">Assim como Lula, ministros do Supremo Tribunal Federal (STF), entre eles Edson Fachin e Alexandre de Moraes, se manifestaram contra a decis\u00e3o da Meta.<\/p>\n<p>Fonte: jc.com.br<\/p>\n","protected":false},"excerpt":{"rendered":"<p>O presidente Luiz In\u00e1cio Lula da Silva (PT) se reunir\u00e1 nesta sexta-feira, 10 com seus ministros para discutir a decis\u00e3o da Meta &#8211; dona do Facebook, do Instagram, do Threads e do WhatsApp &#8211; de encerrar a checagem de fatos em suas plataformas. De acordo com o presidente, o governo defende que cada pa\u00eds tenha sua soberania. &#8220;Eu acho que \u00e9 extremamente grave as pessoas quererem que a comunica\u00e7\u00e3o digital n\u00e3o tenha a mesma responsabilidade de um cara que comete um crime na imprensa escrita&#8221;, afirmou Lula a jornalistas na manh\u00e3 de ontem. &#8220;\u00c9 como se um cidad\u00e3o pudesse ser [&hellip;]<\/p>\n","protected":false},"author":2,"featured_media":19733,"comment_status":"open","ping_status":"open","sticky":false,"template":"","format":"standard","meta":{"_jetpack_newsletter_access":"","_jetpack_dont_email_post_to_subs":false,"_jetpack_newsletter_tier_id":0,"_jetpack_memberships_contains_paywalled_content":false,"_jetpack_feature_clip_id":0,"_jetpack_memberships_contains_paid_content":false,"footnotes":"","jetpack_publicize_message":"","jetpack_publicize_feature_enabled":true,"jetpack_social_post_already_shared":true,"jetpack_social_options":{"image_generator_settings":{"template":"highway","default_image_id":0,"font":"","enabled":false},"version":2},"jetpack_post_was_ever_published":false},"categories":[2,1],"tags":[],"class_list":["post-19732","post","type-post","status-publish","format-standard","has-post-thumbnail","hentry","category-noticias","category-uncategorized"],"aioseo_notices":[],"aioseo_head":"\n\t\t<!-- All in One SEO 4.9.10 - aioseo.com -->\n\t<meta name=\"description\" content=\"O presidente Luiz In\u00e1cio Lula da Silva (PT) se reunir\u00e1 nesta sexta-feira, 10 com seus ministros para discutir a decis\u00e3o da Meta - dona do Facebook, do Instagram, do Threads e do WhatsApp - de encerrar a checagem de fatos em suas plataformas. De acordo com o presidente, o governo defende que cada pa\u00eds tenha\" \/>\n\t<meta name=\"robots\" content=\"max-image-preview:large\" \/>\n\t<meta name=\"author\" content=\"serrafm87\"\/>\n\t<link rel=\"canonical\" href=\"https:\/\/serrafm879.com.br\/serrafm\/2025\/01\/lula-convoca-reuniao-para-discutir-decisao-da-meta-e-fala-em-soberania\/\" \/>\n\t<meta name=\"generator\" content=\"All in One SEO (AIOSEO) 4.9.10\" \/>\n\t\t<meta name=\"twitter:card\" content=\"summary_large_image\" \/>\n\t\t<meta name=\"twitter:title\" content=\"Lula convoca reuni\u00e3o para discutir decis\u00e3o da Meta e fala em \u2018soberania\u2019 - Serra FM 87,9\" \/>\n\t\t<meta name=\"twitter:description\" content=\"O presidente Luiz In\u00e1cio Lula da Silva (PT) se reunir\u00e1 nesta sexta-feira, 10 com seus ministros para discutir a decis\u00e3o da Meta - dona do Facebook, do Instagram, do Threads e do WhatsApp - de encerrar a checagem de fatos em suas plataformas. De acordo com o presidente, o governo defende que cada pa\u00eds tenha\" \/>\n\t\t<meta name=\"twitter:image\" content=\"https:\/\/serrafm879.com.br\/serrafm\/wp-content\/uploads\/2025\/01\/download-3.jpg\" \/>\n\t\t<script type=\"application\/ld+json\" class=\"aioseo-schema\">\n\t\t\t{\"@context\":\"https:\\\/\\\/schema.org\",\"@graph\":[{\"@type\":\"BlogPosting\",\"@id\":\"https:\\\/\\\/serrafm879.com.br\\\/serrafm\\\/2025\\\/01\\\/lula-convoca-reuniao-para-discutir-decisao-da-meta-e-fala-em-soberania\\\/#blogposting\",\"name\":\"Lula convoca reuni\\u00e3o para discutir decis\\u00e3o da Meta e fala em \\u2018soberania\\u2019 - Serra FM 87,9\",\"headline\":\"Lula convoca reuni\\u00e3o para discutir decis\\u00e3o da Meta e fala em &#8216;soberania&#8217;\",\"author\":{\"@id\":\"https:\\\/\\\/serrafm879.com.br\\\/serrafm\\\/author\\\/serrafm87\\\/#author\"},\"publisher\":{\"@id\":\"https:\\\/\\\/serrafm879.com.br\\\/serrafm\\\/#organization\"},\"image\":{\"@type\":\"ImageObject\",\"url\":\"https:\\\/\\\/serrafm879.com.br\\\/serrafm\\\/wp-content\\\/uploads\\\/2025\\\/01\\\/download-3.jpg\",\"width\":275,\"height\":183},\"datePublished\":\"2025-01-10T09:51:32-03:00\",\"dateModified\":\"2025-01-10T09:54:28-03:00\",\"inLanguage\":\"pt-BR\",\"mainEntityOfPage\":{\"@id\":\"https:\\\/\\\/serrafm879.com.br\\\/serrafm\\\/2025\\\/01\\\/lula-convoca-reuniao-para-discutir-decisao-da-meta-e-fala-em-soberania\\\/#webpage\"},\"isPartOf\":{\"@id\":\"https:\\\/\\\/serrafm879.com.br\\\/serrafm\\\/2025\\\/01\\\/lula-convoca-reuniao-para-discutir-decisao-da-meta-e-fala-em-soberania\\\/#webpage\"},\"articleSection\":\"Not\\u00edcias, Uncategorized\"},{\"@type\":\"BreadcrumbList\",\"@id\":\"https:\\\/\\\/serrafm879.com.br\\\/serrafm\\\/2025\\\/01\\\/lula-convoca-reuniao-para-discutir-decisao-da-meta-e-fala-em-soberania\\\/#breadcrumblist\",\"itemListElement\":[{\"@type\":\"ListItem\",\"@id\":\"https:\\\/\\\/serrafm879.com.br\\\/serrafm#listItem\",\"position\":1,\"name\":\"Home\",\"item\":\"https:\\\/\\\/serrafm879.com.br\\\/serrafm\",\"nextItem\":{\"@type\":\"ListItem\",\"@id\":\"https:\\\/\\\/serrafm879.com.br\\\/serrafm\\\/categoria\\\/uncategorized\\\/#listItem\",\"name\":\"Uncategorized\"}},{\"@type\":\"ListItem\",\"@id\":\"https:\\\/\\\/serrafm879.com.br\\\/serrafm\\\/categoria\\\/uncategorized\\\/#listItem\",\"position\":2,\"name\":\"Uncategorized\",\"item\":\"https:\\\/\\\/serrafm879.com.br\\\/serrafm\\\/categoria\\\/uncategorized\\\/\",\"nextItem\":{\"@type\":\"ListItem\",\"@id\":\"https:\\\/\\\/serrafm879.com.br\\\/serrafm\\\/2025\\\/01\\\/lula-convoca-reuniao-para-discutir-decisao-da-meta-e-fala-em-soberania\\\/#listItem\",\"name\":\"Lula convoca reuni\\u00e3o para discutir decis\\u00e3o da Meta e fala em &#8216;soberania&#8217;\"},\"previousItem\":{\"@type\":\"ListItem\",\"@id\":\"https:\\\/\\\/serrafm879.com.br\\\/serrafm#listItem\",\"name\":\"Home\"}},{\"@type\":\"ListItem\",\"@id\":\"https:\\\/\\\/serrafm879.com.br\\\/serrafm\\\/2025\\\/01\\\/lula-convoca-reuniao-para-discutir-decisao-da-meta-e-fala-em-soberania\\\/#listItem\",\"position\":3,\"name\":\"Lula convoca reuni\\u00e3o para discutir decis\\u00e3o da Meta e fala em &#8216;soberania&#8217;\",\"previousItem\":{\"@type\":\"ListItem\",\"@id\":\"https:\\\/\\\/serrafm879.com.br\\\/serrafm\\\/categoria\\\/uncategorized\\\/#listItem\",\"name\":\"Uncategorized\"}}]},{\"@type\":\"Organization\",\"@id\":\"https:\\\/\\\/serrafm879.com.br\\\/serrafm\\\/#organization\",\"name\":\"Serra FM 87,9\",\"description\":\"O seu novo amor!\",\"url\":\"https:\\\/\\\/serrafm879.com.br\\\/serrafm\\\/\"},{\"@type\":\"Person\",\"@id\":\"https:\\\/\\\/serrafm879.com.br\\\/serrafm\\\/author\\\/serrafm87\\\/#author\",\"url\":\"https:\\\/\\\/serrafm879.com.br\\\/serrafm\\\/author\\\/serrafm87\\\/\",\"name\":\"serrafm87\",\"image\":{\"@type\":\"ImageObject\",\"@id\":\"https:\\\/\\\/serrafm879.com.br\\\/serrafm\\\/2025\\\/01\\\/lula-convoca-reuniao-para-discutir-decisao-da-meta-e-fala-em-soberania\\\/#authorImage\",\"url\":\"https:\\\/\\\/secure.gravatar.com\\\/avatar\\\/a743233f1112d34f48bb3dc9559b76eb930bab8b27175856cba6362608736235?s=96&d=mm&r=g\",\"width\":96,\"height\":96,\"caption\":\"serrafm87\"}},{\"@type\":\"WebPage\",\"@id\":\"https:\\\/\\\/serrafm879.com.br\\\/serrafm\\\/2025\\\/01\\\/lula-convoca-reuniao-para-discutir-decisao-da-meta-e-fala-em-soberania\\\/#webpage\",\"url\":\"https:\\\/\\\/serrafm879.com.br\\\/serrafm\\\/2025\\\/01\\\/lula-convoca-reuniao-para-discutir-decisao-da-meta-e-fala-em-soberania\\\/\",\"name\":\"Lula convoca reuni\\u00e3o para discutir decis\\u00e3o da Meta e fala em \\u2018soberania\\u2019 - Serra FM 87,9\",\"description\":\"O presidente Luiz In\\u00e1cio Lula da Silva (PT) se reunir\\u00e1 nesta sexta-feira, 10 com seus ministros para discutir a decis\\u00e3o da Meta - dona do Facebook, do Instagram, do Threads e do WhatsApp - de encerrar a checagem de fatos em suas plataformas. De acordo com o presidente, o governo defende que cada pa\\u00eds tenha\",\"inLanguage\":\"pt-BR\",\"isPartOf\":{\"@id\":\"https:\\\/\\\/serrafm879.com.br\\\/serrafm\\\/#website\"},\"breadcrumb\":{\"@id\":\"https:\\\/\\\/serrafm879.com.br\\\/serrafm\\\/2025\\\/01\\\/lula-convoca-reuniao-para-discutir-decisao-da-meta-e-fala-em-soberania\\\/#breadcrumblist\"},\"author\":{\"@id\":\"https:\\\/\\\/serrafm879.com.br\\\/serrafm\\\/author\\\/serrafm87\\\/#author\"},\"creator\":{\"@id\":\"https:\\\/\\\/serrafm879.com.br\\\/serrafm\\\/author\\\/serrafm87\\\/#author\"},\"image\":{\"@type\":\"ImageObject\",\"url\":\"https:\\\/\\\/serrafm879.com.br\\\/serrafm\\\/wp-content\\\/uploads\\\/2025\\\/01\\\/download-3.jpg\",\"@id\":\"https:\\\/\\\/serrafm879.com.br\\\/serrafm\\\/2025\\\/01\\\/lula-convoca-reuniao-para-discutir-decisao-da-meta-e-fala-em-soberania\\\/#mainImage\",\"width\":275,\"height\":183},\"primaryImageOfPage\":{\"@id\":\"https:\\\/\\\/serrafm879.com.br\\\/serrafm\\\/2025\\\/01\\\/lula-convoca-reuniao-para-discutir-decisao-da-meta-e-fala-em-soberania\\\/#mainImage\"},\"datePublished\":\"2025-01-10T09:51:32-03:00\",\"dateModified\":\"2025-01-10T09:54:28-03:00\"},{\"@type\":\"WebSite\",\"@id\":\"https:\\\/\\\/serrafm879.com.br\\\/serrafm\\\/#website\",\"url\":\"https:\\\/\\\/serrafm879.com.br\\\/serrafm\\\/\",\"name\":\"Serra FM 87,9\",\"description\":\"O seu novo amor!\",\"inLanguage\":\"pt-BR\",\"publisher\":{\"@id\":\"https:\\\/\\\/serrafm879.com.br\\\/serrafm\\\/#organization\"}}]}\n\t\t<\/script>\n\t\t<!-- All in One SEO -->\n\n","aioseo_head_json":{"title":"Lula convoca reuni\u00e3o para discutir decis\u00e3o da Meta e fala em \u2018soberania\u2019 - Serra FM 87,9","description":"O presidente Luiz In\u00e1cio Lula da Silva (PT) se reunir\u00e1 nesta sexta-feira, 10 com seus ministros para discutir a decis\u00e3o da Meta - dona do Facebook, do Instagram, do Threads e do WhatsApp - de encerrar a checagem de fatos em suas plataformas. De acordo com o presidente, o governo defende que cada pa\u00eds tenha","canonical_url":"https:\/\/serrafm879.com.br\/serrafm\/2025\/01\/lula-convoca-reuniao-para-discutir-decisao-da-meta-e-fala-em-soberania\/","robots":"max-image-preview:large","keywords":"","webmasterTools":{"miscellaneous":""},"schema":{"@context":"https:\/\/schema.org","@graph":[{"@type":"BlogPosting","@id":"https:\/\/serrafm879.com.br\/serrafm\/2025\/01\/lula-convoca-reuniao-para-discutir-decisao-da-meta-e-fala-em-soberania\/#blogposting","name":"Lula convoca reuni\u00e3o para discutir decis\u00e3o da Meta e fala em \u2018soberania\u2019 - Serra FM 87,9","headline":"Lula convoca reuni\u00e3o para discutir decis\u00e3o da Meta e fala em &#8216;soberania&#8217;","author":{"@id":"https:\/\/serrafm879.com.br\/serrafm\/author\/serrafm87\/#author"},"publisher":{"@id":"https:\/\/serrafm879.com.br\/serrafm\/#organization"},"image":{"@type":"ImageObject","url":"https:\/\/serrafm879.com.br\/serrafm\/wp-content\/uploads\/2025\/01\/download-3.jpg","width":275,"height":183},"datePublished":"2025-01-10T09:51:32-03:00","dateModified":"2025-01-10T09:54:28-03:00","inLanguage":"pt-BR","mainEntityOfPage":{"@id":"https:\/\/serrafm879.com.br\/serrafm\/2025\/01\/lula-convoca-reuniao-para-discutir-decisao-da-meta-e-fala-em-soberania\/#webpage"},"isPartOf":{"@id":"https:\/\/serrafm879.com.br\/serrafm\/2025\/01\/lula-convoca-reuniao-para-discutir-decisao-da-meta-e-fala-em-soberania\/#webpage"},"articleSection":"Not\u00edcias, Uncategorized"},{"@type":"BreadcrumbList","@id":"https:\/\/serrafm879.com.br\/serrafm\/2025\/01\/lula-convoca-reuniao-para-discutir-decisao-da-meta-e-fala-em-soberania\/#breadcrumblist","itemListElement":[{"@type":"ListItem","@id":"https:\/\/serrafm879.com.br\/serrafm#listItem","position":1,"name":"Home","item":"https:\/\/serrafm879.com.br\/serrafm","nextItem":{"@type":"ListItem","@id":"https:\/\/serrafm879.com.br\/serrafm\/categoria\/uncategorized\/#listItem","name":"Uncategorized"}},{"@type":"ListItem","@id":"https:\/\/serrafm879.com.br\/serrafm\/categoria\/uncategorized\/#listItem","position":2,"name":"Uncategorized","item":"https:\/\/serrafm879.com.br\/serrafm\/categoria\/uncategorized\/","nextItem":{"@type":"ListItem","@id":"https:\/\/serrafm879.com.br\/serrafm\/2025\/01\/lula-convoca-reuniao-para-discutir-decisao-da-meta-e-fala-em-soberania\/#listItem","name":"Lula convoca reuni\u00e3o para discutir decis\u00e3o da Meta e fala em &#8216;soberania&#8217;"},"previousItem":{"@type":"ListItem","@id":"https:\/\/serrafm879.com.br\/serrafm#listItem","name":"Home"}},{"@type":"ListItem","@id":"https:\/\/serrafm879.com.br\/serrafm\/2025\/01\/lula-convoca-reuniao-para-discutir-decisao-da-meta-e-fala-em-soberania\/#listItem","position":3,"name":"Lula convoca reuni\u00e3o para discutir decis\u00e3o da Meta e fala em &#8216;soberania&#8217;","previousItem":{"@type":"ListItem","@id":"https:\/\/serrafm879.com.br\/serrafm\/categoria\/uncategorized\/#listItem","name":"Uncategorized"}}]},{"@type":"Organization","@id":"https:\/\/serrafm879.com.br\/serrafm\/#organization","name":"Serra FM 87,9","description":"O seu novo amor!","url":"https:\/\/serrafm879.com.br\/serrafm\/"},{"@type":"Person","@id":"https:\/\/serrafm879.com.br\/serrafm\/author\/serrafm87\/#author","url":"https:\/\/serrafm879.com.br\/serrafm\/author\/serrafm87\/","name":"serrafm87","image":{"@type":"ImageObject","@id":"https:\/\/serrafm879.com.br\/serrafm\/2025\/01\/lula-convoca-reuniao-para-discutir-decisao-da-meta-e-fala-em-soberania\/#authorImage","url":"https:\/\/secure.gravatar.com\/avatar\/a743233f1112d34f48bb3dc9559b76eb930bab8b27175856cba6362608736235?s=96&d=mm&r=g","width":96,"height":96,"caption":"serrafm87"}},{"@type":"WebPage","@id":"https:\/\/serrafm879.com.br\/serrafm\/2025\/01\/lula-convoca-reuniao-para-discutir-decisao-da-meta-e-fala-em-soberania\/#webpage","url":"https:\/\/serrafm879.com.br\/serrafm\/2025\/01\/lula-convoca-reuniao-para-discutir-decisao-da-meta-e-fala-em-soberania\/","name":"Lula convoca reuni\u00e3o para discutir decis\u00e3o da Meta e fala em \u2018soberania\u2019 - Serra FM 87,9","description":"O presidente Luiz In\u00e1cio Lula da Silva (PT) se reunir\u00e1 nesta sexta-feira, 10 com seus ministros para discutir a decis\u00e3o da Meta - dona do Facebook, do Instagram, do Threads e do WhatsApp - de encerrar a checagem de fatos em suas plataformas. De acordo com o presidente, o governo defende que cada pa\u00eds tenha","inLanguage":"pt-BR","isPartOf":{"@id":"https:\/\/serrafm879.com.br\/serrafm\/#website"},"breadcrumb":{"@id":"https:\/\/serrafm879.com.br\/serrafm\/2025\/01\/lula-convoca-reuniao-para-discutir-decisao-da-meta-e-fala-em-soberania\/#breadcrumblist"},"author":{"@id":"https:\/\/serrafm879.com.br\/serrafm\/author\/serrafm87\/#author"},"creator":{"@id":"https:\/\/serrafm879.com.br\/serrafm\/author\/serrafm87\/#author"},"image":{"@type":"ImageObject","url":"https:\/\/serrafm879.com.br\/serrafm\/wp-content\/uploads\/2025\/01\/download-3.jpg","@id":"https:\/\/serrafm879.com.br\/serrafm\/2025\/01\/lula-convoca-reuniao-para-discutir-decisao-da-meta-e-fala-em-soberania\/#mainImage","width":275,"height":183},"primaryImageOfPage":{"@id":"https:\/\/serrafm879.com.br\/serrafm\/2025\/01\/lula-convoca-reuniao-para-discutir-decisao-da-meta-e-fala-em-soberania\/#mainImage"},"datePublished":"2025-01-10T09:51:32-03:00","dateModified":"2025-01-10T09:54:28-03:00"},{"@type":"WebSite","@id":"https:\/\/serrafm879.com.br\/serrafm\/#website","url":"https:\/\/serrafm879.com.br\/serrafm\/","name":"Serra FM 87,9","description":"O seu novo amor!","inLanguage":"pt-BR","publisher":{"@id":"https:\/\/serrafm879.com.br\/serrafm\/#organization"}}]},"twitter:card":"summary_large_image","twitter:title":"Lula convoca reuni\u00e3o para discutir decis\u00e3o da Meta e fala em \u2018soberania\u2019 - Serra FM 87,9","twitter:description":"O presidente Luiz In\u00e1cio Lula da Silva (PT) se reunir\u00e1 nesta sexta-feira, 10 com seus ministros para discutir a decis\u00e3o da Meta - dona do Facebook, do Instagram, do Threads e do WhatsApp - de encerrar a checagem de fatos em suas plataformas. De acordo com o presidente, o governo defende que cada pa\u00eds tenha","twitter:image":"https:\/\/serrafm879.com.br\/serrafm\/wp-content\/uploads\/2025\/01\/download-3.jpg"},"aioseo_meta_data":{"post_id":"19732","title":null,"description":null,"keywords":null,"keyphrases":null,"primary_term":null,"canonical_url":null,"og_title":null,"og_description":null,"og_object_type":"default","og_image_type":"default","og_image_custom_url":null,"og_image_custom_fields":null,"og_image_url":null,"og_image_width":null,"og_image_height":null,"og_video":null,"og_custom_url":null,"og_article_section":null,"og_article_tags":null,"twitter_use_og":false,"twitter_card":"default","twitter_image_type":"default","twitter_image_custom_url":null,"twitter_image_custom_fields":null,"twitter_image_url":null,"twitter_title":null,"twitter_description":null,"schema_type":"default","schema_type_options":null,"schema":{"blockGraphs":[],"customGraphs":[],"default":{"data":{"Article":[],"Course":[],"Dataset":[],"FAQPage":[],"Movie":[],"Person":[],"Product":[],"ProductReview":[],"Car":[],"Recipe":[],"Service":[],"SoftwareApplication":[],"WebPage":[]},"graphName":"","isEnabled":true},"graphs":[]},"pillar_content":false,"robots_default":true,"robots_noindex":false,"robots_noarchive":false,"robots_nosnippet":false,"robots_nofollow":false,"robots_noimageindex":false,"robots_noodp":false,"robots_notranslate":false,"robots_max_snippet":null,"robots_max_videopreview":null,"robots_max_imagepreview":"large","priority":null,"frequency":null,"local_seo":null,"limit_modified_date":false,"ai":null,"breadcrumb_settings":null,"seo_analyzer_scan_date":null,"created":"2026-07-21 13:03:53","updated":"2026-07-21 13:03:53"},"aioseo_breadcrumb":"<div class=\"aioseo-breadcrumbs\"><span class=\"aioseo-breadcrumb\">\n\t\t\t<a href=\"https:\/\/serrafm879.com.br\/serrafm\" title=\"Home\">Home<\/a>\n\t\t<\/span><span class=\"aioseo-breadcrumb-separator\">&raquo;<\/span><span class=\"aioseo-breadcrumb\">\n\t\t\t<a href=\"https:\/\/serrafm879.com.br\/serrafm\/categoria\/uncategorized\/\" title=\"Uncategorized\">Uncategorized<\/a>\n\t\t<\/span><span class=\"aioseo-breadcrumb-separator\">&raquo;<\/span><span class=\"aioseo-breadcrumb\">\n\t\t\tLula convoca reuni\u00e3o para discutir decis\u00e3o da Meta e fala em \u2018soberania\u2019\n\t\t<\/span><\/div>","aioseo_breadcrumb_json":[{"label":"Home","link":"https:\/\/serrafm879.com.br\/serrafm"},{"label":"Uncategorized","link":"https:\/\/serrafm879.com.br\/serrafm\/categoria\/uncategorized\/"},{"label":"Lula convoca reuni\u00e3o para discutir decis\u00e3o da Meta e fala em &#8216;soberania&#8217;","link":"https:\/\/serrafm879.com.br\/serrafm\/2025\/01\/lula-convoca-reuniao-para-discutir-decisao-da-meta-e-fala-em-soberania\/"}],"jetpack_publicize_connections":[],"jetpack_featured_media_url":"https:\/\/serrafm879.com.br\/serrafm\/wp-content\/uploads\/2025\/01\/download-3.jpg","jetpack_shortlink":"https:\/\/wp.me\/p7HyXg-58g","jetpack_sharing_enabled":true,"_links":{"self":[{"href":"https:\/\/serrafm879.com.br\/serrafm\/wp-json\/wp\/v2\/posts\/19732","targetHints":{"allow":["GET"]}}],"collection":[{"href":"https:\/\/serrafm879.com.br\/serrafm\/wp-json\/wp\/v2\/posts"}],"about":[{"href":"https:\/\/serrafm879.com.br\/serrafm\/wp-json\/wp\/v2\/types\/post"}],"author":[{"embeddable":true,"href":"https:\/\/serrafm879.com.br\/serrafm\/wp-json\/wp\/v2\/users\/2"}],"replies":[{"embeddable":true,"href":"https:\/\/serrafm879.com.br\/serrafm\/wp-json\/wp\/v2\/comments?post=19732"}],"version-history":[{"count":1,"href":"https:\/\/serrafm879.com.br\/serrafm\/wp-json\/wp\/v2\/posts\/19732\/revisions"}],"predecessor-version":[{"id":19734,"href":"https:\/\/serrafm879.com.br\/serrafm\/wp-json\/wp\/v2\/posts\/19732\/revisions\/19734"}],"wp:featuredmedia":[{"embeddable":true,"href":"https:\/\/serrafm879.com.br\/serrafm\/wp-json\/wp\/v2\/media\/19733"}],"wp:attachment":[{"href":"https:\/\/serrafm879.com.br\/serrafm\/wp-json\/wp\/v2\/media?parent=19732"}],"wp:term":[{"taxonomy":"category","embeddable":true,"href":"https:\/\/serrafm879.com.br\/serrafm\/wp-json\/wp\/v2\/categories?post=19732"},{"taxonomy":"post_tag","embeddable":true,"href":"https:\/\/serrafm879.com.br\/serrafm\/wp-json\/wp\/v2\/tags?post=19732"}],"curies":[{"name":"wp","href":"https:\/\/api.w.org\/{rel}","templated":true}]}}