{"id":19756,"date":"2025-01-11T07:00:38","date_gmt":"2025-01-11T10:00:38","guid":{"rendered":"https:\/?p=19756"},"modified":"2025-01-10T22:52:09","modified_gmt":"2025-01-11T01:52:09","slug":"rede-publica-estadual-inicia-efetivacao-da-matricula-para-o-ano-letivo-de-2025","status":"publish","type":"post","link":"https:\/\/serrafm879.com.br\/serrafm\/2025\/01\/rede-publica-estadual-inicia-efetivacao-da-matricula-para-o-ano-letivo-de-2025\/","title":{"rendered":"Rede P\u00fablica Estadual inicia efetiva\u00e7\u00e3o da matr\u00edcula para o ano letivo de 2025"},"content":{"rendered":"<p><strong>Do Di\u00e1rio de Pernambuco\u00a0<\/strong><\/p>\n<p>A Secretaria de Educa\u00e7\u00e3o e Esportes de Pernambuco (SEE) deu in\u00edcio, nessa segunda-feira (6), ao per\u00edodo de efetiva\u00e7\u00e3o de matr\u00edcula do ano letivo escolar de 2025.<\/p>\n<p>At\u00e9 o dia 17 de janeiro, todos os respons\u00e1veis que realizaram o cadastro no m\u00eas de dezembro, sejam provenientes das redes municipais ou novos ingressantes, devem comparecer presencialmente \u00e0 unidade escolar para a efetiva\u00e7\u00e3o da matr\u00edcula e entrega dos documentos necess\u00e1rios.<\/p>\n<p>As vagas n\u00e3o confirmadas retornar\u00e3o ao sistema de cadastro (www.matricularapida.pe.gov.br) para uma segunda oportunidade de inscri\u00e7\u00e3o, dispon\u00edvel entre os dias 20 e 23 de janeiro.<\/p>\n<p>Para a confirma\u00e7\u00e3o da matr\u00edcula dos estudantes, os pais ou respons\u00e1veis dever\u00e3o apresentar os seguintes documentos:<\/p>\n<ul>\n<li>n\u00famero de inscri\u00e7\u00e3o referente ao Cadastro 2025;<\/li>\n<li>c\u00f3pia da certid\u00e3o de nascimento;<\/li>\n<li>hist\u00f3rico escolar original ou declara\u00e7\u00e3o oficial da \u00faltima institui\u00e7\u00e3o de ensino frequentada;<\/li>\n<li>CPF;<\/li>\n<li>comprovante de resid\u00eancia contendo CEP;<\/li>\n<li>c\u00f3pia da carteira de vacina\u00e7\u00e3o;<\/li>\n<li>comprovante de tipo sangu\u00edneo e fator RH;<\/li>\n<li>al\u00e9m de uma foto recente no formato 3\u00d74.<\/li>\n<\/ul>\n<p>A segunda fase do processo ser\u00e1 o cadastro nas vagas n\u00e3o ocupadas e n\u00e3o efetivadas, que acontece entre 20 a 23 de janeiro, com sua efetiva\u00e7\u00e3o nos dias 27 a 29 de janeiro.<\/p>\n<h5>Vagas<\/h5>\n<p>Para 2025, foram ofertadas 176.942 vagas para estudantes novatos, das quais 99.609 j\u00e1 foram preenchidas por crian\u00e7as e jovens oriundos das redes municipais em processo realizado ao longo do segundo semestre.<\/p>\n<p>Do total de vagas dispon\u00edveis, 23.315 s\u00e3o para o Ensino Fundamental e 54.018 para o Ensino M\u00e9dio. Est\u00e1 inclusa nestas vagas a Educa\u00e7\u00e3o de Jovens e Adultos (EJA). Neste conjunto de vagas para o pr\u00f3ximo ano, est\u00e3o sendo disponibilizadas 37.702 para as Escolas em Tempo Integral, sendo 13.556 nas unidades concentradas em Recife e Regi\u00e3o Metropolitana e 24.146 no interior.<\/p>\n<p>As matr\u00edculas de cerca de 361 mil estudantes da Rede Estadual foram asseguradas automaticamente para o ano seguinte de sua trajet\u00f3ria escolar, por meio do Sistema de Informa\u00e7\u00f5es Educacionais de Pernambuco (SIEPE).<\/p>\n","protected":false},"excerpt":{"rendered":"<p>Do Di\u00e1rio de Pernambuco\u00a0 A Secretaria de Educa\u00e7\u00e3o e Esportes de Pernambuco (SEE) deu in\u00edcio, nessa segunda-feira (6), ao per\u00edodo de efetiva\u00e7\u00e3o de matr\u00edcula do ano letivo escolar de 2025. At\u00e9 o dia 17 de janeiro, todos os respons\u00e1veis que realizaram o cadastro no m\u00eas de dezembro, sejam provenientes das redes municipais ou novos ingressantes, devem comparecer presencialmente \u00e0 unidade escolar para a efetiva\u00e7\u00e3o da matr\u00edcula e entrega dos documentos necess\u00e1rios. As vagas n\u00e3o confirmadas retornar\u00e3o ao sistema de cadastro (www.matricularapida.pe.gov.br) para uma segunda oportunidade de inscri\u00e7\u00e3o, dispon\u00edvel entre os dias 20 e 23 de janeiro. Para a confirma\u00e7\u00e3o da [&hellip;]<\/p>\n","protected":false},"author":2,"featured_media":3869,"comment_status":"open","ping_status":"open","sticky":false,"template":"","format":"standard","meta":{"_jetpack_newsletter_access":"","_jetpack_dont_email_post_to_subs":false,"_jetpack_newsletter_tier_id":0,"_jetpack_memberships_contains_paywalled_content":false,"_jetpack_feature_clip_id":0,"_jetpack_memberships_contains_paid_content":false,"footnotes":"","jetpack_publicize_message":"","jetpack_publicize_feature_enabled":true,"jetpack_social_post_already_shared":true,"jetpack_social_options":{"image_generator_settings":{"template":"highway","default_image_id":0,"font":"","enabled":false},"version":2},"jetpack_post_was_ever_published":false},"categories":[1],"tags":[],"class_list":["post-19756","post","type-post","status-publish","format-standard","has-post-thumbnail","hentry","category-uncategorized"],"aioseo_notices":[],"aioseo_head":"\n\t\t<!-- All in One SEO 4.9.10 - aioseo.com -->\n\t<meta name=\"description\" content=\"Do Di\u00e1rio de Pernambuco A Secretaria de Educa\u00e7\u00e3o e Esportes de Pernambuco (SEE) deu in\u00edcio, nessa segunda-feira (6), ao per\u00edodo de efetiva\u00e7\u00e3o de matr\u00edcula do ano letivo escolar de 2025. At\u00e9 o dia 17 de janeiro, todos os respons\u00e1veis que realizaram o cadastro no m\u00eas de dezembro, sejam provenientes das redes municipais ou novos ingressantes,\" \/>\n\t<meta name=\"robots\" content=\"max-image-preview:large\" \/>\n\t<meta name=\"author\" content=\"serrafm87\"\/>\n\t<link rel=\"canonical\" href=\"https:\/\/serrafm879.com.br\/serrafm\/2025\/01\/rede-publica-estadual-inicia-efetivacao-da-matricula-para-o-ano-letivo-de-2025\/\" \/>\n\t<meta name=\"generator\" content=\"All in One SEO (AIOSEO) 4.9.10\" \/>\n\t\t<meta name=\"twitter:card\" content=\"summary_large_image\" \/>\n\t\t<meta name=\"twitter:title\" content=\"Rede P\u00fablica Estadual inicia efetiva\u00e7\u00e3o da matr\u00edcula para o ano letivo de 2025 - Serra FM 87,9\" \/>\n\t\t<meta name=\"twitter:description\" content=\"Do Di\u00e1rio de Pernambuco A Secretaria de Educa\u00e7\u00e3o e Esportes de Pernambuco (SEE) deu in\u00edcio, nessa segunda-feira (6), ao per\u00edodo de efetiva\u00e7\u00e3o de matr\u00edcula do ano letivo escolar de 2025. At\u00e9 o dia 17 de janeiro, todos os respons\u00e1veis que realizaram o cadastro no m\u00eas de dezembro, sejam provenientes das redes municipais ou novos ingressantes,\" \/>\n\t\t<meta name=\"twitter:image\" content=\"https:\/\/serrafm879.com.br\/serrafm\/wp-content\/uploads\/2020\/09\/Escola-estadual.jpg\" \/>\n\t\t<script type=\"application\/ld+json\" class=\"aioseo-schema\">\n\t\t\t{\"@context\":\"https:\\\/\\\/schema.org\",\"@graph\":[{\"@type\":\"BlogPosting\",\"@id\":\"https:\\\/\\\/serrafm879.com.br\\\/serrafm\\\/2025\\\/01\\\/rede-publica-estadual-inicia-efetivacao-da-matricula-para-o-ano-letivo-de-2025\\\/#blogposting\",\"name\":\"Rede P\\u00fablica Estadual inicia efetiva\\u00e7\\u00e3o da matr\\u00edcula para o ano letivo de 2025 - Serra FM 87,9\",\"headline\":\"Rede P\\u00fablica Estadual inicia efetiva\\u00e7\\u00e3o da matr\\u00edcula para o ano letivo de 2025\",\"author\":{\"@id\":\"https:\\\/\\\/serrafm879.com.br\\\/serrafm\\\/author\\\/serrafm87\\\/#author\"},\"publisher\":{\"@id\":\"https:\\\/\\\/serrafm879.com.br\\\/serrafm\\\/#organization\"},\"image\":{\"@type\":\"ImageObject\",\"url\":\"https:\\\/\\\/serrafm879.com.br\\\/serrafm\\\/wp-content\\\/uploads\\\/2020\\\/09\\\/Escola-estadual.jpg\",\"width\":449,\"height\":365},\"datePublished\":\"2025-01-11T07:00:38-03:00\",\"dateModified\":\"2025-01-10T22:52:09-03:00\",\"inLanguage\":\"pt-BR\",\"mainEntityOfPage\":{\"@id\":\"https:\\\/\\\/serrafm879.com.br\\\/serrafm\\\/2025\\\/01\\\/rede-publica-estadual-inicia-efetivacao-da-matricula-para-o-ano-letivo-de-2025\\\/#webpage\"},\"isPartOf\":{\"@id\":\"https:\\\/\\\/serrafm879.com.br\\\/serrafm\\\/2025\\\/01\\\/rede-publica-estadual-inicia-efetivacao-da-matricula-para-o-ano-letivo-de-2025\\\/#webpage\"},\"articleSection\":\"Uncategorized\"},{\"@type\":\"BreadcrumbList\",\"@id\":\"https:\\\/\\\/serrafm879.com.br\\\/serrafm\\\/2025\\\/01\\\/rede-publica-estadual-inicia-efetivacao-da-matricula-para-o-ano-letivo-de-2025\\\/#breadcrumblist\",\"itemListElement\":[{\"@type\":\"ListItem\",\"@id\":\"https:\\\/\\\/serrafm879.com.br\\\/serrafm#listItem\",\"position\":1,\"name\":\"Home\",\"item\":\"https:\\\/\\\/serrafm879.com.br\\\/serrafm\",\"nextItem\":{\"@type\":\"ListItem\",\"@id\":\"https:\\\/\\\/serrafm879.com.br\\\/serrafm\\\/categoria\\\/uncategorized\\\/#listItem\",\"name\":\"Uncategorized\"}},{\"@type\":\"ListItem\",\"@id\":\"https:\\\/\\\/serrafm879.com.br\\\/serrafm\\\/categoria\\\/uncategorized\\\/#listItem\",\"position\":2,\"name\":\"Uncategorized\",\"item\":\"https:\\\/\\\/serrafm879.com.br\\\/serrafm\\\/categoria\\\/uncategorized\\\/\",\"nextItem\":{\"@type\":\"ListItem\",\"@id\":\"https:\\\/\\\/serrafm879.com.br\\\/serrafm\\\/2025\\\/01\\\/rede-publica-estadual-inicia-efetivacao-da-matricula-para-o-ano-letivo-de-2025\\\/#listItem\",\"name\":\"Rede P\\u00fablica Estadual inicia efetiva\\u00e7\\u00e3o da matr\\u00edcula para o ano letivo de 2025\"},\"previousItem\":{\"@type\":\"ListItem\",\"@id\":\"https:\\\/\\\/serrafm879.com.br\\\/serrafm#listItem\",\"name\":\"Home\"}},{\"@type\":\"ListItem\",\"@id\":\"https:\\\/\\\/serrafm879.com.br\\\/serrafm\\\/2025\\\/01\\\/rede-publica-estadual-inicia-efetivacao-da-matricula-para-o-ano-letivo-de-2025\\\/#listItem\",\"position\":3,\"name\":\"Rede P\\u00fablica Estadual inicia efetiva\\u00e7\\u00e3o da matr\\u00edcula para o ano letivo de 2025\",\"previousItem\":{\"@type\":\"ListItem\",\"@id\":\"https:\\\/\\\/serrafm879.com.br\\\/serrafm\\\/categoria\\\/uncategorized\\\/#listItem\",\"name\":\"Uncategorized\"}}]},{\"@type\":\"Organization\",\"@id\":\"https:\\\/\\\/serrafm879.com.br\\\/serrafm\\\/#organization\",\"name\":\"Serra FM 87,9\",\"description\":\"O seu novo amor!\",\"url\":\"https:\\\/\\\/serrafm879.com.br\\\/serrafm\\\/\"},{\"@type\":\"Person\",\"@id\":\"https:\\\/\\\/serrafm879.com.br\\\/serrafm\\\/author\\\/serrafm87\\\/#author\",\"url\":\"https:\\\/\\\/serrafm879.com.br\\\/serrafm\\\/author\\\/serrafm87\\\/\",\"name\":\"serrafm87\",\"image\":{\"@type\":\"ImageObject\",\"@id\":\"https:\\\/\\\/serrafm879.com.br\\\/serrafm\\\/2025\\\/01\\\/rede-publica-estadual-inicia-efetivacao-da-matricula-para-o-ano-letivo-de-2025\\\/#authorImage\",\"url\":\"https:\\\/\\\/secure.gravatar.com\\\/avatar\\\/a743233f1112d34f48bb3dc9559b76eb930bab8b27175856cba6362608736235?s=96&d=mm&r=g\",\"width\":96,\"height\":96,\"caption\":\"serrafm87\"}},{\"@type\":\"WebPage\",\"@id\":\"https:\\\/\\\/serrafm879.com.br\\\/serrafm\\\/2025\\\/01\\\/rede-publica-estadual-inicia-efetivacao-da-matricula-para-o-ano-letivo-de-2025\\\/#webpage\",\"url\":\"https:\\\/\\\/serrafm879.com.br\\\/serrafm\\\/2025\\\/01\\\/rede-publica-estadual-inicia-efetivacao-da-matricula-para-o-ano-letivo-de-2025\\\/\",\"name\":\"Rede P\\u00fablica Estadual inicia efetiva\\u00e7\\u00e3o da matr\\u00edcula para o ano letivo de 2025 - Serra FM 87,9\",\"description\":\"Do Di\\u00e1rio de Pernambuco A Secretaria de Educa\\u00e7\\u00e3o e Esportes de Pernambuco (SEE) deu in\\u00edcio, nessa segunda-feira (6), ao per\\u00edodo de efetiva\\u00e7\\u00e3o de matr\\u00edcula do ano letivo escolar de 2025. At\\u00e9 o dia 17 de janeiro, todos os respons\\u00e1veis que realizaram o cadastro no m\\u00eas de dezembro, sejam provenientes das redes municipais ou novos ingressantes,\",\"inLanguage\":\"pt-BR\",\"isPartOf\":{\"@id\":\"https:\\\/\\\/serrafm879.com.br\\\/serrafm\\\/#website\"},\"breadcrumb\":{\"@id\":\"https:\\\/\\\/serrafm879.com.br\\\/serrafm\\\/2025\\\/01\\\/rede-publica-estadual-inicia-efetivacao-da-matricula-para-o-ano-letivo-de-2025\\\/#breadcrumblist\"},\"author\":{\"@id\":\"https:\\\/\\\/serrafm879.com.br\\\/serrafm\\\/author\\\/serrafm87\\\/#author\"},\"creator\":{\"@id\":\"https:\\\/\\\/serrafm879.com.br\\\/serrafm\\\/author\\\/serrafm87\\\/#author\"},\"image\":{\"@type\":\"ImageObject\",\"url\":\"https:\\\/\\\/serrafm879.com.br\\\/serrafm\\\/wp-content\\\/uploads\\\/2020\\\/09\\\/Escola-estadual.jpg\",\"@id\":\"https:\\\/\\\/serrafm879.com.br\\\/serrafm\\\/2025\\\/01\\\/rede-publica-estadual-inicia-efetivacao-da-matricula-para-o-ano-letivo-de-2025\\\/#mainImage\",\"width\":449,\"height\":365},\"primaryImageOfPage\":{\"@id\":\"https:\\\/\\\/serrafm879.com.br\\\/serrafm\\\/2025\\\/01\\\/rede-publica-estadual-inicia-efetivacao-da-matricula-para-o-ano-letivo-de-2025\\\/#mainImage\"},\"datePublished\":\"2025-01-11T07:00:38-03:00\",\"dateModified\":\"2025-01-10T22:52:09-03:00\"},{\"@type\":\"WebSite\",\"@id\":\"https:\\\/\\\/serrafm879.com.br\\\/serrafm\\\/#website\",\"url\":\"https:\\\/\\\/serrafm879.com.br\\\/serrafm\\\/\",\"name\":\"Serra FM 87,9\",\"description\":\"O seu novo amor!\",\"inLanguage\":\"pt-BR\",\"publisher\":{\"@id\":\"https:\\\/\\\/serrafm879.com.br\\\/serrafm\\\/#organization\"}}]}\n\t\t<\/script>\n\t\t<!-- All in One SEO -->\n\n","aioseo_head_json":{"title":"Rede P\u00fablica Estadual inicia efetiva\u00e7\u00e3o da matr\u00edcula para o ano letivo de 2025 - Serra FM 87,9","description":"Do Di\u00e1rio de Pernambuco A Secretaria de Educa\u00e7\u00e3o e Esportes de Pernambuco (SEE) deu in\u00edcio, nessa segunda-feira (6), ao per\u00edodo de efetiva\u00e7\u00e3o de matr\u00edcula do ano letivo escolar de 2025. At\u00e9 o dia 17 de janeiro, todos os respons\u00e1veis que realizaram o cadastro no m\u00eas de dezembro, sejam provenientes das redes municipais ou novos ingressantes,","canonical_url":"https:\/\/serrafm879.com.br\/serrafm\/2025\/01\/rede-publica-estadual-inicia-efetivacao-da-matricula-para-o-ano-letivo-de-2025\/","robots":"max-image-preview:large","keywords":"","webmasterTools":{"miscellaneous":""},"schema":{"@context":"https:\/\/schema.org","@graph":[{"@type":"BlogPosting","@id":"https:\/\/serrafm879.com.br\/serrafm\/2025\/01\/rede-publica-estadual-inicia-efetivacao-da-matricula-para-o-ano-letivo-de-2025\/#blogposting","name":"Rede P\u00fablica Estadual inicia efetiva\u00e7\u00e3o da matr\u00edcula para o ano letivo de 2025 - Serra FM 87,9","headline":"Rede P\u00fablica Estadual inicia efetiva\u00e7\u00e3o da matr\u00edcula para o ano letivo de 2025","author":{"@id":"https:\/\/serrafm879.com.br\/serrafm\/author\/serrafm87\/#author"},"publisher":{"@id":"https:\/\/serrafm879.com.br\/serrafm\/#organization"},"image":{"@type":"ImageObject","url":"https:\/\/serrafm879.com.br\/serrafm\/wp-content\/uploads\/2020\/09\/Escola-estadual.jpg","width":449,"height":365},"datePublished":"2025-01-11T07:00:38-03:00","dateModified":"2025-01-10T22:52:09-03:00","inLanguage":"pt-BR","mainEntityOfPage":{"@id":"https:\/\/serrafm879.com.br\/serrafm\/2025\/01\/rede-publica-estadual-inicia-efetivacao-da-matricula-para-o-ano-letivo-de-2025\/#webpage"},"isPartOf":{"@id":"https:\/\/serrafm879.com.br\/serrafm\/2025\/01\/rede-publica-estadual-inicia-efetivacao-da-matricula-para-o-ano-letivo-de-2025\/#webpage"},"articleSection":"Uncategorized"},{"@type":"BreadcrumbList","@id":"https:\/\/serrafm879.com.br\/serrafm\/2025\/01\/rede-publica-estadual-inicia-efetivacao-da-matricula-para-o-ano-letivo-de-2025\/#breadcrumblist","itemListElement":[{"@type":"ListItem","@id":"https:\/\/serrafm879.com.br\/serrafm#listItem","position":1,"name":"Home","item":"https:\/\/serrafm879.com.br\/serrafm","nextItem":{"@type":"ListItem","@id":"https:\/\/serrafm879.com.br\/serrafm\/categoria\/uncategorized\/#listItem","name":"Uncategorized"}},{"@type":"ListItem","@id":"https:\/\/serrafm879.com.br\/serrafm\/categoria\/uncategorized\/#listItem","position":2,"name":"Uncategorized","item":"https:\/\/serrafm879.com.br\/serrafm\/categoria\/uncategorized\/","nextItem":{"@type":"ListItem","@id":"https:\/\/serrafm879.com.br\/serrafm\/2025\/01\/rede-publica-estadual-inicia-efetivacao-da-matricula-para-o-ano-letivo-de-2025\/#listItem","name":"Rede P\u00fablica Estadual inicia efetiva\u00e7\u00e3o da matr\u00edcula para o ano letivo de 2025"},"previousItem":{"@type":"ListItem","@id":"https:\/\/serrafm879.com.br\/serrafm#listItem","name":"Home"}},{"@type":"ListItem","@id":"https:\/\/serrafm879.com.br\/serrafm\/2025\/01\/rede-publica-estadual-inicia-efetivacao-da-matricula-para-o-ano-letivo-de-2025\/#listItem","position":3,"name":"Rede P\u00fablica Estadual inicia efetiva\u00e7\u00e3o da matr\u00edcula para o ano letivo de 2025","previousItem":{"@type":"ListItem","@id":"https:\/\/serrafm879.com.br\/serrafm\/categoria\/uncategorized\/#listItem","name":"Uncategorized"}}]},{"@type":"Organization","@id":"https:\/\/serrafm879.com.br\/serrafm\/#organization","name":"Serra FM 87,9","description":"O seu novo amor!","url":"https:\/\/serrafm879.com.br\/serrafm\/"},{"@type":"Person","@id":"https:\/\/serrafm879.com.br\/serrafm\/author\/serrafm87\/#author","url":"https:\/\/serrafm879.com.br\/serrafm\/author\/serrafm87\/","name":"serrafm87","image":{"@type":"ImageObject","@id":"https:\/\/serrafm879.com.br\/serrafm\/2025\/01\/rede-publica-estadual-inicia-efetivacao-da-matricula-para-o-ano-letivo-de-2025\/#authorImage","url":"https:\/\/secure.gravatar.com\/avatar\/a743233f1112d34f48bb3dc9559b76eb930bab8b27175856cba6362608736235?s=96&d=mm&r=g","width":96,"height":96,"caption":"serrafm87"}},{"@type":"WebPage","@id":"https:\/\/serrafm879.com.br\/serrafm\/2025\/01\/rede-publica-estadual-inicia-efetivacao-da-matricula-para-o-ano-letivo-de-2025\/#webpage","url":"https:\/\/serrafm879.com.br\/serrafm\/2025\/01\/rede-publica-estadual-inicia-efetivacao-da-matricula-para-o-ano-letivo-de-2025\/","name":"Rede P\u00fablica Estadual inicia efetiva\u00e7\u00e3o da matr\u00edcula para o ano letivo de 2025 - Serra FM 87,9","description":"Do Di\u00e1rio de Pernambuco A Secretaria de Educa\u00e7\u00e3o e Esportes de Pernambuco (SEE) deu in\u00edcio, nessa segunda-feira (6), ao per\u00edodo de efetiva\u00e7\u00e3o de matr\u00edcula do ano letivo escolar de 2025. At\u00e9 o dia 17 de janeiro, todos os respons\u00e1veis que realizaram o cadastro no m\u00eas de dezembro, sejam provenientes das redes municipais ou novos ingressantes,","inLanguage":"pt-BR","isPartOf":{"@id":"https:\/\/serrafm879.com.br\/serrafm\/#website"},"breadcrumb":{"@id":"https:\/\/serrafm879.com.br\/serrafm\/2025\/01\/rede-publica-estadual-inicia-efetivacao-da-matricula-para-o-ano-letivo-de-2025\/#breadcrumblist"},"author":{"@id":"https:\/\/serrafm879.com.br\/serrafm\/author\/serrafm87\/#author"},"creator":{"@id":"https:\/\/serrafm879.com.br\/serrafm\/author\/serrafm87\/#author"},"image":{"@type":"ImageObject","url":"https:\/\/serrafm879.com.br\/serrafm\/wp-content\/uploads\/2020\/09\/Escola-estadual.jpg","@id":"https:\/\/serrafm879.com.br\/serrafm\/2025\/01\/rede-publica-estadual-inicia-efetivacao-da-matricula-para-o-ano-letivo-de-2025\/#mainImage","width":449,"height":365},"primaryImageOfPage":{"@id":"https:\/\/serrafm879.com.br\/serrafm\/2025\/01\/rede-publica-estadual-inicia-efetivacao-da-matricula-para-o-ano-letivo-de-2025\/#mainImage"},"datePublished":"2025-01-11T07:00:38-03:00","dateModified":"2025-01-10T22:52:09-03:00"},{"@type":"WebSite","@id":"https:\/\/serrafm879.com.br\/serrafm\/#website","url":"https:\/\/serrafm879.com.br\/serrafm\/","name":"Serra FM 87,9","description":"O seu novo amor!","inLanguage":"pt-BR","publisher":{"@id":"https:\/\/serrafm879.com.br\/serrafm\/#organization"}}]},"twitter:card":"summary_large_image","twitter:title":"Rede P\u00fablica Estadual inicia efetiva\u00e7\u00e3o da matr\u00edcula para o ano letivo de 2025 - Serra FM 87,9","twitter:description":"Do Di\u00e1rio de Pernambuco A Secretaria de Educa\u00e7\u00e3o e Esportes de Pernambuco (SEE) deu in\u00edcio, nessa segunda-feira (6), ao per\u00edodo de efetiva\u00e7\u00e3o de matr\u00edcula do ano letivo escolar de 2025. At\u00e9 o dia 17 de janeiro, todos os respons\u00e1veis que realizaram o cadastro no m\u00eas de dezembro, sejam provenientes das redes municipais ou novos ingressantes,","twitter:image":"https:\/\/serrafm879.com.br\/serrafm\/wp-content\/uploads\/2020\/09\/Escola-estadual.jpg"},"aioseo_meta_data":{"post_id":"19756","title":null,"description":null,"keywords":null,"keyphrases":null,"primary_term":null,"canonical_url":null,"og_title":null,"og_description":null,"og_object_type":"default","og_image_type":"default","og_image_custom_url":null,"og_image_custom_fields":null,"og_image_url":null,"og_image_width":null,"og_image_height":null,"og_video":null,"og_custom_url":null,"og_article_section":null,"og_article_tags":null,"twitter_use_og":false,"twitter_card":"default","twitter_image_type":"default","twitter_image_custom_url":null,"twitter_image_custom_fields":null,"twitter_image_url":null,"twitter_title":null,"twitter_description":null,"schema_type":"default","schema_type_options":null,"schema":{"blockGraphs":[],"customGraphs":[],"default":{"data":{"Article":[],"Course":[],"Dataset":[],"FAQPage":[],"Movie":[],"Person":[],"Product":[],"ProductReview":[],"Car":[],"Recipe":[],"Service":[],"SoftwareApplication":[],"WebPage":[]},"graphName":"","isEnabled":true},"graphs":[]},"pillar_content":false,"robots_default":true,"robots_noindex":false,"robots_noarchive":false,"robots_nosnippet":false,"robots_nofollow":false,"robots_noimageindex":false,"robots_noodp":false,"robots_notranslate":false,"robots_max_snippet":null,"robots_max_videopreview":null,"robots_max_imagepreview":"large","priority":null,"frequency":null,"local_seo":null,"limit_modified_date":false,"ai":null,"breadcrumb_settings":null,"seo_analyzer_scan_date":null,"created":"2026-07-21 13:05:26","updated":"2026-07-21 13:05:26"},"aioseo_breadcrumb":"<div class=\"aioseo-breadcrumbs\"><span class=\"aioseo-breadcrumb\">\n\t\t\t<a href=\"https:\/\/serrafm879.com.br\/serrafm\" title=\"Home\">Home<\/a>\n\t\t<\/span><span class=\"aioseo-breadcrumb-separator\">&raquo;<\/span><span class=\"aioseo-breadcrumb\">\n\t\t\t<a href=\"https:\/\/serrafm879.com.br\/serrafm\/categoria\/uncategorized\/\" title=\"Uncategorized\">Uncategorized<\/a>\n\t\t<\/span><span class=\"aioseo-breadcrumb-separator\">&raquo;<\/span><span class=\"aioseo-breadcrumb\">\n\t\t\tRede P\u00fablica Estadual inicia efetiva\u00e7\u00e3o da matr\u00edcula para o ano letivo de 2025\n\t\t<\/span><\/div>","aioseo_breadcrumb_json":[{"label":"Home","link":"https:\/\/serrafm879.com.br\/serrafm"},{"label":"Uncategorized","link":"https:\/\/serrafm879.com.br\/serrafm\/categoria\/uncategorized\/"},{"label":"Rede P\u00fablica Estadual inicia efetiva\u00e7\u00e3o da matr\u00edcula para o ano letivo de 2025","link":"https:\/\/serrafm879.com.br\/serrafm\/2025\/01\/rede-publica-estadual-inicia-efetivacao-da-matricula-para-o-ano-letivo-de-2025\/"}],"jetpack_publicize_connections":[],"jetpack_featured_media_url":"https:\/\/serrafm879.com.br\/serrafm\/wp-content\/uploads\/2020\/09\/Escola-estadual.jpg","jetpack_shortlink":"https:\/\/wp.me\/p7HyXg-58E","jetpack_sharing_enabled":true,"_links":{"self":[{"href":"https:\/\/serrafm879.com.br\/serrafm\/wp-json\/wp\/v2\/posts\/19756","targetHints":{"allow":["GET"]}}],"collection":[{"href":"https:\/\/serrafm879.com.br\/serrafm\/wp-json\/wp\/v2\/posts"}],"about":[{"href":"https:\/\/serrafm879.com.br\/serrafm\/wp-json\/wp\/v2\/types\/post"}],"author":[{"embeddable":true,"href":"https:\/\/serrafm879.com.br\/serrafm\/wp-json\/wp\/v2\/users\/2"}],"replies":[{"embeddable":true,"href":"https:\/\/serrafm879.com.br\/serrafm\/wp-json\/wp\/v2\/comments?post=19756"}],"version-history":[{"count":1,"href":"https:\/\/serrafm879.com.br\/serrafm\/wp-json\/wp\/v2\/posts\/19756\/revisions"}],"predecessor-version":[{"id":19757,"href":"https:\/\/serrafm879.com.br\/serrafm\/wp-json\/wp\/v2\/posts\/19756\/revisions\/19757"}],"wp:featuredmedia":[{"embeddable":true,"href":"https:\/\/serrafm879.com.br\/serrafm\/wp-json\/wp\/v2\/media\/3869"}],"wp:attachment":[{"href":"https:\/\/serrafm879.com.br\/serrafm\/wp-json\/wp\/v2\/media?parent=19756"}],"wp:term":[{"taxonomy":"category","embeddable":true,"href":"https:\/\/serrafm879.com.br\/serrafm\/wp-json\/wp\/v2\/categories?post=19756"},{"taxonomy":"post_tag","embeddable":true,"href":"https:\/\/serrafm879.com.br\/serrafm\/wp-json\/wp\/v2\/tags?post=19756"}],"curies":[{"name":"wp","href":"https:\/\/api.w.org\/{rel}","templated":true}]}}