{"id":19758,"date":"2025-01-11T06:52:31","date_gmt":"2025-01-11T09:52:31","guid":{"rendered":"https:\/?p=19758"},"modified":"2025-01-10T23:01:53","modified_gmt":"2025-01-11T02:01:53","slug":"19758","status":"publish","type":"post","link":"https:\/\/serrafm879.com.br\/serrafm\/2025\/01\/19758\/","title":{"rendered":"Sedada e sendo monitorada, diz equipe m\u00e9dica sobre mulher que contraiu raiva humana em Pernambuco"},"content":{"rendered":"<p><strong>Da Folha PE<\/strong><\/p>\n<p>A equipe m\u00e9dica do Hospital Universit\u00e1rio Oswaldo Cruz, em Santo Amaro, no Centro do Recife, deu detalhes, na tarde desta sexta-feira (10), sobre o estado de sa\u00fade da paciente de 56 anos internada com raiva humana, ap\u00f3s ser mordida por um sagui. Ela \u00e9 a primeira pessoa acometida pela doen\u00e7a em Pernambuco em oito anos.<\/p>\n<p>Segundo a assessoria de comunica\u00e7\u00e3o da unidade m\u00e9dica, a paciente segue em estado grave.<\/p>\n<p>&#8220;Ela encontra-se sedada, respirando com aux\u00edlio de aparelho e sendo monitorada pela equipe multidisciplinar da unidade de sa\u00fade&#8221;, afirma a institui\u00e7\u00e3o de sa\u00fade, por meio de nota.<\/p>\n<p>Moradora da cidade de Santa Maria do Cambuc\u00e1, no Agreste do Estado, ela est\u00e1 internada no hospital desde 31 de dezembro.<\/p>\n<p>A m\u00e9dica intensivista Reginelle Terto, do Hospital Oswaldo Cruz, em entrevista \u00e0 Folha de Pernambuco, fez um alerta para o cuidado com os animais.<\/p>\n<p>&#8220;A gente precisa evitar a ojeriza, a raiva contra os animais. O que a gente precisa fazer \u00e9 o cuidado ap\u00f3s o acidente acontecer. A melhor preven\u00e7\u00e3o da raiva \u00e9 vacinar o animal e ter os cuidados quando acontecem acidentes. Os animais n\u00e3o t\u00eam culpa, e a gente precisa se prevenir&#8221;, explicou ela.<\/p>\n<h5>Entenda o caso<\/h5>\n<p>A paciente apresentou uma les\u00e3o na m\u00e3o esquerda depois de ser mordida por um sagui e teve quadro de dorm\u00eancia, que se irradiou para o tor\u00e1x. Ela tamb\u00e9m tinha dores e fraqueza.<\/p>\n<p>Um exame feito pelo Instituto Pasteur confirmou, na quarta-feira (8), a contamina\u00e7\u00e3o por raiva. A mulher segue sendo assistida por uma equipe multiprofissional do hospital na Capital pernambucana.<\/p>\n<p>&#8220;No dia 2 de janeiro, ela apresentou uma piora importante e precisou ser entubada e ir para a ventila\u00e7\u00e3o mec\u00e2nica. Desde ent\u00e3o, estamos mantendo o cuidado neurocl\u00ednico dela, e fazendo o protocolo, conforme o Minist\u00e9rio da Sa\u00fade&#8221;, completou a m\u00e9dica.<\/p>\n<p>Segundo a SES-PE, o laudo do exame demonstra que o v\u00edrus encontrado na paciente \u00e9 de origem silvestre.<\/p>\n<h5>Cuidados a serem tomados<\/h5>\n<p>Durante a entrevista, a m\u00e9dica intensivista aproveitou a oportunidade para conscientizar a popula\u00e7\u00e3o acerca da preven\u00e7\u00e3o \u00e0 raiva. Segudo ela, manter a vacina\u00e7\u00e3o antirr\u00e1bica aos animais dom\u00e9sticos e de rua \u00e9 importante. &#8220;O v\u00edrus existe na natureza. A gente n\u00e3o vai conseguir acabar com ele&#8221;, frisou.<\/p>\n<p>Doen\u00e7a infecciosa viral aguda causada pelo v\u00edrus do g\u00eanero Lyssavirus, a raiva humana tem taxa de letalidade de 100%. A raiva pode ser transmitida ao ser humano pela mordedura, arranhadura ou lambedura de um animal infectado.<\/p>\n<p>Em caso de contato, o paciente pode apresentar, ap\u00f3s o per\u00edodo de dois a dez dias de incuba\u00e7\u00e3o, sintomas como:<\/p>\n<p>&#8211; Mal-estar geral;<\/p>\n<p>&#8211; Pequeno aumento de temperatura;<\/p>\n<p>&#8211; Anorexia;<\/p>\n<p>&#8211; Cefaleia;<\/p>\n<p>&#8211; N\u00e1useas;<\/p>\n<p>&#8211; Dor de garganta;<\/p>\n<p>&#8211; Entorpecimento;<\/p>\n<p>&#8211; Irritabilidade;<\/p>\n<p>&#8211; Inquietude;<\/p>\n<p>&#8211; Sensa\u00e7\u00e3o de ang\u00fastia.<\/p>\n<p>O diagn\u00f3stico \u00e9 feito obrigatoriamente por meio laboratorial, a partir de t\u00e9cnicas diversas. A medida mais eficaz contra a raiva humana \u00e9 a preven\u00e7\u00e3o pela vacina\u00e7\u00e3o pr\u00e9 ou p\u00f3s-exposi\u00e7\u00e3o.<\/p>\n<p>Completa em <a href=\"https:\/\/www.folhape.com.br\/noticias\/raiva-humana-pernambuco\/383643\/\">Folha PE<\/a><\/p>\n","protected":false},"excerpt":{"rendered":"<p>Da Folha PE A equipe m\u00e9dica do Hospital Universit\u00e1rio Oswaldo Cruz, em Santo Amaro, no Centro do Recife, deu detalhes, na tarde desta sexta-feira (10), sobre o estado de sa\u00fade da paciente de 56 anos internada com raiva humana, ap\u00f3s ser mordida por um sagui. Ela \u00e9 a primeira pessoa acometida pela doen\u00e7a em Pernambuco em oito anos. Segundo a assessoria de comunica\u00e7\u00e3o da unidade m\u00e9dica, a paciente segue em estado grave. &#8220;Ela encontra-se sedada, respirando com aux\u00edlio de aparelho e sendo monitorada pela equipe multidisciplinar da unidade de sa\u00fade&#8221;, afirma a institui\u00e7\u00e3o de sa\u00fade, por meio de nota. Moradora [&hellip;]<\/p>\n","protected":false},"author":2,"featured_media":19759,"comment_status":"open","ping_status":"open","sticky":false,"template":"","format":"standard","meta":{"_jetpack_newsletter_access":"","_jetpack_dont_email_post_to_subs":false,"_jetpack_newsletter_tier_id":0,"_jetpack_memberships_contains_paywalled_content":false,"_jetpack_feature_clip_id":0,"_jetpack_memberships_contains_paid_content":false,"footnotes":"","jetpack_publicize_message":"","jetpack_publicize_feature_enabled":true,"jetpack_social_post_already_shared":true,"jetpack_social_options":{"image_generator_settings":{"template":"highway","default_image_id":0,"font":"","enabled":false},"version":2},"jetpack_post_was_ever_published":false},"categories":[1],"tags":[],"class_list":["post-19758","post","type-post","status-publish","format-standard","has-post-thumbnail","hentry","category-uncategorized"],"aioseo_notices":[],"aioseo_head":"\n\t\t<!-- All in One SEO 4.9.10 - aioseo.com -->\n\t<meta name=\"description\" content=\"Da Folha PE A equipe m\u00e9dica do Hospital Universit\u00e1rio Oswaldo Cruz, em Santo Amaro, no Centro do Recife, deu detalhes, na tarde desta sexta-feira (10), sobre o estado de sa\u00fade da paciente de 56 anos internada com raiva humana, ap\u00f3s ser mordida por um sagui. Ela \u00e9 a primeira pessoa acometida pela doen\u00e7a em Pernambuco\" \/>\n\t<meta name=\"robots\" content=\"max-image-preview:large\" \/>\n\t<meta name=\"author\" content=\"serrafm87\"\/>\n\t<link rel=\"canonical\" href=\"https:\/\/serrafm879.com.br\/serrafm\/2025\/01\/19758\/\" \/>\n\t<meta name=\"generator\" content=\"All in One SEO (AIOSEO) 4.9.10\" \/>\n\t\t<meta name=\"twitter:card\" content=\"summary_large_image\" \/>\n\t\t<meta name=\"twitter:title\" content=\"Sedada e sendo monitorada, diz equipe m\u00e9dica sobre mulher que contraiu raiva humana em Pernambuco - Serra FM 87,9\" \/>\n\t\t<meta name=\"twitter:description\" content=\"Da Folha PE A equipe m\u00e9dica do Hospital Universit\u00e1rio Oswaldo Cruz, em Santo Amaro, no Centro do Recife, deu detalhes, na tarde desta sexta-feira (10), sobre o estado de sa\u00fade da paciente de 56 anos internada com raiva humana, ap\u00f3s ser mordida por um sagui. Ela \u00e9 a primeira pessoa acometida pela doen\u00e7a em Pernambuco\" \/>\n\t\t<meta name=\"twitter:image\" content=\"https:\/\/serrafm879.com.br\/serrafm\/wp-content\/uploads\/2025\/01\/whatsapp-image-2025-01-10-at-124646.jpeg\" \/>\n\t\t<script type=\"application\/ld+json\" class=\"aioseo-schema\">\n\t\t\t{\"@context\":\"https:\\\/\\\/schema.org\",\"@graph\":[{\"@type\":\"BlogPosting\",\"@id\":\"https:\\\/\\\/serrafm879.com.br\\\/serrafm\\\/2025\\\/01\\\/19758\\\/#blogposting\",\"name\":\"Sedada e sendo monitorada, diz equipe m\\u00e9dica sobre mulher que contraiu raiva humana em Pernambuco - Serra FM 87,9\",\"headline\":\"Sedada e sendo monitorada, diz equipe m\\u00e9dica sobre mulher que contraiu raiva humana em Pernambuco\",\"author\":{\"@id\":\"https:\\\/\\\/serrafm879.com.br\\\/serrafm\\\/author\\\/serrafm87\\\/#author\"},\"publisher\":{\"@id\":\"https:\\\/\\\/serrafm879.com.br\\\/serrafm\\\/#organization\"},\"image\":{\"@type\":\"ImageObject\",\"url\":\"https:\\\/\\\/serrafm879.com.br\\\/serrafm\\\/wp-content\\\/uploads\\\/2025\\\/01\\\/whatsapp-image-2025-01-10-at-124646.jpeg\",\"width\":450,\"height\":300},\"datePublished\":\"2025-01-11T06:52:31-03:00\",\"dateModified\":\"2025-01-10T23:01:53-03:00\",\"inLanguage\":\"pt-BR\",\"mainEntityOfPage\":{\"@id\":\"https:\\\/\\\/serrafm879.com.br\\\/serrafm\\\/2025\\\/01\\\/19758\\\/#webpage\"},\"isPartOf\":{\"@id\":\"https:\\\/\\\/serrafm879.com.br\\\/serrafm\\\/2025\\\/01\\\/19758\\\/#webpage\"},\"articleSection\":\"Uncategorized\"},{\"@type\":\"BreadcrumbList\",\"@id\":\"https:\\\/\\\/serrafm879.com.br\\\/serrafm\\\/2025\\\/01\\\/19758\\\/#breadcrumblist\",\"itemListElement\":[{\"@type\":\"ListItem\",\"@id\":\"https:\\\/\\\/serrafm879.com.br\\\/serrafm#listItem\",\"position\":1,\"name\":\"Home\",\"item\":\"https:\\\/\\\/serrafm879.com.br\\\/serrafm\",\"nextItem\":{\"@type\":\"ListItem\",\"@id\":\"https:\\\/\\\/serrafm879.com.br\\\/serrafm\\\/categoria\\\/uncategorized\\\/#listItem\",\"name\":\"Uncategorized\"}},{\"@type\":\"ListItem\",\"@id\":\"https:\\\/\\\/serrafm879.com.br\\\/serrafm\\\/categoria\\\/uncategorized\\\/#listItem\",\"position\":2,\"name\":\"Uncategorized\",\"item\":\"https:\\\/\\\/serrafm879.com.br\\\/serrafm\\\/categoria\\\/uncategorized\\\/\",\"nextItem\":{\"@type\":\"ListItem\",\"@id\":\"https:\\\/\\\/serrafm879.com.br\\\/serrafm\\\/2025\\\/01\\\/19758\\\/#listItem\",\"name\":\"Sedada e sendo monitorada, diz equipe m\\u00e9dica sobre mulher que contraiu raiva humana em Pernambuco\"},\"previousItem\":{\"@type\":\"ListItem\",\"@id\":\"https:\\\/\\\/serrafm879.com.br\\\/serrafm#listItem\",\"name\":\"Home\"}},{\"@type\":\"ListItem\",\"@id\":\"https:\\\/\\\/serrafm879.com.br\\\/serrafm\\\/2025\\\/01\\\/19758\\\/#listItem\",\"position\":3,\"name\":\"Sedada e sendo monitorada, diz equipe m\\u00e9dica sobre mulher que contraiu raiva humana em Pernambuco\",\"previousItem\":{\"@type\":\"ListItem\",\"@id\":\"https:\\\/\\\/serrafm879.com.br\\\/serrafm\\\/categoria\\\/uncategorized\\\/#listItem\",\"name\":\"Uncategorized\"}}]},{\"@type\":\"Organization\",\"@id\":\"https:\\\/\\\/serrafm879.com.br\\\/serrafm\\\/#organization\",\"name\":\"Serra FM 87,9\",\"description\":\"O seu novo amor!\",\"url\":\"https:\\\/\\\/serrafm879.com.br\\\/serrafm\\\/\"},{\"@type\":\"Person\",\"@id\":\"https:\\\/\\\/serrafm879.com.br\\\/serrafm\\\/author\\\/serrafm87\\\/#author\",\"url\":\"https:\\\/\\\/serrafm879.com.br\\\/serrafm\\\/author\\\/serrafm87\\\/\",\"name\":\"serrafm87\",\"image\":{\"@type\":\"ImageObject\",\"@id\":\"https:\\\/\\\/serrafm879.com.br\\\/serrafm\\\/2025\\\/01\\\/19758\\\/#authorImage\",\"url\":\"https:\\\/\\\/secure.gravatar.com\\\/avatar\\\/a743233f1112d34f48bb3dc9559b76eb930bab8b27175856cba6362608736235?s=96&d=mm&r=g\",\"width\":96,\"height\":96,\"caption\":\"serrafm87\"}},{\"@type\":\"WebPage\",\"@id\":\"https:\\\/\\\/serrafm879.com.br\\\/serrafm\\\/2025\\\/01\\\/19758\\\/#webpage\",\"url\":\"https:\\\/\\\/serrafm879.com.br\\\/serrafm\\\/2025\\\/01\\\/19758\\\/\",\"name\":\"Sedada e sendo monitorada, diz equipe m\\u00e9dica sobre mulher que contraiu raiva humana em Pernambuco - Serra FM 87,9\",\"description\":\"Da Folha PE A equipe m\\u00e9dica do Hospital Universit\\u00e1rio Oswaldo Cruz, em Santo Amaro, no Centro do Recife, deu detalhes, na tarde desta sexta-feira (10), sobre o estado de sa\\u00fade da paciente de 56 anos internada com raiva humana, ap\\u00f3s ser mordida por um sagui. Ela \\u00e9 a primeira pessoa acometida pela doen\\u00e7a em Pernambuco\",\"inLanguage\":\"pt-BR\",\"isPartOf\":{\"@id\":\"https:\\\/\\\/serrafm879.com.br\\\/serrafm\\\/#website\"},\"breadcrumb\":{\"@id\":\"https:\\\/\\\/serrafm879.com.br\\\/serrafm\\\/2025\\\/01\\\/19758\\\/#breadcrumblist\"},\"author\":{\"@id\":\"https:\\\/\\\/serrafm879.com.br\\\/serrafm\\\/author\\\/serrafm87\\\/#author\"},\"creator\":{\"@id\":\"https:\\\/\\\/serrafm879.com.br\\\/serrafm\\\/author\\\/serrafm87\\\/#author\"},\"image\":{\"@type\":\"ImageObject\",\"url\":\"https:\\\/\\\/serrafm879.com.br\\\/serrafm\\\/wp-content\\\/uploads\\\/2025\\\/01\\\/whatsapp-image-2025-01-10-at-124646.jpeg\",\"@id\":\"https:\\\/\\\/serrafm879.com.br\\\/serrafm\\\/2025\\\/01\\\/19758\\\/#mainImage\",\"width\":450,\"height\":300},\"primaryImageOfPage\":{\"@id\":\"https:\\\/\\\/serrafm879.com.br\\\/serrafm\\\/2025\\\/01\\\/19758\\\/#mainImage\"},\"datePublished\":\"2025-01-11T06:52:31-03:00\",\"dateModified\":\"2025-01-10T23:01:53-03:00\"},{\"@type\":\"WebSite\",\"@id\":\"https:\\\/\\\/serrafm879.com.br\\\/serrafm\\\/#website\",\"url\":\"https:\\\/\\\/serrafm879.com.br\\\/serrafm\\\/\",\"name\":\"Serra FM 87,9\",\"description\":\"O seu novo amor!\",\"inLanguage\":\"pt-BR\",\"publisher\":{\"@id\":\"https:\\\/\\\/serrafm879.com.br\\\/serrafm\\\/#organization\"}}]}\n\t\t<\/script>\n\t\t<!-- All in One SEO -->\n\n","aioseo_head_json":{"title":"Sedada e sendo monitorada, diz equipe m\u00e9dica sobre mulher que contraiu raiva humana em Pernambuco - Serra FM 87,9","description":"Da Folha PE A equipe m\u00e9dica do Hospital Universit\u00e1rio Oswaldo Cruz, em Santo Amaro, no Centro do Recife, deu detalhes, na tarde desta sexta-feira (10), sobre o estado de sa\u00fade da paciente de 56 anos internada com raiva humana, ap\u00f3s ser mordida por um sagui. Ela \u00e9 a primeira pessoa acometida pela doen\u00e7a em Pernambuco","canonical_url":"https:\/\/serrafm879.com.br\/serrafm\/2025\/01\/19758\/","robots":"max-image-preview:large","keywords":"","webmasterTools":{"miscellaneous":""},"schema":{"@context":"https:\/\/schema.org","@graph":[{"@type":"BlogPosting","@id":"https:\/\/serrafm879.com.br\/serrafm\/2025\/01\/19758\/#blogposting","name":"Sedada e sendo monitorada, diz equipe m\u00e9dica sobre mulher que contraiu raiva humana em Pernambuco - Serra FM 87,9","headline":"Sedada e sendo monitorada, diz equipe m\u00e9dica sobre mulher que contraiu raiva humana em Pernambuco","author":{"@id":"https:\/\/serrafm879.com.br\/serrafm\/author\/serrafm87\/#author"},"publisher":{"@id":"https:\/\/serrafm879.com.br\/serrafm\/#organization"},"image":{"@type":"ImageObject","url":"https:\/\/serrafm879.com.br\/serrafm\/wp-content\/uploads\/2025\/01\/whatsapp-image-2025-01-10-at-124646.jpeg","width":450,"height":300},"datePublished":"2025-01-11T06:52:31-03:00","dateModified":"2025-01-10T23:01:53-03:00","inLanguage":"pt-BR","mainEntityOfPage":{"@id":"https:\/\/serrafm879.com.br\/serrafm\/2025\/01\/19758\/#webpage"},"isPartOf":{"@id":"https:\/\/serrafm879.com.br\/serrafm\/2025\/01\/19758\/#webpage"},"articleSection":"Uncategorized"},{"@type":"BreadcrumbList","@id":"https:\/\/serrafm879.com.br\/serrafm\/2025\/01\/19758\/#breadcrumblist","itemListElement":[{"@type":"ListItem","@id":"https:\/\/serrafm879.com.br\/serrafm#listItem","position":1,"name":"Home","item":"https:\/\/serrafm879.com.br\/serrafm","nextItem":{"@type":"ListItem","@id":"https:\/\/serrafm879.com.br\/serrafm\/categoria\/uncategorized\/#listItem","name":"Uncategorized"}},{"@type":"ListItem","@id":"https:\/\/serrafm879.com.br\/serrafm\/categoria\/uncategorized\/#listItem","position":2,"name":"Uncategorized","item":"https:\/\/serrafm879.com.br\/serrafm\/categoria\/uncategorized\/","nextItem":{"@type":"ListItem","@id":"https:\/\/serrafm879.com.br\/serrafm\/2025\/01\/19758\/#listItem","name":"Sedada e sendo monitorada, diz equipe m\u00e9dica sobre mulher que contraiu raiva humana em Pernambuco"},"previousItem":{"@type":"ListItem","@id":"https:\/\/serrafm879.com.br\/serrafm#listItem","name":"Home"}},{"@type":"ListItem","@id":"https:\/\/serrafm879.com.br\/serrafm\/2025\/01\/19758\/#listItem","position":3,"name":"Sedada e sendo monitorada, diz equipe m\u00e9dica sobre mulher que contraiu raiva humana em Pernambuco","previousItem":{"@type":"ListItem","@id":"https:\/\/serrafm879.com.br\/serrafm\/categoria\/uncategorized\/#listItem","name":"Uncategorized"}}]},{"@type":"Organization","@id":"https:\/\/serrafm879.com.br\/serrafm\/#organization","name":"Serra FM 87,9","description":"O seu novo amor!","url":"https:\/\/serrafm879.com.br\/serrafm\/"},{"@type":"Person","@id":"https:\/\/serrafm879.com.br\/serrafm\/author\/serrafm87\/#author","url":"https:\/\/serrafm879.com.br\/serrafm\/author\/serrafm87\/","name":"serrafm87","image":{"@type":"ImageObject","@id":"https:\/\/serrafm879.com.br\/serrafm\/2025\/01\/19758\/#authorImage","url":"https:\/\/secure.gravatar.com\/avatar\/a743233f1112d34f48bb3dc9559b76eb930bab8b27175856cba6362608736235?s=96&d=mm&r=g","width":96,"height":96,"caption":"serrafm87"}},{"@type":"WebPage","@id":"https:\/\/serrafm879.com.br\/serrafm\/2025\/01\/19758\/#webpage","url":"https:\/\/serrafm879.com.br\/serrafm\/2025\/01\/19758\/","name":"Sedada e sendo monitorada, diz equipe m\u00e9dica sobre mulher que contraiu raiva humana em Pernambuco - Serra FM 87,9","description":"Da Folha PE A equipe m\u00e9dica do Hospital Universit\u00e1rio Oswaldo Cruz, em Santo Amaro, no Centro do Recife, deu detalhes, na tarde desta sexta-feira (10), sobre o estado de sa\u00fade da paciente de 56 anos internada com raiva humana, ap\u00f3s ser mordida por um sagui. Ela \u00e9 a primeira pessoa acometida pela doen\u00e7a em Pernambuco","inLanguage":"pt-BR","isPartOf":{"@id":"https:\/\/serrafm879.com.br\/serrafm\/#website"},"breadcrumb":{"@id":"https:\/\/serrafm879.com.br\/serrafm\/2025\/01\/19758\/#breadcrumblist"},"author":{"@id":"https:\/\/serrafm879.com.br\/serrafm\/author\/serrafm87\/#author"},"creator":{"@id":"https:\/\/serrafm879.com.br\/serrafm\/author\/serrafm87\/#author"},"image":{"@type":"ImageObject","url":"https:\/\/serrafm879.com.br\/serrafm\/wp-content\/uploads\/2025\/01\/whatsapp-image-2025-01-10-at-124646.jpeg","@id":"https:\/\/serrafm879.com.br\/serrafm\/2025\/01\/19758\/#mainImage","width":450,"height":300},"primaryImageOfPage":{"@id":"https:\/\/serrafm879.com.br\/serrafm\/2025\/01\/19758\/#mainImage"},"datePublished":"2025-01-11T06:52:31-03:00","dateModified":"2025-01-10T23:01:53-03:00"},{"@type":"WebSite","@id":"https:\/\/serrafm879.com.br\/serrafm\/#website","url":"https:\/\/serrafm879.com.br\/serrafm\/","name":"Serra FM 87,9","description":"O seu novo amor!","inLanguage":"pt-BR","publisher":{"@id":"https:\/\/serrafm879.com.br\/serrafm\/#organization"}}]},"twitter:card":"summary_large_image","twitter:title":"Sedada e sendo monitorada, diz equipe m\u00e9dica sobre mulher que contraiu raiva humana em Pernambuco - Serra FM 87,9","twitter:description":"Da Folha PE A equipe m\u00e9dica do Hospital Universit\u00e1rio Oswaldo Cruz, em Santo Amaro, no Centro do Recife, deu detalhes, na tarde desta sexta-feira (10), sobre o estado de sa\u00fade da paciente de 56 anos internada com raiva humana, ap\u00f3s ser mordida por um sagui. Ela \u00e9 a primeira pessoa acometida pela doen\u00e7a em Pernambuco","twitter:image":"https:\/\/serrafm879.com.br\/serrafm\/wp-content\/uploads\/2025\/01\/whatsapp-image-2025-01-10-at-124646.jpeg"},"aioseo_meta_data":{"post_id":"19758","title":null,"description":null,"keywords":null,"keyphrases":null,"primary_term":null,"canonical_url":null,"og_title":null,"og_description":null,"og_object_type":"default","og_image_type":"default","og_image_custom_url":null,"og_image_custom_fields":null,"og_image_url":null,"og_image_width":null,"og_image_height":null,"og_video":null,"og_custom_url":null,"og_article_section":null,"og_article_tags":null,"twitter_use_og":false,"twitter_card":"default","twitter_image_type":"default","twitter_image_custom_url":null,"twitter_image_custom_fields":null,"twitter_image_url":null,"twitter_title":null,"twitter_description":null,"schema_type":"default","schema_type_options":null,"schema":{"blockGraphs":[],"customGraphs":[],"default":{"data":{"Article":[],"Course":[],"Dataset":[],"FAQPage":[],"Movie":[],"Person":[],"Product":[],"ProductReview":[],"Car":[],"Recipe":[],"Service":[],"SoftwareApplication":[],"WebPage":[]},"graphName":"","isEnabled":true},"graphs":[]},"pillar_content":false,"robots_default":true,"robots_noindex":false,"robots_noarchive":false,"robots_nosnippet":false,"robots_nofollow":false,"robots_noimageindex":false,"robots_noodp":false,"robots_notranslate":false,"robots_max_snippet":null,"robots_max_videopreview":null,"robots_max_imagepreview":"large","priority":null,"frequency":null,"local_seo":null,"limit_modified_date":false,"ai":null,"breadcrumb_settings":null,"seo_analyzer_scan_date":null,"created":"2026-07-21 13:05:26","updated":"2026-07-21 13:05:26"},"aioseo_breadcrumb":"<div class=\"aioseo-breadcrumbs\"><span class=\"aioseo-breadcrumb\">\n\t\t\t<a href=\"https:\/\/serrafm879.com.br\/serrafm\" title=\"Home\">Home<\/a>\n\t\t<\/span><span class=\"aioseo-breadcrumb-separator\">&raquo;<\/span><span class=\"aioseo-breadcrumb\">\n\t\t\t<a href=\"https:\/\/serrafm879.com.br\/serrafm\/categoria\/uncategorized\/\" title=\"Uncategorized\">Uncategorized<\/a>\n\t\t<\/span><span class=\"aioseo-breadcrumb-separator\">&raquo;<\/span><span class=\"aioseo-breadcrumb\">\n\t\t\tSedada e sendo monitorada, diz equipe m\u00e9dica sobre mulher que contraiu raiva humana em Pernambuco\n\t\t<\/span><\/div>","aioseo_breadcrumb_json":[{"label":"Home","link":"https:\/\/serrafm879.com.br\/serrafm"},{"label":"Uncategorized","link":"https:\/\/serrafm879.com.br\/serrafm\/categoria\/uncategorized\/"},{"label":"Sedada e sendo monitorada, diz equipe m\u00e9dica sobre mulher que contraiu raiva humana em Pernambuco","link":"https:\/\/serrafm879.com.br\/serrafm\/2025\/01\/19758\/"}],"jetpack_publicize_connections":[],"jetpack_featured_media_url":"https:\/\/serrafm879.com.br\/serrafm\/wp-content\/uploads\/2025\/01\/whatsapp-image-2025-01-10-at-124646.jpeg","jetpack_shortlink":"https:\/\/wp.me\/s7HyXg-19758","jetpack_sharing_enabled":true,"_links":{"self":[{"href":"https:\/\/serrafm879.com.br\/serrafm\/wp-json\/wp\/v2\/posts\/19758","targetHints":{"allow":["GET"]}}],"collection":[{"href":"https:\/\/serrafm879.com.br\/serrafm\/wp-json\/wp\/v2\/posts"}],"about":[{"href":"https:\/\/serrafm879.com.br\/serrafm\/wp-json\/wp\/v2\/types\/post"}],"author":[{"embeddable":true,"href":"https:\/\/serrafm879.com.br\/serrafm\/wp-json\/wp\/v2\/users\/2"}],"replies":[{"embeddable":true,"href":"https:\/\/serrafm879.com.br\/serrafm\/wp-json\/wp\/v2\/comments?post=19758"}],"version-history":[{"count":2,"href":"https:\/\/serrafm879.com.br\/serrafm\/wp-json\/wp\/v2\/posts\/19758\/revisions"}],"predecessor-version":[{"id":19764,"href":"https:\/\/serrafm879.com.br\/serrafm\/wp-json\/wp\/v2\/posts\/19758\/revisions\/19764"}],"wp:featuredmedia":[{"embeddable":true,"href":"https:\/\/serrafm879.com.br\/serrafm\/wp-json\/wp\/v2\/media\/19759"}],"wp:attachment":[{"href":"https:\/\/serrafm879.com.br\/serrafm\/wp-json\/wp\/v2\/media?parent=19758"}],"wp:term":[{"taxonomy":"category","embeddable":true,"href":"https:\/\/serrafm879.com.br\/serrafm\/wp-json\/wp\/v2\/categories?post=19758"},{"taxonomy":"post_tag","embeddable":true,"href":"https:\/\/serrafm879.com.br\/serrafm\/wp-json\/wp\/v2\/tags?post=19758"}],"curies":[{"name":"wp","href":"https:\/\/api.w.org\/{rel}","templated":true}]}}