{"id":19768,"date":"2025-01-12T00:06:17","date_gmt":"2025-01-12T03:06:17","guid":{"rendered":"https:\/?p=19768"},"modified":"2025-01-12T09:53:28","modified_gmt":"2025-01-12T12:53:28","slug":"raiva-humana-morre-mulher-que-contraiu-doenca-ao-ser-mordida-por-sagui-em-pernambuco","status":"publish","type":"post","link":"https:\/\/serrafm879.com.br\/serrafm\/2025\/01\/raiva-humana-morre-mulher-que-contraiu-doenca-ao-ser-mordida-por-sagui-em-pernambuco\/","title":{"rendered":"Raiva humana: morre mulher que contraiu doen\u00e7a ao ser mordida por sagui em Pernambuco"},"content":{"rendered":"<p>Morreu, na manh\u00e3 deste s\u00e1bado (11), a mulher de 56 anos que contraiu raiva ap\u00f3s ser atacada por um sagui em Santa Maria do Cambuc\u00e1, no Agreste de Pernambuco. Ela estava internada no Hospital Universit\u00e1rio Oswaldo Cruz (Huoc), no Recife. O caso foi o primeiro registrado em oito anos no Estado.<\/p>\n<p>A paciente, identificada como Ivonete, teve a m\u00e3o esquerda mordida pelo animal ao tentar defender o neto, de 3 anos, no dia 28 de novembro, enquanto chegava em casa.<\/p>\n<p>A fam\u00edlia acredita que a mulher sofreu neglig\u00eancia m\u00e9dica ao procurar socorro na cidade onde morava. Ela n\u00e3o foi submetida \u00e0 profilaxia p\u00f3s-exposi\u00e7\u00e3o ao v\u00edrus (vacina e\/ou soro) no tempo indicado.<\/p>\n<p>Ao sair do Hospital Santina Falc\u00e3o, no Centro de Santa Maria do Cambuc\u00e1, o filho de Ivonete teria ouvido algu\u00e9m da equipe m\u00e9dica dizer: \u201cS\u00f3 falta chegar algu\u00e9m com mordida de sapo\u201d. Quando soube, a mulher chateou-se e n\u00e3o quis voltar \u00e0 unidade de sa\u00fade.<\/p>\n<p>Os sintomas come\u00e7aram a aparecer. Em dezembro, ela sentiu ins\u00f4nia, febre e uma dor muito forte no bra\u00e7o. Nesse momento, retornou ao hospital, mas, conforme os parentes, o m\u00e9dico fez um eletrocardiograma, avaliou que estava tudo bem e a liberou.<\/p>\n<p>Os sinais da raiva humana se intensificaram, e Ivonete retornou ao hospital no dia 31 de dezembro. Nesse momento, de acordo com a fam\u00edlia, o m\u00e9dico percebeu que realmente se tratava de um caso grave. \u201cN\u00e3o pensaram duas vezes e a encaminharam direto para o Oswaldo Cruz, no Recife\u201d, relatou a sobrinha de Ivonete, Maria Aparecida Santos, 29, ao Diario.<\/p>\n<p>Completa em <a href=\"https:\/\/www.diariodepernambuco.com.br\/noticia\/vidaurbana\/2025\/01\/morre-mulher-que-contraiu-raiva-ao-ser-mordida-por-sagui.html\">Di\u00e1rio de Pernambuco<\/a><\/p>\n","protected":false},"excerpt":{"rendered":"<p>Morreu, na manh\u00e3 deste s\u00e1bado (11), a mulher de 56 anos que contraiu raiva ap\u00f3s ser atacada por um sagui em Santa Maria do Cambuc\u00e1, no Agreste de Pernambuco. Ela estava internada no Hospital Universit\u00e1rio Oswaldo Cruz (Huoc), no Recife. O caso foi o primeiro registrado em oito anos no Estado. A paciente, identificada como Ivonete, teve a m\u00e3o esquerda mordida pelo animal ao tentar defender o neto, de 3 anos, no dia 28 de novembro, enquanto chegava em casa. A fam\u00edlia acredita que a mulher sofreu neglig\u00eancia m\u00e9dica ao procurar socorro na cidade onde morava. Ela n\u00e3o foi submetida [&hellip;]<\/p>\n","protected":false},"author":2,"featured_media":19769,"comment_status":"open","ping_status":"open","sticky":false,"template":"","format":"standard","meta":{"_jetpack_newsletter_access":"","_jetpack_dont_email_post_to_subs":false,"_jetpack_newsletter_tier_id":0,"_jetpack_memberships_contains_paywalled_content":false,"_jetpack_feature_clip_id":0,"_jetpack_memberships_contains_paid_content":false,"footnotes":"","jetpack_publicize_message":"","jetpack_publicize_feature_enabled":true,"jetpack_social_post_already_shared":true,"jetpack_social_options":{"image_generator_settings":{"template":"highway","default_image_id":0,"font":"","enabled":false},"version":2},"jetpack_post_was_ever_published":false},"categories":[1],"tags":[],"class_list":["post-19768","post","type-post","status-publish","format-standard","has-post-thumbnail","hentry","category-uncategorized"],"aioseo_notices":[],"aioseo_head":"\n\t\t<!-- All in One SEO 4.9.10 - aioseo.com -->\n\t<meta name=\"description\" content=\"Morreu, na manh\u00e3 deste s\u00e1bado (11), a mulher de 56 anos que contraiu raiva ap\u00f3s ser atacada por um sagui em Santa Maria do Cambuc\u00e1, no Agreste de Pernambuco. Ela estava internada no Hospital Universit\u00e1rio Oswaldo Cruz (Huoc), no Recife. O caso foi o primeiro registrado em oito anos no Estado. A paciente, identificada como\" \/>\n\t<meta name=\"robots\" content=\"max-image-preview:large\" \/>\n\t<meta name=\"author\" content=\"serrafm87\"\/>\n\t<link rel=\"canonical\" href=\"https:\/\/serrafm879.com.br\/serrafm\/2025\/01\/raiva-humana-morre-mulher-que-contraiu-doenca-ao-ser-mordida-por-sagui-em-pernambuco\/\" \/>\n\t<meta name=\"generator\" content=\"All in One SEO (AIOSEO) 4.9.10\" \/>\n\t\t<meta name=\"twitter:card\" content=\"summary_large_image\" \/>\n\t\t<meta name=\"twitter:title\" content=\"Raiva humana: morre mulher que contraiu doen\u00e7a ao ser mordida por sagui em Pernambuco - Serra FM 87,9\" \/>\n\t\t<meta name=\"twitter:description\" content=\"Morreu, na manh\u00e3 deste s\u00e1bado (11), a mulher de 56 anos que contraiu raiva ap\u00f3s ser atacada por um sagui em Santa Maria do Cambuc\u00e1, no Agreste de Pernambuco. Ela estava internada no Hospital Universit\u00e1rio Oswaldo Cruz (Huoc), no Recife. O caso foi o primeiro registrado em oito anos no Estado. A paciente, identificada como\" \/>\n\t\t<meta name=\"twitter:image\" content=\"https:\/\/serrafm879.com.br\/serrafm\/wp-content\/uploads\/2025\/01\/images-2.jpeg\" \/>\n\t\t<script type=\"application\/ld+json\" class=\"aioseo-schema\">\n\t\t\t{\"@context\":\"https:\\\/\\\/schema.org\",\"@graph\":[{\"@type\":\"BlogPosting\",\"@id\":\"https:\\\/\\\/serrafm879.com.br\\\/serrafm\\\/2025\\\/01\\\/raiva-humana-morre-mulher-que-contraiu-doenca-ao-ser-mordida-por-sagui-em-pernambuco\\\/#blogposting\",\"name\":\"Raiva humana: morre mulher que contraiu doen\\u00e7a ao ser mordida por sagui em Pernambuco - Serra FM 87,9\",\"headline\":\"Raiva humana: morre mulher que contraiu doen\\u00e7a ao ser mordida por sagui em Pernambuco\",\"author\":{\"@id\":\"https:\\\/\\\/serrafm879.com.br\\\/serrafm\\\/author\\\/serrafm87\\\/#author\"},\"publisher\":{\"@id\":\"https:\\\/\\\/serrafm879.com.br\\\/serrafm\\\/#organization\"},\"image\":{\"@type\":\"ImageObject\",\"url\":\"https:\\\/\\\/serrafm879.com.br\\\/serrafm\\\/wp-content\\\/uploads\\\/2025\\\/01\\\/images-2.jpeg\",\"width\":259,\"height\":194},\"datePublished\":\"2025-01-12T00:06:17-03:00\",\"dateModified\":\"2025-01-12T09:53:28-03:00\",\"inLanguage\":\"pt-BR\",\"mainEntityOfPage\":{\"@id\":\"https:\\\/\\\/serrafm879.com.br\\\/serrafm\\\/2025\\\/01\\\/raiva-humana-morre-mulher-que-contraiu-doenca-ao-ser-mordida-por-sagui-em-pernambuco\\\/#webpage\"},\"isPartOf\":{\"@id\":\"https:\\\/\\\/serrafm879.com.br\\\/serrafm\\\/2025\\\/01\\\/raiva-humana-morre-mulher-que-contraiu-doenca-ao-ser-mordida-por-sagui-em-pernambuco\\\/#webpage\"},\"articleSection\":\"Uncategorized\"},{\"@type\":\"BreadcrumbList\",\"@id\":\"https:\\\/\\\/serrafm879.com.br\\\/serrafm\\\/2025\\\/01\\\/raiva-humana-morre-mulher-que-contraiu-doenca-ao-ser-mordida-por-sagui-em-pernambuco\\\/#breadcrumblist\",\"itemListElement\":[{\"@type\":\"ListItem\",\"@id\":\"https:\\\/\\\/serrafm879.com.br\\\/serrafm#listItem\",\"position\":1,\"name\":\"Home\",\"item\":\"https:\\\/\\\/serrafm879.com.br\\\/serrafm\",\"nextItem\":{\"@type\":\"ListItem\",\"@id\":\"https:\\\/\\\/serrafm879.com.br\\\/serrafm\\\/categoria\\\/uncategorized\\\/#listItem\",\"name\":\"Uncategorized\"}},{\"@type\":\"ListItem\",\"@id\":\"https:\\\/\\\/serrafm879.com.br\\\/serrafm\\\/categoria\\\/uncategorized\\\/#listItem\",\"position\":2,\"name\":\"Uncategorized\",\"item\":\"https:\\\/\\\/serrafm879.com.br\\\/serrafm\\\/categoria\\\/uncategorized\\\/\",\"nextItem\":{\"@type\":\"ListItem\",\"@id\":\"https:\\\/\\\/serrafm879.com.br\\\/serrafm\\\/2025\\\/01\\\/raiva-humana-morre-mulher-que-contraiu-doenca-ao-ser-mordida-por-sagui-em-pernambuco\\\/#listItem\",\"name\":\"Raiva humana: morre mulher que contraiu doen\\u00e7a ao ser mordida por sagui em Pernambuco\"},\"previousItem\":{\"@type\":\"ListItem\",\"@id\":\"https:\\\/\\\/serrafm879.com.br\\\/serrafm#listItem\",\"name\":\"Home\"}},{\"@type\":\"ListItem\",\"@id\":\"https:\\\/\\\/serrafm879.com.br\\\/serrafm\\\/2025\\\/01\\\/raiva-humana-morre-mulher-que-contraiu-doenca-ao-ser-mordida-por-sagui-em-pernambuco\\\/#listItem\",\"position\":3,\"name\":\"Raiva humana: morre mulher que contraiu doen\\u00e7a ao ser mordida por sagui em Pernambuco\",\"previousItem\":{\"@type\":\"ListItem\",\"@id\":\"https:\\\/\\\/serrafm879.com.br\\\/serrafm\\\/categoria\\\/uncategorized\\\/#listItem\",\"name\":\"Uncategorized\"}}]},{\"@type\":\"Organization\",\"@id\":\"https:\\\/\\\/serrafm879.com.br\\\/serrafm\\\/#organization\",\"name\":\"Serra FM 87,9\",\"description\":\"O seu novo amor!\",\"url\":\"https:\\\/\\\/serrafm879.com.br\\\/serrafm\\\/\"},{\"@type\":\"Person\",\"@id\":\"https:\\\/\\\/serrafm879.com.br\\\/serrafm\\\/author\\\/serrafm87\\\/#author\",\"url\":\"https:\\\/\\\/serrafm879.com.br\\\/serrafm\\\/author\\\/serrafm87\\\/\",\"name\":\"serrafm87\",\"image\":{\"@type\":\"ImageObject\",\"@id\":\"https:\\\/\\\/serrafm879.com.br\\\/serrafm\\\/2025\\\/01\\\/raiva-humana-morre-mulher-que-contraiu-doenca-ao-ser-mordida-por-sagui-em-pernambuco\\\/#authorImage\",\"url\":\"https:\\\/\\\/secure.gravatar.com\\\/avatar\\\/a743233f1112d34f48bb3dc9559b76eb930bab8b27175856cba6362608736235?s=96&d=mm&r=g\",\"width\":96,\"height\":96,\"caption\":\"serrafm87\"}},{\"@type\":\"WebPage\",\"@id\":\"https:\\\/\\\/serrafm879.com.br\\\/serrafm\\\/2025\\\/01\\\/raiva-humana-morre-mulher-que-contraiu-doenca-ao-ser-mordida-por-sagui-em-pernambuco\\\/#webpage\",\"url\":\"https:\\\/\\\/serrafm879.com.br\\\/serrafm\\\/2025\\\/01\\\/raiva-humana-morre-mulher-que-contraiu-doenca-ao-ser-mordida-por-sagui-em-pernambuco\\\/\",\"name\":\"Raiva humana: morre mulher que contraiu doen\\u00e7a ao ser mordida por sagui em Pernambuco - Serra FM 87,9\",\"description\":\"Morreu, na manh\\u00e3 deste s\\u00e1bado (11), a mulher de 56 anos que contraiu raiva ap\\u00f3s ser atacada por um sagui em Santa Maria do Cambuc\\u00e1, no Agreste de Pernambuco. Ela estava internada no Hospital Universit\\u00e1rio Oswaldo Cruz (Huoc), no Recife. O caso foi o primeiro registrado em oito anos no Estado. A paciente, identificada como\",\"inLanguage\":\"pt-BR\",\"isPartOf\":{\"@id\":\"https:\\\/\\\/serrafm879.com.br\\\/serrafm\\\/#website\"},\"breadcrumb\":{\"@id\":\"https:\\\/\\\/serrafm879.com.br\\\/serrafm\\\/2025\\\/01\\\/raiva-humana-morre-mulher-que-contraiu-doenca-ao-ser-mordida-por-sagui-em-pernambuco\\\/#breadcrumblist\"},\"author\":{\"@id\":\"https:\\\/\\\/serrafm879.com.br\\\/serrafm\\\/author\\\/serrafm87\\\/#author\"},\"creator\":{\"@id\":\"https:\\\/\\\/serrafm879.com.br\\\/serrafm\\\/author\\\/serrafm87\\\/#author\"},\"image\":{\"@type\":\"ImageObject\",\"url\":\"https:\\\/\\\/serrafm879.com.br\\\/serrafm\\\/wp-content\\\/uploads\\\/2025\\\/01\\\/images-2.jpeg\",\"@id\":\"https:\\\/\\\/serrafm879.com.br\\\/serrafm\\\/2025\\\/01\\\/raiva-humana-morre-mulher-que-contraiu-doenca-ao-ser-mordida-por-sagui-em-pernambuco\\\/#mainImage\",\"width\":259,\"height\":194},\"primaryImageOfPage\":{\"@id\":\"https:\\\/\\\/serrafm879.com.br\\\/serrafm\\\/2025\\\/01\\\/raiva-humana-morre-mulher-que-contraiu-doenca-ao-ser-mordida-por-sagui-em-pernambuco\\\/#mainImage\"},\"datePublished\":\"2025-01-12T00:06:17-03:00\",\"dateModified\":\"2025-01-12T09:53:28-03:00\"},{\"@type\":\"WebSite\",\"@id\":\"https:\\\/\\\/serrafm879.com.br\\\/serrafm\\\/#website\",\"url\":\"https:\\\/\\\/serrafm879.com.br\\\/serrafm\\\/\",\"name\":\"Serra FM 87,9\",\"description\":\"O seu novo amor!\",\"inLanguage\":\"pt-BR\",\"publisher\":{\"@id\":\"https:\\\/\\\/serrafm879.com.br\\\/serrafm\\\/#organization\"}}]}\n\t\t<\/script>\n\t\t<!-- All in One SEO -->\n\n","aioseo_head_json":{"title":"Raiva humana: morre mulher que contraiu doen\u00e7a ao ser mordida por sagui em Pernambuco - Serra FM 87,9","description":"Morreu, na manh\u00e3 deste s\u00e1bado (11), a mulher de 56 anos que contraiu raiva ap\u00f3s ser atacada por um sagui em Santa Maria do Cambuc\u00e1, no Agreste de Pernambuco. Ela estava internada no Hospital Universit\u00e1rio Oswaldo Cruz (Huoc), no Recife. O caso foi o primeiro registrado em oito anos no Estado. A paciente, identificada como","canonical_url":"https:\/\/serrafm879.com.br\/serrafm\/2025\/01\/raiva-humana-morre-mulher-que-contraiu-doenca-ao-ser-mordida-por-sagui-em-pernambuco\/","robots":"max-image-preview:large","keywords":"","webmasterTools":{"miscellaneous":""},"schema":{"@context":"https:\/\/schema.org","@graph":[{"@type":"BlogPosting","@id":"https:\/\/serrafm879.com.br\/serrafm\/2025\/01\/raiva-humana-morre-mulher-que-contraiu-doenca-ao-ser-mordida-por-sagui-em-pernambuco\/#blogposting","name":"Raiva humana: morre mulher que contraiu doen\u00e7a ao ser mordida por sagui em Pernambuco - Serra FM 87,9","headline":"Raiva humana: morre mulher que contraiu doen\u00e7a ao ser mordida por sagui em Pernambuco","author":{"@id":"https:\/\/serrafm879.com.br\/serrafm\/author\/serrafm87\/#author"},"publisher":{"@id":"https:\/\/serrafm879.com.br\/serrafm\/#organization"},"image":{"@type":"ImageObject","url":"https:\/\/serrafm879.com.br\/serrafm\/wp-content\/uploads\/2025\/01\/images-2.jpeg","width":259,"height":194},"datePublished":"2025-01-12T00:06:17-03:00","dateModified":"2025-01-12T09:53:28-03:00","inLanguage":"pt-BR","mainEntityOfPage":{"@id":"https:\/\/serrafm879.com.br\/serrafm\/2025\/01\/raiva-humana-morre-mulher-que-contraiu-doenca-ao-ser-mordida-por-sagui-em-pernambuco\/#webpage"},"isPartOf":{"@id":"https:\/\/serrafm879.com.br\/serrafm\/2025\/01\/raiva-humana-morre-mulher-que-contraiu-doenca-ao-ser-mordida-por-sagui-em-pernambuco\/#webpage"},"articleSection":"Uncategorized"},{"@type":"BreadcrumbList","@id":"https:\/\/serrafm879.com.br\/serrafm\/2025\/01\/raiva-humana-morre-mulher-que-contraiu-doenca-ao-ser-mordida-por-sagui-em-pernambuco\/#breadcrumblist","itemListElement":[{"@type":"ListItem","@id":"https:\/\/serrafm879.com.br\/serrafm#listItem","position":1,"name":"Home","item":"https:\/\/serrafm879.com.br\/serrafm","nextItem":{"@type":"ListItem","@id":"https:\/\/serrafm879.com.br\/serrafm\/categoria\/uncategorized\/#listItem","name":"Uncategorized"}},{"@type":"ListItem","@id":"https:\/\/serrafm879.com.br\/serrafm\/categoria\/uncategorized\/#listItem","position":2,"name":"Uncategorized","item":"https:\/\/serrafm879.com.br\/serrafm\/categoria\/uncategorized\/","nextItem":{"@type":"ListItem","@id":"https:\/\/serrafm879.com.br\/serrafm\/2025\/01\/raiva-humana-morre-mulher-que-contraiu-doenca-ao-ser-mordida-por-sagui-em-pernambuco\/#listItem","name":"Raiva humana: morre mulher que contraiu doen\u00e7a ao ser mordida por sagui em Pernambuco"},"previousItem":{"@type":"ListItem","@id":"https:\/\/serrafm879.com.br\/serrafm#listItem","name":"Home"}},{"@type":"ListItem","@id":"https:\/\/serrafm879.com.br\/serrafm\/2025\/01\/raiva-humana-morre-mulher-que-contraiu-doenca-ao-ser-mordida-por-sagui-em-pernambuco\/#listItem","position":3,"name":"Raiva humana: morre mulher que contraiu doen\u00e7a ao ser mordida por sagui em Pernambuco","previousItem":{"@type":"ListItem","@id":"https:\/\/serrafm879.com.br\/serrafm\/categoria\/uncategorized\/#listItem","name":"Uncategorized"}}]},{"@type":"Organization","@id":"https:\/\/serrafm879.com.br\/serrafm\/#organization","name":"Serra FM 87,9","description":"O seu novo amor!","url":"https:\/\/serrafm879.com.br\/serrafm\/"},{"@type":"Person","@id":"https:\/\/serrafm879.com.br\/serrafm\/author\/serrafm87\/#author","url":"https:\/\/serrafm879.com.br\/serrafm\/author\/serrafm87\/","name":"serrafm87","image":{"@type":"ImageObject","@id":"https:\/\/serrafm879.com.br\/serrafm\/2025\/01\/raiva-humana-morre-mulher-que-contraiu-doenca-ao-ser-mordida-por-sagui-em-pernambuco\/#authorImage","url":"https:\/\/secure.gravatar.com\/avatar\/a743233f1112d34f48bb3dc9559b76eb930bab8b27175856cba6362608736235?s=96&d=mm&r=g","width":96,"height":96,"caption":"serrafm87"}},{"@type":"WebPage","@id":"https:\/\/serrafm879.com.br\/serrafm\/2025\/01\/raiva-humana-morre-mulher-que-contraiu-doenca-ao-ser-mordida-por-sagui-em-pernambuco\/#webpage","url":"https:\/\/serrafm879.com.br\/serrafm\/2025\/01\/raiva-humana-morre-mulher-que-contraiu-doenca-ao-ser-mordida-por-sagui-em-pernambuco\/","name":"Raiva humana: morre mulher que contraiu doen\u00e7a ao ser mordida por sagui em Pernambuco - Serra FM 87,9","description":"Morreu, na manh\u00e3 deste s\u00e1bado (11), a mulher de 56 anos que contraiu raiva ap\u00f3s ser atacada por um sagui em Santa Maria do Cambuc\u00e1, no Agreste de Pernambuco. Ela estava internada no Hospital Universit\u00e1rio Oswaldo Cruz (Huoc), no Recife. O caso foi o primeiro registrado em oito anos no Estado. A paciente, identificada como","inLanguage":"pt-BR","isPartOf":{"@id":"https:\/\/serrafm879.com.br\/serrafm\/#website"},"breadcrumb":{"@id":"https:\/\/serrafm879.com.br\/serrafm\/2025\/01\/raiva-humana-morre-mulher-que-contraiu-doenca-ao-ser-mordida-por-sagui-em-pernambuco\/#breadcrumblist"},"author":{"@id":"https:\/\/serrafm879.com.br\/serrafm\/author\/serrafm87\/#author"},"creator":{"@id":"https:\/\/serrafm879.com.br\/serrafm\/author\/serrafm87\/#author"},"image":{"@type":"ImageObject","url":"https:\/\/serrafm879.com.br\/serrafm\/wp-content\/uploads\/2025\/01\/images-2.jpeg","@id":"https:\/\/serrafm879.com.br\/serrafm\/2025\/01\/raiva-humana-morre-mulher-que-contraiu-doenca-ao-ser-mordida-por-sagui-em-pernambuco\/#mainImage","width":259,"height":194},"primaryImageOfPage":{"@id":"https:\/\/serrafm879.com.br\/serrafm\/2025\/01\/raiva-humana-morre-mulher-que-contraiu-doenca-ao-ser-mordida-por-sagui-em-pernambuco\/#mainImage"},"datePublished":"2025-01-12T00:06:17-03:00","dateModified":"2025-01-12T09:53:28-03:00"},{"@type":"WebSite","@id":"https:\/\/serrafm879.com.br\/serrafm\/#website","url":"https:\/\/serrafm879.com.br\/serrafm\/","name":"Serra FM 87,9","description":"O seu novo amor!","inLanguage":"pt-BR","publisher":{"@id":"https:\/\/serrafm879.com.br\/serrafm\/#organization"}}]},"twitter:card":"summary_large_image","twitter:title":"Raiva humana: morre mulher que contraiu doen\u00e7a ao ser mordida por sagui em Pernambuco - Serra FM 87,9","twitter:description":"Morreu, na manh\u00e3 deste s\u00e1bado (11), a mulher de 56 anos que contraiu raiva ap\u00f3s ser atacada por um sagui em Santa Maria do Cambuc\u00e1, no Agreste de Pernambuco. Ela estava internada no Hospital Universit\u00e1rio Oswaldo Cruz (Huoc), no Recife. O caso foi o primeiro registrado em oito anos no Estado. A paciente, identificada como","twitter:image":"https:\/\/serrafm879.com.br\/serrafm\/wp-content\/uploads\/2025\/01\/images-2.jpeg"},"aioseo_meta_data":{"post_id":"19768","title":null,"description":null,"keywords":null,"keyphrases":null,"primary_term":null,"canonical_url":null,"og_title":null,"og_description":null,"og_object_type":"default","og_image_type":"default","og_image_custom_url":null,"og_image_custom_fields":null,"og_image_url":null,"og_image_width":null,"og_image_height":null,"og_video":null,"og_custom_url":null,"og_article_section":null,"og_article_tags":null,"twitter_use_og":false,"twitter_card":"default","twitter_image_type":"default","twitter_image_custom_url":null,"twitter_image_custom_fields":null,"twitter_image_url":null,"twitter_title":null,"twitter_description":null,"schema_type":"default","schema_type_options":null,"schema":{"blockGraphs":[],"customGraphs":[],"default":{"data":{"Article":[],"Course":[],"Dataset":[],"FAQPage":[],"Movie":[],"Person":[],"Product":[],"ProductReview":[],"Car":[],"Recipe":[],"Service":[],"SoftwareApplication":[],"WebPage":[]},"graphName":"","isEnabled":true},"graphs":[]},"pillar_content":false,"robots_default":true,"robots_noindex":false,"robots_noarchive":false,"robots_nosnippet":false,"robots_nofollow":false,"robots_noimageindex":false,"robots_noodp":false,"robots_notranslate":false,"robots_max_snippet":null,"robots_max_videopreview":null,"robots_max_imagepreview":"large","priority":null,"frequency":null,"local_seo":null,"limit_modified_date":false,"ai":null,"breadcrumb_settings":null,"seo_analyzer_scan_date":null,"created":"2026-07-21 13:05:26","updated":"2026-07-21 13:05:26"},"aioseo_breadcrumb":"<div class=\"aioseo-breadcrumbs\"><span class=\"aioseo-breadcrumb\">\n\t\t\t<a href=\"https:\/\/serrafm879.com.br\/serrafm\" title=\"Home\">Home<\/a>\n\t\t<\/span><span class=\"aioseo-breadcrumb-separator\">&raquo;<\/span><span class=\"aioseo-breadcrumb\">\n\t\t\t<a href=\"https:\/\/serrafm879.com.br\/serrafm\/categoria\/uncategorized\/\" title=\"Uncategorized\">Uncategorized<\/a>\n\t\t<\/span><span class=\"aioseo-breadcrumb-separator\">&raquo;<\/span><span class=\"aioseo-breadcrumb\">\n\t\t\tRaiva humana: morre mulher que contraiu doen\u00e7a ao ser mordida por sagui em Pernambuco\n\t\t<\/span><\/div>","aioseo_breadcrumb_json":[{"label":"Home","link":"https:\/\/serrafm879.com.br\/serrafm"},{"label":"Uncategorized","link":"https:\/\/serrafm879.com.br\/serrafm\/categoria\/uncategorized\/"},{"label":"Raiva humana: morre mulher que contraiu doen\u00e7a ao ser mordida por sagui em Pernambuco","link":"https:\/\/serrafm879.com.br\/serrafm\/2025\/01\/raiva-humana-morre-mulher-que-contraiu-doenca-ao-ser-mordida-por-sagui-em-pernambuco\/"}],"jetpack_publicize_connections":[],"jetpack_featured_media_url":"https:\/\/serrafm879.com.br\/serrafm\/wp-content\/uploads\/2025\/01\/images-2.jpeg","jetpack_shortlink":"https:\/\/wp.me\/p7HyXg-58Q","jetpack_sharing_enabled":true,"_links":{"self":[{"href":"https:\/\/serrafm879.com.br\/serrafm\/wp-json\/wp\/v2\/posts\/19768","targetHints":{"allow":["GET"]}}],"collection":[{"href":"https:\/\/serrafm879.com.br\/serrafm\/wp-json\/wp\/v2\/posts"}],"about":[{"href":"https:\/\/serrafm879.com.br\/serrafm\/wp-json\/wp\/v2\/types\/post"}],"author":[{"embeddable":true,"href":"https:\/\/serrafm879.com.br\/serrafm\/wp-json\/wp\/v2\/users\/2"}],"replies":[{"embeddable":true,"href":"https:\/\/serrafm879.com.br\/serrafm\/wp-json\/wp\/v2\/comments?post=19768"}],"version-history":[{"count":2,"href":"https:\/\/serrafm879.com.br\/serrafm\/wp-json\/wp\/v2\/posts\/19768\/revisions"}],"predecessor-version":[{"id":19778,"href":"https:\/\/serrafm879.com.br\/serrafm\/wp-json\/wp\/v2\/posts\/19768\/revisions\/19778"}],"wp:featuredmedia":[{"embeddable":true,"href":"https:\/\/serrafm879.com.br\/serrafm\/wp-json\/wp\/v2\/media\/19769"}],"wp:attachment":[{"href":"https:\/\/serrafm879.com.br\/serrafm\/wp-json\/wp\/v2\/media?parent=19768"}],"wp:term":[{"taxonomy":"category","embeddable":true,"href":"https:\/\/serrafm879.com.br\/serrafm\/wp-json\/wp\/v2\/categories?post=19768"},{"taxonomy":"post_tag","embeddable":true,"href":"https:\/\/serrafm879.com.br\/serrafm\/wp-json\/wp\/v2\/tags?post=19768"}],"curies":[{"name":"wp","href":"https:\/\/api.w.org\/{rel}","templated":true}]}}