{"id":19771,"date":"2025-01-12T09:47:14","date_gmt":"2025-01-12T12:47:14","guid":{"rendered":"https:\/?p=19771"},"modified":"2025-01-12T09:47:14","modified_gmt":"2025-01-12T12:47:14","slug":"moraes-pede-a-bolsonaro-que-apresente-convite-para-posse-de-trump","status":"publish","type":"post","link":"https:\/\/serrafm879.com.br\/serrafm\/2025\/01\/moraes-pede-a-bolsonaro-que-apresente-convite-para-posse-de-trump\/","title":{"rendered":"Moraes pede a Bolsonaro que apresente convite para posse de Trump"},"content":{"rendered":"<p>O ministro do Supremo Tribunal Federal (STF), Alexandre de Moraes, determinou aos advogados do ex-presidente da Rep\u00fablica, Jair Bolsonaro, que apresentem \u00e0 Corte um documento oficial, do governo dos Estados Unidos, para comprovar que Bolsonaro foi formalmente convidado para a cerim\u00f4nia de posse do presidente estadunidense Donald Trump.<img decoding=\"async\" src=\"https:\/\/agenciabrasil.ebc.com.br\/ebc.png?id=1626563&amp;o=node\" \/><img decoding=\"async\" src=\"https:\/\/agenciabrasil.ebc.com.br\/ebc.gif?id=1626563&amp;o=node\" \/><\/p>\n<p>\u201cDetermino que a defesa de Jair Messias Bolsonaro apresente documento oficial, nos termos do artigo 236 do CPP [C\u00f3digo de Processo Penal], que efetivamente comprove o convive descrito em sua peti\u00e7\u00e3o\u201d, sentenciou Moraes, em decis\u00e3o anunciada neste s\u00e1bado (11).<\/p>\n<p>A decis\u00e3o do ministro \u00e9 uma primeira resposta a um pedido do ex-presidente. Ontem (10), a defesa de Bolsonaro solicitou que o STF autorizasse a devolu\u00e7\u00e3o do passaporte de Bolsonaro para que ele possa viajar aos Estados Unidos entre os dias 17 e 22 de janeiro, a fim de acompanhar a posse de Trump, agendada para ocorrer no dia 20, em Washington.<\/p>\n<p>Segundo Moraes, ao requerer a libera\u00e7\u00e3o do passaporte, a defesa de Bolsonaro n\u00e3o apresentou elementos que comprovem a raz\u00e3o da viagem ao exterior. \u201cAntes da an\u00e1lise [do m\u00e9rito da solicita\u00e7\u00e3o], h\u00e1 necessidade de complementa\u00e7\u00e3o probat\u00f3ria, pois o pedido n\u00e3o veio devidamente instru\u00eddo com os documentos necess\u00e1rios\u201d, aponta o ministro.<\/p>\n<p>Bolsonaro teve o\u00a0<a href=\"https:\/\/agenciabrasil.ebc.com.br\/justica\/noticia\/2024-02\/passaporte-de-bolsonaro-e-entregue-autoridades\">passaporte apreendido<\/a>\u00a0em fevereiro de 2024, no \u00e2mbito da Opera\u00e7\u00e3o Tempus Veritatis, da Pol\u00edcia Federal (PF), que investiga uma suposta organiza\u00e7\u00e3o criminosa suspeita de atuar para dar um golpe de Estado e abolir Estado Democr\u00e1tico de Direito no Brasil com o objetivo de obter vantagens de natureza pol\u00edtica, mantendo o ex-presidente no poder. Desde ent\u00e3o, a defesa do pol\u00edtico j\u00e1 tentou reaver o documento em ao menos duas ocasi\u00f5es, mas teve os pedidos recusados pelo ministro Alexandre de Moraes.<\/p>\n<p>At\u00e9 a publica\u00e7\u00e3o desta reportagem, a\u00a0<strong>Ag\u00eancia Brasil<\/strong>\u00a0n\u00e3o tinha conseguido contatar a defesa de Bolsonaro.<\/p>\n<p>Ag\u00eancia Brasil<\/p>\n","protected":false},"excerpt":{"rendered":"<p>O ministro do Supremo Tribunal Federal (STF), Alexandre de Moraes, determinou aos advogados do ex-presidente da Rep\u00fablica, Jair Bolsonaro, que apresentem \u00e0 Corte um documento oficial, do governo dos Estados Unidos, para comprovar que Bolsonaro foi formalmente convidado para a cerim\u00f4nia de posse do presidente estadunidense Donald Trump. \u201cDetermino que a defesa de Jair Messias Bolsonaro apresente documento oficial, nos termos do artigo 236 do CPP [C\u00f3digo de Processo Penal], que efetivamente comprove o convive descrito em sua peti\u00e7\u00e3o\u201d, sentenciou Moraes, em decis\u00e3o anunciada neste s\u00e1bado (11). A decis\u00e3o do ministro \u00e9 uma primeira resposta a um pedido do ex-presidente. [&hellip;]<\/p>\n","protected":false},"author":2,"featured_media":19772,"comment_status":"open","ping_status":"open","sticky":false,"template":"","format":"standard","meta":{"_jetpack_newsletter_access":"","_jetpack_dont_email_post_to_subs":false,"_jetpack_newsletter_tier_id":0,"_jetpack_memberships_contains_paywalled_content":false,"_jetpack_feature_clip_id":0,"_jetpack_memberships_contains_paid_content":false,"footnotes":"","jetpack_publicize_message":"","jetpack_publicize_feature_enabled":true,"jetpack_social_post_already_shared":true,"jetpack_social_options":{"image_generator_settings":{"template":"highway","default_image_id":0,"font":"","enabled":false},"version":2},"jetpack_post_was_ever_published":false},"categories":[2],"tags":[],"class_list":["post-19771","post","type-post","status-publish","format-standard","has-post-thumbnail","hentry","category-noticias"],"aioseo_notices":[],"aioseo_head":"\n\t\t<!-- All in One SEO 4.9.10 - aioseo.com -->\n\t<meta name=\"description\" content=\"O ministro do Supremo Tribunal Federal (STF), Alexandre de Moraes, determinou aos advogados do ex-presidente da Rep\u00fablica, Jair Bolsonaro, que apresentem \u00e0 Corte um documento oficial, do governo dos Estados Unidos, para comprovar que Bolsonaro foi formalmente convidado para a cerim\u00f4nia de posse do presidente estadunidense Donald Trump. \u201cDetermino que a defesa de Jair Messias\" \/>\n\t<meta name=\"robots\" content=\"max-image-preview:large\" \/>\n\t<meta name=\"author\" content=\"serrafm87\"\/>\n\t<link rel=\"canonical\" href=\"https:\/\/serrafm879.com.br\/serrafm\/2025\/01\/moraes-pede-a-bolsonaro-que-apresente-convite-para-posse-de-trump\/\" \/>\n\t<meta name=\"generator\" content=\"All in One SEO (AIOSEO) 4.9.10\" \/>\n\t\t<meta name=\"twitter:card\" content=\"summary_large_image\" \/>\n\t\t<meta name=\"twitter:title\" content=\"Moraes pede a Bolsonaro que apresente convite para posse de Trump - Serra FM 87,9\" \/>\n\t\t<meta name=\"twitter:description\" content=\"O ministro do Supremo Tribunal Federal (STF), Alexandre de Moraes, determinou aos advogados do ex-presidente da Rep\u00fablica, Jair Bolsonaro, que apresentem \u00e0 Corte um documento oficial, do governo dos Estados Unidos, para comprovar que Bolsonaro foi formalmente convidado para a cerim\u00f4nia de posse do presidente estadunidense Donald Trump. \u201cDetermino que a defesa de Jair Messias\" \/>\n\t\t<meta name=\"twitter:image\" content=\"https:\/\/serrafm879.com.br\/serrafm\/wp-content\/uploads\/2025\/01\/download-4.jpg\" \/>\n\t\t<script type=\"application\/ld+json\" class=\"aioseo-schema\">\n\t\t\t{\"@context\":\"https:\\\/\\\/schema.org\",\"@graph\":[{\"@type\":\"BlogPosting\",\"@id\":\"https:\\\/\\\/serrafm879.com.br\\\/serrafm\\\/2025\\\/01\\\/moraes-pede-a-bolsonaro-que-apresente-convite-para-posse-de-trump\\\/#blogposting\",\"name\":\"Moraes pede a Bolsonaro que apresente convite para posse de Trump - Serra FM 87,9\",\"headline\":\"Moraes pede a Bolsonaro que apresente convite para posse de Trump\",\"author\":{\"@id\":\"https:\\\/\\\/serrafm879.com.br\\\/serrafm\\\/author\\\/serrafm87\\\/#author\"},\"publisher\":{\"@id\":\"https:\\\/\\\/serrafm879.com.br\\\/serrafm\\\/#organization\"},\"image\":{\"@type\":\"ImageObject\",\"url\":\"https:\\\/\\\/serrafm879.com.br\\\/serrafm\\\/wp-content\\\/uploads\\\/2025\\\/01\\\/download-4.jpg\",\"width\":290,\"height\":174},\"datePublished\":\"2025-01-12T09:47:14-03:00\",\"dateModified\":\"2025-01-12T09:47:14-03:00\",\"inLanguage\":\"pt-BR\",\"mainEntityOfPage\":{\"@id\":\"https:\\\/\\\/serrafm879.com.br\\\/serrafm\\\/2025\\\/01\\\/moraes-pede-a-bolsonaro-que-apresente-convite-para-posse-de-trump\\\/#webpage\"},\"isPartOf\":{\"@id\":\"https:\\\/\\\/serrafm879.com.br\\\/serrafm\\\/2025\\\/01\\\/moraes-pede-a-bolsonaro-que-apresente-convite-para-posse-de-trump\\\/#webpage\"},\"articleSection\":\"Not\\u00edcias\"},{\"@type\":\"BreadcrumbList\",\"@id\":\"https:\\\/\\\/serrafm879.com.br\\\/serrafm\\\/2025\\\/01\\\/moraes-pede-a-bolsonaro-que-apresente-convite-para-posse-de-trump\\\/#breadcrumblist\",\"itemListElement\":[{\"@type\":\"ListItem\",\"@id\":\"https:\\\/\\\/serrafm879.com.br\\\/serrafm#listItem\",\"position\":1,\"name\":\"Home\",\"item\":\"https:\\\/\\\/serrafm879.com.br\\\/serrafm\",\"nextItem\":{\"@type\":\"ListItem\",\"@id\":\"https:\\\/\\\/serrafm879.com.br\\\/serrafm\\\/categoria\\\/noticias\\\/#listItem\",\"name\":\"Not\\u00edcias\"}},{\"@type\":\"ListItem\",\"@id\":\"https:\\\/\\\/serrafm879.com.br\\\/serrafm\\\/categoria\\\/noticias\\\/#listItem\",\"position\":2,\"name\":\"Not\\u00edcias\",\"item\":\"https:\\\/\\\/serrafm879.com.br\\\/serrafm\\\/categoria\\\/noticias\\\/\",\"nextItem\":{\"@type\":\"ListItem\",\"@id\":\"https:\\\/\\\/serrafm879.com.br\\\/serrafm\\\/2025\\\/01\\\/moraes-pede-a-bolsonaro-que-apresente-convite-para-posse-de-trump\\\/#listItem\",\"name\":\"Moraes pede a Bolsonaro que apresente convite para posse de Trump\"},\"previousItem\":{\"@type\":\"ListItem\",\"@id\":\"https:\\\/\\\/serrafm879.com.br\\\/serrafm#listItem\",\"name\":\"Home\"}},{\"@type\":\"ListItem\",\"@id\":\"https:\\\/\\\/serrafm879.com.br\\\/serrafm\\\/2025\\\/01\\\/moraes-pede-a-bolsonaro-que-apresente-convite-para-posse-de-trump\\\/#listItem\",\"position\":3,\"name\":\"Moraes pede a Bolsonaro que apresente convite para posse de Trump\",\"previousItem\":{\"@type\":\"ListItem\",\"@id\":\"https:\\\/\\\/serrafm879.com.br\\\/serrafm\\\/categoria\\\/noticias\\\/#listItem\",\"name\":\"Not\\u00edcias\"}}]},{\"@type\":\"Organization\",\"@id\":\"https:\\\/\\\/serrafm879.com.br\\\/serrafm\\\/#organization\",\"name\":\"Serra FM 87,9\",\"description\":\"O seu novo amor!\",\"url\":\"https:\\\/\\\/serrafm879.com.br\\\/serrafm\\\/\"},{\"@type\":\"Person\",\"@id\":\"https:\\\/\\\/serrafm879.com.br\\\/serrafm\\\/author\\\/serrafm87\\\/#author\",\"url\":\"https:\\\/\\\/serrafm879.com.br\\\/serrafm\\\/author\\\/serrafm87\\\/\",\"name\":\"serrafm87\",\"image\":{\"@type\":\"ImageObject\",\"@id\":\"https:\\\/\\\/serrafm879.com.br\\\/serrafm\\\/2025\\\/01\\\/moraes-pede-a-bolsonaro-que-apresente-convite-para-posse-de-trump\\\/#authorImage\",\"url\":\"https:\\\/\\\/secure.gravatar.com\\\/avatar\\\/a743233f1112d34f48bb3dc9559b76eb930bab8b27175856cba6362608736235?s=96&d=mm&r=g\",\"width\":96,\"height\":96,\"caption\":\"serrafm87\"}},{\"@type\":\"WebPage\",\"@id\":\"https:\\\/\\\/serrafm879.com.br\\\/serrafm\\\/2025\\\/01\\\/moraes-pede-a-bolsonaro-que-apresente-convite-para-posse-de-trump\\\/#webpage\",\"url\":\"https:\\\/\\\/serrafm879.com.br\\\/serrafm\\\/2025\\\/01\\\/moraes-pede-a-bolsonaro-que-apresente-convite-para-posse-de-trump\\\/\",\"name\":\"Moraes pede a Bolsonaro que apresente convite para posse de Trump - Serra FM 87,9\",\"description\":\"O ministro do Supremo Tribunal Federal (STF), Alexandre de Moraes, determinou aos advogados do ex-presidente da Rep\\u00fablica, Jair Bolsonaro, que apresentem \\u00e0 Corte um documento oficial, do governo dos Estados Unidos, para comprovar que Bolsonaro foi formalmente convidado para a cerim\\u00f4nia de posse do presidente estadunidense Donald Trump. \\u201cDetermino que a defesa de Jair Messias\",\"inLanguage\":\"pt-BR\",\"isPartOf\":{\"@id\":\"https:\\\/\\\/serrafm879.com.br\\\/serrafm\\\/#website\"},\"breadcrumb\":{\"@id\":\"https:\\\/\\\/serrafm879.com.br\\\/serrafm\\\/2025\\\/01\\\/moraes-pede-a-bolsonaro-que-apresente-convite-para-posse-de-trump\\\/#breadcrumblist\"},\"author\":{\"@id\":\"https:\\\/\\\/serrafm879.com.br\\\/serrafm\\\/author\\\/serrafm87\\\/#author\"},\"creator\":{\"@id\":\"https:\\\/\\\/serrafm879.com.br\\\/serrafm\\\/author\\\/serrafm87\\\/#author\"},\"image\":{\"@type\":\"ImageObject\",\"url\":\"https:\\\/\\\/serrafm879.com.br\\\/serrafm\\\/wp-content\\\/uploads\\\/2025\\\/01\\\/download-4.jpg\",\"@id\":\"https:\\\/\\\/serrafm879.com.br\\\/serrafm\\\/2025\\\/01\\\/moraes-pede-a-bolsonaro-que-apresente-convite-para-posse-de-trump\\\/#mainImage\",\"width\":290,\"height\":174},\"primaryImageOfPage\":{\"@id\":\"https:\\\/\\\/serrafm879.com.br\\\/serrafm\\\/2025\\\/01\\\/moraes-pede-a-bolsonaro-que-apresente-convite-para-posse-de-trump\\\/#mainImage\"},\"datePublished\":\"2025-01-12T09:47:14-03:00\",\"dateModified\":\"2025-01-12T09:47:14-03:00\"},{\"@type\":\"WebSite\",\"@id\":\"https:\\\/\\\/serrafm879.com.br\\\/serrafm\\\/#website\",\"url\":\"https:\\\/\\\/serrafm879.com.br\\\/serrafm\\\/\",\"name\":\"Serra FM 87,9\",\"description\":\"O seu novo amor!\",\"inLanguage\":\"pt-BR\",\"publisher\":{\"@id\":\"https:\\\/\\\/serrafm879.com.br\\\/serrafm\\\/#organization\"}}]}\n\t\t<\/script>\n\t\t<!-- All in One SEO -->\n\n","aioseo_head_json":{"title":"Moraes pede a Bolsonaro que apresente convite para posse de Trump - Serra FM 87,9","description":"O ministro do Supremo Tribunal Federal (STF), Alexandre de Moraes, determinou aos advogados do ex-presidente da Rep\u00fablica, Jair Bolsonaro, que apresentem \u00e0 Corte um documento oficial, do governo dos Estados Unidos, para comprovar que Bolsonaro foi formalmente convidado para a cerim\u00f4nia de posse do presidente estadunidense Donald Trump. \u201cDetermino que a defesa de Jair Messias","canonical_url":"https:\/\/serrafm879.com.br\/serrafm\/2025\/01\/moraes-pede-a-bolsonaro-que-apresente-convite-para-posse-de-trump\/","robots":"max-image-preview:large","keywords":"","webmasterTools":{"miscellaneous":""},"schema":{"@context":"https:\/\/schema.org","@graph":[{"@type":"BlogPosting","@id":"https:\/\/serrafm879.com.br\/serrafm\/2025\/01\/moraes-pede-a-bolsonaro-que-apresente-convite-para-posse-de-trump\/#blogposting","name":"Moraes pede a Bolsonaro que apresente convite para posse de Trump - Serra FM 87,9","headline":"Moraes pede a Bolsonaro que apresente convite para posse de Trump","author":{"@id":"https:\/\/serrafm879.com.br\/serrafm\/author\/serrafm87\/#author"},"publisher":{"@id":"https:\/\/serrafm879.com.br\/serrafm\/#organization"},"image":{"@type":"ImageObject","url":"https:\/\/serrafm879.com.br\/serrafm\/wp-content\/uploads\/2025\/01\/download-4.jpg","width":290,"height":174},"datePublished":"2025-01-12T09:47:14-03:00","dateModified":"2025-01-12T09:47:14-03:00","inLanguage":"pt-BR","mainEntityOfPage":{"@id":"https:\/\/serrafm879.com.br\/serrafm\/2025\/01\/moraes-pede-a-bolsonaro-que-apresente-convite-para-posse-de-trump\/#webpage"},"isPartOf":{"@id":"https:\/\/serrafm879.com.br\/serrafm\/2025\/01\/moraes-pede-a-bolsonaro-que-apresente-convite-para-posse-de-trump\/#webpage"},"articleSection":"Not\u00edcias"},{"@type":"BreadcrumbList","@id":"https:\/\/serrafm879.com.br\/serrafm\/2025\/01\/moraes-pede-a-bolsonaro-que-apresente-convite-para-posse-de-trump\/#breadcrumblist","itemListElement":[{"@type":"ListItem","@id":"https:\/\/serrafm879.com.br\/serrafm#listItem","position":1,"name":"Home","item":"https:\/\/serrafm879.com.br\/serrafm","nextItem":{"@type":"ListItem","@id":"https:\/\/serrafm879.com.br\/serrafm\/categoria\/noticias\/#listItem","name":"Not\u00edcias"}},{"@type":"ListItem","@id":"https:\/\/serrafm879.com.br\/serrafm\/categoria\/noticias\/#listItem","position":2,"name":"Not\u00edcias","item":"https:\/\/serrafm879.com.br\/serrafm\/categoria\/noticias\/","nextItem":{"@type":"ListItem","@id":"https:\/\/serrafm879.com.br\/serrafm\/2025\/01\/moraes-pede-a-bolsonaro-que-apresente-convite-para-posse-de-trump\/#listItem","name":"Moraes pede a Bolsonaro que apresente convite para posse de Trump"},"previousItem":{"@type":"ListItem","@id":"https:\/\/serrafm879.com.br\/serrafm#listItem","name":"Home"}},{"@type":"ListItem","@id":"https:\/\/serrafm879.com.br\/serrafm\/2025\/01\/moraes-pede-a-bolsonaro-que-apresente-convite-para-posse-de-trump\/#listItem","position":3,"name":"Moraes pede a Bolsonaro que apresente convite para posse de Trump","previousItem":{"@type":"ListItem","@id":"https:\/\/serrafm879.com.br\/serrafm\/categoria\/noticias\/#listItem","name":"Not\u00edcias"}}]},{"@type":"Organization","@id":"https:\/\/serrafm879.com.br\/serrafm\/#organization","name":"Serra FM 87,9","description":"O seu novo amor!","url":"https:\/\/serrafm879.com.br\/serrafm\/"},{"@type":"Person","@id":"https:\/\/serrafm879.com.br\/serrafm\/author\/serrafm87\/#author","url":"https:\/\/serrafm879.com.br\/serrafm\/author\/serrafm87\/","name":"serrafm87","image":{"@type":"ImageObject","@id":"https:\/\/serrafm879.com.br\/serrafm\/2025\/01\/moraes-pede-a-bolsonaro-que-apresente-convite-para-posse-de-trump\/#authorImage","url":"https:\/\/secure.gravatar.com\/avatar\/a743233f1112d34f48bb3dc9559b76eb930bab8b27175856cba6362608736235?s=96&d=mm&r=g","width":96,"height":96,"caption":"serrafm87"}},{"@type":"WebPage","@id":"https:\/\/serrafm879.com.br\/serrafm\/2025\/01\/moraes-pede-a-bolsonaro-que-apresente-convite-para-posse-de-trump\/#webpage","url":"https:\/\/serrafm879.com.br\/serrafm\/2025\/01\/moraes-pede-a-bolsonaro-que-apresente-convite-para-posse-de-trump\/","name":"Moraes pede a Bolsonaro que apresente convite para posse de Trump - Serra FM 87,9","description":"O ministro do Supremo Tribunal Federal (STF), Alexandre de Moraes, determinou aos advogados do ex-presidente da Rep\u00fablica, Jair Bolsonaro, que apresentem \u00e0 Corte um documento oficial, do governo dos Estados Unidos, para comprovar que Bolsonaro foi formalmente convidado para a cerim\u00f4nia de posse do presidente estadunidense Donald Trump. \u201cDetermino que a defesa de Jair Messias","inLanguage":"pt-BR","isPartOf":{"@id":"https:\/\/serrafm879.com.br\/serrafm\/#website"},"breadcrumb":{"@id":"https:\/\/serrafm879.com.br\/serrafm\/2025\/01\/moraes-pede-a-bolsonaro-que-apresente-convite-para-posse-de-trump\/#breadcrumblist"},"author":{"@id":"https:\/\/serrafm879.com.br\/serrafm\/author\/serrafm87\/#author"},"creator":{"@id":"https:\/\/serrafm879.com.br\/serrafm\/author\/serrafm87\/#author"},"image":{"@type":"ImageObject","url":"https:\/\/serrafm879.com.br\/serrafm\/wp-content\/uploads\/2025\/01\/download-4.jpg","@id":"https:\/\/serrafm879.com.br\/serrafm\/2025\/01\/moraes-pede-a-bolsonaro-que-apresente-convite-para-posse-de-trump\/#mainImage","width":290,"height":174},"primaryImageOfPage":{"@id":"https:\/\/serrafm879.com.br\/serrafm\/2025\/01\/moraes-pede-a-bolsonaro-que-apresente-convite-para-posse-de-trump\/#mainImage"},"datePublished":"2025-01-12T09:47:14-03:00","dateModified":"2025-01-12T09:47:14-03:00"},{"@type":"WebSite","@id":"https:\/\/serrafm879.com.br\/serrafm\/#website","url":"https:\/\/serrafm879.com.br\/serrafm\/","name":"Serra FM 87,9","description":"O seu novo amor!","inLanguage":"pt-BR","publisher":{"@id":"https:\/\/serrafm879.com.br\/serrafm\/#organization"}}]},"twitter:card":"summary_large_image","twitter:title":"Moraes pede a Bolsonaro que apresente convite para posse de Trump - Serra FM 87,9","twitter:description":"O ministro do Supremo Tribunal Federal (STF), Alexandre de Moraes, determinou aos advogados do ex-presidente da Rep\u00fablica, Jair Bolsonaro, que apresentem \u00e0 Corte um documento oficial, do governo dos Estados Unidos, para comprovar que Bolsonaro foi formalmente convidado para a cerim\u00f4nia de posse do presidente estadunidense Donald Trump. \u201cDetermino que a defesa de Jair Messias","twitter:image":"https:\/\/serrafm879.com.br\/serrafm\/wp-content\/uploads\/2025\/01\/download-4.jpg"},"aioseo_meta_data":{"post_id":"19771","title":null,"description":null,"keywords":null,"keyphrases":null,"primary_term":null,"canonical_url":null,"og_title":null,"og_description":null,"og_object_type":"default","og_image_type":"default","og_image_custom_url":null,"og_image_custom_fields":null,"og_image_url":null,"og_image_width":null,"og_image_height":null,"og_video":null,"og_custom_url":null,"og_article_section":null,"og_article_tags":null,"twitter_use_og":false,"twitter_card":"default","twitter_image_type":"default","twitter_image_custom_url":null,"twitter_image_custom_fields":null,"twitter_image_url":null,"twitter_title":null,"twitter_description":null,"schema_type":"default","schema_type_options":null,"schema":{"blockGraphs":[],"customGraphs":[],"default":{"data":{"Article":[],"Course":[],"Dataset":[],"FAQPage":[],"Movie":[],"Person":[],"Product":[],"ProductReview":[],"Car":[],"Recipe":[],"Service":[],"SoftwareApplication":[],"WebPage":[]},"graphName":"","isEnabled":true},"graphs":[]},"pillar_content":false,"robots_default":true,"robots_noindex":false,"robots_noarchive":false,"robots_nosnippet":false,"robots_nofollow":false,"robots_noimageindex":false,"robots_noodp":false,"robots_notranslate":false,"robots_max_snippet":null,"robots_max_videopreview":null,"robots_max_imagepreview":"large","priority":null,"frequency":null,"local_seo":null,"limit_modified_date":false,"ai":null,"breadcrumb_settings":null,"seo_analyzer_scan_date":null,"created":"2026-07-21 13:05:26","updated":"2026-07-21 13:05:26"},"aioseo_breadcrumb":"<div class=\"aioseo-breadcrumbs\"><span class=\"aioseo-breadcrumb\">\n\t\t\t<a href=\"https:\/\/serrafm879.com.br\/serrafm\" title=\"Home\">Home<\/a>\n\t\t<\/span><span class=\"aioseo-breadcrumb-separator\">&raquo;<\/span><span class=\"aioseo-breadcrumb\">\n\t\t\t<a href=\"https:\/\/serrafm879.com.br\/serrafm\/categoria\/noticias\/\" title=\"Not\u00edcias\">Not\u00edcias<\/a>\n\t\t<\/span><span class=\"aioseo-breadcrumb-separator\">&raquo;<\/span><span class=\"aioseo-breadcrumb\">\n\t\t\tMoraes pede a Bolsonaro que apresente convite para posse de Trump\n\t\t<\/span><\/div>","aioseo_breadcrumb_json":[{"label":"Home","link":"https:\/\/serrafm879.com.br\/serrafm"},{"label":"Not\u00edcias","link":"https:\/\/serrafm879.com.br\/serrafm\/categoria\/noticias\/"},{"label":"Moraes pede a Bolsonaro que apresente convite para posse de Trump","link":"https:\/\/serrafm879.com.br\/serrafm\/2025\/01\/moraes-pede-a-bolsonaro-que-apresente-convite-para-posse-de-trump\/"}],"jetpack_publicize_connections":[],"jetpack_featured_media_url":"https:\/\/serrafm879.com.br\/serrafm\/wp-content\/uploads\/2025\/01\/download-4.jpg","jetpack_shortlink":"https:\/\/wp.me\/p7HyXg-58T","jetpack_sharing_enabled":true,"_links":{"self":[{"href":"https:\/\/serrafm879.com.br\/serrafm\/wp-json\/wp\/v2\/posts\/19771","targetHints":{"allow":["GET"]}}],"collection":[{"href":"https:\/\/serrafm879.com.br\/serrafm\/wp-json\/wp\/v2\/posts"}],"about":[{"href":"https:\/\/serrafm879.com.br\/serrafm\/wp-json\/wp\/v2\/types\/post"}],"author":[{"embeddable":true,"href":"https:\/\/serrafm879.com.br\/serrafm\/wp-json\/wp\/v2\/users\/2"}],"replies":[{"embeddable":true,"href":"https:\/\/serrafm879.com.br\/serrafm\/wp-json\/wp\/v2\/comments?post=19771"}],"version-history":[{"count":1,"href":"https:\/\/serrafm879.com.br\/serrafm\/wp-json\/wp\/v2\/posts\/19771\/revisions"}],"predecessor-version":[{"id":19773,"href":"https:\/\/serrafm879.com.br\/serrafm\/wp-json\/wp\/v2\/posts\/19771\/revisions\/19773"}],"wp:featuredmedia":[{"embeddable":true,"href":"https:\/\/serrafm879.com.br\/serrafm\/wp-json\/wp\/v2\/media\/19772"}],"wp:attachment":[{"href":"https:\/\/serrafm879.com.br\/serrafm\/wp-json\/wp\/v2\/media?parent=19771"}],"wp:term":[{"taxonomy":"category","embeddable":true,"href":"https:\/\/serrafm879.com.br\/serrafm\/wp-json\/wp\/v2\/categories?post=19771"},{"taxonomy":"post_tag","embeddable":true,"href":"https:\/\/serrafm879.com.br\/serrafm\/wp-json\/wp\/v2\/tags?post=19771"}],"curies":[{"name":"wp","href":"https:\/\/api.w.org\/{rel}","templated":true}]}}