{"id":19774,"date":"2025-01-12T09:53:01","date_gmt":"2025-01-12T12:53:01","guid":{"rendered":"https:\/?p=19774"},"modified":"2025-01-12T09:53:01","modified_gmt":"2025-01-12T12:53:01","slug":"pf-instaurara-inquerito-para-investigar-ataque-a-assentamento-do-mst","status":"publish","type":"post","link":"https:\/\/serrafm879.com.br\/serrafm\/2025\/01\/pf-instaurara-inquerito-para-investigar-ataque-a-assentamento-do-mst\/","title":{"rendered":"PF instaurar\u00e1 inqu\u00e9rito para investigar ataque a assentamento do MST"},"content":{"rendered":"<p>O Minist\u00e9rio da Justi\u00e7a e Seguran\u00e7a P\u00fablica determinou, neste s\u00e1bado (11), que a Pol\u00edcia Federal (PF) instaure inqu\u00e9rito para apurar o ataque ao assentamento Olga Ben\u00e1rio, do Movimento dos Trabalhadores Rurais Sem Terra (MST)<img decoding=\"async\" src=\"https:\/\/agenciabrasil.ebc.com.br\/ebc.png?id=1626601&amp;o=node\" \/><img decoding=\"async\" src=\"https:\/\/agenciabrasil.ebc.com.br\/ebc.gif?id=1626601&amp;o=node\" \/><\/p>\n<p>Localizado em Trememb\u00e9 (SP), no Vale do Para\u00edba, a cerca de 140 quil\u00f4metros da capital paulista, o\u00a0<a href=\"https:\/\/agenciabrasil.ebc.com.br\/geral\/noticia\/2025-01\/duas-pessoas-sao-mortas-e-seis-feridas-em-ataque-assentamento-do-mst\">assentamento foi atacado<\/a>\u00a0por homens armados na noite desta sexta-feira (10). Segundo o MST, dois assentados foram mortos a tiros e ao menos outros seis est\u00e3o feridos, alguns em estado grave.<\/p>\n<p>O Minist\u00e9rio da Justi\u00e7a e Seguran\u00e7a P\u00fablica informou que uma equipe da PF, com agentes, perito e papiloscopista, j\u00e1 est\u00e1 se deslocando para Trememb\u00e9. Al\u00e9m disso, no of\u00edcio encaminhado \u00e0 Andrei Passos, diretor-geral da corpora\u00e7\u00e3o, o ministro substituto Manoel Carlos de Almeida Neto, reitera a informa\u00e7\u00e3o de que, por volta das 23 horas desta setxa (10), \u201ccriminosos\u201d armados invadiram o assentamento e dispararam contra \u201cfam\u00edlias de agricultores\u201d que moram no assentamento devidamente regularizado pelo Instituto Nacional de Coloniza\u00e7\u00e3o e Reforma Agr\u00e1ria (Incra).<\/p>\n<p>\u201cAnte o exposto, determino \u00e0 Pol\u00edcia Federal que proceda abertura de investiga\u00e7\u00e3o criminal para apura\u00e7\u00e3o dos fatos narrados\u201d, refor\u00e7a o ministro.<\/p>\n<p>De acordo com o MST, os agressores, ainda n\u00e3o identificados, usavam \u201cv\u00e1rios carros e motos\u201d e chegaram atirando quando a maioria dos assentados dormia, entre eles crian\u00e7as e idosos. Em meio \u00e0 confus\u00e3o, dois assentados foram baleados e n\u00e3o resistiram: Valdir do Nascimento, o Valdirz\u00e3o, de 52 anos, e Gleison Barbosa de Carvalho, 28. Nascimento era uma das lideran\u00e7as do assentamento. Integrantes do movimento chegaram a divulgar uma terceira morte, n\u00e3o confirmada pelas autoridades, e a postagem inicial foi apagada das redes sociais.<\/p>\n<p>Consultada pela\u00a0<strong>Ag\u00eancia Brasil<\/strong>, a secretaria estadual de Sa\u00fade confirmou que ao menos seis feridos foram atendidos em unidades p\u00fablicas de sa\u00fade da regi\u00e3o, entre elas o Hospital regional do Vale do Para\u00edba &#8211; Sociedade Beneficente S\u00e3o Camilo, de Taubat\u00e9, mas informou que, por se tratar de uma ocorr\u00eancia policial e tamb\u00e9m por n\u00e3o ter autoriza\u00e7\u00e3o das v\u00edtimas ou de seus parentes, n\u00e3o est\u00e1 autorizada a fornecer detalhes sobre o estado de sa\u00fade dos pacientes que seguem internados.<\/p>\n<h2>Prote\u00e7\u00e3o<\/h2>\n<p>Diante da repercuss\u00e3o, o\u00a0<a href=\"https:\/\/agenciabrasil.ebc.com.br\/direitos-humanos\/noticia\/2025-01\/ministerio-vai-oferecer-protecao-liderancas-de-assentamento-atacado-em-sp\">Minist\u00e9rio dos Direitos Humanos e da Cidadania (Mdhc) anunciou que vai oferecer assist\u00eancia e prote\u00e7\u00e3o \u00e0s lideran\u00e7as<\/a>\u00a0e demais moradores do Assentamento Olga Ben\u00e1rio, do Movimento dos Trabalhadores Rurais Sem Terra (MST).<\/p>\n<p>\u201cO MDHC, por meio do Programa de Prote\u00e7\u00e3o aos Defensores de Direitos Humanos, Comunicadores e Ambientalistas, est\u00e1 buscando mais informa\u00e7\u00f5es sobre os fatos ocorridos e oferecer\u00e1 assist\u00eancia para as lideran\u00e7as do assentamento e sua coletividade\u201d, anunciou o minist\u00e9rio, em nota divulgada esta tarde.<\/p>\n<p>Tamb\u00e9m em nota, o ministro do Desenvolvimento Agr\u00e1rio e Agricultura Familiar (MDA), Paulo Teixeira, repudiou o \u201catentado praticado por criminosos ainda n\u00e3o identificados\u201d. \u201cO MDA repudia o crime e manifesta solidariedade e apoio aos assentados da reforma agr\u00e1ria, especialmente \u00e0s fam\u00edlias de Valdir do Nascimento e do jovem Gleison Barbosa Carvalho, brutalmente assassinados neste caso\u201d.<\/p>\n<h2>Recorr\u00eancia<\/h2>\n<p>Juntos com a Ouvidoria da Pol\u00edcia do Estado de S\u00e3o Paulo, os conselhos Nacional de Direitos Humanos (Cndh) e de Defesa dos Direitos da Pessoa Humana do Estado de S\u00e3o Paulo (Condepe) manifestaram tristeza e indigna\u00e7\u00e3o, repudiando o \u201cviolento atentado\u201d contra as fam\u00edlias assentadas.<\/p>\n<p>\u201cQueremos prestar total apoio e solidariedade \u00e0 fam\u00edlia das v\u00edtimas, aos amigos e aos feridos, nesta inadmiss\u00edvel incurs\u00e3o criminosa, ainda sob investiga\u00e7\u00e3o\u201d, expressaram as entidades, lamentando que ataques desta natureza contra movimentos sociais, sobretudo os que lutam pelo acesso a terras produtivas, sejam recorrentes. De acordo com\u00a0<a href=\"https:\/\/www.gov.br\/mdh\/pt-br\/assuntos\/noticias\/2024\/agosto\/violacoes-contra-defensores-de-direitos-foram-mais-denunciadas-nos-ultimos-anos-revela-observatorio-dos-direitos-humanos\">dados da Ouvidoria Nacional de Direitos Humanos<\/a>, entre os anos de 2020 e 2024, foram registradas 2.332 den\u00fancias de viola\u00e7\u00f5es motivadas por quest\u00f5es relacionadas a conflitos agr\u00e1rios, crimes ambientais e\/ou \u00e0 atua\u00e7\u00e3o de comunicadores e defensores dos direitos humanos, o que corresponde a mais de uma den\u00fancia por dia.<\/p>\n<p>\u201cFazemos um compromisso publico com as fam\u00edlias e assentados de que acompanharemos este acaso at\u00e9 seu total esclarecimento: vamos exigir uma apura\u00e7\u00e3o qualificada e puni\u00e7\u00e3o exemplar dos culpados, por este ataque terrorista ao estado democr\u00e1tico com ato de terrorismo\u201d acrescentaram as entidades, defendendo ser necess\u00e1rio \u201cdar um basta a esta espiral de viol\u00eancia\u201d, cujas v\u00edtimas s\u00e3o, no plano urbano, a popula\u00e7\u00e3o perif\u00e9rica e pobre, e, no campo, assentados e movimentos em defesa dos menos favorecidos\u201d.<\/p>\n<p>A ocorr\u00eancia tamb\u00e9m gerou rea\u00e7\u00f5es de parlamentares de diferentes partidos, entre eles o deputado estadual Sim\u00e3o Pedro (PT-SP), que atribuiu o \u201catentado\u201d a organiza\u00e7\u00f5es criminosas que, segundo ele, \u201cquerem se apossar dos territ\u00f3rios da reforma agr\u00e1ria\u201d.<\/p>\n<p>Fonte: Ag\u00eancia Brasil<\/p>\n","protected":false},"excerpt":{"rendered":"<p>O Minist\u00e9rio da Justi\u00e7a e Seguran\u00e7a P\u00fablica determinou, neste s\u00e1bado (11), que a Pol\u00edcia Federal (PF) instaure inqu\u00e9rito para apurar o ataque ao assentamento Olga Ben\u00e1rio, do Movimento dos Trabalhadores Rurais Sem Terra (MST) Localizado em Trememb\u00e9 (SP), no Vale do Para\u00edba, a cerca de 140 quil\u00f4metros da capital paulista, o\u00a0assentamento foi atacado\u00a0por homens armados na noite desta sexta-feira (10). Segundo o MST, dois assentados foram mortos a tiros e ao menos outros seis est\u00e3o feridos, alguns em estado grave. O Minist\u00e9rio da Justi\u00e7a e Seguran\u00e7a P\u00fablica informou que uma equipe da PF, com agentes, perito e papiloscopista, j\u00e1 est\u00e1 [&hellip;]<\/p>\n","protected":false},"author":2,"featured_media":19776,"comment_status":"open","ping_status":"open","sticky":false,"template":"","format":"standard","meta":{"_jetpack_newsletter_access":"","_jetpack_dont_email_post_to_subs":false,"_jetpack_newsletter_tier_id":0,"_jetpack_memberships_contains_paywalled_content":false,"_jetpack_feature_clip_id":0,"_jetpack_memberships_contains_paid_content":false,"footnotes":"","jetpack_publicize_message":"","jetpack_publicize_feature_enabled":true,"jetpack_social_post_already_shared":true,"jetpack_social_options":{"image_generator_settings":{"template":"highway","default_image_id":0,"font":"","enabled":false},"version":2},"jetpack_post_was_ever_published":false},"categories":[151],"tags":[],"class_list":["post-19774","post","type-post","status-publish","format-standard","has-post-thumbnail","hentry","category-policia"],"aioseo_notices":[],"aioseo_head":"\n\t\t<!-- All in One SEO 4.9.10 - aioseo.com -->\n\t<meta name=\"description\" content=\"O Minist\u00e9rio da Justi\u00e7a e Seguran\u00e7a P\u00fablica determinou, neste s\u00e1bado (11), que a Pol\u00edcia Federal (PF) instaure inqu\u00e9rito para apurar o ataque ao assentamento Olga Ben\u00e1rio, do Movimento dos Trabalhadores Rurais Sem Terra (MST) Localizado em Trememb\u00e9 (SP), no Vale do Para\u00edba, a cerca de 140 quil\u00f4metros da capital paulista, o assentamento foi atacado por homens armados\" \/>\n\t<meta name=\"robots\" content=\"max-image-preview:large\" \/>\n\t<meta name=\"author\" content=\"serrafm87\"\/>\n\t<link rel=\"canonical\" href=\"https:\/\/serrafm879.com.br\/serrafm\/2025\/01\/pf-instaurara-inquerito-para-investigar-ataque-a-assentamento-do-mst\/\" \/>\n\t<meta name=\"generator\" content=\"All in One SEO (AIOSEO) 4.9.10\" \/>\n\t\t<meta name=\"twitter:card\" content=\"summary_large_image\" \/>\n\t\t<meta name=\"twitter:title\" content=\"PF instaurar\u00e1 inqu\u00e9rito para investigar ataque a assentamento do MST - Serra FM 87,9\" \/>\n\t\t<meta name=\"twitter:description\" content=\"O Minist\u00e9rio da Justi\u00e7a e Seguran\u00e7a P\u00fablica determinou, neste s\u00e1bado (11), que a Pol\u00edcia Federal (PF) instaure inqu\u00e9rito para apurar o ataque ao assentamento Olga Ben\u00e1rio, do Movimento dos Trabalhadores Rurais Sem Terra (MST) Localizado em Trememb\u00e9 (SP), no Vale do Para\u00edba, a cerca de 140 quil\u00f4metros da capital paulista, o assentamento foi atacado por homens armados\" \/>\n\t\t<meta name=\"twitter:image\" content=\"https:\/\/serrafm879.com.br\/serrafm\/wp-content\/uploads\/2025\/01\/download-2-1.jpg\" \/>\n\t\t<script type=\"application\/ld+json\" class=\"aioseo-schema\">\n\t\t\t{\"@context\":\"https:\\\/\\\/schema.org\",\"@graph\":[{\"@type\":\"BlogPosting\",\"@id\":\"https:\\\/\\\/serrafm879.com.br\\\/serrafm\\\/2025\\\/01\\\/pf-instaurara-inquerito-para-investigar-ataque-a-assentamento-do-mst\\\/#blogposting\",\"name\":\"PF instaurar\\u00e1 inqu\\u00e9rito para investigar ataque a assentamento do MST - Serra FM 87,9\",\"headline\":\"PF instaurar\\u00e1 inqu\\u00e9rito para investigar ataque a assentamento do MST\",\"author\":{\"@id\":\"https:\\\/\\\/serrafm879.com.br\\\/serrafm\\\/author\\\/serrafm87\\\/#author\"},\"publisher\":{\"@id\":\"https:\\\/\\\/serrafm879.com.br\\\/serrafm\\\/#organization\"},\"image\":{\"@type\":\"ImageObject\",\"url\":\"https:\\\/\\\/serrafm879.com.br\\\/serrafm\\\/wp-content\\\/uploads\\\/2025\\\/01\\\/download-2-1.jpg\",\"width\":275,\"height\":183},\"datePublished\":\"2025-01-12T09:53:01-03:00\",\"dateModified\":\"2025-01-12T09:53:01-03:00\",\"inLanguage\":\"pt-BR\",\"mainEntityOfPage\":{\"@id\":\"https:\\\/\\\/serrafm879.com.br\\\/serrafm\\\/2025\\\/01\\\/pf-instaurara-inquerito-para-investigar-ataque-a-assentamento-do-mst\\\/#webpage\"},\"isPartOf\":{\"@id\":\"https:\\\/\\\/serrafm879.com.br\\\/serrafm\\\/2025\\\/01\\\/pf-instaurara-inquerito-para-investigar-ataque-a-assentamento-do-mst\\\/#webpage\"},\"articleSection\":\"Pol\\u00edcia\"},{\"@type\":\"BreadcrumbList\",\"@id\":\"https:\\\/\\\/serrafm879.com.br\\\/serrafm\\\/2025\\\/01\\\/pf-instaurara-inquerito-para-investigar-ataque-a-assentamento-do-mst\\\/#breadcrumblist\",\"itemListElement\":[{\"@type\":\"ListItem\",\"@id\":\"https:\\\/\\\/serrafm879.com.br\\\/serrafm#listItem\",\"position\":1,\"name\":\"Home\",\"item\":\"https:\\\/\\\/serrafm879.com.br\\\/serrafm\",\"nextItem\":{\"@type\":\"ListItem\",\"@id\":\"https:\\\/\\\/serrafm879.com.br\\\/serrafm\\\/categoria\\\/policia\\\/#listItem\",\"name\":\"Pol\\u00edcia\"}},{\"@type\":\"ListItem\",\"@id\":\"https:\\\/\\\/serrafm879.com.br\\\/serrafm\\\/categoria\\\/policia\\\/#listItem\",\"position\":2,\"name\":\"Pol\\u00edcia\",\"item\":\"https:\\\/\\\/serrafm879.com.br\\\/serrafm\\\/categoria\\\/policia\\\/\",\"nextItem\":{\"@type\":\"ListItem\",\"@id\":\"https:\\\/\\\/serrafm879.com.br\\\/serrafm\\\/2025\\\/01\\\/pf-instaurara-inquerito-para-investigar-ataque-a-assentamento-do-mst\\\/#listItem\",\"name\":\"PF instaurar\\u00e1 inqu\\u00e9rito para investigar ataque a assentamento do MST\"},\"previousItem\":{\"@type\":\"ListItem\",\"@id\":\"https:\\\/\\\/serrafm879.com.br\\\/serrafm#listItem\",\"name\":\"Home\"}},{\"@type\":\"ListItem\",\"@id\":\"https:\\\/\\\/serrafm879.com.br\\\/serrafm\\\/2025\\\/01\\\/pf-instaurara-inquerito-para-investigar-ataque-a-assentamento-do-mst\\\/#listItem\",\"position\":3,\"name\":\"PF instaurar\\u00e1 inqu\\u00e9rito para investigar ataque a assentamento do MST\",\"previousItem\":{\"@type\":\"ListItem\",\"@id\":\"https:\\\/\\\/serrafm879.com.br\\\/serrafm\\\/categoria\\\/policia\\\/#listItem\",\"name\":\"Pol\\u00edcia\"}}]},{\"@type\":\"Organization\",\"@id\":\"https:\\\/\\\/serrafm879.com.br\\\/serrafm\\\/#organization\",\"name\":\"Serra FM 87,9\",\"description\":\"O seu novo amor!\",\"url\":\"https:\\\/\\\/serrafm879.com.br\\\/serrafm\\\/\"},{\"@type\":\"Person\",\"@id\":\"https:\\\/\\\/serrafm879.com.br\\\/serrafm\\\/author\\\/serrafm87\\\/#author\",\"url\":\"https:\\\/\\\/serrafm879.com.br\\\/serrafm\\\/author\\\/serrafm87\\\/\",\"name\":\"serrafm87\",\"image\":{\"@type\":\"ImageObject\",\"@id\":\"https:\\\/\\\/serrafm879.com.br\\\/serrafm\\\/2025\\\/01\\\/pf-instaurara-inquerito-para-investigar-ataque-a-assentamento-do-mst\\\/#authorImage\",\"url\":\"https:\\\/\\\/secure.gravatar.com\\\/avatar\\\/a743233f1112d34f48bb3dc9559b76eb930bab8b27175856cba6362608736235?s=96&d=mm&r=g\",\"width\":96,\"height\":96,\"caption\":\"serrafm87\"}},{\"@type\":\"WebPage\",\"@id\":\"https:\\\/\\\/serrafm879.com.br\\\/serrafm\\\/2025\\\/01\\\/pf-instaurara-inquerito-para-investigar-ataque-a-assentamento-do-mst\\\/#webpage\",\"url\":\"https:\\\/\\\/serrafm879.com.br\\\/serrafm\\\/2025\\\/01\\\/pf-instaurara-inquerito-para-investigar-ataque-a-assentamento-do-mst\\\/\",\"name\":\"PF instaurar\\u00e1 inqu\\u00e9rito para investigar ataque a assentamento do MST - Serra FM 87,9\",\"description\":\"O Minist\\u00e9rio da Justi\\u00e7a e Seguran\\u00e7a P\\u00fablica determinou, neste s\\u00e1bado (11), que a Pol\\u00edcia Federal (PF) instaure inqu\\u00e9rito para apurar o ataque ao assentamento Olga Ben\\u00e1rio, do Movimento dos Trabalhadores Rurais Sem Terra (MST) Localizado em Trememb\\u00e9 (SP), no Vale do Para\\u00edba, a cerca de 140 quil\\u00f4metros da capital paulista, o assentamento foi atacado por homens armados\",\"inLanguage\":\"pt-BR\",\"isPartOf\":{\"@id\":\"https:\\\/\\\/serrafm879.com.br\\\/serrafm\\\/#website\"},\"breadcrumb\":{\"@id\":\"https:\\\/\\\/serrafm879.com.br\\\/serrafm\\\/2025\\\/01\\\/pf-instaurara-inquerito-para-investigar-ataque-a-assentamento-do-mst\\\/#breadcrumblist\"},\"author\":{\"@id\":\"https:\\\/\\\/serrafm879.com.br\\\/serrafm\\\/author\\\/serrafm87\\\/#author\"},\"creator\":{\"@id\":\"https:\\\/\\\/serrafm879.com.br\\\/serrafm\\\/author\\\/serrafm87\\\/#author\"},\"image\":{\"@type\":\"ImageObject\",\"url\":\"https:\\\/\\\/serrafm879.com.br\\\/serrafm\\\/wp-content\\\/uploads\\\/2025\\\/01\\\/download-2-1.jpg\",\"@id\":\"https:\\\/\\\/serrafm879.com.br\\\/serrafm\\\/2025\\\/01\\\/pf-instaurara-inquerito-para-investigar-ataque-a-assentamento-do-mst\\\/#mainImage\",\"width\":275,\"height\":183},\"primaryImageOfPage\":{\"@id\":\"https:\\\/\\\/serrafm879.com.br\\\/serrafm\\\/2025\\\/01\\\/pf-instaurara-inquerito-para-investigar-ataque-a-assentamento-do-mst\\\/#mainImage\"},\"datePublished\":\"2025-01-12T09:53:01-03:00\",\"dateModified\":\"2025-01-12T09:53:01-03:00\"},{\"@type\":\"WebSite\",\"@id\":\"https:\\\/\\\/serrafm879.com.br\\\/serrafm\\\/#website\",\"url\":\"https:\\\/\\\/serrafm879.com.br\\\/serrafm\\\/\",\"name\":\"Serra FM 87,9\",\"description\":\"O seu novo amor!\",\"inLanguage\":\"pt-BR\",\"publisher\":{\"@id\":\"https:\\\/\\\/serrafm879.com.br\\\/serrafm\\\/#organization\"}}]}\n\t\t<\/script>\n\t\t<!-- All in One SEO -->\n\n","aioseo_head_json":{"title":"PF instaurar\u00e1 inqu\u00e9rito para investigar ataque a assentamento do MST - Serra FM 87,9","description":"O Minist\u00e9rio da Justi\u00e7a e Seguran\u00e7a P\u00fablica determinou, neste s\u00e1bado (11), que a Pol\u00edcia Federal (PF) instaure inqu\u00e9rito para apurar o ataque ao assentamento Olga Ben\u00e1rio, do Movimento dos Trabalhadores Rurais Sem Terra (MST) Localizado em Trememb\u00e9 (SP), no Vale do Para\u00edba, a cerca de 140 quil\u00f4metros da capital paulista, o assentamento foi atacado por homens armados","canonical_url":"https:\/\/serrafm879.com.br\/serrafm\/2025\/01\/pf-instaurara-inquerito-para-investigar-ataque-a-assentamento-do-mst\/","robots":"max-image-preview:large","keywords":"","webmasterTools":{"miscellaneous":""},"schema":{"@context":"https:\/\/schema.org","@graph":[{"@type":"BlogPosting","@id":"https:\/\/serrafm879.com.br\/serrafm\/2025\/01\/pf-instaurara-inquerito-para-investigar-ataque-a-assentamento-do-mst\/#blogposting","name":"PF instaurar\u00e1 inqu\u00e9rito para investigar ataque a assentamento do MST - Serra FM 87,9","headline":"PF instaurar\u00e1 inqu\u00e9rito para investigar ataque a assentamento do MST","author":{"@id":"https:\/\/serrafm879.com.br\/serrafm\/author\/serrafm87\/#author"},"publisher":{"@id":"https:\/\/serrafm879.com.br\/serrafm\/#organization"},"image":{"@type":"ImageObject","url":"https:\/\/serrafm879.com.br\/serrafm\/wp-content\/uploads\/2025\/01\/download-2-1.jpg","width":275,"height":183},"datePublished":"2025-01-12T09:53:01-03:00","dateModified":"2025-01-12T09:53:01-03:00","inLanguage":"pt-BR","mainEntityOfPage":{"@id":"https:\/\/serrafm879.com.br\/serrafm\/2025\/01\/pf-instaurara-inquerito-para-investigar-ataque-a-assentamento-do-mst\/#webpage"},"isPartOf":{"@id":"https:\/\/serrafm879.com.br\/serrafm\/2025\/01\/pf-instaurara-inquerito-para-investigar-ataque-a-assentamento-do-mst\/#webpage"},"articleSection":"Pol\u00edcia"},{"@type":"BreadcrumbList","@id":"https:\/\/serrafm879.com.br\/serrafm\/2025\/01\/pf-instaurara-inquerito-para-investigar-ataque-a-assentamento-do-mst\/#breadcrumblist","itemListElement":[{"@type":"ListItem","@id":"https:\/\/serrafm879.com.br\/serrafm#listItem","position":1,"name":"Home","item":"https:\/\/serrafm879.com.br\/serrafm","nextItem":{"@type":"ListItem","@id":"https:\/\/serrafm879.com.br\/serrafm\/categoria\/policia\/#listItem","name":"Pol\u00edcia"}},{"@type":"ListItem","@id":"https:\/\/serrafm879.com.br\/serrafm\/categoria\/policia\/#listItem","position":2,"name":"Pol\u00edcia","item":"https:\/\/serrafm879.com.br\/serrafm\/categoria\/policia\/","nextItem":{"@type":"ListItem","@id":"https:\/\/serrafm879.com.br\/serrafm\/2025\/01\/pf-instaurara-inquerito-para-investigar-ataque-a-assentamento-do-mst\/#listItem","name":"PF instaurar\u00e1 inqu\u00e9rito para investigar ataque a assentamento do MST"},"previousItem":{"@type":"ListItem","@id":"https:\/\/serrafm879.com.br\/serrafm#listItem","name":"Home"}},{"@type":"ListItem","@id":"https:\/\/serrafm879.com.br\/serrafm\/2025\/01\/pf-instaurara-inquerito-para-investigar-ataque-a-assentamento-do-mst\/#listItem","position":3,"name":"PF instaurar\u00e1 inqu\u00e9rito para investigar ataque a assentamento do MST","previousItem":{"@type":"ListItem","@id":"https:\/\/serrafm879.com.br\/serrafm\/categoria\/policia\/#listItem","name":"Pol\u00edcia"}}]},{"@type":"Organization","@id":"https:\/\/serrafm879.com.br\/serrafm\/#organization","name":"Serra FM 87,9","description":"O seu novo amor!","url":"https:\/\/serrafm879.com.br\/serrafm\/"},{"@type":"Person","@id":"https:\/\/serrafm879.com.br\/serrafm\/author\/serrafm87\/#author","url":"https:\/\/serrafm879.com.br\/serrafm\/author\/serrafm87\/","name":"serrafm87","image":{"@type":"ImageObject","@id":"https:\/\/serrafm879.com.br\/serrafm\/2025\/01\/pf-instaurara-inquerito-para-investigar-ataque-a-assentamento-do-mst\/#authorImage","url":"https:\/\/secure.gravatar.com\/avatar\/a743233f1112d34f48bb3dc9559b76eb930bab8b27175856cba6362608736235?s=96&d=mm&r=g","width":96,"height":96,"caption":"serrafm87"}},{"@type":"WebPage","@id":"https:\/\/serrafm879.com.br\/serrafm\/2025\/01\/pf-instaurara-inquerito-para-investigar-ataque-a-assentamento-do-mst\/#webpage","url":"https:\/\/serrafm879.com.br\/serrafm\/2025\/01\/pf-instaurara-inquerito-para-investigar-ataque-a-assentamento-do-mst\/","name":"PF instaurar\u00e1 inqu\u00e9rito para investigar ataque a assentamento do MST - Serra FM 87,9","description":"O Minist\u00e9rio da Justi\u00e7a e Seguran\u00e7a P\u00fablica determinou, neste s\u00e1bado (11), que a Pol\u00edcia Federal (PF) instaure inqu\u00e9rito para apurar o ataque ao assentamento Olga Ben\u00e1rio, do Movimento dos Trabalhadores Rurais Sem Terra (MST) Localizado em Trememb\u00e9 (SP), no Vale do Para\u00edba, a cerca de 140 quil\u00f4metros da capital paulista, o assentamento foi atacado por homens armados","inLanguage":"pt-BR","isPartOf":{"@id":"https:\/\/serrafm879.com.br\/serrafm\/#website"},"breadcrumb":{"@id":"https:\/\/serrafm879.com.br\/serrafm\/2025\/01\/pf-instaurara-inquerito-para-investigar-ataque-a-assentamento-do-mst\/#breadcrumblist"},"author":{"@id":"https:\/\/serrafm879.com.br\/serrafm\/author\/serrafm87\/#author"},"creator":{"@id":"https:\/\/serrafm879.com.br\/serrafm\/author\/serrafm87\/#author"},"image":{"@type":"ImageObject","url":"https:\/\/serrafm879.com.br\/serrafm\/wp-content\/uploads\/2025\/01\/download-2-1.jpg","@id":"https:\/\/serrafm879.com.br\/serrafm\/2025\/01\/pf-instaurara-inquerito-para-investigar-ataque-a-assentamento-do-mst\/#mainImage","width":275,"height":183},"primaryImageOfPage":{"@id":"https:\/\/serrafm879.com.br\/serrafm\/2025\/01\/pf-instaurara-inquerito-para-investigar-ataque-a-assentamento-do-mst\/#mainImage"},"datePublished":"2025-01-12T09:53:01-03:00","dateModified":"2025-01-12T09:53:01-03:00"},{"@type":"WebSite","@id":"https:\/\/serrafm879.com.br\/serrafm\/#website","url":"https:\/\/serrafm879.com.br\/serrafm\/","name":"Serra FM 87,9","description":"O seu novo amor!","inLanguage":"pt-BR","publisher":{"@id":"https:\/\/serrafm879.com.br\/serrafm\/#organization"}}]},"twitter:card":"summary_large_image","twitter:title":"PF instaurar\u00e1 inqu\u00e9rito para investigar ataque a assentamento do MST - Serra FM 87,9","twitter:description":"O Minist\u00e9rio da Justi\u00e7a e Seguran\u00e7a P\u00fablica determinou, neste s\u00e1bado (11), que a Pol\u00edcia Federal (PF) instaure inqu\u00e9rito para apurar o ataque ao assentamento Olga Ben\u00e1rio, do Movimento dos Trabalhadores Rurais Sem Terra (MST) Localizado em Trememb\u00e9 (SP), no Vale do Para\u00edba, a cerca de 140 quil\u00f4metros da capital paulista, o assentamento foi atacado por homens armados","twitter:image":"https:\/\/serrafm879.com.br\/serrafm\/wp-content\/uploads\/2025\/01\/download-2-1.jpg"},"aioseo_meta_data":{"post_id":"19774","title":null,"description":null,"keywords":null,"keyphrases":null,"primary_term":null,"canonical_url":null,"og_title":null,"og_description":null,"og_object_type":"default","og_image_type":"default","og_image_custom_url":null,"og_image_custom_fields":null,"og_image_url":null,"og_image_width":null,"og_image_height":null,"og_video":null,"og_custom_url":null,"og_article_section":null,"og_article_tags":null,"twitter_use_og":false,"twitter_card":"default","twitter_image_type":"default","twitter_image_custom_url":null,"twitter_image_custom_fields":null,"twitter_image_url":null,"twitter_title":null,"twitter_description":null,"schema_type":"default","schema_type_options":null,"schema":{"blockGraphs":[],"customGraphs":[],"default":{"data":{"Article":[],"Course":[],"Dataset":[],"FAQPage":[],"Movie":[],"Person":[],"Product":[],"ProductReview":[],"Car":[],"Recipe":[],"Service":[],"SoftwareApplication":[],"WebPage":[]},"graphName":"","isEnabled":true},"graphs":[]},"pillar_content":false,"robots_default":true,"robots_noindex":false,"robots_noarchive":false,"robots_nosnippet":false,"robots_nofollow":false,"robots_noimageindex":false,"robots_noodp":false,"robots_notranslate":false,"robots_max_snippet":null,"robots_max_videopreview":null,"robots_max_imagepreview":"large","priority":null,"frequency":null,"local_seo":null,"limit_modified_date":false,"ai":null,"breadcrumb_settings":null,"seo_analyzer_scan_date":null,"created":"2026-07-21 13:05:26","updated":"2026-07-21 13:05:26"},"aioseo_breadcrumb":"<div class=\"aioseo-breadcrumbs\"><span class=\"aioseo-breadcrumb\">\n\t\t\t<a href=\"https:\/\/serrafm879.com.br\/serrafm\" title=\"Home\">Home<\/a>\n\t\t<\/span><span class=\"aioseo-breadcrumb-separator\">&raquo;<\/span><span class=\"aioseo-breadcrumb\">\n\t\t\t<a href=\"https:\/\/serrafm879.com.br\/serrafm\/categoria\/policia\/\" title=\"Pol\u00edcia\">Pol\u00edcia<\/a>\n\t\t<\/span><span class=\"aioseo-breadcrumb-separator\">&raquo;<\/span><span class=\"aioseo-breadcrumb\">\n\t\t\tPF instaurar\u00e1 inqu\u00e9rito para investigar ataque a assentamento do MST\n\t\t<\/span><\/div>","aioseo_breadcrumb_json":[{"label":"Home","link":"https:\/\/serrafm879.com.br\/serrafm"},{"label":"Pol\u00edcia","link":"https:\/\/serrafm879.com.br\/serrafm\/categoria\/policia\/"},{"label":"PF instaurar\u00e1 inqu\u00e9rito para investigar ataque a assentamento do MST","link":"https:\/\/serrafm879.com.br\/serrafm\/2025\/01\/pf-instaurara-inquerito-para-investigar-ataque-a-assentamento-do-mst\/"}],"jetpack_publicize_connections":[],"jetpack_featured_media_url":"https:\/\/serrafm879.com.br\/serrafm\/wp-content\/uploads\/2025\/01\/download-2-1.jpg","jetpack_shortlink":"https:\/\/wp.me\/p7HyXg-58W","jetpack_sharing_enabled":true,"_links":{"self":[{"href":"https:\/\/serrafm879.com.br\/serrafm\/wp-json\/wp\/v2\/posts\/19774","targetHints":{"allow":["GET"]}}],"collection":[{"href":"https:\/\/serrafm879.com.br\/serrafm\/wp-json\/wp\/v2\/posts"}],"about":[{"href":"https:\/\/serrafm879.com.br\/serrafm\/wp-json\/wp\/v2\/types\/post"}],"author":[{"embeddable":true,"href":"https:\/\/serrafm879.com.br\/serrafm\/wp-json\/wp\/v2\/users\/2"}],"replies":[{"embeddable":true,"href":"https:\/\/serrafm879.com.br\/serrafm\/wp-json\/wp\/v2\/comments?post=19774"}],"version-history":[{"count":1,"href":"https:\/\/serrafm879.com.br\/serrafm\/wp-json\/wp\/v2\/posts\/19774\/revisions"}],"predecessor-version":[{"id":19777,"href":"https:\/\/serrafm879.com.br\/serrafm\/wp-json\/wp\/v2\/posts\/19774\/revisions\/19777"}],"wp:featuredmedia":[{"embeddable":true,"href":"https:\/\/serrafm879.com.br\/serrafm\/wp-json\/wp\/v2\/media\/19776"}],"wp:attachment":[{"href":"https:\/\/serrafm879.com.br\/serrafm\/wp-json\/wp\/v2\/media?parent=19774"}],"wp:term":[{"taxonomy":"category","embeddable":true,"href":"https:\/\/serrafm879.com.br\/serrafm\/wp-json\/wp\/v2\/categories?post=19774"},{"taxonomy":"post_tag","embeddable":true,"href":"https:\/\/serrafm879.com.br\/serrafm\/wp-json\/wp\/v2\/tags?post=19774"}],"curies":[{"name":"wp","href":"https:\/\/api.w.org\/{rel}","templated":true}]}}