{"id":19825,"date":"2025-01-13T18:45:36","date_gmt":"2025-01-13T21:45:36","guid":{"rendered":"https:\/?p=19825"},"modified":"2025-01-13T18:45:36","modified_gmt":"2025-01-13T21:45:36","slug":"marcia-agradece-ao-estado-pela-entrega-de-sementes-a-agricultores-de-serra-talhada","status":"publish","type":"post","link":"https:\/\/serrafm879.com.br\/serrafm\/2025\/01\/marcia-agradece-ao-estado-pela-entrega-de-sementes-a-agricultores-de-serra-talhada\/","title":{"rendered":"M\u00e1rcia agradece ao Estado pela entrega de sementes a agricultores de Serra Talhada"},"content":{"rendered":"<p>A prefeita de Serra Talhada, M\u00e1rcia Conrado (PT), comemorou o an\u00fancio da entrega de sementes aos agricultores familiares do munic\u00edpio, que ser\u00e1 realizada no pr\u00f3ximo dia 21 de janeiro, \u00e0s 15h, por meio do Instituto Agron\u00f4mico de Pernambuco (IPA). M\u00e1rcia reconheceu a import\u00e2ncia da iniciativa do governo do estado e agradeceu \u00e0 governadora Raquel Lyra (PSDB) e \u00e0 presidente do IPA, Ellen Vi\u00e9gas, pelo constante apoio ao desenvolvimento da cidade e da zona rural.<\/p>\n<p>\u201c<em>Essa entrega de sementes \u00e9 um gesto de cuidado e compromisso com os agricultores familiares de Serra Talhada, garantindo que eles tenham as condi\u00e7\u00f5es necess\u00e1rias para uma safra pr\u00f3spera em 2025. Quero agradecer \u00e0 governadora Raquel Lyra por sempre olhar com carinho para a nossa cidade e \u00e0 presidente do IPA, Elen Viegas, pelo trabalho incans\u00e1vel em prol do fortalecimento da agricultura em Pernambuco<\/em>\u201c, destacou a prefeita M\u00e1rcia Conrado.<\/p>\n<p>A prepara\u00e7\u00e3o para o evento j\u00e1 est\u00e1 em andamento. Amanh\u00e3 (14), o secret\u00e1rio de Agricultura de Serra Talhada, Fabinho do Sindicato estar\u00e1 no IPA de Serra Talhada, para se reunir com Elen Viegas, e alinhar os \u00faltimos detalhes dessa importante a\u00e7\u00e3o. A gest\u00e3o municipal refor\u00e7a que a entrega das sementes \u00e9 essencial para impulsionar a economia agr\u00edcola local.<\/p>\n<p>\u201c<em>Essa reuni\u00e3o ser\u00e1 fundamental para garantir que o evento do dia 21 seja um marco para os agricultores familiares de Serra Talhada. Estamos prontos para apoiar essa iniciativa e assegurar que nossos agricultores tenham as ferramentas necess\u00e1rias para um ano de muitas conquistas no campo<\/em>\u201d, afirmou o secret\u00e1rio Fabinho do Sindicato.<\/p>\n","protected":false},"excerpt":{"rendered":"<p>A prefeita de Serra Talhada, M\u00e1rcia Conrado (PT), comemorou o an\u00fancio da entrega de sementes aos agricultores familiares do munic\u00edpio, que ser\u00e1 realizada no pr\u00f3ximo dia 21 de janeiro, \u00e0s 15h, por meio do Instituto Agron\u00f4mico de Pernambuco (IPA). M\u00e1rcia reconheceu a import\u00e2ncia da iniciativa do governo do estado e agradeceu \u00e0 governadora Raquel Lyra (PSDB) e \u00e0 presidente do IPA, Ellen Vi\u00e9gas, pelo constante apoio ao desenvolvimento da cidade e da zona rural. \u201cEssa entrega de sementes \u00e9 um gesto de cuidado e compromisso com os agricultores familiares de Serra Talhada, garantindo que eles tenham as condi\u00e7\u00f5es necess\u00e1rias para [&hellip;]<\/p>\n","protected":false},"author":2,"featured_media":19826,"comment_status":"open","ping_status":"open","sticky":false,"template":"","format":"standard","meta":{"_jetpack_newsletter_access":"","_jetpack_dont_email_post_to_subs":false,"_jetpack_newsletter_tier_id":0,"_jetpack_memberships_contains_paywalled_content":false,"_jetpack_feature_clip_id":0,"_jetpack_memberships_contains_paid_content":false,"footnotes":"","jetpack_publicize_message":"","jetpack_publicize_feature_enabled":true,"jetpack_social_post_already_shared":true,"jetpack_social_options":{"image_generator_settings":{"template":"highway","default_image_id":0,"font":"","enabled":false},"version":2},"jetpack_post_was_ever_published":false},"categories":[1],"tags":[],"class_list":["post-19825","post","type-post","status-publish","format-standard","has-post-thumbnail","hentry","category-uncategorized"],"aioseo_notices":[],"aioseo_head":"\n\t\t<!-- All in One SEO 4.9.10 - aioseo.com -->\n\t<meta name=\"description\" content=\"A prefeita de Serra Talhada, M\u00e1rcia Conrado (PT), comemorou o an\u00fancio da entrega de sementes aos agricultores familiares do munic\u00edpio, que ser\u00e1 realizada no pr\u00f3ximo dia 21 de janeiro, \u00e0s 15h, por meio do Instituto Agron\u00f4mico de Pernambuco (IPA). M\u00e1rcia reconheceu a import\u00e2ncia da iniciativa do governo do estado e agradeceu \u00e0 governadora Raquel Lyra\" \/>\n\t<meta name=\"robots\" content=\"max-image-preview:large\" \/>\n\t<meta name=\"author\" content=\"serrafm87\"\/>\n\t<link rel=\"canonical\" href=\"https:\/\/serrafm879.com.br\/serrafm\/2025\/01\/marcia-agradece-ao-estado-pela-entrega-de-sementes-a-agricultores-de-serra-talhada\/\" \/>\n\t<meta name=\"generator\" content=\"All in One SEO (AIOSEO) 4.9.10\" \/>\n\t\t<meta name=\"twitter:card\" content=\"summary_large_image\" \/>\n\t\t<meta name=\"twitter:title\" content=\"M\u00e1rcia agradece ao Estado pela entrega de sementes a agricultores de Serra Talhada - Serra FM 87,9\" \/>\n\t\t<meta name=\"twitter:description\" content=\"A prefeita de Serra Talhada, M\u00e1rcia Conrado (PT), comemorou o an\u00fancio da entrega de sementes aos agricultores familiares do munic\u00edpio, que ser\u00e1 realizada no pr\u00f3ximo dia 21 de janeiro, \u00e0s 15h, por meio do Instituto Agron\u00f4mico de Pernambuco (IPA). M\u00e1rcia reconheceu a import\u00e2ncia da iniciativa do governo do estado e agradeceu \u00e0 governadora Raquel Lyra\" \/>\n\t\t<meta name=\"twitter:image\" content=\"https:\/\/serrafm879.com.br\/serrafm\/wp-content\/uploads\/2025\/01\/f43dbb8a-cdc0-475f-bff3-232065fca151.jpeg\" \/>\n\t\t<script type=\"application\/ld+json\" class=\"aioseo-schema\">\n\t\t\t{\"@context\":\"https:\\\/\\\/schema.org\",\"@graph\":[{\"@type\":\"BlogPosting\",\"@id\":\"https:\\\/\\\/serrafm879.com.br\\\/serrafm\\\/2025\\\/01\\\/marcia-agradece-ao-estado-pela-entrega-de-sementes-a-agricultores-de-serra-talhada\\\/#blogposting\",\"name\":\"M\\u00e1rcia agradece ao Estado pela entrega de sementes a agricultores de Serra Talhada - Serra FM 87,9\",\"headline\":\"M\\u00e1rcia agradece ao Estado pela entrega de sementes a agricultores de Serra Talhada\",\"author\":{\"@id\":\"https:\\\/\\\/serrafm879.com.br\\\/serrafm\\\/author\\\/serrafm87\\\/#author\"},\"publisher\":{\"@id\":\"https:\\\/\\\/serrafm879.com.br\\\/serrafm\\\/#organization\"},\"image\":{\"@type\":\"ImageObject\",\"url\":\"https:\\\/\\\/serrafm879.com.br\\\/serrafm\\\/wp-content\\\/uploads\\\/2025\\\/01\\\/f43dbb8a-cdc0-475f-bff3-232065fca151.jpeg\",\"width\":678,\"height\":452},\"datePublished\":\"2025-01-13T18:45:36-03:00\",\"dateModified\":\"2025-01-13T18:45:36-03:00\",\"inLanguage\":\"pt-BR\",\"mainEntityOfPage\":{\"@id\":\"https:\\\/\\\/serrafm879.com.br\\\/serrafm\\\/2025\\\/01\\\/marcia-agradece-ao-estado-pela-entrega-de-sementes-a-agricultores-de-serra-talhada\\\/#webpage\"},\"isPartOf\":{\"@id\":\"https:\\\/\\\/serrafm879.com.br\\\/serrafm\\\/2025\\\/01\\\/marcia-agradece-ao-estado-pela-entrega-de-sementes-a-agricultores-de-serra-talhada\\\/#webpage\"},\"articleSection\":\"Uncategorized\"},{\"@type\":\"BreadcrumbList\",\"@id\":\"https:\\\/\\\/serrafm879.com.br\\\/serrafm\\\/2025\\\/01\\\/marcia-agradece-ao-estado-pela-entrega-de-sementes-a-agricultores-de-serra-talhada\\\/#breadcrumblist\",\"itemListElement\":[{\"@type\":\"ListItem\",\"@id\":\"https:\\\/\\\/serrafm879.com.br\\\/serrafm#listItem\",\"position\":1,\"name\":\"Home\",\"item\":\"https:\\\/\\\/serrafm879.com.br\\\/serrafm\",\"nextItem\":{\"@type\":\"ListItem\",\"@id\":\"https:\\\/\\\/serrafm879.com.br\\\/serrafm\\\/categoria\\\/uncategorized\\\/#listItem\",\"name\":\"Uncategorized\"}},{\"@type\":\"ListItem\",\"@id\":\"https:\\\/\\\/serrafm879.com.br\\\/serrafm\\\/categoria\\\/uncategorized\\\/#listItem\",\"position\":2,\"name\":\"Uncategorized\",\"item\":\"https:\\\/\\\/serrafm879.com.br\\\/serrafm\\\/categoria\\\/uncategorized\\\/\",\"nextItem\":{\"@type\":\"ListItem\",\"@id\":\"https:\\\/\\\/serrafm879.com.br\\\/serrafm\\\/2025\\\/01\\\/marcia-agradece-ao-estado-pela-entrega-de-sementes-a-agricultores-de-serra-talhada\\\/#listItem\",\"name\":\"M\\u00e1rcia agradece ao Estado pela entrega de sementes a agricultores de Serra Talhada\"},\"previousItem\":{\"@type\":\"ListItem\",\"@id\":\"https:\\\/\\\/serrafm879.com.br\\\/serrafm#listItem\",\"name\":\"Home\"}},{\"@type\":\"ListItem\",\"@id\":\"https:\\\/\\\/serrafm879.com.br\\\/serrafm\\\/2025\\\/01\\\/marcia-agradece-ao-estado-pela-entrega-de-sementes-a-agricultores-de-serra-talhada\\\/#listItem\",\"position\":3,\"name\":\"M\\u00e1rcia agradece ao Estado pela entrega de sementes a agricultores de Serra Talhada\",\"previousItem\":{\"@type\":\"ListItem\",\"@id\":\"https:\\\/\\\/serrafm879.com.br\\\/serrafm\\\/categoria\\\/uncategorized\\\/#listItem\",\"name\":\"Uncategorized\"}}]},{\"@type\":\"Organization\",\"@id\":\"https:\\\/\\\/serrafm879.com.br\\\/serrafm\\\/#organization\",\"name\":\"Serra FM 87,9\",\"description\":\"O seu novo amor!\",\"url\":\"https:\\\/\\\/serrafm879.com.br\\\/serrafm\\\/\"},{\"@type\":\"Person\",\"@id\":\"https:\\\/\\\/serrafm879.com.br\\\/serrafm\\\/author\\\/serrafm87\\\/#author\",\"url\":\"https:\\\/\\\/serrafm879.com.br\\\/serrafm\\\/author\\\/serrafm87\\\/\",\"name\":\"serrafm87\",\"image\":{\"@type\":\"ImageObject\",\"@id\":\"https:\\\/\\\/serrafm879.com.br\\\/serrafm\\\/2025\\\/01\\\/marcia-agradece-ao-estado-pela-entrega-de-sementes-a-agricultores-de-serra-talhada\\\/#authorImage\",\"url\":\"https:\\\/\\\/secure.gravatar.com\\\/avatar\\\/a743233f1112d34f48bb3dc9559b76eb930bab8b27175856cba6362608736235?s=96&d=mm&r=g\",\"width\":96,\"height\":96,\"caption\":\"serrafm87\"}},{\"@type\":\"WebPage\",\"@id\":\"https:\\\/\\\/serrafm879.com.br\\\/serrafm\\\/2025\\\/01\\\/marcia-agradece-ao-estado-pela-entrega-de-sementes-a-agricultores-de-serra-talhada\\\/#webpage\",\"url\":\"https:\\\/\\\/serrafm879.com.br\\\/serrafm\\\/2025\\\/01\\\/marcia-agradece-ao-estado-pela-entrega-de-sementes-a-agricultores-de-serra-talhada\\\/\",\"name\":\"M\\u00e1rcia agradece ao Estado pela entrega de sementes a agricultores de Serra Talhada - Serra FM 87,9\",\"description\":\"A prefeita de Serra Talhada, M\\u00e1rcia Conrado (PT), comemorou o an\\u00fancio da entrega de sementes aos agricultores familiares do munic\\u00edpio, que ser\\u00e1 realizada no pr\\u00f3ximo dia 21 de janeiro, \\u00e0s 15h, por meio do Instituto Agron\\u00f4mico de Pernambuco (IPA). M\\u00e1rcia reconheceu a import\\u00e2ncia da iniciativa do governo do estado e agradeceu \\u00e0 governadora Raquel Lyra\",\"inLanguage\":\"pt-BR\",\"isPartOf\":{\"@id\":\"https:\\\/\\\/serrafm879.com.br\\\/serrafm\\\/#website\"},\"breadcrumb\":{\"@id\":\"https:\\\/\\\/serrafm879.com.br\\\/serrafm\\\/2025\\\/01\\\/marcia-agradece-ao-estado-pela-entrega-de-sementes-a-agricultores-de-serra-talhada\\\/#breadcrumblist\"},\"author\":{\"@id\":\"https:\\\/\\\/serrafm879.com.br\\\/serrafm\\\/author\\\/serrafm87\\\/#author\"},\"creator\":{\"@id\":\"https:\\\/\\\/serrafm879.com.br\\\/serrafm\\\/author\\\/serrafm87\\\/#author\"},\"image\":{\"@type\":\"ImageObject\",\"url\":\"https:\\\/\\\/serrafm879.com.br\\\/serrafm\\\/wp-content\\\/uploads\\\/2025\\\/01\\\/f43dbb8a-cdc0-475f-bff3-232065fca151.jpeg\",\"@id\":\"https:\\\/\\\/serrafm879.com.br\\\/serrafm\\\/2025\\\/01\\\/marcia-agradece-ao-estado-pela-entrega-de-sementes-a-agricultores-de-serra-talhada\\\/#mainImage\",\"width\":678,\"height\":452},\"primaryImageOfPage\":{\"@id\":\"https:\\\/\\\/serrafm879.com.br\\\/serrafm\\\/2025\\\/01\\\/marcia-agradece-ao-estado-pela-entrega-de-sementes-a-agricultores-de-serra-talhada\\\/#mainImage\"},\"datePublished\":\"2025-01-13T18:45:36-03:00\",\"dateModified\":\"2025-01-13T18:45:36-03:00\"},{\"@type\":\"WebSite\",\"@id\":\"https:\\\/\\\/serrafm879.com.br\\\/serrafm\\\/#website\",\"url\":\"https:\\\/\\\/serrafm879.com.br\\\/serrafm\\\/\",\"name\":\"Serra FM 87,9\",\"description\":\"O seu novo amor!\",\"inLanguage\":\"pt-BR\",\"publisher\":{\"@id\":\"https:\\\/\\\/serrafm879.com.br\\\/serrafm\\\/#organization\"}}]}\n\t\t<\/script>\n\t\t<!-- All in One SEO -->\n\n","aioseo_head_json":{"title":"M\u00e1rcia agradece ao Estado pela entrega de sementes a agricultores de Serra Talhada - Serra FM 87,9","description":"A prefeita de Serra Talhada, M\u00e1rcia Conrado (PT), comemorou o an\u00fancio da entrega de sementes aos agricultores familiares do munic\u00edpio, que ser\u00e1 realizada no pr\u00f3ximo dia 21 de janeiro, \u00e0s 15h, por meio do Instituto Agron\u00f4mico de Pernambuco (IPA). M\u00e1rcia reconheceu a import\u00e2ncia da iniciativa do governo do estado e agradeceu \u00e0 governadora Raquel Lyra","canonical_url":"https:\/\/serrafm879.com.br\/serrafm\/2025\/01\/marcia-agradece-ao-estado-pela-entrega-de-sementes-a-agricultores-de-serra-talhada\/","robots":"max-image-preview:large","keywords":"","webmasterTools":{"miscellaneous":""},"schema":{"@context":"https:\/\/schema.org","@graph":[{"@type":"BlogPosting","@id":"https:\/\/serrafm879.com.br\/serrafm\/2025\/01\/marcia-agradece-ao-estado-pela-entrega-de-sementes-a-agricultores-de-serra-talhada\/#blogposting","name":"M\u00e1rcia agradece ao Estado pela entrega de sementes a agricultores de Serra Talhada - Serra FM 87,9","headline":"M\u00e1rcia agradece ao Estado pela entrega de sementes a agricultores de Serra Talhada","author":{"@id":"https:\/\/serrafm879.com.br\/serrafm\/author\/serrafm87\/#author"},"publisher":{"@id":"https:\/\/serrafm879.com.br\/serrafm\/#organization"},"image":{"@type":"ImageObject","url":"https:\/\/serrafm879.com.br\/serrafm\/wp-content\/uploads\/2025\/01\/f43dbb8a-cdc0-475f-bff3-232065fca151.jpeg","width":678,"height":452},"datePublished":"2025-01-13T18:45:36-03:00","dateModified":"2025-01-13T18:45:36-03:00","inLanguage":"pt-BR","mainEntityOfPage":{"@id":"https:\/\/serrafm879.com.br\/serrafm\/2025\/01\/marcia-agradece-ao-estado-pela-entrega-de-sementes-a-agricultores-de-serra-talhada\/#webpage"},"isPartOf":{"@id":"https:\/\/serrafm879.com.br\/serrafm\/2025\/01\/marcia-agradece-ao-estado-pela-entrega-de-sementes-a-agricultores-de-serra-talhada\/#webpage"},"articleSection":"Uncategorized"},{"@type":"BreadcrumbList","@id":"https:\/\/serrafm879.com.br\/serrafm\/2025\/01\/marcia-agradece-ao-estado-pela-entrega-de-sementes-a-agricultores-de-serra-talhada\/#breadcrumblist","itemListElement":[{"@type":"ListItem","@id":"https:\/\/serrafm879.com.br\/serrafm#listItem","position":1,"name":"Home","item":"https:\/\/serrafm879.com.br\/serrafm","nextItem":{"@type":"ListItem","@id":"https:\/\/serrafm879.com.br\/serrafm\/categoria\/uncategorized\/#listItem","name":"Uncategorized"}},{"@type":"ListItem","@id":"https:\/\/serrafm879.com.br\/serrafm\/categoria\/uncategorized\/#listItem","position":2,"name":"Uncategorized","item":"https:\/\/serrafm879.com.br\/serrafm\/categoria\/uncategorized\/","nextItem":{"@type":"ListItem","@id":"https:\/\/serrafm879.com.br\/serrafm\/2025\/01\/marcia-agradece-ao-estado-pela-entrega-de-sementes-a-agricultores-de-serra-talhada\/#listItem","name":"M\u00e1rcia agradece ao Estado pela entrega de sementes a agricultores de Serra Talhada"},"previousItem":{"@type":"ListItem","@id":"https:\/\/serrafm879.com.br\/serrafm#listItem","name":"Home"}},{"@type":"ListItem","@id":"https:\/\/serrafm879.com.br\/serrafm\/2025\/01\/marcia-agradece-ao-estado-pela-entrega-de-sementes-a-agricultores-de-serra-talhada\/#listItem","position":3,"name":"M\u00e1rcia agradece ao Estado pela entrega de sementes a agricultores de Serra Talhada","previousItem":{"@type":"ListItem","@id":"https:\/\/serrafm879.com.br\/serrafm\/categoria\/uncategorized\/#listItem","name":"Uncategorized"}}]},{"@type":"Organization","@id":"https:\/\/serrafm879.com.br\/serrafm\/#organization","name":"Serra FM 87,9","description":"O seu novo amor!","url":"https:\/\/serrafm879.com.br\/serrafm\/"},{"@type":"Person","@id":"https:\/\/serrafm879.com.br\/serrafm\/author\/serrafm87\/#author","url":"https:\/\/serrafm879.com.br\/serrafm\/author\/serrafm87\/","name":"serrafm87","image":{"@type":"ImageObject","@id":"https:\/\/serrafm879.com.br\/serrafm\/2025\/01\/marcia-agradece-ao-estado-pela-entrega-de-sementes-a-agricultores-de-serra-talhada\/#authorImage","url":"https:\/\/secure.gravatar.com\/avatar\/a743233f1112d34f48bb3dc9559b76eb930bab8b27175856cba6362608736235?s=96&d=mm&r=g","width":96,"height":96,"caption":"serrafm87"}},{"@type":"WebPage","@id":"https:\/\/serrafm879.com.br\/serrafm\/2025\/01\/marcia-agradece-ao-estado-pela-entrega-de-sementes-a-agricultores-de-serra-talhada\/#webpage","url":"https:\/\/serrafm879.com.br\/serrafm\/2025\/01\/marcia-agradece-ao-estado-pela-entrega-de-sementes-a-agricultores-de-serra-talhada\/","name":"M\u00e1rcia agradece ao Estado pela entrega de sementes a agricultores de Serra Talhada - Serra FM 87,9","description":"A prefeita de Serra Talhada, M\u00e1rcia Conrado (PT), comemorou o an\u00fancio da entrega de sementes aos agricultores familiares do munic\u00edpio, que ser\u00e1 realizada no pr\u00f3ximo dia 21 de janeiro, \u00e0s 15h, por meio do Instituto Agron\u00f4mico de Pernambuco (IPA). M\u00e1rcia reconheceu a import\u00e2ncia da iniciativa do governo do estado e agradeceu \u00e0 governadora Raquel Lyra","inLanguage":"pt-BR","isPartOf":{"@id":"https:\/\/serrafm879.com.br\/serrafm\/#website"},"breadcrumb":{"@id":"https:\/\/serrafm879.com.br\/serrafm\/2025\/01\/marcia-agradece-ao-estado-pela-entrega-de-sementes-a-agricultores-de-serra-talhada\/#breadcrumblist"},"author":{"@id":"https:\/\/serrafm879.com.br\/serrafm\/author\/serrafm87\/#author"},"creator":{"@id":"https:\/\/serrafm879.com.br\/serrafm\/author\/serrafm87\/#author"},"image":{"@type":"ImageObject","url":"https:\/\/serrafm879.com.br\/serrafm\/wp-content\/uploads\/2025\/01\/f43dbb8a-cdc0-475f-bff3-232065fca151.jpeg","@id":"https:\/\/serrafm879.com.br\/serrafm\/2025\/01\/marcia-agradece-ao-estado-pela-entrega-de-sementes-a-agricultores-de-serra-talhada\/#mainImage","width":678,"height":452},"primaryImageOfPage":{"@id":"https:\/\/serrafm879.com.br\/serrafm\/2025\/01\/marcia-agradece-ao-estado-pela-entrega-de-sementes-a-agricultores-de-serra-talhada\/#mainImage"},"datePublished":"2025-01-13T18:45:36-03:00","dateModified":"2025-01-13T18:45:36-03:00"},{"@type":"WebSite","@id":"https:\/\/serrafm879.com.br\/serrafm\/#website","url":"https:\/\/serrafm879.com.br\/serrafm\/","name":"Serra FM 87,9","description":"O seu novo amor!","inLanguage":"pt-BR","publisher":{"@id":"https:\/\/serrafm879.com.br\/serrafm\/#organization"}}]},"twitter:card":"summary_large_image","twitter:title":"M\u00e1rcia agradece ao Estado pela entrega de sementes a agricultores de Serra Talhada - Serra FM 87,9","twitter:description":"A prefeita de Serra Talhada, M\u00e1rcia Conrado (PT), comemorou o an\u00fancio da entrega de sementes aos agricultores familiares do munic\u00edpio, que ser\u00e1 realizada no pr\u00f3ximo dia 21 de janeiro, \u00e0s 15h, por meio do Instituto Agron\u00f4mico de Pernambuco (IPA). M\u00e1rcia reconheceu a import\u00e2ncia da iniciativa do governo do estado e agradeceu \u00e0 governadora Raquel Lyra","twitter:image":"https:\/\/serrafm879.com.br\/serrafm\/wp-content\/uploads\/2025\/01\/f43dbb8a-cdc0-475f-bff3-232065fca151.jpeg"},"aioseo_meta_data":{"post_id":"19825","title":null,"description":null,"keywords":null,"keyphrases":null,"primary_term":null,"canonical_url":null,"og_title":null,"og_description":null,"og_object_type":"default","og_image_type":"default","og_image_custom_url":null,"og_image_custom_fields":null,"og_image_url":null,"og_image_width":null,"og_image_height":null,"og_video":null,"og_custom_url":null,"og_article_section":null,"og_article_tags":null,"twitter_use_og":false,"twitter_card":"default","twitter_image_type":"default","twitter_image_custom_url":null,"twitter_image_custom_fields":null,"twitter_image_url":null,"twitter_title":null,"twitter_description":null,"schema_type":"default","schema_type_options":null,"schema":{"blockGraphs":[],"customGraphs":[],"default":{"data":{"Article":[],"Course":[],"Dataset":[],"FAQPage":[],"Movie":[],"Person":[],"Product":[],"ProductReview":[],"Car":[],"Recipe":[],"Service":[],"SoftwareApplication":[],"WebPage":[]},"graphName":"","isEnabled":true},"graphs":[]},"pillar_content":false,"robots_default":true,"robots_noindex":false,"robots_noarchive":false,"robots_nosnippet":false,"robots_nofollow":false,"robots_noimageindex":false,"robots_noodp":false,"robots_notranslate":false,"robots_max_snippet":null,"robots_max_videopreview":null,"robots_max_imagepreview":"large","priority":null,"frequency":null,"local_seo":null,"limit_modified_date":false,"ai":null,"breadcrumb_settings":null,"seo_analyzer_scan_date":null,"created":"2026-07-21 13:06:43","updated":"2026-07-21 13:06:43"},"aioseo_breadcrumb":"<div class=\"aioseo-breadcrumbs\"><span class=\"aioseo-breadcrumb\">\n\t\t\t<a href=\"https:\/\/serrafm879.com.br\/serrafm\" title=\"Home\">Home<\/a>\n\t\t<\/span><span class=\"aioseo-breadcrumb-separator\">&raquo;<\/span><span class=\"aioseo-breadcrumb\">\n\t\t\t<a href=\"https:\/\/serrafm879.com.br\/serrafm\/categoria\/uncategorized\/\" title=\"Uncategorized\">Uncategorized<\/a>\n\t\t<\/span><span class=\"aioseo-breadcrumb-separator\">&raquo;<\/span><span class=\"aioseo-breadcrumb\">\n\t\t\tM\u00e1rcia agradece ao Estado pela entrega de sementes a agricultores de Serra Talhada\n\t\t<\/span><\/div>","aioseo_breadcrumb_json":[{"label":"Home","link":"https:\/\/serrafm879.com.br\/serrafm"},{"label":"Uncategorized","link":"https:\/\/serrafm879.com.br\/serrafm\/categoria\/uncategorized\/"},{"label":"M\u00e1rcia agradece ao Estado pela entrega de sementes a agricultores de Serra Talhada","link":"https:\/\/serrafm879.com.br\/serrafm\/2025\/01\/marcia-agradece-ao-estado-pela-entrega-de-sementes-a-agricultores-de-serra-talhada\/"}],"jetpack_publicize_connections":[],"jetpack_featured_media_url":"https:\/\/serrafm879.com.br\/serrafm\/wp-content\/uploads\/2025\/01\/f43dbb8a-cdc0-475f-bff3-232065fca151.jpeg","jetpack_shortlink":"https:\/\/wp.me\/p7HyXg-59L","jetpack_sharing_enabled":true,"_links":{"self":[{"href":"https:\/\/serrafm879.com.br\/serrafm\/wp-json\/wp\/v2\/posts\/19825","targetHints":{"allow":["GET"]}}],"collection":[{"href":"https:\/\/serrafm879.com.br\/serrafm\/wp-json\/wp\/v2\/posts"}],"about":[{"href":"https:\/\/serrafm879.com.br\/serrafm\/wp-json\/wp\/v2\/types\/post"}],"author":[{"embeddable":true,"href":"https:\/\/serrafm879.com.br\/serrafm\/wp-json\/wp\/v2\/users\/2"}],"replies":[{"embeddable":true,"href":"https:\/\/serrafm879.com.br\/serrafm\/wp-json\/wp\/v2\/comments?post=19825"}],"version-history":[{"count":1,"href":"https:\/\/serrafm879.com.br\/serrafm\/wp-json\/wp\/v2\/posts\/19825\/revisions"}],"predecessor-version":[{"id":19827,"href":"https:\/\/serrafm879.com.br\/serrafm\/wp-json\/wp\/v2\/posts\/19825\/revisions\/19827"}],"wp:featuredmedia":[{"embeddable":true,"href":"https:\/\/serrafm879.com.br\/serrafm\/wp-json\/wp\/v2\/media\/19826"}],"wp:attachment":[{"href":"https:\/\/serrafm879.com.br\/serrafm\/wp-json\/wp\/v2\/media?parent=19825"}],"wp:term":[{"taxonomy":"category","embeddable":true,"href":"https:\/\/serrafm879.com.br\/serrafm\/wp-json\/wp\/v2\/categories?post=19825"},{"taxonomy":"post_tag","embeddable":true,"href":"https:\/\/serrafm879.com.br\/serrafm\/wp-json\/wp\/v2\/tags?post=19825"}],"curies":[{"name":"wp","href":"https:\/\/api.w.org\/{rel}","templated":true}]}}