{"id":19856,"date":"2025-01-14T17:34:14","date_gmt":"2025-01-14T20:34:14","guid":{"rendered":"https:\/?p=19856"},"modified":"2025-01-14T17:34:14","modified_gmt":"2025-01-14T20:34:14","slug":"homem-furta-celular-de-paciente-em-st-e-e-detido-pela-guarda-municipal","status":"publish","type":"post","link":"https:\/\/serrafm879.com.br\/serrafm\/2025\/01\/homem-furta-celular-de-paciente-em-st-e-e-detido-pela-guarda-municipal\/","title":{"rendered":"Homem furta celular de paciente em ST e \u00e9 detido pela guarda municipal"},"content":{"rendered":"<p>Na noite deste domingo (12), por volta das 22h30, Policiais Militares do 14\u00ba BPM de\u00a0<a href=\"https:\/\/faroldenoticias.com.br\/categoria\/serra-talhada\/\">Serra Talhada<\/a>, foram acionados enquanto realizavam patrulhamento ostensivo, para verificarem um ocorr\u00eancia de furto no centro da cidade.<\/p>\n<p>Ao chegarem no local, os policiais encontraram o suspeito, que estava detido pela guarda municipal.<\/p>\n<p>O policiamento foi informado que o acusado teria furtado o celular da v\u00edtima, no Hospam.<\/p>\n<p>Diante dos fatos, a ocorr\u00eancia foi encaminhada a DPC local para serem tomadas as medidas cab\u00edveis.<\/p>\n","protected":false},"excerpt":{"rendered":"<p>Na noite deste domingo (12), por volta das 22h30, Policiais Militares do 14\u00ba BPM de\u00a0Serra Talhada, foram acionados enquanto realizavam patrulhamento ostensivo, para verificarem um ocorr\u00eancia de furto no centro da cidade. Ao chegarem no local, os policiais encontraram o suspeito, que estava detido pela guarda municipal. O policiamento foi informado que o acusado teria furtado o celular da v\u00edtima, no Hospam. Diante dos fatos, a ocorr\u00eancia foi encaminhada a DPC local para serem tomadas as medidas cab\u00edveis.<\/p>\n","protected":false},"author":2,"featured_media":12683,"comment_status":"open","ping_status":"open","sticky":false,"template":"","format":"standard","meta":{"_jetpack_newsletter_access":"","_jetpack_dont_email_post_to_subs":false,"_jetpack_newsletter_tier_id":0,"_jetpack_memberships_contains_paywalled_content":false,"_jetpack_feature_clip_id":0,"_jetpack_memberships_contains_paid_content":false,"footnotes":"","jetpack_publicize_message":"","jetpack_publicize_feature_enabled":true,"jetpack_social_post_already_shared":true,"jetpack_social_options":{"image_generator_settings":{"template":"highway","default_image_id":0,"font":"","enabled":false},"version":2},"jetpack_post_was_ever_published":false},"categories":[151],"tags":[],"class_list":["post-19856","post","type-post","status-publish","format-standard","has-post-thumbnail","hentry","category-policia"],"aioseo_notices":[],"aioseo_head":"\n\t\t<!-- All in One SEO 4.9.10 - aioseo.com -->\n\t<meta name=\"description\" content=\"Na noite deste domingo (12), por volta das 22h30, Policiais Militares do 14\u00ba BPM de Serra Talhada, foram acionados enquanto realizavam patrulhamento ostensivo, para verificarem um ocorr\u00eancia de furto no centro da cidade. Ao chegarem no local, os policiais encontraram o suspeito, que estava detido pela guarda municipal. O policiamento foi informado que o acusado teria\" \/>\n\t<meta name=\"robots\" content=\"max-image-preview:large\" \/>\n\t<meta name=\"author\" content=\"serrafm87\"\/>\n\t<link rel=\"canonical\" href=\"https:\/\/serrafm879.com.br\/serrafm\/2025\/01\/homem-furta-celular-de-paciente-em-st-e-e-detido-pela-guarda-municipal\/\" \/>\n\t<meta name=\"generator\" content=\"All in One SEO (AIOSEO) 4.9.10\" \/>\n\t\t<meta name=\"twitter:card\" content=\"summary_large_image\" \/>\n\t\t<meta name=\"twitter:title\" content=\"Homem furta celular de paciente em ST e \u00e9 detido pela guarda municipal - Serra FM 87,9\" \/>\n\t\t<meta name=\"twitter:description\" content=\"Na noite deste domingo (12), por volta das 22h30, Policiais Militares do 14\u00ba BPM de Serra Talhada, foram acionados enquanto realizavam patrulhamento ostensivo, para verificarem um ocorr\u00eancia de furto no centro da cidade. Ao chegarem no local, os policiais encontraram o suspeito, que estava detido pela guarda municipal. O policiamento foi informado que o acusado teria\" \/>\n\t\t<meta name=\"twitter:image\" content=\"https:\/\/serrafm879.com.br\/serrafm\/wp-content\/uploads\/2023\/05\/hospam.jpg\" \/>\n\t\t<script type=\"application\/ld+json\" class=\"aioseo-schema\">\n\t\t\t{\"@context\":\"https:\\\/\\\/schema.org\",\"@graph\":[{\"@type\":\"BlogPosting\",\"@id\":\"https:\\\/\\\/serrafm879.com.br\\\/serrafm\\\/2025\\\/01\\\/homem-furta-celular-de-paciente-em-st-e-e-detido-pela-guarda-municipal\\\/#blogposting\",\"name\":\"Homem furta celular de paciente em ST e \\u00e9 detido pela guarda municipal - Serra FM 87,9\",\"headline\":\"Homem furta celular de paciente em ST e \\u00e9 detido pela guarda municipal\",\"author\":{\"@id\":\"https:\\\/\\\/serrafm879.com.br\\\/serrafm\\\/author\\\/serrafm87\\\/#author\"},\"publisher\":{\"@id\":\"https:\\\/\\\/serrafm879.com.br\\\/serrafm\\\/#organization\"},\"image\":{\"@type\":\"ImageObject\",\"url\":\"https:\\\/\\\/serrafm879.com.br\\\/serrafm\\\/wp-content\\\/uploads\\\/2023\\\/05\\\/hospam.jpg\",\"width\":678,\"height\":452},\"datePublished\":\"2025-01-14T17:34:14-03:00\",\"dateModified\":\"2025-01-14T17:34:14-03:00\",\"inLanguage\":\"pt-BR\",\"mainEntityOfPage\":{\"@id\":\"https:\\\/\\\/serrafm879.com.br\\\/serrafm\\\/2025\\\/01\\\/homem-furta-celular-de-paciente-em-st-e-e-detido-pela-guarda-municipal\\\/#webpage\"},\"isPartOf\":{\"@id\":\"https:\\\/\\\/serrafm879.com.br\\\/serrafm\\\/2025\\\/01\\\/homem-furta-celular-de-paciente-em-st-e-e-detido-pela-guarda-municipal\\\/#webpage\"},\"articleSection\":\"Pol\\u00edcia\"},{\"@type\":\"BreadcrumbList\",\"@id\":\"https:\\\/\\\/serrafm879.com.br\\\/serrafm\\\/2025\\\/01\\\/homem-furta-celular-de-paciente-em-st-e-e-detido-pela-guarda-municipal\\\/#breadcrumblist\",\"itemListElement\":[{\"@type\":\"ListItem\",\"@id\":\"https:\\\/\\\/serrafm879.com.br\\\/serrafm#listItem\",\"position\":1,\"name\":\"Home\",\"item\":\"https:\\\/\\\/serrafm879.com.br\\\/serrafm\",\"nextItem\":{\"@type\":\"ListItem\",\"@id\":\"https:\\\/\\\/serrafm879.com.br\\\/serrafm\\\/categoria\\\/policia\\\/#listItem\",\"name\":\"Pol\\u00edcia\"}},{\"@type\":\"ListItem\",\"@id\":\"https:\\\/\\\/serrafm879.com.br\\\/serrafm\\\/categoria\\\/policia\\\/#listItem\",\"position\":2,\"name\":\"Pol\\u00edcia\",\"item\":\"https:\\\/\\\/serrafm879.com.br\\\/serrafm\\\/categoria\\\/policia\\\/\",\"nextItem\":{\"@type\":\"ListItem\",\"@id\":\"https:\\\/\\\/serrafm879.com.br\\\/serrafm\\\/2025\\\/01\\\/homem-furta-celular-de-paciente-em-st-e-e-detido-pela-guarda-municipal\\\/#listItem\",\"name\":\"Homem furta celular de paciente em ST e \\u00e9 detido pela guarda municipal\"},\"previousItem\":{\"@type\":\"ListItem\",\"@id\":\"https:\\\/\\\/serrafm879.com.br\\\/serrafm#listItem\",\"name\":\"Home\"}},{\"@type\":\"ListItem\",\"@id\":\"https:\\\/\\\/serrafm879.com.br\\\/serrafm\\\/2025\\\/01\\\/homem-furta-celular-de-paciente-em-st-e-e-detido-pela-guarda-municipal\\\/#listItem\",\"position\":3,\"name\":\"Homem furta celular de paciente em ST e \\u00e9 detido pela guarda municipal\",\"previousItem\":{\"@type\":\"ListItem\",\"@id\":\"https:\\\/\\\/serrafm879.com.br\\\/serrafm\\\/categoria\\\/policia\\\/#listItem\",\"name\":\"Pol\\u00edcia\"}}]},{\"@type\":\"Organization\",\"@id\":\"https:\\\/\\\/serrafm879.com.br\\\/serrafm\\\/#organization\",\"name\":\"Serra FM 87,9\",\"description\":\"O seu novo amor!\",\"url\":\"https:\\\/\\\/serrafm879.com.br\\\/serrafm\\\/\"},{\"@type\":\"Person\",\"@id\":\"https:\\\/\\\/serrafm879.com.br\\\/serrafm\\\/author\\\/serrafm87\\\/#author\",\"url\":\"https:\\\/\\\/serrafm879.com.br\\\/serrafm\\\/author\\\/serrafm87\\\/\",\"name\":\"serrafm87\",\"image\":{\"@type\":\"ImageObject\",\"@id\":\"https:\\\/\\\/serrafm879.com.br\\\/serrafm\\\/2025\\\/01\\\/homem-furta-celular-de-paciente-em-st-e-e-detido-pela-guarda-municipal\\\/#authorImage\",\"url\":\"https:\\\/\\\/secure.gravatar.com\\\/avatar\\\/a743233f1112d34f48bb3dc9559b76eb930bab8b27175856cba6362608736235?s=96&d=mm&r=g\",\"width\":96,\"height\":96,\"caption\":\"serrafm87\"}},{\"@type\":\"WebPage\",\"@id\":\"https:\\\/\\\/serrafm879.com.br\\\/serrafm\\\/2025\\\/01\\\/homem-furta-celular-de-paciente-em-st-e-e-detido-pela-guarda-municipal\\\/#webpage\",\"url\":\"https:\\\/\\\/serrafm879.com.br\\\/serrafm\\\/2025\\\/01\\\/homem-furta-celular-de-paciente-em-st-e-e-detido-pela-guarda-municipal\\\/\",\"name\":\"Homem furta celular de paciente em ST e \\u00e9 detido pela guarda municipal - Serra FM 87,9\",\"description\":\"Na noite deste domingo (12), por volta das 22h30, Policiais Militares do 14\\u00ba BPM de Serra Talhada, foram acionados enquanto realizavam patrulhamento ostensivo, para verificarem um ocorr\\u00eancia de furto no centro da cidade. Ao chegarem no local, os policiais encontraram o suspeito, que estava detido pela guarda municipal. O policiamento foi informado que o acusado teria\",\"inLanguage\":\"pt-BR\",\"isPartOf\":{\"@id\":\"https:\\\/\\\/serrafm879.com.br\\\/serrafm\\\/#website\"},\"breadcrumb\":{\"@id\":\"https:\\\/\\\/serrafm879.com.br\\\/serrafm\\\/2025\\\/01\\\/homem-furta-celular-de-paciente-em-st-e-e-detido-pela-guarda-municipal\\\/#breadcrumblist\"},\"author\":{\"@id\":\"https:\\\/\\\/serrafm879.com.br\\\/serrafm\\\/author\\\/serrafm87\\\/#author\"},\"creator\":{\"@id\":\"https:\\\/\\\/serrafm879.com.br\\\/serrafm\\\/author\\\/serrafm87\\\/#author\"},\"image\":{\"@type\":\"ImageObject\",\"url\":\"https:\\\/\\\/serrafm879.com.br\\\/serrafm\\\/wp-content\\\/uploads\\\/2023\\\/05\\\/hospam.jpg\",\"@id\":\"https:\\\/\\\/serrafm879.com.br\\\/serrafm\\\/2025\\\/01\\\/homem-furta-celular-de-paciente-em-st-e-e-detido-pela-guarda-municipal\\\/#mainImage\",\"width\":678,\"height\":452},\"primaryImageOfPage\":{\"@id\":\"https:\\\/\\\/serrafm879.com.br\\\/serrafm\\\/2025\\\/01\\\/homem-furta-celular-de-paciente-em-st-e-e-detido-pela-guarda-municipal\\\/#mainImage\"},\"datePublished\":\"2025-01-14T17:34:14-03:00\",\"dateModified\":\"2025-01-14T17:34:14-03:00\"},{\"@type\":\"WebSite\",\"@id\":\"https:\\\/\\\/serrafm879.com.br\\\/serrafm\\\/#website\",\"url\":\"https:\\\/\\\/serrafm879.com.br\\\/serrafm\\\/\",\"name\":\"Serra FM 87,9\",\"description\":\"O seu novo amor!\",\"inLanguage\":\"pt-BR\",\"publisher\":{\"@id\":\"https:\\\/\\\/serrafm879.com.br\\\/serrafm\\\/#organization\"}}]}\n\t\t<\/script>\n\t\t<!-- All in One SEO -->\n\n","aioseo_head_json":{"title":"Homem furta celular de paciente em ST e \u00e9 detido pela guarda municipal - Serra FM 87,9","description":"Na noite deste domingo (12), por volta das 22h30, Policiais Militares do 14\u00ba BPM de Serra Talhada, foram acionados enquanto realizavam patrulhamento ostensivo, para verificarem um ocorr\u00eancia de furto no centro da cidade. Ao chegarem no local, os policiais encontraram o suspeito, que estava detido pela guarda municipal. O policiamento foi informado que o acusado teria","canonical_url":"https:\/\/serrafm879.com.br\/serrafm\/2025\/01\/homem-furta-celular-de-paciente-em-st-e-e-detido-pela-guarda-municipal\/","robots":"max-image-preview:large","keywords":"","webmasterTools":{"miscellaneous":""},"schema":{"@context":"https:\/\/schema.org","@graph":[{"@type":"BlogPosting","@id":"https:\/\/serrafm879.com.br\/serrafm\/2025\/01\/homem-furta-celular-de-paciente-em-st-e-e-detido-pela-guarda-municipal\/#blogposting","name":"Homem furta celular de paciente em ST e \u00e9 detido pela guarda municipal - Serra FM 87,9","headline":"Homem furta celular de paciente em ST e \u00e9 detido pela guarda municipal","author":{"@id":"https:\/\/serrafm879.com.br\/serrafm\/author\/serrafm87\/#author"},"publisher":{"@id":"https:\/\/serrafm879.com.br\/serrafm\/#organization"},"image":{"@type":"ImageObject","url":"https:\/\/serrafm879.com.br\/serrafm\/wp-content\/uploads\/2023\/05\/hospam.jpg","width":678,"height":452},"datePublished":"2025-01-14T17:34:14-03:00","dateModified":"2025-01-14T17:34:14-03:00","inLanguage":"pt-BR","mainEntityOfPage":{"@id":"https:\/\/serrafm879.com.br\/serrafm\/2025\/01\/homem-furta-celular-de-paciente-em-st-e-e-detido-pela-guarda-municipal\/#webpage"},"isPartOf":{"@id":"https:\/\/serrafm879.com.br\/serrafm\/2025\/01\/homem-furta-celular-de-paciente-em-st-e-e-detido-pela-guarda-municipal\/#webpage"},"articleSection":"Pol\u00edcia"},{"@type":"BreadcrumbList","@id":"https:\/\/serrafm879.com.br\/serrafm\/2025\/01\/homem-furta-celular-de-paciente-em-st-e-e-detido-pela-guarda-municipal\/#breadcrumblist","itemListElement":[{"@type":"ListItem","@id":"https:\/\/serrafm879.com.br\/serrafm#listItem","position":1,"name":"Home","item":"https:\/\/serrafm879.com.br\/serrafm","nextItem":{"@type":"ListItem","@id":"https:\/\/serrafm879.com.br\/serrafm\/categoria\/policia\/#listItem","name":"Pol\u00edcia"}},{"@type":"ListItem","@id":"https:\/\/serrafm879.com.br\/serrafm\/categoria\/policia\/#listItem","position":2,"name":"Pol\u00edcia","item":"https:\/\/serrafm879.com.br\/serrafm\/categoria\/policia\/","nextItem":{"@type":"ListItem","@id":"https:\/\/serrafm879.com.br\/serrafm\/2025\/01\/homem-furta-celular-de-paciente-em-st-e-e-detido-pela-guarda-municipal\/#listItem","name":"Homem furta celular de paciente em ST e \u00e9 detido pela guarda municipal"},"previousItem":{"@type":"ListItem","@id":"https:\/\/serrafm879.com.br\/serrafm#listItem","name":"Home"}},{"@type":"ListItem","@id":"https:\/\/serrafm879.com.br\/serrafm\/2025\/01\/homem-furta-celular-de-paciente-em-st-e-e-detido-pela-guarda-municipal\/#listItem","position":3,"name":"Homem furta celular de paciente em ST e \u00e9 detido pela guarda municipal","previousItem":{"@type":"ListItem","@id":"https:\/\/serrafm879.com.br\/serrafm\/categoria\/policia\/#listItem","name":"Pol\u00edcia"}}]},{"@type":"Organization","@id":"https:\/\/serrafm879.com.br\/serrafm\/#organization","name":"Serra FM 87,9","description":"O seu novo amor!","url":"https:\/\/serrafm879.com.br\/serrafm\/"},{"@type":"Person","@id":"https:\/\/serrafm879.com.br\/serrafm\/author\/serrafm87\/#author","url":"https:\/\/serrafm879.com.br\/serrafm\/author\/serrafm87\/","name":"serrafm87","image":{"@type":"ImageObject","@id":"https:\/\/serrafm879.com.br\/serrafm\/2025\/01\/homem-furta-celular-de-paciente-em-st-e-e-detido-pela-guarda-municipal\/#authorImage","url":"https:\/\/secure.gravatar.com\/avatar\/a743233f1112d34f48bb3dc9559b76eb930bab8b27175856cba6362608736235?s=96&d=mm&r=g","width":96,"height":96,"caption":"serrafm87"}},{"@type":"WebPage","@id":"https:\/\/serrafm879.com.br\/serrafm\/2025\/01\/homem-furta-celular-de-paciente-em-st-e-e-detido-pela-guarda-municipal\/#webpage","url":"https:\/\/serrafm879.com.br\/serrafm\/2025\/01\/homem-furta-celular-de-paciente-em-st-e-e-detido-pela-guarda-municipal\/","name":"Homem furta celular de paciente em ST e \u00e9 detido pela guarda municipal - Serra FM 87,9","description":"Na noite deste domingo (12), por volta das 22h30, Policiais Militares do 14\u00ba BPM de Serra Talhada, foram acionados enquanto realizavam patrulhamento ostensivo, para verificarem um ocorr\u00eancia de furto no centro da cidade. Ao chegarem no local, os policiais encontraram o suspeito, que estava detido pela guarda municipal. O policiamento foi informado que o acusado teria","inLanguage":"pt-BR","isPartOf":{"@id":"https:\/\/serrafm879.com.br\/serrafm\/#website"},"breadcrumb":{"@id":"https:\/\/serrafm879.com.br\/serrafm\/2025\/01\/homem-furta-celular-de-paciente-em-st-e-e-detido-pela-guarda-municipal\/#breadcrumblist"},"author":{"@id":"https:\/\/serrafm879.com.br\/serrafm\/author\/serrafm87\/#author"},"creator":{"@id":"https:\/\/serrafm879.com.br\/serrafm\/author\/serrafm87\/#author"},"image":{"@type":"ImageObject","url":"https:\/\/serrafm879.com.br\/serrafm\/wp-content\/uploads\/2023\/05\/hospam.jpg","@id":"https:\/\/serrafm879.com.br\/serrafm\/2025\/01\/homem-furta-celular-de-paciente-em-st-e-e-detido-pela-guarda-municipal\/#mainImage","width":678,"height":452},"primaryImageOfPage":{"@id":"https:\/\/serrafm879.com.br\/serrafm\/2025\/01\/homem-furta-celular-de-paciente-em-st-e-e-detido-pela-guarda-municipal\/#mainImage"},"datePublished":"2025-01-14T17:34:14-03:00","dateModified":"2025-01-14T17:34:14-03:00"},{"@type":"WebSite","@id":"https:\/\/serrafm879.com.br\/serrafm\/#website","url":"https:\/\/serrafm879.com.br\/serrafm\/","name":"Serra FM 87,9","description":"O seu novo amor!","inLanguage":"pt-BR","publisher":{"@id":"https:\/\/serrafm879.com.br\/serrafm\/#organization"}}]},"twitter:card":"summary_large_image","twitter:title":"Homem furta celular de paciente em ST e \u00e9 detido pela guarda municipal - Serra FM 87,9","twitter:description":"Na noite deste domingo (12), por volta das 22h30, Policiais Militares do 14\u00ba BPM de Serra Talhada, foram acionados enquanto realizavam patrulhamento ostensivo, para verificarem um ocorr\u00eancia de furto no centro da cidade. Ao chegarem no local, os policiais encontraram o suspeito, que estava detido pela guarda municipal. O policiamento foi informado que o acusado teria","twitter:image":"https:\/\/serrafm879.com.br\/serrafm\/wp-content\/uploads\/2023\/05\/hospam.jpg"},"aioseo_meta_data":{"post_id":"19856","title":null,"description":null,"keywords":null,"keyphrases":null,"primary_term":null,"canonical_url":null,"og_title":null,"og_description":null,"og_object_type":"default","og_image_type":"default","og_image_custom_url":null,"og_image_custom_fields":null,"og_image_url":null,"og_image_width":null,"og_image_height":null,"og_video":null,"og_custom_url":null,"og_article_section":null,"og_article_tags":null,"twitter_use_og":false,"twitter_card":"default","twitter_image_type":"default","twitter_image_custom_url":null,"twitter_image_custom_fields":null,"twitter_image_url":null,"twitter_title":null,"twitter_description":null,"schema_type":"default","schema_type_options":null,"schema":{"blockGraphs":[],"customGraphs":[],"default":{"data":{"Article":[],"Course":[],"Dataset":[],"FAQPage":[],"Movie":[],"Person":[],"Product":[],"ProductReview":[],"Car":[],"Recipe":[],"Service":[],"SoftwareApplication":[],"WebPage":[]},"graphName":"","isEnabled":true},"graphs":[]},"pillar_content":false,"robots_default":true,"robots_noindex":false,"robots_noarchive":false,"robots_nosnippet":false,"robots_nofollow":false,"robots_noimageindex":false,"robots_noodp":false,"robots_notranslate":false,"robots_max_snippet":null,"robots_max_videopreview":null,"robots_max_imagepreview":"large","priority":null,"frequency":null,"local_seo":null,"limit_modified_date":false,"ai":null,"breadcrumb_settings":null,"seo_analyzer_scan_date":null,"created":"2026-07-21 13:08:39","updated":"2026-07-21 13:08:39"},"aioseo_breadcrumb":"<div class=\"aioseo-breadcrumbs\"><span class=\"aioseo-breadcrumb\">\n\t\t\t<a href=\"https:\/\/serrafm879.com.br\/serrafm\" title=\"Home\">Home<\/a>\n\t\t<\/span><span class=\"aioseo-breadcrumb-separator\">&raquo;<\/span><span class=\"aioseo-breadcrumb\">\n\t\t\t<a href=\"https:\/\/serrafm879.com.br\/serrafm\/categoria\/policia\/\" title=\"Pol\u00edcia\">Pol\u00edcia<\/a>\n\t\t<\/span><span class=\"aioseo-breadcrumb-separator\">&raquo;<\/span><span class=\"aioseo-breadcrumb\">\n\t\t\tHomem furta celular de paciente em ST e \u00e9 detido pela guarda municipal\n\t\t<\/span><\/div>","aioseo_breadcrumb_json":[{"label":"Home","link":"https:\/\/serrafm879.com.br\/serrafm"},{"label":"Pol\u00edcia","link":"https:\/\/serrafm879.com.br\/serrafm\/categoria\/policia\/"},{"label":"Homem furta celular de paciente em ST e \u00e9 detido pela guarda municipal","link":"https:\/\/serrafm879.com.br\/serrafm\/2025\/01\/homem-furta-celular-de-paciente-em-st-e-e-detido-pela-guarda-municipal\/"}],"jetpack_publicize_connections":[],"jetpack_featured_media_url":"https:\/\/serrafm879.com.br\/serrafm\/wp-content\/uploads\/2023\/05\/hospam.jpg","jetpack_shortlink":"https:\/\/wp.me\/p7HyXg-5ag","jetpack_sharing_enabled":true,"_links":{"self":[{"href":"https:\/\/serrafm879.com.br\/serrafm\/wp-json\/wp\/v2\/posts\/19856","targetHints":{"allow":["GET"]}}],"collection":[{"href":"https:\/\/serrafm879.com.br\/serrafm\/wp-json\/wp\/v2\/posts"}],"about":[{"href":"https:\/\/serrafm879.com.br\/serrafm\/wp-json\/wp\/v2\/types\/post"}],"author":[{"embeddable":true,"href":"https:\/\/serrafm879.com.br\/serrafm\/wp-json\/wp\/v2\/users\/2"}],"replies":[{"embeddable":true,"href":"https:\/\/serrafm879.com.br\/serrafm\/wp-json\/wp\/v2\/comments?post=19856"}],"version-history":[{"count":1,"href":"https:\/\/serrafm879.com.br\/serrafm\/wp-json\/wp\/v2\/posts\/19856\/revisions"}],"predecessor-version":[{"id":19857,"href":"https:\/\/serrafm879.com.br\/serrafm\/wp-json\/wp\/v2\/posts\/19856\/revisions\/19857"}],"wp:featuredmedia":[{"embeddable":true,"href":"https:\/\/serrafm879.com.br\/serrafm\/wp-json\/wp\/v2\/media\/12683"}],"wp:attachment":[{"href":"https:\/\/serrafm879.com.br\/serrafm\/wp-json\/wp\/v2\/media?parent=19856"}],"wp:term":[{"taxonomy":"category","embeddable":true,"href":"https:\/\/serrafm879.com.br\/serrafm\/wp-json\/wp\/v2\/categories?post=19856"},{"taxonomy":"post_tag","embeddable":true,"href":"https:\/\/serrafm879.com.br\/serrafm\/wp-json\/wp\/v2\/tags?post=19856"}],"curies":[{"name":"wp","href":"https:\/\/api.w.org\/{rel}","templated":true}]}}