{"id":19858,"date":"2025-01-14T17:44:38","date_gmt":"2025-01-14T20:44:38","guid":{"rendered":"https:\/?p=19858"},"modified":"2025-01-14T18:15:42","modified_gmt":"2025-01-14T21:15:42","slug":"2o-homicidio-de-2025-homem-e-morto-com-golpes-de-barra-de-ferro-no-bom-jesus","status":"publish","type":"post","link":"https:\/\/serrafm879.com.br\/serrafm\/2025\/01\/2o-homicidio-de-2025-homem-e-morto-com-golpes-de-barra-de-ferro-no-bom-jesus\/","title":{"rendered":"2\u00ba Homic\u00eddio de 2025: Homem \u00e9 morto com golpes de barra de ferro no Bom Jesus"},"content":{"rendered":"<p>Serra Talhada registrou mais um homic\u00eddio, nesta ter\u00e7a-feira (14), no bairro Bom Jesus, a Secretaria de Defesa Social (SDS) e o 14\u00baBPM confirmaram o ocorrido.<\/p>\n<p>De acordo com as informa\u00e7\u00f5es apuradas pela Serra FM, a v\u00edtima, um homem de 62 anos, identificado como Luiz Jos\u00e9 de Campos, era ex-presidi\u00e1rio e foi morto dentro de casa.<\/p>\n<p>Segundo a Pol\u00edcia Militar, uma barra de ferro foi utilizada no crime. O suspeito evadiu-se do local e equipes da PM seguem em dilig\u00eancias para localizar o autor do segundo homic\u00eddio de 2025 na Capital do Xaxado.<\/p>\n<h5>1\u00ba Homic\u00eddio 2025<\/h5>\n<p>Na manh\u00e3 desse domingo (12), Serra Talhada registrou o primeiro homic\u00eddio de 2025. Por volta das 10h30, um homem foi morto a tiros no bairro Bom Jesus, por tr\u00e1s do cemit\u00e9rio p\u00fablico. A v\u00edtima foi identificada, C\u00e9lio Ramos Cabral, de 48 anos.<\/p>\n<p><a href=\"http:\/\/Na manh\u00e3 deste domingo (12), Serra Talhada registrou o primeiro homic\u00eddio de 2025. Por volta das 10h30, um homem foi morto a tiros no bairro Bom Jesus, por tr\u00e1s do cemit\u00e9rio p\u00fablico. A v\u00edtima foi identificada, C\u00e9lio Ramos Cabral, de 48 anos.\">Leia a mat\u00e9ria completa\u00a0<\/a><\/p>\n","protected":false},"excerpt":{"rendered":"<p>Serra Talhada registrou mais um homic\u00eddio, nesta ter\u00e7a-feira (14), no bairro Bom Jesus, a Secretaria de Defesa Social (SDS) e o 14\u00baBPM confirmaram o ocorrido. De acordo com as informa\u00e7\u00f5es apuradas pela Serra FM, a v\u00edtima, um homem de 62 anos, identificado como Luiz Jos\u00e9 de Campos, era ex-presidi\u00e1rio e foi morto dentro de casa. Segundo a Pol\u00edcia Militar, uma barra de ferro foi utilizada no crime. O suspeito evadiu-se do local e equipes da PM seguem em dilig\u00eancias para localizar o autor do segundo homic\u00eddio de 2025 na Capital do Xaxado. 1\u00ba Homic\u00eddio 2025 Na manh\u00e3 desse domingo (12), [&hellip;]<\/p>\n","protected":false},"author":2,"featured_media":19859,"comment_status":"open","ping_status":"open","sticky":false,"template":"","format":"standard","meta":{"_jetpack_newsletter_access":"","_jetpack_dont_email_post_to_subs":false,"_jetpack_newsletter_tier_id":0,"_jetpack_memberships_contains_paywalled_content":false,"_jetpack_feature_clip_id":0,"_jetpack_memberships_contains_paid_content":false,"footnotes":"","jetpack_publicize_message":"","jetpack_publicize_feature_enabled":true,"jetpack_social_post_already_shared":true,"jetpack_social_options":{"image_generator_settings":{"template":"highway","default_image_id":0,"font":"","enabled":false},"version":2},"jetpack_post_was_ever_published":false},"categories":[1],"tags":[],"class_list":["post-19858","post","type-post","status-publish","format-standard","has-post-thumbnail","hentry","category-uncategorized"],"aioseo_notices":[],"aioseo_head":"\n\t\t<!-- All in One SEO 4.9.10 - aioseo.com -->\n\t<meta name=\"description\" content=\"Serra Talhada registrou mais um homic\u00eddio, nesta ter\u00e7a-feira (14), no bairro Bom Jesus, a Secretaria de Defesa Social (SDS) e o 14\u00baBPM confirmaram o ocorrido. De acordo com as informa\u00e7\u00f5es apuradas pela Serra FM, a v\u00edtima, um homem de 62 anos, identificado como Luiz Jos\u00e9 de Campos, era ex-presidi\u00e1rio e foi morto dentro de casa.\" \/>\n\t<meta name=\"robots\" content=\"max-image-preview:large\" \/>\n\t<meta name=\"author\" content=\"serrafm87\"\/>\n\t<link rel=\"canonical\" href=\"https:\/\/serrafm879.com.br\/serrafm\/2025\/01\/2o-homicidio-de-2025-homem-e-morto-com-golpes-de-barra-de-ferro-no-bom-jesus\/\" \/>\n\t<meta name=\"generator\" content=\"All in One SEO (AIOSEO) 4.9.10\" \/>\n\t\t<meta name=\"twitter:card\" content=\"summary_large_image\" \/>\n\t\t<meta name=\"twitter:title\" content=\"2\u00ba Homic\u00eddio de 2025: Homem \u00e9 morto com golpes de barra de ferro no Bom Jesus - Serra FM 87,9\" \/>\n\t\t<meta name=\"twitter:description\" content=\"Serra Talhada registrou mais um homic\u00eddio, nesta ter\u00e7a-feira (14), no bairro Bom Jesus, a Secretaria de Defesa Social (SDS) e o 14\u00baBPM confirmaram o ocorrido. De acordo com as informa\u00e7\u00f5es apuradas pela Serra FM, a v\u00edtima, um homem de 62 anos, identificado como Luiz Jos\u00e9 de Campos, era ex-presidi\u00e1rio e foi morto dentro de casa.\" \/>\n\t\t<meta name=\"twitter:image\" content=\"https:\/\/serrafm879.com.br\/serrafm\/wp-content\/uploads\/2025\/01\/WhatsApp-Image-2025-01-14-at-17.39.52.jpeg\" \/>\n\t\t<script type=\"application\/ld+json\" class=\"aioseo-schema\">\n\t\t\t{\"@context\":\"https:\\\/\\\/schema.org\",\"@graph\":[{\"@type\":\"BlogPosting\",\"@id\":\"https:\\\/\\\/serrafm879.com.br\\\/serrafm\\\/2025\\\/01\\\/2o-homicidio-de-2025-homem-e-morto-com-golpes-de-barra-de-ferro-no-bom-jesus\\\/#blogposting\",\"name\":\"2\\u00ba Homic\\u00eddio de 2025: Homem \\u00e9 morto com golpes de barra de ferro no Bom Jesus - Serra FM 87,9\",\"headline\":\"2\\u00ba Homic\\u00eddio de 2025: Homem \\u00e9 morto com golpes de barra de ferro no Bom Jesus\",\"author\":{\"@id\":\"https:\\\/\\\/serrafm879.com.br\\\/serrafm\\\/author\\\/serrafm87\\\/#author\"},\"publisher\":{\"@id\":\"https:\\\/\\\/serrafm879.com.br\\\/serrafm\\\/#organization\"},\"image\":{\"@type\":\"ImageObject\",\"url\":\"https:\\\/\\\/serrafm879.com.br\\\/serrafm\\\/wp-content\\\/uploads\\\/2025\\\/01\\\/WhatsApp-Image-2025-01-14-at-17.39.52.jpeg\",\"width\":900,\"height\":1600},\"datePublished\":\"2025-01-14T17:44:38-03:00\",\"dateModified\":\"2025-01-14T18:15:42-03:00\",\"inLanguage\":\"pt-BR\",\"mainEntityOfPage\":{\"@id\":\"https:\\\/\\\/serrafm879.com.br\\\/serrafm\\\/2025\\\/01\\\/2o-homicidio-de-2025-homem-e-morto-com-golpes-de-barra-de-ferro-no-bom-jesus\\\/#webpage\"},\"isPartOf\":{\"@id\":\"https:\\\/\\\/serrafm879.com.br\\\/serrafm\\\/2025\\\/01\\\/2o-homicidio-de-2025-homem-e-morto-com-golpes-de-barra-de-ferro-no-bom-jesus\\\/#webpage\"},\"articleSection\":\"Uncategorized\"},{\"@type\":\"BreadcrumbList\",\"@id\":\"https:\\\/\\\/serrafm879.com.br\\\/serrafm\\\/2025\\\/01\\\/2o-homicidio-de-2025-homem-e-morto-com-golpes-de-barra-de-ferro-no-bom-jesus\\\/#breadcrumblist\",\"itemListElement\":[{\"@type\":\"ListItem\",\"@id\":\"https:\\\/\\\/serrafm879.com.br\\\/serrafm#listItem\",\"position\":1,\"name\":\"Home\",\"item\":\"https:\\\/\\\/serrafm879.com.br\\\/serrafm\",\"nextItem\":{\"@type\":\"ListItem\",\"@id\":\"https:\\\/\\\/serrafm879.com.br\\\/serrafm\\\/categoria\\\/uncategorized\\\/#listItem\",\"name\":\"Uncategorized\"}},{\"@type\":\"ListItem\",\"@id\":\"https:\\\/\\\/serrafm879.com.br\\\/serrafm\\\/categoria\\\/uncategorized\\\/#listItem\",\"position\":2,\"name\":\"Uncategorized\",\"item\":\"https:\\\/\\\/serrafm879.com.br\\\/serrafm\\\/categoria\\\/uncategorized\\\/\",\"nextItem\":{\"@type\":\"ListItem\",\"@id\":\"https:\\\/\\\/serrafm879.com.br\\\/serrafm\\\/2025\\\/01\\\/2o-homicidio-de-2025-homem-e-morto-com-golpes-de-barra-de-ferro-no-bom-jesus\\\/#listItem\",\"name\":\"2\\u00ba Homic\\u00eddio de 2025: Homem \\u00e9 morto com golpes de barra de ferro no Bom Jesus\"},\"previousItem\":{\"@type\":\"ListItem\",\"@id\":\"https:\\\/\\\/serrafm879.com.br\\\/serrafm#listItem\",\"name\":\"Home\"}},{\"@type\":\"ListItem\",\"@id\":\"https:\\\/\\\/serrafm879.com.br\\\/serrafm\\\/2025\\\/01\\\/2o-homicidio-de-2025-homem-e-morto-com-golpes-de-barra-de-ferro-no-bom-jesus\\\/#listItem\",\"position\":3,\"name\":\"2\\u00ba Homic\\u00eddio de 2025: Homem \\u00e9 morto com golpes de barra de ferro no Bom Jesus\",\"previousItem\":{\"@type\":\"ListItem\",\"@id\":\"https:\\\/\\\/serrafm879.com.br\\\/serrafm\\\/categoria\\\/uncategorized\\\/#listItem\",\"name\":\"Uncategorized\"}}]},{\"@type\":\"Organization\",\"@id\":\"https:\\\/\\\/serrafm879.com.br\\\/serrafm\\\/#organization\",\"name\":\"Serra FM 87,9\",\"description\":\"O seu novo amor!\",\"url\":\"https:\\\/\\\/serrafm879.com.br\\\/serrafm\\\/\"},{\"@type\":\"Person\",\"@id\":\"https:\\\/\\\/serrafm879.com.br\\\/serrafm\\\/author\\\/serrafm87\\\/#author\",\"url\":\"https:\\\/\\\/serrafm879.com.br\\\/serrafm\\\/author\\\/serrafm87\\\/\",\"name\":\"serrafm87\",\"image\":{\"@type\":\"ImageObject\",\"@id\":\"https:\\\/\\\/serrafm879.com.br\\\/serrafm\\\/2025\\\/01\\\/2o-homicidio-de-2025-homem-e-morto-com-golpes-de-barra-de-ferro-no-bom-jesus\\\/#authorImage\",\"url\":\"https:\\\/\\\/secure.gravatar.com\\\/avatar\\\/a743233f1112d34f48bb3dc9559b76eb930bab8b27175856cba6362608736235?s=96&d=mm&r=g\",\"width\":96,\"height\":96,\"caption\":\"serrafm87\"}},{\"@type\":\"WebPage\",\"@id\":\"https:\\\/\\\/serrafm879.com.br\\\/serrafm\\\/2025\\\/01\\\/2o-homicidio-de-2025-homem-e-morto-com-golpes-de-barra-de-ferro-no-bom-jesus\\\/#webpage\",\"url\":\"https:\\\/\\\/serrafm879.com.br\\\/serrafm\\\/2025\\\/01\\\/2o-homicidio-de-2025-homem-e-morto-com-golpes-de-barra-de-ferro-no-bom-jesus\\\/\",\"name\":\"2\\u00ba Homic\\u00eddio de 2025: Homem \\u00e9 morto com golpes de barra de ferro no Bom Jesus - Serra FM 87,9\",\"description\":\"Serra Talhada registrou mais um homic\\u00eddio, nesta ter\\u00e7a-feira (14), no bairro Bom Jesus, a Secretaria de Defesa Social (SDS) e o 14\\u00baBPM confirmaram o ocorrido. De acordo com as informa\\u00e7\\u00f5es apuradas pela Serra FM, a v\\u00edtima, um homem de 62 anos, identificado como Luiz Jos\\u00e9 de Campos, era ex-presidi\\u00e1rio e foi morto dentro de casa.\",\"inLanguage\":\"pt-BR\",\"isPartOf\":{\"@id\":\"https:\\\/\\\/serrafm879.com.br\\\/serrafm\\\/#website\"},\"breadcrumb\":{\"@id\":\"https:\\\/\\\/serrafm879.com.br\\\/serrafm\\\/2025\\\/01\\\/2o-homicidio-de-2025-homem-e-morto-com-golpes-de-barra-de-ferro-no-bom-jesus\\\/#breadcrumblist\"},\"author\":{\"@id\":\"https:\\\/\\\/serrafm879.com.br\\\/serrafm\\\/author\\\/serrafm87\\\/#author\"},\"creator\":{\"@id\":\"https:\\\/\\\/serrafm879.com.br\\\/serrafm\\\/author\\\/serrafm87\\\/#author\"},\"image\":{\"@type\":\"ImageObject\",\"url\":\"https:\\\/\\\/serrafm879.com.br\\\/serrafm\\\/wp-content\\\/uploads\\\/2025\\\/01\\\/WhatsApp-Image-2025-01-14-at-17.39.52.jpeg\",\"@id\":\"https:\\\/\\\/serrafm879.com.br\\\/serrafm\\\/2025\\\/01\\\/2o-homicidio-de-2025-homem-e-morto-com-golpes-de-barra-de-ferro-no-bom-jesus\\\/#mainImage\",\"width\":900,\"height\":1600},\"primaryImageOfPage\":{\"@id\":\"https:\\\/\\\/serrafm879.com.br\\\/serrafm\\\/2025\\\/01\\\/2o-homicidio-de-2025-homem-e-morto-com-golpes-de-barra-de-ferro-no-bom-jesus\\\/#mainImage\"},\"datePublished\":\"2025-01-14T17:44:38-03:00\",\"dateModified\":\"2025-01-14T18:15:42-03:00\"},{\"@type\":\"WebSite\",\"@id\":\"https:\\\/\\\/serrafm879.com.br\\\/serrafm\\\/#website\",\"url\":\"https:\\\/\\\/serrafm879.com.br\\\/serrafm\\\/\",\"name\":\"Serra FM 87,9\",\"description\":\"O seu novo amor!\",\"inLanguage\":\"pt-BR\",\"publisher\":{\"@id\":\"https:\\\/\\\/serrafm879.com.br\\\/serrafm\\\/#organization\"}}]}\n\t\t<\/script>\n\t\t<!-- All in One SEO -->\n\n","aioseo_head_json":{"title":"2\u00ba Homic\u00eddio de 2025: Homem \u00e9 morto com golpes de barra de ferro no Bom Jesus - Serra FM 87,9","description":"Serra Talhada registrou mais um homic\u00eddio, nesta ter\u00e7a-feira (14), no bairro Bom Jesus, a Secretaria de Defesa Social (SDS) e o 14\u00baBPM confirmaram o ocorrido. De acordo com as informa\u00e7\u00f5es apuradas pela Serra FM, a v\u00edtima, um homem de 62 anos, identificado como Luiz Jos\u00e9 de Campos, era ex-presidi\u00e1rio e foi morto dentro de casa.","canonical_url":"https:\/\/serrafm879.com.br\/serrafm\/2025\/01\/2o-homicidio-de-2025-homem-e-morto-com-golpes-de-barra-de-ferro-no-bom-jesus\/","robots":"max-image-preview:large","keywords":"","webmasterTools":{"miscellaneous":""},"schema":{"@context":"https:\/\/schema.org","@graph":[{"@type":"BlogPosting","@id":"https:\/\/serrafm879.com.br\/serrafm\/2025\/01\/2o-homicidio-de-2025-homem-e-morto-com-golpes-de-barra-de-ferro-no-bom-jesus\/#blogposting","name":"2\u00ba Homic\u00eddio de 2025: Homem \u00e9 morto com golpes de barra de ferro no Bom Jesus - Serra FM 87,9","headline":"2\u00ba Homic\u00eddio de 2025: Homem \u00e9 morto com golpes de barra de ferro no Bom Jesus","author":{"@id":"https:\/\/serrafm879.com.br\/serrafm\/author\/serrafm87\/#author"},"publisher":{"@id":"https:\/\/serrafm879.com.br\/serrafm\/#organization"},"image":{"@type":"ImageObject","url":"https:\/\/serrafm879.com.br\/serrafm\/wp-content\/uploads\/2025\/01\/WhatsApp-Image-2025-01-14-at-17.39.52.jpeg","width":900,"height":1600},"datePublished":"2025-01-14T17:44:38-03:00","dateModified":"2025-01-14T18:15:42-03:00","inLanguage":"pt-BR","mainEntityOfPage":{"@id":"https:\/\/serrafm879.com.br\/serrafm\/2025\/01\/2o-homicidio-de-2025-homem-e-morto-com-golpes-de-barra-de-ferro-no-bom-jesus\/#webpage"},"isPartOf":{"@id":"https:\/\/serrafm879.com.br\/serrafm\/2025\/01\/2o-homicidio-de-2025-homem-e-morto-com-golpes-de-barra-de-ferro-no-bom-jesus\/#webpage"},"articleSection":"Uncategorized"},{"@type":"BreadcrumbList","@id":"https:\/\/serrafm879.com.br\/serrafm\/2025\/01\/2o-homicidio-de-2025-homem-e-morto-com-golpes-de-barra-de-ferro-no-bom-jesus\/#breadcrumblist","itemListElement":[{"@type":"ListItem","@id":"https:\/\/serrafm879.com.br\/serrafm#listItem","position":1,"name":"Home","item":"https:\/\/serrafm879.com.br\/serrafm","nextItem":{"@type":"ListItem","@id":"https:\/\/serrafm879.com.br\/serrafm\/categoria\/uncategorized\/#listItem","name":"Uncategorized"}},{"@type":"ListItem","@id":"https:\/\/serrafm879.com.br\/serrafm\/categoria\/uncategorized\/#listItem","position":2,"name":"Uncategorized","item":"https:\/\/serrafm879.com.br\/serrafm\/categoria\/uncategorized\/","nextItem":{"@type":"ListItem","@id":"https:\/\/serrafm879.com.br\/serrafm\/2025\/01\/2o-homicidio-de-2025-homem-e-morto-com-golpes-de-barra-de-ferro-no-bom-jesus\/#listItem","name":"2\u00ba Homic\u00eddio de 2025: Homem \u00e9 morto com golpes de barra de ferro no Bom Jesus"},"previousItem":{"@type":"ListItem","@id":"https:\/\/serrafm879.com.br\/serrafm#listItem","name":"Home"}},{"@type":"ListItem","@id":"https:\/\/serrafm879.com.br\/serrafm\/2025\/01\/2o-homicidio-de-2025-homem-e-morto-com-golpes-de-barra-de-ferro-no-bom-jesus\/#listItem","position":3,"name":"2\u00ba Homic\u00eddio de 2025: Homem \u00e9 morto com golpes de barra de ferro no Bom Jesus","previousItem":{"@type":"ListItem","@id":"https:\/\/serrafm879.com.br\/serrafm\/categoria\/uncategorized\/#listItem","name":"Uncategorized"}}]},{"@type":"Organization","@id":"https:\/\/serrafm879.com.br\/serrafm\/#organization","name":"Serra FM 87,9","description":"O seu novo amor!","url":"https:\/\/serrafm879.com.br\/serrafm\/"},{"@type":"Person","@id":"https:\/\/serrafm879.com.br\/serrafm\/author\/serrafm87\/#author","url":"https:\/\/serrafm879.com.br\/serrafm\/author\/serrafm87\/","name":"serrafm87","image":{"@type":"ImageObject","@id":"https:\/\/serrafm879.com.br\/serrafm\/2025\/01\/2o-homicidio-de-2025-homem-e-morto-com-golpes-de-barra-de-ferro-no-bom-jesus\/#authorImage","url":"https:\/\/secure.gravatar.com\/avatar\/a743233f1112d34f48bb3dc9559b76eb930bab8b27175856cba6362608736235?s=96&d=mm&r=g","width":96,"height":96,"caption":"serrafm87"}},{"@type":"WebPage","@id":"https:\/\/serrafm879.com.br\/serrafm\/2025\/01\/2o-homicidio-de-2025-homem-e-morto-com-golpes-de-barra-de-ferro-no-bom-jesus\/#webpage","url":"https:\/\/serrafm879.com.br\/serrafm\/2025\/01\/2o-homicidio-de-2025-homem-e-morto-com-golpes-de-barra-de-ferro-no-bom-jesus\/","name":"2\u00ba Homic\u00eddio de 2025: Homem \u00e9 morto com golpes de barra de ferro no Bom Jesus - Serra FM 87,9","description":"Serra Talhada registrou mais um homic\u00eddio, nesta ter\u00e7a-feira (14), no bairro Bom Jesus, a Secretaria de Defesa Social (SDS) e o 14\u00baBPM confirmaram o ocorrido. De acordo com as informa\u00e7\u00f5es apuradas pela Serra FM, a v\u00edtima, um homem de 62 anos, identificado como Luiz Jos\u00e9 de Campos, era ex-presidi\u00e1rio e foi morto dentro de casa.","inLanguage":"pt-BR","isPartOf":{"@id":"https:\/\/serrafm879.com.br\/serrafm\/#website"},"breadcrumb":{"@id":"https:\/\/serrafm879.com.br\/serrafm\/2025\/01\/2o-homicidio-de-2025-homem-e-morto-com-golpes-de-barra-de-ferro-no-bom-jesus\/#breadcrumblist"},"author":{"@id":"https:\/\/serrafm879.com.br\/serrafm\/author\/serrafm87\/#author"},"creator":{"@id":"https:\/\/serrafm879.com.br\/serrafm\/author\/serrafm87\/#author"},"image":{"@type":"ImageObject","url":"https:\/\/serrafm879.com.br\/serrafm\/wp-content\/uploads\/2025\/01\/WhatsApp-Image-2025-01-14-at-17.39.52.jpeg","@id":"https:\/\/serrafm879.com.br\/serrafm\/2025\/01\/2o-homicidio-de-2025-homem-e-morto-com-golpes-de-barra-de-ferro-no-bom-jesus\/#mainImage","width":900,"height":1600},"primaryImageOfPage":{"@id":"https:\/\/serrafm879.com.br\/serrafm\/2025\/01\/2o-homicidio-de-2025-homem-e-morto-com-golpes-de-barra-de-ferro-no-bom-jesus\/#mainImage"},"datePublished":"2025-01-14T17:44:38-03:00","dateModified":"2025-01-14T18:15:42-03:00"},{"@type":"WebSite","@id":"https:\/\/serrafm879.com.br\/serrafm\/#website","url":"https:\/\/serrafm879.com.br\/serrafm\/","name":"Serra FM 87,9","description":"O seu novo amor!","inLanguage":"pt-BR","publisher":{"@id":"https:\/\/serrafm879.com.br\/serrafm\/#organization"}}]},"twitter:card":"summary_large_image","twitter:title":"2\u00ba Homic\u00eddio de 2025: Homem \u00e9 morto com golpes de barra de ferro no Bom Jesus - Serra FM 87,9","twitter:description":"Serra Talhada registrou mais um homic\u00eddio, nesta ter\u00e7a-feira (14), no bairro Bom Jesus, a Secretaria de Defesa Social (SDS) e o 14\u00baBPM confirmaram o ocorrido. De acordo com as informa\u00e7\u00f5es apuradas pela Serra FM, a v\u00edtima, um homem de 62 anos, identificado como Luiz Jos\u00e9 de Campos, era ex-presidi\u00e1rio e foi morto dentro de casa.","twitter:image":"https:\/\/serrafm879.com.br\/serrafm\/wp-content\/uploads\/2025\/01\/WhatsApp-Image-2025-01-14-at-17.39.52.jpeg"},"aioseo_meta_data":{"post_id":"19858","title":null,"description":null,"keywords":null,"keyphrases":null,"primary_term":null,"canonical_url":null,"og_title":null,"og_description":null,"og_object_type":"default","og_image_type":"default","og_image_custom_url":null,"og_image_custom_fields":null,"og_image_url":null,"og_image_width":null,"og_image_height":null,"og_video":null,"og_custom_url":null,"og_article_section":null,"og_article_tags":null,"twitter_use_og":false,"twitter_card":"default","twitter_image_type":"default","twitter_image_custom_url":null,"twitter_image_custom_fields":null,"twitter_image_url":null,"twitter_title":null,"twitter_description":null,"schema_type":"default","schema_type_options":null,"schema":{"blockGraphs":[],"customGraphs":[],"default":{"data":{"Article":[],"Course":[],"Dataset":[],"FAQPage":[],"Movie":[],"Person":[],"Product":[],"ProductReview":[],"Car":[],"Recipe":[],"Service":[],"SoftwareApplication":[],"WebPage":[]},"graphName":"","isEnabled":true},"graphs":[]},"pillar_content":false,"robots_default":true,"robots_noindex":false,"robots_noarchive":false,"robots_nosnippet":false,"robots_nofollow":false,"robots_noimageindex":false,"robots_noodp":false,"robots_notranslate":false,"robots_max_snippet":null,"robots_max_videopreview":null,"robots_max_imagepreview":"large","priority":null,"frequency":null,"local_seo":null,"limit_modified_date":false,"ai":null,"breadcrumb_settings":null,"seo_analyzer_scan_date":null,"created":"2026-07-21 13:08:39","updated":"2026-07-21 13:08:39"},"aioseo_breadcrumb":"<div class=\"aioseo-breadcrumbs\"><span class=\"aioseo-breadcrumb\">\n\t\t\t<a href=\"https:\/\/serrafm879.com.br\/serrafm\" title=\"Home\">Home<\/a>\n\t\t<\/span><span class=\"aioseo-breadcrumb-separator\">&raquo;<\/span><span class=\"aioseo-breadcrumb\">\n\t\t\t<a href=\"https:\/\/serrafm879.com.br\/serrafm\/categoria\/uncategorized\/\" title=\"Uncategorized\">Uncategorized<\/a>\n\t\t<\/span><span class=\"aioseo-breadcrumb-separator\">&raquo;<\/span><span class=\"aioseo-breadcrumb\">\n\t\t\t2\u00ba Homic\u00eddio de 2025: Homem \u00e9 morto com golpes de barra de ferro no Bom Jesus\n\t\t<\/span><\/div>","aioseo_breadcrumb_json":[{"label":"Home","link":"https:\/\/serrafm879.com.br\/serrafm"},{"label":"Uncategorized","link":"https:\/\/serrafm879.com.br\/serrafm\/categoria\/uncategorized\/"},{"label":"2\u00ba Homic\u00eddio de 2025: Homem \u00e9 morto com golpes de barra de ferro no Bom Jesus","link":"https:\/\/serrafm879.com.br\/serrafm\/2025\/01\/2o-homicidio-de-2025-homem-e-morto-com-golpes-de-barra-de-ferro-no-bom-jesus\/"}],"jetpack_publicize_connections":[],"jetpack_featured_media_url":"https:\/\/serrafm879.com.br\/serrafm\/wp-content\/uploads\/2025\/01\/WhatsApp-Image-2025-01-14-at-17.39.52.jpeg","jetpack_shortlink":"https:\/\/wp.me\/p7HyXg-5ai","jetpack_sharing_enabled":true,"_links":{"self":[{"href":"https:\/\/serrafm879.com.br\/serrafm\/wp-json\/wp\/v2\/posts\/19858","targetHints":{"allow":["GET"]}}],"collection":[{"href":"https:\/\/serrafm879.com.br\/serrafm\/wp-json\/wp\/v2\/posts"}],"about":[{"href":"https:\/\/serrafm879.com.br\/serrafm\/wp-json\/wp\/v2\/types\/post"}],"author":[{"embeddable":true,"href":"https:\/\/serrafm879.com.br\/serrafm\/wp-json\/wp\/v2\/users\/2"}],"replies":[{"embeddable":true,"href":"https:\/\/serrafm879.com.br\/serrafm\/wp-json\/wp\/v2\/comments?post=19858"}],"version-history":[{"count":11,"href":"https:\/\/serrafm879.com.br\/serrafm\/wp-json\/wp\/v2\/posts\/19858\/revisions"}],"predecessor-version":[{"id":19871,"href":"https:\/\/serrafm879.com.br\/serrafm\/wp-json\/wp\/v2\/posts\/19858\/revisions\/19871"}],"wp:featuredmedia":[{"embeddable":true,"href":"https:\/\/serrafm879.com.br\/serrafm\/wp-json\/wp\/v2\/media\/19859"}],"wp:attachment":[{"href":"https:\/\/serrafm879.com.br\/serrafm\/wp-json\/wp\/v2\/media?parent=19858"}],"wp:term":[{"taxonomy":"category","embeddable":true,"href":"https:\/\/serrafm879.com.br\/serrafm\/wp-json\/wp\/v2\/categories?post=19858"},{"taxonomy":"post_tag","embeddable":true,"href":"https:\/\/serrafm879.com.br\/serrafm\/wp-json\/wp\/v2\/tags?post=19858"}],"curies":[{"name":"wp","href":"https:\/\/api.w.org\/{rel}","templated":true}]}}