{"id":19906,"date":"2025-01-16T11:53:24","date_gmt":"2025-01-16T14:53:24","guid":{"rendered":"https:\/?p=19906"},"modified":"2025-01-16T11:53:24","modified_gmt":"2025-01-16T14:53:24","slug":"ex-prefeito-aponta-nome-de-marcia-como-alternativa-para-amupe","status":"publish","type":"post","link":"https:\/\/serrafm879.com.br\/serrafm\/2025\/01\/ex-prefeito-aponta-nome-de-marcia-como-alternativa-para-amupe\/","title":{"rendered":"Ex-prefeito aponta nome de M\u00e1rcia como alternativa para Amupe"},"content":{"rendered":"<p>O ex-prefeito de Carna\u00edba, Anchieta Patriota, \u2018apimentou\u2019 o debate em torno das elei\u00e7\u00f5es na Associa\u00e7\u00e3o Municipalista de Pernambuco (Amupe). Durante entrevista nessa quarta-feira (15), ao Blog Ponto de Vista, Patriota mostrou insatisfa\u00e7\u00e3o com a polariza\u00e7\u00e3o e defendeu uma terceira via.<\/p>\n<p>At\u00e9 o momento, o presidente e ex-prefeito de Paudalho, Marcelo Gouveia (Podemos) \u00e9 candidato \u00e0 reelei\u00e7\u00e3o e tem como advers\u00e1rio o prefeito de Alian\u00e7a, Pedro Freitas (PP). Por\u00e9m, a ex-vice-presidente da Amupe e prefeita de Serra Talhada, M\u00e1rcia Conrado (PT), est\u00e1 sendo estimulada a entrar na disputa.<\/p>\n<p>\u201cSou eleitor e acho que \u00e9 necess\u00e1rio surgir um novo nome. Muitos prefeitos est\u00e3o insatisfeitos com as candidaturas postas. N\u00e3o se trata apenas de uma quest\u00e3o partid\u00e1ria, pois essa insatisfa\u00e7\u00e3o \u00e9 compartilhada por representantes de diversos partidos\u201d, disse Anchieta Patriota, lan\u00e7ando outros nomes.<\/p>\n<p>\u201cTemos grandes lideran\u00e7as como o prefeito Sandrinho, de Afogados da Ingazeira, Sivaldo Albino, e M\u00e1rcia Conrado, que \u00e9 do PT em Serra Talhada. S\u00e3o nomes que podem construir uma composi\u00e7\u00e3o ouvindo os prefeitos, algo que at\u00e9 agora n\u00e3o foi feito pelas chapas j\u00e1 postas\u201d, concluiu.<\/p>\n","protected":false},"excerpt":{"rendered":"<p>O ex-prefeito de Carna\u00edba, Anchieta Patriota, \u2018apimentou\u2019 o debate em torno das elei\u00e7\u00f5es na Associa\u00e7\u00e3o Municipalista de Pernambuco (Amupe). Durante entrevista nessa quarta-feira (15), ao Blog Ponto de Vista, Patriota mostrou insatisfa\u00e7\u00e3o com a polariza\u00e7\u00e3o e defendeu uma terceira via. At\u00e9 o momento, o presidente e ex-prefeito de Paudalho, Marcelo Gouveia (Podemos) \u00e9 candidato \u00e0 reelei\u00e7\u00e3o e tem como advers\u00e1rio o prefeito de Alian\u00e7a, Pedro Freitas (PP). Por\u00e9m, a ex-vice-presidente da Amupe e prefeita de Serra Talhada, M\u00e1rcia Conrado (PT), est\u00e1 sendo estimulada a entrar na disputa. \u201cSou eleitor e acho que \u00e9 necess\u00e1rio surgir um novo nome. Muitos prefeitos [&hellip;]<\/p>\n","protected":false},"author":2,"featured_media":19907,"comment_status":"open","ping_status":"open","sticky":false,"template":"","format":"standard","meta":{"_jetpack_newsletter_access":"","_jetpack_dont_email_post_to_subs":false,"_jetpack_newsletter_tier_id":0,"_jetpack_memberships_contains_paywalled_content":false,"_jetpack_feature_clip_id":0,"_jetpack_memberships_contains_paid_content":false,"footnotes":"","jetpack_publicize_message":"","jetpack_publicize_feature_enabled":true,"jetpack_social_post_already_shared":true,"jetpack_social_options":{"image_generator_settings":{"template":"highway","default_image_id":0,"font":"","enabled":false},"version":2},"jetpack_post_was_ever_published":false},"categories":[144],"tags":[],"class_list":["post-19906","post","type-post","status-publish","format-standard","has-post-thumbnail","hentry","category-politica"],"aioseo_notices":[],"aioseo_head":"\n\t\t<!-- All in One SEO 4.9.10 - aioseo.com -->\n\t<meta name=\"description\" content=\"O ex-prefeito de Carna\u00edba, Anchieta Patriota, \u2018apimentou\u2019 o debate em torno das elei\u00e7\u00f5es na Associa\u00e7\u00e3o Municipalista de Pernambuco (Amupe). Durante entrevista nessa quarta-feira (15), ao Blog Ponto de Vista, Patriota mostrou insatisfa\u00e7\u00e3o com a polariza\u00e7\u00e3o e defendeu uma terceira via. At\u00e9 o momento, o presidente e ex-prefeito de Paudalho, Marcelo Gouveia (Podemos) \u00e9 candidato \u00e0\" \/>\n\t<meta name=\"robots\" content=\"max-image-preview:large\" \/>\n\t<meta name=\"author\" content=\"serrafm87\"\/>\n\t<link rel=\"canonical\" href=\"https:\/\/serrafm879.com.br\/serrafm\/2025\/01\/ex-prefeito-aponta-nome-de-marcia-como-alternativa-para-amupe\/\" \/>\n\t<meta name=\"generator\" content=\"All in One SEO (AIOSEO) 4.9.10\" \/>\n\t\t<meta name=\"twitter:card\" content=\"summary_large_image\" \/>\n\t\t<meta name=\"twitter:title\" content=\"Ex-prefeito aponta nome de M\u00e1rcia como alternativa para Amupe - Serra FM 87,9\" \/>\n\t\t<meta name=\"twitter:description\" content=\"O ex-prefeito de Carna\u00edba, Anchieta Patriota, \u2018apimentou\u2019 o debate em torno das elei\u00e7\u00f5es na Associa\u00e7\u00e3o Municipalista de Pernambuco (Amupe). Durante entrevista nessa quarta-feira (15), ao Blog Ponto de Vista, Patriota mostrou insatisfa\u00e7\u00e3o com a polariza\u00e7\u00e3o e defendeu uma terceira via. At\u00e9 o momento, o presidente e ex-prefeito de Paudalho, Marcelo Gouveia (Podemos) \u00e9 candidato \u00e0\" \/>\n\t\t<meta name=\"twitter:image\" content=\"https:\/\/serrafm879.com.br\/serrafm\/wp-content\/uploads\/2025\/01\/anchieta-patriota-1024x701-1.jpeg\" \/>\n\t\t<script type=\"application\/ld+json\" class=\"aioseo-schema\">\n\t\t\t{\"@context\":\"https:\\\/\\\/schema.org\",\"@graph\":[{\"@type\":\"BlogPosting\",\"@id\":\"https:\\\/\\\/serrafm879.com.br\\\/serrafm\\\/2025\\\/01\\\/ex-prefeito-aponta-nome-de-marcia-como-alternativa-para-amupe\\\/#blogposting\",\"name\":\"Ex-prefeito aponta nome de M\\u00e1rcia como alternativa para Amupe - Serra FM 87,9\",\"headline\":\"Ex-prefeito aponta nome de M\\u00e1rcia como alternativa para Amupe\",\"author\":{\"@id\":\"https:\\\/\\\/serrafm879.com.br\\\/serrafm\\\/author\\\/serrafm87\\\/#author\"},\"publisher\":{\"@id\":\"https:\\\/\\\/serrafm879.com.br\\\/serrafm\\\/#organization\"},\"image\":{\"@type\":\"ImageObject\",\"url\":\"https:\\\/\\\/serrafm879.com.br\\\/serrafm\\\/wp-content\\\/uploads\\\/2025\\\/01\\\/anchieta-patriota-1024x701-1.jpeg\",\"width\":1024,\"height\":701},\"datePublished\":\"2025-01-16T11:53:24-03:00\",\"dateModified\":\"2025-01-16T11:53:24-03:00\",\"inLanguage\":\"pt-BR\",\"mainEntityOfPage\":{\"@id\":\"https:\\\/\\\/serrafm879.com.br\\\/serrafm\\\/2025\\\/01\\\/ex-prefeito-aponta-nome-de-marcia-como-alternativa-para-amupe\\\/#webpage\"},\"isPartOf\":{\"@id\":\"https:\\\/\\\/serrafm879.com.br\\\/serrafm\\\/2025\\\/01\\\/ex-prefeito-aponta-nome-de-marcia-como-alternativa-para-amupe\\\/#webpage\"},\"articleSection\":\"Pol\\u00edtica\"},{\"@type\":\"BreadcrumbList\",\"@id\":\"https:\\\/\\\/serrafm879.com.br\\\/serrafm\\\/2025\\\/01\\\/ex-prefeito-aponta-nome-de-marcia-como-alternativa-para-amupe\\\/#breadcrumblist\",\"itemListElement\":[{\"@type\":\"ListItem\",\"@id\":\"https:\\\/\\\/serrafm879.com.br\\\/serrafm#listItem\",\"position\":1,\"name\":\"Home\",\"item\":\"https:\\\/\\\/serrafm879.com.br\\\/serrafm\",\"nextItem\":{\"@type\":\"ListItem\",\"@id\":\"https:\\\/\\\/serrafm879.com.br\\\/serrafm\\\/categoria\\\/politica\\\/#listItem\",\"name\":\"Pol\\u00edtica\"}},{\"@type\":\"ListItem\",\"@id\":\"https:\\\/\\\/serrafm879.com.br\\\/serrafm\\\/categoria\\\/politica\\\/#listItem\",\"position\":2,\"name\":\"Pol\\u00edtica\",\"item\":\"https:\\\/\\\/serrafm879.com.br\\\/serrafm\\\/categoria\\\/politica\\\/\",\"nextItem\":{\"@type\":\"ListItem\",\"@id\":\"https:\\\/\\\/serrafm879.com.br\\\/serrafm\\\/2025\\\/01\\\/ex-prefeito-aponta-nome-de-marcia-como-alternativa-para-amupe\\\/#listItem\",\"name\":\"Ex-prefeito aponta nome de M\\u00e1rcia como alternativa para Amupe\"},\"previousItem\":{\"@type\":\"ListItem\",\"@id\":\"https:\\\/\\\/serrafm879.com.br\\\/serrafm#listItem\",\"name\":\"Home\"}},{\"@type\":\"ListItem\",\"@id\":\"https:\\\/\\\/serrafm879.com.br\\\/serrafm\\\/2025\\\/01\\\/ex-prefeito-aponta-nome-de-marcia-como-alternativa-para-amupe\\\/#listItem\",\"position\":3,\"name\":\"Ex-prefeito aponta nome de M\\u00e1rcia como alternativa para Amupe\",\"previousItem\":{\"@type\":\"ListItem\",\"@id\":\"https:\\\/\\\/serrafm879.com.br\\\/serrafm\\\/categoria\\\/politica\\\/#listItem\",\"name\":\"Pol\\u00edtica\"}}]},{\"@type\":\"Organization\",\"@id\":\"https:\\\/\\\/serrafm879.com.br\\\/serrafm\\\/#organization\",\"name\":\"Serra FM 87,9\",\"description\":\"O seu novo amor!\",\"url\":\"https:\\\/\\\/serrafm879.com.br\\\/serrafm\\\/\"},{\"@type\":\"Person\",\"@id\":\"https:\\\/\\\/serrafm879.com.br\\\/serrafm\\\/author\\\/serrafm87\\\/#author\",\"url\":\"https:\\\/\\\/serrafm879.com.br\\\/serrafm\\\/author\\\/serrafm87\\\/\",\"name\":\"serrafm87\",\"image\":{\"@type\":\"ImageObject\",\"@id\":\"https:\\\/\\\/serrafm879.com.br\\\/serrafm\\\/2025\\\/01\\\/ex-prefeito-aponta-nome-de-marcia-como-alternativa-para-amupe\\\/#authorImage\",\"url\":\"https:\\\/\\\/secure.gravatar.com\\\/avatar\\\/a743233f1112d34f48bb3dc9559b76eb930bab8b27175856cba6362608736235?s=96&d=mm&r=g\",\"width\":96,\"height\":96,\"caption\":\"serrafm87\"}},{\"@type\":\"WebPage\",\"@id\":\"https:\\\/\\\/serrafm879.com.br\\\/serrafm\\\/2025\\\/01\\\/ex-prefeito-aponta-nome-de-marcia-como-alternativa-para-amupe\\\/#webpage\",\"url\":\"https:\\\/\\\/serrafm879.com.br\\\/serrafm\\\/2025\\\/01\\\/ex-prefeito-aponta-nome-de-marcia-como-alternativa-para-amupe\\\/\",\"name\":\"Ex-prefeito aponta nome de M\\u00e1rcia como alternativa para Amupe - Serra FM 87,9\",\"description\":\"O ex-prefeito de Carna\\u00edba, Anchieta Patriota, \\u2018apimentou\\u2019 o debate em torno das elei\\u00e7\\u00f5es na Associa\\u00e7\\u00e3o Municipalista de Pernambuco (Amupe). Durante entrevista nessa quarta-feira (15), ao Blog Ponto de Vista, Patriota mostrou insatisfa\\u00e7\\u00e3o com a polariza\\u00e7\\u00e3o e defendeu uma terceira via. At\\u00e9 o momento, o presidente e ex-prefeito de Paudalho, Marcelo Gouveia (Podemos) \\u00e9 candidato \\u00e0\",\"inLanguage\":\"pt-BR\",\"isPartOf\":{\"@id\":\"https:\\\/\\\/serrafm879.com.br\\\/serrafm\\\/#website\"},\"breadcrumb\":{\"@id\":\"https:\\\/\\\/serrafm879.com.br\\\/serrafm\\\/2025\\\/01\\\/ex-prefeito-aponta-nome-de-marcia-como-alternativa-para-amupe\\\/#breadcrumblist\"},\"author\":{\"@id\":\"https:\\\/\\\/serrafm879.com.br\\\/serrafm\\\/author\\\/serrafm87\\\/#author\"},\"creator\":{\"@id\":\"https:\\\/\\\/serrafm879.com.br\\\/serrafm\\\/author\\\/serrafm87\\\/#author\"},\"image\":{\"@type\":\"ImageObject\",\"url\":\"https:\\\/\\\/serrafm879.com.br\\\/serrafm\\\/wp-content\\\/uploads\\\/2025\\\/01\\\/anchieta-patriota-1024x701-1.jpeg\",\"@id\":\"https:\\\/\\\/serrafm879.com.br\\\/serrafm\\\/2025\\\/01\\\/ex-prefeito-aponta-nome-de-marcia-como-alternativa-para-amupe\\\/#mainImage\",\"width\":1024,\"height\":701},\"primaryImageOfPage\":{\"@id\":\"https:\\\/\\\/serrafm879.com.br\\\/serrafm\\\/2025\\\/01\\\/ex-prefeito-aponta-nome-de-marcia-como-alternativa-para-amupe\\\/#mainImage\"},\"datePublished\":\"2025-01-16T11:53:24-03:00\",\"dateModified\":\"2025-01-16T11:53:24-03:00\"},{\"@type\":\"WebSite\",\"@id\":\"https:\\\/\\\/serrafm879.com.br\\\/serrafm\\\/#website\",\"url\":\"https:\\\/\\\/serrafm879.com.br\\\/serrafm\\\/\",\"name\":\"Serra FM 87,9\",\"description\":\"O seu novo amor!\",\"inLanguage\":\"pt-BR\",\"publisher\":{\"@id\":\"https:\\\/\\\/serrafm879.com.br\\\/serrafm\\\/#organization\"}}]}\n\t\t<\/script>\n\t\t<!-- All in One SEO -->\n\n","aioseo_head_json":{"title":"Ex-prefeito aponta nome de M\u00e1rcia como alternativa para Amupe - Serra FM 87,9","description":"O ex-prefeito de Carna\u00edba, Anchieta Patriota, \u2018apimentou\u2019 o debate em torno das elei\u00e7\u00f5es na Associa\u00e7\u00e3o Municipalista de Pernambuco (Amupe). Durante entrevista nessa quarta-feira (15), ao Blog Ponto de Vista, Patriota mostrou insatisfa\u00e7\u00e3o com a polariza\u00e7\u00e3o e defendeu uma terceira via. At\u00e9 o momento, o presidente e ex-prefeito de Paudalho, Marcelo Gouveia (Podemos) \u00e9 candidato \u00e0","canonical_url":"https:\/\/serrafm879.com.br\/serrafm\/2025\/01\/ex-prefeito-aponta-nome-de-marcia-como-alternativa-para-amupe\/","robots":"max-image-preview:large","keywords":"","webmasterTools":{"miscellaneous":""},"schema":{"@context":"https:\/\/schema.org","@graph":[{"@type":"BlogPosting","@id":"https:\/\/serrafm879.com.br\/serrafm\/2025\/01\/ex-prefeito-aponta-nome-de-marcia-como-alternativa-para-amupe\/#blogposting","name":"Ex-prefeito aponta nome de M\u00e1rcia como alternativa para Amupe - Serra FM 87,9","headline":"Ex-prefeito aponta nome de M\u00e1rcia como alternativa para Amupe","author":{"@id":"https:\/\/serrafm879.com.br\/serrafm\/author\/serrafm87\/#author"},"publisher":{"@id":"https:\/\/serrafm879.com.br\/serrafm\/#organization"},"image":{"@type":"ImageObject","url":"https:\/\/serrafm879.com.br\/serrafm\/wp-content\/uploads\/2025\/01\/anchieta-patriota-1024x701-1.jpeg","width":1024,"height":701},"datePublished":"2025-01-16T11:53:24-03:00","dateModified":"2025-01-16T11:53:24-03:00","inLanguage":"pt-BR","mainEntityOfPage":{"@id":"https:\/\/serrafm879.com.br\/serrafm\/2025\/01\/ex-prefeito-aponta-nome-de-marcia-como-alternativa-para-amupe\/#webpage"},"isPartOf":{"@id":"https:\/\/serrafm879.com.br\/serrafm\/2025\/01\/ex-prefeito-aponta-nome-de-marcia-como-alternativa-para-amupe\/#webpage"},"articleSection":"Pol\u00edtica"},{"@type":"BreadcrumbList","@id":"https:\/\/serrafm879.com.br\/serrafm\/2025\/01\/ex-prefeito-aponta-nome-de-marcia-como-alternativa-para-amupe\/#breadcrumblist","itemListElement":[{"@type":"ListItem","@id":"https:\/\/serrafm879.com.br\/serrafm#listItem","position":1,"name":"Home","item":"https:\/\/serrafm879.com.br\/serrafm","nextItem":{"@type":"ListItem","@id":"https:\/\/serrafm879.com.br\/serrafm\/categoria\/politica\/#listItem","name":"Pol\u00edtica"}},{"@type":"ListItem","@id":"https:\/\/serrafm879.com.br\/serrafm\/categoria\/politica\/#listItem","position":2,"name":"Pol\u00edtica","item":"https:\/\/serrafm879.com.br\/serrafm\/categoria\/politica\/","nextItem":{"@type":"ListItem","@id":"https:\/\/serrafm879.com.br\/serrafm\/2025\/01\/ex-prefeito-aponta-nome-de-marcia-como-alternativa-para-amupe\/#listItem","name":"Ex-prefeito aponta nome de M\u00e1rcia como alternativa para Amupe"},"previousItem":{"@type":"ListItem","@id":"https:\/\/serrafm879.com.br\/serrafm#listItem","name":"Home"}},{"@type":"ListItem","@id":"https:\/\/serrafm879.com.br\/serrafm\/2025\/01\/ex-prefeito-aponta-nome-de-marcia-como-alternativa-para-amupe\/#listItem","position":3,"name":"Ex-prefeito aponta nome de M\u00e1rcia como alternativa para Amupe","previousItem":{"@type":"ListItem","@id":"https:\/\/serrafm879.com.br\/serrafm\/categoria\/politica\/#listItem","name":"Pol\u00edtica"}}]},{"@type":"Organization","@id":"https:\/\/serrafm879.com.br\/serrafm\/#organization","name":"Serra FM 87,9","description":"O seu novo amor!","url":"https:\/\/serrafm879.com.br\/serrafm\/"},{"@type":"Person","@id":"https:\/\/serrafm879.com.br\/serrafm\/author\/serrafm87\/#author","url":"https:\/\/serrafm879.com.br\/serrafm\/author\/serrafm87\/","name":"serrafm87","image":{"@type":"ImageObject","@id":"https:\/\/serrafm879.com.br\/serrafm\/2025\/01\/ex-prefeito-aponta-nome-de-marcia-como-alternativa-para-amupe\/#authorImage","url":"https:\/\/secure.gravatar.com\/avatar\/a743233f1112d34f48bb3dc9559b76eb930bab8b27175856cba6362608736235?s=96&d=mm&r=g","width":96,"height":96,"caption":"serrafm87"}},{"@type":"WebPage","@id":"https:\/\/serrafm879.com.br\/serrafm\/2025\/01\/ex-prefeito-aponta-nome-de-marcia-como-alternativa-para-amupe\/#webpage","url":"https:\/\/serrafm879.com.br\/serrafm\/2025\/01\/ex-prefeito-aponta-nome-de-marcia-como-alternativa-para-amupe\/","name":"Ex-prefeito aponta nome de M\u00e1rcia como alternativa para Amupe - Serra FM 87,9","description":"O ex-prefeito de Carna\u00edba, Anchieta Patriota, \u2018apimentou\u2019 o debate em torno das elei\u00e7\u00f5es na Associa\u00e7\u00e3o Municipalista de Pernambuco (Amupe). Durante entrevista nessa quarta-feira (15), ao Blog Ponto de Vista, Patriota mostrou insatisfa\u00e7\u00e3o com a polariza\u00e7\u00e3o e defendeu uma terceira via. At\u00e9 o momento, o presidente e ex-prefeito de Paudalho, Marcelo Gouveia (Podemos) \u00e9 candidato \u00e0","inLanguage":"pt-BR","isPartOf":{"@id":"https:\/\/serrafm879.com.br\/serrafm\/#website"},"breadcrumb":{"@id":"https:\/\/serrafm879.com.br\/serrafm\/2025\/01\/ex-prefeito-aponta-nome-de-marcia-como-alternativa-para-amupe\/#breadcrumblist"},"author":{"@id":"https:\/\/serrafm879.com.br\/serrafm\/author\/serrafm87\/#author"},"creator":{"@id":"https:\/\/serrafm879.com.br\/serrafm\/author\/serrafm87\/#author"},"image":{"@type":"ImageObject","url":"https:\/\/serrafm879.com.br\/serrafm\/wp-content\/uploads\/2025\/01\/anchieta-patriota-1024x701-1.jpeg","@id":"https:\/\/serrafm879.com.br\/serrafm\/2025\/01\/ex-prefeito-aponta-nome-de-marcia-como-alternativa-para-amupe\/#mainImage","width":1024,"height":701},"primaryImageOfPage":{"@id":"https:\/\/serrafm879.com.br\/serrafm\/2025\/01\/ex-prefeito-aponta-nome-de-marcia-como-alternativa-para-amupe\/#mainImage"},"datePublished":"2025-01-16T11:53:24-03:00","dateModified":"2025-01-16T11:53:24-03:00"},{"@type":"WebSite","@id":"https:\/\/serrafm879.com.br\/serrafm\/#website","url":"https:\/\/serrafm879.com.br\/serrafm\/","name":"Serra FM 87,9","description":"O seu novo amor!","inLanguage":"pt-BR","publisher":{"@id":"https:\/\/serrafm879.com.br\/serrafm\/#organization"}}]},"twitter:card":"summary_large_image","twitter:title":"Ex-prefeito aponta nome de M\u00e1rcia como alternativa para Amupe - Serra FM 87,9","twitter:description":"O ex-prefeito de Carna\u00edba, Anchieta Patriota, \u2018apimentou\u2019 o debate em torno das elei\u00e7\u00f5es na Associa\u00e7\u00e3o Municipalista de Pernambuco (Amupe). Durante entrevista nessa quarta-feira (15), ao Blog Ponto de Vista, Patriota mostrou insatisfa\u00e7\u00e3o com a polariza\u00e7\u00e3o e defendeu uma terceira via. At\u00e9 o momento, o presidente e ex-prefeito de Paudalho, Marcelo Gouveia (Podemos) \u00e9 candidato \u00e0","twitter:image":"https:\/\/serrafm879.com.br\/serrafm\/wp-content\/uploads\/2025\/01\/anchieta-patriota-1024x701-1.jpeg"},"aioseo_meta_data":{"post_id":"19906","title":null,"description":null,"keywords":null,"keyphrases":null,"primary_term":null,"canonical_url":null,"og_title":null,"og_description":null,"og_object_type":"default","og_image_type":"default","og_image_custom_url":null,"og_image_custom_fields":null,"og_image_url":null,"og_image_width":null,"og_image_height":null,"og_video":null,"og_custom_url":null,"og_article_section":null,"og_article_tags":null,"twitter_use_og":false,"twitter_card":"default","twitter_image_type":"default","twitter_image_custom_url":null,"twitter_image_custom_fields":null,"twitter_image_url":null,"twitter_title":null,"twitter_description":null,"schema_type":"default","schema_type_options":null,"schema":{"blockGraphs":[],"customGraphs":[],"default":{"data":{"Article":[],"Course":[],"Dataset":[],"FAQPage":[],"Movie":[],"Person":[],"Product":[],"ProductReview":[],"Car":[],"Recipe":[],"Service":[],"SoftwareApplication":[],"WebPage":[]},"graphName":"","isEnabled":true},"graphs":[]},"pillar_content":false,"robots_default":true,"robots_noindex":false,"robots_noarchive":false,"robots_nosnippet":false,"robots_nofollow":false,"robots_noimageindex":false,"robots_noodp":false,"robots_notranslate":false,"robots_max_snippet":null,"robots_max_videopreview":null,"robots_max_imagepreview":"large","priority":null,"frequency":null,"local_seo":null,"limit_modified_date":false,"ai":null,"breadcrumb_settings":null,"seo_analyzer_scan_date":null,"created":"2026-07-21 13:11:00","updated":"2026-07-21 13:11:00"},"aioseo_breadcrumb":"<div class=\"aioseo-breadcrumbs\"><span class=\"aioseo-breadcrumb\">\n\t\t\t<a href=\"https:\/\/serrafm879.com.br\/serrafm\" title=\"Home\">Home<\/a>\n\t\t<\/span><span class=\"aioseo-breadcrumb-separator\">&raquo;<\/span><span class=\"aioseo-breadcrumb\">\n\t\t\t<a href=\"https:\/\/serrafm879.com.br\/serrafm\/categoria\/politica\/\" title=\"Pol\u00edtica\">Pol\u00edtica<\/a>\n\t\t<\/span><span class=\"aioseo-breadcrumb-separator\">&raquo;<\/span><span class=\"aioseo-breadcrumb\">\n\t\t\tEx-prefeito aponta nome de M\u00e1rcia como alternativa para Amupe\n\t\t<\/span><\/div>","aioseo_breadcrumb_json":[{"label":"Home","link":"https:\/\/serrafm879.com.br\/serrafm"},{"label":"Pol\u00edtica","link":"https:\/\/serrafm879.com.br\/serrafm\/categoria\/politica\/"},{"label":"Ex-prefeito aponta nome de M\u00e1rcia como alternativa para Amupe","link":"https:\/\/serrafm879.com.br\/serrafm\/2025\/01\/ex-prefeito-aponta-nome-de-marcia-como-alternativa-para-amupe\/"}],"jetpack_publicize_connections":[],"jetpack_featured_media_url":"https:\/\/serrafm879.com.br\/serrafm\/wp-content\/uploads\/2025\/01\/anchieta-patriota-1024x701-1.jpeg","jetpack_shortlink":"https:\/\/wp.me\/p7HyXg-5b4","jetpack_sharing_enabled":true,"_links":{"self":[{"href":"https:\/\/serrafm879.com.br\/serrafm\/wp-json\/wp\/v2\/posts\/19906","targetHints":{"allow":["GET"]}}],"collection":[{"href":"https:\/\/serrafm879.com.br\/serrafm\/wp-json\/wp\/v2\/posts"}],"about":[{"href":"https:\/\/serrafm879.com.br\/serrafm\/wp-json\/wp\/v2\/types\/post"}],"author":[{"embeddable":true,"href":"https:\/\/serrafm879.com.br\/serrafm\/wp-json\/wp\/v2\/users\/2"}],"replies":[{"embeddable":true,"href":"https:\/\/serrafm879.com.br\/serrafm\/wp-json\/wp\/v2\/comments?post=19906"}],"version-history":[{"count":1,"href":"https:\/\/serrafm879.com.br\/serrafm\/wp-json\/wp\/v2\/posts\/19906\/revisions"}],"predecessor-version":[{"id":19908,"href":"https:\/\/serrafm879.com.br\/serrafm\/wp-json\/wp\/v2\/posts\/19906\/revisions\/19908"}],"wp:featuredmedia":[{"embeddable":true,"href":"https:\/\/serrafm879.com.br\/serrafm\/wp-json\/wp\/v2\/media\/19907"}],"wp:attachment":[{"href":"https:\/\/serrafm879.com.br\/serrafm\/wp-json\/wp\/v2\/media?parent=19906"}],"wp:term":[{"taxonomy":"category","embeddable":true,"href":"https:\/\/serrafm879.com.br\/serrafm\/wp-json\/wp\/v2\/categories?post=19906"},{"taxonomy":"post_tag","embeddable":true,"href":"https:\/\/serrafm879.com.br\/serrafm\/wp-json\/wp\/v2\/tags?post=19906"}],"curies":[{"name":"wp","href":"https:\/\/api.w.org\/{rel}","templated":true}]}}