{"id":19916,"date":"2025-01-17T12:16:02","date_gmt":"2025-01-17T15:16:02","guid":{"rendered":"https:\/?p=19916"},"modified":"2025-01-17T12:16:02","modified_gmt":"2025-01-17T15:16:02","slug":"homicida-com-mandado-de-prisao-de-mg-e-preso-em-santa-cruz-da-baixa-verde","status":"publish","type":"post","link":"https:\/\/serrafm879.com.br\/serrafm\/2025\/01\/homicida-com-mandado-de-prisao-de-mg-e-preso-em-santa-cruz-da-baixa-verde\/","title":{"rendered":"Homicida com mandado de pris\u00e3o de MG \u00e9 preso em Santa Cruz da Baixa Verde"},"content":{"rendered":"<p>Policiais do 14\u00baBPM\u00a0 prenderam, nesta quinta-feira (16), Geraldo Carlos Diniz da Silva, de 58 anos, que tinha um mandado de pris\u00e3o expedido pela comarca de Santa Vit\u00f3ria, em Minas Gerais.<\/p>\n<p>Ele foi preso em Santa Cruz da Baixa Verde, e o mandado de pris\u00e3o\u00a0 foi expedido em fevereiro do ano passado.<\/p>\n<p>De acordo com a Pol\u00edcia Militar, o homem \u00e9 natural do munic\u00edpio de Triunfo e estava em Santa Cruz da Baixa Verde.<\/p>\n<p>&nbsp;<\/p>\n","protected":false},"excerpt":{"rendered":"<p>Policiais do 14\u00baBPM\u00a0 prenderam, nesta quinta-feira (16), Geraldo Carlos Diniz da Silva, de 58 anos, que tinha um mandado de pris\u00e3o expedido pela comarca de Santa Vit\u00f3ria, em Minas Gerais. Ele foi preso em Santa Cruz da Baixa Verde, e o mandado de pris\u00e3o\u00a0 foi expedido em fevereiro do ano passado. De acordo com a Pol\u00edcia Militar, o homem \u00e9 natural do munic\u00edpio de Triunfo e estava em Santa Cruz da Baixa Verde. &nbsp;<\/p>\n","protected":false},"author":2,"featured_media":15383,"comment_status":"open","ping_status":"open","sticky":false,"template":"","format":"standard","meta":{"_jetpack_newsletter_access":"","_jetpack_dont_email_post_to_subs":false,"_jetpack_newsletter_tier_id":0,"_jetpack_memberships_contains_paywalled_content":false,"_jetpack_feature_clip_id":0,"_jetpack_memberships_contains_paid_content":false,"footnotes":"","jetpack_publicize_message":"","jetpack_publicize_feature_enabled":true,"jetpack_social_post_already_shared":true,"jetpack_social_options":{"image_generator_settings":{"template":"highway","default_image_id":0,"font":"","enabled":false},"version":2},"jetpack_post_was_ever_published":false},"categories":[151],"tags":[],"class_list":["post-19916","post","type-post","status-publish","format-standard","has-post-thumbnail","hentry","category-policia"],"aioseo_notices":[],"aioseo_head":"\n\t\t<!-- All in One SEO 4.9.10 - aioseo.com -->\n\t<meta name=\"description\" content=\"Policiais do 14\u00baBPM prenderam, nesta quinta-feira (16), Geraldo Carlos Diniz da Silva, de 58 anos, que tinha um mandado de pris\u00e3o expedido pela comarca de Santa Vit\u00f3ria, em Minas Gerais. Ele foi preso em Santa Cruz da Baixa Verde, e o mandado de pris\u00e3o foi expedido em fevereiro do ano passado. De acordo com a\" \/>\n\t<meta name=\"robots\" content=\"max-image-preview:large\" \/>\n\t<meta name=\"author\" content=\"serrafm87\"\/>\n\t<link rel=\"canonical\" href=\"https:\/\/serrafm879.com.br\/serrafm\/2025\/01\/homicida-com-mandado-de-prisao-de-mg-e-preso-em-santa-cruz-da-baixa-verde\/\" \/>\n\t<meta name=\"generator\" content=\"All in One SEO (AIOSEO) 4.9.10\" \/>\n\t\t<meta name=\"twitter:card\" content=\"summary_large_image\" \/>\n\t\t<meta name=\"twitter:title\" content=\"Homicida com mandado de pris\u00e3o de MG \u00e9 preso em Santa Cruz da Baixa Verde - Serra FM 87,9\" \/>\n\t\t<meta name=\"twitter:description\" content=\"Policiais do 14\u00baBPM prenderam, nesta quinta-feira (16), Geraldo Carlos Diniz da Silva, de 58 anos, que tinha um mandado de pris\u00e3o expedido pela comarca de Santa Vit\u00f3ria, em Minas Gerais. Ele foi preso em Santa Cruz da Baixa Verde, e o mandado de pris\u00e3o foi expedido em fevereiro do ano passado. De acordo com a\" \/>\n\t\t<meta name=\"twitter:image\" content=\"https:\/\/serrafm879.com.br\/serrafm\/wp-content\/uploads\/2024\/01\/mulher-algemada-42657375-300x199-1.jpg\" \/>\n\t\t<script type=\"application\/ld+json\" class=\"aioseo-schema\">\n\t\t\t{\"@context\":\"https:\\\/\\\/schema.org\",\"@graph\":[{\"@type\":\"BlogPosting\",\"@id\":\"https:\\\/\\\/serrafm879.com.br\\\/serrafm\\\/2025\\\/01\\\/homicida-com-mandado-de-prisao-de-mg-e-preso-em-santa-cruz-da-baixa-verde\\\/#blogposting\",\"name\":\"Homicida com mandado de pris\\u00e3o de MG \\u00e9 preso em Santa Cruz da Baixa Verde - Serra FM 87,9\",\"headline\":\"Homicida com mandado de pris\\u00e3o de MG \\u00e9 preso em Santa Cruz da Baixa Verde\",\"author\":{\"@id\":\"https:\\\/\\\/serrafm879.com.br\\\/serrafm\\\/author\\\/serrafm87\\\/#author\"},\"publisher\":{\"@id\":\"https:\\\/\\\/serrafm879.com.br\\\/serrafm\\\/#organization\"},\"image\":{\"@type\":\"ImageObject\",\"url\":\"https:\\\/\\\/serrafm879.com.br\\\/serrafm\\\/wp-content\\\/uploads\\\/2024\\\/01\\\/mulher-algemada-42657375-300x199-1.jpg\",\"width\":300,\"height\":199},\"datePublished\":\"2025-01-17T12:16:02-03:00\",\"dateModified\":\"2025-01-17T12:16:02-03:00\",\"inLanguage\":\"pt-BR\",\"mainEntityOfPage\":{\"@id\":\"https:\\\/\\\/serrafm879.com.br\\\/serrafm\\\/2025\\\/01\\\/homicida-com-mandado-de-prisao-de-mg-e-preso-em-santa-cruz-da-baixa-verde\\\/#webpage\"},\"isPartOf\":{\"@id\":\"https:\\\/\\\/serrafm879.com.br\\\/serrafm\\\/2025\\\/01\\\/homicida-com-mandado-de-prisao-de-mg-e-preso-em-santa-cruz-da-baixa-verde\\\/#webpage\"},\"articleSection\":\"Pol\\u00edcia\"},{\"@type\":\"BreadcrumbList\",\"@id\":\"https:\\\/\\\/serrafm879.com.br\\\/serrafm\\\/2025\\\/01\\\/homicida-com-mandado-de-prisao-de-mg-e-preso-em-santa-cruz-da-baixa-verde\\\/#breadcrumblist\",\"itemListElement\":[{\"@type\":\"ListItem\",\"@id\":\"https:\\\/\\\/serrafm879.com.br\\\/serrafm#listItem\",\"position\":1,\"name\":\"Home\",\"item\":\"https:\\\/\\\/serrafm879.com.br\\\/serrafm\",\"nextItem\":{\"@type\":\"ListItem\",\"@id\":\"https:\\\/\\\/serrafm879.com.br\\\/serrafm\\\/categoria\\\/policia\\\/#listItem\",\"name\":\"Pol\\u00edcia\"}},{\"@type\":\"ListItem\",\"@id\":\"https:\\\/\\\/serrafm879.com.br\\\/serrafm\\\/categoria\\\/policia\\\/#listItem\",\"position\":2,\"name\":\"Pol\\u00edcia\",\"item\":\"https:\\\/\\\/serrafm879.com.br\\\/serrafm\\\/categoria\\\/policia\\\/\",\"nextItem\":{\"@type\":\"ListItem\",\"@id\":\"https:\\\/\\\/serrafm879.com.br\\\/serrafm\\\/2025\\\/01\\\/homicida-com-mandado-de-prisao-de-mg-e-preso-em-santa-cruz-da-baixa-verde\\\/#listItem\",\"name\":\"Homicida com mandado de pris\\u00e3o de MG \\u00e9 preso em Santa Cruz da Baixa Verde\"},\"previousItem\":{\"@type\":\"ListItem\",\"@id\":\"https:\\\/\\\/serrafm879.com.br\\\/serrafm#listItem\",\"name\":\"Home\"}},{\"@type\":\"ListItem\",\"@id\":\"https:\\\/\\\/serrafm879.com.br\\\/serrafm\\\/2025\\\/01\\\/homicida-com-mandado-de-prisao-de-mg-e-preso-em-santa-cruz-da-baixa-verde\\\/#listItem\",\"position\":3,\"name\":\"Homicida com mandado de pris\\u00e3o de MG \\u00e9 preso em Santa Cruz da Baixa Verde\",\"previousItem\":{\"@type\":\"ListItem\",\"@id\":\"https:\\\/\\\/serrafm879.com.br\\\/serrafm\\\/categoria\\\/policia\\\/#listItem\",\"name\":\"Pol\\u00edcia\"}}]},{\"@type\":\"Organization\",\"@id\":\"https:\\\/\\\/serrafm879.com.br\\\/serrafm\\\/#organization\",\"name\":\"Serra FM 87,9\",\"description\":\"O seu novo amor!\",\"url\":\"https:\\\/\\\/serrafm879.com.br\\\/serrafm\\\/\"},{\"@type\":\"Person\",\"@id\":\"https:\\\/\\\/serrafm879.com.br\\\/serrafm\\\/author\\\/serrafm87\\\/#author\",\"url\":\"https:\\\/\\\/serrafm879.com.br\\\/serrafm\\\/author\\\/serrafm87\\\/\",\"name\":\"serrafm87\",\"image\":{\"@type\":\"ImageObject\",\"@id\":\"https:\\\/\\\/serrafm879.com.br\\\/serrafm\\\/2025\\\/01\\\/homicida-com-mandado-de-prisao-de-mg-e-preso-em-santa-cruz-da-baixa-verde\\\/#authorImage\",\"url\":\"https:\\\/\\\/secure.gravatar.com\\\/avatar\\\/a743233f1112d34f48bb3dc9559b76eb930bab8b27175856cba6362608736235?s=96&d=mm&r=g\",\"width\":96,\"height\":96,\"caption\":\"serrafm87\"}},{\"@type\":\"WebPage\",\"@id\":\"https:\\\/\\\/serrafm879.com.br\\\/serrafm\\\/2025\\\/01\\\/homicida-com-mandado-de-prisao-de-mg-e-preso-em-santa-cruz-da-baixa-verde\\\/#webpage\",\"url\":\"https:\\\/\\\/serrafm879.com.br\\\/serrafm\\\/2025\\\/01\\\/homicida-com-mandado-de-prisao-de-mg-e-preso-em-santa-cruz-da-baixa-verde\\\/\",\"name\":\"Homicida com mandado de pris\\u00e3o de MG \\u00e9 preso em Santa Cruz da Baixa Verde - Serra FM 87,9\",\"description\":\"Policiais do 14\\u00baBPM prenderam, nesta quinta-feira (16), Geraldo Carlos Diniz da Silva, de 58 anos, que tinha um mandado de pris\\u00e3o expedido pela comarca de Santa Vit\\u00f3ria, em Minas Gerais. Ele foi preso em Santa Cruz da Baixa Verde, e o mandado de pris\\u00e3o foi expedido em fevereiro do ano passado. De acordo com a\",\"inLanguage\":\"pt-BR\",\"isPartOf\":{\"@id\":\"https:\\\/\\\/serrafm879.com.br\\\/serrafm\\\/#website\"},\"breadcrumb\":{\"@id\":\"https:\\\/\\\/serrafm879.com.br\\\/serrafm\\\/2025\\\/01\\\/homicida-com-mandado-de-prisao-de-mg-e-preso-em-santa-cruz-da-baixa-verde\\\/#breadcrumblist\"},\"author\":{\"@id\":\"https:\\\/\\\/serrafm879.com.br\\\/serrafm\\\/author\\\/serrafm87\\\/#author\"},\"creator\":{\"@id\":\"https:\\\/\\\/serrafm879.com.br\\\/serrafm\\\/author\\\/serrafm87\\\/#author\"},\"image\":{\"@type\":\"ImageObject\",\"url\":\"https:\\\/\\\/serrafm879.com.br\\\/serrafm\\\/wp-content\\\/uploads\\\/2024\\\/01\\\/mulher-algemada-42657375-300x199-1.jpg\",\"@id\":\"https:\\\/\\\/serrafm879.com.br\\\/serrafm\\\/2025\\\/01\\\/homicida-com-mandado-de-prisao-de-mg-e-preso-em-santa-cruz-da-baixa-verde\\\/#mainImage\",\"width\":300,\"height\":199},\"primaryImageOfPage\":{\"@id\":\"https:\\\/\\\/serrafm879.com.br\\\/serrafm\\\/2025\\\/01\\\/homicida-com-mandado-de-prisao-de-mg-e-preso-em-santa-cruz-da-baixa-verde\\\/#mainImage\"},\"datePublished\":\"2025-01-17T12:16:02-03:00\",\"dateModified\":\"2025-01-17T12:16:02-03:00\"},{\"@type\":\"WebSite\",\"@id\":\"https:\\\/\\\/serrafm879.com.br\\\/serrafm\\\/#website\",\"url\":\"https:\\\/\\\/serrafm879.com.br\\\/serrafm\\\/\",\"name\":\"Serra FM 87,9\",\"description\":\"O seu novo amor!\",\"inLanguage\":\"pt-BR\",\"publisher\":{\"@id\":\"https:\\\/\\\/serrafm879.com.br\\\/serrafm\\\/#organization\"}}]}\n\t\t<\/script>\n\t\t<!-- All in One SEO -->\n\n","aioseo_head_json":{"title":"Homicida com mandado de pris\u00e3o de MG \u00e9 preso em Santa Cruz da Baixa Verde - Serra FM 87,9","description":"Policiais do 14\u00baBPM prenderam, nesta quinta-feira (16), Geraldo Carlos Diniz da Silva, de 58 anos, que tinha um mandado de pris\u00e3o expedido pela comarca de Santa Vit\u00f3ria, em Minas Gerais. Ele foi preso em Santa Cruz da Baixa Verde, e o mandado de pris\u00e3o foi expedido em fevereiro do ano passado. De acordo com a","canonical_url":"https:\/\/serrafm879.com.br\/serrafm\/2025\/01\/homicida-com-mandado-de-prisao-de-mg-e-preso-em-santa-cruz-da-baixa-verde\/","robots":"max-image-preview:large","keywords":"","webmasterTools":{"miscellaneous":""},"schema":{"@context":"https:\/\/schema.org","@graph":[{"@type":"BlogPosting","@id":"https:\/\/serrafm879.com.br\/serrafm\/2025\/01\/homicida-com-mandado-de-prisao-de-mg-e-preso-em-santa-cruz-da-baixa-verde\/#blogposting","name":"Homicida com mandado de pris\u00e3o de MG \u00e9 preso em Santa Cruz da Baixa Verde - Serra FM 87,9","headline":"Homicida com mandado de pris\u00e3o de MG \u00e9 preso em Santa Cruz da Baixa Verde","author":{"@id":"https:\/\/serrafm879.com.br\/serrafm\/author\/serrafm87\/#author"},"publisher":{"@id":"https:\/\/serrafm879.com.br\/serrafm\/#organization"},"image":{"@type":"ImageObject","url":"https:\/\/serrafm879.com.br\/serrafm\/wp-content\/uploads\/2024\/01\/mulher-algemada-42657375-300x199-1.jpg","width":300,"height":199},"datePublished":"2025-01-17T12:16:02-03:00","dateModified":"2025-01-17T12:16:02-03:00","inLanguage":"pt-BR","mainEntityOfPage":{"@id":"https:\/\/serrafm879.com.br\/serrafm\/2025\/01\/homicida-com-mandado-de-prisao-de-mg-e-preso-em-santa-cruz-da-baixa-verde\/#webpage"},"isPartOf":{"@id":"https:\/\/serrafm879.com.br\/serrafm\/2025\/01\/homicida-com-mandado-de-prisao-de-mg-e-preso-em-santa-cruz-da-baixa-verde\/#webpage"},"articleSection":"Pol\u00edcia"},{"@type":"BreadcrumbList","@id":"https:\/\/serrafm879.com.br\/serrafm\/2025\/01\/homicida-com-mandado-de-prisao-de-mg-e-preso-em-santa-cruz-da-baixa-verde\/#breadcrumblist","itemListElement":[{"@type":"ListItem","@id":"https:\/\/serrafm879.com.br\/serrafm#listItem","position":1,"name":"Home","item":"https:\/\/serrafm879.com.br\/serrafm","nextItem":{"@type":"ListItem","@id":"https:\/\/serrafm879.com.br\/serrafm\/categoria\/policia\/#listItem","name":"Pol\u00edcia"}},{"@type":"ListItem","@id":"https:\/\/serrafm879.com.br\/serrafm\/categoria\/policia\/#listItem","position":2,"name":"Pol\u00edcia","item":"https:\/\/serrafm879.com.br\/serrafm\/categoria\/policia\/","nextItem":{"@type":"ListItem","@id":"https:\/\/serrafm879.com.br\/serrafm\/2025\/01\/homicida-com-mandado-de-prisao-de-mg-e-preso-em-santa-cruz-da-baixa-verde\/#listItem","name":"Homicida com mandado de pris\u00e3o de MG \u00e9 preso em Santa Cruz da Baixa Verde"},"previousItem":{"@type":"ListItem","@id":"https:\/\/serrafm879.com.br\/serrafm#listItem","name":"Home"}},{"@type":"ListItem","@id":"https:\/\/serrafm879.com.br\/serrafm\/2025\/01\/homicida-com-mandado-de-prisao-de-mg-e-preso-em-santa-cruz-da-baixa-verde\/#listItem","position":3,"name":"Homicida com mandado de pris\u00e3o de MG \u00e9 preso em Santa Cruz da Baixa Verde","previousItem":{"@type":"ListItem","@id":"https:\/\/serrafm879.com.br\/serrafm\/categoria\/policia\/#listItem","name":"Pol\u00edcia"}}]},{"@type":"Organization","@id":"https:\/\/serrafm879.com.br\/serrafm\/#organization","name":"Serra FM 87,9","description":"O seu novo amor!","url":"https:\/\/serrafm879.com.br\/serrafm\/"},{"@type":"Person","@id":"https:\/\/serrafm879.com.br\/serrafm\/author\/serrafm87\/#author","url":"https:\/\/serrafm879.com.br\/serrafm\/author\/serrafm87\/","name":"serrafm87","image":{"@type":"ImageObject","@id":"https:\/\/serrafm879.com.br\/serrafm\/2025\/01\/homicida-com-mandado-de-prisao-de-mg-e-preso-em-santa-cruz-da-baixa-verde\/#authorImage","url":"https:\/\/secure.gravatar.com\/avatar\/a743233f1112d34f48bb3dc9559b76eb930bab8b27175856cba6362608736235?s=96&d=mm&r=g","width":96,"height":96,"caption":"serrafm87"}},{"@type":"WebPage","@id":"https:\/\/serrafm879.com.br\/serrafm\/2025\/01\/homicida-com-mandado-de-prisao-de-mg-e-preso-em-santa-cruz-da-baixa-verde\/#webpage","url":"https:\/\/serrafm879.com.br\/serrafm\/2025\/01\/homicida-com-mandado-de-prisao-de-mg-e-preso-em-santa-cruz-da-baixa-verde\/","name":"Homicida com mandado de pris\u00e3o de MG \u00e9 preso em Santa Cruz da Baixa Verde - Serra FM 87,9","description":"Policiais do 14\u00baBPM prenderam, nesta quinta-feira (16), Geraldo Carlos Diniz da Silva, de 58 anos, que tinha um mandado de pris\u00e3o expedido pela comarca de Santa Vit\u00f3ria, em Minas Gerais. Ele foi preso em Santa Cruz da Baixa Verde, e o mandado de pris\u00e3o foi expedido em fevereiro do ano passado. De acordo com a","inLanguage":"pt-BR","isPartOf":{"@id":"https:\/\/serrafm879.com.br\/serrafm\/#website"},"breadcrumb":{"@id":"https:\/\/serrafm879.com.br\/serrafm\/2025\/01\/homicida-com-mandado-de-prisao-de-mg-e-preso-em-santa-cruz-da-baixa-verde\/#breadcrumblist"},"author":{"@id":"https:\/\/serrafm879.com.br\/serrafm\/author\/serrafm87\/#author"},"creator":{"@id":"https:\/\/serrafm879.com.br\/serrafm\/author\/serrafm87\/#author"},"image":{"@type":"ImageObject","url":"https:\/\/serrafm879.com.br\/serrafm\/wp-content\/uploads\/2024\/01\/mulher-algemada-42657375-300x199-1.jpg","@id":"https:\/\/serrafm879.com.br\/serrafm\/2025\/01\/homicida-com-mandado-de-prisao-de-mg-e-preso-em-santa-cruz-da-baixa-verde\/#mainImage","width":300,"height":199},"primaryImageOfPage":{"@id":"https:\/\/serrafm879.com.br\/serrafm\/2025\/01\/homicida-com-mandado-de-prisao-de-mg-e-preso-em-santa-cruz-da-baixa-verde\/#mainImage"},"datePublished":"2025-01-17T12:16:02-03:00","dateModified":"2025-01-17T12:16:02-03:00"},{"@type":"WebSite","@id":"https:\/\/serrafm879.com.br\/serrafm\/#website","url":"https:\/\/serrafm879.com.br\/serrafm\/","name":"Serra FM 87,9","description":"O seu novo amor!","inLanguage":"pt-BR","publisher":{"@id":"https:\/\/serrafm879.com.br\/serrafm\/#organization"}}]},"twitter:card":"summary_large_image","twitter:title":"Homicida com mandado de pris\u00e3o de MG \u00e9 preso em Santa Cruz da Baixa Verde - Serra FM 87,9","twitter:description":"Policiais do 14\u00baBPM prenderam, nesta quinta-feira (16), Geraldo Carlos Diniz da Silva, de 58 anos, que tinha um mandado de pris\u00e3o expedido pela comarca de Santa Vit\u00f3ria, em Minas Gerais. Ele foi preso em Santa Cruz da Baixa Verde, e o mandado de pris\u00e3o foi expedido em fevereiro do ano passado. De acordo com a","twitter:image":"https:\/\/serrafm879.com.br\/serrafm\/wp-content\/uploads\/2024\/01\/mulher-algemada-42657375-300x199-1.jpg"},"aioseo_meta_data":{"post_id":"19916","title":null,"description":null,"keywords":null,"keyphrases":null,"primary_term":null,"canonical_url":null,"og_title":null,"og_description":null,"og_object_type":"default","og_image_type":"default","og_image_custom_url":null,"og_image_custom_fields":null,"og_image_url":null,"og_image_width":null,"og_image_height":null,"og_video":null,"og_custom_url":null,"og_article_section":null,"og_article_tags":null,"twitter_use_og":false,"twitter_card":"default","twitter_image_type":"default","twitter_image_custom_url":null,"twitter_image_custom_fields":null,"twitter_image_url":null,"twitter_title":null,"twitter_description":null,"schema_type":"default","schema_type_options":null,"schema":{"blockGraphs":[],"customGraphs":[],"default":{"data":{"Article":[],"Course":[],"Dataset":[],"FAQPage":[],"Movie":[],"Person":[],"Product":[],"ProductReview":[],"Car":[],"Recipe":[],"Service":[],"SoftwareApplication":[],"WebPage":[]},"graphName":"","isEnabled":true},"graphs":[]},"pillar_content":false,"robots_default":true,"robots_noindex":false,"robots_noarchive":false,"robots_nosnippet":false,"robots_nofollow":false,"robots_noimageindex":false,"robots_noodp":false,"robots_notranslate":false,"robots_max_snippet":null,"robots_max_videopreview":null,"robots_max_imagepreview":"large","priority":null,"frequency":null,"local_seo":null,"limit_modified_date":false,"ai":null,"breadcrumb_settings":null,"seo_analyzer_scan_date":null,"created":"2026-07-21 13:12:23","updated":"2026-07-21 13:12:23"},"aioseo_breadcrumb":"<div class=\"aioseo-breadcrumbs\"><span class=\"aioseo-breadcrumb\">\n\t\t\t<a href=\"https:\/\/serrafm879.com.br\/serrafm\" title=\"Home\">Home<\/a>\n\t\t<\/span><span class=\"aioseo-breadcrumb-separator\">&raquo;<\/span><span class=\"aioseo-breadcrumb\">\n\t\t\t<a href=\"https:\/\/serrafm879.com.br\/serrafm\/categoria\/policia\/\" title=\"Pol\u00edcia\">Pol\u00edcia<\/a>\n\t\t<\/span><span class=\"aioseo-breadcrumb-separator\">&raquo;<\/span><span class=\"aioseo-breadcrumb\">\n\t\t\tHomicida com mandado de pris\u00e3o de MG \u00e9 preso em Santa Cruz da Baixa Verde\n\t\t<\/span><\/div>","aioseo_breadcrumb_json":[{"label":"Home","link":"https:\/\/serrafm879.com.br\/serrafm"},{"label":"Pol\u00edcia","link":"https:\/\/serrafm879.com.br\/serrafm\/categoria\/policia\/"},{"label":"Homicida com mandado de pris\u00e3o de MG \u00e9 preso em Santa Cruz da Baixa Verde","link":"https:\/\/serrafm879.com.br\/serrafm\/2025\/01\/homicida-com-mandado-de-prisao-de-mg-e-preso-em-santa-cruz-da-baixa-verde\/"}],"jetpack_publicize_connections":[],"jetpack_featured_media_url":"https:\/\/serrafm879.com.br\/serrafm\/wp-content\/uploads\/2024\/01\/mulher-algemada-42657375-300x199-1.jpg","jetpack_shortlink":"https:\/\/wp.me\/p7HyXg-5be","jetpack_sharing_enabled":true,"_links":{"self":[{"href":"https:\/\/serrafm879.com.br\/serrafm\/wp-json\/wp\/v2\/posts\/19916","targetHints":{"allow":["GET"]}}],"collection":[{"href":"https:\/\/serrafm879.com.br\/serrafm\/wp-json\/wp\/v2\/posts"}],"about":[{"href":"https:\/\/serrafm879.com.br\/serrafm\/wp-json\/wp\/v2\/types\/post"}],"author":[{"embeddable":true,"href":"https:\/\/serrafm879.com.br\/serrafm\/wp-json\/wp\/v2\/users\/2"}],"replies":[{"embeddable":true,"href":"https:\/\/serrafm879.com.br\/serrafm\/wp-json\/wp\/v2\/comments?post=19916"}],"version-history":[{"count":2,"href":"https:\/\/serrafm879.com.br\/serrafm\/wp-json\/wp\/v2\/posts\/19916\/revisions"}],"predecessor-version":[{"id":19927,"href":"https:\/\/serrafm879.com.br\/serrafm\/wp-json\/wp\/v2\/posts\/19916\/revisions\/19927"}],"wp:featuredmedia":[{"embeddable":true,"href":"https:\/\/serrafm879.com.br\/serrafm\/wp-json\/wp\/v2\/media\/15383"}],"wp:attachment":[{"href":"https:\/\/serrafm879.com.br\/serrafm\/wp-json\/wp\/v2\/media?parent=19916"}],"wp:term":[{"taxonomy":"category","embeddable":true,"href":"https:\/\/serrafm879.com.br\/serrafm\/wp-json\/wp\/v2\/categories?post=19916"},{"taxonomy":"post_tag","embeddable":true,"href":"https:\/\/serrafm879.com.br\/serrafm\/wp-json\/wp\/v2\/tags?post=19916"}],"curies":[{"name":"wp","href":"https:\/\/api.w.org\/{rel}","templated":true}]}}