{"id":19921,"date":"2025-01-17T11:55:59","date_gmt":"2025-01-17T14:55:59","guid":{"rendered":"https:\/?p=19921"},"modified":"2025-01-17T11:55:59","modified_gmt":"2025-01-17T14:55:59","slug":"vigilancia-sanitaria-abre-investigacao-sobre-intoxicacao-no-vanete-almeida","status":"publish","type":"post","link":"https:\/\/serrafm879.com.br\/serrafm\/2025\/01\/vigilancia-sanitaria-abre-investigacao-sobre-intoxicacao-no-vanete-almeida\/","title":{"rendered":"Vigil\u00e2ncia Sanit\u00e1ria abre investiga\u00e7\u00e3o sobre intoxica\u00e7\u00e3o no Vanete Almeida"},"content":{"rendered":"<p>Ap\u00f3s o caso de suspeita de intoxica\u00e7\u00e3o alimentar que afetou parte dos trabalhadores da Telesil Engenharia, empresa respons\u00e1vel pela constru\u00e7\u00e3o do conjunto habitacional Vanete Almeida, em\u00a0<a href=\"https:\/\/faroldenoticias.com.br\/categoria\/serra-talhada\/\">Serra Talhada<\/a>, a reportagem do\u00a0 site <strong>Farol de Not\u00edcias<\/strong> entrou em contato com a Vigil\u00e2ncia Sanit\u00e1ria do munic\u00edpio.<\/p>\n<p>De acordo com a nota emitida por Joel Rita, coordenador da Vigil\u00e2ncia Sanit\u00e1ria e enviada atrav\u00e9s da Secretaria de Comunica\u00e7\u00e3o de Serra Talhada, o \u00f3rg\u00e3o j\u00e1 tomou as provid\u00eancias desde quando tomou conhecimento do ocorrido.<\/p>\n<p>Al\u00e9m disso, a vigil\u00e2ncia compareceu ao Hospam e tamb\u00e9m no refeit\u00f3rio utilizado pelos trabalhadores, localizado no Residencial Vanete Almeida, para melhor compreender a situa\u00e7\u00e3o.<\/p>\n<p>A vigil\u00e2ncia afirma ainda que foi realizada uma coleta de material no local e encaminhado para o LACEN, para ser realizada a an\u00e1lise em car\u00e1ter de urg\u00eancia.<\/p>\n<p>A entidade acredita que o resultado possa esclarecer o que de fato provocou o surto.<\/p>\n<figure id=\"attachment_638122\" class=\"wp-caption aligncenter\" aria-describedby=\"caption-attachment-638122\"><\/figure>\n<p>\u201cA Vigil\u00e2ncia Sanit\u00e1ria do munic\u00edpio, t\u00e3o logo ficou sabendo do incidente, se dirigiu ao Hospam para entender o caso. Bem como, tamb\u00e9m se dirigiu ao refeit\u00f3rio no Residencial Vanete Almeida. A vigil\u00e2ncia ap\u00f3s coleta de material, o encaminhou para o LACEN, com pedido de urg\u00eancia na An\u00e1lise, afim de ter o mais breve o resultado para esclarecer o que teria provocado o surto\u201d, afirmou a Vigil\u00e2ncia Sanit\u00e1ria por meio de nota.<\/p>\n<p>Do Farol de Not\u00edciais<\/p>\n","protected":false},"excerpt":{"rendered":"<p>Ap\u00f3s o caso de suspeita de intoxica\u00e7\u00e3o alimentar que afetou parte dos trabalhadores da Telesil Engenharia, empresa respons\u00e1vel pela constru\u00e7\u00e3o do conjunto habitacional Vanete Almeida, em\u00a0Serra Talhada, a reportagem do\u00a0 site Farol de Not\u00edcias entrou em contato com a Vigil\u00e2ncia Sanit\u00e1ria do munic\u00edpio. De acordo com a nota emitida por Joel Rita, coordenador da Vigil\u00e2ncia Sanit\u00e1ria e enviada atrav\u00e9s da Secretaria de Comunica\u00e7\u00e3o de Serra Talhada, o \u00f3rg\u00e3o j\u00e1 tomou as provid\u00eancias desde quando tomou conhecimento do ocorrido. Al\u00e9m disso, a vigil\u00e2ncia compareceu ao Hospam e tamb\u00e9m no refeit\u00f3rio utilizado pelos trabalhadores, localizado no Residencial Vanete Almeida, para melhor compreender [&hellip;]<\/p>\n","protected":false},"author":2,"featured_media":19922,"comment_status":"open","ping_status":"open","sticky":false,"template":"","format":"standard","meta":{"_jetpack_newsletter_access":"","_jetpack_dont_email_post_to_subs":false,"_jetpack_newsletter_tier_id":0,"_jetpack_memberships_contains_paywalled_content":false,"_jetpack_feature_clip_id":0,"_jetpack_memberships_contains_paid_content":false,"footnotes":"","jetpack_publicize_message":"","jetpack_publicize_feature_enabled":true,"jetpack_social_post_already_shared":true,"jetpack_social_options":{"image_generator_settings":{"template":"highway","default_image_id":0,"font":"","enabled":false},"version":2},"jetpack_post_was_ever_published":false},"categories":[1],"tags":[],"class_list":["post-19921","post","type-post","status-publish","format-standard","has-post-thumbnail","hentry","category-uncategorized"],"aioseo_notices":[],"aioseo_head":"\n\t\t<!-- All in One SEO 4.9.10 - aioseo.com -->\n\t<meta name=\"description\" content=\"Ap\u00f3s o caso de suspeita de intoxica\u00e7\u00e3o alimentar que afetou parte dos trabalhadores da Telesil Engenharia, empresa respons\u00e1vel pela constru\u00e7\u00e3o do conjunto habitacional Vanete Almeida, em Serra Talhada, a reportagem do site Farol de Not\u00edcias entrou em contato com a Vigil\u00e2ncia Sanit\u00e1ria do munic\u00edpio. De acordo com a nota emitida por Joel Rita, coordenador da Vigil\u00e2ncia\" \/>\n\t<meta name=\"robots\" content=\"max-image-preview:large\" \/>\n\t<meta name=\"author\" content=\"serrafm87\"\/>\n\t<link rel=\"canonical\" href=\"https:\/\/serrafm879.com.br\/serrafm\/2025\/01\/vigilancia-sanitaria-abre-investigacao-sobre-intoxicacao-no-vanete-almeida\/\" \/>\n\t<meta name=\"generator\" content=\"All in One SEO (AIOSEO) 4.9.10\" \/>\n\t\t<meta name=\"twitter:card\" content=\"summary_large_image\" \/>\n\t\t<meta name=\"twitter:title\" content=\"Vigil\u00e2ncia Sanit\u00e1ria abre investiga\u00e7\u00e3o sobre intoxica\u00e7\u00e3o no Vanete Almeida - Serra FM 87,9\" \/>\n\t\t<meta name=\"twitter:description\" content=\"Ap\u00f3s o caso de suspeita de intoxica\u00e7\u00e3o alimentar que afetou parte dos trabalhadores da Telesil Engenharia, empresa respons\u00e1vel pela constru\u00e7\u00e3o do conjunto habitacional Vanete Almeida, em Serra Talhada, a reportagem do site Farol de Not\u00edcias entrou em contato com a Vigil\u00e2ncia Sanit\u00e1ria do munic\u00edpio. De acordo com a nota emitida por Joel Rita, coordenador da Vigil\u00e2ncia\" \/>\n\t\t<meta name=\"twitter:image\" content=\"https:\/\/serrafm879.com.br\/serrafm\/wp-content\/uploads\/2025\/01\/Captura-de-tela-2025-01-17-115505.png\" \/>\n\t\t<script type=\"application\/ld+json\" class=\"aioseo-schema\">\n\t\t\t{\"@context\":\"https:\\\/\\\/schema.org\",\"@graph\":[{\"@type\":\"BlogPosting\",\"@id\":\"https:\\\/\\\/serrafm879.com.br\\\/serrafm\\\/2025\\\/01\\\/vigilancia-sanitaria-abre-investigacao-sobre-intoxicacao-no-vanete-almeida\\\/#blogposting\",\"name\":\"Vigil\\u00e2ncia Sanit\\u00e1ria abre investiga\\u00e7\\u00e3o sobre intoxica\\u00e7\\u00e3o no Vanete Almeida - Serra FM 87,9\",\"headline\":\"Vigil\\u00e2ncia Sanit\\u00e1ria abre investiga\\u00e7\\u00e3o sobre intoxica\\u00e7\\u00e3o no Vanete Almeida\",\"author\":{\"@id\":\"https:\\\/\\\/serrafm879.com.br\\\/serrafm\\\/author\\\/serrafm87\\\/#author\"},\"publisher\":{\"@id\":\"https:\\\/\\\/serrafm879.com.br\\\/serrafm\\\/#organization\"},\"image\":{\"@type\":\"ImageObject\",\"url\":\"https:\\\/\\\/serrafm879.com.br\\\/serrafm\\\/wp-content\\\/uploads\\\/2025\\\/01\\\/Captura-de-tela-2025-01-17-115505.png\",\"width\":485,\"height\":438},\"datePublished\":\"2025-01-17T11:55:59-03:00\",\"dateModified\":\"2025-01-17T11:55:59-03:00\",\"inLanguage\":\"pt-BR\",\"mainEntityOfPage\":{\"@id\":\"https:\\\/\\\/serrafm879.com.br\\\/serrafm\\\/2025\\\/01\\\/vigilancia-sanitaria-abre-investigacao-sobre-intoxicacao-no-vanete-almeida\\\/#webpage\"},\"isPartOf\":{\"@id\":\"https:\\\/\\\/serrafm879.com.br\\\/serrafm\\\/2025\\\/01\\\/vigilancia-sanitaria-abre-investigacao-sobre-intoxicacao-no-vanete-almeida\\\/#webpage\"},\"articleSection\":\"Uncategorized\"},{\"@type\":\"BreadcrumbList\",\"@id\":\"https:\\\/\\\/serrafm879.com.br\\\/serrafm\\\/2025\\\/01\\\/vigilancia-sanitaria-abre-investigacao-sobre-intoxicacao-no-vanete-almeida\\\/#breadcrumblist\",\"itemListElement\":[{\"@type\":\"ListItem\",\"@id\":\"https:\\\/\\\/serrafm879.com.br\\\/serrafm#listItem\",\"position\":1,\"name\":\"Home\",\"item\":\"https:\\\/\\\/serrafm879.com.br\\\/serrafm\",\"nextItem\":{\"@type\":\"ListItem\",\"@id\":\"https:\\\/\\\/serrafm879.com.br\\\/serrafm\\\/categoria\\\/uncategorized\\\/#listItem\",\"name\":\"Uncategorized\"}},{\"@type\":\"ListItem\",\"@id\":\"https:\\\/\\\/serrafm879.com.br\\\/serrafm\\\/categoria\\\/uncategorized\\\/#listItem\",\"position\":2,\"name\":\"Uncategorized\",\"item\":\"https:\\\/\\\/serrafm879.com.br\\\/serrafm\\\/categoria\\\/uncategorized\\\/\",\"nextItem\":{\"@type\":\"ListItem\",\"@id\":\"https:\\\/\\\/serrafm879.com.br\\\/serrafm\\\/2025\\\/01\\\/vigilancia-sanitaria-abre-investigacao-sobre-intoxicacao-no-vanete-almeida\\\/#listItem\",\"name\":\"Vigil\\u00e2ncia Sanit\\u00e1ria abre investiga\\u00e7\\u00e3o sobre intoxica\\u00e7\\u00e3o no Vanete Almeida\"},\"previousItem\":{\"@type\":\"ListItem\",\"@id\":\"https:\\\/\\\/serrafm879.com.br\\\/serrafm#listItem\",\"name\":\"Home\"}},{\"@type\":\"ListItem\",\"@id\":\"https:\\\/\\\/serrafm879.com.br\\\/serrafm\\\/2025\\\/01\\\/vigilancia-sanitaria-abre-investigacao-sobre-intoxicacao-no-vanete-almeida\\\/#listItem\",\"position\":3,\"name\":\"Vigil\\u00e2ncia Sanit\\u00e1ria abre investiga\\u00e7\\u00e3o sobre intoxica\\u00e7\\u00e3o no Vanete Almeida\",\"previousItem\":{\"@type\":\"ListItem\",\"@id\":\"https:\\\/\\\/serrafm879.com.br\\\/serrafm\\\/categoria\\\/uncategorized\\\/#listItem\",\"name\":\"Uncategorized\"}}]},{\"@type\":\"Organization\",\"@id\":\"https:\\\/\\\/serrafm879.com.br\\\/serrafm\\\/#organization\",\"name\":\"Serra FM 87,9\",\"description\":\"O seu novo amor!\",\"url\":\"https:\\\/\\\/serrafm879.com.br\\\/serrafm\\\/\"},{\"@type\":\"Person\",\"@id\":\"https:\\\/\\\/serrafm879.com.br\\\/serrafm\\\/author\\\/serrafm87\\\/#author\",\"url\":\"https:\\\/\\\/serrafm879.com.br\\\/serrafm\\\/author\\\/serrafm87\\\/\",\"name\":\"serrafm87\",\"image\":{\"@type\":\"ImageObject\",\"@id\":\"https:\\\/\\\/serrafm879.com.br\\\/serrafm\\\/2025\\\/01\\\/vigilancia-sanitaria-abre-investigacao-sobre-intoxicacao-no-vanete-almeida\\\/#authorImage\",\"url\":\"https:\\\/\\\/secure.gravatar.com\\\/avatar\\\/a743233f1112d34f48bb3dc9559b76eb930bab8b27175856cba6362608736235?s=96&d=mm&r=g\",\"width\":96,\"height\":96,\"caption\":\"serrafm87\"}},{\"@type\":\"WebPage\",\"@id\":\"https:\\\/\\\/serrafm879.com.br\\\/serrafm\\\/2025\\\/01\\\/vigilancia-sanitaria-abre-investigacao-sobre-intoxicacao-no-vanete-almeida\\\/#webpage\",\"url\":\"https:\\\/\\\/serrafm879.com.br\\\/serrafm\\\/2025\\\/01\\\/vigilancia-sanitaria-abre-investigacao-sobre-intoxicacao-no-vanete-almeida\\\/\",\"name\":\"Vigil\\u00e2ncia Sanit\\u00e1ria abre investiga\\u00e7\\u00e3o sobre intoxica\\u00e7\\u00e3o no Vanete Almeida - Serra FM 87,9\",\"description\":\"Ap\\u00f3s o caso de suspeita de intoxica\\u00e7\\u00e3o alimentar que afetou parte dos trabalhadores da Telesil Engenharia, empresa respons\\u00e1vel pela constru\\u00e7\\u00e3o do conjunto habitacional Vanete Almeida, em Serra Talhada, a reportagem do site Farol de Not\\u00edcias entrou em contato com a Vigil\\u00e2ncia Sanit\\u00e1ria do munic\\u00edpio. De acordo com a nota emitida por Joel Rita, coordenador da Vigil\\u00e2ncia\",\"inLanguage\":\"pt-BR\",\"isPartOf\":{\"@id\":\"https:\\\/\\\/serrafm879.com.br\\\/serrafm\\\/#website\"},\"breadcrumb\":{\"@id\":\"https:\\\/\\\/serrafm879.com.br\\\/serrafm\\\/2025\\\/01\\\/vigilancia-sanitaria-abre-investigacao-sobre-intoxicacao-no-vanete-almeida\\\/#breadcrumblist\"},\"author\":{\"@id\":\"https:\\\/\\\/serrafm879.com.br\\\/serrafm\\\/author\\\/serrafm87\\\/#author\"},\"creator\":{\"@id\":\"https:\\\/\\\/serrafm879.com.br\\\/serrafm\\\/author\\\/serrafm87\\\/#author\"},\"image\":{\"@type\":\"ImageObject\",\"url\":\"https:\\\/\\\/serrafm879.com.br\\\/serrafm\\\/wp-content\\\/uploads\\\/2025\\\/01\\\/Captura-de-tela-2025-01-17-115505.png\",\"@id\":\"https:\\\/\\\/serrafm879.com.br\\\/serrafm\\\/2025\\\/01\\\/vigilancia-sanitaria-abre-investigacao-sobre-intoxicacao-no-vanete-almeida\\\/#mainImage\",\"width\":485,\"height\":438},\"primaryImageOfPage\":{\"@id\":\"https:\\\/\\\/serrafm879.com.br\\\/serrafm\\\/2025\\\/01\\\/vigilancia-sanitaria-abre-investigacao-sobre-intoxicacao-no-vanete-almeida\\\/#mainImage\"},\"datePublished\":\"2025-01-17T11:55:59-03:00\",\"dateModified\":\"2025-01-17T11:55:59-03:00\"},{\"@type\":\"WebSite\",\"@id\":\"https:\\\/\\\/serrafm879.com.br\\\/serrafm\\\/#website\",\"url\":\"https:\\\/\\\/serrafm879.com.br\\\/serrafm\\\/\",\"name\":\"Serra FM 87,9\",\"description\":\"O seu novo amor!\",\"inLanguage\":\"pt-BR\",\"publisher\":{\"@id\":\"https:\\\/\\\/serrafm879.com.br\\\/serrafm\\\/#organization\"}}]}\n\t\t<\/script>\n\t\t<!-- All in One SEO -->\n\n","aioseo_head_json":{"title":"Vigil\u00e2ncia Sanit\u00e1ria abre investiga\u00e7\u00e3o sobre intoxica\u00e7\u00e3o no Vanete Almeida - Serra FM 87,9","description":"Ap\u00f3s o caso de suspeita de intoxica\u00e7\u00e3o alimentar que afetou parte dos trabalhadores da Telesil Engenharia, empresa respons\u00e1vel pela constru\u00e7\u00e3o do conjunto habitacional Vanete Almeida, em Serra Talhada, a reportagem do site Farol de Not\u00edcias entrou em contato com a Vigil\u00e2ncia Sanit\u00e1ria do munic\u00edpio. De acordo com a nota emitida por Joel Rita, coordenador da Vigil\u00e2ncia","canonical_url":"https:\/\/serrafm879.com.br\/serrafm\/2025\/01\/vigilancia-sanitaria-abre-investigacao-sobre-intoxicacao-no-vanete-almeida\/","robots":"max-image-preview:large","keywords":"","webmasterTools":{"miscellaneous":""},"schema":{"@context":"https:\/\/schema.org","@graph":[{"@type":"BlogPosting","@id":"https:\/\/serrafm879.com.br\/serrafm\/2025\/01\/vigilancia-sanitaria-abre-investigacao-sobre-intoxicacao-no-vanete-almeida\/#blogposting","name":"Vigil\u00e2ncia Sanit\u00e1ria abre investiga\u00e7\u00e3o sobre intoxica\u00e7\u00e3o no Vanete Almeida - Serra FM 87,9","headline":"Vigil\u00e2ncia Sanit\u00e1ria abre investiga\u00e7\u00e3o sobre intoxica\u00e7\u00e3o no Vanete Almeida","author":{"@id":"https:\/\/serrafm879.com.br\/serrafm\/author\/serrafm87\/#author"},"publisher":{"@id":"https:\/\/serrafm879.com.br\/serrafm\/#organization"},"image":{"@type":"ImageObject","url":"https:\/\/serrafm879.com.br\/serrafm\/wp-content\/uploads\/2025\/01\/Captura-de-tela-2025-01-17-115505.png","width":485,"height":438},"datePublished":"2025-01-17T11:55:59-03:00","dateModified":"2025-01-17T11:55:59-03:00","inLanguage":"pt-BR","mainEntityOfPage":{"@id":"https:\/\/serrafm879.com.br\/serrafm\/2025\/01\/vigilancia-sanitaria-abre-investigacao-sobre-intoxicacao-no-vanete-almeida\/#webpage"},"isPartOf":{"@id":"https:\/\/serrafm879.com.br\/serrafm\/2025\/01\/vigilancia-sanitaria-abre-investigacao-sobre-intoxicacao-no-vanete-almeida\/#webpage"},"articleSection":"Uncategorized"},{"@type":"BreadcrumbList","@id":"https:\/\/serrafm879.com.br\/serrafm\/2025\/01\/vigilancia-sanitaria-abre-investigacao-sobre-intoxicacao-no-vanete-almeida\/#breadcrumblist","itemListElement":[{"@type":"ListItem","@id":"https:\/\/serrafm879.com.br\/serrafm#listItem","position":1,"name":"Home","item":"https:\/\/serrafm879.com.br\/serrafm","nextItem":{"@type":"ListItem","@id":"https:\/\/serrafm879.com.br\/serrafm\/categoria\/uncategorized\/#listItem","name":"Uncategorized"}},{"@type":"ListItem","@id":"https:\/\/serrafm879.com.br\/serrafm\/categoria\/uncategorized\/#listItem","position":2,"name":"Uncategorized","item":"https:\/\/serrafm879.com.br\/serrafm\/categoria\/uncategorized\/","nextItem":{"@type":"ListItem","@id":"https:\/\/serrafm879.com.br\/serrafm\/2025\/01\/vigilancia-sanitaria-abre-investigacao-sobre-intoxicacao-no-vanete-almeida\/#listItem","name":"Vigil\u00e2ncia Sanit\u00e1ria abre investiga\u00e7\u00e3o sobre intoxica\u00e7\u00e3o no Vanete Almeida"},"previousItem":{"@type":"ListItem","@id":"https:\/\/serrafm879.com.br\/serrafm#listItem","name":"Home"}},{"@type":"ListItem","@id":"https:\/\/serrafm879.com.br\/serrafm\/2025\/01\/vigilancia-sanitaria-abre-investigacao-sobre-intoxicacao-no-vanete-almeida\/#listItem","position":3,"name":"Vigil\u00e2ncia Sanit\u00e1ria abre investiga\u00e7\u00e3o sobre intoxica\u00e7\u00e3o no Vanete Almeida","previousItem":{"@type":"ListItem","@id":"https:\/\/serrafm879.com.br\/serrafm\/categoria\/uncategorized\/#listItem","name":"Uncategorized"}}]},{"@type":"Organization","@id":"https:\/\/serrafm879.com.br\/serrafm\/#organization","name":"Serra FM 87,9","description":"O seu novo amor!","url":"https:\/\/serrafm879.com.br\/serrafm\/"},{"@type":"Person","@id":"https:\/\/serrafm879.com.br\/serrafm\/author\/serrafm87\/#author","url":"https:\/\/serrafm879.com.br\/serrafm\/author\/serrafm87\/","name":"serrafm87","image":{"@type":"ImageObject","@id":"https:\/\/serrafm879.com.br\/serrafm\/2025\/01\/vigilancia-sanitaria-abre-investigacao-sobre-intoxicacao-no-vanete-almeida\/#authorImage","url":"https:\/\/secure.gravatar.com\/avatar\/a743233f1112d34f48bb3dc9559b76eb930bab8b27175856cba6362608736235?s=96&d=mm&r=g","width":96,"height":96,"caption":"serrafm87"}},{"@type":"WebPage","@id":"https:\/\/serrafm879.com.br\/serrafm\/2025\/01\/vigilancia-sanitaria-abre-investigacao-sobre-intoxicacao-no-vanete-almeida\/#webpage","url":"https:\/\/serrafm879.com.br\/serrafm\/2025\/01\/vigilancia-sanitaria-abre-investigacao-sobre-intoxicacao-no-vanete-almeida\/","name":"Vigil\u00e2ncia Sanit\u00e1ria abre investiga\u00e7\u00e3o sobre intoxica\u00e7\u00e3o no Vanete Almeida - Serra FM 87,9","description":"Ap\u00f3s o caso de suspeita de intoxica\u00e7\u00e3o alimentar que afetou parte dos trabalhadores da Telesil Engenharia, empresa respons\u00e1vel pela constru\u00e7\u00e3o do conjunto habitacional Vanete Almeida, em Serra Talhada, a reportagem do site Farol de Not\u00edcias entrou em contato com a Vigil\u00e2ncia Sanit\u00e1ria do munic\u00edpio. De acordo com a nota emitida por Joel Rita, coordenador da Vigil\u00e2ncia","inLanguage":"pt-BR","isPartOf":{"@id":"https:\/\/serrafm879.com.br\/serrafm\/#website"},"breadcrumb":{"@id":"https:\/\/serrafm879.com.br\/serrafm\/2025\/01\/vigilancia-sanitaria-abre-investigacao-sobre-intoxicacao-no-vanete-almeida\/#breadcrumblist"},"author":{"@id":"https:\/\/serrafm879.com.br\/serrafm\/author\/serrafm87\/#author"},"creator":{"@id":"https:\/\/serrafm879.com.br\/serrafm\/author\/serrafm87\/#author"},"image":{"@type":"ImageObject","url":"https:\/\/serrafm879.com.br\/serrafm\/wp-content\/uploads\/2025\/01\/Captura-de-tela-2025-01-17-115505.png","@id":"https:\/\/serrafm879.com.br\/serrafm\/2025\/01\/vigilancia-sanitaria-abre-investigacao-sobre-intoxicacao-no-vanete-almeida\/#mainImage","width":485,"height":438},"primaryImageOfPage":{"@id":"https:\/\/serrafm879.com.br\/serrafm\/2025\/01\/vigilancia-sanitaria-abre-investigacao-sobre-intoxicacao-no-vanete-almeida\/#mainImage"},"datePublished":"2025-01-17T11:55:59-03:00","dateModified":"2025-01-17T11:55:59-03:00"},{"@type":"WebSite","@id":"https:\/\/serrafm879.com.br\/serrafm\/#website","url":"https:\/\/serrafm879.com.br\/serrafm\/","name":"Serra FM 87,9","description":"O seu novo amor!","inLanguage":"pt-BR","publisher":{"@id":"https:\/\/serrafm879.com.br\/serrafm\/#organization"}}]},"twitter:card":"summary_large_image","twitter:title":"Vigil\u00e2ncia Sanit\u00e1ria abre investiga\u00e7\u00e3o sobre intoxica\u00e7\u00e3o no Vanete Almeida - Serra FM 87,9","twitter:description":"Ap\u00f3s o caso de suspeita de intoxica\u00e7\u00e3o alimentar que afetou parte dos trabalhadores da Telesil Engenharia, empresa respons\u00e1vel pela constru\u00e7\u00e3o do conjunto habitacional Vanete Almeida, em Serra Talhada, a reportagem do site Farol de Not\u00edcias entrou em contato com a Vigil\u00e2ncia Sanit\u00e1ria do munic\u00edpio. De acordo com a nota emitida por Joel Rita, coordenador da Vigil\u00e2ncia","twitter:image":"https:\/\/serrafm879.com.br\/serrafm\/wp-content\/uploads\/2025\/01\/Captura-de-tela-2025-01-17-115505.png"},"aioseo_meta_data":{"post_id":"19921","title":null,"description":null,"keywords":null,"keyphrases":null,"primary_term":null,"canonical_url":null,"og_title":null,"og_description":null,"og_object_type":"default","og_image_type":"default","og_image_custom_url":null,"og_image_custom_fields":null,"og_image_url":null,"og_image_width":null,"og_image_height":null,"og_video":null,"og_custom_url":null,"og_article_section":null,"og_article_tags":null,"twitter_use_og":false,"twitter_card":"default","twitter_image_type":"default","twitter_image_custom_url":null,"twitter_image_custom_fields":null,"twitter_image_url":null,"twitter_title":null,"twitter_description":null,"schema_type":"default","schema_type_options":null,"schema":{"blockGraphs":[],"customGraphs":[],"default":{"data":{"Article":[],"Course":[],"Dataset":[],"FAQPage":[],"Movie":[],"Person":[],"Product":[],"ProductReview":[],"Car":[],"Recipe":[],"Service":[],"SoftwareApplication":[],"WebPage":[]},"graphName":"","isEnabled":true},"graphs":[]},"pillar_content":false,"robots_default":true,"robots_noindex":false,"robots_noarchive":false,"robots_nosnippet":false,"robots_nofollow":false,"robots_noimageindex":false,"robots_noodp":false,"robots_notranslate":false,"robots_max_snippet":null,"robots_max_videopreview":null,"robots_max_imagepreview":"large","priority":null,"frequency":null,"local_seo":null,"limit_modified_date":false,"ai":null,"breadcrumb_settings":null,"seo_analyzer_scan_date":null,"created":"2026-07-21 13:12:23","updated":"2026-07-21 13:12:23"},"aioseo_breadcrumb":"<div class=\"aioseo-breadcrumbs\"><span class=\"aioseo-breadcrumb\">\n\t\t\t<a href=\"https:\/\/serrafm879.com.br\/serrafm\" title=\"Home\">Home<\/a>\n\t\t<\/span><span class=\"aioseo-breadcrumb-separator\">&raquo;<\/span><span class=\"aioseo-breadcrumb\">\n\t\t\t<a href=\"https:\/\/serrafm879.com.br\/serrafm\/categoria\/uncategorized\/\" title=\"Uncategorized\">Uncategorized<\/a>\n\t\t<\/span><span class=\"aioseo-breadcrumb-separator\">&raquo;<\/span><span class=\"aioseo-breadcrumb\">\n\t\t\tVigil\u00e2ncia Sanit\u00e1ria abre investiga\u00e7\u00e3o sobre intoxica\u00e7\u00e3o no Vanete Almeida\n\t\t<\/span><\/div>","aioseo_breadcrumb_json":[{"label":"Home","link":"https:\/\/serrafm879.com.br\/serrafm"},{"label":"Uncategorized","link":"https:\/\/serrafm879.com.br\/serrafm\/categoria\/uncategorized\/"},{"label":"Vigil\u00e2ncia Sanit\u00e1ria abre investiga\u00e7\u00e3o sobre intoxica\u00e7\u00e3o no Vanete Almeida","link":"https:\/\/serrafm879.com.br\/serrafm\/2025\/01\/vigilancia-sanitaria-abre-investigacao-sobre-intoxicacao-no-vanete-almeida\/"}],"jetpack_publicize_connections":[],"jetpack_featured_media_url":"https:\/\/serrafm879.com.br\/serrafm\/wp-content\/uploads\/2025\/01\/Captura-de-tela-2025-01-17-115505.png","jetpack_shortlink":"https:\/\/wp.me\/p7HyXg-5bj","jetpack_sharing_enabled":true,"_links":{"self":[{"href":"https:\/\/serrafm879.com.br\/serrafm\/wp-json\/wp\/v2\/posts\/19921","targetHints":{"allow":["GET"]}}],"collection":[{"href":"https:\/\/serrafm879.com.br\/serrafm\/wp-json\/wp\/v2\/posts"}],"about":[{"href":"https:\/\/serrafm879.com.br\/serrafm\/wp-json\/wp\/v2\/types\/post"}],"author":[{"embeddable":true,"href":"https:\/\/serrafm879.com.br\/serrafm\/wp-json\/wp\/v2\/users\/2"}],"replies":[{"embeddable":true,"href":"https:\/\/serrafm879.com.br\/serrafm\/wp-json\/wp\/v2\/comments?post=19921"}],"version-history":[{"count":1,"href":"https:\/\/serrafm879.com.br\/serrafm\/wp-json\/wp\/v2\/posts\/19921\/revisions"}],"predecessor-version":[{"id":19923,"href":"https:\/\/serrafm879.com.br\/serrafm\/wp-json\/wp\/v2\/posts\/19921\/revisions\/19923"}],"wp:featuredmedia":[{"embeddable":true,"href":"https:\/\/serrafm879.com.br\/serrafm\/wp-json\/wp\/v2\/media\/19922"}],"wp:attachment":[{"href":"https:\/\/serrafm879.com.br\/serrafm\/wp-json\/wp\/v2\/media?parent=19921"}],"wp:term":[{"taxonomy":"category","embeddable":true,"href":"https:\/\/serrafm879.com.br\/serrafm\/wp-json\/wp\/v2\/categories?post=19921"},{"taxonomy":"post_tag","embeddable":true,"href":"https:\/\/serrafm879.com.br\/serrafm\/wp-json\/wp\/v2\/tags?post=19921"}],"curies":[{"name":"wp","href":"https:\/\/api.w.org\/{rel}","templated":true}]}}