{"id":19928,"date":"2025-01-18T11:50:58","date_gmt":"2025-01-18T14:50:58","guid":{"rendered":"https:\/?p=19928"},"modified":"2025-01-18T11:52:31","modified_gmt":"2025-01-18T14:52:31","slug":"bolsonaro-chora-apos-ser-impedido-de-ir-a-posse-de-trump-e-michelle-diz-que-o-ex-presidente-e-perseguido","status":"publish","type":"post","link":"https:\/\/serrafm879.com.br\/serrafm\/2025\/01\/bolsonaro-chora-apos-ser-impedido-de-ir-a-posse-de-trump-e-michelle-diz-que-o-ex-presidente-e-perseguido\/","title":{"rendered":"Bolsonaro chora ap\u00f3s ser impedido de ir \u00e0 posse de Trump e Michelle diz que o ex presidente  \u00e9 perseguido"},"content":{"rendered":"<div>Antes de embarcar para a posse do presidente dos Estados Unidos (EUA), Donald Trump, em Washington, a ex-primeira-dama Michelle Bolsonaro afirmou, na manh\u00e3 deste s\u00e1bado (18\/1), que o ex-presidente Jair Bolsonaro (PL) \u00e9 alvo de persegui\u00e7\u00e3o.<\/div>\n<div><\/div>\n<div>Para os jornalistas e apoiadores que acompanhavam o embarque, no Aeroporto de Bras\u00edlia, Michelle acrescentou que Bolsonaro enfrenta injusti\u00e7as. \u201cMeu marido est\u00e1 sendo perseguido, mas, assim como aqueles que Deus envia, ser\u00e3o perseguidos. A gente sabe disso\u201d, disse.<\/div>\n<div><\/div>\n<div class=\"PUB\">\u201cQue Deus tenha miseric\u00f3rdia da nossa na\u00e7\u00e3o, do meu marido, assim como de um grande l\u00edder. Ele \u00e9 o maior l\u00edder da direita, que elegeu, (mesmo) \u2018ineleg\u00edvel\u2019, o maior n\u00famero de vereadores e prefeitos. \u00c9 um certo medinho que eles t\u00eam do meu marido\u201d, afirmou.<\/div>\n<div><\/div>\n<div>Embora n\u00e3o tenha mencionado diretamente, a declara\u00e7\u00e3o foi vista como uma cr\u00edtica \u00e0 decis\u00e3o do ministro do Supremo Tribunal Federal (STF) Alexandre de Moraes. O magistrado negou um pedido da defesa de Bolsonaro para a devolu\u00e7\u00e3o de seu passaporte, que foi apreendido pela Pol\u00edcia Federal em fevereiro do ano passado. A solicita\u00e7\u00e3o visava permitir que Bolsonaro comparecesse \u00e0 posse de Trump.<\/div>\n<div><\/div>\n<div>\n<div>O passaporte de Bolsonaro est\u00e1 retido no \u00e2mbito de uma investiga\u00e7\u00e3o da Pol\u00edcia Federal sobre uma suposta organiza\u00e7\u00e3o criminosa que teria como objetivo impedir a posse do presidente eleito Luiz In\u00e1cio Lula da Silva (PT) e manter o ex-presidente no poder. Os investigadores apontaram ind\u00edcios de poss\u00edvel fuga.<\/div>\n<div><\/div>\n<div class=\"PUB\">Na tentativa de sensibilizar Alexandre de Moraes, os advogados de Bolsonaro argumentaram que ele viajou \u00e0 Argentina em dezembro de 2023, antes da apreens\u00e3o do documento, e retornou ao Brasil, assim como fez ap\u00f3s um per\u00edodo nos Estados Unidos. Para a defesa, esses fatos demonstrariam sua inten\u00e7\u00e3o de permanecer no pa\u00eds.<\/div>\n<div><\/div>\n<\/div>\n<div>Apesar disso, Moraes rejeitou o pedido, tanto na an\u00e1lise inicial quanto em recurso apresentado posteriormente.<\/div>\n<div><\/div>\n<div><\/div>\n<div><\/div>\n<div>Fonte: Di\u00e1rio de Pernambuco<\/div>\n","protected":false},"excerpt":{"rendered":"<p>Antes de embarcar para a posse do presidente dos Estados Unidos (EUA), Donald Trump, em Washington, a ex-primeira-dama Michelle Bolsonaro afirmou, na manh\u00e3 deste s\u00e1bado (18\/1), que o ex-presidente Jair Bolsonaro (PL) \u00e9 alvo de persegui\u00e7\u00e3o. Para os jornalistas e apoiadores que acompanhavam o embarque, no Aeroporto de Bras\u00edlia, Michelle acrescentou que Bolsonaro enfrenta injusti\u00e7as. \u201cMeu marido est\u00e1 sendo perseguido, mas, assim como aqueles que Deus envia, ser\u00e3o perseguidos. A gente sabe disso\u201d, disse. \u201cQue Deus tenha miseric\u00f3rdia da nossa na\u00e7\u00e3o, do meu marido, assim como de um grande l\u00edder. Ele \u00e9 o maior l\u00edder da direita, que elegeu, (mesmo) [&hellip;]<\/p>\n","protected":false},"author":2,"featured_media":19929,"comment_status":"open","ping_status":"open","sticky":false,"template":"","format":"standard","meta":{"_jetpack_newsletter_access":"","_jetpack_dont_email_post_to_subs":false,"_jetpack_newsletter_tier_id":0,"_jetpack_memberships_contains_paywalled_content":false,"_jetpack_feature_clip_id":0,"_jetpack_memberships_contains_paid_content":false,"footnotes":"","jetpack_publicize_message":"","jetpack_publicize_feature_enabled":true,"jetpack_social_post_already_shared":true,"jetpack_social_options":{"image_generator_settings":{"template":"highway","default_image_id":0,"font":"","enabled":false},"version":2},"jetpack_post_was_ever_published":false},"categories":[2],"tags":[],"class_list":["post-19928","post","type-post","status-publish","format-standard","has-post-thumbnail","hentry","category-noticias"],"aioseo_notices":[],"aioseo_head":"\n\t\t<!-- All in One SEO 4.9.10 - aioseo.com -->\n\t<meta name=\"description\" content=\"Antes de embarcar para a posse do presidente dos Estados Unidos (EUA), Donald Trump, em Washington, a ex-primeira-dama Michelle Bolsonaro afirmou, na manh\u00e3 deste s\u00e1bado (18\/1), que o ex-presidente Jair Bolsonaro (PL) \u00e9 alvo de persegui\u00e7\u00e3o. Para os jornalistas e apoiadores que acompanhavam o embarque, no Aeroporto de Bras\u00edlia, Michelle acrescentou que Bolsonaro enfrenta injusti\u00e7as.\" \/>\n\t<meta name=\"robots\" content=\"max-image-preview:large\" \/>\n\t<meta name=\"author\" content=\"serrafm87\"\/>\n\t<link rel=\"canonical\" href=\"https:\/\/serrafm879.com.br\/serrafm\/2025\/01\/bolsonaro-chora-apos-ser-impedido-de-ir-a-posse-de-trump-e-michelle-diz-que-o-ex-presidente-e-perseguido\/\" \/>\n\t<meta name=\"generator\" content=\"All in One SEO (AIOSEO) 4.9.10\" \/>\n\t\t<meta name=\"twitter:card\" content=\"summary_large_image\" \/>\n\t\t<meta name=\"twitter:title\" content=\"Bolsonaro chora ap\u00f3s ser impedido de ir \u00e0 posse de Trump e Michelle diz que o ex presidente \u00e9 perseguido - Serra FM 87,9\" \/>\n\t\t<meta name=\"twitter:description\" content=\"Antes de embarcar para a posse do presidente dos Estados Unidos (EUA), Donald Trump, em Washington, a ex-primeira-dama Michelle Bolsonaro afirmou, na manh\u00e3 deste s\u00e1bado (18\/1), que o ex-presidente Jair Bolsonaro (PL) \u00e9 alvo de persegui\u00e7\u00e3o. Para os jornalistas e apoiadores que acompanhavam o embarque, no Aeroporto de Bras\u00edlia, Michelle acrescentou que Bolsonaro enfrenta injusti\u00e7as.\" \/>\n\t\t<meta name=\"twitter:image\" content=\"https:\/\/serrafm879.com.br\/serrafm\/wp-content\/uploads\/2025\/01\/20250118111532323076a.jpg\" \/>\n\t\t<script type=\"application\/ld+json\" class=\"aioseo-schema\">\n\t\t\t{\"@context\":\"https:\\\/\\\/schema.org\",\"@graph\":[{\"@type\":\"BlogPosting\",\"@id\":\"https:\\\/\\\/serrafm879.com.br\\\/serrafm\\\/2025\\\/01\\\/bolsonaro-chora-apos-ser-impedido-de-ir-a-posse-de-trump-e-michelle-diz-que-o-ex-presidente-e-perseguido\\\/#blogposting\",\"name\":\"Bolsonaro chora ap\\u00f3s ser impedido de ir \\u00e0 posse de Trump e Michelle diz que o ex presidente \\u00e9 perseguido - Serra FM 87,9\",\"headline\":\"Bolsonaro chora ap\\u00f3s ser impedido de ir \\u00e0 posse de Trump e Michelle diz que o ex presidente  \\u00e9 perseguido\",\"author\":{\"@id\":\"https:\\\/\\\/serrafm879.com.br\\\/serrafm\\\/author\\\/serrafm87\\\/#author\"},\"publisher\":{\"@id\":\"https:\\\/\\\/serrafm879.com.br\\\/serrafm\\\/#organization\"},\"image\":{\"@type\":\"ImageObject\",\"url\":\"https:\\\/\\\/serrafm879.com.br\\\/serrafm\\\/wp-content\\\/uploads\\\/2025\\\/01\\\/20250118111532323076a.jpg\",\"width\":960,\"height\":640},\"datePublished\":\"2025-01-18T11:50:58-03:00\",\"dateModified\":\"2025-01-18T11:52:31-03:00\",\"inLanguage\":\"pt-BR\",\"mainEntityOfPage\":{\"@id\":\"https:\\\/\\\/serrafm879.com.br\\\/serrafm\\\/2025\\\/01\\\/bolsonaro-chora-apos-ser-impedido-de-ir-a-posse-de-trump-e-michelle-diz-que-o-ex-presidente-e-perseguido\\\/#webpage\"},\"isPartOf\":{\"@id\":\"https:\\\/\\\/serrafm879.com.br\\\/serrafm\\\/2025\\\/01\\\/bolsonaro-chora-apos-ser-impedido-de-ir-a-posse-de-trump-e-michelle-diz-que-o-ex-presidente-e-perseguido\\\/#webpage\"},\"articleSection\":\"Not\\u00edcias\"},{\"@type\":\"BreadcrumbList\",\"@id\":\"https:\\\/\\\/serrafm879.com.br\\\/serrafm\\\/2025\\\/01\\\/bolsonaro-chora-apos-ser-impedido-de-ir-a-posse-de-trump-e-michelle-diz-que-o-ex-presidente-e-perseguido\\\/#breadcrumblist\",\"itemListElement\":[{\"@type\":\"ListItem\",\"@id\":\"https:\\\/\\\/serrafm879.com.br\\\/serrafm#listItem\",\"position\":1,\"name\":\"Home\",\"item\":\"https:\\\/\\\/serrafm879.com.br\\\/serrafm\",\"nextItem\":{\"@type\":\"ListItem\",\"@id\":\"https:\\\/\\\/serrafm879.com.br\\\/serrafm\\\/categoria\\\/noticias\\\/#listItem\",\"name\":\"Not\\u00edcias\"}},{\"@type\":\"ListItem\",\"@id\":\"https:\\\/\\\/serrafm879.com.br\\\/serrafm\\\/categoria\\\/noticias\\\/#listItem\",\"position\":2,\"name\":\"Not\\u00edcias\",\"item\":\"https:\\\/\\\/serrafm879.com.br\\\/serrafm\\\/categoria\\\/noticias\\\/\",\"nextItem\":{\"@type\":\"ListItem\",\"@id\":\"https:\\\/\\\/serrafm879.com.br\\\/serrafm\\\/2025\\\/01\\\/bolsonaro-chora-apos-ser-impedido-de-ir-a-posse-de-trump-e-michelle-diz-que-o-ex-presidente-e-perseguido\\\/#listItem\",\"name\":\"Bolsonaro chora ap\\u00f3s ser impedido de ir \\u00e0 posse de Trump e Michelle diz que o ex presidente  \\u00e9 perseguido\"},\"previousItem\":{\"@type\":\"ListItem\",\"@id\":\"https:\\\/\\\/serrafm879.com.br\\\/serrafm#listItem\",\"name\":\"Home\"}},{\"@type\":\"ListItem\",\"@id\":\"https:\\\/\\\/serrafm879.com.br\\\/serrafm\\\/2025\\\/01\\\/bolsonaro-chora-apos-ser-impedido-de-ir-a-posse-de-trump-e-michelle-diz-que-o-ex-presidente-e-perseguido\\\/#listItem\",\"position\":3,\"name\":\"Bolsonaro chora ap\\u00f3s ser impedido de ir \\u00e0 posse de Trump e Michelle diz que o ex presidente  \\u00e9 perseguido\",\"previousItem\":{\"@type\":\"ListItem\",\"@id\":\"https:\\\/\\\/serrafm879.com.br\\\/serrafm\\\/categoria\\\/noticias\\\/#listItem\",\"name\":\"Not\\u00edcias\"}}]},{\"@type\":\"Organization\",\"@id\":\"https:\\\/\\\/serrafm879.com.br\\\/serrafm\\\/#organization\",\"name\":\"Serra FM 87,9\",\"description\":\"O seu novo amor!\",\"url\":\"https:\\\/\\\/serrafm879.com.br\\\/serrafm\\\/\"},{\"@type\":\"Person\",\"@id\":\"https:\\\/\\\/serrafm879.com.br\\\/serrafm\\\/author\\\/serrafm87\\\/#author\",\"url\":\"https:\\\/\\\/serrafm879.com.br\\\/serrafm\\\/author\\\/serrafm87\\\/\",\"name\":\"serrafm87\",\"image\":{\"@type\":\"ImageObject\",\"@id\":\"https:\\\/\\\/serrafm879.com.br\\\/serrafm\\\/2025\\\/01\\\/bolsonaro-chora-apos-ser-impedido-de-ir-a-posse-de-trump-e-michelle-diz-que-o-ex-presidente-e-perseguido\\\/#authorImage\",\"url\":\"https:\\\/\\\/secure.gravatar.com\\\/avatar\\\/a743233f1112d34f48bb3dc9559b76eb930bab8b27175856cba6362608736235?s=96&d=mm&r=g\",\"width\":96,\"height\":96,\"caption\":\"serrafm87\"}},{\"@type\":\"WebPage\",\"@id\":\"https:\\\/\\\/serrafm879.com.br\\\/serrafm\\\/2025\\\/01\\\/bolsonaro-chora-apos-ser-impedido-de-ir-a-posse-de-trump-e-michelle-diz-que-o-ex-presidente-e-perseguido\\\/#webpage\",\"url\":\"https:\\\/\\\/serrafm879.com.br\\\/serrafm\\\/2025\\\/01\\\/bolsonaro-chora-apos-ser-impedido-de-ir-a-posse-de-trump-e-michelle-diz-que-o-ex-presidente-e-perseguido\\\/\",\"name\":\"Bolsonaro chora ap\\u00f3s ser impedido de ir \\u00e0 posse de Trump e Michelle diz que o ex presidente \\u00e9 perseguido - Serra FM 87,9\",\"description\":\"Antes de embarcar para a posse do presidente dos Estados Unidos (EUA), Donald Trump, em Washington, a ex-primeira-dama Michelle Bolsonaro afirmou, na manh\\u00e3 deste s\\u00e1bado (18\\\/1), que o ex-presidente Jair Bolsonaro (PL) \\u00e9 alvo de persegui\\u00e7\\u00e3o. Para os jornalistas e apoiadores que acompanhavam o embarque, no Aeroporto de Bras\\u00edlia, Michelle acrescentou que Bolsonaro enfrenta injusti\\u00e7as.\",\"inLanguage\":\"pt-BR\",\"isPartOf\":{\"@id\":\"https:\\\/\\\/serrafm879.com.br\\\/serrafm\\\/#website\"},\"breadcrumb\":{\"@id\":\"https:\\\/\\\/serrafm879.com.br\\\/serrafm\\\/2025\\\/01\\\/bolsonaro-chora-apos-ser-impedido-de-ir-a-posse-de-trump-e-michelle-diz-que-o-ex-presidente-e-perseguido\\\/#breadcrumblist\"},\"author\":{\"@id\":\"https:\\\/\\\/serrafm879.com.br\\\/serrafm\\\/author\\\/serrafm87\\\/#author\"},\"creator\":{\"@id\":\"https:\\\/\\\/serrafm879.com.br\\\/serrafm\\\/author\\\/serrafm87\\\/#author\"},\"image\":{\"@type\":\"ImageObject\",\"url\":\"https:\\\/\\\/serrafm879.com.br\\\/serrafm\\\/wp-content\\\/uploads\\\/2025\\\/01\\\/20250118111532323076a.jpg\",\"@id\":\"https:\\\/\\\/serrafm879.com.br\\\/serrafm\\\/2025\\\/01\\\/bolsonaro-chora-apos-ser-impedido-de-ir-a-posse-de-trump-e-michelle-diz-que-o-ex-presidente-e-perseguido\\\/#mainImage\",\"width\":960,\"height\":640},\"primaryImageOfPage\":{\"@id\":\"https:\\\/\\\/serrafm879.com.br\\\/serrafm\\\/2025\\\/01\\\/bolsonaro-chora-apos-ser-impedido-de-ir-a-posse-de-trump-e-michelle-diz-que-o-ex-presidente-e-perseguido\\\/#mainImage\"},\"datePublished\":\"2025-01-18T11:50:58-03:00\",\"dateModified\":\"2025-01-18T11:52:31-03:00\"},{\"@type\":\"WebSite\",\"@id\":\"https:\\\/\\\/serrafm879.com.br\\\/serrafm\\\/#website\",\"url\":\"https:\\\/\\\/serrafm879.com.br\\\/serrafm\\\/\",\"name\":\"Serra FM 87,9\",\"description\":\"O seu novo amor!\",\"inLanguage\":\"pt-BR\",\"publisher\":{\"@id\":\"https:\\\/\\\/serrafm879.com.br\\\/serrafm\\\/#organization\"}}]}\n\t\t<\/script>\n\t\t<!-- All in One SEO -->\n\n","aioseo_head_json":{"title":"Bolsonaro chora ap\u00f3s ser impedido de ir \u00e0 posse de Trump e Michelle diz que o ex presidente \u00e9 perseguido - Serra FM 87,9","description":"Antes de embarcar para a posse do presidente dos Estados Unidos (EUA), Donald Trump, em Washington, a ex-primeira-dama Michelle Bolsonaro afirmou, na manh\u00e3 deste s\u00e1bado (18\/1), que o ex-presidente Jair Bolsonaro (PL) \u00e9 alvo de persegui\u00e7\u00e3o. Para os jornalistas e apoiadores que acompanhavam o embarque, no Aeroporto de Bras\u00edlia, Michelle acrescentou que Bolsonaro enfrenta injusti\u00e7as.","canonical_url":"https:\/\/serrafm879.com.br\/serrafm\/2025\/01\/bolsonaro-chora-apos-ser-impedido-de-ir-a-posse-de-trump-e-michelle-diz-que-o-ex-presidente-e-perseguido\/","robots":"max-image-preview:large","keywords":"","webmasterTools":{"miscellaneous":""},"schema":{"@context":"https:\/\/schema.org","@graph":[{"@type":"BlogPosting","@id":"https:\/\/serrafm879.com.br\/serrafm\/2025\/01\/bolsonaro-chora-apos-ser-impedido-de-ir-a-posse-de-trump-e-michelle-diz-que-o-ex-presidente-e-perseguido\/#blogposting","name":"Bolsonaro chora ap\u00f3s ser impedido de ir \u00e0 posse de Trump e Michelle diz que o ex presidente \u00e9 perseguido - Serra FM 87,9","headline":"Bolsonaro chora ap\u00f3s ser impedido de ir \u00e0 posse de Trump e Michelle diz que o ex presidente  \u00e9 perseguido","author":{"@id":"https:\/\/serrafm879.com.br\/serrafm\/author\/serrafm87\/#author"},"publisher":{"@id":"https:\/\/serrafm879.com.br\/serrafm\/#organization"},"image":{"@type":"ImageObject","url":"https:\/\/serrafm879.com.br\/serrafm\/wp-content\/uploads\/2025\/01\/20250118111532323076a.jpg","width":960,"height":640},"datePublished":"2025-01-18T11:50:58-03:00","dateModified":"2025-01-18T11:52:31-03:00","inLanguage":"pt-BR","mainEntityOfPage":{"@id":"https:\/\/serrafm879.com.br\/serrafm\/2025\/01\/bolsonaro-chora-apos-ser-impedido-de-ir-a-posse-de-trump-e-michelle-diz-que-o-ex-presidente-e-perseguido\/#webpage"},"isPartOf":{"@id":"https:\/\/serrafm879.com.br\/serrafm\/2025\/01\/bolsonaro-chora-apos-ser-impedido-de-ir-a-posse-de-trump-e-michelle-diz-que-o-ex-presidente-e-perseguido\/#webpage"},"articleSection":"Not\u00edcias"},{"@type":"BreadcrumbList","@id":"https:\/\/serrafm879.com.br\/serrafm\/2025\/01\/bolsonaro-chora-apos-ser-impedido-de-ir-a-posse-de-trump-e-michelle-diz-que-o-ex-presidente-e-perseguido\/#breadcrumblist","itemListElement":[{"@type":"ListItem","@id":"https:\/\/serrafm879.com.br\/serrafm#listItem","position":1,"name":"Home","item":"https:\/\/serrafm879.com.br\/serrafm","nextItem":{"@type":"ListItem","@id":"https:\/\/serrafm879.com.br\/serrafm\/categoria\/noticias\/#listItem","name":"Not\u00edcias"}},{"@type":"ListItem","@id":"https:\/\/serrafm879.com.br\/serrafm\/categoria\/noticias\/#listItem","position":2,"name":"Not\u00edcias","item":"https:\/\/serrafm879.com.br\/serrafm\/categoria\/noticias\/","nextItem":{"@type":"ListItem","@id":"https:\/\/serrafm879.com.br\/serrafm\/2025\/01\/bolsonaro-chora-apos-ser-impedido-de-ir-a-posse-de-trump-e-michelle-diz-que-o-ex-presidente-e-perseguido\/#listItem","name":"Bolsonaro chora ap\u00f3s ser impedido de ir \u00e0 posse de Trump e Michelle diz que o ex presidente  \u00e9 perseguido"},"previousItem":{"@type":"ListItem","@id":"https:\/\/serrafm879.com.br\/serrafm#listItem","name":"Home"}},{"@type":"ListItem","@id":"https:\/\/serrafm879.com.br\/serrafm\/2025\/01\/bolsonaro-chora-apos-ser-impedido-de-ir-a-posse-de-trump-e-michelle-diz-que-o-ex-presidente-e-perseguido\/#listItem","position":3,"name":"Bolsonaro chora ap\u00f3s ser impedido de ir \u00e0 posse de Trump e Michelle diz que o ex presidente  \u00e9 perseguido","previousItem":{"@type":"ListItem","@id":"https:\/\/serrafm879.com.br\/serrafm\/categoria\/noticias\/#listItem","name":"Not\u00edcias"}}]},{"@type":"Organization","@id":"https:\/\/serrafm879.com.br\/serrafm\/#organization","name":"Serra FM 87,9","description":"O seu novo amor!","url":"https:\/\/serrafm879.com.br\/serrafm\/"},{"@type":"Person","@id":"https:\/\/serrafm879.com.br\/serrafm\/author\/serrafm87\/#author","url":"https:\/\/serrafm879.com.br\/serrafm\/author\/serrafm87\/","name":"serrafm87","image":{"@type":"ImageObject","@id":"https:\/\/serrafm879.com.br\/serrafm\/2025\/01\/bolsonaro-chora-apos-ser-impedido-de-ir-a-posse-de-trump-e-michelle-diz-que-o-ex-presidente-e-perseguido\/#authorImage","url":"https:\/\/secure.gravatar.com\/avatar\/a743233f1112d34f48bb3dc9559b76eb930bab8b27175856cba6362608736235?s=96&d=mm&r=g","width":96,"height":96,"caption":"serrafm87"}},{"@type":"WebPage","@id":"https:\/\/serrafm879.com.br\/serrafm\/2025\/01\/bolsonaro-chora-apos-ser-impedido-de-ir-a-posse-de-trump-e-michelle-diz-que-o-ex-presidente-e-perseguido\/#webpage","url":"https:\/\/serrafm879.com.br\/serrafm\/2025\/01\/bolsonaro-chora-apos-ser-impedido-de-ir-a-posse-de-trump-e-michelle-diz-que-o-ex-presidente-e-perseguido\/","name":"Bolsonaro chora ap\u00f3s ser impedido de ir \u00e0 posse de Trump e Michelle diz que o ex presidente \u00e9 perseguido - Serra FM 87,9","description":"Antes de embarcar para a posse do presidente dos Estados Unidos (EUA), Donald Trump, em Washington, a ex-primeira-dama Michelle Bolsonaro afirmou, na manh\u00e3 deste s\u00e1bado (18\/1), que o ex-presidente Jair Bolsonaro (PL) \u00e9 alvo de persegui\u00e7\u00e3o. Para os jornalistas e apoiadores que acompanhavam o embarque, no Aeroporto de Bras\u00edlia, Michelle acrescentou que Bolsonaro enfrenta injusti\u00e7as.","inLanguage":"pt-BR","isPartOf":{"@id":"https:\/\/serrafm879.com.br\/serrafm\/#website"},"breadcrumb":{"@id":"https:\/\/serrafm879.com.br\/serrafm\/2025\/01\/bolsonaro-chora-apos-ser-impedido-de-ir-a-posse-de-trump-e-michelle-diz-que-o-ex-presidente-e-perseguido\/#breadcrumblist"},"author":{"@id":"https:\/\/serrafm879.com.br\/serrafm\/author\/serrafm87\/#author"},"creator":{"@id":"https:\/\/serrafm879.com.br\/serrafm\/author\/serrafm87\/#author"},"image":{"@type":"ImageObject","url":"https:\/\/serrafm879.com.br\/serrafm\/wp-content\/uploads\/2025\/01\/20250118111532323076a.jpg","@id":"https:\/\/serrafm879.com.br\/serrafm\/2025\/01\/bolsonaro-chora-apos-ser-impedido-de-ir-a-posse-de-trump-e-michelle-diz-que-o-ex-presidente-e-perseguido\/#mainImage","width":960,"height":640},"primaryImageOfPage":{"@id":"https:\/\/serrafm879.com.br\/serrafm\/2025\/01\/bolsonaro-chora-apos-ser-impedido-de-ir-a-posse-de-trump-e-michelle-diz-que-o-ex-presidente-e-perseguido\/#mainImage"},"datePublished":"2025-01-18T11:50:58-03:00","dateModified":"2025-01-18T11:52:31-03:00"},{"@type":"WebSite","@id":"https:\/\/serrafm879.com.br\/serrafm\/#website","url":"https:\/\/serrafm879.com.br\/serrafm\/","name":"Serra FM 87,9","description":"O seu novo amor!","inLanguage":"pt-BR","publisher":{"@id":"https:\/\/serrafm879.com.br\/serrafm\/#organization"}}]},"twitter:card":"summary_large_image","twitter:title":"Bolsonaro chora ap\u00f3s ser impedido de ir \u00e0 posse de Trump e Michelle diz que o ex presidente \u00e9 perseguido - Serra FM 87,9","twitter:description":"Antes de embarcar para a posse do presidente dos Estados Unidos (EUA), Donald Trump, em Washington, a ex-primeira-dama Michelle Bolsonaro afirmou, na manh\u00e3 deste s\u00e1bado (18\/1), que o ex-presidente Jair Bolsonaro (PL) \u00e9 alvo de persegui\u00e7\u00e3o. Para os jornalistas e apoiadores que acompanhavam o embarque, no Aeroporto de Bras\u00edlia, Michelle acrescentou que Bolsonaro enfrenta injusti\u00e7as.","twitter:image":"https:\/\/serrafm879.com.br\/serrafm\/wp-content\/uploads\/2025\/01\/20250118111532323076a.jpg"},"aioseo_meta_data":{"post_id":"19928","title":null,"description":null,"keywords":null,"keyphrases":null,"primary_term":null,"canonical_url":null,"og_title":null,"og_description":null,"og_object_type":"default","og_image_type":"default","og_image_custom_url":null,"og_image_custom_fields":null,"og_image_url":null,"og_image_width":null,"og_image_height":null,"og_video":null,"og_custom_url":null,"og_article_section":null,"og_article_tags":null,"twitter_use_og":false,"twitter_card":"default","twitter_image_type":"default","twitter_image_custom_url":null,"twitter_image_custom_fields":null,"twitter_image_url":null,"twitter_title":null,"twitter_description":null,"schema_type":"default","schema_type_options":null,"schema":{"blockGraphs":[],"customGraphs":[],"default":{"data":{"Article":[],"Course":[],"Dataset":[],"FAQPage":[],"Movie":[],"Person":[],"Product":[],"ProductReview":[],"Car":[],"Recipe":[],"Service":[],"SoftwareApplication":[],"WebPage":[]},"graphName":"","isEnabled":true},"graphs":[]},"pillar_content":false,"robots_default":true,"robots_noindex":false,"robots_noarchive":false,"robots_nosnippet":false,"robots_nofollow":false,"robots_noimageindex":false,"robots_noodp":false,"robots_notranslate":false,"robots_max_snippet":null,"robots_max_videopreview":null,"robots_max_imagepreview":"large","priority":null,"frequency":null,"local_seo":null,"limit_modified_date":false,"ai":null,"breadcrumb_settings":null,"seo_analyzer_scan_date":null,"created":"2026-07-21 13:12:23","updated":"2026-07-21 13:12:23"},"aioseo_breadcrumb":"<div class=\"aioseo-breadcrumbs\"><span class=\"aioseo-breadcrumb\">\n\t\t\t<a href=\"https:\/\/serrafm879.com.br\/serrafm\" title=\"Home\">Home<\/a>\n\t\t<\/span><span class=\"aioseo-breadcrumb-separator\">&raquo;<\/span><span class=\"aioseo-breadcrumb\">\n\t\t\t<a href=\"https:\/\/serrafm879.com.br\/serrafm\/categoria\/noticias\/\" title=\"Not\u00edcias\">Not\u00edcias<\/a>\n\t\t<\/span><span class=\"aioseo-breadcrumb-separator\">&raquo;<\/span><span class=\"aioseo-breadcrumb\">\n\t\t\tBolsonaro chora ap\u00f3s ser impedido de ir \u00e0 posse de Trump e Michelle diz que o ex presidente  \u00e9 perseguido\n\t\t<\/span><\/div>","aioseo_breadcrumb_json":[{"label":"Home","link":"https:\/\/serrafm879.com.br\/serrafm"},{"label":"Not\u00edcias","link":"https:\/\/serrafm879.com.br\/serrafm\/categoria\/noticias\/"},{"label":"Bolsonaro chora ap\u00f3s ser impedido de ir \u00e0 posse de Trump e Michelle diz que o ex presidente  \u00e9 perseguido","link":"https:\/\/serrafm879.com.br\/serrafm\/2025\/01\/bolsonaro-chora-apos-ser-impedido-de-ir-a-posse-de-trump-e-michelle-diz-que-o-ex-presidente-e-perseguido\/"}],"jetpack_publicize_connections":[],"jetpack_featured_media_url":"https:\/\/serrafm879.com.br\/serrafm\/wp-content\/uploads\/2025\/01\/20250118111532323076a.jpg","jetpack_shortlink":"https:\/\/wp.me\/p7HyXg-5bq","jetpack_sharing_enabled":true,"_links":{"self":[{"href":"https:\/\/serrafm879.com.br\/serrafm\/wp-json\/wp\/v2\/posts\/19928","targetHints":{"allow":["GET"]}}],"collection":[{"href":"https:\/\/serrafm879.com.br\/serrafm\/wp-json\/wp\/v2\/posts"}],"about":[{"href":"https:\/\/serrafm879.com.br\/serrafm\/wp-json\/wp\/v2\/types\/post"}],"author":[{"embeddable":true,"href":"https:\/\/serrafm879.com.br\/serrafm\/wp-json\/wp\/v2\/users\/2"}],"replies":[{"embeddable":true,"href":"https:\/\/serrafm879.com.br\/serrafm\/wp-json\/wp\/v2\/comments?post=19928"}],"version-history":[{"count":2,"href":"https:\/\/serrafm879.com.br\/serrafm\/wp-json\/wp\/v2\/posts\/19928\/revisions"}],"predecessor-version":[{"id":19931,"href":"https:\/\/serrafm879.com.br\/serrafm\/wp-json\/wp\/v2\/posts\/19928\/revisions\/19931"}],"wp:featuredmedia":[{"embeddable":true,"href":"https:\/\/serrafm879.com.br\/serrafm\/wp-json\/wp\/v2\/media\/19929"}],"wp:attachment":[{"href":"https:\/\/serrafm879.com.br\/serrafm\/wp-json\/wp\/v2\/media?parent=19928"}],"wp:term":[{"taxonomy":"category","embeddable":true,"href":"https:\/\/serrafm879.com.br\/serrafm\/wp-json\/wp\/v2\/categories?post=19928"},{"taxonomy":"post_tag","embeddable":true,"href":"https:\/\/serrafm879.com.br\/serrafm\/wp-json\/wp\/v2\/tags?post=19928"}],"curies":[{"name":"wp","href":"https:\/\/api.w.org\/{rel}","templated":true}]}}