{"id":19946,"date":"2025-01-20T09:52:06","date_gmt":"2025-01-20T12:52:06","guid":{"rendered":"https:\/?p=19946"},"modified":"2025-01-20T09:52:06","modified_gmt":"2025-01-20T12:52:06","slug":"trump-assume-hoje-pela-segunda-vez-a-presidencia-dos-estados-unidos","status":"publish","type":"post","link":"https:\/\/serrafm879.com.br\/serrafm\/2025\/01\/trump-assume-hoje-pela-segunda-vez-a-presidencia-dos-estados-unidos\/","title":{"rendered":"Trump assume hoje pela segunda vez a presid\u00eancia dos Estados Unidos"},"content":{"rendered":"<p>A posse do presidente eleito dos Estados Unidos, Donald Trump, vai reunir aliados pol\u00edticos, magnatas e celebridades nesta segunda-feira (20). A cerim\u00f4nia ser\u00e1 realizada no Capit\u00f3lio, em Washington.<\/p>\n<p>O presidente Luiz In\u00e1cio Lula da Silva (PT) n\u00e3o comparecer\u00e1 \u00e0 cerim\u00f4nia. O Brasil ser\u00e1 representado pela embaixadora do pa\u00eds na capital americana, Maria Luiza Viotti.<\/p>\n<p>Em cerim\u00f4nias de posse no exterior, \u00e9 comum que, por quest\u00f5es de seguran\u00e7a, os diplomatas representem o pa\u00eds \u2014 como no caso brasileiro. Apesar disso, a Reuters j\u00e1 confirmou que o presidente da Argentina, Javier Milei, estar\u00e1 na posse. A primeira-ministra da It\u00e1lia, Giorgia Meloni, tamb\u00e9m \u00e9 esperada.<\/p>\n<p>Advogados do ex-presidente Jair Bolsonaro (PL) afirmam que ele foi convidado. No entanto, o pol\u00edtico n\u00e3o p\u00f4de comparecer ao evento por conta da reten\u00e7\u00e3o de seu passaporte. Na \u00faltima quinta (16), o ministro Alexandre de Moraes, do Supremo Tribunal Federal (STF), rejeitou o pedido de devolu\u00e7\u00e3o do documento. Ap\u00f3s a decis\u00e3o, Bolsonaro disse que ser\u00e1 representado pela esposa, Michelle.<\/p>\n<p>Segundo o site Politico, Trump tamb\u00e9m convidou pol\u00edticos de partidos conservadores da Europa, como Tino Chrupalla, do Alternativa para a Alemanha (AfD), e o espanhol Santiago Abascal, do VOX.<\/p>\n<p>O presidente da R\u00fassia, Vladimir Putin, e Kim Jong-un, l\u00edder da Coreia do Norte, n\u00e3o foram convidados. J\u00e1 Viktor Orb\u00e1n, da Hungria, e Xi Jinping, presidente chin\u00eas, recusaram o convite.<\/p>\n<p>Tamb\u00e9m est\u00e3o entre os convidados Elon Musk, Jeff Bezos e Mark Zuckerberg. O jornal The New York Times aponta que ainda est\u00e1 na lista o CEO do TikTok, Shou Zi Chew. A presen\u00e7a ocorre um dia ap\u00f3s o aplicativo ser suspenso e restabelecido no pa\u00eds.<\/p>\n<p>Quanto aos artistas, est\u00e1 programada uma apresenta\u00e7\u00e3o da cantora Carrie Underwood no Capit\u00f3lio.<\/p>\n<p>&nbsp;<\/p>\n<p>Fonte: Folha do Estado<\/p>\n<p>&nbsp;<\/p>\n<p>&nbsp;<\/p>\n","protected":false},"excerpt":{"rendered":"<p>A posse do presidente eleito dos Estados Unidos, Donald Trump, vai reunir aliados pol\u00edticos, magnatas e celebridades nesta segunda-feira (20). A cerim\u00f4nia ser\u00e1 realizada no Capit\u00f3lio, em Washington. O presidente Luiz In\u00e1cio Lula da Silva (PT) n\u00e3o comparecer\u00e1 \u00e0 cerim\u00f4nia. O Brasil ser\u00e1 representado pela embaixadora do pa\u00eds na capital americana, Maria Luiza Viotti. Em cerim\u00f4nias de posse no exterior, \u00e9 comum que, por quest\u00f5es de seguran\u00e7a, os diplomatas representem o pa\u00eds \u2014 como no caso brasileiro. Apesar disso, a Reuters j\u00e1 confirmou que o presidente da Argentina, Javier Milei, estar\u00e1 na posse. A primeira-ministra da It\u00e1lia, Giorgia Meloni, tamb\u00e9m [&hellip;]<\/p>\n","protected":false},"author":2,"featured_media":19947,"comment_status":"open","ping_status":"open","sticky":false,"template":"","format":"standard","meta":{"_jetpack_newsletter_access":"","_jetpack_dont_email_post_to_subs":false,"_jetpack_newsletter_tier_id":0,"_jetpack_memberships_contains_paywalled_content":false,"_jetpack_feature_clip_id":0,"_jetpack_memberships_contains_paid_content":false,"footnotes":"","jetpack_publicize_message":"","jetpack_publicize_feature_enabled":true,"jetpack_social_post_already_shared":true,"jetpack_social_options":{"image_generator_settings":{"template":"highway","default_image_id":0,"font":"","enabled":false},"version":2},"jetpack_post_was_ever_published":false},"categories":[2],"tags":[],"class_list":["post-19946","post","type-post","status-publish","format-standard","has-post-thumbnail","hentry","category-noticias"],"aioseo_notices":[],"aioseo_head":"\n\t\t<!-- All in One SEO 4.9.10 - aioseo.com -->\n\t<meta name=\"description\" content=\"A posse do presidente eleito dos Estados Unidos, Donald Trump, vai reunir aliados pol\u00edticos, magnatas e celebridades nesta segunda-feira (20). A cerim\u00f4nia ser\u00e1 realizada no Capit\u00f3lio, em Washington. O presidente Luiz In\u00e1cio Lula da Silva (PT) n\u00e3o comparecer\u00e1 \u00e0 cerim\u00f4nia. O Brasil ser\u00e1 representado pela embaixadora do pa\u00eds na capital americana, Maria Luiza Viotti. Em\" \/>\n\t<meta name=\"robots\" content=\"max-image-preview:large\" \/>\n\t<meta name=\"author\" content=\"serrafm87\"\/>\n\t<link rel=\"canonical\" href=\"https:\/\/serrafm879.com.br\/serrafm\/2025\/01\/trump-assume-hoje-pela-segunda-vez-a-presidencia-dos-estados-unidos\/\" \/>\n\t<meta name=\"generator\" content=\"All in One SEO (AIOSEO) 4.9.10\" \/>\n\t\t<meta name=\"twitter:card\" content=\"summary_large_image\" \/>\n\t\t<meta name=\"twitter:title\" content=\"Trump assume hoje pela segunda vez a presid\u00eancia dos Estados Unidos - Serra FM 87,9\" \/>\n\t\t<meta name=\"twitter:description\" content=\"A posse do presidente eleito dos Estados Unidos, Donald Trump, vai reunir aliados pol\u00edticos, magnatas e celebridades nesta segunda-feira (20). A cerim\u00f4nia ser\u00e1 realizada no Capit\u00f3lio, em Washington. O presidente Luiz In\u00e1cio Lula da Silva (PT) n\u00e3o comparecer\u00e1 \u00e0 cerim\u00f4nia. O Brasil ser\u00e1 representado pela embaixadora do pa\u00eds na capital americana, Maria Luiza Viotti. Em\" \/>\n\t\t<meta name=\"twitter:image\" content=\"https:\/\/serrafm879.com.br\/serrafm\/wp-content\/uploads\/2025\/01\/download-1-1.jpg\" \/>\n\t\t<script type=\"application\/ld+json\" class=\"aioseo-schema\">\n\t\t\t{\"@context\":\"https:\\\/\\\/schema.org\",\"@graph\":[{\"@type\":\"BlogPosting\",\"@id\":\"https:\\\/\\\/serrafm879.com.br\\\/serrafm\\\/2025\\\/01\\\/trump-assume-hoje-pela-segunda-vez-a-presidencia-dos-estados-unidos\\\/#blogposting\",\"name\":\"Trump assume hoje pela segunda vez a presid\\u00eancia dos Estados Unidos - Serra FM 87,9\",\"headline\":\"Trump assume hoje pela segunda vez a presid\\u00eancia dos Estados Unidos\",\"author\":{\"@id\":\"https:\\\/\\\/serrafm879.com.br\\\/serrafm\\\/author\\\/serrafm87\\\/#author\"},\"publisher\":{\"@id\":\"https:\\\/\\\/serrafm879.com.br\\\/serrafm\\\/#organization\"},\"image\":{\"@type\":\"ImageObject\",\"url\":\"https:\\\/\\\/serrafm879.com.br\\\/serrafm\\\/wp-content\\\/uploads\\\/2025\\\/01\\\/download-1-1.jpg\",\"width\":290,\"height\":174},\"datePublished\":\"2025-01-20T09:52:06-03:00\",\"dateModified\":\"2025-01-20T09:52:06-03:00\",\"inLanguage\":\"pt-BR\",\"mainEntityOfPage\":{\"@id\":\"https:\\\/\\\/serrafm879.com.br\\\/serrafm\\\/2025\\\/01\\\/trump-assume-hoje-pela-segunda-vez-a-presidencia-dos-estados-unidos\\\/#webpage\"},\"isPartOf\":{\"@id\":\"https:\\\/\\\/serrafm879.com.br\\\/serrafm\\\/2025\\\/01\\\/trump-assume-hoje-pela-segunda-vez-a-presidencia-dos-estados-unidos\\\/#webpage\"},\"articleSection\":\"Not\\u00edcias\"},{\"@type\":\"BreadcrumbList\",\"@id\":\"https:\\\/\\\/serrafm879.com.br\\\/serrafm\\\/2025\\\/01\\\/trump-assume-hoje-pela-segunda-vez-a-presidencia-dos-estados-unidos\\\/#breadcrumblist\",\"itemListElement\":[{\"@type\":\"ListItem\",\"@id\":\"https:\\\/\\\/serrafm879.com.br\\\/serrafm#listItem\",\"position\":1,\"name\":\"Home\",\"item\":\"https:\\\/\\\/serrafm879.com.br\\\/serrafm\",\"nextItem\":{\"@type\":\"ListItem\",\"@id\":\"https:\\\/\\\/serrafm879.com.br\\\/serrafm\\\/categoria\\\/noticias\\\/#listItem\",\"name\":\"Not\\u00edcias\"}},{\"@type\":\"ListItem\",\"@id\":\"https:\\\/\\\/serrafm879.com.br\\\/serrafm\\\/categoria\\\/noticias\\\/#listItem\",\"position\":2,\"name\":\"Not\\u00edcias\",\"item\":\"https:\\\/\\\/serrafm879.com.br\\\/serrafm\\\/categoria\\\/noticias\\\/\",\"nextItem\":{\"@type\":\"ListItem\",\"@id\":\"https:\\\/\\\/serrafm879.com.br\\\/serrafm\\\/2025\\\/01\\\/trump-assume-hoje-pela-segunda-vez-a-presidencia-dos-estados-unidos\\\/#listItem\",\"name\":\"Trump assume hoje pela segunda vez a presid\\u00eancia dos Estados Unidos\"},\"previousItem\":{\"@type\":\"ListItem\",\"@id\":\"https:\\\/\\\/serrafm879.com.br\\\/serrafm#listItem\",\"name\":\"Home\"}},{\"@type\":\"ListItem\",\"@id\":\"https:\\\/\\\/serrafm879.com.br\\\/serrafm\\\/2025\\\/01\\\/trump-assume-hoje-pela-segunda-vez-a-presidencia-dos-estados-unidos\\\/#listItem\",\"position\":3,\"name\":\"Trump assume hoje pela segunda vez a presid\\u00eancia dos Estados Unidos\",\"previousItem\":{\"@type\":\"ListItem\",\"@id\":\"https:\\\/\\\/serrafm879.com.br\\\/serrafm\\\/categoria\\\/noticias\\\/#listItem\",\"name\":\"Not\\u00edcias\"}}]},{\"@type\":\"Organization\",\"@id\":\"https:\\\/\\\/serrafm879.com.br\\\/serrafm\\\/#organization\",\"name\":\"Serra FM 87,9\",\"description\":\"O seu novo amor!\",\"url\":\"https:\\\/\\\/serrafm879.com.br\\\/serrafm\\\/\"},{\"@type\":\"Person\",\"@id\":\"https:\\\/\\\/serrafm879.com.br\\\/serrafm\\\/author\\\/serrafm87\\\/#author\",\"url\":\"https:\\\/\\\/serrafm879.com.br\\\/serrafm\\\/author\\\/serrafm87\\\/\",\"name\":\"serrafm87\",\"image\":{\"@type\":\"ImageObject\",\"@id\":\"https:\\\/\\\/serrafm879.com.br\\\/serrafm\\\/2025\\\/01\\\/trump-assume-hoje-pela-segunda-vez-a-presidencia-dos-estados-unidos\\\/#authorImage\",\"url\":\"https:\\\/\\\/secure.gravatar.com\\\/avatar\\\/a743233f1112d34f48bb3dc9559b76eb930bab8b27175856cba6362608736235?s=96&d=mm&r=g\",\"width\":96,\"height\":96,\"caption\":\"serrafm87\"}},{\"@type\":\"WebPage\",\"@id\":\"https:\\\/\\\/serrafm879.com.br\\\/serrafm\\\/2025\\\/01\\\/trump-assume-hoje-pela-segunda-vez-a-presidencia-dos-estados-unidos\\\/#webpage\",\"url\":\"https:\\\/\\\/serrafm879.com.br\\\/serrafm\\\/2025\\\/01\\\/trump-assume-hoje-pela-segunda-vez-a-presidencia-dos-estados-unidos\\\/\",\"name\":\"Trump assume hoje pela segunda vez a presid\\u00eancia dos Estados Unidos - Serra FM 87,9\",\"description\":\"A posse do presidente eleito dos Estados Unidos, Donald Trump, vai reunir aliados pol\\u00edticos, magnatas e celebridades nesta segunda-feira (20). A cerim\\u00f4nia ser\\u00e1 realizada no Capit\\u00f3lio, em Washington. O presidente Luiz In\\u00e1cio Lula da Silva (PT) n\\u00e3o comparecer\\u00e1 \\u00e0 cerim\\u00f4nia. O Brasil ser\\u00e1 representado pela embaixadora do pa\\u00eds na capital americana, Maria Luiza Viotti. Em\",\"inLanguage\":\"pt-BR\",\"isPartOf\":{\"@id\":\"https:\\\/\\\/serrafm879.com.br\\\/serrafm\\\/#website\"},\"breadcrumb\":{\"@id\":\"https:\\\/\\\/serrafm879.com.br\\\/serrafm\\\/2025\\\/01\\\/trump-assume-hoje-pela-segunda-vez-a-presidencia-dos-estados-unidos\\\/#breadcrumblist\"},\"author\":{\"@id\":\"https:\\\/\\\/serrafm879.com.br\\\/serrafm\\\/author\\\/serrafm87\\\/#author\"},\"creator\":{\"@id\":\"https:\\\/\\\/serrafm879.com.br\\\/serrafm\\\/author\\\/serrafm87\\\/#author\"},\"image\":{\"@type\":\"ImageObject\",\"url\":\"https:\\\/\\\/serrafm879.com.br\\\/serrafm\\\/wp-content\\\/uploads\\\/2025\\\/01\\\/download-1-1.jpg\",\"@id\":\"https:\\\/\\\/serrafm879.com.br\\\/serrafm\\\/2025\\\/01\\\/trump-assume-hoje-pela-segunda-vez-a-presidencia-dos-estados-unidos\\\/#mainImage\",\"width\":290,\"height\":174},\"primaryImageOfPage\":{\"@id\":\"https:\\\/\\\/serrafm879.com.br\\\/serrafm\\\/2025\\\/01\\\/trump-assume-hoje-pela-segunda-vez-a-presidencia-dos-estados-unidos\\\/#mainImage\"},\"datePublished\":\"2025-01-20T09:52:06-03:00\",\"dateModified\":\"2025-01-20T09:52:06-03:00\"},{\"@type\":\"WebSite\",\"@id\":\"https:\\\/\\\/serrafm879.com.br\\\/serrafm\\\/#website\",\"url\":\"https:\\\/\\\/serrafm879.com.br\\\/serrafm\\\/\",\"name\":\"Serra FM 87,9\",\"description\":\"O seu novo amor!\",\"inLanguage\":\"pt-BR\",\"publisher\":{\"@id\":\"https:\\\/\\\/serrafm879.com.br\\\/serrafm\\\/#organization\"}}]}\n\t\t<\/script>\n\t\t<!-- All in One SEO -->\n\n","aioseo_head_json":{"title":"Trump assume hoje pela segunda vez a presid\u00eancia dos Estados Unidos - Serra FM 87,9","description":"A posse do presidente eleito dos Estados Unidos, Donald Trump, vai reunir aliados pol\u00edticos, magnatas e celebridades nesta segunda-feira (20). A cerim\u00f4nia ser\u00e1 realizada no Capit\u00f3lio, em Washington. O presidente Luiz In\u00e1cio Lula da Silva (PT) n\u00e3o comparecer\u00e1 \u00e0 cerim\u00f4nia. O Brasil ser\u00e1 representado pela embaixadora do pa\u00eds na capital americana, Maria Luiza Viotti. Em","canonical_url":"https:\/\/serrafm879.com.br\/serrafm\/2025\/01\/trump-assume-hoje-pela-segunda-vez-a-presidencia-dos-estados-unidos\/","robots":"max-image-preview:large","keywords":"","webmasterTools":{"miscellaneous":""},"schema":{"@context":"https:\/\/schema.org","@graph":[{"@type":"BlogPosting","@id":"https:\/\/serrafm879.com.br\/serrafm\/2025\/01\/trump-assume-hoje-pela-segunda-vez-a-presidencia-dos-estados-unidos\/#blogposting","name":"Trump assume hoje pela segunda vez a presid\u00eancia dos Estados Unidos - Serra FM 87,9","headline":"Trump assume hoje pela segunda vez a presid\u00eancia dos Estados Unidos","author":{"@id":"https:\/\/serrafm879.com.br\/serrafm\/author\/serrafm87\/#author"},"publisher":{"@id":"https:\/\/serrafm879.com.br\/serrafm\/#organization"},"image":{"@type":"ImageObject","url":"https:\/\/serrafm879.com.br\/serrafm\/wp-content\/uploads\/2025\/01\/download-1-1.jpg","width":290,"height":174},"datePublished":"2025-01-20T09:52:06-03:00","dateModified":"2025-01-20T09:52:06-03:00","inLanguage":"pt-BR","mainEntityOfPage":{"@id":"https:\/\/serrafm879.com.br\/serrafm\/2025\/01\/trump-assume-hoje-pela-segunda-vez-a-presidencia-dos-estados-unidos\/#webpage"},"isPartOf":{"@id":"https:\/\/serrafm879.com.br\/serrafm\/2025\/01\/trump-assume-hoje-pela-segunda-vez-a-presidencia-dos-estados-unidos\/#webpage"},"articleSection":"Not\u00edcias"},{"@type":"BreadcrumbList","@id":"https:\/\/serrafm879.com.br\/serrafm\/2025\/01\/trump-assume-hoje-pela-segunda-vez-a-presidencia-dos-estados-unidos\/#breadcrumblist","itemListElement":[{"@type":"ListItem","@id":"https:\/\/serrafm879.com.br\/serrafm#listItem","position":1,"name":"Home","item":"https:\/\/serrafm879.com.br\/serrafm","nextItem":{"@type":"ListItem","@id":"https:\/\/serrafm879.com.br\/serrafm\/categoria\/noticias\/#listItem","name":"Not\u00edcias"}},{"@type":"ListItem","@id":"https:\/\/serrafm879.com.br\/serrafm\/categoria\/noticias\/#listItem","position":2,"name":"Not\u00edcias","item":"https:\/\/serrafm879.com.br\/serrafm\/categoria\/noticias\/","nextItem":{"@type":"ListItem","@id":"https:\/\/serrafm879.com.br\/serrafm\/2025\/01\/trump-assume-hoje-pela-segunda-vez-a-presidencia-dos-estados-unidos\/#listItem","name":"Trump assume hoje pela segunda vez a presid\u00eancia dos Estados Unidos"},"previousItem":{"@type":"ListItem","@id":"https:\/\/serrafm879.com.br\/serrafm#listItem","name":"Home"}},{"@type":"ListItem","@id":"https:\/\/serrafm879.com.br\/serrafm\/2025\/01\/trump-assume-hoje-pela-segunda-vez-a-presidencia-dos-estados-unidos\/#listItem","position":3,"name":"Trump assume hoje pela segunda vez a presid\u00eancia dos Estados Unidos","previousItem":{"@type":"ListItem","@id":"https:\/\/serrafm879.com.br\/serrafm\/categoria\/noticias\/#listItem","name":"Not\u00edcias"}}]},{"@type":"Organization","@id":"https:\/\/serrafm879.com.br\/serrafm\/#organization","name":"Serra FM 87,9","description":"O seu novo amor!","url":"https:\/\/serrafm879.com.br\/serrafm\/"},{"@type":"Person","@id":"https:\/\/serrafm879.com.br\/serrafm\/author\/serrafm87\/#author","url":"https:\/\/serrafm879.com.br\/serrafm\/author\/serrafm87\/","name":"serrafm87","image":{"@type":"ImageObject","@id":"https:\/\/serrafm879.com.br\/serrafm\/2025\/01\/trump-assume-hoje-pela-segunda-vez-a-presidencia-dos-estados-unidos\/#authorImage","url":"https:\/\/secure.gravatar.com\/avatar\/a743233f1112d34f48bb3dc9559b76eb930bab8b27175856cba6362608736235?s=96&d=mm&r=g","width":96,"height":96,"caption":"serrafm87"}},{"@type":"WebPage","@id":"https:\/\/serrafm879.com.br\/serrafm\/2025\/01\/trump-assume-hoje-pela-segunda-vez-a-presidencia-dos-estados-unidos\/#webpage","url":"https:\/\/serrafm879.com.br\/serrafm\/2025\/01\/trump-assume-hoje-pela-segunda-vez-a-presidencia-dos-estados-unidos\/","name":"Trump assume hoje pela segunda vez a presid\u00eancia dos Estados Unidos - Serra FM 87,9","description":"A posse do presidente eleito dos Estados Unidos, Donald Trump, vai reunir aliados pol\u00edticos, magnatas e celebridades nesta segunda-feira (20). A cerim\u00f4nia ser\u00e1 realizada no Capit\u00f3lio, em Washington. O presidente Luiz In\u00e1cio Lula da Silva (PT) n\u00e3o comparecer\u00e1 \u00e0 cerim\u00f4nia. O Brasil ser\u00e1 representado pela embaixadora do pa\u00eds na capital americana, Maria Luiza Viotti. Em","inLanguage":"pt-BR","isPartOf":{"@id":"https:\/\/serrafm879.com.br\/serrafm\/#website"},"breadcrumb":{"@id":"https:\/\/serrafm879.com.br\/serrafm\/2025\/01\/trump-assume-hoje-pela-segunda-vez-a-presidencia-dos-estados-unidos\/#breadcrumblist"},"author":{"@id":"https:\/\/serrafm879.com.br\/serrafm\/author\/serrafm87\/#author"},"creator":{"@id":"https:\/\/serrafm879.com.br\/serrafm\/author\/serrafm87\/#author"},"image":{"@type":"ImageObject","url":"https:\/\/serrafm879.com.br\/serrafm\/wp-content\/uploads\/2025\/01\/download-1-1.jpg","@id":"https:\/\/serrafm879.com.br\/serrafm\/2025\/01\/trump-assume-hoje-pela-segunda-vez-a-presidencia-dos-estados-unidos\/#mainImage","width":290,"height":174},"primaryImageOfPage":{"@id":"https:\/\/serrafm879.com.br\/serrafm\/2025\/01\/trump-assume-hoje-pela-segunda-vez-a-presidencia-dos-estados-unidos\/#mainImage"},"datePublished":"2025-01-20T09:52:06-03:00","dateModified":"2025-01-20T09:52:06-03:00"},{"@type":"WebSite","@id":"https:\/\/serrafm879.com.br\/serrafm\/#website","url":"https:\/\/serrafm879.com.br\/serrafm\/","name":"Serra FM 87,9","description":"O seu novo amor!","inLanguage":"pt-BR","publisher":{"@id":"https:\/\/serrafm879.com.br\/serrafm\/#organization"}}]},"twitter:card":"summary_large_image","twitter:title":"Trump assume hoje pela segunda vez a presid\u00eancia dos Estados Unidos - Serra FM 87,9","twitter:description":"A posse do presidente eleito dos Estados Unidos, Donald Trump, vai reunir aliados pol\u00edticos, magnatas e celebridades nesta segunda-feira (20). A cerim\u00f4nia ser\u00e1 realizada no Capit\u00f3lio, em Washington. O presidente Luiz In\u00e1cio Lula da Silva (PT) n\u00e3o comparecer\u00e1 \u00e0 cerim\u00f4nia. O Brasil ser\u00e1 representado pela embaixadora do pa\u00eds na capital americana, Maria Luiza Viotti. Em","twitter:image":"https:\/\/serrafm879.com.br\/serrafm\/wp-content\/uploads\/2025\/01\/download-1-1.jpg"},"aioseo_meta_data":{"post_id":"19946","title":null,"description":null,"keywords":null,"keyphrases":null,"primary_term":null,"canonical_url":null,"og_title":null,"og_description":null,"og_object_type":"default","og_image_type":"default","og_image_custom_url":null,"og_image_custom_fields":null,"og_image_url":null,"og_image_width":null,"og_image_height":null,"og_video":null,"og_custom_url":null,"og_article_section":null,"og_article_tags":null,"twitter_use_og":false,"twitter_card":"default","twitter_image_type":"default","twitter_image_custom_url":null,"twitter_image_custom_fields":null,"twitter_image_url":null,"twitter_title":null,"twitter_description":null,"schema_type":"default","schema_type_options":null,"schema":{"blockGraphs":[],"customGraphs":[],"default":{"data":{"Article":[],"Course":[],"Dataset":[],"FAQPage":[],"Movie":[],"Person":[],"Product":[],"ProductReview":[],"Car":[],"Recipe":[],"Service":[],"SoftwareApplication":[],"WebPage":[]},"graphName":"","isEnabled":true},"graphs":[]},"pillar_content":false,"robots_default":true,"robots_noindex":false,"robots_noarchive":false,"robots_nosnippet":false,"robots_nofollow":false,"robots_noimageindex":false,"robots_noodp":false,"robots_notranslate":false,"robots_max_snippet":null,"robots_max_videopreview":null,"robots_max_imagepreview":"large","priority":null,"frequency":null,"local_seo":null,"limit_modified_date":false,"ai":null,"breadcrumb_settings":null,"seo_analyzer_scan_date":null,"created":"2026-07-21 13:12:23","updated":"2026-07-21 13:12:23"},"aioseo_breadcrumb":"<div class=\"aioseo-breadcrumbs\"><span class=\"aioseo-breadcrumb\">\n\t\t\t<a href=\"https:\/\/serrafm879.com.br\/serrafm\" title=\"Home\">Home<\/a>\n\t\t<\/span><span class=\"aioseo-breadcrumb-separator\">&raquo;<\/span><span class=\"aioseo-breadcrumb\">\n\t\t\t<a href=\"https:\/\/serrafm879.com.br\/serrafm\/categoria\/noticias\/\" title=\"Not\u00edcias\">Not\u00edcias<\/a>\n\t\t<\/span><span class=\"aioseo-breadcrumb-separator\">&raquo;<\/span><span class=\"aioseo-breadcrumb\">\n\t\t\tTrump assume hoje pela segunda vez a presid\u00eancia dos Estados Unidos\n\t\t<\/span><\/div>","aioseo_breadcrumb_json":[{"label":"Home","link":"https:\/\/serrafm879.com.br\/serrafm"},{"label":"Not\u00edcias","link":"https:\/\/serrafm879.com.br\/serrafm\/categoria\/noticias\/"},{"label":"Trump assume hoje pela segunda vez a presid\u00eancia dos Estados Unidos","link":"https:\/\/serrafm879.com.br\/serrafm\/2025\/01\/trump-assume-hoje-pela-segunda-vez-a-presidencia-dos-estados-unidos\/"}],"jetpack_publicize_connections":[],"jetpack_featured_media_url":"https:\/\/serrafm879.com.br\/serrafm\/wp-content\/uploads\/2025\/01\/download-1-1.jpg","jetpack_shortlink":"https:\/\/wp.me\/p7HyXg-5bI","jetpack_sharing_enabled":true,"_links":{"self":[{"href":"https:\/\/serrafm879.com.br\/serrafm\/wp-json\/wp\/v2\/posts\/19946","targetHints":{"allow":["GET"]}}],"collection":[{"href":"https:\/\/serrafm879.com.br\/serrafm\/wp-json\/wp\/v2\/posts"}],"about":[{"href":"https:\/\/serrafm879.com.br\/serrafm\/wp-json\/wp\/v2\/types\/post"}],"author":[{"embeddable":true,"href":"https:\/\/serrafm879.com.br\/serrafm\/wp-json\/wp\/v2\/users\/2"}],"replies":[{"embeddable":true,"href":"https:\/\/serrafm879.com.br\/serrafm\/wp-json\/wp\/v2\/comments?post=19946"}],"version-history":[{"count":1,"href":"https:\/\/serrafm879.com.br\/serrafm\/wp-json\/wp\/v2\/posts\/19946\/revisions"}],"predecessor-version":[{"id":19948,"href":"https:\/\/serrafm879.com.br\/serrafm\/wp-json\/wp\/v2\/posts\/19946\/revisions\/19948"}],"wp:featuredmedia":[{"embeddable":true,"href":"https:\/\/serrafm879.com.br\/serrafm\/wp-json\/wp\/v2\/media\/19947"}],"wp:attachment":[{"href":"https:\/\/serrafm879.com.br\/serrafm\/wp-json\/wp\/v2\/media?parent=19946"}],"wp:term":[{"taxonomy":"category","embeddable":true,"href":"https:\/\/serrafm879.com.br\/serrafm\/wp-json\/wp\/v2\/categories?post=19946"},{"taxonomy":"post_tag","embeddable":true,"href":"https:\/\/serrafm879.com.br\/serrafm\/wp-json\/wp\/v2\/tags?post=19946"}],"curies":[{"name":"wp","href":"https:\/\/api.w.org\/{rel}","templated":true}]}}