{"id":19952,"date":"2025-01-20T12:02:47","date_gmt":"2025-01-20T15:02:47","guid":{"rendered":"https:\/?p=19952"},"modified":"2025-01-20T12:02:47","modified_gmt":"2025-01-20T15:02:47","slug":"pt-psd-psdb-quem-ficara-com-raquel-lyra-em-2026","status":"publish","type":"post","link":"https:\/\/serrafm879.com.br\/serrafm\/2025\/01\/pt-psd-psdb-quem-ficara-com-raquel-lyra-em-2026\/","title":{"rendered":"PT, PSD, PSDB: quem ficar\u00e1 com Raquel Lyra em 2026?"},"content":{"rendered":"<p>A segunda metade do mandato de Raquel Lyra (PSDB) no Governo de Pernambuco se inicia bem diferente do cen\u00e1rio que a elegeu. Se durante a campanha eleitoral a tucana prezou pela independ\u00eancia e o sigilo sobre seu candidato \u00e0 presid\u00eancia, e aproveitou o apoio de aliados do ex-presidente Jair Bolsonaro (PL), agora ela j\u00e1 \u00e9 considerada \u201cda base\u201d por ministros de Lula (PT), e os petistas estariam cobi\u00e7ando sua filia\u00e7\u00e3o para disputar o pleito de 2026.<\/p>\n<p>A especula\u00e7\u00e3o mais forte \u00e9 de que Lyra trocar\u00e1 o PSDB pelo PSD para oficializar o status de governista e contar com o presidente Lula em seu palanque para a reelei\u00e7\u00e3o, mas sem perder o eleitorado mais \u00e0 direita que a elegeu em 2022. Ambos os partidos est\u00e3o negociando uma fus\u00e3o ou federa\u00e7\u00e3o, o que facilitaria a migra\u00e7\u00e3o.<\/p>\n<p>Na \u00faltima semana, entretanto, medalh\u00f5es petistas tamb\u00e9m demonstraram interesse em ter a governadora em seus quadros, apesar de ainda encontrar resist\u00eancia em alas do Partido dos Trabalhadores, especialmente as mais ligadas ao prefeito Jo\u00e3o Campos (PSB) no Recife.<\/p>\n<p>O diret\u00f3rio estadual do PT aguarda uma defini\u00e7\u00e3o entre Lula e o senador Humberto Costa (PT) para \u2018bater o martelo\u2019 sobre passar para a base do Governo. A entrada na gest\u00e3o pode acontecer atrav\u00e9s de uma vaga no primeiro escal\u00e3o<\/p>\n<p>Independente do partido, os caminhos de Raquel Lyra levam a Lula, mas o petista pode n\u00e3o soltar a m\u00e3o de Jo\u00e3o Campos. O cientista pol\u00edtico Hely Ferreira analisa que os petistas podem tentar subir em dois palanques em 2026 \u2013 e a estrat\u00e9gia pode acabar beneficiando a tucana.<\/p>\n<p>\u201cO PT assumindo uma secretaria e permanecendo at\u00e9 2026 provavelmente repetir\u00e1 os dois palanques que ocorreram aqui quando Eduardo Campos disputou a primeira vez o Governo do Estado. Naquela \u00e9poca, o mais favorecido foi Eduardo, e o PT saiu prejudicado. Agora, seria o contr\u00e1rio. Jo\u00e3o Campos sairia muito mais fragilizado\u201d, analisou.<\/p>\n<p><strong>Do Di\u00e1rio de Pernambuco\u00a0<\/strong><\/p>\n","protected":false},"excerpt":{"rendered":"<p>A segunda metade do mandato de Raquel Lyra (PSDB) no Governo de Pernambuco se inicia bem diferente do cen\u00e1rio que a elegeu. Se durante a campanha eleitoral a tucana prezou pela independ\u00eancia e o sigilo sobre seu candidato \u00e0 presid\u00eancia, e aproveitou o apoio de aliados do ex-presidente Jair Bolsonaro (PL), agora ela j\u00e1 \u00e9 considerada \u201cda base\u201d por ministros de Lula (PT), e os petistas estariam cobi\u00e7ando sua filia\u00e7\u00e3o para disputar o pleito de 2026. A especula\u00e7\u00e3o mais forte \u00e9 de que Lyra trocar\u00e1 o PSDB pelo PSD para oficializar o status de governista e contar com o presidente [&hellip;]<\/p>\n","protected":false},"author":2,"featured_media":15909,"comment_status":"open","ping_status":"open","sticky":false,"template":"","format":"standard","meta":{"_jetpack_newsletter_access":"","_jetpack_dont_email_post_to_subs":false,"_jetpack_newsletter_tier_id":0,"_jetpack_memberships_contains_paywalled_content":false,"_jetpack_feature_clip_id":0,"_jetpack_memberships_contains_paid_content":false,"footnotes":"","jetpack_publicize_message":"","jetpack_publicize_feature_enabled":true,"jetpack_social_post_already_shared":true,"jetpack_social_options":{"image_generator_settings":{"template":"highway","default_image_id":0,"font":"","enabled":false},"version":2},"jetpack_post_was_ever_published":false},"categories":[1],"tags":[],"class_list":["post-19952","post","type-post","status-publish","format-standard","has-post-thumbnail","hentry","category-uncategorized"],"aioseo_notices":[],"aioseo_head":"\n\t\t<!-- All in One SEO 4.9.10 - aioseo.com -->\n\t<meta name=\"description\" content=\"A segunda metade do mandato de Raquel Lyra (PSDB) no Governo de Pernambuco se inicia bem diferente do cen\u00e1rio que a elegeu. Se durante a campanha eleitoral a tucana prezou pela independ\u00eancia e o sigilo sobre seu candidato \u00e0 presid\u00eancia, e aproveitou o apoio de aliados do ex-presidente Jair Bolsonaro (PL), agora ela j\u00e1 \u00e9\" \/>\n\t<meta name=\"robots\" content=\"max-image-preview:large\" \/>\n\t<meta name=\"author\" content=\"serrafm87\"\/>\n\t<link rel=\"canonical\" href=\"https:\/\/serrafm879.com.br\/serrafm\/2025\/01\/pt-psd-psdb-quem-ficara-com-raquel-lyra-em-2026\/\" \/>\n\t<meta name=\"generator\" content=\"All in One SEO (AIOSEO) 4.9.10\" \/>\n\t\t<meta name=\"twitter:card\" content=\"summary_large_image\" \/>\n\t\t<meta name=\"twitter:title\" content=\"PT, PSD, PSDB: quem ficar\u00e1 com Raquel Lyra em 2026? - Serra FM 87,9\" \/>\n\t\t<meta name=\"twitter:description\" content=\"A segunda metade do mandato de Raquel Lyra (PSDB) no Governo de Pernambuco se inicia bem diferente do cen\u00e1rio que a elegeu. Se durante a campanha eleitoral a tucana prezou pela independ\u00eancia e o sigilo sobre seu candidato \u00e0 presid\u00eancia, e aproveitou o apoio de aliados do ex-presidente Jair Bolsonaro (PL), agora ela j\u00e1 \u00e9\" \/>\n\t\t<meta name=\"twitter:image\" content=\"https:\/\/serrafm879.com.br\/serrafm\/wp-content\/uploads\/2024\/04\/1_raquel_lyra_juntos_seguranca_sistema_penitenciario__1_-26482064.jpeg\" \/>\n\t\t<script type=\"application\/ld+json\" class=\"aioseo-schema\">\n\t\t\t{\"@context\":\"https:\\\/\\\/schema.org\",\"@graph\":[{\"@type\":\"BlogPosting\",\"@id\":\"https:\\\/\\\/serrafm879.com.br\\\/serrafm\\\/2025\\\/01\\\/pt-psd-psdb-quem-ficara-com-raquel-lyra-em-2026\\\/#blogposting\",\"name\":\"PT, PSD, PSDB: quem ficar\\u00e1 com Raquel Lyra em 2026? - Serra FM 87,9\",\"headline\":\"PT, PSD, PSDB: quem ficar\\u00e1 com Raquel Lyra em 2026?\",\"author\":{\"@id\":\"https:\\\/\\\/serrafm879.com.br\\\/serrafm\\\/author\\\/serrafm87\\\/#author\"},\"publisher\":{\"@id\":\"https:\\\/\\\/serrafm879.com.br\\\/serrafm\\\/#organization\"},\"image\":{\"@type\":\"ImageObject\",\"url\":\"https:\\\/\\\/serrafm879.com.br\\\/serrafm\\\/wp-content\\\/uploads\\\/2024\\\/04\\\/1_raquel_lyra_juntos_seguranca_sistema_penitenciario__1_-26482064.jpeg\",\"width\":806,\"height\":443},\"datePublished\":\"2025-01-20T12:02:47-03:00\",\"dateModified\":\"2025-01-20T12:02:47-03:00\",\"inLanguage\":\"pt-BR\",\"mainEntityOfPage\":{\"@id\":\"https:\\\/\\\/serrafm879.com.br\\\/serrafm\\\/2025\\\/01\\\/pt-psd-psdb-quem-ficara-com-raquel-lyra-em-2026\\\/#webpage\"},\"isPartOf\":{\"@id\":\"https:\\\/\\\/serrafm879.com.br\\\/serrafm\\\/2025\\\/01\\\/pt-psd-psdb-quem-ficara-com-raquel-lyra-em-2026\\\/#webpage\"},\"articleSection\":\"Uncategorized\"},{\"@type\":\"BreadcrumbList\",\"@id\":\"https:\\\/\\\/serrafm879.com.br\\\/serrafm\\\/2025\\\/01\\\/pt-psd-psdb-quem-ficara-com-raquel-lyra-em-2026\\\/#breadcrumblist\",\"itemListElement\":[{\"@type\":\"ListItem\",\"@id\":\"https:\\\/\\\/serrafm879.com.br\\\/serrafm#listItem\",\"position\":1,\"name\":\"Home\",\"item\":\"https:\\\/\\\/serrafm879.com.br\\\/serrafm\",\"nextItem\":{\"@type\":\"ListItem\",\"@id\":\"https:\\\/\\\/serrafm879.com.br\\\/serrafm\\\/categoria\\\/uncategorized\\\/#listItem\",\"name\":\"Uncategorized\"}},{\"@type\":\"ListItem\",\"@id\":\"https:\\\/\\\/serrafm879.com.br\\\/serrafm\\\/categoria\\\/uncategorized\\\/#listItem\",\"position\":2,\"name\":\"Uncategorized\",\"item\":\"https:\\\/\\\/serrafm879.com.br\\\/serrafm\\\/categoria\\\/uncategorized\\\/\",\"nextItem\":{\"@type\":\"ListItem\",\"@id\":\"https:\\\/\\\/serrafm879.com.br\\\/serrafm\\\/2025\\\/01\\\/pt-psd-psdb-quem-ficara-com-raquel-lyra-em-2026\\\/#listItem\",\"name\":\"PT, PSD, PSDB: quem ficar\\u00e1 com Raquel Lyra em 2026?\"},\"previousItem\":{\"@type\":\"ListItem\",\"@id\":\"https:\\\/\\\/serrafm879.com.br\\\/serrafm#listItem\",\"name\":\"Home\"}},{\"@type\":\"ListItem\",\"@id\":\"https:\\\/\\\/serrafm879.com.br\\\/serrafm\\\/2025\\\/01\\\/pt-psd-psdb-quem-ficara-com-raquel-lyra-em-2026\\\/#listItem\",\"position\":3,\"name\":\"PT, PSD, PSDB: quem ficar\\u00e1 com Raquel Lyra em 2026?\",\"previousItem\":{\"@type\":\"ListItem\",\"@id\":\"https:\\\/\\\/serrafm879.com.br\\\/serrafm\\\/categoria\\\/uncategorized\\\/#listItem\",\"name\":\"Uncategorized\"}}]},{\"@type\":\"Organization\",\"@id\":\"https:\\\/\\\/serrafm879.com.br\\\/serrafm\\\/#organization\",\"name\":\"Serra FM 87,9\",\"description\":\"O seu novo amor!\",\"url\":\"https:\\\/\\\/serrafm879.com.br\\\/serrafm\\\/\"},{\"@type\":\"Person\",\"@id\":\"https:\\\/\\\/serrafm879.com.br\\\/serrafm\\\/author\\\/serrafm87\\\/#author\",\"url\":\"https:\\\/\\\/serrafm879.com.br\\\/serrafm\\\/author\\\/serrafm87\\\/\",\"name\":\"serrafm87\",\"image\":{\"@type\":\"ImageObject\",\"@id\":\"https:\\\/\\\/serrafm879.com.br\\\/serrafm\\\/2025\\\/01\\\/pt-psd-psdb-quem-ficara-com-raquel-lyra-em-2026\\\/#authorImage\",\"url\":\"https:\\\/\\\/secure.gravatar.com\\\/avatar\\\/a743233f1112d34f48bb3dc9559b76eb930bab8b27175856cba6362608736235?s=96&d=mm&r=g\",\"width\":96,\"height\":96,\"caption\":\"serrafm87\"}},{\"@type\":\"WebPage\",\"@id\":\"https:\\\/\\\/serrafm879.com.br\\\/serrafm\\\/2025\\\/01\\\/pt-psd-psdb-quem-ficara-com-raquel-lyra-em-2026\\\/#webpage\",\"url\":\"https:\\\/\\\/serrafm879.com.br\\\/serrafm\\\/2025\\\/01\\\/pt-psd-psdb-quem-ficara-com-raquel-lyra-em-2026\\\/\",\"name\":\"PT, PSD, PSDB: quem ficar\\u00e1 com Raquel Lyra em 2026? - Serra FM 87,9\",\"description\":\"A segunda metade do mandato de Raquel Lyra (PSDB) no Governo de Pernambuco se inicia bem diferente do cen\\u00e1rio que a elegeu. Se durante a campanha eleitoral a tucana prezou pela independ\\u00eancia e o sigilo sobre seu candidato \\u00e0 presid\\u00eancia, e aproveitou o apoio de aliados do ex-presidente Jair Bolsonaro (PL), agora ela j\\u00e1 \\u00e9\",\"inLanguage\":\"pt-BR\",\"isPartOf\":{\"@id\":\"https:\\\/\\\/serrafm879.com.br\\\/serrafm\\\/#website\"},\"breadcrumb\":{\"@id\":\"https:\\\/\\\/serrafm879.com.br\\\/serrafm\\\/2025\\\/01\\\/pt-psd-psdb-quem-ficara-com-raquel-lyra-em-2026\\\/#breadcrumblist\"},\"author\":{\"@id\":\"https:\\\/\\\/serrafm879.com.br\\\/serrafm\\\/author\\\/serrafm87\\\/#author\"},\"creator\":{\"@id\":\"https:\\\/\\\/serrafm879.com.br\\\/serrafm\\\/author\\\/serrafm87\\\/#author\"},\"image\":{\"@type\":\"ImageObject\",\"url\":\"https:\\\/\\\/serrafm879.com.br\\\/serrafm\\\/wp-content\\\/uploads\\\/2024\\\/04\\\/1_raquel_lyra_juntos_seguranca_sistema_penitenciario__1_-26482064.jpeg\",\"@id\":\"https:\\\/\\\/serrafm879.com.br\\\/serrafm\\\/2025\\\/01\\\/pt-psd-psdb-quem-ficara-com-raquel-lyra-em-2026\\\/#mainImage\",\"width\":806,\"height\":443},\"primaryImageOfPage\":{\"@id\":\"https:\\\/\\\/serrafm879.com.br\\\/serrafm\\\/2025\\\/01\\\/pt-psd-psdb-quem-ficara-com-raquel-lyra-em-2026\\\/#mainImage\"},\"datePublished\":\"2025-01-20T12:02:47-03:00\",\"dateModified\":\"2025-01-20T12:02:47-03:00\"},{\"@type\":\"WebSite\",\"@id\":\"https:\\\/\\\/serrafm879.com.br\\\/serrafm\\\/#website\",\"url\":\"https:\\\/\\\/serrafm879.com.br\\\/serrafm\\\/\",\"name\":\"Serra FM 87,9\",\"description\":\"O seu novo amor!\",\"inLanguage\":\"pt-BR\",\"publisher\":{\"@id\":\"https:\\\/\\\/serrafm879.com.br\\\/serrafm\\\/#organization\"}}]}\n\t\t<\/script>\n\t\t<!-- All in One SEO -->\n\n","aioseo_head_json":{"title":"PT, PSD, PSDB: quem ficar\u00e1 com Raquel Lyra em 2026? - Serra FM 87,9","description":"A segunda metade do mandato de Raquel Lyra (PSDB) no Governo de Pernambuco se inicia bem diferente do cen\u00e1rio que a elegeu. Se durante a campanha eleitoral a tucana prezou pela independ\u00eancia e o sigilo sobre seu candidato \u00e0 presid\u00eancia, e aproveitou o apoio de aliados do ex-presidente Jair Bolsonaro (PL), agora ela j\u00e1 \u00e9","canonical_url":"https:\/\/serrafm879.com.br\/serrafm\/2025\/01\/pt-psd-psdb-quem-ficara-com-raquel-lyra-em-2026\/","robots":"max-image-preview:large","keywords":"","webmasterTools":{"miscellaneous":""},"schema":{"@context":"https:\/\/schema.org","@graph":[{"@type":"BlogPosting","@id":"https:\/\/serrafm879.com.br\/serrafm\/2025\/01\/pt-psd-psdb-quem-ficara-com-raquel-lyra-em-2026\/#blogposting","name":"PT, PSD, PSDB: quem ficar\u00e1 com Raquel Lyra em 2026? - Serra FM 87,9","headline":"PT, PSD, PSDB: quem ficar\u00e1 com Raquel Lyra em 2026?","author":{"@id":"https:\/\/serrafm879.com.br\/serrafm\/author\/serrafm87\/#author"},"publisher":{"@id":"https:\/\/serrafm879.com.br\/serrafm\/#organization"},"image":{"@type":"ImageObject","url":"https:\/\/serrafm879.com.br\/serrafm\/wp-content\/uploads\/2024\/04\/1_raquel_lyra_juntos_seguranca_sistema_penitenciario__1_-26482064.jpeg","width":806,"height":443},"datePublished":"2025-01-20T12:02:47-03:00","dateModified":"2025-01-20T12:02:47-03:00","inLanguage":"pt-BR","mainEntityOfPage":{"@id":"https:\/\/serrafm879.com.br\/serrafm\/2025\/01\/pt-psd-psdb-quem-ficara-com-raquel-lyra-em-2026\/#webpage"},"isPartOf":{"@id":"https:\/\/serrafm879.com.br\/serrafm\/2025\/01\/pt-psd-psdb-quem-ficara-com-raquel-lyra-em-2026\/#webpage"},"articleSection":"Uncategorized"},{"@type":"BreadcrumbList","@id":"https:\/\/serrafm879.com.br\/serrafm\/2025\/01\/pt-psd-psdb-quem-ficara-com-raquel-lyra-em-2026\/#breadcrumblist","itemListElement":[{"@type":"ListItem","@id":"https:\/\/serrafm879.com.br\/serrafm#listItem","position":1,"name":"Home","item":"https:\/\/serrafm879.com.br\/serrafm","nextItem":{"@type":"ListItem","@id":"https:\/\/serrafm879.com.br\/serrafm\/categoria\/uncategorized\/#listItem","name":"Uncategorized"}},{"@type":"ListItem","@id":"https:\/\/serrafm879.com.br\/serrafm\/categoria\/uncategorized\/#listItem","position":2,"name":"Uncategorized","item":"https:\/\/serrafm879.com.br\/serrafm\/categoria\/uncategorized\/","nextItem":{"@type":"ListItem","@id":"https:\/\/serrafm879.com.br\/serrafm\/2025\/01\/pt-psd-psdb-quem-ficara-com-raquel-lyra-em-2026\/#listItem","name":"PT, PSD, PSDB: quem ficar\u00e1 com Raquel Lyra em 2026?"},"previousItem":{"@type":"ListItem","@id":"https:\/\/serrafm879.com.br\/serrafm#listItem","name":"Home"}},{"@type":"ListItem","@id":"https:\/\/serrafm879.com.br\/serrafm\/2025\/01\/pt-psd-psdb-quem-ficara-com-raquel-lyra-em-2026\/#listItem","position":3,"name":"PT, PSD, PSDB: quem ficar\u00e1 com Raquel Lyra em 2026?","previousItem":{"@type":"ListItem","@id":"https:\/\/serrafm879.com.br\/serrafm\/categoria\/uncategorized\/#listItem","name":"Uncategorized"}}]},{"@type":"Organization","@id":"https:\/\/serrafm879.com.br\/serrafm\/#organization","name":"Serra FM 87,9","description":"O seu novo amor!","url":"https:\/\/serrafm879.com.br\/serrafm\/"},{"@type":"Person","@id":"https:\/\/serrafm879.com.br\/serrafm\/author\/serrafm87\/#author","url":"https:\/\/serrafm879.com.br\/serrafm\/author\/serrafm87\/","name":"serrafm87","image":{"@type":"ImageObject","@id":"https:\/\/serrafm879.com.br\/serrafm\/2025\/01\/pt-psd-psdb-quem-ficara-com-raquel-lyra-em-2026\/#authorImage","url":"https:\/\/secure.gravatar.com\/avatar\/a743233f1112d34f48bb3dc9559b76eb930bab8b27175856cba6362608736235?s=96&d=mm&r=g","width":96,"height":96,"caption":"serrafm87"}},{"@type":"WebPage","@id":"https:\/\/serrafm879.com.br\/serrafm\/2025\/01\/pt-psd-psdb-quem-ficara-com-raquel-lyra-em-2026\/#webpage","url":"https:\/\/serrafm879.com.br\/serrafm\/2025\/01\/pt-psd-psdb-quem-ficara-com-raquel-lyra-em-2026\/","name":"PT, PSD, PSDB: quem ficar\u00e1 com Raquel Lyra em 2026? - Serra FM 87,9","description":"A segunda metade do mandato de Raquel Lyra (PSDB) no Governo de Pernambuco se inicia bem diferente do cen\u00e1rio que a elegeu. Se durante a campanha eleitoral a tucana prezou pela independ\u00eancia e o sigilo sobre seu candidato \u00e0 presid\u00eancia, e aproveitou o apoio de aliados do ex-presidente Jair Bolsonaro (PL), agora ela j\u00e1 \u00e9","inLanguage":"pt-BR","isPartOf":{"@id":"https:\/\/serrafm879.com.br\/serrafm\/#website"},"breadcrumb":{"@id":"https:\/\/serrafm879.com.br\/serrafm\/2025\/01\/pt-psd-psdb-quem-ficara-com-raquel-lyra-em-2026\/#breadcrumblist"},"author":{"@id":"https:\/\/serrafm879.com.br\/serrafm\/author\/serrafm87\/#author"},"creator":{"@id":"https:\/\/serrafm879.com.br\/serrafm\/author\/serrafm87\/#author"},"image":{"@type":"ImageObject","url":"https:\/\/serrafm879.com.br\/serrafm\/wp-content\/uploads\/2024\/04\/1_raquel_lyra_juntos_seguranca_sistema_penitenciario__1_-26482064.jpeg","@id":"https:\/\/serrafm879.com.br\/serrafm\/2025\/01\/pt-psd-psdb-quem-ficara-com-raquel-lyra-em-2026\/#mainImage","width":806,"height":443},"primaryImageOfPage":{"@id":"https:\/\/serrafm879.com.br\/serrafm\/2025\/01\/pt-psd-psdb-quem-ficara-com-raquel-lyra-em-2026\/#mainImage"},"datePublished":"2025-01-20T12:02:47-03:00","dateModified":"2025-01-20T12:02:47-03:00"},{"@type":"WebSite","@id":"https:\/\/serrafm879.com.br\/serrafm\/#website","url":"https:\/\/serrafm879.com.br\/serrafm\/","name":"Serra FM 87,9","description":"O seu novo amor!","inLanguage":"pt-BR","publisher":{"@id":"https:\/\/serrafm879.com.br\/serrafm\/#organization"}}]},"twitter:card":"summary_large_image","twitter:title":"PT, PSD, PSDB: quem ficar\u00e1 com Raquel Lyra em 2026? - Serra FM 87,9","twitter:description":"A segunda metade do mandato de Raquel Lyra (PSDB) no Governo de Pernambuco se inicia bem diferente do cen\u00e1rio que a elegeu. Se durante a campanha eleitoral a tucana prezou pela independ\u00eancia e o sigilo sobre seu candidato \u00e0 presid\u00eancia, e aproveitou o apoio de aliados do ex-presidente Jair Bolsonaro (PL), agora ela j\u00e1 \u00e9","twitter:image":"https:\/\/serrafm879.com.br\/serrafm\/wp-content\/uploads\/2024\/04\/1_raquel_lyra_juntos_seguranca_sistema_penitenciario__1_-26482064.jpeg"},"aioseo_meta_data":{"post_id":"19952","title":null,"description":null,"keywords":null,"keyphrases":null,"primary_term":null,"canonical_url":null,"og_title":null,"og_description":null,"og_object_type":"default","og_image_type":"default","og_image_custom_url":null,"og_image_custom_fields":null,"og_image_url":null,"og_image_width":null,"og_image_height":null,"og_video":null,"og_custom_url":null,"og_article_section":null,"og_article_tags":null,"twitter_use_og":false,"twitter_card":"default","twitter_image_type":"default","twitter_image_custom_url":null,"twitter_image_custom_fields":null,"twitter_image_url":null,"twitter_title":null,"twitter_description":null,"schema_type":"default","schema_type_options":null,"schema":{"blockGraphs":[],"customGraphs":[],"default":{"data":{"Article":[],"Course":[],"Dataset":[],"FAQPage":[],"Movie":[],"Person":[],"Product":[],"ProductReview":[],"Car":[],"Recipe":[],"Service":[],"SoftwareApplication":[],"WebPage":[]},"graphName":"","isEnabled":true},"graphs":[]},"pillar_content":false,"robots_default":true,"robots_noindex":false,"robots_noarchive":false,"robots_nosnippet":false,"robots_nofollow":false,"robots_noimageindex":false,"robots_noodp":false,"robots_notranslate":false,"robots_max_snippet":null,"robots_max_videopreview":null,"robots_max_imagepreview":"large","priority":null,"frequency":null,"local_seo":null,"limit_modified_date":false,"ai":null,"breadcrumb_settings":null,"seo_analyzer_scan_date":null,"created":"2026-07-21 13:13:47","updated":"2026-07-21 13:13:47"},"aioseo_breadcrumb":"<div class=\"aioseo-breadcrumbs\"><span class=\"aioseo-breadcrumb\">\n\t\t\t<a href=\"https:\/\/serrafm879.com.br\/serrafm\" title=\"Home\">Home<\/a>\n\t\t<\/span><span class=\"aioseo-breadcrumb-separator\">&raquo;<\/span><span class=\"aioseo-breadcrumb\">\n\t\t\t<a href=\"https:\/\/serrafm879.com.br\/serrafm\/categoria\/uncategorized\/\" title=\"Uncategorized\">Uncategorized<\/a>\n\t\t<\/span><span class=\"aioseo-breadcrumb-separator\">&raquo;<\/span><span class=\"aioseo-breadcrumb\">\n\t\t\tPT, PSD, PSDB: quem ficar\u00e1 com Raquel Lyra em 2026?\n\t\t<\/span><\/div>","aioseo_breadcrumb_json":[{"label":"Home","link":"https:\/\/serrafm879.com.br\/serrafm"},{"label":"Uncategorized","link":"https:\/\/serrafm879.com.br\/serrafm\/categoria\/uncategorized\/"},{"label":"PT, PSD, PSDB: quem ficar\u00e1 com Raquel Lyra em 2026?","link":"https:\/\/serrafm879.com.br\/serrafm\/2025\/01\/pt-psd-psdb-quem-ficara-com-raquel-lyra-em-2026\/"}],"jetpack_publicize_connections":[],"jetpack_featured_media_url":"https:\/\/serrafm879.com.br\/serrafm\/wp-content\/uploads\/2024\/04\/1_raquel_lyra_juntos_seguranca_sistema_penitenciario__1_-26482064.jpeg","jetpack_shortlink":"https:\/\/wp.me\/p7HyXg-5bO","jetpack_sharing_enabled":true,"_links":{"self":[{"href":"https:\/\/serrafm879.com.br\/serrafm\/wp-json\/wp\/v2\/posts\/19952","targetHints":{"allow":["GET"]}}],"collection":[{"href":"https:\/\/serrafm879.com.br\/serrafm\/wp-json\/wp\/v2\/posts"}],"about":[{"href":"https:\/\/serrafm879.com.br\/serrafm\/wp-json\/wp\/v2\/types\/post"}],"author":[{"embeddable":true,"href":"https:\/\/serrafm879.com.br\/serrafm\/wp-json\/wp\/v2\/users\/2"}],"replies":[{"embeddable":true,"href":"https:\/\/serrafm879.com.br\/serrafm\/wp-json\/wp\/v2\/comments?post=19952"}],"version-history":[{"count":1,"href":"https:\/\/serrafm879.com.br\/serrafm\/wp-json\/wp\/v2\/posts\/19952\/revisions"}],"predecessor-version":[{"id":19953,"href":"https:\/\/serrafm879.com.br\/serrafm\/wp-json\/wp\/v2\/posts\/19952\/revisions\/19953"}],"wp:featuredmedia":[{"embeddable":true,"href":"https:\/\/serrafm879.com.br\/serrafm\/wp-json\/wp\/v2\/media\/15909"}],"wp:attachment":[{"href":"https:\/\/serrafm879.com.br\/serrafm\/wp-json\/wp\/v2\/media?parent=19952"}],"wp:term":[{"taxonomy":"category","embeddable":true,"href":"https:\/\/serrafm879.com.br\/serrafm\/wp-json\/wp\/v2\/categories?post=19952"},{"taxonomy":"post_tag","embeddable":true,"href":"https:\/\/serrafm879.com.br\/serrafm\/wp-json\/wp\/v2\/tags?post=19952"}],"curies":[{"name":"wp","href":"https:\/\/api.w.org\/{rel}","templated":true}]}}