{"id":19958,"date":"2025-01-20T17:47:29","date_gmt":"2025-01-20T20:47:29","guid":{"rendered":"https:\/?p=19958"},"modified":"2025-01-20T17:47:29","modified_gmt":"2025-01-20T20:47:29","slug":"bolsonaro-diz-que-eduardo-o-representa-na-posse-de-trump-e-que-michelle-nao-trata-desses-assuntos","status":"publish","type":"post","link":"https:\/\/serrafm879.com.br\/serrafm\/2025\/01\/bolsonaro-diz-que-eduardo-o-representa-na-posse-de-trump-e-que-michelle-nao-trata-desses-assuntos\/","title":{"rendered":"Bolsonaro diz que Eduardo o representa na posse de Trump e que Michelle \u2018n\u00e3o trata desses assuntos\u2019"},"content":{"rendered":"<p>O ex-presidente Jair Bolsonaro (PL) afirmou na segunda-feira, 20, que est\u00e1 sendo representado na posse de Donald Trump, nos EUA, pelo seu filho Eduardo Bolsonaro (PL-SP), deputado federal. J\u00e1 sua mulher, Michelle Bolsonaro (PL) \u201cn\u00e3o trata desses assuntos\u201d, segundo ele, em entrevista ao portal Auriverde Brasil.<\/p>\n<p>De acordo com ele, Eduardo possui \u201cconfian\u00e7a 100%\u201d e uma rela\u00e7\u00e3o pr\u00f3xima com a fam\u00edlia de Trump. \u201cEst\u00e1 l\u00e1 o Eduardo, que me representa, na verdade \u00e9 meu filho. Est\u00e1 l\u00e1 com a Michelle nos Estados Unidos, que obviamente n\u00e3o trata desses assuntos. O Eduardo fala ingl\u00eas, j\u00e1 est\u00e1 dominando o \u00e1rabe e tem boa rela\u00e7\u00e3o com a fam\u00edlia do Trump\u201d, afirmou.<\/p>\n<p>O ex-presidente classificou a presen\u00e7a de Michelle na posse como discreta: \u201cMinha esposa est\u00e1 l\u00e1, fazendo o trabalho dela, muito discreto. Logicamente, eu queria estar ao lado dela\u201d, comentou. Bolsonaro continua: \u201cPor isso a gente chora, por que n\u00e3o chora? Ou eu sou uma m\u00e1quina? Eu tenho as minhas fraquezas\u201d.<\/p>\n<p>Do Estad\u00e3o.<\/p>\n","protected":false},"excerpt":{"rendered":"<p>O ex-presidente Jair Bolsonaro (PL) afirmou na segunda-feira, 20, que est\u00e1 sendo representado na posse de Donald Trump, nos EUA, pelo seu filho Eduardo Bolsonaro (PL-SP), deputado federal. J\u00e1 sua mulher, Michelle Bolsonaro (PL) \u201cn\u00e3o trata desses assuntos\u201d, segundo ele, em entrevista ao portal Auriverde Brasil. De acordo com ele, Eduardo possui \u201cconfian\u00e7a 100%\u201d e uma rela\u00e7\u00e3o pr\u00f3xima com a fam\u00edlia de Trump. \u201cEst\u00e1 l\u00e1 o Eduardo, que me representa, na verdade \u00e9 meu filho. Est\u00e1 l\u00e1 com a Michelle nos Estados Unidos, que obviamente n\u00e3o trata desses assuntos. O Eduardo fala ingl\u00eas, j\u00e1 est\u00e1 dominando o \u00e1rabe e tem [&hellip;]<\/p>\n","protected":false},"author":2,"featured_media":19959,"comment_status":"open","ping_status":"open","sticky":false,"template":"","format":"standard","meta":{"_jetpack_newsletter_access":"","_jetpack_dont_email_post_to_subs":false,"_jetpack_newsletter_tier_id":0,"_jetpack_memberships_contains_paywalled_content":false,"_jetpack_feature_clip_id":0,"_jetpack_memberships_contains_paid_content":false,"footnotes":"","jetpack_publicize_message":"","jetpack_publicize_feature_enabled":true,"jetpack_social_post_already_shared":true,"jetpack_social_options":{"image_generator_settings":{"template":"highway","default_image_id":0,"font":"","enabled":false},"version":2},"jetpack_post_was_ever_published":false},"categories":[149],"tags":[],"class_list":["post-19958","post","type-post","status-publish","format-standard","has-post-thumbnail","hentry","category-brasil"],"aioseo_notices":[],"aioseo_head":"\n\t\t<!-- All in One SEO 4.9.10 - aioseo.com -->\n\t<meta name=\"description\" content=\"O ex-presidente Jair Bolsonaro (PL) afirmou na segunda-feira, 20, que est\u00e1 sendo representado na posse de Donald Trump, nos EUA, pelo seu filho Eduardo Bolsonaro (PL-SP), deputado federal. J\u00e1 sua mulher, Michelle Bolsonaro (PL) \u201cn\u00e3o trata desses assuntos\u201d, segundo ele, em entrevista ao portal Auriverde Brasil. De acordo com ele, Eduardo possui \u201cconfian\u00e7a 100%\u201d e\" \/>\n\t<meta name=\"robots\" content=\"max-image-preview:large\" \/>\n\t<meta name=\"author\" content=\"serrafm87\"\/>\n\t<link rel=\"canonical\" href=\"https:\/\/serrafm879.com.br\/serrafm\/2025\/01\/bolsonaro-diz-que-eduardo-o-representa-na-posse-de-trump-e-que-michelle-nao-trata-desses-assuntos\/\" \/>\n\t<meta name=\"generator\" content=\"All in One SEO (AIOSEO) 4.9.10\" \/>\n\t\t<meta name=\"twitter:card\" content=\"summary_large_image\" \/>\n\t\t<meta name=\"twitter:title\" content=\"Bolsonaro diz que Eduardo o representa na posse de Trump e que Michelle \u2018n\u00e3o trata desses assuntos\u2019 - Serra FM 87,9\" \/>\n\t\t<meta name=\"twitter:description\" content=\"O ex-presidente Jair Bolsonaro (PL) afirmou na segunda-feira, 20, que est\u00e1 sendo representado na posse de Donald Trump, nos EUA, pelo seu filho Eduardo Bolsonaro (PL-SP), deputado federal. J\u00e1 sua mulher, Michelle Bolsonaro (PL) \u201cn\u00e3o trata desses assuntos\u201d, segundo ele, em entrevista ao portal Auriverde Brasil. De acordo com ele, Eduardo possui \u201cconfian\u00e7a 100%\u201d e\" \/>\n\t\t<meta name=\"twitter:image\" content=\"https:\/\/serrafm879.com.br\/serrafm\/wp-content\/uploads\/2025\/01\/image-37.jpg\" \/>\n\t\t<script type=\"application\/ld+json\" class=\"aioseo-schema\">\n\t\t\t{\"@context\":\"https:\\\/\\\/schema.org\",\"@graph\":[{\"@type\":\"BlogPosting\",\"@id\":\"https:\\\/\\\/serrafm879.com.br\\\/serrafm\\\/2025\\\/01\\\/bolsonaro-diz-que-eduardo-o-representa-na-posse-de-trump-e-que-michelle-nao-trata-desses-assuntos\\\/#blogposting\",\"name\":\"Bolsonaro diz que Eduardo o representa na posse de Trump e que Michelle \\u2018n\\u00e3o trata desses assuntos\\u2019 - Serra FM 87,9\",\"headline\":\"Bolsonaro diz que Eduardo o representa na posse de Trump e que Michelle \\u2018n\\u00e3o trata desses assuntos\\u2019\",\"author\":{\"@id\":\"https:\\\/\\\/serrafm879.com.br\\\/serrafm\\\/author\\\/serrafm87\\\/#author\"},\"publisher\":{\"@id\":\"https:\\\/\\\/serrafm879.com.br\\\/serrafm\\\/#organization\"},\"image\":{\"@type\":\"ImageObject\",\"url\":\"https:\\\/\\\/serrafm879.com.br\\\/serrafm\\\/wp-content\\\/uploads\\\/2025\\\/01\\\/image-37.jpg\",\"width\":925,\"height\":609},\"datePublished\":\"2025-01-20T17:47:29-03:00\",\"dateModified\":\"2025-01-20T17:47:29-03:00\",\"inLanguage\":\"pt-BR\",\"mainEntityOfPage\":{\"@id\":\"https:\\\/\\\/serrafm879.com.br\\\/serrafm\\\/2025\\\/01\\\/bolsonaro-diz-que-eduardo-o-representa-na-posse-de-trump-e-que-michelle-nao-trata-desses-assuntos\\\/#webpage\"},\"isPartOf\":{\"@id\":\"https:\\\/\\\/serrafm879.com.br\\\/serrafm\\\/2025\\\/01\\\/bolsonaro-diz-que-eduardo-o-representa-na-posse-de-trump-e-que-michelle-nao-trata-desses-assuntos\\\/#webpage\"},\"articleSection\":\"Brasil\"},{\"@type\":\"BreadcrumbList\",\"@id\":\"https:\\\/\\\/serrafm879.com.br\\\/serrafm\\\/2025\\\/01\\\/bolsonaro-diz-que-eduardo-o-representa-na-posse-de-trump-e-que-michelle-nao-trata-desses-assuntos\\\/#breadcrumblist\",\"itemListElement\":[{\"@type\":\"ListItem\",\"@id\":\"https:\\\/\\\/serrafm879.com.br\\\/serrafm#listItem\",\"position\":1,\"name\":\"Home\",\"item\":\"https:\\\/\\\/serrafm879.com.br\\\/serrafm\",\"nextItem\":{\"@type\":\"ListItem\",\"@id\":\"https:\\\/\\\/serrafm879.com.br\\\/serrafm\\\/categoria\\\/brasil\\\/#listItem\",\"name\":\"Brasil\"}},{\"@type\":\"ListItem\",\"@id\":\"https:\\\/\\\/serrafm879.com.br\\\/serrafm\\\/categoria\\\/brasil\\\/#listItem\",\"position\":2,\"name\":\"Brasil\",\"item\":\"https:\\\/\\\/serrafm879.com.br\\\/serrafm\\\/categoria\\\/brasil\\\/\",\"nextItem\":{\"@type\":\"ListItem\",\"@id\":\"https:\\\/\\\/serrafm879.com.br\\\/serrafm\\\/2025\\\/01\\\/bolsonaro-diz-que-eduardo-o-representa-na-posse-de-trump-e-que-michelle-nao-trata-desses-assuntos\\\/#listItem\",\"name\":\"Bolsonaro diz que Eduardo o representa na posse de Trump e que Michelle \\u2018n\\u00e3o trata desses assuntos\\u2019\"},\"previousItem\":{\"@type\":\"ListItem\",\"@id\":\"https:\\\/\\\/serrafm879.com.br\\\/serrafm#listItem\",\"name\":\"Home\"}},{\"@type\":\"ListItem\",\"@id\":\"https:\\\/\\\/serrafm879.com.br\\\/serrafm\\\/2025\\\/01\\\/bolsonaro-diz-que-eduardo-o-representa-na-posse-de-trump-e-que-michelle-nao-trata-desses-assuntos\\\/#listItem\",\"position\":3,\"name\":\"Bolsonaro diz que Eduardo o representa na posse de Trump e que Michelle \\u2018n\\u00e3o trata desses assuntos\\u2019\",\"previousItem\":{\"@type\":\"ListItem\",\"@id\":\"https:\\\/\\\/serrafm879.com.br\\\/serrafm\\\/categoria\\\/brasil\\\/#listItem\",\"name\":\"Brasil\"}}]},{\"@type\":\"Organization\",\"@id\":\"https:\\\/\\\/serrafm879.com.br\\\/serrafm\\\/#organization\",\"name\":\"Serra FM 87,9\",\"description\":\"O seu novo amor!\",\"url\":\"https:\\\/\\\/serrafm879.com.br\\\/serrafm\\\/\"},{\"@type\":\"Person\",\"@id\":\"https:\\\/\\\/serrafm879.com.br\\\/serrafm\\\/author\\\/serrafm87\\\/#author\",\"url\":\"https:\\\/\\\/serrafm879.com.br\\\/serrafm\\\/author\\\/serrafm87\\\/\",\"name\":\"serrafm87\",\"image\":{\"@type\":\"ImageObject\",\"@id\":\"https:\\\/\\\/serrafm879.com.br\\\/serrafm\\\/2025\\\/01\\\/bolsonaro-diz-que-eduardo-o-representa-na-posse-de-trump-e-que-michelle-nao-trata-desses-assuntos\\\/#authorImage\",\"url\":\"https:\\\/\\\/secure.gravatar.com\\\/avatar\\\/a743233f1112d34f48bb3dc9559b76eb930bab8b27175856cba6362608736235?s=96&d=mm&r=g\",\"width\":96,\"height\":96,\"caption\":\"serrafm87\"}},{\"@type\":\"WebPage\",\"@id\":\"https:\\\/\\\/serrafm879.com.br\\\/serrafm\\\/2025\\\/01\\\/bolsonaro-diz-que-eduardo-o-representa-na-posse-de-trump-e-que-michelle-nao-trata-desses-assuntos\\\/#webpage\",\"url\":\"https:\\\/\\\/serrafm879.com.br\\\/serrafm\\\/2025\\\/01\\\/bolsonaro-diz-que-eduardo-o-representa-na-posse-de-trump-e-que-michelle-nao-trata-desses-assuntos\\\/\",\"name\":\"Bolsonaro diz que Eduardo o representa na posse de Trump e que Michelle \\u2018n\\u00e3o trata desses assuntos\\u2019 - Serra FM 87,9\",\"description\":\"O ex-presidente Jair Bolsonaro (PL) afirmou na segunda-feira, 20, que est\\u00e1 sendo representado na posse de Donald Trump, nos EUA, pelo seu filho Eduardo Bolsonaro (PL-SP), deputado federal. J\\u00e1 sua mulher, Michelle Bolsonaro (PL) \\u201cn\\u00e3o trata desses assuntos\\u201d, segundo ele, em entrevista ao portal Auriverde Brasil. De acordo com ele, Eduardo possui \\u201cconfian\\u00e7a 100%\\u201d e\",\"inLanguage\":\"pt-BR\",\"isPartOf\":{\"@id\":\"https:\\\/\\\/serrafm879.com.br\\\/serrafm\\\/#website\"},\"breadcrumb\":{\"@id\":\"https:\\\/\\\/serrafm879.com.br\\\/serrafm\\\/2025\\\/01\\\/bolsonaro-diz-que-eduardo-o-representa-na-posse-de-trump-e-que-michelle-nao-trata-desses-assuntos\\\/#breadcrumblist\"},\"author\":{\"@id\":\"https:\\\/\\\/serrafm879.com.br\\\/serrafm\\\/author\\\/serrafm87\\\/#author\"},\"creator\":{\"@id\":\"https:\\\/\\\/serrafm879.com.br\\\/serrafm\\\/author\\\/serrafm87\\\/#author\"},\"image\":{\"@type\":\"ImageObject\",\"url\":\"https:\\\/\\\/serrafm879.com.br\\\/serrafm\\\/wp-content\\\/uploads\\\/2025\\\/01\\\/image-37.jpg\",\"@id\":\"https:\\\/\\\/serrafm879.com.br\\\/serrafm\\\/2025\\\/01\\\/bolsonaro-diz-que-eduardo-o-representa-na-posse-de-trump-e-que-michelle-nao-trata-desses-assuntos\\\/#mainImage\",\"width\":925,\"height\":609},\"primaryImageOfPage\":{\"@id\":\"https:\\\/\\\/serrafm879.com.br\\\/serrafm\\\/2025\\\/01\\\/bolsonaro-diz-que-eduardo-o-representa-na-posse-de-trump-e-que-michelle-nao-trata-desses-assuntos\\\/#mainImage\"},\"datePublished\":\"2025-01-20T17:47:29-03:00\",\"dateModified\":\"2025-01-20T17:47:29-03:00\"},{\"@type\":\"WebSite\",\"@id\":\"https:\\\/\\\/serrafm879.com.br\\\/serrafm\\\/#website\",\"url\":\"https:\\\/\\\/serrafm879.com.br\\\/serrafm\\\/\",\"name\":\"Serra FM 87,9\",\"description\":\"O seu novo amor!\",\"inLanguage\":\"pt-BR\",\"publisher\":{\"@id\":\"https:\\\/\\\/serrafm879.com.br\\\/serrafm\\\/#organization\"}}]}\n\t\t<\/script>\n\t\t<!-- All in One SEO -->\n\n","aioseo_head_json":{"title":"Bolsonaro diz que Eduardo o representa na posse de Trump e que Michelle \u2018n\u00e3o trata desses assuntos\u2019 - Serra FM 87,9","description":"O ex-presidente Jair Bolsonaro (PL) afirmou na segunda-feira, 20, que est\u00e1 sendo representado na posse de Donald Trump, nos EUA, pelo seu filho Eduardo Bolsonaro (PL-SP), deputado federal. J\u00e1 sua mulher, Michelle Bolsonaro (PL) \u201cn\u00e3o trata desses assuntos\u201d, segundo ele, em entrevista ao portal Auriverde Brasil. De acordo com ele, Eduardo possui \u201cconfian\u00e7a 100%\u201d e","canonical_url":"https:\/\/serrafm879.com.br\/serrafm\/2025\/01\/bolsonaro-diz-que-eduardo-o-representa-na-posse-de-trump-e-que-michelle-nao-trata-desses-assuntos\/","robots":"max-image-preview:large","keywords":"","webmasterTools":{"miscellaneous":""},"schema":{"@context":"https:\/\/schema.org","@graph":[{"@type":"BlogPosting","@id":"https:\/\/serrafm879.com.br\/serrafm\/2025\/01\/bolsonaro-diz-que-eduardo-o-representa-na-posse-de-trump-e-que-michelle-nao-trata-desses-assuntos\/#blogposting","name":"Bolsonaro diz que Eduardo o representa na posse de Trump e que Michelle \u2018n\u00e3o trata desses assuntos\u2019 - Serra FM 87,9","headline":"Bolsonaro diz que Eduardo o representa na posse de Trump e que Michelle \u2018n\u00e3o trata desses assuntos\u2019","author":{"@id":"https:\/\/serrafm879.com.br\/serrafm\/author\/serrafm87\/#author"},"publisher":{"@id":"https:\/\/serrafm879.com.br\/serrafm\/#organization"},"image":{"@type":"ImageObject","url":"https:\/\/serrafm879.com.br\/serrafm\/wp-content\/uploads\/2025\/01\/image-37.jpg","width":925,"height":609},"datePublished":"2025-01-20T17:47:29-03:00","dateModified":"2025-01-20T17:47:29-03:00","inLanguage":"pt-BR","mainEntityOfPage":{"@id":"https:\/\/serrafm879.com.br\/serrafm\/2025\/01\/bolsonaro-diz-que-eduardo-o-representa-na-posse-de-trump-e-que-michelle-nao-trata-desses-assuntos\/#webpage"},"isPartOf":{"@id":"https:\/\/serrafm879.com.br\/serrafm\/2025\/01\/bolsonaro-diz-que-eduardo-o-representa-na-posse-de-trump-e-que-michelle-nao-trata-desses-assuntos\/#webpage"},"articleSection":"Brasil"},{"@type":"BreadcrumbList","@id":"https:\/\/serrafm879.com.br\/serrafm\/2025\/01\/bolsonaro-diz-que-eduardo-o-representa-na-posse-de-trump-e-que-michelle-nao-trata-desses-assuntos\/#breadcrumblist","itemListElement":[{"@type":"ListItem","@id":"https:\/\/serrafm879.com.br\/serrafm#listItem","position":1,"name":"Home","item":"https:\/\/serrafm879.com.br\/serrafm","nextItem":{"@type":"ListItem","@id":"https:\/\/serrafm879.com.br\/serrafm\/categoria\/brasil\/#listItem","name":"Brasil"}},{"@type":"ListItem","@id":"https:\/\/serrafm879.com.br\/serrafm\/categoria\/brasil\/#listItem","position":2,"name":"Brasil","item":"https:\/\/serrafm879.com.br\/serrafm\/categoria\/brasil\/","nextItem":{"@type":"ListItem","@id":"https:\/\/serrafm879.com.br\/serrafm\/2025\/01\/bolsonaro-diz-que-eduardo-o-representa-na-posse-de-trump-e-que-michelle-nao-trata-desses-assuntos\/#listItem","name":"Bolsonaro diz que Eduardo o representa na posse de Trump e que Michelle \u2018n\u00e3o trata desses assuntos\u2019"},"previousItem":{"@type":"ListItem","@id":"https:\/\/serrafm879.com.br\/serrafm#listItem","name":"Home"}},{"@type":"ListItem","@id":"https:\/\/serrafm879.com.br\/serrafm\/2025\/01\/bolsonaro-diz-que-eduardo-o-representa-na-posse-de-trump-e-que-michelle-nao-trata-desses-assuntos\/#listItem","position":3,"name":"Bolsonaro diz que Eduardo o representa na posse de Trump e que Michelle \u2018n\u00e3o trata desses assuntos\u2019","previousItem":{"@type":"ListItem","@id":"https:\/\/serrafm879.com.br\/serrafm\/categoria\/brasil\/#listItem","name":"Brasil"}}]},{"@type":"Organization","@id":"https:\/\/serrafm879.com.br\/serrafm\/#organization","name":"Serra FM 87,9","description":"O seu novo amor!","url":"https:\/\/serrafm879.com.br\/serrafm\/"},{"@type":"Person","@id":"https:\/\/serrafm879.com.br\/serrafm\/author\/serrafm87\/#author","url":"https:\/\/serrafm879.com.br\/serrafm\/author\/serrafm87\/","name":"serrafm87","image":{"@type":"ImageObject","@id":"https:\/\/serrafm879.com.br\/serrafm\/2025\/01\/bolsonaro-diz-que-eduardo-o-representa-na-posse-de-trump-e-que-michelle-nao-trata-desses-assuntos\/#authorImage","url":"https:\/\/secure.gravatar.com\/avatar\/a743233f1112d34f48bb3dc9559b76eb930bab8b27175856cba6362608736235?s=96&d=mm&r=g","width":96,"height":96,"caption":"serrafm87"}},{"@type":"WebPage","@id":"https:\/\/serrafm879.com.br\/serrafm\/2025\/01\/bolsonaro-diz-que-eduardo-o-representa-na-posse-de-trump-e-que-michelle-nao-trata-desses-assuntos\/#webpage","url":"https:\/\/serrafm879.com.br\/serrafm\/2025\/01\/bolsonaro-diz-que-eduardo-o-representa-na-posse-de-trump-e-que-michelle-nao-trata-desses-assuntos\/","name":"Bolsonaro diz que Eduardo o representa na posse de Trump e que Michelle \u2018n\u00e3o trata desses assuntos\u2019 - Serra FM 87,9","description":"O ex-presidente Jair Bolsonaro (PL) afirmou na segunda-feira, 20, que est\u00e1 sendo representado na posse de Donald Trump, nos EUA, pelo seu filho Eduardo Bolsonaro (PL-SP), deputado federal. J\u00e1 sua mulher, Michelle Bolsonaro (PL) \u201cn\u00e3o trata desses assuntos\u201d, segundo ele, em entrevista ao portal Auriverde Brasil. De acordo com ele, Eduardo possui \u201cconfian\u00e7a 100%\u201d e","inLanguage":"pt-BR","isPartOf":{"@id":"https:\/\/serrafm879.com.br\/serrafm\/#website"},"breadcrumb":{"@id":"https:\/\/serrafm879.com.br\/serrafm\/2025\/01\/bolsonaro-diz-que-eduardo-o-representa-na-posse-de-trump-e-que-michelle-nao-trata-desses-assuntos\/#breadcrumblist"},"author":{"@id":"https:\/\/serrafm879.com.br\/serrafm\/author\/serrafm87\/#author"},"creator":{"@id":"https:\/\/serrafm879.com.br\/serrafm\/author\/serrafm87\/#author"},"image":{"@type":"ImageObject","url":"https:\/\/serrafm879.com.br\/serrafm\/wp-content\/uploads\/2025\/01\/image-37.jpg","@id":"https:\/\/serrafm879.com.br\/serrafm\/2025\/01\/bolsonaro-diz-que-eduardo-o-representa-na-posse-de-trump-e-que-michelle-nao-trata-desses-assuntos\/#mainImage","width":925,"height":609},"primaryImageOfPage":{"@id":"https:\/\/serrafm879.com.br\/serrafm\/2025\/01\/bolsonaro-diz-que-eduardo-o-representa-na-posse-de-trump-e-que-michelle-nao-trata-desses-assuntos\/#mainImage"},"datePublished":"2025-01-20T17:47:29-03:00","dateModified":"2025-01-20T17:47:29-03:00"},{"@type":"WebSite","@id":"https:\/\/serrafm879.com.br\/serrafm\/#website","url":"https:\/\/serrafm879.com.br\/serrafm\/","name":"Serra FM 87,9","description":"O seu novo amor!","inLanguage":"pt-BR","publisher":{"@id":"https:\/\/serrafm879.com.br\/serrafm\/#organization"}}]},"twitter:card":"summary_large_image","twitter:title":"Bolsonaro diz que Eduardo o representa na posse de Trump e que Michelle \u2018n\u00e3o trata desses assuntos\u2019 - Serra FM 87,9","twitter:description":"O ex-presidente Jair Bolsonaro (PL) afirmou na segunda-feira, 20, que est\u00e1 sendo representado na posse de Donald Trump, nos EUA, pelo seu filho Eduardo Bolsonaro (PL-SP), deputado federal. J\u00e1 sua mulher, Michelle Bolsonaro (PL) \u201cn\u00e3o trata desses assuntos\u201d, segundo ele, em entrevista ao portal Auriverde Brasil. De acordo com ele, Eduardo possui \u201cconfian\u00e7a 100%\u201d e","twitter:image":"https:\/\/serrafm879.com.br\/serrafm\/wp-content\/uploads\/2025\/01\/image-37.jpg"},"aioseo_meta_data":{"post_id":"19958","title":null,"description":null,"keywords":null,"keyphrases":null,"primary_term":null,"canonical_url":null,"og_title":null,"og_description":null,"og_object_type":"default","og_image_type":"default","og_image_custom_url":null,"og_image_custom_fields":null,"og_image_url":null,"og_image_width":null,"og_image_height":null,"og_video":null,"og_custom_url":null,"og_article_section":null,"og_article_tags":null,"twitter_use_og":false,"twitter_card":"default","twitter_image_type":"default","twitter_image_custom_url":null,"twitter_image_custom_fields":null,"twitter_image_url":null,"twitter_title":null,"twitter_description":null,"schema_type":"default","schema_type_options":null,"schema":{"blockGraphs":[],"customGraphs":[],"default":{"data":{"Article":[],"Course":[],"Dataset":[],"FAQPage":[],"Movie":[],"Person":[],"Product":[],"ProductReview":[],"Car":[],"Recipe":[],"Service":[],"SoftwareApplication":[],"WebPage":[]},"graphName":"","isEnabled":true},"graphs":[]},"pillar_content":false,"robots_default":true,"robots_noindex":false,"robots_noarchive":false,"robots_nosnippet":false,"robots_nofollow":false,"robots_noimageindex":false,"robots_noodp":false,"robots_notranslate":false,"robots_max_snippet":null,"robots_max_videopreview":null,"robots_max_imagepreview":"large","priority":null,"frequency":null,"local_seo":null,"limit_modified_date":false,"ai":null,"breadcrumb_settings":null,"seo_analyzer_scan_date":null,"created":"2026-07-21 13:13:47","updated":"2026-07-21 13:13:47"},"aioseo_breadcrumb":"<div class=\"aioseo-breadcrumbs\"><span class=\"aioseo-breadcrumb\">\n\t\t\t<a href=\"https:\/\/serrafm879.com.br\/serrafm\" title=\"Home\">Home<\/a>\n\t\t<\/span><span class=\"aioseo-breadcrumb-separator\">&raquo;<\/span><span class=\"aioseo-breadcrumb\">\n\t\t\t<a href=\"https:\/\/serrafm879.com.br\/serrafm\/categoria\/brasil\/\" title=\"Brasil\">Brasil<\/a>\n\t\t<\/span><span class=\"aioseo-breadcrumb-separator\">&raquo;<\/span><span class=\"aioseo-breadcrumb\">\n\t\t\tBolsonaro diz que Eduardo o representa na posse de Trump e que Michelle \u2018n\u00e3o trata desses assuntos\u2019\n\t\t<\/span><\/div>","aioseo_breadcrumb_json":[{"label":"Home","link":"https:\/\/serrafm879.com.br\/serrafm"},{"label":"Brasil","link":"https:\/\/serrafm879.com.br\/serrafm\/categoria\/brasil\/"},{"label":"Bolsonaro diz que Eduardo o representa na posse de Trump e que Michelle \u2018n\u00e3o trata desses assuntos\u2019","link":"https:\/\/serrafm879.com.br\/serrafm\/2025\/01\/bolsonaro-diz-que-eduardo-o-representa-na-posse-de-trump-e-que-michelle-nao-trata-desses-assuntos\/"}],"jetpack_publicize_connections":[],"jetpack_featured_media_url":"https:\/\/serrafm879.com.br\/serrafm\/wp-content\/uploads\/2025\/01\/image-37.jpg","jetpack_shortlink":"https:\/\/wp.me\/p7HyXg-5bU","jetpack_sharing_enabled":true,"_links":{"self":[{"href":"https:\/\/serrafm879.com.br\/serrafm\/wp-json\/wp\/v2\/posts\/19958","targetHints":{"allow":["GET"]}}],"collection":[{"href":"https:\/\/serrafm879.com.br\/serrafm\/wp-json\/wp\/v2\/posts"}],"about":[{"href":"https:\/\/serrafm879.com.br\/serrafm\/wp-json\/wp\/v2\/types\/post"}],"author":[{"embeddable":true,"href":"https:\/\/serrafm879.com.br\/serrafm\/wp-json\/wp\/v2\/users\/2"}],"replies":[{"embeddable":true,"href":"https:\/\/serrafm879.com.br\/serrafm\/wp-json\/wp\/v2\/comments?post=19958"}],"version-history":[{"count":1,"href":"https:\/\/serrafm879.com.br\/serrafm\/wp-json\/wp\/v2\/posts\/19958\/revisions"}],"predecessor-version":[{"id":19960,"href":"https:\/\/serrafm879.com.br\/serrafm\/wp-json\/wp\/v2\/posts\/19958\/revisions\/19960"}],"wp:featuredmedia":[{"embeddable":true,"href":"https:\/\/serrafm879.com.br\/serrafm\/wp-json\/wp\/v2\/media\/19959"}],"wp:attachment":[{"href":"https:\/\/serrafm879.com.br\/serrafm\/wp-json\/wp\/v2\/media?parent=19958"}],"wp:term":[{"taxonomy":"category","embeddable":true,"href":"https:\/\/serrafm879.com.br\/serrafm\/wp-json\/wp\/v2\/categories?post=19958"},{"taxonomy":"post_tag","embeddable":true,"href":"https:\/\/serrafm879.com.br\/serrafm\/wp-json\/wp\/v2\/tags?post=19958"}],"curies":[{"name":"wp","href":"https:\/\/api.w.org\/{rel}","templated":true}]}}