{"id":19961,"date":"2025-01-20T17:51:25","date_gmt":"2025-01-20T20:51:25","guid":{"rendered":"https:\/?p=19961"},"modified":"2025-01-20T17:51:25","modified_gmt":"2025-01-20T20:51:25","slug":"bolsa-familia-comeca-a-ser-pago-nesta-segunda-feira-20","status":"publish","type":"post","link":"https:\/\/serrafm879.com.br\/serrafm\/2025\/01\/bolsa-familia-comeca-a-ser-pago-nesta-segunda-feira-20\/","title":{"rendered":"Bolsa fam\u00edlia come\u00e7a a ser pago nesta segunda-feira (20)"},"content":{"rendered":"<p>O pagamento do\u00a0\u00a0<a href=\"https:\/\/economia.ig.com.br\/2024-11-18\/bolsa-familia-pago-hoje-quem-recebe.html\">Bolsa Fam\u00edlia<\/a>\u00a0referente ao m\u00eas de\u00a0<strong>janeiro<\/strong>\u00a0de 2025 ter\u00e1 in\u00edcio na pr\u00f3xima segunda-feira\u00a0(20) e seguir\u00e1 at\u00e9 o dia 31 de janeiro. O\u00a0<strong>calend\u00e1rio<\/strong>\u00a0de pagamentos ser\u00e1 feito de forma escalonada, com base no n\u00famero final do\u00a0<strong>NIS (N\u00famero de Identifica\u00e7\u00e3o Social).<\/strong>\u00a0Os primeiros a receber ser\u00e3o os benefici\u00e1rios cujo NIS\u00a0<strong>termina com o n\u00famero 1.<\/strong><\/p>\n<p>Segundo o Minist\u00e9rio do Desenvolvimento e Assist\u00eancia Social, Fam\u00edlia e Combate \u00e0 Fome (MDS), os pagamentos ser\u00e3o realizados nos \u00faltimos 10 dias \u00fateis de cada m\u00eas, exceto em dezembro, quando o cronograma \u00e9 antecipado.<\/p>\n<p><strong>Calend\u00e1rio de pagamentos de janeiro de 2025:<\/strong><\/p>\n<ul class=\"wp-block-list\">\n<li>20 de janeiro: NIS final 1<\/li>\n<li>21 de janeiro: NIS final 2<\/li>\n<li>22 de janeiro: NIS final 3<\/li>\n<li>23 de janeiro: NIS final 4<\/li>\n<li>24 de janeiro: NIS final 5<\/li>\n<li>27 de janeiro: NIS final 6<\/li>\n<li>28 de janeiro: NIS final 7<\/li>\n<li>29 de janeiro: NIS final 8<\/li>\n<li>30 de janeiro: NIS final 9<\/li>\n<li>31 de janeiro: NIS final 0<\/li>\n<\/ul>\n","protected":false},"excerpt":{"rendered":"<p>O pagamento do\u00a0\u00a0Bolsa Fam\u00edlia\u00a0referente ao m\u00eas de\u00a0janeiro\u00a0de 2025 ter\u00e1 in\u00edcio na pr\u00f3xima segunda-feira\u00a0(20) e seguir\u00e1 at\u00e9 o dia 31 de janeiro. O\u00a0calend\u00e1rio\u00a0de pagamentos ser\u00e1 feito de forma escalonada, com base no n\u00famero final do\u00a0NIS (N\u00famero de Identifica\u00e7\u00e3o Social).\u00a0Os primeiros a receber ser\u00e3o os benefici\u00e1rios cujo NIS\u00a0termina com o n\u00famero 1. Segundo o Minist\u00e9rio do Desenvolvimento e Assist\u00eancia Social, Fam\u00edlia e Combate \u00e0 Fome (MDS), os pagamentos ser\u00e3o realizados nos \u00faltimos 10 dias \u00fateis de cada m\u00eas, exceto em dezembro, quando o cronograma \u00e9 antecipado. Calend\u00e1rio de pagamentos de janeiro de 2025: 20 de janeiro: NIS final 1 21 de janeiro: [&hellip;]<\/p>\n","protected":false},"author":2,"featured_media":14823,"comment_status":"open","ping_status":"open","sticky":false,"template":"","format":"standard","meta":{"_jetpack_newsletter_access":"","_jetpack_dont_email_post_to_subs":false,"_jetpack_newsletter_tier_id":0,"_jetpack_memberships_contains_paywalled_content":false,"_jetpack_feature_clip_id":0,"_jetpack_memberships_contains_paid_content":false,"footnotes":"","jetpack_publicize_message":"","jetpack_publicize_feature_enabled":true,"jetpack_social_post_already_shared":true,"jetpack_social_options":{"image_generator_settings":{"template":"highway","default_image_id":0,"font":"","enabled":false},"version":2},"jetpack_post_was_ever_published":false},"categories":[149],"tags":[],"class_list":["post-19961","post","type-post","status-publish","format-standard","has-post-thumbnail","hentry","category-brasil"],"aioseo_notices":[],"aioseo_head":"\n\t\t<!-- All in One SEO 4.9.10 - aioseo.com -->\n\t<meta name=\"description\" content=\"O pagamento do Bolsa Fam\u00edlia referente ao m\u00eas de janeiro de 2025 ter\u00e1 in\u00edcio na pr\u00f3xima segunda-feira (20) e seguir\u00e1 at\u00e9 o dia 31 de janeiro. O calend\u00e1rio de pagamentos ser\u00e1 feito de forma escalonada, com base no n\u00famero final do NIS (N\u00famero de Identifica\u00e7\u00e3o Social). Os primeiros a receber ser\u00e3o os benefici\u00e1rios cujo NIS termina com o n\u00famero 1. Segundo o Minist\u00e9rio do Desenvolvimento\" \/>\n\t<meta name=\"robots\" content=\"max-image-preview:large\" \/>\n\t<meta name=\"author\" content=\"serrafm87\"\/>\n\t<link rel=\"canonical\" href=\"https:\/\/serrafm879.com.br\/serrafm\/2025\/01\/bolsa-familia-comeca-a-ser-pago-nesta-segunda-feira-20\/\" \/>\n\t<meta name=\"generator\" content=\"All in One SEO (AIOSEO) 4.9.10\" \/>\n\t\t<meta name=\"twitter:card\" content=\"summary_large_image\" \/>\n\t\t<meta name=\"twitter:title\" content=\"Bolsa fam\u00edlia come\u00e7a a ser pago nesta segunda-feira (20) - Serra FM 87,9\" \/>\n\t\t<meta name=\"twitter:description\" content=\"O pagamento do Bolsa Fam\u00edlia referente ao m\u00eas de janeiro de 2025 ter\u00e1 in\u00edcio na pr\u00f3xima segunda-feira (20) e seguir\u00e1 at\u00e9 o dia 31 de janeiro. O calend\u00e1rio de pagamentos ser\u00e1 feito de forma escalonada, com base no n\u00famero final do NIS (N\u00famero de Identifica\u00e7\u00e3o Social). Os primeiros a receber ser\u00e3o os benefici\u00e1rios cujo NIS termina com o n\u00famero 1. Segundo o Minist\u00e9rio do Desenvolvimento\" \/>\n\t\t<meta name=\"twitter:image\" content=\"https:\/\/serrafm879.com.br\/serrafm\/wp-content\/uploads\/2023\/11\/bolsafamilia.jpg\" \/>\n\t\t<script type=\"application\/ld+json\" class=\"aioseo-schema\">\n\t\t\t{\"@context\":\"https:\\\/\\\/schema.org\",\"@graph\":[{\"@type\":\"BlogPosting\",\"@id\":\"https:\\\/\\\/serrafm879.com.br\\\/serrafm\\\/2025\\\/01\\\/bolsa-familia-comeca-a-ser-pago-nesta-segunda-feira-20\\\/#blogposting\",\"name\":\"Bolsa fam\\u00edlia come\\u00e7a a ser pago nesta segunda-feira (20) - Serra FM 87,9\",\"headline\":\"Bolsa fam\\u00edlia come\\u00e7a a ser pago nesta segunda-feira (20)\",\"author\":{\"@id\":\"https:\\\/\\\/serrafm879.com.br\\\/serrafm\\\/author\\\/serrafm87\\\/#author\"},\"publisher\":{\"@id\":\"https:\\\/\\\/serrafm879.com.br\\\/serrafm\\\/#organization\"},\"image\":{\"@type\":\"ImageObject\",\"url\":\"https:\\\/\\\/serrafm879.com.br\\\/serrafm\\\/wp-content\\\/uploads\\\/2023\\\/11\\\/bolsafamilia.jpg\",\"width\":400,\"height\":224},\"datePublished\":\"2025-01-20T17:51:25-03:00\",\"dateModified\":\"2025-01-20T17:51:25-03:00\",\"inLanguage\":\"pt-BR\",\"mainEntityOfPage\":{\"@id\":\"https:\\\/\\\/serrafm879.com.br\\\/serrafm\\\/2025\\\/01\\\/bolsa-familia-comeca-a-ser-pago-nesta-segunda-feira-20\\\/#webpage\"},\"isPartOf\":{\"@id\":\"https:\\\/\\\/serrafm879.com.br\\\/serrafm\\\/2025\\\/01\\\/bolsa-familia-comeca-a-ser-pago-nesta-segunda-feira-20\\\/#webpage\"},\"articleSection\":\"Brasil\"},{\"@type\":\"BreadcrumbList\",\"@id\":\"https:\\\/\\\/serrafm879.com.br\\\/serrafm\\\/2025\\\/01\\\/bolsa-familia-comeca-a-ser-pago-nesta-segunda-feira-20\\\/#breadcrumblist\",\"itemListElement\":[{\"@type\":\"ListItem\",\"@id\":\"https:\\\/\\\/serrafm879.com.br\\\/serrafm#listItem\",\"position\":1,\"name\":\"Home\",\"item\":\"https:\\\/\\\/serrafm879.com.br\\\/serrafm\",\"nextItem\":{\"@type\":\"ListItem\",\"@id\":\"https:\\\/\\\/serrafm879.com.br\\\/serrafm\\\/categoria\\\/brasil\\\/#listItem\",\"name\":\"Brasil\"}},{\"@type\":\"ListItem\",\"@id\":\"https:\\\/\\\/serrafm879.com.br\\\/serrafm\\\/categoria\\\/brasil\\\/#listItem\",\"position\":2,\"name\":\"Brasil\",\"item\":\"https:\\\/\\\/serrafm879.com.br\\\/serrafm\\\/categoria\\\/brasil\\\/\",\"nextItem\":{\"@type\":\"ListItem\",\"@id\":\"https:\\\/\\\/serrafm879.com.br\\\/serrafm\\\/2025\\\/01\\\/bolsa-familia-comeca-a-ser-pago-nesta-segunda-feira-20\\\/#listItem\",\"name\":\"Bolsa fam\\u00edlia come\\u00e7a a ser pago nesta segunda-feira (20)\"},\"previousItem\":{\"@type\":\"ListItem\",\"@id\":\"https:\\\/\\\/serrafm879.com.br\\\/serrafm#listItem\",\"name\":\"Home\"}},{\"@type\":\"ListItem\",\"@id\":\"https:\\\/\\\/serrafm879.com.br\\\/serrafm\\\/2025\\\/01\\\/bolsa-familia-comeca-a-ser-pago-nesta-segunda-feira-20\\\/#listItem\",\"position\":3,\"name\":\"Bolsa fam\\u00edlia come\\u00e7a a ser pago nesta segunda-feira (20)\",\"previousItem\":{\"@type\":\"ListItem\",\"@id\":\"https:\\\/\\\/serrafm879.com.br\\\/serrafm\\\/categoria\\\/brasil\\\/#listItem\",\"name\":\"Brasil\"}}]},{\"@type\":\"Organization\",\"@id\":\"https:\\\/\\\/serrafm879.com.br\\\/serrafm\\\/#organization\",\"name\":\"Serra FM 87,9\",\"description\":\"O seu novo amor!\",\"url\":\"https:\\\/\\\/serrafm879.com.br\\\/serrafm\\\/\"},{\"@type\":\"Person\",\"@id\":\"https:\\\/\\\/serrafm879.com.br\\\/serrafm\\\/author\\\/serrafm87\\\/#author\",\"url\":\"https:\\\/\\\/serrafm879.com.br\\\/serrafm\\\/author\\\/serrafm87\\\/\",\"name\":\"serrafm87\",\"image\":{\"@type\":\"ImageObject\",\"@id\":\"https:\\\/\\\/serrafm879.com.br\\\/serrafm\\\/2025\\\/01\\\/bolsa-familia-comeca-a-ser-pago-nesta-segunda-feira-20\\\/#authorImage\",\"url\":\"https:\\\/\\\/secure.gravatar.com\\\/avatar\\\/a743233f1112d34f48bb3dc9559b76eb930bab8b27175856cba6362608736235?s=96&d=mm&r=g\",\"width\":96,\"height\":96,\"caption\":\"serrafm87\"}},{\"@type\":\"WebPage\",\"@id\":\"https:\\\/\\\/serrafm879.com.br\\\/serrafm\\\/2025\\\/01\\\/bolsa-familia-comeca-a-ser-pago-nesta-segunda-feira-20\\\/#webpage\",\"url\":\"https:\\\/\\\/serrafm879.com.br\\\/serrafm\\\/2025\\\/01\\\/bolsa-familia-comeca-a-ser-pago-nesta-segunda-feira-20\\\/\",\"name\":\"Bolsa fam\\u00edlia come\\u00e7a a ser pago nesta segunda-feira (20) - Serra FM 87,9\",\"description\":\"O pagamento do Bolsa Fam\\u00edlia referente ao m\\u00eas de janeiro de 2025 ter\\u00e1 in\\u00edcio na pr\\u00f3xima segunda-feira (20) e seguir\\u00e1 at\\u00e9 o dia 31 de janeiro. O calend\\u00e1rio de pagamentos ser\\u00e1 feito de forma escalonada, com base no n\\u00famero final do NIS (N\\u00famero de Identifica\\u00e7\\u00e3o Social). Os primeiros a receber ser\\u00e3o os benefici\\u00e1rios cujo NIS termina com o n\\u00famero 1. Segundo o Minist\\u00e9rio do Desenvolvimento\",\"inLanguage\":\"pt-BR\",\"isPartOf\":{\"@id\":\"https:\\\/\\\/serrafm879.com.br\\\/serrafm\\\/#website\"},\"breadcrumb\":{\"@id\":\"https:\\\/\\\/serrafm879.com.br\\\/serrafm\\\/2025\\\/01\\\/bolsa-familia-comeca-a-ser-pago-nesta-segunda-feira-20\\\/#breadcrumblist\"},\"author\":{\"@id\":\"https:\\\/\\\/serrafm879.com.br\\\/serrafm\\\/author\\\/serrafm87\\\/#author\"},\"creator\":{\"@id\":\"https:\\\/\\\/serrafm879.com.br\\\/serrafm\\\/author\\\/serrafm87\\\/#author\"},\"image\":{\"@type\":\"ImageObject\",\"url\":\"https:\\\/\\\/serrafm879.com.br\\\/serrafm\\\/wp-content\\\/uploads\\\/2023\\\/11\\\/bolsafamilia.jpg\",\"@id\":\"https:\\\/\\\/serrafm879.com.br\\\/serrafm\\\/2025\\\/01\\\/bolsa-familia-comeca-a-ser-pago-nesta-segunda-feira-20\\\/#mainImage\",\"width\":400,\"height\":224},\"primaryImageOfPage\":{\"@id\":\"https:\\\/\\\/serrafm879.com.br\\\/serrafm\\\/2025\\\/01\\\/bolsa-familia-comeca-a-ser-pago-nesta-segunda-feira-20\\\/#mainImage\"},\"datePublished\":\"2025-01-20T17:51:25-03:00\",\"dateModified\":\"2025-01-20T17:51:25-03:00\"},{\"@type\":\"WebSite\",\"@id\":\"https:\\\/\\\/serrafm879.com.br\\\/serrafm\\\/#website\",\"url\":\"https:\\\/\\\/serrafm879.com.br\\\/serrafm\\\/\",\"name\":\"Serra FM 87,9\",\"description\":\"O seu novo amor!\",\"inLanguage\":\"pt-BR\",\"publisher\":{\"@id\":\"https:\\\/\\\/serrafm879.com.br\\\/serrafm\\\/#organization\"}}]}\n\t\t<\/script>\n\t\t<!-- All in One SEO -->\n\n","aioseo_head_json":{"title":"Bolsa fam\u00edlia come\u00e7a a ser pago nesta segunda-feira (20) - Serra FM 87,9","description":"O pagamento do Bolsa Fam\u00edlia referente ao m\u00eas de janeiro de 2025 ter\u00e1 in\u00edcio na pr\u00f3xima segunda-feira (20) e seguir\u00e1 at\u00e9 o dia 31 de janeiro. O calend\u00e1rio de pagamentos ser\u00e1 feito de forma escalonada, com base no n\u00famero final do NIS (N\u00famero de Identifica\u00e7\u00e3o Social). Os primeiros a receber ser\u00e3o os benefici\u00e1rios cujo NIS termina com o n\u00famero 1. Segundo o Minist\u00e9rio do Desenvolvimento","canonical_url":"https:\/\/serrafm879.com.br\/serrafm\/2025\/01\/bolsa-familia-comeca-a-ser-pago-nesta-segunda-feira-20\/","robots":"max-image-preview:large","keywords":"","webmasterTools":{"miscellaneous":""},"schema":{"@context":"https:\/\/schema.org","@graph":[{"@type":"BlogPosting","@id":"https:\/\/serrafm879.com.br\/serrafm\/2025\/01\/bolsa-familia-comeca-a-ser-pago-nesta-segunda-feira-20\/#blogposting","name":"Bolsa fam\u00edlia come\u00e7a a ser pago nesta segunda-feira (20) - Serra FM 87,9","headline":"Bolsa fam\u00edlia come\u00e7a a ser pago nesta segunda-feira (20)","author":{"@id":"https:\/\/serrafm879.com.br\/serrafm\/author\/serrafm87\/#author"},"publisher":{"@id":"https:\/\/serrafm879.com.br\/serrafm\/#organization"},"image":{"@type":"ImageObject","url":"https:\/\/serrafm879.com.br\/serrafm\/wp-content\/uploads\/2023\/11\/bolsafamilia.jpg","width":400,"height":224},"datePublished":"2025-01-20T17:51:25-03:00","dateModified":"2025-01-20T17:51:25-03:00","inLanguage":"pt-BR","mainEntityOfPage":{"@id":"https:\/\/serrafm879.com.br\/serrafm\/2025\/01\/bolsa-familia-comeca-a-ser-pago-nesta-segunda-feira-20\/#webpage"},"isPartOf":{"@id":"https:\/\/serrafm879.com.br\/serrafm\/2025\/01\/bolsa-familia-comeca-a-ser-pago-nesta-segunda-feira-20\/#webpage"},"articleSection":"Brasil"},{"@type":"BreadcrumbList","@id":"https:\/\/serrafm879.com.br\/serrafm\/2025\/01\/bolsa-familia-comeca-a-ser-pago-nesta-segunda-feira-20\/#breadcrumblist","itemListElement":[{"@type":"ListItem","@id":"https:\/\/serrafm879.com.br\/serrafm#listItem","position":1,"name":"Home","item":"https:\/\/serrafm879.com.br\/serrafm","nextItem":{"@type":"ListItem","@id":"https:\/\/serrafm879.com.br\/serrafm\/categoria\/brasil\/#listItem","name":"Brasil"}},{"@type":"ListItem","@id":"https:\/\/serrafm879.com.br\/serrafm\/categoria\/brasil\/#listItem","position":2,"name":"Brasil","item":"https:\/\/serrafm879.com.br\/serrafm\/categoria\/brasil\/","nextItem":{"@type":"ListItem","@id":"https:\/\/serrafm879.com.br\/serrafm\/2025\/01\/bolsa-familia-comeca-a-ser-pago-nesta-segunda-feira-20\/#listItem","name":"Bolsa fam\u00edlia come\u00e7a a ser pago nesta segunda-feira (20)"},"previousItem":{"@type":"ListItem","@id":"https:\/\/serrafm879.com.br\/serrafm#listItem","name":"Home"}},{"@type":"ListItem","@id":"https:\/\/serrafm879.com.br\/serrafm\/2025\/01\/bolsa-familia-comeca-a-ser-pago-nesta-segunda-feira-20\/#listItem","position":3,"name":"Bolsa fam\u00edlia come\u00e7a a ser pago nesta segunda-feira (20)","previousItem":{"@type":"ListItem","@id":"https:\/\/serrafm879.com.br\/serrafm\/categoria\/brasil\/#listItem","name":"Brasil"}}]},{"@type":"Organization","@id":"https:\/\/serrafm879.com.br\/serrafm\/#organization","name":"Serra FM 87,9","description":"O seu novo amor!","url":"https:\/\/serrafm879.com.br\/serrafm\/"},{"@type":"Person","@id":"https:\/\/serrafm879.com.br\/serrafm\/author\/serrafm87\/#author","url":"https:\/\/serrafm879.com.br\/serrafm\/author\/serrafm87\/","name":"serrafm87","image":{"@type":"ImageObject","@id":"https:\/\/serrafm879.com.br\/serrafm\/2025\/01\/bolsa-familia-comeca-a-ser-pago-nesta-segunda-feira-20\/#authorImage","url":"https:\/\/secure.gravatar.com\/avatar\/a743233f1112d34f48bb3dc9559b76eb930bab8b27175856cba6362608736235?s=96&d=mm&r=g","width":96,"height":96,"caption":"serrafm87"}},{"@type":"WebPage","@id":"https:\/\/serrafm879.com.br\/serrafm\/2025\/01\/bolsa-familia-comeca-a-ser-pago-nesta-segunda-feira-20\/#webpage","url":"https:\/\/serrafm879.com.br\/serrafm\/2025\/01\/bolsa-familia-comeca-a-ser-pago-nesta-segunda-feira-20\/","name":"Bolsa fam\u00edlia come\u00e7a a ser pago nesta segunda-feira (20) - Serra FM 87,9","description":"O pagamento do Bolsa Fam\u00edlia referente ao m\u00eas de janeiro de 2025 ter\u00e1 in\u00edcio na pr\u00f3xima segunda-feira (20) e seguir\u00e1 at\u00e9 o dia 31 de janeiro. O calend\u00e1rio de pagamentos ser\u00e1 feito de forma escalonada, com base no n\u00famero final do NIS (N\u00famero de Identifica\u00e7\u00e3o Social). Os primeiros a receber ser\u00e3o os benefici\u00e1rios cujo NIS termina com o n\u00famero 1. Segundo o Minist\u00e9rio do Desenvolvimento","inLanguage":"pt-BR","isPartOf":{"@id":"https:\/\/serrafm879.com.br\/serrafm\/#website"},"breadcrumb":{"@id":"https:\/\/serrafm879.com.br\/serrafm\/2025\/01\/bolsa-familia-comeca-a-ser-pago-nesta-segunda-feira-20\/#breadcrumblist"},"author":{"@id":"https:\/\/serrafm879.com.br\/serrafm\/author\/serrafm87\/#author"},"creator":{"@id":"https:\/\/serrafm879.com.br\/serrafm\/author\/serrafm87\/#author"},"image":{"@type":"ImageObject","url":"https:\/\/serrafm879.com.br\/serrafm\/wp-content\/uploads\/2023\/11\/bolsafamilia.jpg","@id":"https:\/\/serrafm879.com.br\/serrafm\/2025\/01\/bolsa-familia-comeca-a-ser-pago-nesta-segunda-feira-20\/#mainImage","width":400,"height":224},"primaryImageOfPage":{"@id":"https:\/\/serrafm879.com.br\/serrafm\/2025\/01\/bolsa-familia-comeca-a-ser-pago-nesta-segunda-feira-20\/#mainImage"},"datePublished":"2025-01-20T17:51:25-03:00","dateModified":"2025-01-20T17:51:25-03:00"},{"@type":"WebSite","@id":"https:\/\/serrafm879.com.br\/serrafm\/#website","url":"https:\/\/serrafm879.com.br\/serrafm\/","name":"Serra FM 87,9","description":"O seu novo amor!","inLanguage":"pt-BR","publisher":{"@id":"https:\/\/serrafm879.com.br\/serrafm\/#organization"}}]},"twitter:card":"summary_large_image","twitter:title":"Bolsa fam\u00edlia come\u00e7a a ser pago nesta segunda-feira (20) - Serra FM 87,9","twitter:description":"O pagamento do Bolsa Fam\u00edlia referente ao m\u00eas de janeiro de 2025 ter\u00e1 in\u00edcio na pr\u00f3xima segunda-feira (20) e seguir\u00e1 at\u00e9 o dia 31 de janeiro. O calend\u00e1rio de pagamentos ser\u00e1 feito de forma escalonada, com base no n\u00famero final do NIS (N\u00famero de Identifica\u00e7\u00e3o Social). Os primeiros a receber ser\u00e3o os benefici\u00e1rios cujo NIS termina com o n\u00famero 1. Segundo o Minist\u00e9rio do Desenvolvimento","twitter:image":"https:\/\/serrafm879.com.br\/serrafm\/wp-content\/uploads\/2023\/11\/bolsafamilia.jpg"},"aioseo_meta_data":{"post_id":"19961","title":null,"description":null,"keywords":null,"keyphrases":null,"primary_term":null,"canonical_url":null,"og_title":null,"og_description":null,"og_object_type":"default","og_image_type":"default","og_image_custom_url":null,"og_image_custom_fields":null,"og_image_url":null,"og_image_width":null,"og_image_height":null,"og_video":null,"og_custom_url":null,"og_article_section":null,"og_article_tags":null,"twitter_use_og":false,"twitter_card":"default","twitter_image_type":"default","twitter_image_custom_url":null,"twitter_image_custom_fields":null,"twitter_image_url":null,"twitter_title":null,"twitter_description":null,"schema_type":"default","schema_type_options":null,"schema":{"blockGraphs":[],"customGraphs":[],"default":{"data":{"Article":[],"Course":[],"Dataset":[],"FAQPage":[],"Movie":[],"Person":[],"Product":[],"ProductReview":[],"Car":[],"Recipe":[],"Service":[],"SoftwareApplication":[],"WebPage":[]},"graphName":"","isEnabled":true},"graphs":[]},"pillar_content":false,"robots_default":true,"robots_noindex":false,"robots_noarchive":false,"robots_nosnippet":false,"robots_nofollow":false,"robots_noimageindex":false,"robots_noodp":false,"robots_notranslate":false,"robots_max_snippet":null,"robots_max_videopreview":null,"robots_max_imagepreview":"large","priority":null,"frequency":null,"local_seo":null,"limit_modified_date":false,"ai":null,"breadcrumb_settings":null,"seo_analyzer_scan_date":null,"created":"2026-07-21 13:13:47","updated":"2026-07-21 13:13:47"},"aioseo_breadcrumb":"<div class=\"aioseo-breadcrumbs\"><span class=\"aioseo-breadcrumb\">\n\t\t\t<a href=\"https:\/\/serrafm879.com.br\/serrafm\" title=\"Home\">Home<\/a>\n\t\t<\/span><span class=\"aioseo-breadcrumb-separator\">&raquo;<\/span><span class=\"aioseo-breadcrumb\">\n\t\t\t<a href=\"https:\/\/serrafm879.com.br\/serrafm\/categoria\/brasil\/\" title=\"Brasil\">Brasil<\/a>\n\t\t<\/span><span class=\"aioseo-breadcrumb-separator\">&raquo;<\/span><span class=\"aioseo-breadcrumb\">\n\t\t\tBolsa fam\u00edlia come\u00e7a a ser pago nesta segunda-feira (20)\n\t\t<\/span><\/div>","aioseo_breadcrumb_json":[{"label":"Home","link":"https:\/\/serrafm879.com.br\/serrafm"},{"label":"Brasil","link":"https:\/\/serrafm879.com.br\/serrafm\/categoria\/brasil\/"},{"label":"Bolsa fam\u00edlia come\u00e7a a ser pago nesta segunda-feira (20)","link":"https:\/\/serrafm879.com.br\/serrafm\/2025\/01\/bolsa-familia-comeca-a-ser-pago-nesta-segunda-feira-20\/"}],"jetpack_publicize_connections":[],"jetpack_featured_media_url":"https:\/\/serrafm879.com.br\/serrafm\/wp-content\/uploads\/2023\/11\/bolsafamilia.jpg","jetpack_shortlink":"https:\/\/wp.me\/p7HyXg-5bX","jetpack_sharing_enabled":true,"_links":{"self":[{"href":"https:\/\/serrafm879.com.br\/serrafm\/wp-json\/wp\/v2\/posts\/19961","targetHints":{"allow":["GET"]}}],"collection":[{"href":"https:\/\/serrafm879.com.br\/serrafm\/wp-json\/wp\/v2\/posts"}],"about":[{"href":"https:\/\/serrafm879.com.br\/serrafm\/wp-json\/wp\/v2\/types\/post"}],"author":[{"embeddable":true,"href":"https:\/\/serrafm879.com.br\/serrafm\/wp-json\/wp\/v2\/users\/2"}],"replies":[{"embeddable":true,"href":"https:\/\/serrafm879.com.br\/serrafm\/wp-json\/wp\/v2\/comments?post=19961"}],"version-history":[{"count":1,"href":"https:\/\/serrafm879.com.br\/serrafm\/wp-json\/wp\/v2\/posts\/19961\/revisions"}],"predecessor-version":[{"id":19962,"href":"https:\/\/serrafm879.com.br\/serrafm\/wp-json\/wp\/v2\/posts\/19961\/revisions\/19962"}],"wp:featuredmedia":[{"embeddable":true,"href":"https:\/\/serrafm879.com.br\/serrafm\/wp-json\/wp\/v2\/media\/14823"}],"wp:attachment":[{"href":"https:\/\/serrafm879.com.br\/serrafm\/wp-json\/wp\/v2\/media?parent=19961"}],"wp:term":[{"taxonomy":"category","embeddable":true,"href":"https:\/\/serrafm879.com.br\/serrafm\/wp-json\/wp\/v2\/categories?post=19961"},{"taxonomy":"post_tag","embeddable":true,"href":"https:\/\/serrafm879.com.br\/serrafm\/wp-json\/wp\/v2\/tags?post=19961"}],"curies":[{"name":"wp","href":"https:\/\/api.w.org\/{rel}","templated":true}]}}