{"id":19966,"date":"2025-01-21T11:43:44","date_gmt":"2025-01-21T14:43:44","guid":{"rendered":"https:\/?p=19966"},"modified":"2025-01-21T11:47:03","modified_gmt":"2025-01-21T14:47:03","slug":"19966","status":"publish","type":"post","link":"https:\/\/serrafm879.com.br\/serrafm\/2025\/01\/19966\/","title":{"rendered":"Pernambuco decreta situa\u00e7\u00e3o de emerg\u00eancia por estiagem em 117 munic\u00edpios"},"content":{"rendered":"<p>O Governo do Estado decretou situa\u00e7\u00e3o de emerg\u00eancia em 117 munic\u00edpios de Pernambuco afetados pela estiagem. O documento considera um relat\u00f3rio da Defesa Civil com notas t\u00e9cnicas da APAC, Compesa,\u00a0Secretaria de Recursos H\u00eddricos, entre outras pastas, que apontam o baixo volume de chuvas e os impactos que isso deve causar nos reservat\u00f3rios.<\/p>\n<p>Entre as consequ\u00eancias citadas elencadas pelo Estado est\u00e3o: secas, perdas agropecu\u00e1rias, baixa capta\u00e7\u00e3o h\u00eddrica, possibilidade de inc\u00eandios florestais, danos \u00e0 agropecu\u00e1ria, \u00e0 agricultura familiar, al\u00e9m de impactos ao turismo. O decreto \u00e9 assinado pela governadora Raquel Lyra (PSDB), o secret\u00e1rio da Casa Civil, T\u00falio Vila\u00e7a, e a procuradora-geral, Bianca Teixeira. Ele tem validade de 180 dias e divide os munic\u00edpios em duas listas.<\/p>\n<p>A primeira, com 93 cidades afetadas pelo desastre da estiagem em \u00e1reas rurais, que j\u00e1 tiveram seus decretos municipais reconhecidos pelo Governo Federal. A segunda lista tem 51 munic\u00edpios afetados em toda sua extens\u00e3o por seca hidrol\u00f3gica nos reservat\u00f3rios e rede de abastecimento sob gest\u00e3o da Compesa. Apesar de juntas as listagens somarem 144 munic\u00edpios, 27 deles s\u00e3o citados nas duas listas, resultando em 117 cidades que comp\u00f5em o decreto.<\/p>\n<p><strong><em>Confira abaixo:<\/em><\/strong><\/p>\n<h3 class=\"wp-block-heading\"><strong>Lista 1<\/strong><\/h3>\n<ol class=\"wp-block-list\">\n<li>Afogados da Ingazeira<\/li>\n<li>Afr\u00e2nio<\/li>\n<li>\u00c1guas Belas<\/li>\n<li>Alagoinha<\/li>\n<li>Altinho<\/li>\n<li>Araripina<\/li>\n<li>Arcoverde<\/li>\n<li>Bel\u00e9m do S\u00e3o Francisco<\/li>\n<li>Belo Jardim<\/li>\n<li>Bet\u00e2nia<\/li>\n<li>Bezerros<\/li>\n<li>Bodoc\u00f3<\/li>\n<li>Bom Jardim<\/li>\n<li>Brejinho<\/li>\n<li>Brejo da Madre de Deus<\/li>\n<li>Bu\u00edque<\/li>\n<li>Cabrob\u00f3<\/li>\n<li>Cachoeirinha<\/li>\n<li>Caet\u00e9s<\/li>\n<li>Cal\u00e7ado<\/li>\n<li>Capoeiras<\/li>\n<li>Carnaubeira da Penha<\/li>\n<li>Caruaru<\/li>\n<li>Cumaru<\/li>\n<li>Cust\u00f3dia<\/li>\n<li>Dormentes<\/li>\n<li>Ex\u00fa<\/li>\n<li>Flores<\/li>\n<li>Floresta<\/li>\n<li>Frei Miguelinho<\/li>\n<li>Granito<\/li>\n<li>Gravat\u00e1<\/li>\n<li>Ibirajuba<\/li>\n<li>Iguaracy<\/li>\n<li>Ingazeira<\/li>\n<li>Ipubi<\/li>\n<li>Ita\u00edba<\/li>\n<li>Itapetim<\/li>\n<li>Jata\u00faba<\/li>\n<li>Jatob\u00e1<\/li>\n<li>Jo\u00e3o Alfredo<\/li>\n<li>Jucati<\/li>\n<li>Lagoa Grande<\/li>\n<li>Lajedo<\/li>\n<li>Limoeiro<\/li>\n<li>Manari<\/li>\n<li>Mirandiba<\/li>\n<li>Moreil\u00e2ndia<\/li>\n<li>Orob\u00f3<\/li>\n<li>Oroc\u00f3<\/li>\n<li>Ouricuri<\/li>\n<li>Paranatama<\/li>\n<li>Parnamirim<\/li>\n<li>Passira<\/li>\n<li>Pedra<\/li>\n<li>Pesqueira<\/li>\n<li>Petrol\u00e2ndia<\/li>\n<li>Petrolina<\/li>\n<li>Po\u00e7\u00e3o<\/li>\n<li>Pombos<\/li>\n<li>Quixaba<\/li>\n<li>Riacho das Almas<\/li>\n<li>Sair\u00e9<\/li>\n<li>Salgueiro<\/li>\n<li>Salo\u00e1<\/li>\n<li>Sanhar\u00f3<\/li>\n<li>Santa Cruz<\/li>\n<li>Santa Cruz da Baixa Verde<\/li>\n<li>Santa Cruz do Capibaribe<\/li>\n<li>Santa Filomena<\/li>\n<li>Santa Maria da Boa Vista<\/li>\n<li>Santa Maria do Cambuc\u00e1<\/li>\n<li>Santa Terezinha<\/li>\n<li>S\u00e3o Bento do Una<\/li>\n<li>S\u00e3o Jos\u00e9 do Belmonte<\/li>\n<li>Serra Talhada<\/li>\n<li>Serrita<\/li>\n<li>Sert\u00e2nia<\/li>\n<li>Solid\u00e3o<\/li>\n<li>Surubim<\/li>\n<li>Tabira<\/li>\n<li>Tacaimb\u00f3<\/li>\n<li>Tacaratu<\/li>\n<li>Taquaritinga do Norte<\/li>\n<li>Terra Nova<\/li>\n<li>Toritama<\/li>\n<li>Trindade<\/li>\n<li>Triunfo<\/li>\n<li>Tuparetama<\/li>\n<li>Venturosa<\/li>\n<li>Verdejante<\/li>\n<li>Vertente do L\u00e9rio<\/li>\n<li>Vertentes<\/li>\n<\/ol>\n<h3 class=\"wp-block-heading\">Lista 2<\/h3>\n<ol class=\"wp-block-list\">\n<li>Ara\u00e7oiaba<\/li>\n<li>\u00c1guas Belas<\/li>\n<li>Bel\u00e9m de Maria<\/li>\n<li>Belo Jardim<\/li>\n<li>Bezerros<\/li>\n<li>Bom Jardim<\/li>\n<li>Cabo de Santo Agostinho<\/li>\n<li>Camutanga<\/li>\n<li>Cal\u00e7ado<\/li>\n<li>Camocim de S\u00e3o F\u00e9lix<\/li>\n<li>Capoeiras<\/li>\n<li>Caruaru<\/li>\n<li>Casinhas<\/li>\n<li>Ch\u00e3 Grande<\/li>\n<li>Ch\u00e3 de Alegria<\/li>\n<li>Cumaru<\/li>\n<li>Escada<\/li>\n<li>Frei Miguelinho<\/li>\n<li>Ferreiros<\/li>\n<li>Gravat\u00e1<\/li>\n<li>Ipojuca<\/li>\n<li>Jo\u00e3o Alfredo<\/li>\n<li>Jurema<\/li>\n<li>Lajedo<\/li>\n<li>Limoeiro<\/li>\n<li>Macaparana<\/li>\n<li>Machados<\/li>\n<li>Moreno<\/li>\n<li>Nazar\u00e9 da Mata<\/li>\n<li>Orob\u00f3<\/li>\n<li>Panelas<\/li>\n<li>Paranatama<\/li>\n<li>Passira<\/li>\n<li>Pombos<\/li>\n<li>Po\u00e7\u00e3o<\/li>\n<li>Ribeir\u00e3o<\/li>\n<li>Riacho das Almas<\/li>\n<li>Sair\u00e9<\/li>\n<li>Salgadinho<\/li>\n<li>Salo\u00e1<\/li>\n<li>Santa Maria do Cambuc\u00e1<\/li>\n<li>S\u00e3o Louren\u00e7o da Mata<\/li>\n<li>Sirinha\u00e9m<\/li>\n<li>Surubim<\/li>\n<li>Taquaritinga do Norte<\/li>\n<li>Timba\u00faba<\/li>\n<li>Toritama<\/li>\n<li>Vertente do L\u00e9rio<\/li>\n<li>Vertentes<\/li>\n<li>Vic\u00eancia<\/li>\n<li>Vit\u00f3ria de Santo Agostinho<\/li>\n<\/ol>\n","protected":false},"excerpt":{"rendered":"<p>O Governo do Estado decretou situa\u00e7\u00e3o de emerg\u00eancia em 117 munic\u00edpios de Pernambuco afetados pela estiagem. O documento considera um relat\u00f3rio da Defesa Civil com notas t\u00e9cnicas da APAC, Compesa,\u00a0Secretaria de Recursos H\u00eddricos, entre outras pastas, que apontam o baixo volume de chuvas e os impactos que isso deve causar nos reservat\u00f3rios. Entre as consequ\u00eancias citadas elencadas pelo Estado est\u00e3o: secas, perdas agropecu\u00e1rias, baixa capta\u00e7\u00e3o h\u00eddrica, possibilidade de inc\u00eandios florestais, danos \u00e0 agropecu\u00e1ria, \u00e0 agricultura familiar, al\u00e9m de impactos ao turismo. O decreto \u00e9 assinado pela governadora Raquel Lyra (PSDB), o secret\u00e1rio da Casa Civil, T\u00falio Vila\u00e7a, e a procuradora-geral, [&hellip;]<\/p>\n","protected":false},"author":2,"featured_media":19967,"comment_status":"open","ping_status":"open","sticky":false,"template":"","format":"standard","meta":{"_jetpack_newsletter_access":"","_jetpack_dont_email_post_to_subs":false,"_jetpack_newsletter_tier_id":0,"_jetpack_memberships_contains_paywalled_content":false,"_jetpack_feature_clip_id":0,"_jetpack_memberships_contains_paid_content":false,"footnotes":"","jetpack_publicize_message":"","jetpack_publicize_feature_enabled":true,"jetpack_social_post_already_shared":true,"jetpack_social_options":{"image_generator_settings":{"template":"highway","default_image_id":0,"font":"","enabled":false},"version":2},"jetpack_post_was_ever_published":false},"categories":[1],"tags":[],"class_list":["post-19966","post","type-post","status-publish","format-standard","has-post-thumbnail","hentry","category-uncategorized"],"aioseo_notices":[],"aioseo_head":"\n\t\t<!-- All in One SEO 4.9.10 - aioseo.com -->\n\t<meta name=\"description\" content=\"O Governo do Estado decretou situa\u00e7\u00e3o de emerg\u00eancia em 117 munic\u00edpios de Pernambuco afetados pela estiagem. O documento considera um relat\u00f3rio da Defesa Civil com notas t\u00e9cnicas da APAC, Compesa, Secretaria de Recursos H\u00eddricos, entre outras pastas, que apontam o baixo volume de chuvas e os impactos que isso deve causar nos reservat\u00f3rios. Entre as consequ\u00eancias\" \/>\n\t<meta name=\"robots\" content=\"max-image-preview:large\" \/>\n\t<meta name=\"author\" content=\"serrafm87\"\/>\n\t<link rel=\"canonical\" href=\"https:\/\/serrafm879.com.br\/serrafm\/2025\/01\/19966\/\" \/>\n\t<meta name=\"generator\" content=\"All in One SEO (AIOSEO) 4.9.10\" \/>\n\t\t<meta name=\"twitter:card\" content=\"summary_large_image\" \/>\n\t\t<meta name=\"twitter:title\" content=\"Pernambuco decreta situa\u00e7\u00e3o de emerg\u00eancia por estiagem em 117 munic\u00edpios - Serra FM 87,9\" \/>\n\t\t<meta name=\"twitter:description\" content=\"O Governo do Estado decretou situa\u00e7\u00e3o de emerg\u00eancia em 117 munic\u00edpios de Pernambuco afetados pela estiagem. O documento considera um relat\u00f3rio da Defesa Civil com notas t\u00e9cnicas da APAC, Compesa, Secretaria de Recursos H\u00eddricos, entre outras pastas, que apontam o baixo volume de chuvas e os impactos que isso deve causar nos reservat\u00f3rios. Entre as consequ\u00eancias\" \/>\n\t\t<meta name=\"twitter:image\" content=\"https:\/\/serrafm879.com.br\/serrafm\/wp-content\/uploads\/2025\/01\/DD1ECDD4-FCD4-4508-A91A-41251402A915.jpeg\" \/>\n\t\t<script type=\"application\/ld+json\" class=\"aioseo-schema\">\n\t\t\t{\"@context\":\"https:\\\/\\\/schema.org\",\"@graph\":[{\"@type\":\"BlogPosting\",\"@id\":\"https:\\\/\\\/serrafm879.com.br\\\/serrafm\\\/2025\\\/01\\\/19966\\\/#blogposting\",\"name\":\"Pernambuco decreta situa\\u00e7\\u00e3o de emerg\\u00eancia por estiagem em 117 munic\\u00edpios - Serra FM 87,9\",\"headline\":\"Pernambuco decreta situa\\u00e7\\u00e3o de emerg\\u00eancia por estiagem em 117 munic\\u00edpios\",\"author\":{\"@id\":\"https:\\\/\\\/serrafm879.com.br\\\/serrafm\\\/author\\\/serrafm87\\\/#author\"},\"publisher\":{\"@id\":\"https:\\\/\\\/serrafm879.com.br\\\/serrafm\\\/#organization\"},\"image\":{\"@type\":\"ImageObject\",\"url\":\"https:\\\/\\\/serrafm879.com.br\\\/serrafm\\\/wp-content\\\/uploads\\\/2025\\\/01\\\/DD1ECDD4-FCD4-4508-A91A-41251402A915.jpeg\",\"width\":770,\"height\":513},\"datePublished\":\"2025-01-21T11:43:44-03:00\",\"dateModified\":\"2025-01-21T11:47:03-03:00\",\"inLanguage\":\"pt-BR\",\"mainEntityOfPage\":{\"@id\":\"https:\\\/\\\/serrafm879.com.br\\\/serrafm\\\/2025\\\/01\\\/19966\\\/#webpage\"},\"isPartOf\":{\"@id\":\"https:\\\/\\\/serrafm879.com.br\\\/serrafm\\\/2025\\\/01\\\/19966\\\/#webpage\"},\"articleSection\":\"Uncategorized\"},{\"@type\":\"BreadcrumbList\",\"@id\":\"https:\\\/\\\/serrafm879.com.br\\\/serrafm\\\/2025\\\/01\\\/19966\\\/#breadcrumblist\",\"itemListElement\":[{\"@type\":\"ListItem\",\"@id\":\"https:\\\/\\\/serrafm879.com.br\\\/serrafm#listItem\",\"position\":1,\"name\":\"Home\",\"item\":\"https:\\\/\\\/serrafm879.com.br\\\/serrafm\",\"nextItem\":{\"@type\":\"ListItem\",\"@id\":\"https:\\\/\\\/serrafm879.com.br\\\/serrafm\\\/categoria\\\/uncategorized\\\/#listItem\",\"name\":\"Uncategorized\"}},{\"@type\":\"ListItem\",\"@id\":\"https:\\\/\\\/serrafm879.com.br\\\/serrafm\\\/categoria\\\/uncategorized\\\/#listItem\",\"position\":2,\"name\":\"Uncategorized\",\"item\":\"https:\\\/\\\/serrafm879.com.br\\\/serrafm\\\/categoria\\\/uncategorized\\\/\",\"nextItem\":{\"@type\":\"ListItem\",\"@id\":\"https:\\\/\\\/serrafm879.com.br\\\/serrafm\\\/2025\\\/01\\\/19966\\\/#listItem\",\"name\":\"Pernambuco decreta situa\\u00e7\\u00e3o de emerg\\u00eancia por estiagem em 117 munic\\u00edpios\"},\"previousItem\":{\"@type\":\"ListItem\",\"@id\":\"https:\\\/\\\/serrafm879.com.br\\\/serrafm#listItem\",\"name\":\"Home\"}},{\"@type\":\"ListItem\",\"@id\":\"https:\\\/\\\/serrafm879.com.br\\\/serrafm\\\/2025\\\/01\\\/19966\\\/#listItem\",\"position\":3,\"name\":\"Pernambuco decreta situa\\u00e7\\u00e3o de emerg\\u00eancia por estiagem em 117 munic\\u00edpios\",\"previousItem\":{\"@type\":\"ListItem\",\"@id\":\"https:\\\/\\\/serrafm879.com.br\\\/serrafm\\\/categoria\\\/uncategorized\\\/#listItem\",\"name\":\"Uncategorized\"}}]},{\"@type\":\"Organization\",\"@id\":\"https:\\\/\\\/serrafm879.com.br\\\/serrafm\\\/#organization\",\"name\":\"Serra FM 87,9\",\"description\":\"O seu novo amor!\",\"url\":\"https:\\\/\\\/serrafm879.com.br\\\/serrafm\\\/\"},{\"@type\":\"Person\",\"@id\":\"https:\\\/\\\/serrafm879.com.br\\\/serrafm\\\/author\\\/serrafm87\\\/#author\",\"url\":\"https:\\\/\\\/serrafm879.com.br\\\/serrafm\\\/author\\\/serrafm87\\\/\",\"name\":\"serrafm87\",\"image\":{\"@type\":\"ImageObject\",\"@id\":\"https:\\\/\\\/serrafm879.com.br\\\/serrafm\\\/2025\\\/01\\\/19966\\\/#authorImage\",\"url\":\"https:\\\/\\\/secure.gravatar.com\\\/avatar\\\/a743233f1112d34f48bb3dc9559b76eb930bab8b27175856cba6362608736235?s=96&d=mm&r=g\",\"width\":96,\"height\":96,\"caption\":\"serrafm87\"}},{\"@type\":\"WebPage\",\"@id\":\"https:\\\/\\\/serrafm879.com.br\\\/serrafm\\\/2025\\\/01\\\/19966\\\/#webpage\",\"url\":\"https:\\\/\\\/serrafm879.com.br\\\/serrafm\\\/2025\\\/01\\\/19966\\\/\",\"name\":\"Pernambuco decreta situa\\u00e7\\u00e3o de emerg\\u00eancia por estiagem em 117 munic\\u00edpios - Serra FM 87,9\",\"description\":\"O Governo do Estado decretou situa\\u00e7\\u00e3o de emerg\\u00eancia em 117 munic\\u00edpios de Pernambuco afetados pela estiagem. O documento considera um relat\\u00f3rio da Defesa Civil com notas t\\u00e9cnicas da APAC, Compesa, Secretaria de Recursos H\\u00eddricos, entre outras pastas, que apontam o baixo volume de chuvas e os impactos que isso deve causar nos reservat\\u00f3rios. Entre as consequ\\u00eancias\",\"inLanguage\":\"pt-BR\",\"isPartOf\":{\"@id\":\"https:\\\/\\\/serrafm879.com.br\\\/serrafm\\\/#website\"},\"breadcrumb\":{\"@id\":\"https:\\\/\\\/serrafm879.com.br\\\/serrafm\\\/2025\\\/01\\\/19966\\\/#breadcrumblist\"},\"author\":{\"@id\":\"https:\\\/\\\/serrafm879.com.br\\\/serrafm\\\/author\\\/serrafm87\\\/#author\"},\"creator\":{\"@id\":\"https:\\\/\\\/serrafm879.com.br\\\/serrafm\\\/author\\\/serrafm87\\\/#author\"},\"image\":{\"@type\":\"ImageObject\",\"url\":\"https:\\\/\\\/serrafm879.com.br\\\/serrafm\\\/wp-content\\\/uploads\\\/2025\\\/01\\\/DD1ECDD4-FCD4-4508-A91A-41251402A915.jpeg\",\"@id\":\"https:\\\/\\\/serrafm879.com.br\\\/serrafm\\\/2025\\\/01\\\/19966\\\/#mainImage\",\"width\":770,\"height\":513},\"primaryImageOfPage\":{\"@id\":\"https:\\\/\\\/serrafm879.com.br\\\/serrafm\\\/2025\\\/01\\\/19966\\\/#mainImage\"},\"datePublished\":\"2025-01-21T11:43:44-03:00\",\"dateModified\":\"2025-01-21T11:47:03-03:00\"},{\"@type\":\"WebSite\",\"@id\":\"https:\\\/\\\/serrafm879.com.br\\\/serrafm\\\/#website\",\"url\":\"https:\\\/\\\/serrafm879.com.br\\\/serrafm\\\/\",\"name\":\"Serra FM 87,9\",\"description\":\"O seu novo amor!\",\"inLanguage\":\"pt-BR\",\"publisher\":{\"@id\":\"https:\\\/\\\/serrafm879.com.br\\\/serrafm\\\/#organization\"}}]}\n\t\t<\/script>\n\t\t<!-- All in One SEO -->\n\n","aioseo_head_json":{"title":"Pernambuco decreta situa\u00e7\u00e3o de emerg\u00eancia por estiagem em 117 munic\u00edpios - Serra FM 87,9","description":"O Governo do Estado decretou situa\u00e7\u00e3o de emerg\u00eancia em 117 munic\u00edpios de Pernambuco afetados pela estiagem. O documento considera um relat\u00f3rio da Defesa Civil com notas t\u00e9cnicas da APAC, Compesa, Secretaria de Recursos H\u00eddricos, entre outras pastas, que apontam o baixo volume de chuvas e os impactos que isso deve causar nos reservat\u00f3rios. Entre as consequ\u00eancias","canonical_url":"https:\/\/serrafm879.com.br\/serrafm\/2025\/01\/19966\/","robots":"max-image-preview:large","keywords":"","webmasterTools":{"miscellaneous":""},"schema":{"@context":"https:\/\/schema.org","@graph":[{"@type":"BlogPosting","@id":"https:\/\/serrafm879.com.br\/serrafm\/2025\/01\/19966\/#blogposting","name":"Pernambuco decreta situa\u00e7\u00e3o de emerg\u00eancia por estiagem em 117 munic\u00edpios - Serra FM 87,9","headline":"Pernambuco decreta situa\u00e7\u00e3o de emerg\u00eancia por estiagem em 117 munic\u00edpios","author":{"@id":"https:\/\/serrafm879.com.br\/serrafm\/author\/serrafm87\/#author"},"publisher":{"@id":"https:\/\/serrafm879.com.br\/serrafm\/#organization"},"image":{"@type":"ImageObject","url":"https:\/\/serrafm879.com.br\/serrafm\/wp-content\/uploads\/2025\/01\/DD1ECDD4-FCD4-4508-A91A-41251402A915.jpeg","width":770,"height":513},"datePublished":"2025-01-21T11:43:44-03:00","dateModified":"2025-01-21T11:47:03-03:00","inLanguage":"pt-BR","mainEntityOfPage":{"@id":"https:\/\/serrafm879.com.br\/serrafm\/2025\/01\/19966\/#webpage"},"isPartOf":{"@id":"https:\/\/serrafm879.com.br\/serrafm\/2025\/01\/19966\/#webpage"},"articleSection":"Uncategorized"},{"@type":"BreadcrumbList","@id":"https:\/\/serrafm879.com.br\/serrafm\/2025\/01\/19966\/#breadcrumblist","itemListElement":[{"@type":"ListItem","@id":"https:\/\/serrafm879.com.br\/serrafm#listItem","position":1,"name":"Home","item":"https:\/\/serrafm879.com.br\/serrafm","nextItem":{"@type":"ListItem","@id":"https:\/\/serrafm879.com.br\/serrafm\/categoria\/uncategorized\/#listItem","name":"Uncategorized"}},{"@type":"ListItem","@id":"https:\/\/serrafm879.com.br\/serrafm\/categoria\/uncategorized\/#listItem","position":2,"name":"Uncategorized","item":"https:\/\/serrafm879.com.br\/serrafm\/categoria\/uncategorized\/","nextItem":{"@type":"ListItem","@id":"https:\/\/serrafm879.com.br\/serrafm\/2025\/01\/19966\/#listItem","name":"Pernambuco decreta situa\u00e7\u00e3o de emerg\u00eancia por estiagem em 117 munic\u00edpios"},"previousItem":{"@type":"ListItem","@id":"https:\/\/serrafm879.com.br\/serrafm#listItem","name":"Home"}},{"@type":"ListItem","@id":"https:\/\/serrafm879.com.br\/serrafm\/2025\/01\/19966\/#listItem","position":3,"name":"Pernambuco decreta situa\u00e7\u00e3o de emerg\u00eancia por estiagem em 117 munic\u00edpios","previousItem":{"@type":"ListItem","@id":"https:\/\/serrafm879.com.br\/serrafm\/categoria\/uncategorized\/#listItem","name":"Uncategorized"}}]},{"@type":"Organization","@id":"https:\/\/serrafm879.com.br\/serrafm\/#organization","name":"Serra FM 87,9","description":"O seu novo amor!","url":"https:\/\/serrafm879.com.br\/serrafm\/"},{"@type":"Person","@id":"https:\/\/serrafm879.com.br\/serrafm\/author\/serrafm87\/#author","url":"https:\/\/serrafm879.com.br\/serrafm\/author\/serrafm87\/","name":"serrafm87","image":{"@type":"ImageObject","@id":"https:\/\/serrafm879.com.br\/serrafm\/2025\/01\/19966\/#authorImage","url":"https:\/\/secure.gravatar.com\/avatar\/a743233f1112d34f48bb3dc9559b76eb930bab8b27175856cba6362608736235?s=96&d=mm&r=g","width":96,"height":96,"caption":"serrafm87"}},{"@type":"WebPage","@id":"https:\/\/serrafm879.com.br\/serrafm\/2025\/01\/19966\/#webpage","url":"https:\/\/serrafm879.com.br\/serrafm\/2025\/01\/19966\/","name":"Pernambuco decreta situa\u00e7\u00e3o de emerg\u00eancia por estiagem em 117 munic\u00edpios - Serra FM 87,9","description":"O Governo do Estado decretou situa\u00e7\u00e3o de emerg\u00eancia em 117 munic\u00edpios de Pernambuco afetados pela estiagem. O documento considera um relat\u00f3rio da Defesa Civil com notas t\u00e9cnicas da APAC, Compesa, Secretaria de Recursos H\u00eddricos, entre outras pastas, que apontam o baixo volume de chuvas e os impactos que isso deve causar nos reservat\u00f3rios. Entre as consequ\u00eancias","inLanguage":"pt-BR","isPartOf":{"@id":"https:\/\/serrafm879.com.br\/serrafm\/#website"},"breadcrumb":{"@id":"https:\/\/serrafm879.com.br\/serrafm\/2025\/01\/19966\/#breadcrumblist"},"author":{"@id":"https:\/\/serrafm879.com.br\/serrafm\/author\/serrafm87\/#author"},"creator":{"@id":"https:\/\/serrafm879.com.br\/serrafm\/author\/serrafm87\/#author"},"image":{"@type":"ImageObject","url":"https:\/\/serrafm879.com.br\/serrafm\/wp-content\/uploads\/2025\/01\/DD1ECDD4-FCD4-4508-A91A-41251402A915.jpeg","@id":"https:\/\/serrafm879.com.br\/serrafm\/2025\/01\/19966\/#mainImage","width":770,"height":513},"primaryImageOfPage":{"@id":"https:\/\/serrafm879.com.br\/serrafm\/2025\/01\/19966\/#mainImage"},"datePublished":"2025-01-21T11:43:44-03:00","dateModified":"2025-01-21T11:47:03-03:00"},{"@type":"WebSite","@id":"https:\/\/serrafm879.com.br\/serrafm\/#website","url":"https:\/\/serrafm879.com.br\/serrafm\/","name":"Serra FM 87,9","description":"O seu novo amor!","inLanguage":"pt-BR","publisher":{"@id":"https:\/\/serrafm879.com.br\/serrafm\/#organization"}}]},"twitter:card":"summary_large_image","twitter:title":"Pernambuco decreta situa\u00e7\u00e3o de emerg\u00eancia por estiagem em 117 munic\u00edpios - Serra FM 87,9","twitter:description":"O Governo do Estado decretou situa\u00e7\u00e3o de emerg\u00eancia em 117 munic\u00edpios de Pernambuco afetados pela estiagem. O documento considera um relat\u00f3rio da Defesa Civil com notas t\u00e9cnicas da APAC, Compesa, Secretaria de Recursos H\u00eddricos, entre outras pastas, que apontam o baixo volume de chuvas e os impactos que isso deve causar nos reservat\u00f3rios. Entre as consequ\u00eancias","twitter:image":"https:\/\/serrafm879.com.br\/serrafm\/wp-content\/uploads\/2025\/01\/DD1ECDD4-FCD4-4508-A91A-41251402A915.jpeg"},"aioseo_meta_data":{"post_id":"19966","title":null,"description":null,"keywords":null,"keyphrases":null,"primary_term":null,"canonical_url":null,"og_title":null,"og_description":null,"og_object_type":"default","og_image_type":"default","og_image_custom_url":null,"og_image_custom_fields":null,"og_image_url":null,"og_image_width":null,"og_image_height":null,"og_video":null,"og_custom_url":null,"og_article_section":null,"og_article_tags":null,"twitter_use_og":false,"twitter_card":"default","twitter_image_type":"default","twitter_image_custom_url":null,"twitter_image_custom_fields":null,"twitter_image_url":null,"twitter_title":null,"twitter_description":null,"schema_type":"default","schema_type_options":null,"schema":{"blockGraphs":[],"customGraphs":[],"default":{"data":{"Article":[],"Course":[],"Dataset":[],"FAQPage":[],"Movie":[],"Person":[],"Product":[],"ProductReview":[],"Car":[],"Recipe":[],"Service":[],"SoftwareApplication":[],"WebPage":[]},"graphName":"","isEnabled":true},"graphs":[]},"pillar_content":false,"robots_default":true,"robots_noindex":false,"robots_noarchive":false,"robots_nosnippet":false,"robots_nofollow":false,"robots_noimageindex":false,"robots_noodp":false,"robots_notranslate":false,"robots_max_snippet":null,"robots_max_videopreview":null,"robots_max_imagepreview":"large","priority":null,"frequency":null,"local_seo":null,"limit_modified_date":false,"ai":null,"breadcrumb_settings":null,"seo_analyzer_scan_date":null,"created":"2026-07-21 13:13:47","updated":"2026-07-21 13:13:47"},"aioseo_breadcrumb":"<div class=\"aioseo-breadcrumbs\"><span class=\"aioseo-breadcrumb\">\n\t\t\t<a href=\"https:\/\/serrafm879.com.br\/serrafm\" title=\"Home\">Home<\/a>\n\t\t<\/span><span class=\"aioseo-breadcrumb-separator\">&raquo;<\/span><span class=\"aioseo-breadcrumb\">\n\t\t\t<a href=\"https:\/\/serrafm879.com.br\/serrafm\/categoria\/uncategorized\/\" title=\"Uncategorized\">Uncategorized<\/a>\n\t\t<\/span><span class=\"aioseo-breadcrumb-separator\">&raquo;<\/span><span class=\"aioseo-breadcrumb\">\n\t\t\tPernambuco decreta situa\u00e7\u00e3o de emerg\u00eancia por estiagem em 117 munic\u00edpios\n\t\t<\/span><\/div>","aioseo_breadcrumb_json":[{"label":"Home","link":"https:\/\/serrafm879.com.br\/serrafm"},{"label":"Uncategorized","link":"https:\/\/serrafm879.com.br\/serrafm\/categoria\/uncategorized\/"},{"label":"Pernambuco decreta situa\u00e7\u00e3o de emerg\u00eancia por estiagem em 117 munic\u00edpios","link":"https:\/\/serrafm879.com.br\/serrafm\/2025\/01\/19966\/"}],"jetpack_publicize_connections":[],"jetpack_featured_media_url":"https:\/\/serrafm879.com.br\/serrafm\/wp-content\/uploads\/2025\/01\/DD1ECDD4-FCD4-4508-A91A-41251402A915.jpeg","jetpack_shortlink":"https:\/\/wp.me\/s7HyXg-19966","jetpack_sharing_enabled":true,"_links":{"self":[{"href":"https:\/\/serrafm879.com.br\/serrafm\/wp-json\/wp\/v2\/posts\/19966","targetHints":{"allow":["GET"]}}],"collection":[{"href":"https:\/\/serrafm879.com.br\/serrafm\/wp-json\/wp\/v2\/posts"}],"about":[{"href":"https:\/\/serrafm879.com.br\/serrafm\/wp-json\/wp\/v2\/types\/post"}],"author":[{"embeddable":true,"href":"https:\/\/serrafm879.com.br\/serrafm\/wp-json\/wp\/v2\/users\/2"}],"replies":[{"embeddable":true,"href":"https:\/\/serrafm879.com.br\/serrafm\/wp-json\/wp\/v2\/comments?post=19966"}],"version-history":[{"count":3,"href":"https:\/\/serrafm879.com.br\/serrafm\/wp-json\/wp\/v2\/posts\/19966\/revisions"}],"predecessor-version":[{"id":19970,"href":"https:\/\/serrafm879.com.br\/serrafm\/wp-json\/wp\/v2\/posts\/19966\/revisions\/19970"}],"wp:featuredmedia":[{"embeddable":true,"href":"https:\/\/serrafm879.com.br\/serrafm\/wp-json\/wp\/v2\/media\/19967"}],"wp:attachment":[{"href":"https:\/\/serrafm879.com.br\/serrafm\/wp-json\/wp\/v2\/media?parent=19966"}],"wp:term":[{"taxonomy":"category","embeddable":true,"href":"https:\/\/serrafm879.com.br\/serrafm\/wp-json\/wp\/v2\/categories?post=19966"},{"taxonomy":"post_tag","embeddable":true,"href":"https:\/\/serrafm879.com.br\/serrafm\/wp-json\/wp\/v2\/tags?post=19966"}],"curies":[{"name":"wp","href":"https:\/\/api.w.org\/{rel}","templated":true}]}}