{"id":19971,"date":"2025-01-21T16:24:18","date_gmt":"2025-01-21T19:24:18","guid":{"rendered":"https:\/?p=19971"},"modified":"2025-01-21T16:24:18","modified_gmt":"2025-01-21T19:24:18","slug":"parcerias-com-o-estado-fortalece-politicas-publicas-para-mulheres-em-serra-talhada","status":"publish","type":"post","link":"https:\/\/serrafm879.com.br\/serrafm\/2025\/01\/parcerias-com-o-estado-fortalece-politicas-publicas-para-mulheres-em-serra-talhada\/","title":{"rendered":"Parcerias com o Estado fortalece pol\u00edticas p\u00fablicas para mulheres em Serra Talhada"},"content":{"rendered":"<p>Nesta segunda (20), a secret\u00e1ria da Mulher de Serra Talhada, Vera Gama, e a secret\u00e1ria de Planejamento e Gest\u00e3o, Joana Alves, se reuniram com a secret\u00e1ria estadual da Mulher, Juliana Gouveia, para discutir o fortalecimento de pol\u00edticas p\u00fablicas voltadas \u00e0s mulheres. O encontro refor\u00e7ou a parceria entre o munic\u00edpio e o estado, com o objetivo de ampliar iniciativas de capacita\u00e7\u00e3o profissional e qualifica\u00e7\u00e3o de equipes que atuam no enfrentamento \u00e0s desigualdades de g\u00eanero.<\/p>\n<p>\u201c<em>Estamos comprometidas em garantir pol\u00edticas p\u00fablicas eficientes que atendam \u00e0s reais necessidades das mulheres de Serra Talhada. Essa parceria com o Governo do Estado \u00e9 essencial para avan\u00e7armos ainda mais em a\u00e7\u00f5es de empoderamento, capacita\u00e7\u00e3o e suporte \u00e0quelas que mais precisam<\/em>\u201c, destacou Vera Gama, secret\u00e1ria da Mulher.<\/p>\n<p>Na reuni\u00e3o, foi tratada a realiza\u00e7\u00e3o da Confer\u00eancia Municipal da Mulher, que ser\u00e1 alinhada \u00e0 Confer\u00eancia Estadual, al\u00e9m de novos cursos profissionalizantes que ser\u00e3o ofertados em breve por meio da parceria entre estado e munic\u00edpio. Os encontros refor\u00e7am a import\u00e2ncia de unir esfor\u00e7os para a constru\u00e7\u00e3o de pol\u00edticas que impactem diretamente a vida das mulheres, promovendo mais igualdade e inclus\u00e3o.<\/p>\n","protected":false},"excerpt":{"rendered":"<p>Nesta segunda (20), a secret\u00e1ria da Mulher de Serra Talhada, Vera Gama, e a secret\u00e1ria de Planejamento e Gest\u00e3o, Joana Alves, se reuniram com a secret\u00e1ria estadual da Mulher, Juliana Gouveia, para discutir o fortalecimento de pol\u00edticas p\u00fablicas voltadas \u00e0s mulheres. O encontro refor\u00e7ou a parceria entre o munic\u00edpio e o estado, com o objetivo de ampliar iniciativas de capacita\u00e7\u00e3o profissional e qualifica\u00e7\u00e3o de equipes que atuam no enfrentamento \u00e0s desigualdades de g\u00eanero. \u201cEstamos comprometidas em garantir pol\u00edticas p\u00fablicas eficientes que atendam \u00e0s reais necessidades das mulheres de Serra Talhada. Essa parceria com o Governo do Estado \u00e9 essencial para [&hellip;]<\/p>\n","protected":false},"author":2,"featured_media":19972,"comment_status":"open","ping_status":"open","sticky":false,"template":"","format":"standard","meta":{"_jetpack_newsletter_access":"","_jetpack_dont_email_post_to_subs":false,"_jetpack_newsletter_tier_id":0,"_jetpack_memberships_contains_paywalled_content":false,"_jetpack_feature_clip_id":0,"_jetpack_memberships_contains_paid_content":false,"footnotes":"","jetpack_publicize_message":"","jetpack_publicize_feature_enabled":true,"jetpack_social_post_already_shared":true,"jetpack_social_options":{"image_generator_settings":{"template":"highway","default_image_id":0,"font":"","enabled":false},"version":2},"jetpack_post_was_ever_published":false},"categories":[1],"tags":[],"class_list":["post-19971","post","type-post","status-publish","format-standard","has-post-thumbnail","hentry","category-uncategorized"],"aioseo_notices":[],"aioseo_head":"\n\t\t<!-- All in One SEO 4.9.10 - aioseo.com -->\n\t<meta name=\"description\" content=\"Nesta segunda (20), a secret\u00e1ria da Mulher de Serra Talhada, Vera Gama, e a secret\u00e1ria de Planejamento e Gest\u00e3o, Joana Alves, se reuniram com a secret\u00e1ria estadual da Mulher, Juliana Gouveia, para discutir o fortalecimento de pol\u00edticas p\u00fablicas voltadas \u00e0s mulheres. O encontro refor\u00e7ou a parceria entre o munic\u00edpio e o estado, com o objetivo\" \/>\n\t<meta name=\"robots\" content=\"max-image-preview:large\" \/>\n\t<meta name=\"author\" content=\"serrafm87\"\/>\n\t<link rel=\"canonical\" href=\"https:\/\/serrafm879.com.br\/serrafm\/2025\/01\/parcerias-com-o-estado-fortalece-politicas-publicas-para-mulheres-em-serra-talhada\/\" \/>\n\t<meta name=\"generator\" content=\"All in One SEO (AIOSEO) 4.9.10\" \/>\n\t\t<meta name=\"twitter:card\" content=\"summary_large_image\" \/>\n\t\t<meta name=\"twitter:title\" content=\"Parcerias com o Estado fortalece pol\u00edticas p\u00fablicas para mulheres em Serra Talhada - Serra FM 87,9\" \/>\n\t\t<meta name=\"twitter:description\" content=\"Nesta segunda (20), a secret\u00e1ria da Mulher de Serra Talhada, Vera Gama, e a secret\u00e1ria de Planejamento e Gest\u00e3o, Joana Alves, se reuniram com a secret\u00e1ria estadual da Mulher, Juliana Gouveia, para discutir o fortalecimento de pol\u00edticas p\u00fablicas voltadas \u00e0s mulheres. O encontro refor\u00e7ou a parceria entre o munic\u00edpio e o estado, com o objetivo\" \/>\n\t\t<meta name=\"twitter:image\" content=\"https:\/\/serrafm879.com.br\/serrafm\/wp-content\/uploads\/2025\/01\/edc268b6-c8ea-4a02-a531-f13c3def40f6-edited.jpeg\" \/>\n\t\t<script type=\"application\/ld+json\" class=\"aioseo-schema\">\n\t\t\t{\"@context\":\"https:\\\/\\\/schema.org\",\"@graph\":[{\"@type\":\"BlogPosting\",\"@id\":\"https:\\\/\\\/serrafm879.com.br\\\/serrafm\\\/2025\\\/01\\\/parcerias-com-o-estado-fortalece-politicas-publicas-para-mulheres-em-serra-talhada\\\/#blogposting\",\"name\":\"Parcerias com o Estado fortalece pol\\u00edticas p\\u00fablicas para mulheres em Serra Talhada - Serra FM 87,9\",\"headline\":\"Parcerias com o Estado fortalece pol\\u00edticas p\\u00fablicas para mulheres em Serra Talhada\",\"author\":{\"@id\":\"https:\\\/\\\/serrafm879.com.br\\\/serrafm\\\/author\\\/serrafm87\\\/#author\"},\"publisher\":{\"@id\":\"https:\\\/\\\/serrafm879.com.br\\\/serrafm\\\/#organization\"},\"image\":{\"@type\":\"ImageObject\",\"url\":\"https:\\\/\\\/serrafm879.com.br\\\/serrafm\\\/wp-content\\\/uploads\\\/2025\\\/01\\\/edc268b6-c8ea-4a02-a531-f13c3def40f6-edited.jpeg\",\"width\":1080,\"height\":720},\"datePublished\":\"2025-01-21T16:24:18-03:00\",\"dateModified\":\"2025-01-21T16:24:18-03:00\",\"inLanguage\":\"pt-BR\",\"mainEntityOfPage\":{\"@id\":\"https:\\\/\\\/serrafm879.com.br\\\/serrafm\\\/2025\\\/01\\\/parcerias-com-o-estado-fortalece-politicas-publicas-para-mulheres-em-serra-talhada\\\/#webpage\"},\"isPartOf\":{\"@id\":\"https:\\\/\\\/serrafm879.com.br\\\/serrafm\\\/2025\\\/01\\\/parcerias-com-o-estado-fortalece-politicas-publicas-para-mulheres-em-serra-talhada\\\/#webpage\"},\"articleSection\":\"Uncategorized\"},{\"@type\":\"BreadcrumbList\",\"@id\":\"https:\\\/\\\/serrafm879.com.br\\\/serrafm\\\/2025\\\/01\\\/parcerias-com-o-estado-fortalece-politicas-publicas-para-mulheres-em-serra-talhada\\\/#breadcrumblist\",\"itemListElement\":[{\"@type\":\"ListItem\",\"@id\":\"https:\\\/\\\/serrafm879.com.br\\\/serrafm#listItem\",\"position\":1,\"name\":\"Home\",\"item\":\"https:\\\/\\\/serrafm879.com.br\\\/serrafm\",\"nextItem\":{\"@type\":\"ListItem\",\"@id\":\"https:\\\/\\\/serrafm879.com.br\\\/serrafm\\\/categoria\\\/uncategorized\\\/#listItem\",\"name\":\"Uncategorized\"}},{\"@type\":\"ListItem\",\"@id\":\"https:\\\/\\\/serrafm879.com.br\\\/serrafm\\\/categoria\\\/uncategorized\\\/#listItem\",\"position\":2,\"name\":\"Uncategorized\",\"item\":\"https:\\\/\\\/serrafm879.com.br\\\/serrafm\\\/categoria\\\/uncategorized\\\/\",\"nextItem\":{\"@type\":\"ListItem\",\"@id\":\"https:\\\/\\\/serrafm879.com.br\\\/serrafm\\\/2025\\\/01\\\/parcerias-com-o-estado-fortalece-politicas-publicas-para-mulheres-em-serra-talhada\\\/#listItem\",\"name\":\"Parcerias com o Estado fortalece pol\\u00edticas p\\u00fablicas para mulheres em Serra Talhada\"},\"previousItem\":{\"@type\":\"ListItem\",\"@id\":\"https:\\\/\\\/serrafm879.com.br\\\/serrafm#listItem\",\"name\":\"Home\"}},{\"@type\":\"ListItem\",\"@id\":\"https:\\\/\\\/serrafm879.com.br\\\/serrafm\\\/2025\\\/01\\\/parcerias-com-o-estado-fortalece-politicas-publicas-para-mulheres-em-serra-talhada\\\/#listItem\",\"position\":3,\"name\":\"Parcerias com o Estado fortalece pol\\u00edticas p\\u00fablicas para mulheres em Serra Talhada\",\"previousItem\":{\"@type\":\"ListItem\",\"@id\":\"https:\\\/\\\/serrafm879.com.br\\\/serrafm\\\/categoria\\\/uncategorized\\\/#listItem\",\"name\":\"Uncategorized\"}}]},{\"@type\":\"Organization\",\"@id\":\"https:\\\/\\\/serrafm879.com.br\\\/serrafm\\\/#organization\",\"name\":\"Serra FM 87,9\",\"description\":\"O seu novo amor!\",\"url\":\"https:\\\/\\\/serrafm879.com.br\\\/serrafm\\\/\"},{\"@type\":\"Person\",\"@id\":\"https:\\\/\\\/serrafm879.com.br\\\/serrafm\\\/author\\\/serrafm87\\\/#author\",\"url\":\"https:\\\/\\\/serrafm879.com.br\\\/serrafm\\\/author\\\/serrafm87\\\/\",\"name\":\"serrafm87\",\"image\":{\"@type\":\"ImageObject\",\"@id\":\"https:\\\/\\\/serrafm879.com.br\\\/serrafm\\\/2025\\\/01\\\/parcerias-com-o-estado-fortalece-politicas-publicas-para-mulheres-em-serra-talhada\\\/#authorImage\",\"url\":\"https:\\\/\\\/secure.gravatar.com\\\/avatar\\\/a743233f1112d34f48bb3dc9559b76eb930bab8b27175856cba6362608736235?s=96&d=mm&r=g\",\"width\":96,\"height\":96,\"caption\":\"serrafm87\"}},{\"@type\":\"WebPage\",\"@id\":\"https:\\\/\\\/serrafm879.com.br\\\/serrafm\\\/2025\\\/01\\\/parcerias-com-o-estado-fortalece-politicas-publicas-para-mulheres-em-serra-talhada\\\/#webpage\",\"url\":\"https:\\\/\\\/serrafm879.com.br\\\/serrafm\\\/2025\\\/01\\\/parcerias-com-o-estado-fortalece-politicas-publicas-para-mulheres-em-serra-talhada\\\/\",\"name\":\"Parcerias com o Estado fortalece pol\\u00edticas p\\u00fablicas para mulheres em Serra Talhada - Serra FM 87,9\",\"description\":\"Nesta segunda (20), a secret\\u00e1ria da Mulher de Serra Talhada, Vera Gama, e a secret\\u00e1ria de Planejamento e Gest\\u00e3o, Joana Alves, se reuniram com a secret\\u00e1ria estadual da Mulher, Juliana Gouveia, para discutir o fortalecimento de pol\\u00edticas p\\u00fablicas voltadas \\u00e0s mulheres. O encontro refor\\u00e7ou a parceria entre o munic\\u00edpio e o estado, com o objetivo\",\"inLanguage\":\"pt-BR\",\"isPartOf\":{\"@id\":\"https:\\\/\\\/serrafm879.com.br\\\/serrafm\\\/#website\"},\"breadcrumb\":{\"@id\":\"https:\\\/\\\/serrafm879.com.br\\\/serrafm\\\/2025\\\/01\\\/parcerias-com-o-estado-fortalece-politicas-publicas-para-mulheres-em-serra-talhada\\\/#breadcrumblist\"},\"author\":{\"@id\":\"https:\\\/\\\/serrafm879.com.br\\\/serrafm\\\/author\\\/serrafm87\\\/#author\"},\"creator\":{\"@id\":\"https:\\\/\\\/serrafm879.com.br\\\/serrafm\\\/author\\\/serrafm87\\\/#author\"},\"image\":{\"@type\":\"ImageObject\",\"url\":\"https:\\\/\\\/serrafm879.com.br\\\/serrafm\\\/wp-content\\\/uploads\\\/2025\\\/01\\\/edc268b6-c8ea-4a02-a531-f13c3def40f6-edited.jpeg\",\"@id\":\"https:\\\/\\\/serrafm879.com.br\\\/serrafm\\\/2025\\\/01\\\/parcerias-com-o-estado-fortalece-politicas-publicas-para-mulheres-em-serra-talhada\\\/#mainImage\",\"width\":1080,\"height\":720},\"primaryImageOfPage\":{\"@id\":\"https:\\\/\\\/serrafm879.com.br\\\/serrafm\\\/2025\\\/01\\\/parcerias-com-o-estado-fortalece-politicas-publicas-para-mulheres-em-serra-talhada\\\/#mainImage\"},\"datePublished\":\"2025-01-21T16:24:18-03:00\",\"dateModified\":\"2025-01-21T16:24:18-03:00\"},{\"@type\":\"WebSite\",\"@id\":\"https:\\\/\\\/serrafm879.com.br\\\/serrafm\\\/#website\",\"url\":\"https:\\\/\\\/serrafm879.com.br\\\/serrafm\\\/\",\"name\":\"Serra FM 87,9\",\"description\":\"O seu novo amor!\",\"inLanguage\":\"pt-BR\",\"publisher\":{\"@id\":\"https:\\\/\\\/serrafm879.com.br\\\/serrafm\\\/#organization\"}}]}\n\t\t<\/script>\n\t\t<!-- All in One SEO -->\n\n","aioseo_head_json":{"title":"Parcerias com o Estado fortalece pol\u00edticas p\u00fablicas para mulheres em Serra Talhada - Serra FM 87,9","description":"Nesta segunda (20), a secret\u00e1ria da Mulher de Serra Talhada, Vera Gama, e a secret\u00e1ria de Planejamento e Gest\u00e3o, Joana Alves, se reuniram com a secret\u00e1ria estadual da Mulher, Juliana Gouveia, para discutir o fortalecimento de pol\u00edticas p\u00fablicas voltadas \u00e0s mulheres. O encontro refor\u00e7ou a parceria entre o munic\u00edpio e o estado, com o objetivo","canonical_url":"https:\/\/serrafm879.com.br\/serrafm\/2025\/01\/parcerias-com-o-estado-fortalece-politicas-publicas-para-mulheres-em-serra-talhada\/","robots":"max-image-preview:large","keywords":"","webmasterTools":{"miscellaneous":""},"schema":{"@context":"https:\/\/schema.org","@graph":[{"@type":"BlogPosting","@id":"https:\/\/serrafm879.com.br\/serrafm\/2025\/01\/parcerias-com-o-estado-fortalece-politicas-publicas-para-mulheres-em-serra-talhada\/#blogposting","name":"Parcerias com o Estado fortalece pol\u00edticas p\u00fablicas para mulheres em Serra Talhada - Serra FM 87,9","headline":"Parcerias com o Estado fortalece pol\u00edticas p\u00fablicas para mulheres em Serra Talhada","author":{"@id":"https:\/\/serrafm879.com.br\/serrafm\/author\/serrafm87\/#author"},"publisher":{"@id":"https:\/\/serrafm879.com.br\/serrafm\/#organization"},"image":{"@type":"ImageObject","url":"https:\/\/serrafm879.com.br\/serrafm\/wp-content\/uploads\/2025\/01\/edc268b6-c8ea-4a02-a531-f13c3def40f6-edited.jpeg","width":1080,"height":720},"datePublished":"2025-01-21T16:24:18-03:00","dateModified":"2025-01-21T16:24:18-03:00","inLanguage":"pt-BR","mainEntityOfPage":{"@id":"https:\/\/serrafm879.com.br\/serrafm\/2025\/01\/parcerias-com-o-estado-fortalece-politicas-publicas-para-mulheres-em-serra-talhada\/#webpage"},"isPartOf":{"@id":"https:\/\/serrafm879.com.br\/serrafm\/2025\/01\/parcerias-com-o-estado-fortalece-politicas-publicas-para-mulheres-em-serra-talhada\/#webpage"},"articleSection":"Uncategorized"},{"@type":"BreadcrumbList","@id":"https:\/\/serrafm879.com.br\/serrafm\/2025\/01\/parcerias-com-o-estado-fortalece-politicas-publicas-para-mulheres-em-serra-talhada\/#breadcrumblist","itemListElement":[{"@type":"ListItem","@id":"https:\/\/serrafm879.com.br\/serrafm#listItem","position":1,"name":"Home","item":"https:\/\/serrafm879.com.br\/serrafm","nextItem":{"@type":"ListItem","@id":"https:\/\/serrafm879.com.br\/serrafm\/categoria\/uncategorized\/#listItem","name":"Uncategorized"}},{"@type":"ListItem","@id":"https:\/\/serrafm879.com.br\/serrafm\/categoria\/uncategorized\/#listItem","position":2,"name":"Uncategorized","item":"https:\/\/serrafm879.com.br\/serrafm\/categoria\/uncategorized\/","nextItem":{"@type":"ListItem","@id":"https:\/\/serrafm879.com.br\/serrafm\/2025\/01\/parcerias-com-o-estado-fortalece-politicas-publicas-para-mulheres-em-serra-talhada\/#listItem","name":"Parcerias com o Estado fortalece pol\u00edticas p\u00fablicas para mulheres em Serra Talhada"},"previousItem":{"@type":"ListItem","@id":"https:\/\/serrafm879.com.br\/serrafm#listItem","name":"Home"}},{"@type":"ListItem","@id":"https:\/\/serrafm879.com.br\/serrafm\/2025\/01\/parcerias-com-o-estado-fortalece-politicas-publicas-para-mulheres-em-serra-talhada\/#listItem","position":3,"name":"Parcerias com o Estado fortalece pol\u00edticas p\u00fablicas para mulheres em Serra Talhada","previousItem":{"@type":"ListItem","@id":"https:\/\/serrafm879.com.br\/serrafm\/categoria\/uncategorized\/#listItem","name":"Uncategorized"}}]},{"@type":"Organization","@id":"https:\/\/serrafm879.com.br\/serrafm\/#organization","name":"Serra FM 87,9","description":"O seu novo amor!","url":"https:\/\/serrafm879.com.br\/serrafm\/"},{"@type":"Person","@id":"https:\/\/serrafm879.com.br\/serrafm\/author\/serrafm87\/#author","url":"https:\/\/serrafm879.com.br\/serrafm\/author\/serrafm87\/","name":"serrafm87","image":{"@type":"ImageObject","@id":"https:\/\/serrafm879.com.br\/serrafm\/2025\/01\/parcerias-com-o-estado-fortalece-politicas-publicas-para-mulheres-em-serra-talhada\/#authorImage","url":"https:\/\/secure.gravatar.com\/avatar\/a743233f1112d34f48bb3dc9559b76eb930bab8b27175856cba6362608736235?s=96&d=mm&r=g","width":96,"height":96,"caption":"serrafm87"}},{"@type":"WebPage","@id":"https:\/\/serrafm879.com.br\/serrafm\/2025\/01\/parcerias-com-o-estado-fortalece-politicas-publicas-para-mulheres-em-serra-talhada\/#webpage","url":"https:\/\/serrafm879.com.br\/serrafm\/2025\/01\/parcerias-com-o-estado-fortalece-politicas-publicas-para-mulheres-em-serra-talhada\/","name":"Parcerias com o Estado fortalece pol\u00edticas p\u00fablicas para mulheres em Serra Talhada - Serra FM 87,9","description":"Nesta segunda (20), a secret\u00e1ria da Mulher de Serra Talhada, Vera Gama, e a secret\u00e1ria de Planejamento e Gest\u00e3o, Joana Alves, se reuniram com a secret\u00e1ria estadual da Mulher, Juliana Gouveia, para discutir o fortalecimento de pol\u00edticas p\u00fablicas voltadas \u00e0s mulheres. O encontro refor\u00e7ou a parceria entre o munic\u00edpio e o estado, com o objetivo","inLanguage":"pt-BR","isPartOf":{"@id":"https:\/\/serrafm879.com.br\/serrafm\/#website"},"breadcrumb":{"@id":"https:\/\/serrafm879.com.br\/serrafm\/2025\/01\/parcerias-com-o-estado-fortalece-politicas-publicas-para-mulheres-em-serra-talhada\/#breadcrumblist"},"author":{"@id":"https:\/\/serrafm879.com.br\/serrafm\/author\/serrafm87\/#author"},"creator":{"@id":"https:\/\/serrafm879.com.br\/serrafm\/author\/serrafm87\/#author"},"image":{"@type":"ImageObject","url":"https:\/\/serrafm879.com.br\/serrafm\/wp-content\/uploads\/2025\/01\/edc268b6-c8ea-4a02-a531-f13c3def40f6-edited.jpeg","@id":"https:\/\/serrafm879.com.br\/serrafm\/2025\/01\/parcerias-com-o-estado-fortalece-politicas-publicas-para-mulheres-em-serra-talhada\/#mainImage","width":1080,"height":720},"primaryImageOfPage":{"@id":"https:\/\/serrafm879.com.br\/serrafm\/2025\/01\/parcerias-com-o-estado-fortalece-politicas-publicas-para-mulheres-em-serra-talhada\/#mainImage"},"datePublished":"2025-01-21T16:24:18-03:00","dateModified":"2025-01-21T16:24:18-03:00"},{"@type":"WebSite","@id":"https:\/\/serrafm879.com.br\/serrafm\/#website","url":"https:\/\/serrafm879.com.br\/serrafm\/","name":"Serra FM 87,9","description":"O seu novo amor!","inLanguage":"pt-BR","publisher":{"@id":"https:\/\/serrafm879.com.br\/serrafm\/#organization"}}]},"twitter:card":"summary_large_image","twitter:title":"Parcerias com o Estado fortalece pol\u00edticas p\u00fablicas para mulheres em Serra Talhada - Serra FM 87,9","twitter:description":"Nesta segunda (20), a secret\u00e1ria da Mulher de Serra Talhada, Vera Gama, e a secret\u00e1ria de Planejamento e Gest\u00e3o, Joana Alves, se reuniram com a secret\u00e1ria estadual da Mulher, Juliana Gouveia, para discutir o fortalecimento de pol\u00edticas p\u00fablicas voltadas \u00e0s mulheres. O encontro refor\u00e7ou a parceria entre o munic\u00edpio e o estado, com o objetivo","twitter:image":"https:\/\/serrafm879.com.br\/serrafm\/wp-content\/uploads\/2025\/01\/edc268b6-c8ea-4a02-a531-f13c3def40f6-edited.jpeg"},"aioseo_meta_data":{"post_id":"19971","title":null,"description":null,"keywords":null,"keyphrases":null,"primary_term":null,"canonical_url":null,"og_title":null,"og_description":null,"og_object_type":"default","og_image_type":"default","og_image_custom_url":null,"og_image_custom_fields":null,"og_image_url":null,"og_image_width":null,"og_image_height":null,"og_video":null,"og_custom_url":null,"og_article_section":null,"og_article_tags":null,"twitter_use_og":false,"twitter_card":"default","twitter_image_type":"default","twitter_image_custom_url":null,"twitter_image_custom_fields":null,"twitter_image_url":null,"twitter_title":null,"twitter_description":null,"schema_type":"default","schema_type_options":null,"schema":{"blockGraphs":[],"customGraphs":[],"default":{"data":{"Article":[],"Course":[],"Dataset":[],"FAQPage":[],"Movie":[],"Person":[],"Product":[],"ProductReview":[],"Car":[],"Recipe":[],"Service":[],"SoftwareApplication":[],"WebPage":[]},"graphName":"","isEnabled":true},"graphs":[]},"pillar_content":false,"robots_default":true,"robots_noindex":false,"robots_noarchive":false,"robots_nosnippet":false,"robots_nofollow":false,"robots_noimageindex":false,"robots_noodp":false,"robots_notranslate":false,"robots_max_snippet":null,"robots_max_videopreview":null,"robots_max_imagepreview":"large","priority":null,"frequency":null,"local_seo":null,"limit_modified_date":false,"ai":null,"breadcrumb_settings":null,"seo_analyzer_scan_date":null,"created":"2026-07-21 13:13:47","updated":"2026-07-21 13:13:47"},"aioseo_breadcrumb":"<div class=\"aioseo-breadcrumbs\"><span class=\"aioseo-breadcrumb\">\n\t\t\t<a href=\"https:\/\/serrafm879.com.br\/serrafm\" title=\"Home\">Home<\/a>\n\t\t<\/span><span class=\"aioseo-breadcrumb-separator\">&raquo;<\/span><span class=\"aioseo-breadcrumb\">\n\t\t\t<a href=\"https:\/\/serrafm879.com.br\/serrafm\/categoria\/uncategorized\/\" title=\"Uncategorized\">Uncategorized<\/a>\n\t\t<\/span><span class=\"aioseo-breadcrumb-separator\">&raquo;<\/span><span class=\"aioseo-breadcrumb\">\n\t\t\tParcerias com o Estado fortalece pol\u00edticas p\u00fablicas para mulheres em Serra Talhada\n\t\t<\/span><\/div>","aioseo_breadcrumb_json":[{"label":"Home","link":"https:\/\/serrafm879.com.br\/serrafm"},{"label":"Uncategorized","link":"https:\/\/serrafm879.com.br\/serrafm\/categoria\/uncategorized\/"},{"label":"Parcerias com o Estado fortalece pol\u00edticas p\u00fablicas para mulheres em Serra Talhada","link":"https:\/\/serrafm879.com.br\/serrafm\/2025\/01\/parcerias-com-o-estado-fortalece-politicas-publicas-para-mulheres-em-serra-talhada\/"}],"jetpack_publicize_connections":[],"jetpack_featured_media_url":"https:\/\/serrafm879.com.br\/serrafm\/wp-content\/uploads\/2025\/01\/edc268b6-c8ea-4a02-a531-f13c3def40f6-edited.jpeg","jetpack_shortlink":"https:\/\/wp.me\/p7HyXg-5c7","jetpack_sharing_enabled":true,"_links":{"self":[{"href":"https:\/\/serrafm879.com.br\/serrafm\/wp-json\/wp\/v2\/posts\/19971","targetHints":{"allow":["GET"]}}],"collection":[{"href":"https:\/\/serrafm879.com.br\/serrafm\/wp-json\/wp\/v2\/posts"}],"about":[{"href":"https:\/\/serrafm879.com.br\/serrafm\/wp-json\/wp\/v2\/types\/post"}],"author":[{"embeddable":true,"href":"https:\/\/serrafm879.com.br\/serrafm\/wp-json\/wp\/v2\/users\/2"}],"replies":[{"embeddable":true,"href":"https:\/\/serrafm879.com.br\/serrafm\/wp-json\/wp\/v2\/comments?post=19971"}],"version-history":[{"count":1,"href":"https:\/\/serrafm879.com.br\/serrafm\/wp-json\/wp\/v2\/posts\/19971\/revisions"}],"predecessor-version":[{"id":19973,"href":"https:\/\/serrafm879.com.br\/serrafm\/wp-json\/wp\/v2\/posts\/19971\/revisions\/19973"}],"wp:featuredmedia":[{"embeddable":true,"href":"https:\/\/serrafm879.com.br\/serrafm\/wp-json\/wp\/v2\/media\/19972"}],"wp:attachment":[{"href":"https:\/\/serrafm879.com.br\/serrafm\/wp-json\/wp\/v2\/media?parent=19971"}],"wp:term":[{"taxonomy":"category","embeddable":true,"href":"https:\/\/serrafm879.com.br\/serrafm\/wp-json\/wp\/v2\/categories?post=19971"},{"taxonomy":"post_tag","embeddable":true,"href":"https:\/\/serrafm879.com.br\/serrafm\/wp-json\/wp\/v2\/tags?post=19971"}],"curies":[{"name":"wp","href":"https:\/\/api.w.org\/{rel}","templated":true}]}}