{"id":19996,"date":"2025-01-22T10:02:49","date_gmt":"2025-01-22T13:02:49","guid":{"rendered":"https:\/?p=19996"},"modified":"2025-01-22T10:02:49","modified_gmt":"2025-01-22T13:02:49","slug":"motorista-envolvido-em-acidente-que-matou-39-pessoas-foi-preso-exame-revela-uso-de-cocaina-e-e-ecstasy","status":"publish","type":"post","link":"https:\/\/serrafm879.com.br\/serrafm\/2025\/01\/motorista-envolvido-em-acidente-que-matou-39-pessoas-foi-preso-exame-revela-uso-de-cocaina-e-e-ecstasy\/","title":{"rendered":"Motorista envolvido em acidente que matou 39 pessoas foi preso, exame revela uso de coca\u00edna e e ecstasy"},"content":{"rendered":"<p>O motorista da carreta envolvido no grave acidente ocorrido na BR-116, no munic\u00edpio de Te\u00f3filo Otoni, em Minas Gerais, que matou 39 pessoas em 21 de dezembro, foi preso na manh\u00e3 desta ter\u00e7a-feira (21). A deten\u00e7\u00e3o ocorre ap\u00f3s um exame toxicol\u00f3gico, feito dois dias depois da ocorr\u00eancia, apontar que o suspeito utilizou coca\u00edna e ecstasy.<\/p>\n<p>Conforme a decis\u00e3o que decretou a pris\u00e3o, Arilton Bastos Alves tamb\u00e9m teria a presen\u00e7a de MDA, alprazolam e venlafaxina no material biol\u00f3gico. \u201cH\u00e1 ind\u00edcios de que o investigado tinha por costume conduzir ve\u00edculo automotor sob efeito de bebidas alco\u00f3licas\u201d, complementa a medida judicial, de acordo com informa\u00e7\u00f5es do g1.<\/p>\n<p>A delibera\u00e7\u00e3o do magistrado tamb\u00e9m leva em conta o fato do suspeito ter deixado o local do acidente, o sobrepeso da carga \u2013 quase o dobro do permitido pela legisla\u00e7\u00e3o de tr\u00e2nsito, segundo o documento \u2013 e o excesso de velocidade da carreta.<\/p>\n<p>O juiz Danilo de Mello Ferraz ressaltou, ainda, que as investiga\u00e7\u00f5es apontam que a principal causa do acidente foi o \u201ctombamento do segundo semirreboque da carreta sobre a contram\u00e3o direcional e, subsequentemente, o desprendimento do bloco de granito e o seu choque frontal com o \u00f4nibus.\u201d<\/p>\n","protected":false},"excerpt":{"rendered":"<p>O motorista da carreta envolvido no grave acidente ocorrido na BR-116, no munic\u00edpio de Te\u00f3filo Otoni, em Minas Gerais, que matou 39 pessoas em 21 de dezembro, foi preso na manh\u00e3 desta ter\u00e7a-feira (21). A deten\u00e7\u00e3o ocorre ap\u00f3s um exame toxicol\u00f3gico, feito dois dias depois da ocorr\u00eancia, apontar que o suspeito utilizou coca\u00edna e ecstasy. Conforme a decis\u00e3o que decretou a pris\u00e3o, Arilton Bastos Alves tamb\u00e9m teria a presen\u00e7a de MDA, alprazolam e venlafaxina no material biol\u00f3gico. \u201cH\u00e1 ind\u00edcios de que o investigado tinha por costume conduzir ve\u00edculo automotor sob efeito de bebidas alco\u00f3licas\u201d, complementa a medida judicial, de acordo [&hellip;]<\/p>\n","protected":false},"author":2,"featured_media":19997,"comment_status":"open","ping_status":"open","sticky":false,"template":"","format":"standard","meta":{"_jetpack_newsletter_access":"","_jetpack_dont_email_post_to_subs":false,"_jetpack_newsletter_tier_id":0,"_jetpack_memberships_contains_paywalled_content":false,"_jetpack_feature_clip_id":0,"_jetpack_memberships_contains_paid_content":false,"footnotes":"","jetpack_publicize_message":"","jetpack_publicize_feature_enabled":true,"jetpack_social_post_already_shared":true,"jetpack_social_options":{"image_generator_settings":{"template":"highway","default_image_id":0,"font":"","enabled":false},"version":2},"jetpack_post_was_ever_published":false},"categories":[1],"tags":[],"class_list":["post-19996","post","type-post","status-publish","format-standard","has-post-thumbnail","hentry","category-uncategorized"],"aioseo_notices":[],"aioseo_head":"\n\t\t<!-- All in One SEO 4.9.10 - aioseo.com -->\n\t<meta name=\"description\" content=\"O motorista da carreta envolvido no grave acidente ocorrido na BR-116, no munic\u00edpio de Te\u00f3filo Otoni, em Minas Gerais, que matou 39 pessoas em 21 de dezembro, foi preso na manh\u00e3 desta ter\u00e7a-feira (21). A deten\u00e7\u00e3o ocorre ap\u00f3s um exame toxicol\u00f3gico, feito dois dias depois da ocorr\u00eancia, apontar que o suspeito utilizou coca\u00edna e ecstasy.\" \/>\n\t<meta name=\"robots\" content=\"max-image-preview:large\" \/>\n\t<meta name=\"author\" content=\"serrafm87\"\/>\n\t<link rel=\"canonical\" href=\"https:\/\/serrafm879.com.br\/serrafm\/2025\/01\/motorista-envolvido-em-acidente-que-matou-39-pessoas-foi-preso-exame-revela-uso-de-cocaina-e-e-ecstasy\/\" \/>\n\t<meta name=\"generator\" content=\"All in One SEO (AIOSEO) 4.9.10\" \/>\n\t\t<meta name=\"twitter:card\" content=\"summary_large_image\" \/>\n\t\t<meta name=\"twitter:title\" content=\"Motorista envolvido em acidente que matou 39 pessoas foi preso, exame revela uso de coca\u00edna e e ecstasy - Serra FM 87,9\" \/>\n\t\t<meta name=\"twitter:description\" content=\"O motorista da carreta envolvido no grave acidente ocorrido na BR-116, no munic\u00edpio de Te\u00f3filo Otoni, em Minas Gerais, que matou 39 pessoas em 21 de dezembro, foi preso na manh\u00e3 desta ter\u00e7a-feira (21). A deten\u00e7\u00e3o ocorre ap\u00f3s um exame toxicol\u00f3gico, feito dois dias depois da ocorr\u00eancia, apontar que o suspeito utilizou coca\u00edna e ecstasy.\" \/>\n\t\t<meta name=\"twitter:image\" content=\"https:\/\/serrafm879.com.br\/serrafm\/wp-content\/uploads\/2025\/01\/Captura-de-tela-2025-01-22-100118.png\" \/>\n\t\t<script type=\"application\/ld+json\" class=\"aioseo-schema\">\n\t\t\t{\"@context\":\"https:\\\/\\\/schema.org\",\"@graph\":[{\"@type\":\"BlogPosting\",\"@id\":\"https:\\\/\\\/serrafm879.com.br\\\/serrafm\\\/2025\\\/01\\\/motorista-envolvido-em-acidente-que-matou-39-pessoas-foi-preso-exame-revela-uso-de-cocaina-e-e-ecstasy\\\/#blogposting\",\"name\":\"Motorista envolvido em acidente que matou 39 pessoas foi preso, exame revela uso de coca\\u00edna e e ecstasy - Serra FM 87,9\",\"headline\":\"Motorista envolvido em acidente que matou 39 pessoas foi preso, exame revela uso de coca\\u00edna e e ecstasy\",\"author\":{\"@id\":\"https:\\\/\\\/serrafm879.com.br\\\/serrafm\\\/author\\\/serrafm87\\\/#author\"},\"publisher\":{\"@id\":\"https:\\\/\\\/serrafm879.com.br\\\/serrafm\\\/#organization\"},\"image\":{\"@type\":\"ImageObject\",\"url\":\"https:\\\/\\\/serrafm879.com.br\\\/serrafm\\\/wp-content\\\/uploads\\\/2025\\\/01\\\/Captura-de-tela-2025-01-22-100118.png\",\"width\":535,\"height\":297},\"datePublished\":\"2025-01-22T10:02:49-03:00\",\"dateModified\":\"2025-01-22T10:02:49-03:00\",\"inLanguage\":\"pt-BR\",\"mainEntityOfPage\":{\"@id\":\"https:\\\/\\\/serrafm879.com.br\\\/serrafm\\\/2025\\\/01\\\/motorista-envolvido-em-acidente-que-matou-39-pessoas-foi-preso-exame-revela-uso-de-cocaina-e-e-ecstasy\\\/#webpage\"},\"isPartOf\":{\"@id\":\"https:\\\/\\\/serrafm879.com.br\\\/serrafm\\\/2025\\\/01\\\/motorista-envolvido-em-acidente-que-matou-39-pessoas-foi-preso-exame-revela-uso-de-cocaina-e-e-ecstasy\\\/#webpage\"},\"articleSection\":\"Uncategorized\"},{\"@type\":\"BreadcrumbList\",\"@id\":\"https:\\\/\\\/serrafm879.com.br\\\/serrafm\\\/2025\\\/01\\\/motorista-envolvido-em-acidente-que-matou-39-pessoas-foi-preso-exame-revela-uso-de-cocaina-e-e-ecstasy\\\/#breadcrumblist\",\"itemListElement\":[{\"@type\":\"ListItem\",\"@id\":\"https:\\\/\\\/serrafm879.com.br\\\/serrafm#listItem\",\"position\":1,\"name\":\"Home\",\"item\":\"https:\\\/\\\/serrafm879.com.br\\\/serrafm\",\"nextItem\":{\"@type\":\"ListItem\",\"@id\":\"https:\\\/\\\/serrafm879.com.br\\\/serrafm\\\/categoria\\\/uncategorized\\\/#listItem\",\"name\":\"Uncategorized\"}},{\"@type\":\"ListItem\",\"@id\":\"https:\\\/\\\/serrafm879.com.br\\\/serrafm\\\/categoria\\\/uncategorized\\\/#listItem\",\"position\":2,\"name\":\"Uncategorized\",\"item\":\"https:\\\/\\\/serrafm879.com.br\\\/serrafm\\\/categoria\\\/uncategorized\\\/\",\"nextItem\":{\"@type\":\"ListItem\",\"@id\":\"https:\\\/\\\/serrafm879.com.br\\\/serrafm\\\/2025\\\/01\\\/motorista-envolvido-em-acidente-que-matou-39-pessoas-foi-preso-exame-revela-uso-de-cocaina-e-e-ecstasy\\\/#listItem\",\"name\":\"Motorista envolvido em acidente que matou 39 pessoas foi preso, exame revela uso de coca\\u00edna e e ecstasy\"},\"previousItem\":{\"@type\":\"ListItem\",\"@id\":\"https:\\\/\\\/serrafm879.com.br\\\/serrafm#listItem\",\"name\":\"Home\"}},{\"@type\":\"ListItem\",\"@id\":\"https:\\\/\\\/serrafm879.com.br\\\/serrafm\\\/2025\\\/01\\\/motorista-envolvido-em-acidente-que-matou-39-pessoas-foi-preso-exame-revela-uso-de-cocaina-e-e-ecstasy\\\/#listItem\",\"position\":3,\"name\":\"Motorista envolvido em acidente que matou 39 pessoas foi preso, exame revela uso de coca\\u00edna e e ecstasy\",\"previousItem\":{\"@type\":\"ListItem\",\"@id\":\"https:\\\/\\\/serrafm879.com.br\\\/serrafm\\\/categoria\\\/uncategorized\\\/#listItem\",\"name\":\"Uncategorized\"}}]},{\"@type\":\"Organization\",\"@id\":\"https:\\\/\\\/serrafm879.com.br\\\/serrafm\\\/#organization\",\"name\":\"Serra FM 87,9\",\"description\":\"O seu novo amor!\",\"url\":\"https:\\\/\\\/serrafm879.com.br\\\/serrafm\\\/\"},{\"@type\":\"Person\",\"@id\":\"https:\\\/\\\/serrafm879.com.br\\\/serrafm\\\/author\\\/serrafm87\\\/#author\",\"url\":\"https:\\\/\\\/serrafm879.com.br\\\/serrafm\\\/author\\\/serrafm87\\\/\",\"name\":\"serrafm87\",\"image\":{\"@type\":\"ImageObject\",\"@id\":\"https:\\\/\\\/serrafm879.com.br\\\/serrafm\\\/2025\\\/01\\\/motorista-envolvido-em-acidente-que-matou-39-pessoas-foi-preso-exame-revela-uso-de-cocaina-e-e-ecstasy\\\/#authorImage\",\"url\":\"https:\\\/\\\/secure.gravatar.com\\\/avatar\\\/a743233f1112d34f48bb3dc9559b76eb930bab8b27175856cba6362608736235?s=96&d=mm&r=g\",\"width\":96,\"height\":96,\"caption\":\"serrafm87\"}},{\"@type\":\"WebPage\",\"@id\":\"https:\\\/\\\/serrafm879.com.br\\\/serrafm\\\/2025\\\/01\\\/motorista-envolvido-em-acidente-que-matou-39-pessoas-foi-preso-exame-revela-uso-de-cocaina-e-e-ecstasy\\\/#webpage\",\"url\":\"https:\\\/\\\/serrafm879.com.br\\\/serrafm\\\/2025\\\/01\\\/motorista-envolvido-em-acidente-que-matou-39-pessoas-foi-preso-exame-revela-uso-de-cocaina-e-e-ecstasy\\\/\",\"name\":\"Motorista envolvido em acidente que matou 39 pessoas foi preso, exame revela uso de coca\\u00edna e e ecstasy - Serra FM 87,9\",\"description\":\"O motorista da carreta envolvido no grave acidente ocorrido na BR-116, no munic\\u00edpio de Te\\u00f3filo Otoni, em Minas Gerais, que matou 39 pessoas em 21 de dezembro, foi preso na manh\\u00e3 desta ter\\u00e7a-feira (21). A deten\\u00e7\\u00e3o ocorre ap\\u00f3s um exame toxicol\\u00f3gico, feito dois dias depois da ocorr\\u00eancia, apontar que o suspeito utilizou coca\\u00edna e ecstasy.\",\"inLanguage\":\"pt-BR\",\"isPartOf\":{\"@id\":\"https:\\\/\\\/serrafm879.com.br\\\/serrafm\\\/#website\"},\"breadcrumb\":{\"@id\":\"https:\\\/\\\/serrafm879.com.br\\\/serrafm\\\/2025\\\/01\\\/motorista-envolvido-em-acidente-que-matou-39-pessoas-foi-preso-exame-revela-uso-de-cocaina-e-e-ecstasy\\\/#breadcrumblist\"},\"author\":{\"@id\":\"https:\\\/\\\/serrafm879.com.br\\\/serrafm\\\/author\\\/serrafm87\\\/#author\"},\"creator\":{\"@id\":\"https:\\\/\\\/serrafm879.com.br\\\/serrafm\\\/author\\\/serrafm87\\\/#author\"},\"image\":{\"@type\":\"ImageObject\",\"url\":\"https:\\\/\\\/serrafm879.com.br\\\/serrafm\\\/wp-content\\\/uploads\\\/2025\\\/01\\\/Captura-de-tela-2025-01-22-100118.png\",\"@id\":\"https:\\\/\\\/serrafm879.com.br\\\/serrafm\\\/2025\\\/01\\\/motorista-envolvido-em-acidente-que-matou-39-pessoas-foi-preso-exame-revela-uso-de-cocaina-e-e-ecstasy\\\/#mainImage\",\"width\":535,\"height\":297},\"primaryImageOfPage\":{\"@id\":\"https:\\\/\\\/serrafm879.com.br\\\/serrafm\\\/2025\\\/01\\\/motorista-envolvido-em-acidente-que-matou-39-pessoas-foi-preso-exame-revela-uso-de-cocaina-e-e-ecstasy\\\/#mainImage\"},\"datePublished\":\"2025-01-22T10:02:49-03:00\",\"dateModified\":\"2025-01-22T10:02:49-03:00\"},{\"@type\":\"WebSite\",\"@id\":\"https:\\\/\\\/serrafm879.com.br\\\/serrafm\\\/#website\",\"url\":\"https:\\\/\\\/serrafm879.com.br\\\/serrafm\\\/\",\"name\":\"Serra FM 87,9\",\"description\":\"O seu novo amor!\",\"inLanguage\":\"pt-BR\",\"publisher\":{\"@id\":\"https:\\\/\\\/serrafm879.com.br\\\/serrafm\\\/#organization\"}}]}\n\t\t<\/script>\n\t\t<!-- All in One SEO -->\n\n","aioseo_head_json":{"title":"Motorista envolvido em acidente que matou 39 pessoas foi preso, exame revela uso de coca\u00edna e e ecstasy - Serra FM 87,9","description":"O motorista da carreta envolvido no grave acidente ocorrido na BR-116, no munic\u00edpio de Te\u00f3filo Otoni, em Minas Gerais, que matou 39 pessoas em 21 de dezembro, foi preso na manh\u00e3 desta ter\u00e7a-feira (21). A deten\u00e7\u00e3o ocorre ap\u00f3s um exame toxicol\u00f3gico, feito dois dias depois da ocorr\u00eancia, apontar que o suspeito utilizou coca\u00edna e ecstasy.","canonical_url":"https:\/\/serrafm879.com.br\/serrafm\/2025\/01\/motorista-envolvido-em-acidente-que-matou-39-pessoas-foi-preso-exame-revela-uso-de-cocaina-e-e-ecstasy\/","robots":"max-image-preview:large","keywords":"","webmasterTools":{"miscellaneous":""},"schema":{"@context":"https:\/\/schema.org","@graph":[{"@type":"BlogPosting","@id":"https:\/\/serrafm879.com.br\/serrafm\/2025\/01\/motorista-envolvido-em-acidente-que-matou-39-pessoas-foi-preso-exame-revela-uso-de-cocaina-e-e-ecstasy\/#blogposting","name":"Motorista envolvido em acidente que matou 39 pessoas foi preso, exame revela uso de coca\u00edna e e ecstasy - Serra FM 87,9","headline":"Motorista envolvido em acidente que matou 39 pessoas foi preso, exame revela uso de coca\u00edna e e ecstasy","author":{"@id":"https:\/\/serrafm879.com.br\/serrafm\/author\/serrafm87\/#author"},"publisher":{"@id":"https:\/\/serrafm879.com.br\/serrafm\/#organization"},"image":{"@type":"ImageObject","url":"https:\/\/serrafm879.com.br\/serrafm\/wp-content\/uploads\/2025\/01\/Captura-de-tela-2025-01-22-100118.png","width":535,"height":297},"datePublished":"2025-01-22T10:02:49-03:00","dateModified":"2025-01-22T10:02:49-03:00","inLanguage":"pt-BR","mainEntityOfPage":{"@id":"https:\/\/serrafm879.com.br\/serrafm\/2025\/01\/motorista-envolvido-em-acidente-que-matou-39-pessoas-foi-preso-exame-revela-uso-de-cocaina-e-e-ecstasy\/#webpage"},"isPartOf":{"@id":"https:\/\/serrafm879.com.br\/serrafm\/2025\/01\/motorista-envolvido-em-acidente-que-matou-39-pessoas-foi-preso-exame-revela-uso-de-cocaina-e-e-ecstasy\/#webpage"},"articleSection":"Uncategorized"},{"@type":"BreadcrumbList","@id":"https:\/\/serrafm879.com.br\/serrafm\/2025\/01\/motorista-envolvido-em-acidente-que-matou-39-pessoas-foi-preso-exame-revela-uso-de-cocaina-e-e-ecstasy\/#breadcrumblist","itemListElement":[{"@type":"ListItem","@id":"https:\/\/serrafm879.com.br\/serrafm#listItem","position":1,"name":"Home","item":"https:\/\/serrafm879.com.br\/serrafm","nextItem":{"@type":"ListItem","@id":"https:\/\/serrafm879.com.br\/serrafm\/categoria\/uncategorized\/#listItem","name":"Uncategorized"}},{"@type":"ListItem","@id":"https:\/\/serrafm879.com.br\/serrafm\/categoria\/uncategorized\/#listItem","position":2,"name":"Uncategorized","item":"https:\/\/serrafm879.com.br\/serrafm\/categoria\/uncategorized\/","nextItem":{"@type":"ListItem","@id":"https:\/\/serrafm879.com.br\/serrafm\/2025\/01\/motorista-envolvido-em-acidente-que-matou-39-pessoas-foi-preso-exame-revela-uso-de-cocaina-e-e-ecstasy\/#listItem","name":"Motorista envolvido em acidente que matou 39 pessoas foi preso, exame revela uso de coca\u00edna e e ecstasy"},"previousItem":{"@type":"ListItem","@id":"https:\/\/serrafm879.com.br\/serrafm#listItem","name":"Home"}},{"@type":"ListItem","@id":"https:\/\/serrafm879.com.br\/serrafm\/2025\/01\/motorista-envolvido-em-acidente-que-matou-39-pessoas-foi-preso-exame-revela-uso-de-cocaina-e-e-ecstasy\/#listItem","position":3,"name":"Motorista envolvido em acidente que matou 39 pessoas foi preso, exame revela uso de coca\u00edna e e ecstasy","previousItem":{"@type":"ListItem","@id":"https:\/\/serrafm879.com.br\/serrafm\/categoria\/uncategorized\/#listItem","name":"Uncategorized"}}]},{"@type":"Organization","@id":"https:\/\/serrafm879.com.br\/serrafm\/#organization","name":"Serra FM 87,9","description":"O seu novo amor!","url":"https:\/\/serrafm879.com.br\/serrafm\/"},{"@type":"Person","@id":"https:\/\/serrafm879.com.br\/serrafm\/author\/serrafm87\/#author","url":"https:\/\/serrafm879.com.br\/serrafm\/author\/serrafm87\/","name":"serrafm87","image":{"@type":"ImageObject","@id":"https:\/\/serrafm879.com.br\/serrafm\/2025\/01\/motorista-envolvido-em-acidente-que-matou-39-pessoas-foi-preso-exame-revela-uso-de-cocaina-e-e-ecstasy\/#authorImage","url":"https:\/\/secure.gravatar.com\/avatar\/a743233f1112d34f48bb3dc9559b76eb930bab8b27175856cba6362608736235?s=96&d=mm&r=g","width":96,"height":96,"caption":"serrafm87"}},{"@type":"WebPage","@id":"https:\/\/serrafm879.com.br\/serrafm\/2025\/01\/motorista-envolvido-em-acidente-que-matou-39-pessoas-foi-preso-exame-revela-uso-de-cocaina-e-e-ecstasy\/#webpage","url":"https:\/\/serrafm879.com.br\/serrafm\/2025\/01\/motorista-envolvido-em-acidente-que-matou-39-pessoas-foi-preso-exame-revela-uso-de-cocaina-e-e-ecstasy\/","name":"Motorista envolvido em acidente que matou 39 pessoas foi preso, exame revela uso de coca\u00edna e e ecstasy - Serra FM 87,9","description":"O motorista da carreta envolvido no grave acidente ocorrido na BR-116, no munic\u00edpio de Te\u00f3filo Otoni, em Minas Gerais, que matou 39 pessoas em 21 de dezembro, foi preso na manh\u00e3 desta ter\u00e7a-feira (21). A deten\u00e7\u00e3o ocorre ap\u00f3s um exame toxicol\u00f3gico, feito dois dias depois da ocorr\u00eancia, apontar que o suspeito utilizou coca\u00edna e ecstasy.","inLanguage":"pt-BR","isPartOf":{"@id":"https:\/\/serrafm879.com.br\/serrafm\/#website"},"breadcrumb":{"@id":"https:\/\/serrafm879.com.br\/serrafm\/2025\/01\/motorista-envolvido-em-acidente-que-matou-39-pessoas-foi-preso-exame-revela-uso-de-cocaina-e-e-ecstasy\/#breadcrumblist"},"author":{"@id":"https:\/\/serrafm879.com.br\/serrafm\/author\/serrafm87\/#author"},"creator":{"@id":"https:\/\/serrafm879.com.br\/serrafm\/author\/serrafm87\/#author"},"image":{"@type":"ImageObject","url":"https:\/\/serrafm879.com.br\/serrafm\/wp-content\/uploads\/2025\/01\/Captura-de-tela-2025-01-22-100118.png","@id":"https:\/\/serrafm879.com.br\/serrafm\/2025\/01\/motorista-envolvido-em-acidente-que-matou-39-pessoas-foi-preso-exame-revela-uso-de-cocaina-e-e-ecstasy\/#mainImage","width":535,"height":297},"primaryImageOfPage":{"@id":"https:\/\/serrafm879.com.br\/serrafm\/2025\/01\/motorista-envolvido-em-acidente-que-matou-39-pessoas-foi-preso-exame-revela-uso-de-cocaina-e-e-ecstasy\/#mainImage"},"datePublished":"2025-01-22T10:02:49-03:00","dateModified":"2025-01-22T10:02:49-03:00"},{"@type":"WebSite","@id":"https:\/\/serrafm879.com.br\/serrafm\/#website","url":"https:\/\/serrafm879.com.br\/serrafm\/","name":"Serra FM 87,9","description":"O seu novo amor!","inLanguage":"pt-BR","publisher":{"@id":"https:\/\/serrafm879.com.br\/serrafm\/#organization"}}]},"twitter:card":"summary_large_image","twitter:title":"Motorista envolvido em acidente que matou 39 pessoas foi preso, exame revela uso de coca\u00edna e e ecstasy - Serra FM 87,9","twitter:description":"O motorista da carreta envolvido no grave acidente ocorrido na BR-116, no munic\u00edpio de Te\u00f3filo Otoni, em Minas Gerais, que matou 39 pessoas em 21 de dezembro, foi preso na manh\u00e3 desta ter\u00e7a-feira (21). A deten\u00e7\u00e3o ocorre ap\u00f3s um exame toxicol\u00f3gico, feito dois dias depois da ocorr\u00eancia, apontar que o suspeito utilizou coca\u00edna e ecstasy.","twitter:image":"https:\/\/serrafm879.com.br\/serrafm\/wp-content\/uploads\/2025\/01\/Captura-de-tela-2025-01-22-100118.png"},"aioseo_meta_data":{"post_id":"19996","title":null,"description":null,"keywords":null,"keyphrases":null,"primary_term":null,"canonical_url":null,"og_title":null,"og_description":null,"og_object_type":"default","og_image_type":"default","og_image_custom_url":null,"og_image_custom_fields":null,"og_image_url":null,"og_image_width":null,"og_image_height":null,"og_video":null,"og_custom_url":null,"og_article_section":null,"og_article_tags":null,"twitter_use_og":false,"twitter_card":"default","twitter_image_type":"default","twitter_image_custom_url":null,"twitter_image_custom_fields":null,"twitter_image_url":null,"twitter_title":null,"twitter_description":null,"schema_type":"default","schema_type_options":null,"schema":{"blockGraphs":[],"customGraphs":[],"default":{"data":{"Article":[],"Course":[],"Dataset":[],"FAQPage":[],"Movie":[],"Person":[],"Product":[],"ProductReview":[],"Car":[],"Recipe":[],"Service":[],"SoftwareApplication":[],"WebPage":[]},"graphName":"","isEnabled":true},"graphs":[]},"pillar_content":false,"robots_default":true,"robots_noindex":false,"robots_noarchive":false,"robots_nosnippet":false,"robots_nofollow":false,"robots_noimageindex":false,"robots_noodp":false,"robots_notranslate":false,"robots_max_snippet":null,"robots_max_videopreview":null,"robots_max_imagepreview":"large","priority":null,"frequency":null,"local_seo":null,"limit_modified_date":false,"ai":null,"breadcrumb_settings":null,"seo_analyzer_scan_date":null,"created":"2026-07-21 13:15:10","updated":"2026-07-21 13:15:10"},"aioseo_breadcrumb":"<div class=\"aioseo-breadcrumbs\"><span class=\"aioseo-breadcrumb\">\n\t\t\t<a href=\"https:\/\/serrafm879.com.br\/serrafm\" title=\"Home\">Home<\/a>\n\t\t<\/span><span class=\"aioseo-breadcrumb-separator\">&raquo;<\/span><span class=\"aioseo-breadcrumb\">\n\t\t\t<a href=\"https:\/\/serrafm879.com.br\/serrafm\/categoria\/uncategorized\/\" title=\"Uncategorized\">Uncategorized<\/a>\n\t\t<\/span><span class=\"aioseo-breadcrumb-separator\">&raquo;<\/span><span class=\"aioseo-breadcrumb\">\n\t\t\tMotorista envolvido em acidente que matou 39 pessoas foi preso, exame revela uso de coca\u00edna e e ecstasy\n\t\t<\/span><\/div>","aioseo_breadcrumb_json":[{"label":"Home","link":"https:\/\/serrafm879.com.br\/serrafm"},{"label":"Uncategorized","link":"https:\/\/serrafm879.com.br\/serrafm\/categoria\/uncategorized\/"},{"label":"Motorista envolvido em acidente que matou 39 pessoas foi preso, exame revela uso de coca\u00edna e e ecstasy","link":"https:\/\/serrafm879.com.br\/serrafm\/2025\/01\/motorista-envolvido-em-acidente-que-matou-39-pessoas-foi-preso-exame-revela-uso-de-cocaina-e-e-ecstasy\/"}],"jetpack_publicize_connections":[],"jetpack_featured_media_url":"https:\/\/serrafm879.com.br\/serrafm\/wp-content\/uploads\/2025\/01\/Captura-de-tela-2025-01-22-100118.png","jetpack_shortlink":"https:\/\/wp.me\/p7HyXg-5cw","jetpack_sharing_enabled":true,"_links":{"self":[{"href":"https:\/\/serrafm879.com.br\/serrafm\/wp-json\/wp\/v2\/posts\/19996","targetHints":{"allow":["GET"]}}],"collection":[{"href":"https:\/\/serrafm879.com.br\/serrafm\/wp-json\/wp\/v2\/posts"}],"about":[{"href":"https:\/\/serrafm879.com.br\/serrafm\/wp-json\/wp\/v2\/types\/post"}],"author":[{"embeddable":true,"href":"https:\/\/serrafm879.com.br\/serrafm\/wp-json\/wp\/v2\/users\/2"}],"replies":[{"embeddable":true,"href":"https:\/\/serrafm879.com.br\/serrafm\/wp-json\/wp\/v2\/comments?post=19996"}],"version-history":[{"count":1,"href":"https:\/\/serrafm879.com.br\/serrafm\/wp-json\/wp\/v2\/posts\/19996\/revisions"}],"predecessor-version":[{"id":19998,"href":"https:\/\/serrafm879.com.br\/serrafm\/wp-json\/wp\/v2\/posts\/19996\/revisions\/19998"}],"wp:featuredmedia":[{"embeddable":true,"href":"https:\/\/serrafm879.com.br\/serrafm\/wp-json\/wp\/v2\/media\/19997"}],"wp:attachment":[{"href":"https:\/\/serrafm879.com.br\/serrafm\/wp-json\/wp\/v2\/media?parent=19996"}],"wp:term":[{"taxonomy":"category","embeddable":true,"href":"https:\/\/serrafm879.com.br\/serrafm\/wp-json\/wp\/v2\/categories?post=19996"},{"taxonomy":"post_tag","embeddable":true,"href":"https:\/\/serrafm879.com.br\/serrafm\/wp-json\/wp\/v2\/tags?post=19996"}],"curies":[{"name":"wp","href":"https:\/\/api.w.org\/{rel}","templated":true}]}}