{"id":20017,"date":"2025-01-22T17:31:40","date_gmt":"2025-01-22T20:31:40","guid":{"rendered":"https:\/?p=20017"},"modified":"2025-01-22T17:32:42","modified_gmt":"2025-01-22T20:32:42","slug":"cantora-serra-talhadense-bruna-magalhaes-anuncia-volta-a-banda-noda-de-caju-apos-12-anos","status":"publish","type":"post","link":"https:\/\/serrafm879.com.br\/serrafm\/2025\/01\/cantora-serra-talhadense-bruna-magalhaes-anuncia-volta-a-banda-noda-de-caju-apos-12-anos\/","title":{"rendered":"Cantora serra-talhadense, Bruna Magalh\u00e3es, anuncia retorno \u00e0 banda Noda de Caju ap\u00f3s 12 anos"},"content":{"rendered":"<div id=\"site\">\n<p>&nbsp;<\/p>\n<div class=\"content-container\">\n<section id=\"primary\" class=\"content\">\n<article id=\"post-644073\" class=\"post-644073 post type-post status-publish format-standard has-post-thumbnail hentry category-cotidiano category-destaques category-noticias category-principal category-serra-talhada\">\n<div class=\"post-content\">\n<p>Nesta ter\u00e7a-feira (21) a cantora serra-talhadense\u00a0<strong>Bruna Magalh\u00e3es<\/strong>\u00a0anunciou o seu retorno a uma das maiores bandas de forr\u00f3 das antigas do Nordeste, a\u00a0<strong>Noda de Caju<\/strong>. H\u00e1 cerca de 12 anos Bruna consagrou sua carreira viajando pelo Brasil com sua voz inconfund\u00edvel e os sucessos que j\u00e1 somam 30 anos do grupo.<\/p>\n<p>\u201cCheguei Noda de Caj\u00fa! Voltei! Ap\u00f3s longos 12 anos estou de volta a essa casa, a essa fam\u00edlia maravilhosa que sempre me recebeu de bra\u00e7os abertos. Voltei para trazer minha ess\u00eancia, para abra\u00e7ar todos voc\u00eas nossos f\u00e3s. Afinal s\u00e3o quase 30 anos de hist\u00f3ria apaixonando os cora\u00e7\u00f5es de voc\u00eas. Vamos continuar e vem muita novidade por a\u00ed, voc\u00eas n\u00e3o perdem por esperar\u201d, declarou a cantora.<\/p>\n<p>Aos 36 anos, Bruna coleciona sucesso e grandes contribui\u00e7\u00f5es para a m\u00fasica. J\u00e1 passou por grandes bandas como Capital do Sol,\u00a0Desejo de Menina, por duas vezes. A serra-talhadense tamb\u00e9m foi um dos destaques do Festival Cantando na Concha em 2016, em Serra Talhada.<\/p>\n<p>Sua carreira musical come\u00e7ou ainda crian\u00e7a cantando no coral da escola.<\/p>\n<\/div>\n<\/article>\n<\/section>\n<\/div>\n<p>&nbsp;<\/p>\n<\/div>\n","protected":false},"excerpt":{"rendered":"<p>&nbsp; Nesta ter\u00e7a-feira (21) a cantora serra-talhadense\u00a0Bruna Magalh\u00e3es\u00a0anunciou o seu retorno a uma das maiores bandas de forr\u00f3 das antigas do Nordeste, a\u00a0Noda de Caju. H\u00e1 cerca de 12 anos Bruna consagrou sua carreira viajando pelo Brasil com sua voz inconfund\u00edvel e os sucessos que j\u00e1 somam 30 anos do grupo. \u201cCheguei Noda de Caj\u00fa! Voltei! Ap\u00f3s longos 12 anos estou de volta a essa casa, a essa fam\u00edlia maravilhosa que sempre me recebeu de bra\u00e7os abertos. Voltei para trazer minha ess\u00eancia, para abra\u00e7ar todos voc\u00eas nossos f\u00e3s. Afinal s\u00e3o quase 30 anos de hist\u00f3ria apaixonando os cora\u00e7\u00f5es de voc\u00eas. [&hellip;]<\/p>\n","protected":false},"author":2,"featured_media":20018,"comment_status":"open","ping_status":"open","sticky":false,"template":"","format":"standard","meta":{"_jetpack_newsletter_access":"","_jetpack_dont_email_post_to_subs":false,"_jetpack_newsletter_tier_id":0,"_jetpack_memberships_contains_paywalled_content":false,"_jetpack_feature_clip_id":0,"_jetpack_memberships_contains_paid_content":false,"footnotes":"","jetpack_publicize_message":"","jetpack_publicize_feature_enabled":true,"jetpack_social_post_already_shared":true,"jetpack_social_options":{"image_generator_settings":{"template":"highway","default_image_id":0,"font":"","enabled":false},"version":2},"jetpack_post_was_ever_published":false},"categories":[1],"tags":[],"class_list":["post-20017","post","type-post","status-publish","format-standard","has-post-thumbnail","hentry","category-uncategorized"],"aioseo_notices":[],"aioseo_head":"\n\t\t<!-- All in One SEO 4.9.10 - aioseo.com -->\n\t<meta name=\"description\" content=\"Nesta ter\u00e7a-feira (21) a cantora serra-talhadense Bruna Magalh\u00e3es anunciou o seu retorno a uma das maiores bandas de forr\u00f3 das antigas do Nordeste, a Noda de Caju. H\u00e1 cerca de 12 anos Bruna consagrou sua carreira viajando pelo Brasil com sua voz inconfund\u00edvel e os sucessos que j\u00e1 somam 30 anos do grupo. \u201cCheguei Noda de Caj\u00fa!\" \/>\n\t<meta name=\"robots\" content=\"max-image-preview:large\" \/>\n\t<meta name=\"author\" content=\"serrafm87\"\/>\n\t<link rel=\"canonical\" href=\"https:\/\/serrafm879.com.br\/serrafm\/2025\/01\/cantora-serra-talhadense-bruna-magalhaes-anuncia-volta-a-banda-noda-de-caju-apos-12-anos\/\" \/>\n\t<meta name=\"generator\" content=\"All in One SEO (AIOSEO) 4.9.10\" \/>\n\t\t<meta name=\"twitter:card\" content=\"summary_large_image\" \/>\n\t\t<meta name=\"twitter:title\" content=\"Cantora serra-talhadense, Bruna Magalh\u00e3es, anuncia retorno \u00e0 banda Noda de Caju ap\u00f3s 12 anos - Serra FM 87,9\" \/>\n\t\t<meta name=\"twitter:description\" content=\"Nesta ter\u00e7a-feira (21) a cantora serra-talhadense Bruna Magalh\u00e3es anunciou o seu retorno a uma das maiores bandas de forr\u00f3 das antigas do Nordeste, a Noda de Caju. H\u00e1 cerca de 12 anos Bruna consagrou sua carreira viajando pelo Brasil com sua voz inconfund\u00edvel e os sucessos que j\u00e1 somam 30 anos do grupo. \u201cCheguei Noda de Caj\u00fa!\" \/>\n\t\t<meta name=\"twitter:image\" content=\"https:\/\/serrafm879.com.br\/serrafm\/wp-content\/uploads\/2025\/01\/Anotacao-2025-01-22-172616.png\" \/>\n\t\t<script type=\"application\/ld+json\" class=\"aioseo-schema\">\n\t\t\t{\"@context\":\"https:\\\/\\\/schema.org\",\"@graph\":[{\"@type\":\"BlogPosting\",\"@id\":\"https:\\\/\\\/serrafm879.com.br\\\/serrafm\\\/2025\\\/01\\\/cantora-serra-talhadense-bruna-magalhaes-anuncia-volta-a-banda-noda-de-caju-apos-12-anos\\\/#blogposting\",\"name\":\"Cantora serra-talhadense, Bruna Magalh\\u00e3es, anuncia retorno \\u00e0 banda Noda de Caju ap\\u00f3s 12 anos - Serra FM 87,9\",\"headline\":\"Cantora serra-talhadense, Bruna Magalh\\u00e3es, anuncia retorno \\u00e0 banda Noda de Caju ap\\u00f3s 12 anos\",\"author\":{\"@id\":\"https:\\\/\\\/serrafm879.com.br\\\/serrafm\\\/author\\\/serrafm87\\\/#author\"},\"publisher\":{\"@id\":\"https:\\\/\\\/serrafm879.com.br\\\/serrafm\\\/#organization\"},\"image\":{\"@type\":\"ImageObject\",\"url\":\"https:\\\/\\\/serrafm879.com.br\\\/serrafm\\\/wp-content\\\/uploads\\\/2025\\\/01\\\/Anotacao-2025-01-22-172616.png\",\"width\":311,\"height\":315},\"datePublished\":\"2025-01-22T17:31:40-03:00\",\"dateModified\":\"2025-01-22T17:32:42-03:00\",\"inLanguage\":\"pt-BR\",\"mainEntityOfPage\":{\"@id\":\"https:\\\/\\\/serrafm879.com.br\\\/serrafm\\\/2025\\\/01\\\/cantora-serra-talhadense-bruna-magalhaes-anuncia-volta-a-banda-noda-de-caju-apos-12-anos\\\/#webpage\"},\"isPartOf\":{\"@id\":\"https:\\\/\\\/serrafm879.com.br\\\/serrafm\\\/2025\\\/01\\\/cantora-serra-talhadense-bruna-magalhaes-anuncia-volta-a-banda-noda-de-caju-apos-12-anos\\\/#webpage\"},\"articleSection\":\"Uncategorized\"},{\"@type\":\"BreadcrumbList\",\"@id\":\"https:\\\/\\\/serrafm879.com.br\\\/serrafm\\\/2025\\\/01\\\/cantora-serra-talhadense-bruna-magalhaes-anuncia-volta-a-banda-noda-de-caju-apos-12-anos\\\/#breadcrumblist\",\"itemListElement\":[{\"@type\":\"ListItem\",\"@id\":\"https:\\\/\\\/serrafm879.com.br\\\/serrafm#listItem\",\"position\":1,\"name\":\"Home\",\"item\":\"https:\\\/\\\/serrafm879.com.br\\\/serrafm\",\"nextItem\":{\"@type\":\"ListItem\",\"@id\":\"https:\\\/\\\/serrafm879.com.br\\\/serrafm\\\/categoria\\\/uncategorized\\\/#listItem\",\"name\":\"Uncategorized\"}},{\"@type\":\"ListItem\",\"@id\":\"https:\\\/\\\/serrafm879.com.br\\\/serrafm\\\/categoria\\\/uncategorized\\\/#listItem\",\"position\":2,\"name\":\"Uncategorized\",\"item\":\"https:\\\/\\\/serrafm879.com.br\\\/serrafm\\\/categoria\\\/uncategorized\\\/\",\"nextItem\":{\"@type\":\"ListItem\",\"@id\":\"https:\\\/\\\/serrafm879.com.br\\\/serrafm\\\/2025\\\/01\\\/cantora-serra-talhadense-bruna-magalhaes-anuncia-volta-a-banda-noda-de-caju-apos-12-anos\\\/#listItem\",\"name\":\"Cantora serra-talhadense, Bruna Magalh\\u00e3es, anuncia retorno \\u00e0 banda Noda de Caju ap\\u00f3s 12 anos\"},\"previousItem\":{\"@type\":\"ListItem\",\"@id\":\"https:\\\/\\\/serrafm879.com.br\\\/serrafm#listItem\",\"name\":\"Home\"}},{\"@type\":\"ListItem\",\"@id\":\"https:\\\/\\\/serrafm879.com.br\\\/serrafm\\\/2025\\\/01\\\/cantora-serra-talhadense-bruna-magalhaes-anuncia-volta-a-banda-noda-de-caju-apos-12-anos\\\/#listItem\",\"position\":3,\"name\":\"Cantora serra-talhadense, Bruna Magalh\\u00e3es, anuncia retorno \\u00e0 banda Noda de Caju ap\\u00f3s 12 anos\",\"previousItem\":{\"@type\":\"ListItem\",\"@id\":\"https:\\\/\\\/serrafm879.com.br\\\/serrafm\\\/categoria\\\/uncategorized\\\/#listItem\",\"name\":\"Uncategorized\"}}]},{\"@type\":\"Organization\",\"@id\":\"https:\\\/\\\/serrafm879.com.br\\\/serrafm\\\/#organization\",\"name\":\"Serra FM 87,9\",\"description\":\"O seu novo amor!\",\"url\":\"https:\\\/\\\/serrafm879.com.br\\\/serrafm\\\/\"},{\"@type\":\"Person\",\"@id\":\"https:\\\/\\\/serrafm879.com.br\\\/serrafm\\\/author\\\/serrafm87\\\/#author\",\"url\":\"https:\\\/\\\/serrafm879.com.br\\\/serrafm\\\/author\\\/serrafm87\\\/\",\"name\":\"serrafm87\",\"image\":{\"@type\":\"ImageObject\",\"@id\":\"https:\\\/\\\/serrafm879.com.br\\\/serrafm\\\/2025\\\/01\\\/cantora-serra-talhadense-bruna-magalhaes-anuncia-volta-a-banda-noda-de-caju-apos-12-anos\\\/#authorImage\",\"url\":\"https:\\\/\\\/secure.gravatar.com\\\/avatar\\\/a743233f1112d34f48bb3dc9559b76eb930bab8b27175856cba6362608736235?s=96&d=mm&r=g\",\"width\":96,\"height\":96,\"caption\":\"serrafm87\"}},{\"@type\":\"WebPage\",\"@id\":\"https:\\\/\\\/serrafm879.com.br\\\/serrafm\\\/2025\\\/01\\\/cantora-serra-talhadense-bruna-magalhaes-anuncia-volta-a-banda-noda-de-caju-apos-12-anos\\\/#webpage\",\"url\":\"https:\\\/\\\/serrafm879.com.br\\\/serrafm\\\/2025\\\/01\\\/cantora-serra-talhadense-bruna-magalhaes-anuncia-volta-a-banda-noda-de-caju-apos-12-anos\\\/\",\"name\":\"Cantora serra-talhadense, Bruna Magalh\\u00e3es, anuncia retorno \\u00e0 banda Noda de Caju ap\\u00f3s 12 anos - Serra FM 87,9\",\"description\":\"Nesta ter\\u00e7a-feira (21) a cantora serra-talhadense Bruna Magalh\\u00e3es anunciou o seu retorno a uma das maiores bandas de forr\\u00f3 das antigas do Nordeste, a Noda de Caju. H\\u00e1 cerca de 12 anos Bruna consagrou sua carreira viajando pelo Brasil com sua voz inconfund\\u00edvel e os sucessos que j\\u00e1 somam 30 anos do grupo. \\u201cCheguei Noda de Caj\\u00fa!\",\"inLanguage\":\"pt-BR\",\"isPartOf\":{\"@id\":\"https:\\\/\\\/serrafm879.com.br\\\/serrafm\\\/#website\"},\"breadcrumb\":{\"@id\":\"https:\\\/\\\/serrafm879.com.br\\\/serrafm\\\/2025\\\/01\\\/cantora-serra-talhadense-bruna-magalhaes-anuncia-volta-a-banda-noda-de-caju-apos-12-anos\\\/#breadcrumblist\"},\"author\":{\"@id\":\"https:\\\/\\\/serrafm879.com.br\\\/serrafm\\\/author\\\/serrafm87\\\/#author\"},\"creator\":{\"@id\":\"https:\\\/\\\/serrafm879.com.br\\\/serrafm\\\/author\\\/serrafm87\\\/#author\"},\"image\":{\"@type\":\"ImageObject\",\"url\":\"https:\\\/\\\/serrafm879.com.br\\\/serrafm\\\/wp-content\\\/uploads\\\/2025\\\/01\\\/Anotacao-2025-01-22-172616.png\",\"@id\":\"https:\\\/\\\/serrafm879.com.br\\\/serrafm\\\/2025\\\/01\\\/cantora-serra-talhadense-bruna-magalhaes-anuncia-volta-a-banda-noda-de-caju-apos-12-anos\\\/#mainImage\",\"width\":311,\"height\":315},\"primaryImageOfPage\":{\"@id\":\"https:\\\/\\\/serrafm879.com.br\\\/serrafm\\\/2025\\\/01\\\/cantora-serra-talhadense-bruna-magalhaes-anuncia-volta-a-banda-noda-de-caju-apos-12-anos\\\/#mainImage\"},\"datePublished\":\"2025-01-22T17:31:40-03:00\",\"dateModified\":\"2025-01-22T17:32:42-03:00\"},{\"@type\":\"WebSite\",\"@id\":\"https:\\\/\\\/serrafm879.com.br\\\/serrafm\\\/#website\",\"url\":\"https:\\\/\\\/serrafm879.com.br\\\/serrafm\\\/\",\"name\":\"Serra FM 87,9\",\"description\":\"O seu novo amor!\",\"inLanguage\":\"pt-BR\",\"publisher\":{\"@id\":\"https:\\\/\\\/serrafm879.com.br\\\/serrafm\\\/#organization\"}}]}\n\t\t<\/script>\n\t\t<!-- All in One SEO -->\n\n","aioseo_head_json":{"title":"Cantora serra-talhadense, Bruna Magalh\u00e3es, anuncia retorno \u00e0 banda Noda de Caju ap\u00f3s 12 anos - Serra FM 87,9","description":"Nesta ter\u00e7a-feira (21) a cantora serra-talhadense Bruna Magalh\u00e3es anunciou o seu retorno a uma das maiores bandas de forr\u00f3 das antigas do Nordeste, a Noda de Caju. H\u00e1 cerca de 12 anos Bruna consagrou sua carreira viajando pelo Brasil com sua voz inconfund\u00edvel e os sucessos que j\u00e1 somam 30 anos do grupo. \u201cCheguei Noda de Caj\u00fa!","canonical_url":"https:\/\/serrafm879.com.br\/serrafm\/2025\/01\/cantora-serra-talhadense-bruna-magalhaes-anuncia-volta-a-banda-noda-de-caju-apos-12-anos\/","robots":"max-image-preview:large","keywords":"","webmasterTools":{"miscellaneous":""},"schema":{"@context":"https:\/\/schema.org","@graph":[{"@type":"BlogPosting","@id":"https:\/\/serrafm879.com.br\/serrafm\/2025\/01\/cantora-serra-talhadense-bruna-magalhaes-anuncia-volta-a-banda-noda-de-caju-apos-12-anos\/#blogposting","name":"Cantora serra-talhadense, Bruna Magalh\u00e3es, anuncia retorno \u00e0 banda Noda de Caju ap\u00f3s 12 anos - Serra FM 87,9","headline":"Cantora serra-talhadense, Bruna Magalh\u00e3es, anuncia retorno \u00e0 banda Noda de Caju ap\u00f3s 12 anos","author":{"@id":"https:\/\/serrafm879.com.br\/serrafm\/author\/serrafm87\/#author"},"publisher":{"@id":"https:\/\/serrafm879.com.br\/serrafm\/#organization"},"image":{"@type":"ImageObject","url":"https:\/\/serrafm879.com.br\/serrafm\/wp-content\/uploads\/2025\/01\/Anotacao-2025-01-22-172616.png","width":311,"height":315},"datePublished":"2025-01-22T17:31:40-03:00","dateModified":"2025-01-22T17:32:42-03:00","inLanguage":"pt-BR","mainEntityOfPage":{"@id":"https:\/\/serrafm879.com.br\/serrafm\/2025\/01\/cantora-serra-talhadense-bruna-magalhaes-anuncia-volta-a-banda-noda-de-caju-apos-12-anos\/#webpage"},"isPartOf":{"@id":"https:\/\/serrafm879.com.br\/serrafm\/2025\/01\/cantora-serra-talhadense-bruna-magalhaes-anuncia-volta-a-banda-noda-de-caju-apos-12-anos\/#webpage"},"articleSection":"Uncategorized"},{"@type":"BreadcrumbList","@id":"https:\/\/serrafm879.com.br\/serrafm\/2025\/01\/cantora-serra-talhadense-bruna-magalhaes-anuncia-volta-a-banda-noda-de-caju-apos-12-anos\/#breadcrumblist","itemListElement":[{"@type":"ListItem","@id":"https:\/\/serrafm879.com.br\/serrafm#listItem","position":1,"name":"Home","item":"https:\/\/serrafm879.com.br\/serrafm","nextItem":{"@type":"ListItem","@id":"https:\/\/serrafm879.com.br\/serrafm\/categoria\/uncategorized\/#listItem","name":"Uncategorized"}},{"@type":"ListItem","@id":"https:\/\/serrafm879.com.br\/serrafm\/categoria\/uncategorized\/#listItem","position":2,"name":"Uncategorized","item":"https:\/\/serrafm879.com.br\/serrafm\/categoria\/uncategorized\/","nextItem":{"@type":"ListItem","@id":"https:\/\/serrafm879.com.br\/serrafm\/2025\/01\/cantora-serra-talhadense-bruna-magalhaes-anuncia-volta-a-banda-noda-de-caju-apos-12-anos\/#listItem","name":"Cantora serra-talhadense, Bruna Magalh\u00e3es, anuncia retorno \u00e0 banda Noda de Caju ap\u00f3s 12 anos"},"previousItem":{"@type":"ListItem","@id":"https:\/\/serrafm879.com.br\/serrafm#listItem","name":"Home"}},{"@type":"ListItem","@id":"https:\/\/serrafm879.com.br\/serrafm\/2025\/01\/cantora-serra-talhadense-bruna-magalhaes-anuncia-volta-a-banda-noda-de-caju-apos-12-anos\/#listItem","position":3,"name":"Cantora serra-talhadense, Bruna Magalh\u00e3es, anuncia retorno \u00e0 banda Noda de Caju ap\u00f3s 12 anos","previousItem":{"@type":"ListItem","@id":"https:\/\/serrafm879.com.br\/serrafm\/categoria\/uncategorized\/#listItem","name":"Uncategorized"}}]},{"@type":"Organization","@id":"https:\/\/serrafm879.com.br\/serrafm\/#organization","name":"Serra FM 87,9","description":"O seu novo amor!","url":"https:\/\/serrafm879.com.br\/serrafm\/"},{"@type":"Person","@id":"https:\/\/serrafm879.com.br\/serrafm\/author\/serrafm87\/#author","url":"https:\/\/serrafm879.com.br\/serrafm\/author\/serrafm87\/","name":"serrafm87","image":{"@type":"ImageObject","@id":"https:\/\/serrafm879.com.br\/serrafm\/2025\/01\/cantora-serra-talhadense-bruna-magalhaes-anuncia-volta-a-banda-noda-de-caju-apos-12-anos\/#authorImage","url":"https:\/\/secure.gravatar.com\/avatar\/a743233f1112d34f48bb3dc9559b76eb930bab8b27175856cba6362608736235?s=96&d=mm&r=g","width":96,"height":96,"caption":"serrafm87"}},{"@type":"WebPage","@id":"https:\/\/serrafm879.com.br\/serrafm\/2025\/01\/cantora-serra-talhadense-bruna-magalhaes-anuncia-volta-a-banda-noda-de-caju-apos-12-anos\/#webpage","url":"https:\/\/serrafm879.com.br\/serrafm\/2025\/01\/cantora-serra-talhadense-bruna-magalhaes-anuncia-volta-a-banda-noda-de-caju-apos-12-anos\/","name":"Cantora serra-talhadense, Bruna Magalh\u00e3es, anuncia retorno \u00e0 banda Noda de Caju ap\u00f3s 12 anos - Serra FM 87,9","description":"Nesta ter\u00e7a-feira (21) a cantora serra-talhadense Bruna Magalh\u00e3es anunciou o seu retorno a uma das maiores bandas de forr\u00f3 das antigas do Nordeste, a Noda de Caju. H\u00e1 cerca de 12 anos Bruna consagrou sua carreira viajando pelo Brasil com sua voz inconfund\u00edvel e os sucessos que j\u00e1 somam 30 anos do grupo. \u201cCheguei Noda de Caj\u00fa!","inLanguage":"pt-BR","isPartOf":{"@id":"https:\/\/serrafm879.com.br\/serrafm\/#website"},"breadcrumb":{"@id":"https:\/\/serrafm879.com.br\/serrafm\/2025\/01\/cantora-serra-talhadense-bruna-magalhaes-anuncia-volta-a-banda-noda-de-caju-apos-12-anos\/#breadcrumblist"},"author":{"@id":"https:\/\/serrafm879.com.br\/serrafm\/author\/serrafm87\/#author"},"creator":{"@id":"https:\/\/serrafm879.com.br\/serrafm\/author\/serrafm87\/#author"},"image":{"@type":"ImageObject","url":"https:\/\/serrafm879.com.br\/serrafm\/wp-content\/uploads\/2025\/01\/Anotacao-2025-01-22-172616.png","@id":"https:\/\/serrafm879.com.br\/serrafm\/2025\/01\/cantora-serra-talhadense-bruna-magalhaes-anuncia-volta-a-banda-noda-de-caju-apos-12-anos\/#mainImage","width":311,"height":315},"primaryImageOfPage":{"@id":"https:\/\/serrafm879.com.br\/serrafm\/2025\/01\/cantora-serra-talhadense-bruna-magalhaes-anuncia-volta-a-banda-noda-de-caju-apos-12-anos\/#mainImage"},"datePublished":"2025-01-22T17:31:40-03:00","dateModified":"2025-01-22T17:32:42-03:00"},{"@type":"WebSite","@id":"https:\/\/serrafm879.com.br\/serrafm\/#website","url":"https:\/\/serrafm879.com.br\/serrafm\/","name":"Serra FM 87,9","description":"O seu novo amor!","inLanguage":"pt-BR","publisher":{"@id":"https:\/\/serrafm879.com.br\/serrafm\/#organization"}}]},"twitter:card":"summary_large_image","twitter:title":"Cantora serra-talhadense, Bruna Magalh\u00e3es, anuncia retorno \u00e0 banda Noda de Caju ap\u00f3s 12 anos - Serra FM 87,9","twitter:description":"Nesta ter\u00e7a-feira (21) a cantora serra-talhadense Bruna Magalh\u00e3es anunciou o seu retorno a uma das maiores bandas de forr\u00f3 das antigas do Nordeste, a Noda de Caju. H\u00e1 cerca de 12 anos Bruna consagrou sua carreira viajando pelo Brasil com sua voz inconfund\u00edvel e os sucessos que j\u00e1 somam 30 anos do grupo. \u201cCheguei Noda de Caj\u00fa!","twitter:image":"https:\/\/serrafm879.com.br\/serrafm\/wp-content\/uploads\/2025\/01\/Anotacao-2025-01-22-172616.png"},"aioseo_meta_data":{"post_id":"20017","title":null,"description":null,"keywords":null,"keyphrases":null,"primary_term":null,"canonical_url":null,"og_title":null,"og_description":null,"og_object_type":"default","og_image_type":"default","og_image_custom_url":null,"og_image_custom_fields":null,"og_image_url":null,"og_image_width":null,"og_image_height":null,"og_video":null,"og_custom_url":null,"og_article_section":null,"og_article_tags":null,"twitter_use_og":false,"twitter_card":"default","twitter_image_type":"default","twitter_image_custom_url":null,"twitter_image_custom_fields":null,"twitter_image_url":null,"twitter_title":null,"twitter_description":null,"schema_type":"default","schema_type_options":null,"schema":{"blockGraphs":[],"customGraphs":[],"default":{"data":{"Article":[],"Course":[],"Dataset":[],"FAQPage":[],"Movie":[],"Person":[],"Product":[],"ProductReview":[],"Car":[],"Recipe":[],"Service":[],"SoftwareApplication":[],"WebPage":[]},"graphName":"","isEnabled":true},"graphs":[]},"pillar_content":false,"robots_default":true,"robots_noindex":false,"robots_noarchive":false,"robots_nosnippet":false,"robots_nofollow":false,"robots_noimageindex":false,"robots_noodp":false,"robots_notranslate":false,"robots_max_snippet":null,"robots_max_videopreview":null,"robots_max_imagepreview":"large","priority":null,"frequency":null,"local_seo":null,"limit_modified_date":false,"ai":null,"breadcrumb_settings":null,"seo_analyzer_scan_date":null,"created":"2026-07-21 13:15:10","updated":"2026-07-21 13:15:10"},"aioseo_breadcrumb":"<div class=\"aioseo-breadcrumbs\"><span class=\"aioseo-breadcrumb\">\n\t\t\t<a href=\"https:\/\/serrafm879.com.br\/serrafm\" title=\"Home\">Home<\/a>\n\t\t<\/span><span class=\"aioseo-breadcrumb-separator\">&raquo;<\/span><span class=\"aioseo-breadcrumb\">\n\t\t\t<a href=\"https:\/\/serrafm879.com.br\/serrafm\/categoria\/uncategorized\/\" title=\"Uncategorized\">Uncategorized<\/a>\n\t\t<\/span><span class=\"aioseo-breadcrumb-separator\">&raquo;<\/span><span class=\"aioseo-breadcrumb\">\n\t\t\tCantora serra-talhadense, Bruna Magalh\u00e3es, anuncia retorno \u00e0 banda Noda de Caju ap\u00f3s 12 anos\n\t\t<\/span><\/div>","aioseo_breadcrumb_json":[{"label":"Home","link":"https:\/\/serrafm879.com.br\/serrafm"},{"label":"Uncategorized","link":"https:\/\/serrafm879.com.br\/serrafm\/categoria\/uncategorized\/"},{"label":"Cantora serra-talhadense, Bruna Magalh\u00e3es, anuncia retorno \u00e0 banda Noda de Caju ap\u00f3s 12 anos","link":"https:\/\/serrafm879.com.br\/serrafm\/2025\/01\/cantora-serra-talhadense-bruna-magalhaes-anuncia-volta-a-banda-noda-de-caju-apos-12-anos\/"}],"jetpack_publicize_connections":[],"jetpack_featured_media_url":"https:\/\/serrafm879.com.br\/serrafm\/wp-content\/uploads\/2025\/01\/Anotacao-2025-01-22-172616.png","jetpack_shortlink":"https:\/\/wp.me\/p7HyXg-5cR","jetpack_sharing_enabled":true,"_links":{"self":[{"href":"https:\/\/serrafm879.com.br\/serrafm\/wp-json\/wp\/v2\/posts\/20017","targetHints":{"allow":["GET"]}}],"collection":[{"href":"https:\/\/serrafm879.com.br\/serrafm\/wp-json\/wp\/v2\/posts"}],"about":[{"href":"https:\/\/serrafm879.com.br\/serrafm\/wp-json\/wp\/v2\/types\/post"}],"author":[{"embeddable":true,"href":"https:\/\/serrafm879.com.br\/serrafm\/wp-json\/wp\/v2\/users\/2"}],"replies":[{"embeddable":true,"href":"https:\/\/serrafm879.com.br\/serrafm\/wp-json\/wp\/v2\/comments?post=20017"}],"version-history":[{"count":2,"href":"https:\/\/serrafm879.com.br\/serrafm\/wp-json\/wp\/v2\/posts\/20017\/revisions"}],"predecessor-version":[{"id":20020,"href":"https:\/\/serrafm879.com.br\/serrafm\/wp-json\/wp\/v2\/posts\/20017\/revisions\/20020"}],"wp:featuredmedia":[{"embeddable":true,"href":"https:\/\/serrafm879.com.br\/serrafm\/wp-json\/wp\/v2\/media\/20018"}],"wp:attachment":[{"href":"https:\/\/serrafm879.com.br\/serrafm\/wp-json\/wp\/v2\/media?parent=20017"}],"wp:term":[{"taxonomy":"category","embeddable":true,"href":"https:\/\/serrafm879.com.br\/serrafm\/wp-json\/wp\/v2\/categories?post=20017"},{"taxonomy":"post_tag","embeddable":true,"href":"https:\/\/serrafm879.com.br\/serrafm\/wp-json\/wp\/v2\/tags?post=20017"}],"curies":[{"name":"wp","href":"https:\/\/api.w.org\/{rel}","templated":true}]}}