{"id":20021,"date":"2025-01-22T17:38:32","date_gmt":"2025-01-22T20:38:32","guid":{"rendered":"https:\/?p=20021"},"modified":"2025-01-22T17:38:32","modified_gmt":"2025-01-22T20:38:32","slug":"venezuela-fecha-fronteira-com-o-brasil-pela-segunda-vez-em-um-mes","status":"publish","type":"post","link":"https:\/\/serrafm879.com.br\/serrafm\/2025\/01\/venezuela-fecha-fronteira-com-o-brasil-pela-segunda-vez-em-um-mes\/","title":{"rendered":"Venezuela fecha fronteira com o Brasil pela segunda vez em um m\u00eas"},"content":{"rendered":"<div id=\"chunk-87h2o\">\n<div class=\"mc-column content-text active-extra-styles \" data-block-type=\"unstyled\" data-block-weight=\"47\" data-block-id=\"2\">\n<p class=\" content-text__container \" data-track-category=\"Link no Texto\" data-track-links=\"\" data-mrf-recirculation=\"Mat\u00e9ria - Links no Texto\">A Venezuela fechou temporariamente a fronteira com o Brasil devido ao in\u00edcio de uma s\u00e9rie de exerc\u00edcios militares no pa\u00eds vizinho, que recebem o nome de &#8220;<a class=\"\" href=\"https:\/\/g1.globo.com\/mundo\/noticia\/2020\/02\/15\/regime-de-maduro-inicia-exercicios-militares-na-venezuela-escudo-bolivariano.ghtml\" data-mrf-link=\"https:\/\/g1.globo.com\/mundo\/noticia\/2020\/02\/15\/regime-de-maduro-inicia-exercicios-militares-na-venezuela-escudo-bolivariano.ghtml\">Escudo Bolivariano<\/a>&#8220;, nesta quarta-feira (22). Essa \u00e9 a\u00a0<a class=\"\" href=\"https:\/\/g1.globo.com\/politica\/noticia\/2025\/01\/10\/em-dia-de-posse-de-maduro-venezuela-fecha-fronteira-com-brasil-diz-pm-de-roraima.ghtml\" data-mrf-link=\"https:\/\/g1.globo.com\/politica\/noticia\/2025\/01\/10\/em-dia-de-posse-de-maduro-venezuela-fecha-fronteira-com-brasil-diz-pm-de-roraima.ghtml\">segunda vez\u00a0<\/a>em menos de um m\u00eas que a fronteira \u00e9 fechada.<\/p>\n<\/div>\n<\/div>\n<div class=\"wall protected-content\">\n<div id=\"chunk-16ph2\">\n<div class=\"mc-column content-text active-extra-styles \" data-block-type=\"unstyled\" data-block-weight=\"30\" data-block-id=\"4\">\n<p class=\" content-text__container \" data-track-category=\"Link no Texto\" data-track-links=\"\" data-mrf-recirculation=\"Mat\u00e9ria - Links no Texto\">A passagem entre os dois pa\u00edses fica na cidade de\u00a0<a class=\"\" href=\"https:\/\/g1.globo.com\/rr\/roraima\/cidade\/pacaraima\/\" data-mrf-link=\"https:\/\/g1.globo.com\/rr\/roraima\/cidade\/pacaraima\/\">Pacaraima<\/a>, ao Norte de Roraima. De acordo com a Pol\u00edcia Militar, a fronteira j\u00e1 estava fechada na manh\u00e3 desta quarta.<\/p>\n<div id=\"chunk-fs8dj\">\n<div class=\"mc-column content-text active-extra-styles \" data-block-type=\"unstyled\" data-block-weight=\"40\" data-block-id=\"6\">\n<p class=\" content-text__container \" data-track-category=\"Link no Texto\" data-track-links=\"\" data-mrf-recirculation=\"Mat\u00e9ria - Links no Texto\">O Minist\u00e9rio das Rela\u00e7\u00f5es Exteriores do Brasil informou que o fechamento foi tomado pelas autoridades venezuelanas, &#8220;alegadamente como medida de seguran\u00e7a durante exerc\u00edcios militares rotineiros no pa\u00eds&#8221;. Segundo transmitido informalmente ao lado brasileiro, os exerc\u00edcios devem durar at\u00e9 quinta-feira (23).<\/p>\n<div id=\"chunk-f05au\">\n<div class=\"mc-column content-text active-extra-styles \" data-block-type=\"unstyled\" data-block-weight=\"32\" data-block-id=\"10\">\n<p class=\" content-text__container \" data-track-category=\"Link no Texto\" data-track-links=\"\" data-mrf-recirculation=\"Mat\u00e9ria - Links no Texto\">A regi\u00e3o \u00e9 monitorada pela 1\u00aa Companhia Independente de Pol\u00edcia Militar de Fronteira (1\u00aa CIPMFron). &#8220;A PMRR segue monitorando a \u00e1rea fronteiri\u00e7a e quaisquer atualiza\u00e7\u00f5es sobre a situa\u00e7\u00e3o ser\u00e3o informadas oportunamente&#8221;.<\/p>\n<\/div>\n<\/div>\n<div id=\"chunk-4v78l\">\n<div class=\"mc-column content-text active-extra-styles \" data-block-type=\"unstyled\" data-block-weight=\"41\" data-block-id=\"11\">\n<p class=\" content-text__container \" data-track-category=\"Link no Texto\" data-track-links=\"\" data-mrf-recirculation=\"Mat\u00e9ria - Links no Texto\">A fronteira havia sido\u00a0<a class=\"\" href=\"https:\/\/g1.globo.com\/politica\/noticia\/2025\/01\/10\/em-dia-de-posse-de-maduro-venezuela-fecha-fronteira-com-brasil-diz-pm-de-roraima.ghtml\" data-mrf-link=\"https:\/\/g1.globo.com\/politica\/noticia\/2025\/01\/10\/em-dia-de-posse-de-maduro-venezuela-fecha-fronteira-com-brasil-diz-pm-de-roraima.ghtml\">fechada pela \u00faltima vez no dia 10 de janeiro<\/a>, dia da\u00a0<a class=\"\" href=\"https:\/\/g1.globo.com\/mundo\/noticia\/2025\/01\/10\/maduro-toma-posse-na-venezuela-para-terceiro-mandato.ghtml\" data-mrf-link=\"https:\/\/g1.globo.com\/mundo\/noticia\/2025\/01\/10\/maduro-toma-posse-na-venezuela-para-terceiro-mandato.ghtml\">posse de Nicol\u00e1s Maduro<\/a>\u00a0como presidente do pa\u00eds vizinho pela terceira vez. Oficialmente, o Brasil n\u00e3o reconheceu a vit\u00f3ria de Maduro nem a da oposi\u00e7\u00e3o.<\/p>\n<p data-track-category=\"Link no Texto\" data-track-links=\"\" data-mrf-recirculation=\"Mat\u00e9ria - Links no Texto\"><strong>Informa\u00e7\u00f5es do G1 Not\u00edcias<\/strong><\/p>\n<\/div>\n<\/div>\n<\/div>\n<\/div>\n<div id=\"chunk-1di81\">\n<div class=\"content-ads content-ads--reveal\" data-block-type=\"ads\" data-block-id=\"7\"><\/div>\n<\/div>\n<div id=\"chunk-881k2\">\n<div class=\"mc-column content-text active-extra-styles \" data-block-type=\"unstyled\" data-block-weight=\"25\" data-block-id=\"8\">\n<p class=\" content-text__container \" data-track-category=\"Link no Texto\" data-track-links=\"\" data-mrf-recirculation=\"Mat\u00e9ria - Links no Texto\">Com o fechamento, o tr\u00e1fego de carros, caminh\u00f5es e pedestres est\u00e1 suspenso na regi\u00e3o. Cones foram colocados no trecho que liga os dois pa\u00edses.<\/p>\n<\/div>\n<\/div>\n<\/div>\n<\/div>\n<\/div>\n","protected":false},"excerpt":{"rendered":"<p>A Venezuela fechou temporariamente a fronteira com o Brasil devido ao in\u00edcio de uma s\u00e9rie de exerc\u00edcios militares no pa\u00eds vizinho, que recebem o nome de &#8220;Escudo Bolivariano&#8220;, nesta quarta-feira (22). Essa \u00e9 a\u00a0segunda vez\u00a0em menos de um m\u00eas que a fronteira \u00e9 fechada. A passagem entre os dois pa\u00edses fica na cidade de\u00a0Pacaraima, ao Norte de Roraima. De acordo com a Pol\u00edcia Militar, a fronteira j\u00e1 estava fechada na manh\u00e3 desta quarta. O Minist\u00e9rio das Rela\u00e7\u00f5es Exteriores do Brasil informou que o fechamento foi tomado pelas autoridades venezuelanas, &#8220;alegadamente como medida de seguran\u00e7a durante exerc\u00edcios militares rotineiros no pa\u00eds&#8221;. [&hellip;]<\/p>\n","protected":false},"author":2,"featured_media":20022,"comment_status":"open","ping_status":"open","sticky":false,"template":"","format":"standard","meta":{"_jetpack_newsletter_access":"","_jetpack_dont_email_post_to_subs":false,"_jetpack_newsletter_tier_id":0,"_jetpack_memberships_contains_paywalled_content":false,"_jetpack_feature_clip_id":0,"_jetpack_memberships_contains_paid_content":false,"footnotes":"","jetpack_publicize_message":"","jetpack_publicize_feature_enabled":true,"jetpack_social_post_already_shared":true,"jetpack_social_options":{"image_generator_settings":{"template":"highway","default_image_id":0,"font":"","enabled":false},"version":2},"jetpack_post_was_ever_published":false},"categories":[149],"tags":[],"class_list":["post-20021","post","type-post","status-publish","format-standard","has-post-thumbnail","hentry","category-brasil"],"aioseo_notices":[],"aioseo_head":"\n\t\t<!-- All in One SEO 4.9.10 - aioseo.com -->\n\t<meta name=\"description\" content=\"A Venezuela fechou temporariamente a fronteira com o Brasil devido ao in\u00edcio de uma s\u00e9rie de exerc\u00edcios militares no pa\u00eds vizinho, que recebem o nome de &quot;Escudo Bolivariano&quot;, nesta quarta-feira (22). Essa \u00e9 a segunda vez em menos de um m\u00eas que a fronteira \u00e9 fechada. A passagem entre os dois pa\u00edses fica na cidade de Pacaraima, ao\" \/>\n\t<meta name=\"robots\" content=\"max-image-preview:large\" \/>\n\t<meta name=\"author\" content=\"serrafm87\"\/>\n\t<link rel=\"canonical\" href=\"https:\/\/serrafm879.com.br\/serrafm\/2025\/01\/venezuela-fecha-fronteira-com-o-brasil-pela-segunda-vez-em-um-mes\/\" \/>\n\t<meta name=\"generator\" content=\"All in One SEO (AIOSEO) 4.9.10\" \/>\n\t\t<meta name=\"twitter:card\" content=\"summary_large_image\" \/>\n\t\t<meta name=\"twitter:title\" content=\"Venezuela fecha fronteira com o Brasil pela segunda vez em um m\u00eas - Serra FM 87,9\" \/>\n\t\t<meta name=\"twitter:description\" content=\"A Venezuela fechou temporariamente a fronteira com o Brasil devido ao in\u00edcio de uma s\u00e9rie de exerc\u00edcios militares no pa\u00eds vizinho, que recebem o nome de &quot;Escudo Bolivariano&quot;, nesta quarta-feira (22). Essa \u00e9 a segunda vez em menos de um m\u00eas que a fronteira \u00e9 fechada. A passagem entre os dois pa\u00edses fica na cidade de Pacaraima, ao\" \/>\n\t\t<meta name=\"twitter:image\" content=\"https:\/\/serrafm879.com.br\/serrafm\/wp-content\/uploads\/2025\/01\/Anotacao-2025-01-22-173808.png\" \/>\n\t\t<script type=\"application\/ld+json\" class=\"aioseo-schema\">\n\t\t\t{\"@context\":\"https:\\\/\\\/schema.org\",\"@graph\":[{\"@type\":\"BlogPosting\",\"@id\":\"https:\\\/\\\/serrafm879.com.br\\\/serrafm\\\/2025\\\/01\\\/venezuela-fecha-fronteira-com-o-brasil-pela-segunda-vez-em-um-mes\\\/#blogposting\",\"name\":\"Venezuela fecha fronteira com o Brasil pela segunda vez em um m\\u00eas - Serra FM 87,9\",\"headline\":\"Venezuela fecha fronteira com o Brasil pela segunda vez em um m\\u00eas\",\"author\":{\"@id\":\"https:\\\/\\\/serrafm879.com.br\\\/serrafm\\\/author\\\/serrafm87\\\/#author\"},\"publisher\":{\"@id\":\"https:\\\/\\\/serrafm879.com.br\\\/serrafm\\\/#organization\"},\"image\":{\"@type\":\"ImageObject\",\"url\":\"https:\\\/\\\/serrafm879.com.br\\\/serrafm\\\/wp-content\\\/uploads\\\/2025\\\/01\\\/Anotacao-2025-01-22-173808.png\",\"width\":509,\"height\":315},\"datePublished\":\"2025-01-22T17:38:32-03:00\",\"dateModified\":\"2025-01-22T17:38:32-03:00\",\"inLanguage\":\"pt-BR\",\"mainEntityOfPage\":{\"@id\":\"https:\\\/\\\/serrafm879.com.br\\\/serrafm\\\/2025\\\/01\\\/venezuela-fecha-fronteira-com-o-brasil-pela-segunda-vez-em-um-mes\\\/#webpage\"},\"isPartOf\":{\"@id\":\"https:\\\/\\\/serrafm879.com.br\\\/serrafm\\\/2025\\\/01\\\/venezuela-fecha-fronteira-com-o-brasil-pela-segunda-vez-em-um-mes\\\/#webpage\"},\"articleSection\":\"Brasil\"},{\"@type\":\"BreadcrumbList\",\"@id\":\"https:\\\/\\\/serrafm879.com.br\\\/serrafm\\\/2025\\\/01\\\/venezuela-fecha-fronteira-com-o-brasil-pela-segunda-vez-em-um-mes\\\/#breadcrumblist\",\"itemListElement\":[{\"@type\":\"ListItem\",\"@id\":\"https:\\\/\\\/serrafm879.com.br\\\/serrafm#listItem\",\"position\":1,\"name\":\"Home\",\"item\":\"https:\\\/\\\/serrafm879.com.br\\\/serrafm\",\"nextItem\":{\"@type\":\"ListItem\",\"@id\":\"https:\\\/\\\/serrafm879.com.br\\\/serrafm\\\/categoria\\\/brasil\\\/#listItem\",\"name\":\"Brasil\"}},{\"@type\":\"ListItem\",\"@id\":\"https:\\\/\\\/serrafm879.com.br\\\/serrafm\\\/categoria\\\/brasil\\\/#listItem\",\"position\":2,\"name\":\"Brasil\",\"item\":\"https:\\\/\\\/serrafm879.com.br\\\/serrafm\\\/categoria\\\/brasil\\\/\",\"nextItem\":{\"@type\":\"ListItem\",\"@id\":\"https:\\\/\\\/serrafm879.com.br\\\/serrafm\\\/2025\\\/01\\\/venezuela-fecha-fronteira-com-o-brasil-pela-segunda-vez-em-um-mes\\\/#listItem\",\"name\":\"Venezuela fecha fronteira com o Brasil pela segunda vez em um m\\u00eas\"},\"previousItem\":{\"@type\":\"ListItem\",\"@id\":\"https:\\\/\\\/serrafm879.com.br\\\/serrafm#listItem\",\"name\":\"Home\"}},{\"@type\":\"ListItem\",\"@id\":\"https:\\\/\\\/serrafm879.com.br\\\/serrafm\\\/2025\\\/01\\\/venezuela-fecha-fronteira-com-o-brasil-pela-segunda-vez-em-um-mes\\\/#listItem\",\"position\":3,\"name\":\"Venezuela fecha fronteira com o Brasil pela segunda vez em um m\\u00eas\",\"previousItem\":{\"@type\":\"ListItem\",\"@id\":\"https:\\\/\\\/serrafm879.com.br\\\/serrafm\\\/categoria\\\/brasil\\\/#listItem\",\"name\":\"Brasil\"}}]},{\"@type\":\"Organization\",\"@id\":\"https:\\\/\\\/serrafm879.com.br\\\/serrafm\\\/#organization\",\"name\":\"Serra FM 87,9\",\"description\":\"O seu novo amor!\",\"url\":\"https:\\\/\\\/serrafm879.com.br\\\/serrafm\\\/\"},{\"@type\":\"Person\",\"@id\":\"https:\\\/\\\/serrafm879.com.br\\\/serrafm\\\/author\\\/serrafm87\\\/#author\",\"url\":\"https:\\\/\\\/serrafm879.com.br\\\/serrafm\\\/author\\\/serrafm87\\\/\",\"name\":\"serrafm87\",\"image\":{\"@type\":\"ImageObject\",\"@id\":\"https:\\\/\\\/serrafm879.com.br\\\/serrafm\\\/2025\\\/01\\\/venezuela-fecha-fronteira-com-o-brasil-pela-segunda-vez-em-um-mes\\\/#authorImage\",\"url\":\"https:\\\/\\\/secure.gravatar.com\\\/avatar\\\/a743233f1112d34f48bb3dc9559b76eb930bab8b27175856cba6362608736235?s=96&d=mm&r=g\",\"width\":96,\"height\":96,\"caption\":\"serrafm87\"}},{\"@type\":\"WebPage\",\"@id\":\"https:\\\/\\\/serrafm879.com.br\\\/serrafm\\\/2025\\\/01\\\/venezuela-fecha-fronteira-com-o-brasil-pela-segunda-vez-em-um-mes\\\/#webpage\",\"url\":\"https:\\\/\\\/serrafm879.com.br\\\/serrafm\\\/2025\\\/01\\\/venezuela-fecha-fronteira-com-o-brasil-pela-segunda-vez-em-um-mes\\\/\",\"name\":\"Venezuela fecha fronteira com o Brasil pela segunda vez em um m\\u00eas - Serra FM 87,9\",\"description\":\"A Venezuela fechou temporariamente a fronteira com o Brasil devido ao in\\u00edcio de uma s\\u00e9rie de exerc\\u00edcios militares no pa\\u00eds vizinho, que recebem o nome de \\\"Escudo Bolivariano\\\", nesta quarta-feira (22). Essa \\u00e9 a segunda vez em menos de um m\\u00eas que a fronteira \\u00e9 fechada. A passagem entre os dois pa\\u00edses fica na cidade de Pacaraima, ao\",\"inLanguage\":\"pt-BR\",\"isPartOf\":{\"@id\":\"https:\\\/\\\/serrafm879.com.br\\\/serrafm\\\/#website\"},\"breadcrumb\":{\"@id\":\"https:\\\/\\\/serrafm879.com.br\\\/serrafm\\\/2025\\\/01\\\/venezuela-fecha-fronteira-com-o-brasil-pela-segunda-vez-em-um-mes\\\/#breadcrumblist\"},\"author\":{\"@id\":\"https:\\\/\\\/serrafm879.com.br\\\/serrafm\\\/author\\\/serrafm87\\\/#author\"},\"creator\":{\"@id\":\"https:\\\/\\\/serrafm879.com.br\\\/serrafm\\\/author\\\/serrafm87\\\/#author\"},\"image\":{\"@type\":\"ImageObject\",\"url\":\"https:\\\/\\\/serrafm879.com.br\\\/serrafm\\\/wp-content\\\/uploads\\\/2025\\\/01\\\/Anotacao-2025-01-22-173808.png\",\"@id\":\"https:\\\/\\\/serrafm879.com.br\\\/serrafm\\\/2025\\\/01\\\/venezuela-fecha-fronteira-com-o-brasil-pela-segunda-vez-em-um-mes\\\/#mainImage\",\"width\":509,\"height\":315},\"primaryImageOfPage\":{\"@id\":\"https:\\\/\\\/serrafm879.com.br\\\/serrafm\\\/2025\\\/01\\\/venezuela-fecha-fronteira-com-o-brasil-pela-segunda-vez-em-um-mes\\\/#mainImage\"},\"datePublished\":\"2025-01-22T17:38:32-03:00\",\"dateModified\":\"2025-01-22T17:38:32-03:00\"},{\"@type\":\"WebSite\",\"@id\":\"https:\\\/\\\/serrafm879.com.br\\\/serrafm\\\/#website\",\"url\":\"https:\\\/\\\/serrafm879.com.br\\\/serrafm\\\/\",\"name\":\"Serra FM 87,9\",\"description\":\"O seu novo amor!\",\"inLanguage\":\"pt-BR\",\"publisher\":{\"@id\":\"https:\\\/\\\/serrafm879.com.br\\\/serrafm\\\/#organization\"}}]}\n\t\t<\/script>\n\t\t<!-- All in One SEO -->\n\n","aioseo_head_json":{"title":"Venezuela fecha fronteira com o Brasil pela segunda vez em um m\u00eas - Serra FM 87,9","description":"A Venezuela fechou temporariamente a fronteira com o Brasil devido ao in\u00edcio de uma s\u00e9rie de exerc\u00edcios militares no pa\u00eds vizinho, que recebem o nome de \"Escudo Bolivariano\", nesta quarta-feira (22). Essa \u00e9 a segunda vez em menos de um m\u00eas que a fronteira \u00e9 fechada. A passagem entre os dois pa\u00edses fica na cidade de Pacaraima, ao","canonical_url":"https:\/\/serrafm879.com.br\/serrafm\/2025\/01\/venezuela-fecha-fronteira-com-o-brasil-pela-segunda-vez-em-um-mes\/","robots":"max-image-preview:large","keywords":"","webmasterTools":{"miscellaneous":""},"schema":{"@context":"https:\/\/schema.org","@graph":[{"@type":"BlogPosting","@id":"https:\/\/serrafm879.com.br\/serrafm\/2025\/01\/venezuela-fecha-fronteira-com-o-brasil-pela-segunda-vez-em-um-mes\/#blogposting","name":"Venezuela fecha fronteira com o Brasil pela segunda vez em um m\u00eas - Serra FM 87,9","headline":"Venezuela fecha fronteira com o Brasil pela segunda vez em um m\u00eas","author":{"@id":"https:\/\/serrafm879.com.br\/serrafm\/author\/serrafm87\/#author"},"publisher":{"@id":"https:\/\/serrafm879.com.br\/serrafm\/#organization"},"image":{"@type":"ImageObject","url":"https:\/\/serrafm879.com.br\/serrafm\/wp-content\/uploads\/2025\/01\/Anotacao-2025-01-22-173808.png","width":509,"height":315},"datePublished":"2025-01-22T17:38:32-03:00","dateModified":"2025-01-22T17:38:32-03:00","inLanguage":"pt-BR","mainEntityOfPage":{"@id":"https:\/\/serrafm879.com.br\/serrafm\/2025\/01\/venezuela-fecha-fronteira-com-o-brasil-pela-segunda-vez-em-um-mes\/#webpage"},"isPartOf":{"@id":"https:\/\/serrafm879.com.br\/serrafm\/2025\/01\/venezuela-fecha-fronteira-com-o-brasil-pela-segunda-vez-em-um-mes\/#webpage"},"articleSection":"Brasil"},{"@type":"BreadcrumbList","@id":"https:\/\/serrafm879.com.br\/serrafm\/2025\/01\/venezuela-fecha-fronteira-com-o-brasil-pela-segunda-vez-em-um-mes\/#breadcrumblist","itemListElement":[{"@type":"ListItem","@id":"https:\/\/serrafm879.com.br\/serrafm#listItem","position":1,"name":"Home","item":"https:\/\/serrafm879.com.br\/serrafm","nextItem":{"@type":"ListItem","@id":"https:\/\/serrafm879.com.br\/serrafm\/categoria\/brasil\/#listItem","name":"Brasil"}},{"@type":"ListItem","@id":"https:\/\/serrafm879.com.br\/serrafm\/categoria\/brasil\/#listItem","position":2,"name":"Brasil","item":"https:\/\/serrafm879.com.br\/serrafm\/categoria\/brasil\/","nextItem":{"@type":"ListItem","@id":"https:\/\/serrafm879.com.br\/serrafm\/2025\/01\/venezuela-fecha-fronteira-com-o-brasil-pela-segunda-vez-em-um-mes\/#listItem","name":"Venezuela fecha fronteira com o Brasil pela segunda vez em um m\u00eas"},"previousItem":{"@type":"ListItem","@id":"https:\/\/serrafm879.com.br\/serrafm#listItem","name":"Home"}},{"@type":"ListItem","@id":"https:\/\/serrafm879.com.br\/serrafm\/2025\/01\/venezuela-fecha-fronteira-com-o-brasil-pela-segunda-vez-em-um-mes\/#listItem","position":3,"name":"Venezuela fecha fronteira com o Brasil pela segunda vez em um m\u00eas","previousItem":{"@type":"ListItem","@id":"https:\/\/serrafm879.com.br\/serrafm\/categoria\/brasil\/#listItem","name":"Brasil"}}]},{"@type":"Organization","@id":"https:\/\/serrafm879.com.br\/serrafm\/#organization","name":"Serra FM 87,9","description":"O seu novo amor!","url":"https:\/\/serrafm879.com.br\/serrafm\/"},{"@type":"Person","@id":"https:\/\/serrafm879.com.br\/serrafm\/author\/serrafm87\/#author","url":"https:\/\/serrafm879.com.br\/serrafm\/author\/serrafm87\/","name":"serrafm87","image":{"@type":"ImageObject","@id":"https:\/\/serrafm879.com.br\/serrafm\/2025\/01\/venezuela-fecha-fronteira-com-o-brasil-pela-segunda-vez-em-um-mes\/#authorImage","url":"https:\/\/secure.gravatar.com\/avatar\/a743233f1112d34f48bb3dc9559b76eb930bab8b27175856cba6362608736235?s=96&d=mm&r=g","width":96,"height":96,"caption":"serrafm87"}},{"@type":"WebPage","@id":"https:\/\/serrafm879.com.br\/serrafm\/2025\/01\/venezuela-fecha-fronteira-com-o-brasil-pela-segunda-vez-em-um-mes\/#webpage","url":"https:\/\/serrafm879.com.br\/serrafm\/2025\/01\/venezuela-fecha-fronteira-com-o-brasil-pela-segunda-vez-em-um-mes\/","name":"Venezuela fecha fronteira com o Brasil pela segunda vez em um m\u00eas - Serra FM 87,9","description":"A Venezuela fechou temporariamente a fronteira com o Brasil devido ao in\u00edcio de uma s\u00e9rie de exerc\u00edcios militares no pa\u00eds vizinho, que recebem o nome de \"Escudo Bolivariano\", nesta quarta-feira (22). Essa \u00e9 a segunda vez em menos de um m\u00eas que a fronteira \u00e9 fechada. A passagem entre os dois pa\u00edses fica na cidade de Pacaraima, ao","inLanguage":"pt-BR","isPartOf":{"@id":"https:\/\/serrafm879.com.br\/serrafm\/#website"},"breadcrumb":{"@id":"https:\/\/serrafm879.com.br\/serrafm\/2025\/01\/venezuela-fecha-fronteira-com-o-brasil-pela-segunda-vez-em-um-mes\/#breadcrumblist"},"author":{"@id":"https:\/\/serrafm879.com.br\/serrafm\/author\/serrafm87\/#author"},"creator":{"@id":"https:\/\/serrafm879.com.br\/serrafm\/author\/serrafm87\/#author"},"image":{"@type":"ImageObject","url":"https:\/\/serrafm879.com.br\/serrafm\/wp-content\/uploads\/2025\/01\/Anotacao-2025-01-22-173808.png","@id":"https:\/\/serrafm879.com.br\/serrafm\/2025\/01\/venezuela-fecha-fronteira-com-o-brasil-pela-segunda-vez-em-um-mes\/#mainImage","width":509,"height":315},"primaryImageOfPage":{"@id":"https:\/\/serrafm879.com.br\/serrafm\/2025\/01\/venezuela-fecha-fronteira-com-o-brasil-pela-segunda-vez-em-um-mes\/#mainImage"},"datePublished":"2025-01-22T17:38:32-03:00","dateModified":"2025-01-22T17:38:32-03:00"},{"@type":"WebSite","@id":"https:\/\/serrafm879.com.br\/serrafm\/#website","url":"https:\/\/serrafm879.com.br\/serrafm\/","name":"Serra FM 87,9","description":"O seu novo amor!","inLanguage":"pt-BR","publisher":{"@id":"https:\/\/serrafm879.com.br\/serrafm\/#organization"}}]},"twitter:card":"summary_large_image","twitter:title":"Venezuela fecha fronteira com o Brasil pela segunda vez em um m\u00eas - Serra FM 87,9","twitter:description":"A Venezuela fechou temporariamente a fronteira com o Brasil devido ao in\u00edcio de uma s\u00e9rie de exerc\u00edcios militares no pa\u00eds vizinho, que recebem o nome de &quot;Escudo Bolivariano&quot;, nesta quarta-feira (22). Essa \u00e9 a segunda vez em menos de um m\u00eas que a fronteira \u00e9 fechada. A passagem entre os dois pa\u00edses fica na cidade de Pacaraima, ao","twitter:image":"https:\/\/serrafm879.com.br\/serrafm\/wp-content\/uploads\/2025\/01\/Anotacao-2025-01-22-173808.png"},"aioseo_meta_data":{"post_id":"20021","title":null,"description":null,"keywords":null,"keyphrases":null,"primary_term":null,"canonical_url":null,"og_title":null,"og_description":null,"og_object_type":"default","og_image_type":"default","og_image_custom_url":null,"og_image_custom_fields":null,"og_image_url":null,"og_image_width":null,"og_image_height":null,"og_video":null,"og_custom_url":null,"og_article_section":null,"og_article_tags":null,"twitter_use_og":false,"twitter_card":"default","twitter_image_type":"default","twitter_image_custom_url":null,"twitter_image_custom_fields":null,"twitter_image_url":null,"twitter_title":null,"twitter_description":null,"schema_type":"default","schema_type_options":null,"schema":{"blockGraphs":[],"customGraphs":[],"default":{"data":{"Article":[],"Course":[],"Dataset":[],"FAQPage":[],"Movie":[],"Person":[],"Product":[],"ProductReview":[],"Car":[],"Recipe":[],"Service":[],"SoftwareApplication":[],"WebPage":[]},"graphName":"","isEnabled":true},"graphs":[]},"pillar_content":false,"robots_default":true,"robots_noindex":false,"robots_noarchive":false,"robots_nosnippet":false,"robots_nofollow":false,"robots_noimageindex":false,"robots_noodp":false,"robots_notranslate":false,"robots_max_snippet":null,"robots_max_videopreview":null,"robots_max_imagepreview":"large","priority":null,"frequency":null,"local_seo":null,"limit_modified_date":false,"ai":null,"breadcrumb_settings":null,"seo_analyzer_scan_date":null,"created":"2026-07-21 13:15:10","updated":"2026-07-21 13:15:10"},"aioseo_breadcrumb":"<div class=\"aioseo-breadcrumbs\"><span class=\"aioseo-breadcrumb\">\n\t\t\t<a href=\"https:\/\/serrafm879.com.br\/serrafm\" title=\"Home\">Home<\/a>\n\t\t<\/span><span class=\"aioseo-breadcrumb-separator\">&raquo;<\/span><span class=\"aioseo-breadcrumb\">\n\t\t\t<a href=\"https:\/\/serrafm879.com.br\/serrafm\/categoria\/brasil\/\" title=\"Brasil\">Brasil<\/a>\n\t\t<\/span><span class=\"aioseo-breadcrumb-separator\">&raquo;<\/span><span class=\"aioseo-breadcrumb\">\n\t\t\tVenezuela fecha fronteira com o Brasil pela segunda vez em um m\u00eas\n\t\t<\/span><\/div>","aioseo_breadcrumb_json":[{"label":"Home","link":"https:\/\/serrafm879.com.br\/serrafm"},{"label":"Brasil","link":"https:\/\/serrafm879.com.br\/serrafm\/categoria\/brasil\/"},{"label":"Venezuela fecha fronteira com o Brasil pela segunda vez em um m\u00eas","link":"https:\/\/serrafm879.com.br\/serrafm\/2025\/01\/venezuela-fecha-fronteira-com-o-brasil-pela-segunda-vez-em-um-mes\/"}],"jetpack_publicize_connections":[],"jetpack_featured_media_url":"https:\/\/serrafm879.com.br\/serrafm\/wp-content\/uploads\/2025\/01\/Anotacao-2025-01-22-173808.png","jetpack_shortlink":"https:\/\/wp.me\/p7HyXg-5cV","jetpack_sharing_enabled":true,"_links":{"self":[{"href":"https:\/\/serrafm879.com.br\/serrafm\/wp-json\/wp\/v2\/posts\/20021","targetHints":{"allow":["GET"]}}],"collection":[{"href":"https:\/\/serrafm879.com.br\/serrafm\/wp-json\/wp\/v2\/posts"}],"about":[{"href":"https:\/\/serrafm879.com.br\/serrafm\/wp-json\/wp\/v2\/types\/post"}],"author":[{"embeddable":true,"href":"https:\/\/serrafm879.com.br\/serrafm\/wp-json\/wp\/v2\/users\/2"}],"replies":[{"embeddable":true,"href":"https:\/\/serrafm879.com.br\/serrafm\/wp-json\/wp\/v2\/comments?post=20021"}],"version-history":[{"count":2,"href":"https:\/\/serrafm879.com.br\/serrafm\/wp-json\/wp\/v2\/posts\/20021\/revisions"}],"predecessor-version":[{"id":20025,"href":"https:\/\/serrafm879.com.br\/serrafm\/wp-json\/wp\/v2\/posts\/20021\/revisions\/20025"}],"wp:featuredmedia":[{"embeddable":true,"href":"https:\/\/serrafm879.com.br\/serrafm\/wp-json\/wp\/v2\/media\/20022"}],"wp:attachment":[{"href":"https:\/\/serrafm879.com.br\/serrafm\/wp-json\/wp\/v2\/media?parent=20021"}],"wp:term":[{"taxonomy":"category","embeddable":true,"href":"https:\/\/serrafm879.com.br\/serrafm\/wp-json\/wp\/v2\/categories?post=20021"},{"taxonomy":"post_tag","embeddable":true,"href":"https:\/\/serrafm879.com.br\/serrafm\/wp-json\/wp\/v2\/tags?post=20021"}],"curies":[{"name":"wp","href":"https:\/\/api.w.org\/{rel}","templated":true}]}}