{"id":20035,"date":"2025-01-23T08:13:28","date_gmt":"2025-01-23T11:13:28","guid":{"rendered":"https:\/?p=20035"},"modified":"2025-01-23T08:13:28","modified_gmt":"2025-01-23T11:13:28","slug":"pf-indicia-ex-diretores-da-prf-por-impedirem-deslocamento-de-eleitores","status":"publish","type":"post","link":"https:\/\/serrafm879.com.br\/serrafm\/2025\/01\/pf-indicia-ex-diretores-da-prf-por-impedirem-deslocamento-de-eleitores\/","title":{"rendered":"PF indicia ex-diretores da PRF por impedirem deslocamento de eleitores"},"content":{"rendered":"<p>A Pol\u00edcia Federal indiciou quatro ex-chefes da Pol\u00edcia Rodovi\u00e1ria Federal no bojo do inqu\u00e9rito sobre o uso da m\u00e1quina p\u00fablica para influenciar as elei\u00e7\u00f5es presidenciais de 2022 por meio de blitze para impedir o deslocamento de eleitores no segundo turno do pleito.<\/p>\n<p>l\u00e9m dos ex-diretores, um ex-coordenador de Intelig\u00eancia e Contra intelig\u00eancia da corpora\u00e7\u00e3o foi enquadrado por supostos crimes de desobedi\u00eancia, prevarica\u00e7\u00e3o, restri\u00e7\u00e3o ao exerc\u00edcio do direito de voto e omiss\u00e3o no combate ao crime de tentativa de aboli\u00e7\u00e3o do Estado Democr\u00e1tico de Direito por meio da \u2018restri\u00e7\u00e3o do exerc\u00edcio dos poderes constitucionais\u2019.<\/p>\n<p>Os indiciamentos foram encaminhados ao Supremo Tribunal Federal no ano passado, mas vieram \u00e0 tona nesta quarta, 22. As informa\u00e7\u00f5es foram divulgadas pelo portal UOL e confirmadas pelo Estad\u00e3o.<\/p>\n<p>A partir do enquadramento criminal do grupo que comandou a PRF, cabe \u00e0 Procuradoria-Geral da Rep\u00fablica analisar provas e conclus\u00f5es da PF para decidir se pede mais dilig\u00eancias sobre o caso ou se j\u00e1 apresenta den\u00fancia formal contra os ex-chefes da PRF e o ex-coordenador ou, ainda, se arquiva a investiga\u00e7\u00e3o.<\/p>\n<p>Os alvos do indiciamento s\u00e3o: Lu\u00eds Carlos Reischak Junior (ex-diretor de Intelig\u00eancia); Rodrigo Cardozo Hoppe (ex-diretor de Intelig\u00eancia substituto); Djairlon Henrique Moura (ex-diretor de Opera\u00e7\u00f5es); Adiel Pereira Alcantara (ex-coordenador de An\u00e1lise de Intelig\u00eancia). Outro indiciado foi chefe da Ag\u00eancia Nacional de Transportes Terrestres \u2013 Bruno Nonato dos Santos Pereira, ex-coordenador de Intelig\u00eancia e Contraintelig\u00eancia.<\/p>\n<p>Pelos mesmos fatos \u2013 as blitze no segundo turno das elei\u00e7\u00f5es presidenciais \u2013 a Pol\u00edcia Federal j\u00e1 havia indiciado o ex-diretor-geral da PRF Silvinei Vasques e o ex-ministro da Justi\u00e7a Anderson Torres, delegado de carreira da PF.<\/p>\n<p>Ambos foram enquadrados por \u201cviol\u00eancia pol\u00edtica\u201d.<\/p>\n<p><strong>Com informa\u00e7\u00f5es da Ag\u00eancia Estado.<\/strong><\/p>\n","protected":false},"excerpt":{"rendered":"<p>A Pol\u00edcia Federal indiciou quatro ex-chefes da Pol\u00edcia Rodovi\u00e1ria Federal no bojo do inqu\u00e9rito sobre o uso da m\u00e1quina p\u00fablica para influenciar as elei\u00e7\u00f5es presidenciais de 2022 por meio de blitze para impedir o deslocamento de eleitores no segundo turno do pleito. l\u00e9m dos ex-diretores, um ex-coordenador de Intelig\u00eancia e Contra intelig\u00eancia da corpora\u00e7\u00e3o foi enquadrado por supostos crimes de desobedi\u00eancia, prevarica\u00e7\u00e3o, restri\u00e7\u00e3o ao exerc\u00edcio do direito de voto e omiss\u00e3o no combate ao crime de tentativa de aboli\u00e7\u00e3o do Estado Democr\u00e1tico de Direito por meio da \u2018restri\u00e7\u00e3o do exerc\u00edcio dos poderes constitucionais\u2019. Os indiciamentos foram encaminhados ao Supremo Tribunal [&hellip;]<\/p>\n","protected":false},"author":2,"featured_media":19798,"comment_status":"open","ping_status":"open","sticky":false,"template":"","format":"standard","meta":{"_jetpack_newsletter_access":"","_jetpack_dont_email_post_to_subs":false,"_jetpack_newsletter_tier_id":0,"_jetpack_memberships_contains_paywalled_content":false,"_jetpack_feature_clip_id":0,"_jetpack_memberships_contains_paid_content":false,"footnotes":"","jetpack_publicize_message":"","jetpack_publicize_feature_enabled":true,"jetpack_social_post_already_shared":true,"jetpack_social_options":{"image_generator_settings":{"template":"highway","default_image_id":0,"font":"","enabled":false},"version":2},"jetpack_post_was_ever_published":false},"categories":[149],"tags":[],"class_list":["post-20035","post","type-post","status-publish","format-standard","has-post-thumbnail","hentry","category-brasil"],"aioseo_notices":[],"aioseo_head":"\n\t\t<!-- All in One SEO 4.9.10 - aioseo.com -->\n\t<meta name=\"description\" content=\"A Pol\u00edcia Federal indiciou quatro ex-chefes da Pol\u00edcia Rodovi\u00e1ria Federal no bojo do inqu\u00e9rito sobre o uso da m\u00e1quina p\u00fablica para influenciar as elei\u00e7\u00f5es presidenciais de 2022 por meio de blitze para impedir o deslocamento de eleitores no segundo turno do pleito. l\u00e9m dos ex-diretores, um ex-coordenador de Intelig\u00eancia e Contra intelig\u00eancia da corpora\u00e7\u00e3o foi\" \/>\n\t<meta name=\"robots\" content=\"max-image-preview:large\" \/>\n\t<meta name=\"author\" content=\"serrafm87\"\/>\n\t<link rel=\"canonical\" href=\"https:\/\/serrafm879.com.br\/serrafm\/2025\/01\/pf-indicia-ex-diretores-da-prf-por-impedirem-deslocamento-de-eleitores\/\" \/>\n\t<meta name=\"generator\" content=\"All in One SEO (AIOSEO) 4.9.10\" \/>\n\t\t<meta name=\"twitter:card\" content=\"summary_large_image\" \/>\n\t\t<meta name=\"twitter:title\" content=\"PF indicia ex-diretores da PRF por impedirem deslocamento de eleitores - Serra FM 87,9\" \/>\n\t\t<meta name=\"twitter:description\" content=\"A Pol\u00edcia Federal indiciou quatro ex-chefes da Pol\u00edcia Rodovi\u00e1ria Federal no bojo do inqu\u00e9rito sobre o uso da m\u00e1quina p\u00fablica para influenciar as elei\u00e7\u00f5es presidenciais de 2022 por meio de blitze para impedir o deslocamento de eleitores no segundo turno do pleito. l\u00e9m dos ex-diretores, um ex-coordenador de Intelig\u00eancia e Contra intelig\u00eancia da corpora\u00e7\u00e3o foi\" \/>\n\t\t<meta name=\"twitter:image\" content=\"https:\/\/serrafm879.com.br\/serrafm\/wp-content\/uploads\/2025\/01\/prf.jpeg\" \/>\n\t\t<script type=\"application\/ld+json\" class=\"aioseo-schema\">\n\t\t\t{\"@context\":\"https:\\\/\\\/schema.org\",\"@graph\":[{\"@type\":\"BlogPosting\",\"@id\":\"https:\\\/\\\/serrafm879.com.br\\\/serrafm\\\/2025\\\/01\\\/pf-indicia-ex-diretores-da-prf-por-impedirem-deslocamento-de-eleitores\\\/#blogposting\",\"name\":\"PF indicia ex-diretores da PRF por impedirem deslocamento de eleitores - Serra FM 87,9\",\"headline\":\"PF indicia ex-diretores da PRF por impedirem deslocamento de eleitores\",\"author\":{\"@id\":\"https:\\\/\\\/serrafm879.com.br\\\/serrafm\\\/author\\\/serrafm87\\\/#author\"},\"publisher\":{\"@id\":\"https:\\\/\\\/serrafm879.com.br\\\/serrafm\\\/#organization\"},\"image\":{\"@type\":\"ImageObject\",\"url\":\"https:\\\/\\\/serrafm879.com.br\\\/serrafm\\\/wp-content\\\/uploads\\\/2025\\\/01\\\/prf.jpeg\",\"width\":768,\"height\":534},\"datePublished\":\"2025-01-23T08:13:28-03:00\",\"dateModified\":\"2025-01-23T08:13:28-03:00\",\"inLanguage\":\"pt-BR\",\"mainEntityOfPage\":{\"@id\":\"https:\\\/\\\/serrafm879.com.br\\\/serrafm\\\/2025\\\/01\\\/pf-indicia-ex-diretores-da-prf-por-impedirem-deslocamento-de-eleitores\\\/#webpage\"},\"isPartOf\":{\"@id\":\"https:\\\/\\\/serrafm879.com.br\\\/serrafm\\\/2025\\\/01\\\/pf-indicia-ex-diretores-da-prf-por-impedirem-deslocamento-de-eleitores\\\/#webpage\"},\"articleSection\":\"Brasil\"},{\"@type\":\"BreadcrumbList\",\"@id\":\"https:\\\/\\\/serrafm879.com.br\\\/serrafm\\\/2025\\\/01\\\/pf-indicia-ex-diretores-da-prf-por-impedirem-deslocamento-de-eleitores\\\/#breadcrumblist\",\"itemListElement\":[{\"@type\":\"ListItem\",\"@id\":\"https:\\\/\\\/serrafm879.com.br\\\/serrafm#listItem\",\"position\":1,\"name\":\"Home\",\"item\":\"https:\\\/\\\/serrafm879.com.br\\\/serrafm\",\"nextItem\":{\"@type\":\"ListItem\",\"@id\":\"https:\\\/\\\/serrafm879.com.br\\\/serrafm\\\/categoria\\\/brasil\\\/#listItem\",\"name\":\"Brasil\"}},{\"@type\":\"ListItem\",\"@id\":\"https:\\\/\\\/serrafm879.com.br\\\/serrafm\\\/categoria\\\/brasil\\\/#listItem\",\"position\":2,\"name\":\"Brasil\",\"item\":\"https:\\\/\\\/serrafm879.com.br\\\/serrafm\\\/categoria\\\/brasil\\\/\",\"nextItem\":{\"@type\":\"ListItem\",\"@id\":\"https:\\\/\\\/serrafm879.com.br\\\/serrafm\\\/2025\\\/01\\\/pf-indicia-ex-diretores-da-prf-por-impedirem-deslocamento-de-eleitores\\\/#listItem\",\"name\":\"PF indicia ex-diretores da PRF por impedirem deslocamento de eleitores\"},\"previousItem\":{\"@type\":\"ListItem\",\"@id\":\"https:\\\/\\\/serrafm879.com.br\\\/serrafm#listItem\",\"name\":\"Home\"}},{\"@type\":\"ListItem\",\"@id\":\"https:\\\/\\\/serrafm879.com.br\\\/serrafm\\\/2025\\\/01\\\/pf-indicia-ex-diretores-da-prf-por-impedirem-deslocamento-de-eleitores\\\/#listItem\",\"position\":3,\"name\":\"PF indicia ex-diretores da PRF por impedirem deslocamento de eleitores\",\"previousItem\":{\"@type\":\"ListItem\",\"@id\":\"https:\\\/\\\/serrafm879.com.br\\\/serrafm\\\/categoria\\\/brasil\\\/#listItem\",\"name\":\"Brasil\"}}]},{\"@type\":\"Organization\",\"@id\":\"https:\\\/\\\/serrafm879.com.br\\\/serrafm\\\/#organization\",\"name\":\"Serra FM 87,9\",\"description\":\"O seu novo amor!\",\"url\":\"https:\\\/\\\/serrafm879.com.br\\\/serrafm\\\/\"},{\"@type\":\"Person\",\"@id\":\"https:\\\/\\\/serrafm879.com.br\\\/serrafm\\\/author\\\/serrafm87\\\/#author\",\"url\":\"https:\\\/\\\/serrafm879.com.br\\\/serrafm\\\/author\\\/serrafm87\\\/\",\"name\":\"serrafm87\",\"image\":{\"@type\":\"ImageObject\",\"@id\":\"https:\\\/\\\/serrafm879.com.br\\\/serrafm\\\/2025\\\/01\\\/pf-indicia-ex-diretores-da-prf-por-impedirem-deslocamento-de-eleitores\\\/#authorImage\",\"url\":\"https:\\\/\\\/secure.gravatar.com\\\/avatar\\\/a743233f1112d34f48bb3dc9559b76eb930bab8b27175856cba6362608736235?s=96&d=mm&r=g\",\"width\":96,\"height\":96,\"caption\":\"serrafm87\"}},{\"@type\":\"WebPage\",\"@id\":\"https:\\\/\\\/serrafm879.com.br\\\/serrafm\\\/2025\\\/01\\\/pf-indicia-ex-diretores-da-prf-por-impedirem-deslocamento-de-eleitores\\\/#webpage\",\"url\":\"https:\\\/\\\/serrafm879.com.br\\\/serrafm\\\/2025\\\/01\\\/pf-indicia-ex-diretores-da-prf-por-impedirem-deslocamento-de-eleitores\\\/\",\"name\":\"PF indicia ex-diretores da PRF por impedirem deslocamento de eleitores - Serra FM 87,9\",\"description\":\"A Pol\\u00edcia Federal indiciou quatro ex-chefes da Pol\\u00edcia Rodovi\\u00e1ria Federal no bojo do inqu\\u00e9rito sobre o uso da m\\u00e1quina p\\u00fablica para influenciar as elei\\u00e7\\u00f5es presidenciais de 2022 por meio de blitze para impedir o deslocamento de eleitores no segundo turno do pleito. l\\u00e9m dos ex-diretores, um ex-coordenador de Intelig\\u00eancia e Contra intelig\\u00eancia da corpora\\u00e7\\u00e3o foi\",\"inLanguage\":\"pt-BR\",\"isPartOf\":{\"@id\":\"https:\\\/\\\/serrafm879.com.br\\\/serrafm\\\/#website\"},\"breadcrumb\":{\"@id\":\"https:\\\/\\\/serrafm879.com.br\\\/serrafm\\\/2025\\\/01\\\/pf-indicia-ex-diretores-da-prf-por-impedirem-deslocamento-de-eleitores\\\/#breadcrumblist\"},\"author\":{\"@id\":\"https:\\\/\\\/serrafm879.com.br\\\/serrafm\\\/author\\\/serrafm87\\\/#author\"},\"creator\":{\"@id\":\"https:\\\/\\\/serrafm879.com.br\\\/serrafm\\\/author\\\/serrafm87\\\/#author\"},\"image\":{\"@type\":\"ImageObject\",\"url\":\"https:\\\/\\\/serrafm879.com.br\\\/serrafm\\\/wp-content\\\/uploads\\\/2025\\\/01\\\/prf.jpeg\",\"@id\":\"https:\\\/\\\/serrafm879.com.br\\\/serrafm\\\/2025\\\/01\\\/pf-indicia-ex-diretores-da-prf-por-impedirem-deslocamento-de-eleitores\\\/#mainImage\",\"width\":768,\"height\":534},\"primaryImageOfPage\":{\"@id\":\"https:\\\/\\\/serrafm879.com.br\\\/serrafm\\\/2025\\\/01\\\/pf-indicia-ex-diretores-da-prf-por-impedirem-deslocamento-de-eleitores\\\/#mainImage\"},\"datePublished\":\"2025-01-23T08:13:28-03:00\",\"dateModified\":\"2025-01-23T08:13:28-03:00\"},{\"@type\":\"WebSite\",\"@id\":\"https:\\\/\\\/serrafm879.com.br\\\/serrafm\\\/#website\",\"url\":\"https:\\\/\\\/serrafm879.com.br\\\/serrafm\\\/\",\"name\":\"Serra FM 87,9\",\"description\":\"O seu novo amor!\",\"inLanguage\":\"pt-BR\",\"publisher\":{\"@id\":\"https:\\\/\\\/serrafm879.com.br\\\/serrafm\\\/#organization\"}}]}\n\t\t<\/script>\n\t\t<!-- All in One SEO -->\n\n","aioseo_head_json":{"title":"PF indicia ex-diretores da PRF por impedirem deslocamento de eleitores - Serra FM 87,9","description":"A Pol\u00edcia Federal indiciou quatro ex-chefes da Pol\u00edcia Rodovi\u00e1ria Federal no bojo do inqu\u00e9rito sobre o uso da m\u00e1quina p\u00fablica para influenciar as elei\u00e7\u00f5es presidenciais de 2022 por meio de blitze para impedir o deslocamento de eleitores no segundo turno do pleito. l\u00e9m dos ex-diretores, um ex-coordenador de Intelig\u00eancia e Contra intelig\u00eancia da corpora\u00e7\u00e3o foi","canonical_url":"https:\/\/serrafm879.com.br\/serrafm\/2025\/01\/pf-indicia-ex-diretores-da-prf-por-impedirem-deslocamento-de-eleitores\/","robots":"max-image-preview:large","keywords":"","webmasterTools":{"miscellaneous":""},"schema":{"@context":"https:\/\/schema.org","@graph":[{"@type":"BlogPosting","@id":"https:\/\/serrafm879.com.br\/serrafm\/2025\/01\/pf-indicia-ex-diretores-da-prf-por-impedirem-deslocamento-de-eleitores\/#blogposting","name":"PF indicia ex-diretores da PRF por impedirem deslocamento de eleitores - Serra FM 87,9","headline":"PF indicia ex-diretores da PRF por impedirem deslocamento de eleitores","author":{"@id":"https:\/\/serrafm879.com.br\/serrafm\/author\/serrafm87\/#author"},"publisher":{"@id":"https:\/\/serrafm879.com.br\/serrafm\/#organization"},"image":{"@type":"ImageObject","url":"https:\/\/serrafm879.com.br\/serrafm\/wp-content\/uploads\/2025\/01\/prf.jpeg","width":768,"height":534},"datePublished":"2025-01-23T08:13:28-03:00","dateModified":"2025-01-23T08:13:28-03:00","inLanguage":"pt-BR","mainEntityOfPage":{"@id":"https:\/\/serrafm879.com.br\/serrafm\/2025\/01\/pf-indicia-ex-diretores-da-prf-por-impedirem-deslocamento-de-eleitores\/#webpage"},"isPartOf":{"@id":"https:\/\/serrafm879.com.br\/serrafm\/2025\/01\/pf-indicia-ex-diretores-da-prf-por-impedirem-deslocamento-de-eleitores\/#webpage"},"articleSection":"Brasil"},{"@type":"BreadcrumbList","@id":"https:\/\/serrafm879.com.br\/serrafm\/2025\/01\/pf-indicia-ex-diretores-da-prf-por-impedirem-deslocamento-de-eleitores\/#breadcrumblist","itemListElement":[{"@type":"ListItem","@id":"https:\/\/serrafm879.com.br\/serrafm#listItem","position":1,"name":"Home","item":"https:\/\/serrafm879.com.br\/serrafm","nextItem":{"@type":"ListItem","@id":"https:\/\/serrafm879.com.br\/serrafm\/categoria\/brasil\/#listItem","name":"Brasil"}},{"@type":"ListItem","@id":"https:\/\/serrafm879.com.br\/serrafm\/categoria\/brasil\/#listItem","position":2,"name":"Brasil","item":"https:\/\/serrafm879.com.br\/serrafm\/categoria\/brasil\/","nextItem":{"@type":"ListItem","@id":"https:\/\/serrafm879.com.br\/serrafm\/2025\/01\/pf-indicia-ex-diretores-da-prf-por-impedirem-deslocamento-de-eleitores\/#listItem","name":"PF indicia ex-diretores da PRF por impedirem deslocamento de eleitores"},"previousItem":{"@type":"ListItem","@id":"https:\/\/serrafm879.com.br\/serrafm#listItem","name":"Home"}},{"@type":"ListItem","@id":"https:\/\/serrafm879.com.br\/serrafm\/2025\/01\/pf-indicia-ex-diretores-da-prf-por-impedirem-deslocamento-de-eleitores\/#listItem","position":3,"name":"PF indicia ex-diretores da PRF por impedirem deslocamento de eleitores","previousItem":{"@type":"ListItem","@id":"https:\/\/serrafm879.com.br\/serrafm\/categoria\/brasil\/#listItem","name":"Brasil"}}]},{"@type":"Organization","@id":"https:\/\/serrafm879.com.br\/serrafm\/#organization","name":"Serra FM 87,9","description":"O seu novo amor!","url":"https:\/\/serrafm879.com.br\/serrafm\/"},{"@type":"Person","@id":"https:\/\/serrafm879.com.br\/serrafm\/author\/serrafm87\/#author","url":"https:\/\/serrafm879.com.br\/serrafm\/author\/serrafm87\/","name":"serrafm87","image":{"@type":"ImageObject","@id":"https:\/\/serrafm879.com.br\/serrafm\/2025\/01\/pf-indicia-ex-diretores-da-prf-por-impedirem-deslocamento-de-eleitores\/#authorImage","url":"https:\/\/secure.gravatar.com\/avatar\/a743233f1112d34f48bb3dc9559b76eb930bab8b27175856cba6362608736235?s=96&d=mm&r=g","width":96,"height":96,"caption":"serrafm87"}},{"@type":"WebPage","@id":"https:\/\/serrafm879.com.br\/serrafm\/2025\/01\/pf-indicia-ex-diretores-da-prf-por-impedirem-deslocamento-de-eleitores\/#webpage","url":"https:\/\/serrafm879.com.br\/serrafm\/2025\/01\/pf-indicia-ex-diretores-da-prf-por-impedirem-deslocamento-de-eleitores\/","name":"PF indicia ex-diretores da PRF por impedirem deslocamento de eleitores - Serra FM 87,9","description":"A Pol\u00edcia Federal indiciou quatro ex-chefes da Pol\u00edcia Rodovi\u00e1ria Federal no bojo do inqu\u00e9rito sobre o uso da m\u00e1quina p\u00fablica para influenciar as elei\u00e7\u00f5es presidenciais de 2022 por meio de blitze para impedir o deslocamento de eleitores no segundo turno do pleito. l\u00e9m dos ex-diretores, um ex-coordenador de Intelig\u00eancia e Contra intelig\u00eancia da corpora\u00e7\u00e3o foi","inLanguage":"pt-BR","isPartOf":{"@id":"https:\/\/serrafm879.com.br\/serrafm\/#website"},"breadcrumb":{"@id":"https:\/\/serrafm879.com.br\/serrafm\/2025\/01\/pf-indicia-ex-diretores-da-prf-por-impedirem-deslocamento-de-eleitores\/#breadcrumblist"},"author":{"@id":"https:\/\/serrafm879.com.br\/serrafm\/author\/serrafm87\/#author"},"creator":{"@id":"https:\/\/serrafm879.com.br\/serrafm\/author\/serrafm87\/#author"},"image":{"@type":"ImageObject","url":"https:\/\/serrafm879.com.br\/serrafm\/wp-content\/uploads\/2025\/01\/prf.jpeg","@id":"https:\/\/serrafm879.com.br\/serrafm\/2025\/01\/pf-indicia-ex-diretores-da-prf-por-impedirem-deslocamento-de-eleitores\/#mainImage","width":768,"height":534},"primaryImageOfPage":{"@id":"https:\/\/serrafm879.com.br\/serrafm\/2025\/01\/pf-indicia-ex-diretores-da-prf-por-impedirem-deslocamento-de-eleitores\/#mainImage"},"datePublished":"2025-01-23T08:13:28-03:00","dateModified":"2025-01-23T08:13:28-03:00"},{"@type":"WebSite","@id":"https:\/\/serrafm879.com.br\/serrafm\/#website","url":"https:\/\/serrafm879.com.br\/serrafm\/","name":"Serra FM 87,9","description":"O seu novo amor!","inLanguage":"pt-BR","publisher":{"@id":"https:\/\/serrafm879.com.br\/serrafm\/#organization"}}]},"twitter:card":"summary_large_image","twitter:title":"PF indicia ex-diretores da PRF por impedirem deslocamento de eleitores - Serra FM 87,9","twitter:description":"A Pol\u00edcia Federal indiciou quatro ex-chefes da Pol\u00edcia Rodovi\u00e1ria Federal no bojo do inqu\u00e9rito sobre o uso da m\u00e1quina p\u00fablica para influenciar as elei\u00e7\u00f5es presidenciais de 2022 por meio de blitze para impedir o deslocamento de eleitores no segundo turno do pleito. l\u00e9m dos ex-diretores, um ex-coordenador de Intelig\u00eancia e Contra intelig\u00eancia da corpora\u00e7\u00e3o foi","twitter:image":"https:\/\/serrafm879.com.br\/serrafm\/wp-content\/uploads\/2025\/01\/prf.jpeg"},"aioseo_meta_data":{"post_id":"20035","title":null,"description":null,"keywords":null,"keyphrases":null,"primary_term":null,"canonical_url":null,"og_title":null,"og_description":null,"og_object_type":"default","og_image_type":"default","og_image_custom_url":null,"og_image_custom_fields":null,"og_image_url":null,"og_image_width":null,"og_image_height":null,"og_video":null,"og_custom_url":null,"og_article_section":null,"og_article_tags":null,"twitter_use_og":false,"twitter_card":"default","twitter_image_type":"default","twitter_image_custom_url":null,"twitter_image_custom_fields":null,"twitter_image_url":null,"twitter_title":null,"twitter_description":null,"schema_type":"default","schema_type_options":null,"schema":{"blockGraphs":[],"customGraphs":[],"default":{"data":{"Article":[],"Course":[],"Dataset":[],"FAQPage":[],"Movie":[],"Person":[],"Product":[],"ProductReview":[],"Car":[],"Recipe":[],"Service":[],"SoftwareApplication":[],"WebPage":[]},"graphName":"","isEnabled":true},"graphs":[]},"pillar_content":false,"robots_default":true,"robots_noindex":false,"robots_noarchive":false,"robots_nosnippet":false,"robots_nofollow":false,"robots_noimageindex":false,"robots_noodp":false,"robots_notranslate":false,"robots_max_snippet":null,"robots_max_videopreview":null,"robots_max_imagepreview":"large","priority":null,"frequency":null,"local_seo":null,"limit_modified_date":false,"ai":null,"breadcrumb_settings":null,"seo_analyzer_scan_date":null,"created":"2026-07-21 13:16:33","updated":"2026-07-21 13:16:33"},"aioseo_breadcrumb":"<div class=\"aioseo-breadcrumbs\"><span class=\"aioseo-breadcrumb\">\n\t\t\t<a href=\"https:\/\/serrafm879.com.br\/serrafm\" title=\"Home\">Home<\/a>\n\t\t<\/span><span class=\"aioseo-breadcrumb-separator\">&raquo;<\/span><span class=\"aioseo-breadcrumb\">\n\t\t\t<a href=\"https:\/\/serrafm879.com.br\/serrafm\/categoria\/brasil\/\" title=\"Brasil\">Brasil<\/a>\n\t\t<\/span><span class=\"aioseo-breadcrumb-separator\">&raquo;<\/span><span class=\"aioseo-breadcrumb\">\n\t\t\tPF indicia ex-diretores da PRF por impedirem deslocamento de eleitores\n\t\t<\/span><\/div>","aioseo_breadcrumb_json":[{"label":"Home","link":"https:\/\/serrafm879.com.br\/serrafm"},{"label":"Brasil","link":"https:\/\/serrafm879.com.br\/serrafm\/categoria\/brasil\/"},{"label":"PF indicia ex-diretores da PRF por impedirem deslocamento de eleitores","link":"https:\/\/serrafm879.com.br\/serrafm\/2025\/01\/pf-indicia-ex-diretores-da-prf-por-impedirem-deslocamento-de-eleitores\/"}],"jetpack_publicize_connections":[],"jetpack_featured_media_url":"https:\/\/serrafm879.com.br\/serrafm\/wp-content\/uploads\/2025\/01\/prf.jpeg","jetpack_shortlink":"https:\/\/wp.me\/p7HyXg-5d9","jetpack_sharing_enabled":true,"_links":{"self":[{"href":"https:\/\/serrafm879.com.br\/serrafm\/wp-json\/wp\/v2\/posts\/20035","targetHints":{"allow":["GET"]}}],"collection":[{"href":"https:\/\/serrafm879.com.br\/serrafm\/wp-json\/wp\/v2\/posts"}],"about":[{"href":"https:\/\/serrafm879.com.br\/serrafm\/wp-json\/wp\/v2\/types\/post"}],"author":[{"embeddable":true,"href":"https:\/\/serrafm879.com.br\/serrafm\/wp-json\/wp\/v2\/users\/2"}],"replies":[{"embeddable":true,"href":"https:\/\/serrafm879.com.br\/serrafm\/wp-json\/wp\/v2\/comments?post=20035"}],"version-history":[{"count":1,"href":"https:\/\/serrafm879.com.br\/serrafm\/wp-json\/wp\/v2\/posts\/20035\/revisions"}],"predecessor-version":[{"id":20037,"href":"https:\/\/serrafm879.com.br\/serrafm\/wp-json\/wp\/v2\/posts\/20035\/revisions\/20037"}],"wp:featuredmedia":[{"embeddable":true,"href":"https:\/\/serrafm879.com.br\/serrafm\/wp-json\/wp\/v2\/media\/19798"}],"wp:attachment":[{"href":"https:\/\/serrafm879.com.br\/serrafm\/wp-json\/wp\/v2\/media?parent=20035"}],"wp:term":[{"taxonomy":"category","embeddable":true,"href":"https:\/\/serrafm879.com.br\/serrafm\/wp-json\/wp\/v2\/categories?post=20035"},{"taxonomy":"post_tag","embeddable":true,"href":"https:\/\/serrafm879.com.br\/serrafm\/wp-json\/wp\/v2\/tags?post=20035"}],"curies":[{"name":"wp","href":"https:\/\/api.w.org\/{rel}","templated":true}]}}