{"id":20036,"date":"2025-01-23T08:21:41","date_gmt":"2025-01-23T11:21:41","guid":{"rendered":"https:\/?p=20036"},"modified":"2025-01-23T08:21:41","modified_gmt":"2025-01-23T11:21:41","slug":"tcu-suspende-r-6-bilhoes-do-pe-de-meia-mec-nega-irregularidades","status":"publish","type":"post","link":"https:\/\/serrafm879.com.br\/serrafm\/2025\/01\/tcu-suspende-r-6-bilhoes-do-pe-de-meia-mec-nega-irregularidades\/","title":{"rendered":"TCU suspende R$ 6 bilh\u00f5es do P\u00e9 de Meia; MEC nega irregularidades"},"content":{"rendered":"<p>Em sess\u00e3o plen\u00e1ria nesta quarta-feira (22), o Tribunal de Contas da Uni\u00e3o (TCU) manteve\u00a0decis\u00e3o cautelar do ministro Augusto Nardes que suspende a execu\u00e7\u00e3o de R$ 6 bilh\u00f5es do programa de apoio educacional\u00a0<a href=\"https:\/\/agenciabrasil.ebc.com.br\/educacao\/noticia\/2024-09\/pe-de-meia-entenda-como-frequencia-do-aluno-influencia-o-pagamento\" target=\"_blank\" rel=\"noopener\">P\u00e9 de Meia<\/a>.\u00a0Cerca de 3,9 milh\u00f5es de estudantes de baixa renda matriculados em escolas p\u00fablicas de ensino m\u00e9dio de todo o pa\u00eds recebem o apoio financeiro. A decis\u00e3o foi tomada por unanimidade, mas cabe recurso.\u00a0<img decoding=\"async\" src=\"https:\/\/agenciabrasil.ebc.com.br\/ebc.png?id=1627569&amp;o=node\" \/><img decoding=\"async\" src=\"https:\/\/agenciabrasil.ebc.com.br\/ebc.gif?id=1627569&amp;o=node\" \/><\/p>\n<p>Com investimento anual em torno de\u00a0R$ 12,5 bilh\u00f5es, o\u00a0P\u00e9 de Meia\u00a0paga uma mesada de R$ 200 por aluno durante o ano letivo, al\u00e9m de uma poupan\u00e7a anual de R$ 1 mil\u00a0a quem for aprovado, mas que s\u00f3 pode ser sacada ao final da conclus\u00e3o do ensino m\u00e9dio.\u00a0Ao todo, cada aluno pode receber at\u00e9 R$ 9,2 mil ao final dos tr\u00eas anos desta etapa de ensino.\u00a0Institu\u00eddo pela Lei 14.818\/2024, o programa foi criado para estimular a perman\u00eancia de estudantes pobres na escola, j\u00e1 que o\u00a0Brasil enfrenta graves problemas de evas\u00e3o escolar h\u00e1 d\u00e9cadas.<\/p>\n<p>Na \u00faltima sexta-feira (19), Nardes j\u00e1 havia concedido uma decis\u00e3o provis\u00f3ria para suspender os pagamentos, diante de uma a\u00e7\u00e3o proposta pelo subprocurador-geral Lucas Rocha Furtado, do Minist\u00e9rio P\u00fablico junto ao TCU (MPTCU), que alegou que os valores utilizados para o cr\u00e9dito do programa estavam fora do Or\u00e7amento.\u00a0O alerta foi mantido pela \u00e1rea t\u00e9cnica do tribunal.<\/p>\n<p>Procurado pela reportagem, o Minist\u00e9rio da Educa\u00e7\u00e3o (MEC), respons\u00e1vel pelo programa,\u00a0informou que vai &#8220;complementar os esclarecimentos tempestivamente&#8221;, assim que a pasta for notificada da decis\u00e3o. O \u00f3rg\u00e3o tamb\u00e9m alegou que &#8220;todos os aportes feitos para o programa P\u00e9 de Meia foram aprovados pelo Congresso Nacional e cumpriram as normas or\u00e7ament\u00e1rias vigentes&#8221;.<\/p>\n<p>J\u00e1 a Advocacia Geral da Uni\u00e3o (AGU)\u00a0informou em nota ter recorrido da decis\u00e3o, alegando\u00a0n\u00e3o haver &#8220;qualquer ilegalidade&#8221; na transfer\u00eancia de recursos entre fundos e que o bloqueio cautelar e repentino de mais de R$ 6 bilh\u00f5es &#8220;causar\u00e1 transtornos irrepar\u00e1veis ao programa e aos estudantes&#8221;.<\/p>\n<p>&#8220;Caso a decis\u00e3o do TCU n\u00e3o seja revertida, a AGU pede que seus efeitos ocorram somente em 2026 e, que, nesse caso, seja concedido um prazo de 120 dias para que o governo federal apresente um plano para cumprimento da decis\u00e3o sem preju\u00edzo da continuidade do programa&#8221;, diz o \u00f3rg\u00e3o.<\/p>\n<h2>Financiamento<\/h2>\n<p>O financiamento do programa P\u00e9 de Meia\u00a0se d\u00e1 por meio de recursos do Fundo de Incentivo \u00e0 Perman\u00eancia no Ensino M\u00e9dio (Fipem), de natureza privada, mas que \u00e9 integralizado por aplica\u00e7\u00f5es e aportes financeiros da pr\u00f3pria Uni\u00e3o, e administrado pela Caixa Econ\u00f4mica Federal. A lei permite que a governo federal transfira recursos ao fundo para que o programa seja operacionalizado, mas, de acordo com a conclus\u00e3o do ministro, o fluxo de pagamentos n\u00e3o estaria passando pelo Or\u00e7amento Geral da Uni\u00e3o e, por isso, Nardes determinou \u00e0 Caixa o bloqueio de R$ 6 bilh\u00f5es da conta.<\/p>\n<p>J\u00e1 o MEC\u00a0fica proibido de utilizar recursos oriundos do Fundo de Garantia de Opera\u00e7\u00f5es de Cr\u00e9dito Educativo (Fgeduc) e do Fundo Garantidor de Opera\u00e7\u00f5es (FGO) sem que previamente tais recursos sejam recolhidos \u00e0 Conta \u00danica do Tesouro Nacional e inclu\u00eddos na lei or\u00e7ament\u00e1ria do exerc\u00edcio em que se pretenda realizar a integraliza\u00e7\u00e3o de cotas do Fipem.<\/p>\n<p>&#8220;Na instru\u00e7\u00e3o inicial, a Unidade de Auditoria Especializada em Or\u00e7amento, Tributa\u00e7\u00e3o e Gest\u00e3o Fiscal (AudFiscal) apontou a utiliza\u00e7\u00e3o de valores do Fgeduc e do FGO para a \u00a0integraliza\u00e7\u00e3o de cotas do Fipem sem o necess\u00e1rio tr\u00e2nsito pela CUTN [Conta \u00danica do Tesouro Nacional] e pelo OGU [Or\u00e7amento Geral da Uni\u00e3o] e, dessa forma, \u00e0 margem das regras or\u00e7ament\u00e1rias e fiscais vigentes, como, por exemplo, o limite de despesas prim\u00e1rias institu\u00eddo pelo Regime Fiscal Sustent\u00e1vel (ou Novo Arcabou\u00e7o Fiscal) e dispositivos da Lei de \u00a0Responsabilidade Fiscal (arts. 9\u00ba e 26) e Regra de Ouro (art. 167, inciso III, da Constitui\u00e7\u00e3o Federal)&#8221;, diz um trecho do ac\u00f3rd\u00e3o que manteve o bloqueio do programa. O tribunal ainda analisar\u00e1 o m\u00e9rito do caso, sobre eventuais descumprimentos de regras or\u00e7ament\u00e1rias, e aguarda novas manifesta\u00e7\u00f5es.<\/p>\n<p>&nbsp;<\/p>\n<p>Fonte: Ag\u00eancia Brasil<\/p>\n","protected":false},"excerpt":{"rendered":"<p>Em sess\u00e3o plen\u00e1ria nesta quarta-feira (22), o Tribunal de Contas da Uni\u00e3o (TCU) manteve\u00a0decis\u00e3o cautelar do ministro Augusto Nardes que suspende a execu\u00e7\u00e3o de R$ 6 bilh\u00f5es do programa de apoio educacional\u00a0P\u00e9 de Meia.\u00a0Cerca de 3,9 milh\u00f5es de estudantes de baixa renda matriculados em escolas p\u00fablicas de ensino m\u00e9dio de todo o pa\u00eds recebem o apoio financeiro. A decis\u00e3o foi tomada por unanimidade, mas cabe recurso.\u00a0 Com investimento anual em torno de\u00a0R$ 12,5 bilh\u00f5es, o\u00a0P\u00e9 de Meia\u00a0paga uma mesada de R$ 200 por aluno durante o ano letivo, al\u00e9m de uma poupan\u00e7a anual de R$ 1 mil\u00a0a quem for aprovado, [&hellip;]<\/p>\n","protected":false},"author":2,"featured_media":20038,"comment_status":"open","ping_status":"open","sticky":false,"template":"","format":"standard","meta":{"_jetpack_newsletter_access":"","_jetpack_dont_email_post_to_subs":false,"_jetpack_newsletter_tier_id":0,"_jetpack_memberships_contains_paywalled_content":false,"_jetpack_feature_clip_id":0,"_jetpack_memberships_contains_paid_content":false,"footnotes":"","jetpack_publicize_message":"","jetpack_publicize_feature_enabled":true,"jetpack_social_post_already_shared":true,"jetpack_social_options":{"image_generator_settings":{"template":"highway","default_image_id":0,"font":"","enabled":false},"version":2},"jetpack_post_was_ever_published":false},"categories":[2],"tags":[],"class_list":["post-20036","post","type-post","status-publish","format-standard","has-post-thumbnail","hentry","category-noticias"],"aioseo_notices":[],"aioseo_head":"\n\t\t<!-- All in One SEO 4.9.10 - aioseo.com -->\n\t<meta name=\"description\" content=\"Em sess\u00e3o plen\u00e1ria nesta quarta-feira (22), o Tribunal de Contas da Uni\u00e3o (TCU) manteve decis\u00e3o cautelar do ministro Augusto Nardes que suspende a execu\u00e7\u00e3o de R$ 6 bilh\u00f5es do programa de apoio educacional P\u00e9 de Meia. Cerca de 3,9 milh\u00f5es de estudantes de baixa renda matriculados em escolas p\u00fablicas de ensino m\u00e9dio de todo o pa\u00eds recebem o\" \/>\n\t<meta name=\"robots\" content=\"max-image-preview:large\" \/>\n\t<meta name=\"author\" content=\"serrafm87\"\/>\n\t<link rel=\"canonical\" href=\"https:\/\/serrafm879.com.br\/serrafm\/2025\/01\/tcu-suspende-r-6-bilhoes-do-pe-de-meia-mec-nega-irregularidades\/\" \/>\n\t<meta name=\"generator\" content=\"All in One SEO (AIOSEO) 4.9.10\" \/>\n\t\t<meta name=\"twitter:card\" content=\"summary_large_image\" \/>\n\t\t<meta name=\"twitter:title\" content=\"TCU suspende R$ 6 bilh\u00f5es do P\u00e9 de Meia; MEC nega irregularidades - Serra FM 87,9\" \/>\n\t\t<meta name=\"twitter:description\" content=\"Em sess\u00e3o plen\u00e1ria nesta quarta-feira (22), o Tribunal de Contas da Uni\u00e3o (TCU) manteve decis\u00e3o cautelar do ministro Augusto Nardes que suspende a execu\u00e7\u00e3o de R$ 6 bilh\u00f5es do programa de apoio educacional P\u00e9 de Meia. Cerca de 3,9 milh\u00f5es de estudantes de baixa renda matriculados em escolas p\u00fablicas de ensino m\u00e9dio de todo o pa\u00eds recebem o\" \/>\n\t\t<meta name=\"twitter:image\" content=\"https:\/\/serrafm879.com.br\/serrafm\/wp-content\/uploads\/2025\/01\/download-1-2.jpg\" \/>\n\t\t<script type=\"application\/ld+json\" class=\"aioseo-schema\">\n\t\t\t{\"@context\":\"https:\\\/\\\/schema.org\",\"@graph\":[{\"@type\":\"BlogPosting\",\"@id\":\"https:\\\/\\\/serrafm879.com.br\\\/serrafm\\\/2025\\\/01\\\/tcu-suspende-r-6-bilhoes-do-pe-de-meia-mec-nega-irregularidades\\\/#blogposting\",\"name\":\"TCU suspende R$ 6 bilh\\u00f5es do P\\u00e9 de Meia; MEC nega irregularidades - Serra FM 87,9\",\"headline\":\"TCU suspende R$ 6 bilh\\u00f5es do P\\u00e9 de Meia; MEC nega irregularidades\",\"author\":{\"@id\":\"https:\\\/\\\/serrafm879.com.br\\\/serrafm\\\/author\\\/serrafm87\\\/#author\"},\"publisher\":{\"@id\":\"https:\\\/\\\/serrafm879.com.br\\\/serrafm\\\/#organization\"},\"image\":{\"@type\":\"ImageObject\",\"url\":\"https:\\\/\\\/serrafm879.com.br\\\/serrafm\\\/wp-content\\\/uploads\\\/2025\\\/01\\\/download-1-2.jpg\",\"width\":275,\"height\":183},\"datePublished\":\"2025-01-23T08:21:41-03:00\",\"dateModified\":\"2025-01-23T08:21:41-03:00\",\"inLanguage\":\"pt-BR\",\"mainEntityOfPage\":{\"@id\":\"https:\\\/\\\/serrafm879.com.br\\\/serrafm\\\/2025\\\/01\\\/tcu-suspende-r-6-bilhoes-do-pe-de-meia-mec-nega-irregularidades\\\/#webpage\"},\"isPartOf\":{\"@id\":\"https:\\\/\\\/serrafm879.com.br\\\/serrafm\\\/2025\\\/01\\\/tcu-suspende-r-6-bilhoes-do-pe-de-meia-mec-nega-irregularidades\\\/#webpage\"},\"articleSection\":\"Not\\u00edcias\"},{\"@type\":\"BreadcrumbList\",\"@id\":\"https:\\\/\\\/serrafm879.com.br\\\/serrafm\\\/2025\\\/01\\\/tcu-suspende-r-6-bilhoes-do-pe-de-meia-mec-nega-irregularidades\\\/#breadcrumblist\",\"itemListElement\":[{\"@type\":\"ListItem\",\"@id\":\"https:\\\/\\\/serrafm879.com.br\\\/serrafm#listItem\",\"position\":1,\"name\":\"Home\",\"item\":\"https:\\\/\\\/serrafm879.com.br\\\/serrafm\",\"nextItem\":{\"@type\":\"ListItem\",\"@id\":\"https:\\\/\\\/serrafm879.com.br\\\/serrafm\\\/categoria\\\/noticias\\\/#listItem\",\"name\":\"Not\\u00edcias\"}},{\"@type\":\"ListItem\",\"@id\":\"https:\\\/\\\/serrafm879.com.br\\\/serrafm\\\/categoria\\\/noticias\\\/#listItem\",\"position\":2,\"name\":\"Not\\u00edcias\",\"item\":\"https:\\\/\\\/serrafm879.com.br\\\/serrafm\\\/categoria\\\/noticias\\\/\",\"nextItem\":{\"@type\":\"ListItem\",\"@id\":\"https:\\\/\\\/serrafm879.com.br\\\/serrafm\\\/2025\\\/01\\\/tcu-suspende-r-6-bilhoes-do-pe-de-meia-mec-nega-irregularidades\\\/#listItem\",\"name\":\"TCU suspende R$ 6 bilh\\u00f5es do P\\u00e9 de Meia; MEC nega irregularidades\"},\"previousItem\":{\"@type\":\"ListItem\",\"@id\":\"https:\\\/\\\/serrafm879.com.br\\\/serrafm#listItem\",\"name\":\"Home\"}},{\"@type\":\"ListItem\",\"@id\":\"https:\\\/\\\/serrafm879.com.br\\\/serrafm\\\/2025\\\/01\\\/tcu-suspende-r-6-bilhoes-do-pe-de-meia-mec-nega-irregularidades\\\/#listItem\",\"position\":3,\"name\":\"TCU suspende R$ 6 bilh\\u00f5es do P\\u00e9 de Meia; MEC nega irregularidades\",\"previousItem\":{\"@type\":\"ListItem\",\"@id\":\"https:\\\/\\\/serrafm879.com.br\\\/serrafm\\\/categoria\\\/noticias\\\/#listItem\",\"name\":\"Not\\u00edcias\"}}]},{\"@type\":\"Organization\",\"@id\":\"https:\\\/\\\/serrafm879.com.br\\\/serrafm\\\/#organization\",\"name\":\"Serra FM 87,9\",\"description\":\"O seu novo amor!\",\"url\":\"https:\\\/\\\/serrafm879.com.br\\\/serrafm\\\/\"},{\"@type\":\"Person\",\"@id\":\"https:\\\/\\\/serrafm879.com.br\\\/serrafm\\\/author\\\/serrafm87\\\/#author\",\"url\":\"https:\\\/\\\/serrafm879.com.br\\\/serrafm\\\/author\\\/serrafm87\\\/\",\"name\":\"serrafm87\",\"image\":{\"@type\":\"ImageObject\",\"@id\":\"https:\\\/\\\/serrafm879.com.br\\\/serrafm\\\/2025\\\/01\\\/tcu-suspende-r-6-bilhoes-do-pe-de-meia-mec-nega-irregularidades\\\/#authorImage\",\"url\":\"https:\\\/\\\/secure.gravatar.com\\\/avatar\\\/a743233f1112d34f48bb3dc9559b76eb930bab8b27175856cba6362608736235?s=96&d=mm&r=g\",\"width\":96,\"height\":96,\"caption\":\"serrafm87\"}},{\"@type\":\"WebPage\",\"@id\":\"https:\\\/\\\/serrafm879.com.br\\\/serrafm\\\/2025\\\/01\\\/tcu-suspende-r-6-bilhoes-do-pe-de-meia-mec-nega-irregularidades\\\/#webpage\",\"url\":\"https:\\\/\\\/serrafm879.com.br\\\/serrafm\\\/2025\\\/01\\\/tcu-suspende-r-6-bilhoes-do-pe-de-meia-mec-nega-irregularidades\\\/\",\"name\":\"TCU suspende R$ 6 bilh\\u00f5es do P\\u00e9 de Meia; MEC nega irregularidades - Serra FM 87,9\",\"description\":\"Em sess\\u00e3o plen\\u00e1ria nesta quarta-feira (22), o Tribunal de Contas da Uni\\u00e3o (TCU) manteve decis\\u00e3o cautelar do ministro Augusto Nardes que suspende a execu\\u00e7\\u00e3o de R$ 6 bilh\\u00f5es do programa de apoio educacional P\\u00e9 de Meia. Cerca de 3,9 milh\\u00f5es de estudantes de baixa renda matriculados em escolas p\\u00fablicas de ensino m\\u00e9dio de todo o pa\\u00eds recebem o\",\"inLanguage\":\"pt-BR\",\"isPartOf\":{\"@id\":\"https:\\\/\\\/serrafm879.com.br\\\/serrafm\\\/#website\"},\"breadcrumb\":{\"@id\":\"https:\\\/\\\/serrafm879.com.br\\\/serrafm\\\/2025\\\/01\\\/tcu-suspende-r-6-bilhoes-do-pe-de-meia-mec-nega-irregularidades\\\/#breadcrumblist\"},\"author\":{\"@id\":\"https:\\\/\\\/serrafm879.com.br\\\/serrafm\\\/author\\\/serrafm87\\\/#author\"},\"creator\":{\"@id\":\"https:\\\/\\\/serrafm879.com.br\\\/serrafm\\\/author\\\/serrafm87\\\/#author\"},\"image\":{\"@type\":\"ImageObject\",\"url\":\"https:\\\/\\\/serrafm879.com.br\\\/serrafm\\\/wp-content\\\/uploads\\\/2025\\\/01\\\/download-1-2.jpg\",\"@id\":\"https:\\\/\\\/serrafm879.com.br\\\/serrafm\\\/2025\\\/01\\\/tcu-suspende-r-6-bilhoes-do-pe-de-meia-mec-nega-irregularidades\\\/#mainImage\",\"width\":275,\"height\":183},\"primaryImageOfPage\":{\"@id\":\"https:\\\/\\\/serrafm879.com.br\\\/serrafm\\\/2025\\\/01\\\/tcu-suspende-r-6-bilhoes-do-pe-de-meia-mec-nega-irregularidades\\\/#mainImage\"},\"datePublished\":\"2025-01-23T08:21:41-03:00\",\"dateModified\":\"2025-01-23T08:21:41-03:00\"},{\"@type\":\"WebSite\",\"@id\":\"https:\\\/\\\/serrafm879.com.br\\\/serrafm\\\/#website\",\"url\":\"https:\\\/\\\/serrafm879.com.br\\\/serrafm\\\/\",\"name\":\"Serra FM 87,9\",\"description\":\"O seu novo amor!\",\"inLanguage\":\"pt-BR\",\"publisher\":{\"@id\":\"https:\\\/\\\/serrafm879.com.br\\\/serrafm\\\/#organization\"}}]}\n\t\t<\/script>\n\t\t<!-- All in One SEO -->\n\n","aioseo_head_json":{"title":"TCU suspende R$ 6 bilh\u00f5es do P\u00e9 de Meia; MEC nega irregularidades - Serra FM 87,9","description":"Em sess\u00e3o plen\u00e1ria nesta quarta-feira (22), o Tribunal de Contas da Uni\u00e3o (TCU) manteve decis\u00e3o cautelar do ministro Augusto Nardes que suspende a execu\u00e7\u00e3o de R$ 6 bilh\u00f5es do programa de apoio educacional P\u00e9 de Meia. Cerca de 3,9 milh\u00f5es de estudantes de baixa renda matriculados em escolas p\u00fablicas de ensino m\u00e9dio de todo o pa\u00eds recebem o","canonical_url":"https:\/\/serrafm879.com.br\/serrafm\/2025\/01\/tcu-suspende-r-6-bilhoes-do-pe-de-meia-mec-nega-irregularidades\/","robots":"max-image-preview:large","keywords":"","webmasterTools":{"miscellaneous":""},"schema":{"@context":"https:\/\/schema.org","@graph":[{"@type":"BlogPosting","@id":"https:\/\/serrafm879.com.br\/serrafm\/2025\/01\/tcu-suspende-r-6-bilhoes-do-pe-de-meia-mec-nega-irregularidades\/#blogposting","name":"TCU suspende R$ 6 bilh\u00f5es do P\u00e9 de Meia; MEC nega irregularidades - Serra FM 87,9","headline":"TCU suspende R$ 6 bilh\u00f5es do P\u00e9 de Meia; MEC nega irregularidades","author":{"@id":"https:\/\/serrafm879.com.br\/serrafm\/author\/serrafm87\/#author"},"publisher":{"@id":"https:\/\/serrafm879.com.br\/serrafm\/#organization"},"image":{"@type":"ImageObject","url":"https:\/\/serrafm879.com.br\/serrafm\/wp-content\/uploads\/2025\/01\/download-1-2.jpg","width":275,"height":183},"datePublished":"2025-01-23T08:21:41-03:00","dateModified":"2025-01-23T08:21:41-03:00","inLanguage":"pt-BR","mainEntityOfPage":{"@id":"https:\/\/serrafm879.com.br\/serrafm\/2025\/01\/tcu-suspende-r-6-bilhoes-do-pe-de-meia-mec-nega-irregularidades\/#webpage"},"isPartOf":{"@id":"https:\/\/serrafm879.com.br\/serrafm\/2025\/01\/tcu-suspende-r-6-bilhoes-do-pe-de-meia-mec-nega-irregularidades\/#webpage"},"articleSection":"Not\u00edcias"},{"@type":"BreadcrumbList","@id":"https:\/\/serrafm879.com.br\/serrafm\/2025\/01\/tcu-suspende-r-6-bilhoes-do-pe-de-meia-mec-nega-irregularidades\/#breadcrumblist","itemListElement":[{"@type":"ListItem","@id":"https:\/\/serrafm879.com.br\/serrafm#listItem","position":1,"name":"Home","item":"https:\/\/serrafm879.com.br\/serrafm","nextItem":{"@type":"ListItem","@id":"https:\/\/serrafm879.com.br\/serrafm\/categoria\/noticias\/#listItem","name":"Not\u00edcias"}},{"@type":"ListItem","@id":"https:\/\/serrafm879.com.br\/serrafm\/categoria\/noticias\/#listItem","position":2,"name":"Not\u00edcias","item":"https:\/\/serrafm879.com.br\/serrafm\/categoria\/noticias\/","nextItem":{"@type":"ListItem","@id":"https:\/\/serrafm879.com.br\/serrafm\/2025\/01\/tcu-suspende-r-6-bilhoes-do-pe-de-meia-mec-nega-irregularidades\/#listItem","name":"TCU suspende R$ 6 bilh\u00f5es do P\u00e9 de Meia; MEC nega irregularidades"},"previousItem":{"@type":"ListItem","@id":"https:\/\/serrafm879.com.br\/serrafm#listItem","name":"Home"}},{"@type":"ListItem","@id":"https:\/\/serrafm879.com.br\/serrafm\/2025\/01\/tcu-suspende-r-6-bilhoes-do-pe-de-meia-mec-nega-irregularidades\/#listItem","position":3,"name":"TCU suspende R$ 6 bilh\u00f5es do P\u00e9 de Meia; MEC nega irregularidades","previousItem":{"@type":"ListItem","@id":"https:\/\/serrafm879.com.br\/serrafm\/categoria\/noticias\/#listItem","name":"Not\u00edcias"}}]},{"@type":"Organization","@id":"https:\/\/serrafm879.com.br\/serrafm\/#organization","name":"Serra FM 87,9","description":"O seu novo amor!","url":"https:\/\/serrafm879.com.br\/serrafm\/"},{"@type":"Person","@id":"https:\/\/serrafm879.com.br\/serrafm\/author\/serrafm87\/#author","url":"https:\/\/serrafm879.com.br\/serrafm\/author\/serrafm87\/","name":"serrafm87","image":{"@type":"ImageObject","@id":"https:\/\/serrafm879.com.br\/serrafm\/2025\/01\/tcu-suspende-r-6-bilhoes-do-pe-de-meia-mec-nega-irregularidades\/#authorImage","url":"https:\/\/secure.gravatar.com\/avatar\/a743233f1112d34f48bb3dc9559b76eb930bab8b27175856cba6362608736235?s=96&d=mm&r=g","width":96,"height":96,"caption":"serrafm87"}},{"@type":"WebPage","@id":"https:\/\/serrafm879.com.br\/serrafm\/2025\/01\/tcu-suspende-r-6-bilhoes-do-pe-de-meia-mec-nega-irregularidades\/#webpage","url":"https:\/\/serrafm879.com.br\/serrafm\/2025\/01\/tcu-suspende-r-6-bilhoes-do-pe-de-meia-mec-nega-irregularidades\/","name":"TCU suspende R$ 6 bilh\u00f5es do P\u00e9 de Meia; MEC nega irregularidades - Serra FM 87,9","description":"Em sess\u00e3o plen\u00e1ria nesta quarta-feira (22), o Tribunal de Contas da Uni\u00e3o (TCU) manteve decis\u00e3o cautelar do ministro Augusto Nardes que suspende a execu\u00e7\u00e3o de R$ 6 bilh\u00f5es do programa de apoio educacional P\u00e9 de Meia. Cerca de 3,9 milh\u00f5es de estudantes de baixa renda matriculados em escolas p\u00fablicas de ensino m\u00e9dio de todo o pa\u00eds recebem o","inLanguage":"pt-BR","isPartOf":{"@id":"https:\/\/serrafm879.com.br\/serrafm\/#website"},"breadcrumb":{"@id":"https:\/\/serrafm879.com.br\/serrafm\/2025\/01\/tcu-suspende-r-6-bilhoes-do-pe-de-meia-mec-nega-irregularidades\/#breadcrumblist"},"author":{"@id":"https:\/\/serrafm879.com.br\/serrafm\/author\/serrafm87\/#author"},"creator":{"@id":"https:\/\/serrafm879.com.br\/serrafm\/author\/serrafm87\/#author"},"image":{"@type":"ImageObject","url":"https:\/\/serrafm879.com.br\/serrafm\/wp-content\/uploads\/2025\/01\/download-1-2.jpg","@id":"https:\/\/serrafm879.com.br\/serrafm\/2025\/01\/tcu-suspende-r-6-bilhoes-do-pe-de-meia-mec-nega-irregularidades\/#mainImage","width":275,"height":183},"primaryImageOfPage":{"@id":"https:\/\/serrafm879.com.br\/serrafm\/2025\/01\/tcu-suspende-r-6-bilhoes-do-pe-de-meia-mec-nega-irregularidades\/#mainImage"},"datePublished":"2025-01-23T08:21:41-03:00","dateModified":"2025-01-23T08:21:41-03:00"},{"@type":"WebSite","@id":"https:\/\/serrafm879.com.br\/serrafm\/#website","url":"https:\/\/serrafm879.com.br\/serrafm\/","name":"Serra FM 87,9","description":"O seu novo amor!","inLanguage":"pt-BR","publisher":{"@id":"https:\/\/serrafm879.com.br\/serrafm\/#organization"}}]},"twitter:card":"summary_large_image","twitter:title":"TCU suspende R$ 6 bilh\u00f5es do P\u00e9 de Meia; MEC nega irregularidades - Serra FM 87,9","twitter:description":"Em sess\u00e3o plen\u00e1ria nesta quarta-feira (22), o Tribunal de Contas da Uni\u00e3o (TCU) manteve decis\u00e3o cautelar do ministro Augusto Nardes que suspende a execu\u00e7\u00e3o de R$ 6 bilh\u00f5es do programa de apoio educacional P\u00e9 de Meia. Cerca de 3,9 milh\u00f5es de estudantes de baixa renda matriculados em escolas p\u00fablicas de ensino m\u00e9dio de todo o pa\u00eds recebem o","twitter:image":"https:\/\/serrafm879.com.br\/serrafm\/wp-content\/uploads\/2025\/01\/download-1-2.jpg"},"aioseo_meta_data":{"post_id":"20036","title":null,"description":null,"keywords":null,"keyphrases":null,"primary_term":null,"canonical_url":null,"og_title":null,"og_description":null,"og_object_type":"default","og_image_type":"default","og_image_custom_url":null,"og_image_custom_fields":null,"og_image_url":null,"og_image_width":null,"og_image_height":null,"og_video":null,"og_custom_url":null,"og_article_section":null,"og_article_tags":null,"twitter_use_og":false,"twitter_card":"default","twitter_image_type":"default","twitter_image_custom_url":null,"twitter_image_custom_fields":null,"twitter_image_url":null,"twitter_title":null,"twitter_description":null,"schema_type":"default","schema_type_options":null,"schema":{"blockGraphs":[],"customGraphs":[],"default":{"data":{"Article":[],"Course":[],"Dataset":[],"FAQPage":[],"Movie":[],"Person":[],"Product":[],"ProductReview":[],"Car":[],"Recipe":[],"Service":[],"SoftwareApplication":[],"WebPage":[]},"graphName":"","isEnabled":true},"graphs":[]},"pillar_content":false,"robots_default":true,"robots_noindex":false,"robots_noarchive":false,"robots_nosnippet":false,"robots_nofollow":false,"robots_noimageindex":false,"robots_noodp":false,"robots_notranslate":false,"robots_max_snippet":null,"robots_max_videopreview":null,"robots_max_imagepreview":"large","priority":null,"frequency":null,"local_seo":null,"limit_modified_date":false,"ai":null,"breadcrumb_settings":null,"seo_analyzer_scan_date":null,"created":"2026-07-21 13:16:33","updated":"2026-07-21 13:16:33"},"aioseo_breadcrumb":"<div class=\"aioseo-breadcrumbs\"><span class=\"aioseo-breadcrumb\">\n\t\t\t<a href=\"https:\/\/serrafm879.com.br\/serrafm\" title=\"Home\">Home<\/a>\n\t\t<\/span><span class=\"aioseo-breadcrumb-separator\">&raquo;<\/span><span class=\"aioseo-breadcrumb\">\n\t\t\t<a href=\"https:\/\/serrafm879.com.br\/serrafm\/categoria\/noticias\/\" title=\"Not\u00edcias\">Not\u00edcias<\/a>\n\t\t<\/span><span class=\"aioseo-breadcrumb-separator\">&raquo;<\/span><span class=\"aioseo-breadcrumb\">\n\t\t\tTCU suspende R$ 6 bilh\u00f5es do P\u00e9 de Meia; MEC nega irregularidades\n\t\t<\/span><\/div>","aioseo_breadcrumb_json":[{"label":"Home","link":"https:\/\/serrafm879.com.br\/serrafm"},{"label":"Not\u00edcias","link":"https:\/\/serrafm879.com.br\/serrafm\/categoria\/noticias\/"},{"label":"TCU suspende R$ 6 bilh\u00f5es do P\u00e9 de Meia; MEC nega irregularidades","link":"https:\/\/serrafm879.com.br\/serrafm\/2025\/01\/tcu-suspende-r-6-bilhoes-do-pe-de-meia-mec-nega-irregularidades\/"}],"jetpack_publicize_connections":[],"jetpack_featured_media_url":"https:\/\/serrafm879.com.br\/serrafm\/wp-content\/uploads\/2025\/01\/download-1-2.jpg","jetpack_shortlink":"https:\/\/wp.me\/p7HyXg-5da","jetpack_sharing_enabled":true,"_links":{"self":[{"href":"https:\/\/serrafm879.com.br\/serrafm\/wp-json\/wp\/v2\/posts\/20036","targetHints":{"allow":["GET"]}}],"collection":[{"href":"https:\/\/serrafm879.com.br\/serrafm\/wp-json\/wp\/v2\/posts"}],"about":[{"href":"https:\/\/serrafm879.com.br\/serrafm\/wp-json\/wp\/v2\/types\/post"}],"author":[{"embeddable":true,"href":"https:\/\/serrafm879.com.br\/serrafm\/wp-json\/wp\/v2\/users\/2"}],"replies":[{"embeddable":true,"href":"https:\/\/serrafm879.com.br\/serrafm\/wp-json\/wp\/v2\/comments?post=20036"}],"version-history":[{"count":1,"href":"https:\/\/serrafm879.com.br\/serrafm\/wp-json\/wp\/v2\/posts\/20036\/revisions"}],"predecessor-version":[{"id":20039,"href":"https:\/\/serrafm879.com.br\/serrafm\/wp-json\/wp\/v2\/posts\/20036\/revisions\/20039"}],"wp:featuredmedia":[{"embeddable":true,"href":"https:\/\/serrafm879.com.br\/serrafm\/wp-json\/wp\/v2\/media\/20038"}],"wp:attachment":[{"href":"https:\/\/serrafm879.com.br\/serrafm\/wp-json\/wp\/v2\/media?parent=20036"}],"wp:term":[{"taxonomy":"category","embeddable":true,"href":"https:\/\/serrafm879.com.br\/serrafm\/wp-json\/wp\/v2\/categories?post=20036"},{"taxonomy":"post_tag","embeddable":true,"href":"https:\/\/serrafm879.com.br\/serrafm\/wp-json\/wp\/v2\/tags?post=20036"}],"curies":[{"name":"wp","href":"https:\/\/api.w.org\/{rel}","templated":true}]}}