{"id":20041,"date":"2025-01-23T08:45:47","date_gmt":"2025-01-23T11:45:47","guid":{"rendered":"https:\/?p=20041"},"modified":"2025-01-23T08:45:47","modified_gmt":"2025-01-23T11:45:47","slug":"nova-gestao-transforma-s-cruz-da-baixa-verde-em-modelo-de-limpeza-e-organizacao","status":"publish","type":"post","link":"https:\/\/serrafm879.com.br\/serrafm\/2025\/01\/nova-gestao-transforma-s-cruz-da-baixa-verde-em-modelo-de-limpeza-e-organizacao\/","title":{"rendered":"Nova gest\u00e3o transforma S. Cruz da Baixa Verde em modelo de limpeza e organiza\u00e7\u00e3o"},"content":{"rendered":"<p>Da Assessoria<\/p>\n<p>Quando a nova gest\u00e3o assumiu a\u00a0<a href=\"https:\/\/faroldenoticias.com.br\/categoria\/pernambuco\/\">Prefeitura de Santa Cruz da Baixa Verde<\/a>\u00a0encontrou uma cidade tomada pelo lixo. Ruas, pra\u00e7as e bairros inteiros conviviam com ac\u00famulo de res\u00edduos, trazendo n\u00e3o apenas desconforto, mas tamb\u00e9m riscos \u00e0 sa\u00fade da popula\u00e7\u00e3o. O cen\u00e1rio era preocupante e exigia a\u00e7\u00f5es r\u00e1pidas e eficazes.<\/p>\n<p>Foi diante dessa realidade que o prefeito Dr. Ismael deu in\u00edcio ao seu mandato com uma das medidas mais urgentes e simb\u00f3licas: a limpeza e organiza\u00e7\u00e3o da cidade. Um dos seus primeiros atos administrativo foi mobilizar equipes de limpeza, equipamentos e recursos para devolver \u00e0 popula\u00e7\u00e3o uma cidade limpa e digna de se viver.<\/p>\n<p>A a\u00e7\u00e3o envolveu mutir\u00f5es que percorreram todas as \u00e1reas de Santa Cruz da Baixa Verde. Caminh\u00f5es coletores, tratores e uma equipe comprometida trabalharam incansavelmente para retirar toneladas de lixo e entulho que comprometiam o bem-estar dos moradores.<\/p>\n<p>\u201cEncontramos uma cidade em situa\u00e7\u00e3o cr\u00edtica, mas isso n\u00e3o nos desanimou. Sab\u00edamos que precis\u00e1vamos agir de forma r\u00e1pida para devolver a Santa Cruz da Baixa Verde o orgulho e a beleza que ela merece\u201d, afirmou Dr. Ismael.<\/p>\n<p>Hoje, apenas alguns dias ap\u00f3s esse intenso trabalho, Santa Cruz da Baixa Verde apresenta um novo rosto. As ruas est\u00e3o limpas, os espa\u00e7os p\u00fablicos organizados, e a popula\u00e7\u00e3o voltou a se sentir acolhida em uma cidade que reflete zelo e cuidado.<\/p>\n<p>&nbsp;<\/p>\n","protected":false},"excerpt":{"rendered":"<p>Da Assessoria Quando a nova gest\u00e3o assumiu a\u00a0Prefeitura de Santa Cruz da Baixa Verde\u00a0encontrou uma cidade tomada pelo lixo. Ruas, pra\u00e7as e bairros inteiros conviviam com ac\u00famulo de res\u00edduos, trazendo n\u00e3o apenas desconforto, mas tamb\u00e9m riscos \u00e0 sa\u00fade da popula\u00e7\u00e3o. O cen\u00e1rio era preocupante e exigia a\u00e7\u00f5es r\u00e1pidas e eficazes. Foi diante dessa realidade que o prefeito Dr. Ismael deu in\u00edcio ao seu mandato com uma das medidas mais urgentes e simb\u00f3licas: a limpeza e organiza\u00e7\u00e3o da cidade. Um dos seus primeiros atos administrativo foi mobilizar equipes de limpeza, equipamentos e recursos para devolver \u00e0 popula\u00e7\u00e3o uma cidade limpa e [&hellip;]<\/p>\n","protected":false},"author":2,"featured_media":20044,"comment_status":"open","ping_status":"open","sticky":false,"template":"","format":"standard","meta":{"_jetpack_newsletter_access":"","_jetpack_dont_email_post_to_subs":false,"_jetpack_newsletter_tier_id":0,"_jetpack_memberships_contains_paywalled_content":false,"_jetpack_feature_clip_id":0,"_jetpack_memberships_contains_paid_content":false,"footnotes":"","jetpack_publicize_message":"","jetpack_publicize_feature_enabled":true,"jetpack_social_post_already_shared":true,"jetpack_social_options":{"image_generator_settings":{"template":"highway","default_image_id":0,"font":"","enabled":false},"version":2},"jetpack_post_was_ever_published":false},"categories":[1],"tags":[],"class_list":["post-20041","post","type-post","status-publish","format-standard","has-post-thumbnail","hentry","category-uncategorized"],"aioseo_notices":[],"aioseo_head":"\n\t\t<!-- All in One SEO 4.9.10 - aioseo.com -->\n\t<meta name=\"description\" content=\"Da Assessoria Quando a nova gest\u00e3o assumiu a Prefeitura de Santa Cruz da Baixa Verde encontrou uma cidade tomada pelo lixo. Ruas, pra\u00e7as e bairros inteiros conviviam com ac\u00famulo de res\u00edduos, trazendo n\u00e3o apenas desconforto, mas tamb\u00e9m riscos \u00e0 sa\u00fade da popula\u00e7\u00e3o. O cen\u00e1rio era preocupante e exigia a\u00e7\u00f5es r\u00e1pidas e eficazes. Foi diante dessa realidade que\" \/>\n\t<meta name=\"robots\" content=\"max-image-preview:large\" \/>\n\t<meta name=\"author\" content=\"serrafm87\"\/>\n\t<link rel=\"canonical\" href=\"https:\/\/serrafm879.com.br\/serrafm\/2025\/01\/nova-gestao-transforma-s-cruz-da-baixa-verde-em-modelo-de-limpeza-e-organizacao\/\" \/>\n\t<meta name=\"generator\" content=\"All in One SEO (AIOSEO) 4.9.10\" \/>\n\t\t<meta name=\"twitter:card\" content=\"summary_large_image\" \/>\n\t\t<meta name=\"twitter:title\" content=\"Nova gest\u00e3o transforma S. Cruz da Baixa Verde em modelo de limpeza e organiza\u00e7\u00e3o - Serra FM 87,9\" \/>\n\t\t<meta name=\"twitter:description\" content=\"Da Assessoria Quando a nova gest\u00e3o assumiu a Prefeitura de Santa Cruz da Baixa Verde encontrou uma cidade tomada pelo lixo. Ruas, pra\u00e7as e bairros inteiros conviviam com ac\u00famulo de res\u00edduos, trazendo n\u00e3o apenas desconforto, mas tamb\u00e9m riscos \u00e0 sa\u00fade da popula\u00e7\u00e3o. O cen\u00e1rio era preocupante e exigia a\u00e7\u00f5es r\u00e1pidas e eficazes. Foi diante dessa realidade que\" \/>\n\t\t<meta name=\"twitter:image\" content=\"https:\/\/serrafm879.com.br\/serrafm\/wp-content\/uploads\/2025\/01\/Captura-de-tela-2025-01-23-084336.png\" \/>\n\t\t<script type=\"application\/ld+json\" class=\"aioseo-schema\">\n\t\t\t{\"@context\":\"https:\\\/\\\/schema.org\",\"@graph\":[{\"@type\":\"BlogPosting\",\"@id\":\"https:\\\/\\\/serrafm879.com.br\\\/serrafm\\\/2025\\\/01\\\/nova-gestao-transforma-s-cruz-da-baixa-verde-em-modelo-de-limpeza-e-organizacao\\\/#blogposting\",\"name\":\"Nova gest\\u00e3o transforma S. Cruz da Baixa Verde em modelo de limpeza e organiza\\u00e7\\u00e3o - Serra FM 87,9\",\"headline\":\"Nova gest\\u00e3o transforma S. Cruz da Baixa Verde em modelo de limpeza e organiza\\u00e7\\u00e3o\",\"author\":{\"@id\":\"https:\\\/\\\/serrafm879.com.br\\\/serrafm\\\/author\\\/serrafm87\\\/#author\"},\"publisher\":{\"@id\":\"https:\\\/\\\/serrafm879.com.br\\\/serrafm\\\/#organization\"},\"image\":{\"@type\":\"ImageObject\",\"url\":\"https:\\\/\\\/serrafm879.com.br\\\/serrafm\\\/wp-content\\\/uploads\\\/2025\\\/01\\\/Captura-de-tela-2025-01-23-084336.png\",\"width\":565,\"height\":435},\"datePublished\":\"2025-01-23T08:45:47-03:00\",\"dateModified\":\"2025-01-23T08:45:47-03:00\",\"inLanguage\":\"pt-BR\",\"mainEntityOfPage\":{\"@id\":\"https:\\\/\\\/serrafm879.com.br\\\/serrafm\\\/2025\\\/01\\\/nova-gestao-transforma-s-cruz-da-baixa-verde-em-modelo-de-limpeza-e-organizacao\\\/#webpage\"},\"isPartOf\":{\"@id\":\"https:\\\/\\\/serrafm879.com.br\\\/serrafm\\\/2025\\\/01\\\/nova-gestao-transforma-s-cruz-da-baixa-verde-em-modelo-de-limpeza-e-organizacao\\\/#webpage\"},\"articleSection\":\"Uncategorized\"},{\"@type\":\"BreadcrumbList\",\"@id\":\"https:\\\/\\\/serrafm879.com.br\\\/serrafm\\\/2025\\\/01\\\/nova-gestao-transforma-s-cruz-da-baixa-verde-em-modelo-de-limpeza-e-organizacao\\\/#breadcrumblist\",\"itemListElement\":[{\"@type\":\"ListItem\",\"@id\":\"https:\\\/\\\/serrafm879.com.br\\\/serrafm#listItem\",\"position\":1,\"name\":\"Home\",\"item\":\"https:\\\/\\\/serrafm879.com.br\\\/serrafm\",\"nextItem\":{\"@type\":\"ListItem\",\"@id\":\"https:\\\/\\\/serrafm879.com.br\\\/serrafm\\\/categoria\\\/uncategorized\\\/#listItem\",\"name\":\"Uncategorized\"}},{\"@type\":\"ListItem\",\"@id\":\"https:\\\/\\\/serrafm879.com.br\\\/serrafm\\\/categoria\\\/uncategorized\\\/#listItem\",\"position\":2,\"name\":\"Uncategorized\",\"item\":\"https:\\\/\\\/serrafm879.com.br\\\/serrafm\\\/categoria\\\/uncategorized\\\/\",\"nextItem\":{\"@type\":\"ListItem\",\"@id\":\"https:\\\/\\\/serrafm879.com.br\\\/serrafm\\\/2025\\\/01\\\/nova-gestao-transforma-s-cruz-da-baixa-verde-em-modelo-de-limpeza-e-organizacao\\\/#listItem\",\"name\":\"Nova gest\\u00e3o transforma S. Cruz da Baixa Verde em modelo de limpeza e organiza\\u00e7\\u00e3o\"},\"previousItem\":{\"@type\":\"ListItem\",\"@id\":\"https:\\\/\\\/serrafm879.com.br\\\/serrafm#listItem\",\"name\":\"Home\"}},{\"@type\":\"ListItem\",\"@id\":\"https:\\\/\\\/serrafm879.com.br\\\/serrafm\\\/2025\\\/01\\\/nova-gestao-transforma-s-cruz-da-baixa-verde-em-modelo-de-limpeza-e-organizacao\\\/#listItem\",\"position\":3,\"name\":\"Nova gest\\u00e3o transforma S. Cruz da Baixa Verde em modelo de limpeza e organiza\\u00e7\\u00e3o\",\"previousItem\":{\"@type\":\"ListItem\",\"@id\":\"https:\\\/\\\/serrafm879.com.br\\\/serrafm\\\/categoria\\\/uncategorized\\\/#listItem\",\"name\":\"Uncategorized\"}}]},{\"@type\":\"Organization\",\"@id\":\"https:\\\/\\\/serrafm879.com.br\\\/serrafm\\\/#organization\",\"name\":\"Serra FM 87,9\",\"description\":\"O seu novo amor!\",\"url\":\"https:\\\/\\\/serrafm879.com.br\\\/serrafm\\\/\"},{\"@type\":\"Person\",\"@id\":\"https:\\\/\\\/serrafm879.com.br\\\/serrafm\\\/author\\\/serrafm87\\\/#author\",\"url\":\"https:\\\/\\\/serrafm879.com.br\\\/serrafm\\\/author\\\/serrafm87\\\/\",\"name\":\"serrafm87\",\"image\":{\"@type\":\"ImageObject\",\"@id\":\"https:\\\/\\\/serrafm879.com.br\\\/serrafm\\\/2025\\\/01\\\/nova-gestao-transforma-s-cruz-da-baixa-verde-em-modelo-de-limpeza-e-organizacao\\\/#authorImage\",\"url\":\"https:\\\/\\\/secure.gravatar.com\\\/avatar\\\/a743233f1112d34f48bb3dc9559b76eb930bab8b27175856cba6362608736235?s=96&d=mm&r=g\",\"width\":96,\"height\":96,\"caption\":\"serrafm87\"}},{\"@type\":\"WebPage\",\"@id\":\"https:\\\/\\\/serrafm879.com.br\\\/serrafm\\\/2025\\\/01\\\/nova-gestao-transforma-s-cruz-da-baixa-verde-em-modelo-de-limpeza-e-organizacao\\\/#webpage\",\"url\":\"https:\\\/\\\/serrafm879.com.br\\\/serrafm\\\/2025\\\/01\\\/nova-gestao-transforma-s-cruz-da-baixa-verde-em-modelo-de-limpeza-e-organizacao\\\/\",\"name\":\"Nova gest\\u00e3o transforma S. Cruz da Baixa Verde em modelo de limpeza e organiza\\u00e7\\u00e3o - Serra FM 87,9\",\"description\":\"Da Assessoria Quando a nova gest\\u00e3o assumiu a Prefeitura de Santa Cruz da Baixa Verde encontrou uma cidade tomada pelo lixo. Ruas, pra\\u00e7as e bairros inteiros conviviam com ac\\u00famulo de res\\u00edduos, trazendo n\\u00e3o apenas desconforto, mas tamb\\u00e9m riscos \\u00e0 sa\\u00fade da popula\\u00e7\\u00e3o. O cen\\u00e1rio era preocupante e exigia a\\u00e7\\u00f5es r\\u00e1pidas e eficazes. Foi diante dessa realidade que\",\"inLanguage\":\"pt-BR\",\"isPartOf\":{\"@id\":\"https:\\\/\\\/serrafm879.com.br\\\/serrafm\\\/#website\"},\"breadcrumb\":{\"@id\":\"https:\\\/\\\/serrafm879.com.br\\\/serrafm\\\/2025\\\/01\\\/nova-gestao-transforma-s-cruz-da-baixa-verde-em-modelo-de-limpeza-e-organizacao\\\/#breadcrumblist\"},\"author\":{\"@id\":\"https:\\\/\\\/serrafm879.com.br\\\/serrafm\\\/author\\\/serrafm87\\\/#author\"},\"creator\":{\"@id\":\"https:\\\/\\\/serrafm879.com.br\\\/serrafm\\\/author\\\/serrafm87\\\/#author\"},\"image\":{\"@type\":\"ImageObject\",\"url\":\"https:\\\/\\\/serrafm879.com.br\\\/serrafm\\\/wp-content\\\/uploads\\\/2025\\\/01\\\/Captura-de-tela-2025-01-23-084336.png\",\"@id\":\"https:\\\/\\\/serrafm879.com.br\\\/serrafm\\\/2025\\\/01\\\/nova-gestao-transforma-s-cruz-da-baixa-verde-em-modelo-de-limpeza-e-organizacao\\\/#mainImage\",\"width\":565,\"height\":435},\"primaryImageOfPage\":{\"@id\":\"https:\\\/\\\/serrafm879.com.br\\\/serrafm\\\/2025\\\/01\\\/nova-gestao-transforma-s-cruz-da-baixa-verde-em-modelo-de-limpeza-e-organizacao\\\/#mainImage\"},\"datePublished\":\"2025-01-23T08:45:47-03:00\",\"dateModified\":\"2025-01-23T08:45:47-03:00\"},{\"@type\":\"WebSite\",\"@id\":\"https:\\\/\\\/serrafm879.com.br\\\/serrafm\\\/#website\",\"url\":\"https:\\\/\\\/serrafm879.com.br\\\/serrafm\\\/\",\"name\":\"Serra FM 87,9\",\"description\":\"O seu novo amor!\",\"inLanguage\":\"pt-BR\",\"publisher\":{\"@id\":\"https:\\\/\\\/serrafm879.com.br\\\/serrafm\\\/#organization\"}}]}\n\t\t<\/script>\n\t\t<!-- All in One SEO -->\n\n","aioseo_head_json":{"title":"Nova gest\u00e3o transforma S. Cruz da Baixa Verde em modelo de limpeza e organiza\u00e7\u00e3o - Serra FM 87,9","description":"Da Assessoria Quando a nova gest\u00e3o assumiu a Prefeitura de Santa Cruz da Baixa Verde encontrou uma cidade tomada pelo lixo. Ruas, pra\u00e7as e bairros inteiros conviviam com ac\u00famulo de res\u00edduos, trazendo n\u00e3o apenas desconforto, mas tamb\u00e9m riscos \u00e0 sa\u00fade da popula\u00e7\u00e3o. O cen\u00e1rio era preocupante e exigia a\u00e7\u00f5es r\u00e1pidas e eficazes. Foi diante dessa realidade que","canonical_url":"https:\/\/serrafm879.com.br\/serrafm\/2025\/01\/nova-gestao-transforma-s-cruz-da-baixa-verde-em-modelo-de-limpeza-e-organizacao\/","robots":"max-image-preview:large","keywords":"","webmasterTools":{"miscellaneous":""},"schema":{"@context":"https:\/\/schema.org","@graph":[{"@type":"BlogPosting","@id":"https:\/\/serrafm879.com.br\/serrafm\/2025\/01\/nova-gestao-transforma-s-cruz-da-baixa-verde-em-modelo-de-limpeza-e-organizacao\/#blogposting","name":"Nova gest\u00e3o transforma S. Cruz da Baixa Verde em modelo de limpeza e organiza\u00e7\u00e3o - Serra FM 87,9","headline":"Nova gest\u00e3o transforma S. Cruz da Baixa Verde em modelo de limpeza e organiza\u00e7\u00e3o","author":{"@id":"https:\/\/serrafm879.com.br\/serrafm\/author\/serrafm87\/#author"},"publisher":{"@id":"https:\/\/serrafm879.com.br\/serrafm\/#organization"},"image":{"@type":"ImageObject","url":"https:\/\/serrafm879.com.br\/serrafm\/wp-content\/uploads\/2025\/01\/Captura-de-tela-2025-01-23-084336.png","width":565,"height":435},"datePublished":"2025-01-23T08:45:47-03:00","dateModified":"2025-01-23T08:45:47-03:00","inLanguage":"pt-BR","mainEntityOfPage":{"@id":"https:\/\/serrafm879.com.br\/serrafm\/2025\/01\/nova-gestao-transforma-s-cruz-da-baixa-verde-em-modelo-de-limpeza-e-organizacao\/#webpage"},"isPartOf":{"@id":"https:\/\/serrafm879.com.br\/serrafm\/2025\/01\/nova-gestao-transforma-s-cruz-da-baixa-verde-em-modelo-de-limpeza-e-organizacao\/#webpage"},"articleSection":"Uncategorized"},{"@type":"BreadcrumbList","@id":"https:\/\/serrafm879.com.br\/serrafm\/2025\/01\/nova-gestao-transforma-s-cruz-da-baixa-verde-em-modelo-de-limpeza-e-organizacao\/#breadcrumblist","itemListElement":[{"@type":"ListItem","@id":"https:\/\/serrafm879.com.br\/serrafm#listItem","position":1,"name":"Home","item":"https:\/\/serrafm879.com.br\/serrafm","nextItem":{"@type":"ListItem","@id":"https:\/\/serrafm879.com.br\/serrafm\/categoria\/uncategorized\/#listItem","name":"Uncategorized"}},{"@type":"ListItem","@id":"https:\/\/serrafm879.com.br\/serrafm\/categoria\/uncategorized\/#listItem","position":2,"name":"Uncategorized","item":"https:\/\/serrafm879.com.br\/serrafm\/categoria\/uncategorized\/","nextItem":{"@type":"ListItem","@id":"https:\/\/serrafm879.com.br\/serrafm\/2025\/01\/nova-gestao-transforma-s-cruz-da-baixa-verde-em-modelo-de-limpeza-e-organizacao\/#listItem","name":"Nova gest\u00e3o transforma S. Cruz da Baixa Verde em modelo de limpeza e organiza\u00e7\u00e3o"},"previousItem":{"@type":"ListItem","@id":"https:\/\/serrafm879.com.br\/serrafm#listItem","name":"Home"}},{"@type":"ListItem","@id":"https:\/\/serrafm879.com.br\/serrafm\/2025\/01\/nova-gestao-transforma-s-cruz-da-baixa-verde-em-modelo-de-limpeza-e-organizacao\/#listItem","position":3,"name":"Nova gest\u00e3o transforma S. Cruz da Baixa Verde em modelo de limpeza e organiza\u00e7\u00e3o","previousItem":{"@type":"ListItem","@id":"https:\/\/serrafm879.com.br\/serrafm\/categoria\/uncategorized\/#listItem","name":"Uncategorized"}}]},{"@type":"Organization","@id":"https:\/\/serrafm879.com.br\/serrafm\/#organization","name":"Serra FM 87,9","description":"O seu novo amor!","url":"https:\/\/serrafm879.com.br\/serrafm\/"},{"@type":"Person","@id":"https:\/\/serrafm879.com.br\/serrafm\/author\/serrafm87\/#author","url":"https:\/\/serrafm879.com.br\/serrafm\/author\/serrafm87\/","name":"serrafm87","image":{"@type":"ImageObject","@id":"https:\/\/serrafm879.com.br\/serrafm\/2025\/01\/nova-gestao-transforma-s-cruz-da-baixa-verde-em-modelo-de-limpeza-e-organizacao\/#authorImage","url":"https:\/\/secure.gravatar.com\/avatar\/a743233f1112d34f48bb3dc9559b76eb930bab8b27175856cba6362608736235?s=96&d=mm&r=g","width":96,"height":96,"caption":"serrafm87"}},{"@type":"WebPage","@id":"https:\/\/serrafm879.com.br\/serrafm\/2025\/01\/nova-gestao-transforma-s-cruz-da-baixa-verde-em-modelo-de-limpeza-e-organizacao\/#webpage","url":"https:\/\/serrafm879.com.br\/serrafm\/2025\/01\/nova-gestao-transforma-s-cruz-da-baixa-verde-em-modelo-de-limpeza-e-organizacao\/","name":"Nova gest\u00e3o transforma S. Cruz da Baixa Verde em modelo de limpeza e organiza\u00e7\u00e3o - Serra FM 87,9","description":"Da Assessoria Quando a nova gest\u00e3o assumiu a Prefeitura de Santa Cruz da Baixa Verde encontrou uma cidade tomada pelo lixo. Ruas, pra\u00e7as e bairros inteiros conviviam com ac\u00famulo de res\u00edduos, trazendo n\u00e3o apenas desconforto, mas tamb\u00e9m riscos \u00e0 sa\u00fade da popula\u00e7\u00e3o. O cen\u00e1rio era preocupante e exigia a\u00e7\u00f5es r\u00e1pidas e eficazes. Foi diante dessa realidade que","inLanguage":"pt-BR","isPartOf":{"@id":"https:\/\/serrafm879.com.br\/serrafm\/#website"},"breadcrumb":{"@id":"https:\/\/serrafm879.com.br\/serrafm\/2025\/01\/nova-gestao-transforma-s-cruz-da-baixa-verde-em-modelo-de-limpeza-e-organizacao\/#breadcrumblist"},"author":{"@id":"https:\/\/serrafm879.com.br\/serrafm\/author\/serrafm87\/#author"},"creator":{"@id":"https:\/\/serrafm879.com.br\/serrafm\/author\/serrafm87\/#author"},"image":{"@type":"ImageObject","url":"https:\/\/serrafm879.com.br\/serrafm\/wp-content\/uploads\/2025\/01\/Captura-de-tela-2025-01-23-084336.png","@id":"https:\/\/serrafm879.com.br\/serrafm\/2025\/01\/nova-gestao-transforma-s-cruz-da-baixa-verde-em-modelo-de-limpeza-e-organizacao\/#mainImage","width":565,"height":435},"primaryImageOfPage":{"@id":"https:\/\/serrafm879.com.br\/serrafm\/2025\/01\/nova-gestao-transforma-s-cruz-da-baixa-verde-em-modelo-de-limpeza-e-organizacao\/#mainImage"},"datePublished":"2025-01-23T08:45:47-03:00","dateModified":"2025-01-23T08:45:47-03:00"},{"@type":"WebSite","@id":"https:\/\/serrafm879.com.br\/serrafm\/#website","url":"https:\/\/serrafm879.com.br\/serrafm\/","name":"Serra FM 87,9","description":"O seu novo amor!","inLanguage":"pt-BR","publisher":{"@id":"https:\/\/serrafm879.com.br\/serrafm\/#organization"}}]},"twitter:card":"summary_large_image","twitter:title":"Nova gest\u00e3o transforma S. Cruz da Baixa Verde em modelo de limpeza e organiza\u00e7\u00e3o - Serra FM 87,9","twitter:description":"Da Assessoria Quando a nova gest\u00e3o assumiu a Prefeitura de Santa Cruz da Baixa Verde encontrou uma cidade tomada pelo lixo. Ruas, pra\u00e7as e bairros inteiros conviviam com ac\u00famulo de res\u00edduos, trazendo n\u00e3o apenas desconforto, mas tamb\u00e9m riscos \u00e0 sa\u00fade da popula\u00e7\u00e3o. O cen\u00e1rio era preocupante e exigia a\u00e7\u00f5es r\u00e1pidas e eficazes. Foi diante dessa realidade que","twitter:image":"https:\/\/serrafm879.com.br\/serrafm\/wp-content\/uploads\/2025\/01\/Captura-de-tela-2025-01-23-084336.png"},"aioseo_meta_data":{"post_id":"20041","title":null,"description":null,"keywords":null,"keyphrases":null,"primary_term":null,"canonical_url":null,"og_title":null,"og_description":null,"og_object_type":"default","og_image_type":"default","og_image_custom_url":null,"og_image_custom_fields":null,"og_image_url":null,"og_image_width":null,"og_image_height":null,"og_video":null,"og_custom_url":null,"og_article_section":null,"og_article_tags":null,"twitter_use_og":false,"twitter_card":"default","twitter_image_type":"default","twitter_image_custom_url":null,"twitter_image_custom_fields":null,"twitter_image_url":null,"twitter_title":null,"twitter_description":null,"schema_type":"default","schema_type_options":null,"schema":{"blockGraphs":[],"customGraphs":[],"default":{"data":{"Article":[],"Course":[],"Dataset":[],"FAQPage":[],"Movie":[],"Person":[],"Product":[],"ProductReview":[],"Car":[],"Recipe":[],"Service":[],"SoftwareApplication":[],"WebPage":[]},"graphName":"","isEnabled":true},"graphs":[]},"pillar_content":false,"robots_default":true,"robots_noindex":false,"robots_noarchive":false,"robots_nosnippet":false,"robots_nofollow":false,"robots_noimageindex":false,"robots_noodp":false,"robots_notranslate":false,"robots_max_snippet":null,"robots_max_videopreview":null,"robots_max_imagepreview":"large","priority":null,"frequency":null,"local_seo":null,"limit_modified_date":false,"ai":null,"breadcrumb_settings":null,"seo_analyzer_scan_date":null,"created":"2026-07-21 13:16:33","updated":"2026-07-21 13:16:33"},"aioseo_breadcrumb":"<div class=\"aioseo-breadcrumbs\"><span class=\"aioseo-breadcrumb\">\n\t\t\t<a href=\"https:\/\/serrafm879.com.br\/serrafm\" title=\"Home\">Home<\/a>\n\t\t<\/span><span class=\"aioseo-breadcrumb-separator\">&raquo;<\/span><span class=\"aioseo-breadcrumb\">\n\t\t\t<a href=\"https:\/\/serrafm879.com.br\/serrafm\/categoria\/uncategorized\/\" title=\"Uncategorized\">Uncategorized<\/a>\n\t\t<\/span><span class=\"aioseo-breadcrumb-separator\">&raquo;<\/span><span class=\"aioseo-breadcrumb\">\n\t\t\tNova gest\u00e3o transforma S. Cruz da Baixa Verde em modelo de limpeza e organiza\u00e7\u00e3o\n\t\t<\/span><\/div>","aioseo_breadcrumb_json":[{"label":"Home","link":"https:\/\/serrafm879.com.br\/serrafm"},{"label":"Uncategorized","link":"https:\/\/serrafm879.com.br\/serrafm\/categoria\/uncategorized\/"},{"label":"Nova gest\u00e3o transforma S. Cruz da Baixa Verde em modelo de limpeza e organiza\u00e7\u00e3o","link":"https:\/\/serrafm879.com.br\/serrafm\/2025\/01\/nova-gestao-transforma-s-cruz-da-baixa-verde-em-modelo-de-limpeza-e-organizacao\/"}],"jetpack_publicize_connections":[],"jetpack_featured_media_url":"https:\/\/serrafm879.com.br\/serrafm\/wp-content\/uploads\/2025\/01\/Captura-de-tela-2025-01-23-084336.png","jetpack_shortlink":"https:\/\/wp.me\/p7HyXg-5df","jetpack_sharing_enabled":true,"_links":{"self":[{"href":"https:\/\/serrafm879.com.br\/serrafm\/wp-json\/wp\/v2\/posts\/20041","targetHints":{"allow":["GET"]}}],"collection":[{"href":"https:\/\/serrafm879.com.br\/serrafm\/wp-json\/wp\/v2\/posts"}],"about":[{"href":"https:\/\/serrafm879.com.br\/serrafm\/wp-json\/wp\/v2\/types\/post"}],"author":[{"embeddable":true,"href":"https:\/\/serrafm879.com.br\/serrafm\/wp-json\/wp\/v2\/users\/2"}],"replies":[{"embeddable":true,"href":"https:\/\/serrafm879.com.br\/serrafm\/wp-json\/wp\/v2\/comments?post=20041"}],"version-history":[{"count":1,"href":"https:\/\/serrafm879.com.br\/serrafm\/wp-json\/wp\/v2\/posts\/20041\/revisions"}],"predecessor-version":[{"id":20045,"href":"https:\/\/serrafm879.com.br\/serrafm\/wp-json\/wp\/v2\/posts\/20041\/revisions\/20045"}],"wp:featuredmedia":[{"embeddable":true,"href":"https:\/\/serrafm879.com.br\/serrafm\/wp-json\/wp\/v2\/media\/20044"}],"wp:attachment":[{"href":"https:\/\/serrafm879.com.br\/serrafm\/wp-json\/wp\/v2\/media?parent=20041"}],"wp:term":[{"taxonomy":"category","embeddable":true,"href":"https:\/\/serrafm879.com.br\/serrafm\/wp-json\/wp\/v2\/categories?post=20041"},{"taxonomy":"post_tag","embeddable":true,"href":"https:\/\/serrafm879.com.br\/serrafm\/wp-json\/wp\/v2\/tags?post=20041"}],"curies":[{"name":"wp","href":"https:\/\/api.w.org\/{rel}","templated":true}]}}