{"id":20046,"date":"2025-01-23T15:50:49","date_gmt":"2025-01-23T18:50:49","guid":{"rendered":"https:\/?p=20046"},"modified":"2025-01-23T16:02:04","modified_gmt":"2025-01-23T19:02:04","slug":"ipa-define-marco-como-prazo-maximo-para-finalizar-distribuicao-de-sementes-a-agricultoras-e-agricultores-familiares","status":"publish","type":"post","link":"https:\/\/serrafm879.com.br\/serrafm\/2025\/01\/ipa-define-marco-como-prazo-maximo-para-finalizar-distribuicao-de-sementes-a-agricultoras-e-agricultores-familiares\/","title":{"rendered":"IPA define mar\u00e7o como prazo m\u00e1ximo para finalizar distribui\u00e7\u00e3o de sementes a agricultoras e agricultores familiares"},"content":{"rendered":"<p>O esfor\u00e7o, dentro do Programa Terra Plantar, do Governo do Estado, \u00e9 para que todos, nas<br \/>\ndiversas regi\u00f5es, aproveitem a janela de plantio, com o per\u00edodo de chuvas, e reforcem a Safra<br \/>\nde 2024\/2025 de feij\u00e3o, milho e sorgo<br \/>\nO Instituto Agron\u00f4mico de Pernambuco (IPA) definiu o m\u00eas de mar\u00e7o como prazo m\u00e1ximo<br \/>\npara finalizar o ciclo de distribui\u00e7\u00e3o de sementes de feij\u00e3o, milho e sorgo aos agricultores e<br \/>\nagricultoras familiares do Agreste, Zona da Mata e Regi\u00e3o Metropolitana dentro do<br \/>\nPrograma Terra Plantar, do Governo do Estado. Isso garante o plantio dentro do per\u00edodo de<br \/>\nchuvas e, consequentemente, provocar\u00e1 impactos relevantes na safra 2024\/2025.<br \/>\nA informa\u00e7\u00e3o foi divulgada na quarta-feira (22), pela presidente do IPA, Ellen Vi\u00e9gas, em<br \/>\nArcoverde. \u00daltima cidade do Sert\u00e3o, onde foi dado o estarte, esta semana, da entrega dos<br \/>\ngr\u00e3os a centenas de produtores e produtoras.<br \/>\nAntes de Arcoverde, a presidente, acompanhada de todos os diretores do IPA, esteve nas<br \/>\nregionais de Petrolina, Araripina, Salgueiro, Serra Talhada e Afogados da Ingazeira para a<br \/>\nexecu\u00e7\u00e3o do Terra Plantar.<br \/>\nEllen Vi\u00e9gas faz um balan\u00e7o positivo deste primeiro ciclo de entregas. \u201cPercorremos mais de<br \/>\n1.600 quil\u00f4metros, em tr\u00eas dias, levando essas boas not\u00edcias. Depois de muito tempo, as<br \/>\nsementes est\u00e3o chegando na hora certa, dentro da janela de plantio, que \u00e9 quando as<br \/>\nchuvas chegam nas diversas regi\u00f5es. Estamos trabalhando, com toda nossa equipe do IPA,<br \/>\npara que, assim como ocorreu no Sert\u00e3o, o produtor e a produtora da Zona da Mata, do<br \/>\nAgreste e da Regi\u00e3o Metropolitana tamb\u00e9m recebam as sementes o mais r\u00e1pido poss\u00edvel\u201d.<\/p>\n<p>A presidente do IPA enfatizou que esse \u00e9 um compromisso important\u00edssimo da governadora<br \/>\nRaquel Lyra para fortalecer a agricultura familiar no estado, garantir mais renda para os<br \/>\nprodutores e seguran\u00e7a alimentar e comida de qualidade na mesa dos pernambucanos.<br \/>\n\u201cAl\u00e9m da entrega de sementes, este ano o Terra Plantar vai assegurar a ara\u00e7\u00e3o de terra e<br \/>\nisso vai ajudar muito os produtores familiares e impactar na Safra&amp;quot;, diz ela.<\/p>\n<p>ESPERAN\u00c7A<br \/>\nAgricultores e agricultoras comemoram o Terra Plantar e apostam na boa produtividade da<br \/>\nsafra 2024\/\/2025. S\u00f3 no Sert\u00e3o , est\u00e3o sendo entregues 520 toneladas de sementes, com<\/p>\n<p>investimentos de R$8,4 milh\u00f5es do Governo de Pernambuco. E muita gente j\u00e1 come\u00e7ou a<br \/>\nprodu\u00e7\u00e3o.<br \/>\nRonilva dos Santos, presidente da Comunidade de Encruzilhada, em Afogados da Ingazeira,\u00e9<br \/>\numa das beneficiadas e j\u00e1 faz planos. \u201cA chuva para n\u00f3s sertanejos \u00e9 uma grande alegria. E<br \/>\ncom ela chegaram as sementes no tempo certo. Tamb\u00e9m vamos ter ara\u00e7\u00e3o de terra, ent\u00e3o<br \/>\nnossa esperan\u00e7a \u00e9 de dias melhores. \u00c9 hora de colocar a semente debaixo da terra e isso \u00e9<br \/>\numa imensa conquista\u201d, disse ela .<br \/>\nJ\u00e1 Leidiana Maria , presidente da Associa\u00e7\u00e3o de Agricultores e Agricultoras do S\u00edtio<br \/>\nPitombeira, em Salgueiro, diz que essas a\u00e7\u00f5es do governo trazem esperan\u00e7a . \u201c \u00c9 a<br \/>\nesperan\u00e7a de que a gente possa ter mais facilidade na agricultura. Esse Terra Plantar veio<br \/>\ncomo uma luva . A esperan\u00e7a que a gente tinha de que as coisas melhorassem est\u00e1<br \/>\nacontecendo e se tornando realidade\u201d, festeja.<br \/>\nEm Araripina , quem tamb\u00e9m est\u00e1 muito empolgada \u00e9 Maria Luiza. \u201cA semente chegou no<br \/>\ntempo das chuvas para a gente colocar ele debaixo do ch\u00e3o. A gente espera uma safra muito<br \/>\nboa.<\/p>\n<p>&nbsp;<\/p>\n<p>Fonte: Assessoria IPA<\/p>\n","protected":false},"excerpt":{"rendered":"<p>O esfor\u00e7o, dentro do Programa Terra Plantar, do Governo do Estado, \u00e9 para que todos, nas diversas regi\u00f5es, aproveitem a janela de plantio, com o per\u00edodo de chuvas, e reforcem a Safra de 2024\/2025 de feij\u00e3o, milho e sorgo O Instituto Agron\u00f4mico de Pernambuco (IPA) definiu o m\u00eas de mar\u00e7o como prazo m\u00e1ximo para finalizar o ciclo de distribui\u00e7\u00e3o de sementes de feij\u00e3o, milho e sorgo aos agricultores e agricultoras familiares do Agreste, Zona da Mata e Regi\u00e3o Metropolitana dentro do Programa Terra Plantar, do Governo do Estado. Isso garante o plantio dentro do per\u00edodo de chuvas e, consequentemente, provocar\u00e1 [&hellip;]<\/p>\n","protected":false},"author":2,"featured_media":20051,"comment_status":"open","ping_status":"open","sticky":false,"template":"","format":"standard","meta":{"_jetpack_newsletter_access":"","_jetpack_dont_email_post_to_subs":false,"_jetpack_newsletter_tier_id":0,"_jetpack_memberships_contains_paywalled_content":false,"_jetpack_feature_clip_id":0,"_jetpack_memberships_contains_paid_content":false,"footnotes":"","jetpack_publicize_message":"","jetpack_publicize_feature_enabled":true,"jetpack_social_post_already_shared":true,"jetpack_social_options":{"image_generator_settings":{"template":"highway","default_image_id":0,"font":"","enabled":false},"version":2},"jetpack_post_was_ever_published":false},"categories":[1],"tags":[],"class_list":["post-20046","post","type-post","status-publish","format-standard","has-post-thumbnail","hentry","category-uncategorized"],"aioseo_notices":[],"aioseo_head":"\n\t\t<!-- All in One SEO 4.9.10 - aioseo.com -->\n\t<meta name=\"description\" content=\"O esfor\u00e7o, dentro do Programa Terra Plantar, do Governo do Estado, \u00e9 para que todos, nas diversas regi\u00f5es, aproveitem a janela de plantio, com o per\u00edodo de chuvas, e reforcem a Safra de 2024\/2025 de feij\u00e3o, milho e sorgo O Instituto Agron\u00f4mico de Pernambuco (IPA) definiu o m\u00eas de mar\u00e7o como prazo m\u00e1ximo para finalizar\" \/>\n\t<meta name=\"robots\" content=\"max-image-preview:large\" \/>\n\t<meta name=\"author\" content=\"serrafm87\"\/>\n\t<link rel=\"canonical\" href=\"https:\/\/serrafm879.com.br\/serrafm\/2025\/01\/ipa-define-marco-como-prazo-maximo-para-finalizar-distribuicao-de-sementes-a-agricultoras-e-agricultores-familiares\/\" \/>\n\t<meta name=\"generator\" content=\"All in One SEO (AIOSEO) 4.9.10\" \/>\n\t\t<meta name=\"twitter:card\" content=\"summary_large_image\" \/>\n\t\t<meta name=\"twitter:title\" content=\"IPA define mar\u00e7o como prazo m\u00e1ximo para finalizar distribui\u00e7\u00e3o de sementes a agricultoras e agricultores familiares - Serra FM 87,9\" \/>\n\t\t<meta name=\"twitter:description\" content=\"O esfor\u00e7o, dentro do Programa Terra Plantar, do Governo do Estado, \u00e9 para que todos, nas diversas regi\u00f5es, aproveitem a janela de plantio, com o per\u00edodo de chuvas, e reforcem a Safra de 2024\/2025 de feij\u00e3o, milho e sorgo O Instituto Agron\u00f4mico de Pernambuco (IPA) definiu o m\u00eas de mar\u00e7o como prazo m\u00e1ximo para finalizar\" \/>\n\t\t<meta name=\"twitter:image\" content=\"https:\/\/serrafm879.com.br\/serrafm\/wp-content\/uploads\/2025\/01\/Captura-de-Tela-2025-01-23-as-15.59.59.jpeg\" \/>\n\t\t<script type=\"application\/ld+json\" class=\"aioseo-schema\">\n\t\t\t{\"@context\":\"https:\\\/\\\/schema.org\",\"@graph\":[{\"@type\":\"BlogPosting\",\"@id\":\"https:\\\/\\\/serrafm879.com.br\\\/serrafm\\\/2025\\\/01\\\/ipa-define-marco-como-prazo-maximo-para-finalizar-distribuicao-de-sementes-a-agricultoras-e-agricultores-familiares\\\/#blogposting\",\"name\":\"IPA define mar\\u00e7o como prazo m\\u00e1ximo para finalizar distribui\\u00e7\\u00e3o de sementes a agricultoras e agricultores familiares - Serra FM 87,9\",\"headline\":\"IPA define mar\\u00e7o como prazo m\\u00e1ximo para finalizar distribui\\u00e7\\u00e3o de sementes a agricultoras e agricultores familiares\",\"author\":{\"@id\":\"https:\\\/\\\/serrafm879.com.br\\\/serrafm\\\/author\\\/serrafm87\\\/#author\"},\"publisher\":{\"@id\":\"https:\\\/\\\/serrafm879.com.br\\\/serrafm\\\/#organization\"},\"image\":{\"@type\":\"ImageObject\",\"url\":\"https:\\\/\\\/serrafm879.com.br\\\/serrafm\\\/wp-content\\\/uploads\\\/2025\\\/01\\\/Captura-de-Tela-2025-01-23-as-15.59.59.jpeg\",\"width\":1014,\"height\":1280},\"datePublished\":\"2025-01-23T15:50:49-03:00\",\"dateModified\":\"2025-01-23T16:02:04-03:00\",\"inLanguage\":\"pt-BR\",\"mainEntityOfPage\":{\"@id\":\"https:\\\/\\\/serrafm879.com.br\\\/serrafm\\\/2025\\\/01\\\/ipa-define-marco-como-prazo-maximo-para-finalizar-distribuicao-de-sementes-a-agricultoras-e-agricultores-familiares\\\/#webpage\"},\"isPartOf\":{\"@id\":\"https:\\\/\\\/serrafm879.com.br\\\/serrafm\\\/2025\\\/01\\\/ipa-define-marco-como-prazo-maximo-para-finalizar-distribuicao-de-sementes-a-agricultoras-e-agricultores-familiares\\\/#webpage\"},\"articleSection\":\"Uncategorized\"},{\"@type\":\"BreadcrumbList\",\"@id\":\"https:\\\/\\\/serrafm879.com.br\\\/serrafm\\\/2025\\\/01\\\/ipa-define-marco-como-prazo-maximo-para-finalizar-distribuicao-de-sementes-a-agricultoras-e-agricultores-familiares\\\/#breadcrumblist\",\"itemListElement\":[{\"@type\":\"ListItem\",\"@id\":\"https:\\\/\\\/serrafm879.com.br\\\/serrafm#listItem\",\"position\":1,\"name\":\"Home\",\"item\":\"https:\\\/\\\/serrafm879.com.br\\\/serrafm\",\"nextItem\":{\"@type\":\"ListItem\",\"@id\":\"https:\\\/\\\/serrafm879.com.br\\\/serrafm\\\/categoria\\\/uncategorized\\\/#listItem\",\"name\":\"Uncategorized\"}},{\"@type\":\"ListItem\",\"@id\":\"https:\\\/\\\/serrafm879.com.br\\\/serrafm\\\/categoria\\\/uncategorized\\\/#listItem\",\"position\":2,\"name\":\"Uncategorized\",\"item\":\"https:\\\/\\\/serrafm879.com.br\\\/serrafm\\\/categoria\\\/uncategorized\\\/\",\"nextItem\":{\"@type\":\"ListItem\",\"@id\":\"https:\\\/\\\/serrafm879.com.br\\\/serrafm\\\/2025\\\/01\\\/ipa-define-marco-como-prazo-maximo-para-finalizar-distribuicao-de-sementes-a-agricultoras-e-agricultores-familiares\\\/#listItem\",\"name\":\"IPA define mar\\u00e7o como prazo m\\u00e1ximo para finalizar distribui\\u00e7\\u00e3o de sementes a agricultoras e agricultores familiares\"},\"previousItem\":{\"@type\":\"ListItem\",\"@id\":\"https:\\\/\\\/serrafm879.com.br\\\/serrafm#listItem\",\"name\":\"Home\"}},{\"@type\":\"ListItem\",\"@id\":\"https:\\\/\\\/serrafm879.com.br\\\/serrafm\\\/2025\\\/01\\\/ipa-define-marco-como-prazo-maximo-para-finalizar-distribuicao-de-sementes-a-agricultoras-e-agricultores-familiares\\\/#listItem\",\"position\":3,\"name\":\"IPA define mar\\u00e7o como prazo m\\u00e1ximo para finalizar distribui\\u00e7\\u00e3o de sementes a agricultoras e agricultores familiares\",\"previousItem\":{\"@type\":\"ListItem\",\"@id\":\"https:\\\/\\\/serrafm879.com.br\\\/serrafm\\\/categoria\\\/uncategorized\\\/#listItem\",\"name\":\"Uncategorized\"}}]},{\"@type\":\"Organization\",\"@id\":\"https:\\\/\\\/serrafm879.com.br\\\/serrafm\\\/#organization\",\"name\":\"Serra FM 87,9\",\"description\":\"O seu novo amor!\",\"url\":\"https:\\\/\\\/serrafm879.com.br\\\/serrafm\\\/\"},{\"@type\":\"Person\",\"@id\":\"https:\\\/\\\/serrafm879.com.br\\\/serrafm\\\/author\\\/serrafm87\\\/#author\",\"url\":\"https:\\\/\\\/serrafm879.com.br\\\/serrafm\\\/author\\\/serrafm87\\\/\",\"name\":\"serrafm87\",\"image\":{\"@type\":\"ImageObject\",\"@id\":\"https:\\\/\\\/serrafm879.com.br\\\/serrafm\\\/2025\\\/01\\\/ipa-define-marco-como-prazo-maximo-para-finalizar-distribuicao-de-sementes-a-agricultoras-e-agricultores-familiares\\\/#authorImage\",\"url\":\"https:\\\/\\\/secure.gravatar.com\\\/avatar\\\/a743233f1112d34f48bb3dc9559b76eb930bab8b27175856cba6362608736235?s=96&d=mm&r=g\",\"width\":96,\"height\":96,\"caption\":\"serrafm87\"}},{\"@type\":\"WebPage\",\"@id\":\"https:\\\/\\\/serrafm879.com.br\\\/serrafm\\\/2025\\\/01\\\/ipa-define-marco-como-prazo-maximo-para-finalizar-distribuicao-de-sementes-a-agricultoras-e-agricultores-familiares\\\/#webpage\",\"url\":\"https:\\\/\\\/serrafm879.com.br\\\/serrafm\\\/2025\\\/01\\\/ipa-define-marco-como-prazo-maximo-para-finalizar-distribuicao-de-sementes-a-agricultoras-e-agricultores-familiares\\\/\",\"name\":\"IPA define mar\\u00e7o como prazo m\\u00e1ximo para finalizar distribui\\u00e7\\u00e3o de sementes a agricultoras e agricultores familiares - Serra FM 87,9\",\"description\":\"O esfor\\u00e7o, dentro do Programa Terra Plantar, do Governo do Estado, \\u00e9 para que todos, nas diversas regi\\u00f5es, aproveitem a janela de plantio, com o per\\u00edodo de chuvas, e reforcem a Safra de 2024\\\/2025 de feij\\u00e3o, milho e sorgo O Instituto Agron\\u00f4mico de Pernambuco (IPA) definiu o m\\u00eas de mar\\u00e7o como prazo m\\u00e1ximo para finalizar\",\"inLanguage\":\"pt-BR\",\"isPartOf\":{\"@id\":\"https:\\\/\\\/serrafm879.com.br\\\/serrafm\\\/#website\"},\"breadcrumb\":{\"@id\":\"https:\\\/\\\/serrafm879.com.br\\\/serrafm\\\/2025\\\/01\\\/ipa-define-marco-como-prazo-maximo-para-finalizar-distribuicao-de-sementes-a-agricultoras-e-agricultores-familiares\\\/#breadcrumblist\"},\"author\":{\"@id\":\"https:\\\/\\\/serrafm879.com.br\\\/serrafm\\\/author\\\/serrafm87\\\/#author\"},\"creator\":{\"@id\":\"https:\\\/\\\/serrafm879.com.br\\\/serrafm\\\/author\\\/serrafm87\\\/#author\"},\"image\":{\"@type\":\"ImageObject\",\"url\":\"https:\\\/\\\/serrafm879.com.br\\\/serrafm\\\/wp-content\\\/uploads\\\/2025\\\/01\\\/Captura-de-Tela-2025-01-23-as-15.59.59.jpeg\",\"@id\":\"https:\\\/\\\/serrafm879.com.br\\\/serrafm\\\/2025\\\/01\\\/ipa-define-marco-como-prazo-maximo-para-finalizar-distribuicao-de-sementes-a-agricultoras-e-agricultores-familiares\\\/#mainImage\",\"width\":1014,\"height\":1280},\"primaryImageOfPage\":{\"@id\":\"https:\\\/\\\/serrafm879.com.br\\\/serrafm\\\/2025\\\/01\\\/ipa-define-marco-como-prazo-maximo-para-finalizar-distribuicao-de-sementes-a-agricultoras-e-agricultores-familiares\\\/#mainImage\"},\"datePublished\":\"2025-01-23T15:50:49-03:00\",\"dateModified\":\"2025-01-23T16:02:04-03:00\"},{\"@type\":\"WebSite\",\"@id\":\"https:\\\/\\\/serrafm879.com.br\\\/serrafm\\\/#website\",\"url\":\"https:\\\/\\\/serrafm879.com.br\\\/serrafm\\\/\",\"name\":\"Serra FM 87,9\",\"description\":\"O seu novo amor!\",\"inLanguage\":\"pt-BR\",\"publisher\":{\"@id\":\"https:\\\/\\\/serrafm879.com.br\\\/serrafm\\\/#organization\"}}]}\n\t\t<\/script>\n\t\t<!-- All in One SEO -->\n\n","aioseo_head_json":{"title":"IPA define mar\u00e7o como prazo m\u00e1ximo para finalizar distribui\u00e7\u00e3o de sementes a agricultoras e agricultores familiares - Serra FM 87,9","description":"O esfor\u00e7o, dentro do Programa Terra Plantar, do Governo do Estado, \u00e9 para que todos, nas diversas regi\u00f5es, aproveitem a janela de plantio, com o per\u00edodo de chuvas, e reforcem a Safra de 2024\/2025 de feij\u00e3o, milho e sorgo O Instituto Agron\u00f4mico de Pernambuco (IPA) definiu o m\u00eas de mar\u00e7o como prazo m\u00e1ximo para finalizar","canonical_url":"https:\/\/serrafm879.com.br\/serrafm\/2025\/01\/ipa-define-marco-como-prazo-maximo-para-finalizar-distribuicao-de-sementes-a-agricultoras-e-agricultores-familiares\/","robots":"max-image-preview:large","keywords":"","webmasterTools":{"miscellaneous":""},"schema":{"@context":"https:\/\/schema.org","@graph":[{"@type":"BlogPosting","@id":"https:\/\/serrafm879.com.br\/serrafm\/2025\/01\/ipa-define-marco-como-prazo-maximo-para-finalizar-distribuicao-de-sementes-a-agricultoras-e-agricultores-familiares\/#blogposting","name":"IPA define mar\u00e7o como prazo m\u00e1ximo para finalizar distribui\u00e7\u00e3o de sementes a agricultoras e agricultores familiares - Serra FM 87,9","headline":"IPA define mar\u00e7o como prazo m\u00e1ximo para finalizar distribui\u00e7\u00e3o de sementes a agricultoras e agricultores familiares","author":{"@id":"https:\/\/serrafm879.com.br\/serrafm\/author\/serrafm87\/#author"},"publisher":{"@id":"https:\/\/serrafm879.com.br\/serrafm\/#organization"},"image":{"@type":"ImageObject","url":"https:\/\/serrafm879.com.br\/serrafm\/wp-content\/uploads\/2025\/01\/Captura-de-Tela-2025-01-23-as-15.59.59.jpeg","width":1014,"height":1280},"datePublished":"2025-01-23T15:50:49-03:00","dateModified":"2025-01-23T16:02:04-03:00","inLanguage":"pt-BR","mainEntityOfPage":{"@id":"https:\/\/serrafm879.com.br\/serrafm\/2025\/01\/ipa-define-marco-como-prazo-maximo-para-finalizar-distribuicao-de-sementes-a-agricultoras-e-agricultores-familiares\/#webpage"},"isPartOf":{"@id":"https:\/\/serrafm879.com.br\/serrafm\/2025\/01\/ipa-define-marco-como-prazo-maximo-para-finalizar-distribuicao-de-sementes-a-agricultoras-e-agricultores-familiares\/#webpage"},"articleSection":"Uncategorized"},{"@type":"BreadcrumbList","@id":"https:\/\/serrafm879.com.br\/serrafm\/2025\/01\/ipa-define-marco-como-prazo-maximo-para-finalizar-distribuicao-de-sementes-a-agricultoras-e-agricultores-familiares\/#breadcrumblist","itemListElement":[{"@type":"ListItem","@id":"https:\/\/serrafm879.com.br\/serrafm#listItem","position":1,"name":"Home","item":"https:\/\/serrafm879.com.br\/serrafm","nextItem":{"@type":"ListItem","@id":"https:\/\/serrafm879.com.br\/serrafm\/categoria\/uncategorized\/#listItem","name":"Uncategorized"}},{"@type":"ListItem","@id":"https:\/\/serrafm879.com.br\/serrafm\/categoria\/uncategorized\/#listItem","position":2,"name":"Uncategorized","item":"https:\/\/serrafm879.com.br\/serrafm\/categoria\/uncategorized\/","nextItem":{"@type":"ListItem","@id":"https:\/\/serrafm879.com.br\/serrafm\/2025\/01\/ipa-define-marco-como-prazo-maximo-para-finalizar-distribuicao-de-sementes-a-agricultoras-e-agricultores-familiares\/#listItem","name":"IPA define mar\u00e7o como prazo m\u00e1ximo para finalizar distribui\u00e7\u00e3o de sementes a agricultoras e agricultores familiares"},"previousItem":{"@type":"ListItem","@id":"https:\/\/serrafm879.com.br\/serrafm#listItem","name":"Home"}},{"@type":"ListItem","@id":"https:\/\/serrafm879.com.br\/serrafm\/2025\/01\/ipa-define-marco-como-prazo-maximo-para-finalizar-distribuicao-de-sementes-a-agricultoras-e-agricultores-familiares\/#listItem","position":3,"name":"IPA define mar\u00e7o como prazo m\u00e1ximo para finalizar distribui\u00e7\u00e3o de sementes a agricultoras e agricultores familiares","previousItem":{"@type":"ListItem","@id":"https:\/\/serrafm879.com.br\/serrafm\/categoria\/uncategorized\/#listItem","name":"Uncategorized"}}]},{"@type":"Organization","@id":"https:\/\/serrafm879.com.br\/serrafm\/#organization","name":"Serra FM 87,9","description":"O seu novo amor!","url":"https:\/\/serrafm879.com.br\/serrafm\/"},{"@type":"Person","@id":"https:\/\/serrafm879.com.br\/serrafm\/author\/serrafm87\/#author","url":"https:\/\/serrafm879.com.br\/serrafm\/author\/serrafm87\/","name":"serrafm87","image":{"@type":"ImageObject","@id":"https:\/\/serrafm879.com.br\/serrafm\/2025\/01\/ipa-define-marco-como-prazo-maximo-para-finalizar-distribuicao-de-sementes-a-agricultoras-e-agricultores-familiares\/#authorImage","url":"https:\/\/secure.gravatar.com\/avatar\/a743233f1112d34f48bb3dc9559b76eb930bab8b27175856cba6362608736235?s=96&d=mm&r=g","width":96,"height":96,"caption":"serrafm87"}},{"@type":"WebPage","@id":"https:\/\/serrafm879.com.br\/serrafm\/2025\/01\/ipa-define-marco-como-prazo-maximo-para-finalizar-distribuicao-de-sementes-a-agricultoras-e-agricultores-familiares\/#webpage","url":"https:\/\/serrafm879.com.br\/serrafm\/2025\/01\/ipa-define-marco-como-prazo-maximo-para-finalizar-distribuicao-de-sementes-a-agricultoras-e-agricultores-familiares\/","name":"IPA define mar\u00e7o como prazo m\u00e1ximo para finalizar distribui\u00e7\u00e3o de sementes a agricultoras e agricultores familiares - Serra FM 87,9","description":"O esfor\u00e7o, dentro do Programa Terra Plantar, do Governo do Estado, \u00e9 para que todos, nas diversas regi\u00f5es, aproveitem a janela de plantio, com o per\u00edodo de chuvas, e reforcem a Safra de 2024\/2025 de feij\u00e3o, milho e sorgo O Instituto Agron\u00f4mico de Pernambuco (IPA) definiu o m\u00eas de mar\u00e7o como prazo m\u00e1ximo para finalizar","inLanguage":"pt-BR","isPartOf":{"@id":"https:\/\/serrafm879.com.br\/serrafm\/#website"},"breadcrumb":{"@id":"https:\/\/serrafm879.com.br\/serrafm\/2025\/01\/ipa-define-marco-como-prazo-maximo-para-finalizar-distribuicao-de-sementes-a-agricultoras-e-agricultores-familiares\/#breadcrumblist"},"author":{"@id":"https:\/\/serrafm879.com.br\/serrafm\/author\/serrafm87\/#author"},"creator":{"@id":"https:\/\/serrafm879.com.br\/serrafm\/author\/serrafm87\/#author"},"image":{"@type":"ImageObject","url":"https:\/\/serrafm879.com.br\/serrafm\/wp-content\/uploads\/2025\/01\/Captura-de-Tela-2025-01-23-as-15.59.59.jpeg","@id":"https:\/\/serrafm879.com.br\/serrafm\/2025\/01\/ipa-define-marco-como-prazo-maximo-para-finalizar-distribuicao-de-sementes-a-agricultoras-e-agricultores-familiares\/#mainImage","width":1014,"height":1280},"primaryImageOfPage":{"@id":"https:\/\/serrafm879.com.br\/serrafm\/2025\/01\/ipa-define-marco-como-prazo-maximo-para-finalizar-distribuicao-de-sementes-a-agricultoras-e-agricultores-familiares\/#mainImage"},"datePublished":"2025-01-23T15:50:49-03:00","dateModified":"2025-01-23T16:02:04-03:00"},{"@type":"WebSite","@id":"https:\/\/serrafm879.com.br\/serrafm\/#website","url":"https:\/\/serrafm879.com.br\/serrafm\/","name":"Serra FM 87,9","description":"O seu novo amor!","inLanguage":"pt-BR","publisher":{"@id":"https:\/\/serrafm879.com.br\/serrafm\/#organization"}}]},"twitter:card":"summary_large_image","twitter:title":"IPA define mar\u00e7o como prazo m\u00e1ximo para finalizar distribui\u00e7\u00e3o de sementes a agricultoras e agricultores familiares - Serra FM 87,9","twitter:description":"O esfor\u00e7o, dentro do Programa Terra Plantar, do Governo do Estado, \u00e9 para que todos, nas diversas regi\u00f5es, aproveitem a janela de plantio, com o per\u00edodo de chuvas, e reforcem a Safra de 2024\/2025 de feij\u00e3o, milho e sorgo O Instituto Agron\u00f4mico de Pernambuco (IPA) definiu o m\u00eas de mar\u00e7o como prazo m\u00e1ximo para finalizar","twitter:image":"https:\/\/serrafm879.com.br\/serrafm\/wp-content\/uploads\/2025\/01\/Captura-de-Tela-2025-01-23-as-15.59.59.jpeg"},"aioseo_meta_data":{"post_id":"20046","title":null,"description":null,"keywords":null,"keyphrases":null,"primary_term":null,"canonical_url":null,"og_title":null,"og_description":null,"og_object_type":"default","og_image_type":"default","og_image_custom_url":null,"og_image_custom_fields":null,"og_image_url":null,"og_image_width":null,"og_image_height":null,"og_video":null,"og_custom_url":null,"og_article_section":null,"og_article_tags":null,"twitter_use_og":false,"twitter_card":"default","twitter_image_type":"default","twitter_image_custom_url":null,"twitter_image_custom_fields":null,"twitter_image_url":null,"twitter_title":null,"twitter_description":null,"schema_type":"default","schema_type_options":null,"schema":{"blockGraphs":[],"customGraphs":[],"default":{"data":{"Article":[],"Course":[],"Dataset":[],"FAQPage":[],"Movie":[],"Person":[],"Product":[],"ProductReview":[],"Car":[],"Recipe":[],"Service":[],"SoftwareApplication":[],"WebPage":[]},"graphName":"","isEnabled":true},"graphs":[]},"pillar_content":false,"robots_default":true,"robots_noindex":false,"robots_noarchive":false,"robots_nosnippet":false,"robots_nofollow":false,"robots_noimageindex":false,"robots_noodp":false,"robots_notranslate":false,"robots_max_snippet":null,"robots_max_videopreview":null,"robots_max_imagepreview":"large","priority":null,"frequency":null,"local_seo":null,"limit_modified_date":false,"ai":null,"breadcrumb_settings":null,"seo_analyzer_scan_date":null,"created":"2026-07-21 13:16:33","updated":"2026-07-21 13:16:33"},"aioseo_breadcrumb":"<div class=\"aioseo-breadcrumbs\"><span class=\"aioseo-breadcrumb\">\n\t\t\t<a href=\"https:\/\/serrafm879.com.br\/serrafm\" title=\"Home\">Home<\/a>\n\t\t<\/span><span class=\"aioseo-breadcrumb-separator\">&raquo;<\/span><span class=\"aioseo-breadcrumb\">\n\t\t\t<a href=\"https:\/\/serrafm879.com.br\/serrafm\/categoria\/uncategorized\/\" title=\"Uncategorized\">Uncategorized<\/a>\n\t\t<\/span><span class=\"aioseo-breadcrumb-separator\">&raquo;<\/span><span class=\"aioseo-breadcrumb\">\n\t\t\tIPA define mar\u00e7o como prazo m\u00e1ximo para finalizar distribui\u00e7\u00e3o de sementes a agricultoras e agricultores familiares\n\t\t<\/span><\/div>","aioseo_breadcrumb_json":[{"label":"Home","link":"https:\/\/serrafm879.com.br\/serrafm"},{"label":"Uncategorized","link":"https:\/\/serrafm879.com.br\/serrafm\/categoria\/uncategorized\/"},{"label":"IPA define mar\u00e7o como prazo m\u00e1ximo para finalizar distribui\u00e7\u00e3o de sementes a agricultoras e agricultores familiares","link":"https:\/\/serrafm879.com.br\/serrafm\/2025\/01\/ipa-define-marco-como-prazo-maximo-para-finalizar-distribuicao-de-sementes-a-agricultoras-e-agricultores-familiares\/"}],"jetpack_publicize_connections":[],"jetpack_featured_media_url":"https:\/\/serrafm879.com.br\/serrafm\/wp-content\/uploads\/2025\/01\/Captura-de-Tela-2025-01-23-as-15.59.59.jpeg","jetpack_shortlink":"https:\/\/wp.me\/p7HyXg-5dk","jetpack_sharing_enabled":true,"_links":{"self":[{"href":"https:\/\/serrafm879.com.br\/serrafm\/wp-json\/wp\/v2\/posts\/20046","targetHints":{"allow":["GET"]}}],"collection":[{"href":"https:\/\/serrafm879.com.br\/serrafm\/wp-json\/wp\/v2\/posts"}],"about":[{"href":"https:\/\/serrafm879.com.br\/serrafm\/wp-json\/wp\/v2\/types\/post"}],"author":[{"embeddable":true,"href":"https:\/\/serrafm879.com.br\/serrafm\/wp-json\/wp\/v2\/users\/2"}],"replies":[{"embeddable":true,"href":"https:\/\/serrafm879.com.br\/serrafm\/wp-json\/wp\/v2\/comments?post=20046"}],"version-history":[{"count":1,"href":"https:\/\/serrafm879.com.br\/serrafm\/wp-json\/wp\/v2\/posts\/20046\/revisions"}],"predecessor-version":[{"id":20048,"href":"https:\/\/serrafm879.com.br\/serrafm\/wp-json\/wp\/v2\/posts\/20046\/revisions\/20048"}],"wp:featuredmedia":[{"embeddable":true,"href":"https:\/\/serrafm879.com.br\/serrafm\/wp-json\/wp\/v2\/media\/20051"}],"wp:attachment":[{"href":"https:\/\/serrafm879.com.br\/serrafm\/wp-json\/wp\/v2\/media?parent=20046"}],"wp:term":[{"taxonomy":"category","embeddable":true,"href":"https:\/\/serrafm879.com.br\/serrafm\/wp-json\/wp\/v2\/categories?post=20046"},{"taxonomy":"post_tag","embeddable":true,"href":"https:\/\/serrafm879.com.br\/serrafm\/wp-json\/wp\/v2\/tags?post=20046"}],"curies":[{"name":"wp","href":"https:\/\/api.w.org\/{rel}","templated":true}]}}