{"id":20059,"date":"2025-01-24T16:06:18","date_gmt":"2025-01-24T19:06:18","guid":{"rendered":"https:\/?p=20059"},"modified":"2025-01-24T16:06:18","modified_gmt":"2025-01-24T19:06:18","slug":"major-serra-talhadense-perde-luta-contra-o-cancer-em-roraima","status":"publish","type":"post","link":"https:\/\/serrafm879.com.br\/serrafm\/2025\/01\/major-serra-talhadense-perde-luta-contra-o-cancer-em-roraima\/","title":{"rendered":"Major serra-talhadense perde luta contra o c\u00e2ncer em Roraima"},"content":{"rendered":"<p>Nesta quinta-feira (23), Serra Talhada amanheceu enlutada pelo falecimento de mais um ilustre filho da terra.<\/p>\n<p>Claudionor Cavalcante de Araujo, de 57 anos, Major reformado da Pol\u00edcia Militar de Roraima perdeu uma \u00e1rdua luta contra o c\u00e2ncer de f\u00edgado.<\/p>\n<p style=\"text-align: left;\">Na capital do xaxado, o major era conhecido pelos amigos de inf\u00e2ncia como Nozinho.<\/p>\n<p style=\"text-align: left;\">Filho dos serra-talhadenses Jo\u00e3o Barbeiro e de Dona Maninha Gaia. Claudionor construiu fam\u00edlia no Norte do pa\u00eds e hoje deixa esposa, 4 filhos, e 2 netas.<\/p>\n<p style=\"text-align: left;\">Seu sepultamento acontecer\u00e1 desta sexta-feira (24), \u00e0s 10h no cemit\u00e9rio de Boa Vista-RO.<\/p>\n<p style=\"text-align: left;\">A Pol\u00edcia Militar emitiu nota de pesar pelo seu falecimento, e seus amigos serra-talhadenses enviaram uma homenagem relembrando sua vida.<\/p>\n<p><img loading=\"lazy\" decoding=\"async\" data-attachment-id=\"20060\" data-permalink=\"https:\/\/serrafm879.com.br\/serrafm\/2025\/01\/major-serra-talhadense-perde-luta-contra-o-cancer-em-roraima\/nozinho2\/\" data-orig-file=\"https:\/\/serrafm879.com.br\/serrafm\/wp-content\/uploads\/2025\/01\/nozinho2.jpeg\" data-orig-size=\"720,1069\" data-comments-opened=\"1\" data-image-meta=\"{&quot;aperture&quot;:&quot;0&quot;,&quot;credit&quot;:&quot;&quot;,&quot;camera&quot;:&quot;&quot;,&quot;caption&quot;:&quot;&quot;,&quot;created_timestamp&quot;:&quot;0&quot;,&quot;copyright&quot;:&quot;&quot;,&quot;focal_length&quot;:&quot;0&quot;,&quot;iso&quot;:&quot;0&quot;,&quot;shutter_speed&quot;:&quot;0&quot;,&quot;title&quot;:&quot;&quot;,&quot;orientation&quot;:&quot;0&quot;}\" data-image-title=\"nozinho2\" data-image-description=\"\" data-image-caption=\"\" data-large-file=\"https:\/\/serrafm879.com.br\/serrafm\/wp-content\/uploads\/2025\/01\/nozinho2-690x1024.jpeg\" class=\"alignleft size-medium wp-image-20060\" src=\"http:\/\/serrafm879.com.br\/wp-content\/uploads\/2025\/01\/nozinho2-202x300.jpeg\" alt=\"\" width=\"202\" height=\"300\" srcset=\"https:\/\/serrafm879.com.br\/serrafm\/wp-content\/uploads\/2025\/01\/nozinho2-202x300.jpeg 202w, https:\/\/serrafm879.com.br\/serrafm\/wp-content\/uploads\/2025\/01\/nozinho2-690x1024.jpeg 690w, https:\/\/serrafm879.com.br\/serrafm\/wp-content\/uploads\/2025\/01\/nozinho2.jpeg 720w\" sizes=\"auto, (max-width: 202px) 100vw, 202px\" \/><\/p>\n","protected":false},"excerpt":{"rendered":"<p>Nesta quinta-feira (23), Serra Talhada amanheceu enlutada pelo falecimento de mais um ilustre filho da terra. Claudionor Cavalcante de Araujo, de 57 anos, Major reformado da Pol\u00edcia Militar de Roraima perdeu uma \u00e1rdua luta contra o c\u00e2ncer de f\u00edgado. Na capital do xaxado, o major era conhecido pelos amigos de inf\u00e2ncia como Nozinho. Filho dos serra-talhadenses Jo\u00e3o Barbeiro e de Dona Maninha Gaia. Claudionor construiu fam\u00edlia no Norte do pa\u00eds e hoje deixa esposa, 4 filhos, e 2 netas. Seu sepultamento acontecer\u00e1 desta sexta-feira (24), \u00e0s 10h no cemit\u00e9rio de Boa Vista-RO. A Pol\u00edcia Militar emitiu nota de pesar pelo [&hellip;]<\/p>\n","protected":false},"author":2,"featured_media":20061,"comment_status":"open","ping_status":"open","sticky":false,"template":"","format":"standard","meta":{"_jetpack_newsletter_access":"","_jetpack_dont_email_post_to_subs":false,"_jetpack_newsletter_tier_id":0,"_jetpack_memberships_contains_paywalled_content":false,"_jetpack_feature_clip_id":0,"_jetpack_memberships_contains_paid_content":false,"footnotes":"","jetpack_publicize_message":"","jetpack_publicize_feature_enabled":true,"jetpack_social_post_already_shared":true,"jetpack_social_options":{"image_generator_settings":{"template":"highway","default_image_id":0,"font":"","enabled":false},"version":2},"jetpack_post_was_ever_published":false},"categories":[1],"tags":[],"class_list":["post-20059","post","type-post","status-publish","format-standard","has-post-thumbnail","hentry","category-uncategorized"],"aioseo_notices":[],"aioseo_head":"\n\t\t<!-- All in One SEO 4.9.10 - aioseo.com -->\n\t<meta name=\"description\" content=\"Nesta quinta-feira (23), Serra Talhada amanheceu enlutada pelo falecimento de mais um ilustre filho da terra. Claudionor Cavalcante de Araujo, de 57 anos, Major reformado da Pol\u00edcia Militar de Roraima perdeu uma \u00e1rdua luta contra o c\u00e2ncer de f\u00edgado. Na capital do xaxado, o major era conhecido pelos amigos de inf\u00e2ncia como Nozinho. Filho dos\" \/>\n\t<meta name=\"robots\" content=\"max-image-preview:large\" \/>\n\t<meta name=\"author\" content=\"serrafm87\"\/>\n\t<link rel=\"canonical\" href=\"https:\/\/serrafm879.com.br\/serrafm\/2025\/01\/major-serra-talhadense-perde-luta-contra-o-cancer-em-roraima\/\" \/>\n\t<meta name=\"generator\" content=\"All in One SEO (AIOSEO) 4.9.10\" \/>\n\t\t<meta name=\"twitter:card\" content=\"summary_large_image\" \/>\n\t\t<meta name=\"twitter:title\" content=\"Major serra-talhadense perde luta contra o c\u00e2ncer em Roraima - Serra FM 87,9\" \/>\n\t\t<meta name=\"twitter:description\" content=\"Nesta quinta-feira (23), Serra Talhada amanheceu enlutada pelo falecimento de mais um ilustre filho da terra. Claudionor Cavalcante de Araujo, de 57 anos, Major reformado da Pol\u00edcia Militar de Roraima perdeu uma \u00e1rdua luta contra o c\u00e2ncer de f\u00edgado. Na capital do xaxado, o major era conhecido pelos amigos de inf\u00e2ncia como Nozinho. Filho dos\" \/>\n\t\t<meta name=\"twitter:image\" content=\"https:\/\/serrafm879.com.br\/serrafm\/wp-content\/uploads\/2025\/01\/nozinho1-1024x683-1.jpeg\" \/>\n\t\t<script type=\"application\/ld+json\" class=\"aioseo-schema\">\n\t\t\t{\"@context\":\"https:\\\/\\\/schema.org\",\"@graph\":[{\"@type\":\"BlogPosting\",\"@id\":\"https:\\\/\\\/serrafm879.com.br\\\/serrafm\\\/2025\\\/01\\\/major-serra-talhadense-perde-luta-contra-o-cancer-em-roraima\\\/#blogposting\",\"name\":\"Major serra-talhadense perde luta contra o c\\u00e2ncer em Roraima - Serra FM 87,9\",\"headline\":\"Major serra-talhadense perde luta contra o c\\u00e2ncer em Roraima\",\"author\":{\"@id\":\"https:\\\/\\\/serrafm879.com.br\\\/serrafm\\\/author\\\/serrafm87\\\/#author\"},\"publisher\":{\"@id\":\"https:\\\/\\\/serrafm879.com.br\\\/serrafm\\\/#organization\"},\"image\":{\"@type\":\"ImageObject\",\"url\":\"https:\\\/\\\/serrafm879.com.br\\\/serrafm\\\/wp-content\\\/uploads\\\/2025\\\/01\\\/nozinho1-1024x683-1.jpeg\",\"width\":1024,\"height\":683},\"datePublished\":\"2025-01-24T16:06:18-03:00\",\"dateModified\":\"2025-01-24T16:06:18-03:00\",\"inLanguage\":\"pt-BR\",\"mainEntityOfPage\":{\"@id\":\"https:\\\/\\\/serrafm879.com.br\\\/serrafm\\\/2025\\\/01\\\/major-serra-talhadense-perde-luta-contra-o-cancer-em-roraima\\\/#webpage\"},\"isPartOf\":{\"@id\":\"https:\\\/\\\/serrafm879.com.br\\\/serrafm\\\/2025\\\/01\\\/major-serra-talhadense-perde-luta-contra-o-cancer-em-roraima\\\/#webpage\"},\"articleSection\":\"Uncategorized\"},{\"@type\":\"BreadcrumbList\",\"@id\":\"https:\\\/\\\/serrafm879.com.br\\\/serrafm\\\/2025\\\/01\\\/major-serra-talhadense-perde-luta-contra-o-cancer-em-roraima\\\/#breadcrumblist\",\"itemListElement\":[{\"@type\":\"ListItem\",\"@id\":\"https:\\\/\\\/serrafm879.com.br\\\/serrafm#listItem\",\"position\":1,\"name\":\"Home\",\"item\":\"https:\\\/\\\/serrafm879.com.br\\\/serrafm\",\"nextItem\":{\"@type\":\"ListItem\",\"@id\":\"https:\\\/\\\/serrafm879.com.br\\\/serrafm\\\/categoria\\\/uncategorized\\\/#listItem\",\"name\":\"Uncategorized\"}},{\"@type\":\"ListItem\",\"@id\":\"https:\\\/\\\/serrafm879.com.br\\\/serrafm\\\/categoria\\\/uncategorized\\\/#listItem\",\"position\":2,\"name\":\"Uncategorized\",\"item\":\"https:\\\/\\\/serrafm879.com.br\\\/serrafm\\\/categoria\\\/uncategorized\\\/\",\"nextItem\":{\"@type\":\"ListItem\",\"@id\":\"https:\\\/\\\/serrafm879.com.br\\\/serrafm\\\/2025\\\/01\\\/major-serra-talhadense-perde-luta-contra-o-cancer-em-roraima\\\/#listItem\",\"name\":\"Major serra-talhadense perde luta contra o c\\u00e2ncer em Roraima\"},\"previousItem\":{\"@type\":\"ListItem\",\"@id\":\"https:\\\/\\\/serrafm879.com.br\\\/serrafm#listItem\",\"name\":\"Home\"}},{\"@type\":\"ListItem\",\"@id\":\"https:\\\/\\\/serrafm879.com.br\\\/serrafm\\\/2025\\\/01\\\/major-serra-talhadense-perde-luta-contra-o-cancer-em-roraima\\\/#listItem\",\"position\":3,\"name\":\"Major serra-talhadense perde luta contra o c\\u00e2ncer em Roraima\",\"previousItem\":{\"@type\":\"ListItem\",\"@id\":\"https:\\\/\\\/serrafm879.com.br\\\/serrafm\\\/categoria\\\/uncategorized\\\/#listItem\",\"name\":\"Uncategorized\"}}]},{\"@type\":\"Organization\",\"@id\":\"https:\\\/\\\/serrafm879.com.br\\\/serrafm\\\/#organization\",\"name\":\"Serra FM 87,9\",\"description\":\"O seu novo amor!\",\"url\":\"https:\\\/\\\/serrafm879.com.br\\\/serrafm\\\/\"},{\"@type\":\"Person\",\"@id\":\"https:\\\/\\\/serrafm879.com.br\\\/serrafm\\\/author\\\/serrafm87\\\/#author\",\"url\":\"https:\\\/\\\/serrafm879.com.br\\\/serrafm\\\/author\\\/serrafm87\\\/\",\"name\":\"serrafm87\",\"image\":{\"@type\":\"ImageObject\",\"@id\":\"https:\\\/\\\/serrafm879.com.br\\\/serrafm\\\/2025\\\/01\\\/major-serra-talhadense-perde-luta-contra-o-cancer-em-roraima\\\/#authorImage\",\"url\":\"https:\\\/\\\/secure.gravatar.com\\\/avatar\\\/a743233f1112d34f48bb3dc9559b76eb930bab8b27175856cba6362608736235?s=96&d=mm&r=g\",\"width\":96,\"height\":96,\"caption\":\"serrafm87\"}},{\"@type\":\"WebPage\",\"@id\":\"https:\\\/\\\/serrafm879.com.br\\\/serrafm\\\/2025\\\/01\\\/major-serra-talhadense-perde-luta-contra-o-cancer-em-roraima\\\/#webpage\",\"url\":\"https:\\\/\\\/serrafm879.com.br\\\/serrafm\\\/2025\\\/01\\\/major-serra-talhadense-perde-luta-contra-o-cancer-em-roraima\\\/\",\"name\":\"Major serra-talhadense perde luta contra o c\\u00e2ncer em Roraima - Serra FM 87,9\",\"description\":\"Nesta quinta-feira (23), Serra Talhada amanheceu enlutada pelo falecimento de mais um ilustre filho da terra. Claudionor Cavalcante de Araujo, de 57 anos, Major reformado da Pol\\u00edcia Militar de Roraima perdeu uma \\u00e1rdua luta contra o c\\u00e2ncer de f\\u00edgado. Na capital do xaxado, o major era conhecido pelos amigos de inf\\u00e2ncia como Nozinho. Filho dos\",\"inLanguage\":\"pt-BR\",\"isPartOf\":{\"@id\":\"https:\\\/\\\/serrafm879.com.br\\\/serrafm\\\/#website\"},\"breadcrumb\":{\"@id\":\"https:\\\/\\\/serrafm879.com.br\\\/serrafm\\\/2025\\\/01\\\/major-serra-talhadense-perde-luta-contra-o-cancer-em-roraima\\\/#breadcrumblist\"},\"author\":{\"@id\":\"https:\\\/\\\/serrafm879.com.br\\\/serrafm\\\/author\\\/serrafm87\\\/#author\"},\"creator\":{\"@id\":\"https:\\\/\\\/serrafm879.com.br\\\/serrafm\\\/author\\\/serrafm87\\\/#author\"},\"image\":{\"@type\":\"ImageObject\",\"url\":\"https:\\\/\\\/serrafm879.com.br\\\/serrafm\\\/wp-content\\\/uploads\\\/2025\\\/01\\\/nozinho1-1024x683-1.jpeg\",\"@id\":\"https:\\\/\\\/serrafm879.com.br\\\/serrafm\\\/2025\\\/01\\\/major-serra-talhadense-perde-luta-contra-o-cancer-em-roraima\\\/#mainImage\",\"width\":1024,\"height\":683},\"primaryImageOfPage\":{\"@id\":\"https:\\\/\\\/serrafm879.com.br\\\/serrafm\\\/2025\\\/01\\\/major-serra-talhadense-perde-luta-contra-o-cancer-em-roraima\\\/#mainImage\"},\"datePublished\":\"2025-01-24T16:06:18-03:00\",\"dateModified\":\"2025-01-24T16:06:18-03:00\"},{\"@type\":\"WebSite\",\"@id\":\"https:\\\/\\\/serrafm879.com.br\\\/serrafm\\\/#website\",\"url\":\"https:\\\/\\\/serrafm879.com.br\\\/serrafm\\\/\",\"name\":\"Serra FM 87,9\",\"description\":\"O seu novo amor!\",\"inLanguage\":\"pt-BR\",\"publisher\":{\"@id\":\"https:\\\/\\\/serrafm879.com.br\\\/serrafm\\\/#organization\"}}]}\n\t\t<\/script>\n\t\t<!-- All in One SEO -->\n\n","aioseo_head_json":{"title":"Major serra-talhadense perde luta contra o c\u00e2ncer em Roraima - Serra FM 87,9","description":"Nesta quinta-feira (23), Serra Talhada amanheceu enlutada pelo falecimento de mais um ilustre filho da terra. Claudionor Cavalcante de Araujo, de 57 anos, Major reformado da Pol\u00edcia Militar de Roraima perdeu uma \u00e1rdua luta contra o c\u00e2ncer de f\u00edgado. Na capital do xaxado, o major era conhecido pelos amigos de inf\u00e2ncia como Nozinho. Filho dos","canonical_url":"https:\/\/serrafm879.com.br\/serrafm\/2025\/01\/major-serra-talhadense-perde-luta-contra-o-cancer-em-roraima\/","robots":"max-image-preview:large","keywords":"","webmasterTools":{"miscellaneous":""},"schema":{"@context":"https:\/\/schema.org","@graph":[{"@type":"BlogPosting","@id":"https:\/\/serrafm879.com.br\/serrafm\/2025\/01\/major-serra-talhadense-perde-luta-contra-o-cancer-em-roraima\/#blogposting","name":"Major serra-talhadense perde luta contra o c\u00e2ncer em Roraima - Serra FM 87,9","headline":"Major serra-talhadense perde luta contra o c\u00e2ncer em Roraima","author":{"@id":"https:\/\/serrafm879.com.br\/serrafm\/author\/serrafm87\/#author"},"publisher":{"@id":"https:\/\/serrafm879.com.br\/serrafm\/#organization"},"image":{"@type":"ImageObject","url":"https:\/\/serrafm879.com.br\/serrafm\/wp-content\/uploads\/2025\/01\/nozinho1-1024x683-1.jpeg","width":1024,"height":683},"datePublished":"2025-01-24T16:06:18-03:00","dateModified":"2025-01-24T16:06:18-03:00","inLanguage":"pt-BR","mainEntityOfPage":{"@id":"https:\/\/serrafm879.com.br\/serrafm\/2025\/01\/major-serra-talhadense-perde-luta-contra-o-cancer-em-roraima\/#webpage"},"isPartOf":{"@id":"https:\/\/serrafm879.com.br\/serrafm\/2025\/01\/major-serra-talhadense-perde-luta-contra-o-cancer-em-roraima\/#webpage"},"articleSection":"Uncategorized"},{"@type":"BreadcrumbList","@id":"https:\/\/serrafm879.com.br\/serrafm\/2025\/01\/major-serra-talhadense-perde-luta-contra-o-cancer-em-roraima\/#breadcrumblist","itemListElement":[{"@type":"ListItem","@id":"https:\/\/serrafm879.com.br\/serrafm#listItem","position":1,"name":"Home","item":"https:\/\/serrafm879.com.br\/serrafm","nextItem":{"@type":"ListItem","@id":"https:\/\/serrafm879.com.br\/serrafm\/categoria\/uncategorized\/#listItem","name":"Uncategorized"}},{"@type":"ListItem","@id":"https:\/\/serrafm879.com.br\/serrafm\/categoria\/uncategorized\/#listItem","position":2,"name":"Uncategorized","item":"https:\/\/serrafm879.com.br\/serrafm\/categoria\/uncategorized\/","nextItem":{"@type":"ListItem","@id":"https:\/\/serrafm879.com.br\/serrafm\/2025\/01\/major-serra-talhadense-perde-luta-contra-o-cancer-em-roraima\/#listItem","name":"Major serra-talhadense perde luta contra o c\u00e2ncer em Roraima"},"previousItem":{"@type":"ListItem","@id":"https:\/\/serrafm879.com.br\/serrafm#listItem","name":"Home"}},{"@type":"ListItem","@id":"https:\/\/serrafm879.com.br\/serrafm\/2025\/01\/major-serra-talhadense-perde-luta-contra-o-cancer-em-roraima\/#listItem","position":3,"name":"Major serra-talhadense perde luta contra o c\u00e2ncer em Roraima","previousItem":{"@type":"ListItem","@id":"https:\/\/serrafm879.com.br\/serrafm\/categoria\/uncategorized\/#listItem","name":"Uncategorized"}}]},{"@type":"Organization","@id":"https:\/\/serrafm879.com.br\/serrafm\/#organization","name":"Serra FM 87,9","description":"O seu novo amor!","url":"https:\/\/serrafm879.com.br\/serrafm\/"},{"@type":"Person","@id":"https:\/\/serrafm879.com.br\/serrafm\/author\/serrafm87\/#author","url":"https:\/\/serrafm879.com.br\/serrafm\/author\/serrafm87\/","name":"serrafm87","image":{"@type":"ImageObject","@id":"https:\/\/serrafm879.com.br\/serrafm\/2025\/01\/major-serra-talhadense-perde-luta-contra-o-cancer-em-roraima\/#authorImage","url":"https:\/\/secure.gravatar.com\/avatar\/a743233f1112d34f48bb3dc9559b76eb930bab8b27175856cba6362608736235?s=96&d=mm&r=g","width":96,"height":96,"caption":"serrafm87"}},{"@type":"WebPage","@id":"https:\/\/serrafm879.com.br\/serrafm\/2025\/01\/major-serra-talhadense-perde-luta-contra-o-cancer-em-roraima\/#webpage","url":"https:\/\/serrafm879.com.br\/serrafm\/2025\/01\/major-serra-talhadense-perde-luta-contra-o-cancer-em-roraima\/","name":"Major serra-talhadense perde luta contra o c\u00e2ncer em Roraima - Serra FM 87,9","description":"Nesta quinta-feira (23), Serra Talhada amanheceu enlutada pelo falecimento de mais um ilustre filho da terra. Claudionor Cavalcante de Araujo, de 57 anos, Major reformado da Pol\u00edcia Militar de Roraima perdeu uma \u00e1rdua luta contra o c\u00e2ncer de f\u00edgado. Na capital do xaxado, o major era conhecido pelos amigos de inf\u00e2ncia como Nozinho. Filho dos","inLanguage":"pt-BR","isPartOf":{"@id":"https:\/\/serrafm879.com.br\/serrafm\/#website"},"breadcrumb":{"@id":"https:\/\/serrafm879.com.br\/serrafm\/2025\/01\/major-serra-talhadense-perde-luta-contra-o-cancer-em-roraima\/#breadcrumblist"},"author":{"@id":"https:\/\/serrafm879.com.br\/serrafm\/author\/serrafm87\/#author"},"creator":{"@id":"https:\/\/serrafm879.com.br\/serrafm\/author\/serrafm87\/#author"},"image":{"@type":"ImageObject","url":"https:\/\/serrafm879.com.br\/serrafm\/wp-content\/uploads\/2025\/01\/nozinho1-1024x683-1.jpeg","@id":"https:\/\/serrafm879.com.br\/serrafm\/2025\/01\/major-serra-talhadense-perde-luta-contra-o-cancer-em-roraima\/#mainImage","width":1024,"height":683},"primaryImageOfPage":{"@id":"https:\/\/serrafm879.com.br\/serrafm\/2025\/01\/major-serra-talhadense-perde-luta-contra-o-cancer-em-roraima\/#mainImage"},"datePublished":"2025-01-24T16:06:18-03:00","dateModified":"2025-01-24T16:06:18-03:00"},{"@type":"WebSite","@id":"https:\/\/serrafm879.com.br\/serrafm\/#website","url":"https:\/\/serrafm879.com.br\/serrafm\/","name":"Serra FM 87,9","description":"O seu novo amor!","inLanguage":"pt-BR","publisher":{"@id":"https:\/\/serrafm879.com.br\/serrafm\/#organization"}}]},"twitter:card":"summary_large_image","twitter:title":"Major serra-talhadense perde luta contra o c\u00e2ncer em Roraima - Serra FM 87,9","twitter:description":"Nesta quinta-feira (23), Serra Talhada amanheceu enlutada pelo falecimento de mais um ilustre filho da terra. Claudionor Cavalcante de Araujo, de 57 anos, Major reformado da Pol\u00edcia Militar de Roraima perdeu uma \u00e1rdua luta contra o c\u00e2ncer de f\u00edgado. Na capital do xaxado, o major era conhecido pelos amigos de inf\u00e2ncia como Nozinho. Filho dos","twitter:image":"https:\/\/serrafm879.com.br\/serrafm\/wp-content\/uploads\/2025\/01\/nozinho1-1024x683-1.jpeg"},"aioseo_meta_data":{"post_id":"20059","title":null,"description":null,"keywords":null,"keyphrases":null,"primary_term":null,"canonical_url":null,"og_title":null,"og_description":null,"og_object_type":"default","og_image_type":"default","og_image_custom_url":null,"og_image_custom_fields":null,"og_image_url":null,"og_image_width":null,"og_image_height":null,"og_video":null,"og_custom_url":null,"og_article_section":null,"og_article_tags":null,"twitter_use_og":false,"twitter_card":"default","twitter_image_type":"default","twitter_image_custom_url":null,"twitter_image_custom_fields":null,"twitter_image_url":null,"twitter_title":null,"twitter_description":null,"schema_type":"default","schema_type_options":null,"schema":{"blockGraphs":[],"customGraphs":[],"default":{"data":{"Article":[],"Course":[],"Dataset":[],"FAQPage":[],"Movie":[],"Person":[],"Product":[],"ProductReview":[],"Car":[],"Recipe":[],"Service":[],"SoftwareApplication":[],"WebPage":[]},"graphName":"","isEnabled":true},"graphs":[]},"pillar_content":false,"robots_default":true,"robots_noindex":false,"robots_noarchive":false,"robots_nosnippet":false,"robots_nofollow":false,"robots_noimageindex":false,"robots_noodp":false,"robots_notranslate":false,"robots_max_snippet":null,"robots_max_videopreview":null,"robots_max_imagepreview":"large","priority":null,"frequency":null,"local_seo":null,"limit_modified_date":false,"ai":null,"breadcrumb_settings":null,"seo_analyzer_scan_date":null,"created":"2026-07-21 13:16:33","updated":"2026-07-21 13:16:33"},"aioseo_breadcrumb":"<div class=\"aioseo-breadcrumbs\"><span class=\"aioseo-breadcrumb\">\n\t\t\t<a href=\"https:\/\/serrafm879.com.br\/serrafm\" title=\"Home\">Home<\/a>\n\t\t<\/span><span class=\"aioseo-breadcrumb-separator\">&raquo;<\/span><span class=\"aioseo-breadcrumb\">\n\t\t\t<a href=\"https:\/\/serrafm879.com.br\/serrafm\/categoria\/uncategorized\/\" title=\"Uncategorized\">Uncategorized<\/a>\n\t\t<\/span><span class=\"aioseo-breadcrumb-separator\">&raquo;<\/span><span class=\"aioseo-breadcrumb\">\n\t\t\tMajor serra-talhadense perde luta contra o c\u00e2ncer em Roraima\n\t\t<\/span><\/div>","aioseo_breadcrumb_json":[{"label":"Home","link":"https:\/\/serrafm879.com.br\/serrafm"},{"label":"Uncategorized","link":"https:\/\/serrafm879.com.br\/serrafm\/categoria\/uncategorized\/"},{"label":"Major serra-talhadense perde luta contra o c\u00e2ncer em Roraima","link":"https:\/\/serrafm879.com.br\/serrafm\/2025\/01\/major-serra-talhadense-perde-luta-contra-o-cancer-em-roraima\/"}],"jetpack_publicize_connections":[],"jetpack_featured_media_url":"https:\/\/serrafm879.com.br\/serrafm\/wp-content\/uploads\/2025\/01\/nozinho1-1024x683-1.jpeg","jetpack_shortlink":"https:\/\/wp.me\/p7HyXg-5dx","jetpack_sharing_enabled":true,"_links":{"self":[{"href":"https:\/\/serrafm879.com.br\/serrafm\/wp-json\/wp\/v2\/posts\/20059","targetHints":{"allow":["GET"]}}],"collection":[{"href":"https:\/\/serrafm879.com.br\/serrafm\/wp-json\/wp\/v2\/posts"}],"about":[{"href":"https:\/\/serrafm879.com.br\/serrafm\/wp-json\/wp\/v2\/types\/post"}],"author":[{"embeddable":true,"href":"https:\/\/serrafm879.com.br\/serrafm\/wp-json\/wp\/v2\/users\/2"}],"replies":[{"embeddable":true,"href":"https:\/\/serrafm879.com.br\/serrafm\/wp-json\/wp\/v2\/comments?post=20059"}],"version-history":[{"count":1,"href":"https:\/\/serrafm879.com.br\/serrafm\/wp-json\/wp\/v2\/posts\/20059\/revisions"}],"predecessor-version":[{"id":20062,"href":"https:\/\/serrafm879.com.br\/serrafm\/wp-json\/wp\/v2\/posts\/20059\/revisions\/20062"}],"wp:featuredmedia":[{"embeddable":true,"href":"https:\/\/serrafm879.com.br\/serrafm\/wp-json\/wp\/v2\/media\/20061"}],"wp:attachment":[{"href":"https:\/\/serrafm879.com.br\/serrafm\/wp-json\/wp\/v2\/media?parent=20059"}],"wp:term":[{"taxonomy":"category","embeddable":true,"href":"https:\/\/serrafm879.com.br\/serrafm\/wp-json\/wp\/v2\/categories?post=20059"},{"taxonomy":"post_tag","embeddable":true,"href":"https:\/\/serrafm879.com.br\/serrafm\/wp-json\/wp\/v2\/tags?post=20059"}],"curies":[{"name":"wp","href":"https:\/\/api.w.org\/{rel}","templated":true}]}}