{"id":20089,"date":"2025-01-27T09:29:46","date_gmt":"2025-01-27T12:29:46","guid":{"rendered":"https:\/?p=20089"},"modified":"2025-01-27T09:29:46","modified_gmt":"2025-01-27T12:29:46","slug":"raquel-lyra-abre-curso-de-capacitacao-em-habitacao-para-gestores-municipais","status":"publish","type":"post","link":"https:\/\/serrafm879.com.br\/serrafm\/2025\/01\/raquel-lyra-abre-curso-de-capacitacao-em-habitacao-para-gestores-municipais\/","title":{"rendered":"Raquel Lyra abre curso de capacita\u00e7\u00e3o em habita\u00e7\u00e3o para gestores municipais"},"content":{"rendered":"<p>Nesta segunda-feira (27), a governadora de Pernambuco, Raquel Lyra, dar\u00e1 in\u00edcio \u00e0 primeira aula do curso \u201cPol\u00edticas Habitacionais: Resultados e Desafios\u201d, promovido pelo Insper. O treinamento \u00e9 voltado \u00e0 capacita\u00e7\u00e3o de gestores p\u00fablicos municipais e estaduais, lideran\u00e7as do setor habitacional e representantes de movimentos sociais ligados ao desenvolvimento urbano e habita\u00e7\u00e3o.<\/p>\n<p>Pela primeira vez, o curso do Insper ser\u00e1 realizado fora de S\u00e3o Paulo, marcando um importante momento de descentraliza\u00e7\u00e3o das discuss\u00f5es sobre pol\u00edticas p\u00fablicas de habita\u00e7\u00e3o e fortalecimento das lideran\u00e7as locais no tema.<\/p>\n<p>O evento acontecer\u00e1 no Bugan Hotel Recife by Atlantica, localizado no bairro de Boa Viagem, em Recife.<\/p>\n<p>AGENDA DA GOVERNADORA RAQUEL LYRA<\/p>\n<ul class=\"wp-block-list\">\n<li>Data: Segunda-feira, 27 de janeiro de 2025<\/li>\n<li>Hor\u00e1rio: 08h30<\/li>\n<li>Evento: Abertura do curso de Pol\u00edticas Habitacionais do Insper<\/li>\n<li>Local: Bugan Hotel Recife by Atlantica \u2013 Av. Eng. Domingos Ferreira, 4661 \u2013 Boa Viagem, Recife \u2013 PE<\/li>\n<\/ul>\n","protected":false},"excerpt":{"rendered":"<p>Nesta segunda-feira (27), a governadora de Pernambuco, Raquel Lyra, dar\u00e1 in\u00edcio \u00e0 primeira aula do curso \u201cPol\u00edticas Habitacionais: Resultados e Desafios\u201d, promovido pelo Insper. O treinamento \u00e9 voltado \u00e0 capacita\u00e7\u00e3o de gestores p\u00fablicos municipais e estaduais, lideran\u00e7as do setor habitacional e representantes de movimentos sociais ligados ao desenvolvimento urbano e habita\u00e7\u00e3o. Pela primeira vez, o curso do Insper ser\u00e1 realizado fora de S\u00e3o Paulo, marcando um importante momento de descentraliza\u00e7\u00e3o das discuss\u00f5es sobre pol\u00edticas p\u00fablicas de habita\u00e7\u00e3o e fortalecimento das lideran\u00e7as locais no tema. O evento acontecer\u00e1 no Bugan Hotel Recife by Atlantica, localizado no bairro de Boa Viagem, em [&hellip;]<\/p>\n","protected":false},"author":2,"featured_media":20090,"comment_status":"open","ping_status":"open","sticky":false,"template":"","format":"standard","meta":{"_jetpack_newsletter_access":"","_jetpack_dont_email_post_to_subs":false,"_jetpack_newsletter_tier_id":0,"_jetpack_memberships_contains_paywalled_content":false,"_jetpack_feature_clip_id":0,"_jetpack_memberships_contains_paid_content":false,"footnotes":"","jetpack_publicize_message":"","jetpack_publicize_feature_enabled":true,"jetpack_social_post_already_shared":true,"jetpack_social_options":{"image_generator_settings":{"template":"highway","default_image_id":0,"font":"","enabled":false},"version":2},"jetpack_post_was_ever_published":false},"categories":[1],"tags":[],"class_list":["post-20089","post","type-post","status-publish","format-standard","has-post-thumbnail","hentry","category-uncategorized"],"aioseo_notices":[],"aioseo_head":"\n\t\t<!-- All in One SEO 4.9.10 - aioseo.com -->\n\t<meta name=\"description\" content=\"Nesta segunda-feira (27), a governadora de Pernambuco, Raquel Lyra, dar\u00e1 in\u00edcio \u00e0 primeira aula do curso \u201cPol\u00edticas Habitacionais: Resultados e Desafios\u201d, promovido pelo Insper. O treinamento \u00e9 voltado \u00e0 capacita\u00e7\u00e3o de gestores p\u00fablicos municipais e estaduais, lideran\u00e7as do setor habitacional e representantes de movimentos sociais ligados ao desenvolvimento urbano e habita\u00e7\u00e3o. Pela primeira vez, o\" \/>\n\t<meta name=\"robots\" content=\"max-image-preview:large\" \/>\n\t<meta name=\"author\" content=\"serrafm87\"\/>\n\t<link rel=\"canonical\" href=\"https:\/\/serrafm879.com.br\/serrafm\/2025\/01\/raquel-lyra-abre-curso-de-capacitacao-em-habitacao-para-gestores-municipais\/\" \/>\n\t<meta name=\"generator\" content=\"All in One SEO (AIOSEO) 4.9.10\" \/>\n\t\t<meta name=\"twitter:card\" content=\"summary_large_image\" \/>\n\t\t<meta name=\"twitter:title\" content=\"Raquel Lyra abre curso de capacita\u00e7\u00e3o em habita\u00e7\u00e3o para gestores municipais - Serra FM 87,9\" \/>\n\t\t<meta name=\"twitter:description\" content=\"Nesta segunda-feira (27), a governadora de Pernambuco, Raquel Lyra, dar\u00e1 in\u00edcio \u00e0 primeira aula do curso \u201cPol\u00edticas Habitacionais: Resultados e Desafios\u201d, promovido pelo Insper. O treinamento \u00e9 voltado \u00e0 capacita\u00e7\u00e3o de gestores p\u00fablicos municipais e estaduais, lideran\u00e7as do setor habitacional e representantes de movimentos sociais ligados ao desenvolvimento urbano e habita\u00e7\u00e3o. Pela primeira vez, o\" \/>\n\t\t<meta name=\"twitter:image\" content=\"https:\/\/serrafm879.com.br\/serrafm\/wp-content\/uploads\/2025\/01\/Anotacao-2025-01-27-092845.png\" \/>\n\t\t<script type=\"application\/ld+json\" class=\"aioseo-schema\">\n\t\t\t{\"@context\":\"https:\\\/\\\/schema.org\",\"@graph\":[{\"@type\":\"BlogPosting\",\"@id\":\"https:\\\/\\\/serrafm879.com.br\\\/serrafm\\\/2025\\\/01\\\/raquel-lyra-abre-curso-de-capacitacao-em-habitacao-para-gestores-municipais\\\/#blogposting\",\"name\":\"Raquel Lyra abre curso de capacita\\u00e7\\u00e3o em habita\\u00e7\\u00e3o para gestores municipais - Serra FM 87,9\",\"headline\":\"Raquel Lyra abre curso de capacita\\u00e7\\u00e3o em habita\\u00e7\\u00e3o para gestores municipais\",\"author\":{\"@id\":\"https:\\\/\\\/serrafm879.com.br\\\/serrafm\\\/author\\\/serrafm87\\\/#author\"},\"publisher\":{\"@id\":\"https:\\\/\\\/serrafm879.com.br\\\/serrafm\\\/#organization\"},\"image\":{\"@type\":\"ImageObject\",\"url\":\"https:\\\/\\\/serrafm879.com.br\\\/serrafm\\\/wp-content\\\/uploads\\\/2025\\\/01\\\/Anotacao-2025-01-27-092845.png\",\"width\":353,\"height\":256},\"datePublished\":\"2025-01-27T09:29:46-03:00\",\"dateModified\":\"2025-01-27T09:29:46-03:00\",\"inLanguage\":\"pt-BR\",\"mainEntityOfPage\":{\"@id\":\"https:\\\/\\\/serrafm879.com.br\\\/serrafm\\\/2025\\\/01\\\/raquel-lyra-abre-curso-de-capacitacao-em-habitacao-para-gestores-municipais\\\/#webpage\"},\"isPartOf\":{\"@id\":\"https:\\\/\\\/serrafm879.com.br\\\/serrafm\\\/2025\\\/01\\\/raquel-lyra-abre-curso-de-capacitacao-em-habitacao-para-gestores-municipais\\\/#webpage\"},\"articleSection\":\"Uncategorized\"},{\"@type\":\"BreadcrumbList\",\"@id\":\"https:\\\/\\\/serrafm879.com.br\\\/serrafm\\\/2025\\\/01\\\/raquel-lyra-abre-curso-de-capacitacao-em-habitacao-para-gestores-municipais\\\/#breadcrumblist\",\"itemListElement\":[{\"@type\":\"ListItem\",\"@id\":\"https:\\\/\\\/serrafm879.com.br\\\/serrafm#listItem\",\"position\":1,\"name\":\"Home\",\"item\":\"https:\\\/\\\/serrafm879.com.br\\\/serrafm\",\"nextItem\":{\"@type\":\"ListItem\",\"@id\":\"https:\\\/\\\/serrafm879.com.br\\\/serrafm\\\/categoria\\\/uncategorized\\\/#listItem\",\"name\":\"Uncategorized\"}},{\"@type\":\"ListItem\",\"@id\":\"https:\\\/\\\/serrafm879.com.br\\\/serrafm\\\/categoria\\\/uncategorized\\\/#listItem\",\"position\":2,\"name\":\"Uncategorized\",\"item\":\"https:\\\/\\\/serrafm879.com.br\\\/serrafm\\\/categoria\\\/uncategorized\\\/\",\"nextItem\":{\"@type\":\"ListItem\",\"@id\":\"https:\\\/\\\/serrafm879.com.br\\\/serrafm\\\/2025\\\/01\\\/raquel-lyra-abre-curso-de-capacitacao-em-habitacao-para-gestores-municipais\\\/#listItem\",\"name\":\"Raquel Lyra abre curso de capacita\\u00e7\\u00e3o em habita\\u00e7\\u00e3o para gestores municipais\"},\"previousItem\":{\"@type\":\"ListItem\",\"@id\":\"https:\\\/\\\/serrafm879.com.br\\\/serrafm#listItem\",\"name\":\"Home\"}},{\"@type\":\"ListItem\",\"@id\":\"https:\\\/\\\/serrafm879.com.br\\\/serrafm\\\/2025\\\/01\\\/raquel-lyra-abre-curso-de-capacitacao-em-habitacao-para-gestores-municipais\\\/#listItem\",\"position\":3,\"name\":\"Raquel Lyra abre curso de capacita\\u00e7\\u00e3o em habita\\u00e7\\u00e3o para gestores municipais\",\"previousItem\":{\"@type\":\"ListItem\",\"@id\":\"https:\\\/\\\/serrafm879.com.br\\\/serrafm\\\/categoria\\\/uncategorized\\\/#listItem\",\"name\":\"Uncategorized\"}}]},{\"@type\":\"Organization\",\"@id\":\"https:\\\/\\\/serrafm879.com.br\\\/serrafm\\\/#organization\",\"name\":\"Serra FM 87,9\",\"description\":\"O seu novo amor!\",\"url\":\"https:\\\/\\\/serrafm879.com.br\\\/serrafm\\\/\"},{\"@type\":\"Person\",\"@id\":\"https:\\\/\\\/serrafm879.com.br\\\/serrafm\\\/author\\\/serrafm87\\\/#author\",\"url\":\"https:\\\/\\\/serrafm879.com.br\\\/serrafm\\\/author\\\/serrafm87\\\/\",\"name\":\"serrafm87\",\"image\":{\"@type\":\"ImageObject\",\"@id\":\"https:\\\/\\\/serrafm879.com.br\\\/serrafm\\\/2025\\\/01\\\/raquel-lyra-abre-curso-de-capacitacao-em-habitacao-para-gestores-municipais\\\/#authorImage\",\"url\":\"https:\\\/\\\/secure.gravatar.com\\\/avatar\\\/a743233f1112d34f48bb3dc9559b76eb930bab8b27175856cba6362608736235?s=96&d=mm&r=g\",\"width\":96,\"height\":96,\"caption\":\"serrafm87\"}},{\"@type\":\"WebPage\",\"@id\":\"https:\\\/\\\/serrafm879.com.br\\\/serrafm\\\/2025\\\/01\\\/raquel-lyra-abre-curso-de-capacitacao-em-habitacao-para-gestores-municipais\\\/#webpage\",\"url\":\"https:\\\/\\\/serrafm879.com.br\\\/serrafm\\\/2025\\\/01\\\/raquel-lyra-abre-curso-de-capacitacao-em-habitacao-para-gestores-municipais\\\/\",\"name\":\"Raquel Lyra abre curso de capacita\\u00e7\\u00e3o em habita\\u00e7\\u00e3o para gestores municipais - Serra FM 87,9\",\"description\":\"Nesta segunda-feira (27), a governadora de Pernambuco, Raquel Lyra, dar\\u00e1 in\\u00edcio \\u00e0 primeira aula do curso \\u201cPol\\u00edticas Habitacionais: Resultados e Desafios\\u201d, promovido pelo Insper. O treinamento \\u00e9 voltado \\u00e0 capacita\\u00e7\\u00e3o de gestores p\\u00fablicos municipais e estaduais, lideran\\u00e7as do setor habitacional e representantes de movimentos sociais ligados ao desenvolvimento urbano e habita\\u00e7\\u00e3o. Pela primeira vez, o\",\"inLanguage\":\"pt-BR\",\"isPartOf\":{\"@id\":\"https:\\\/\\\/serrafm879.com.br\\\/serrafm\\\/#website\"},\"breadcrumb\":{\"@id\":\"https:\\\/\\\/serrafm879.com.br\\\/serrafm\\\/2025\\\/01\\\/raquel-lyra-abre-curso-de-capacitacao-em-habitacao-para-gestores-municipais\\\/#breadcrumblist\"},\"author\":{\"@id\":\"https:\\\/\\\/serrafm879.com.br\\\/serrafm\\\/author\\\/serrafm87\\\/#author\"},\"creator\":{\"@id\":\"https:\\\/\\\/serrafm879.com.br\\\/serrafm\\\/author\\\/serrafm87\\\/#author\"},\"image\":{\"@type\":\"ImageObject\",\"url\":\"https:\\\/\\\/serrafm879.com.br\\\/serrafm\\\/wp-content\\\/uploads\\\/2025\\\/01\\\/Anotacao-2025-01-27-092845.png\",\"@id\":\"https:\\\/\\\/serrafm879.com.br\\\/serrafm\\\/2025\\\/01\\\/raquel-lyra-abre-curso-de-capacitacao-em-habitacao-para-gestores-municipais\\\/#mainImage\",\"width\":353,\"height\":256},\"primaryImageOfPage\":{\"@id\":\"https:\\\/\\\/serrafm879.com.br\\\/serrafm\\\/2025\\\/01\\\/raquel-lyra-abre-curso-de-capacitacao-em-habitacao-para-gestores-municipais\\\/#mainImage\"},\"datePublished\":\"2025-01-27T09:29:46-03:00\",\"dateModified\":\"2025-01-27T09:29:46-03:00\"},{\"@type\":\"WebSite\",\"@id\":\"https:\\\/\\\/serrafm879.com.br\\\/serrafm\\\/#website\",\"url\":\"https:\\\/\\\/serrafm879.com.br\\\/serrafm\\\/\",\"name\":\"Serra FM 87,9\",\"description\":\"O seu novo amor!\",\"inLanguage\":\"pt-BR\",\"publisher\":{\"@id\":\"https:\\\/\\\/serrafm879.com.br\\\/serrafm\\\/#organization\"}}]}\n\t\t<\/script>\n\t\t<!-- All in One SEO -->\n\n","aioseo_head_json":{"title":"Raquel Lyra abre curso de capacita\u00e7\u00e3o em habita\u00e7\u00e3o para gestores municipais - Serra FM 87,9","description":"Nesta segunda-feira (27), a governadora de Pernambuco, Raquel Lyra, dar\u00e1 in\u00edcio \u00e0 primeira aula do curso \u201cPol\u00edticas Habitacionais: Resultados e Desafios\u201d, promovido pelo Insper. O treinamento \u00e9 voltado \u00e0 capacita\u00e7\u00e3o de gestores p\u00fablicos municipais e estaduais, lideran\u00e7as do setor habitacional e representantes de movimentos sociais ligados ao desenvolvimento urbano e habita\u00e7\u00e3o. Pela primeira vez, o","canonical_url":"https:\/\/serrafm879.com.br\/serrafm\/2025\/01\/raquel-lyra-abre-curso-de-capacitacao-em-habitacao-para-gestores-municipais\/","robots":"max-image-preview:large","keywords":"","webmasterTools":{"miscellaneous":""},"schema":{"@context":"https:\/\/schema.org","@graph":[{"@type":"BlogPosting","@id":"https:\/\/serrafm879.com.br\/serrafm\/2025\/01\/raquel-lyra-abre-curso-de-capacitacao-em-habitacao-para-gestores-municipais\/#blogposting","name":"Raquel Lyra abre curso de capacita\u00e7\u00e3o em habita\u00e7\u00e3o para gestores municipais - Serra FM 87,9","headline":"Raquel Lyra abre curso de capacita\u00e7\u00e3o em habita\u00e7\u00e3o para gestores municipais","author":{"@id":"https:\/\/serrafm879.com.br\/serrafm\/author\/serrafm87\/#author"},"publisher":{"@id":"https:\/\/serrafm879.com.br\/serrafm\/#organization"},"image":{"@type":"ImageObject","url":"https:\/\/serrafm879.com.br\/serrafm\/wp-content\/uploads\/2025\/01\/Anotacao-2025-01-27-092845.png","width":353,"height":256},"datePublished":"2025-01-27T09:29:46-03:00","dateModified":"2025-01-27T09:29:46-03:00","inLanguage":"pt-BR","mainEntityOfPage":{"@id":"https:\/\/serrafm879.com.br\/serrafm\/2025\/01\/raquel-lyra-abre-curso-de-capacitacao-em-habitacao-para-gestores-municipais\/#webpage"},"isPartOf":{"@id":"https:\/\/serrafm879.com.br\/serrafm\/2025\/01\/raquel-lyra-abre-curso-de-capacitacao-em-habitacao-para-gestores-municipais\/#webpage"},"articleSection":"Uncategorized"},{"@type":"BreadcrumbList","@id":"https:\/\/serrafm879.com.br\/serrafm\/2025\/01\/raquel-lyra-abre-curso-de-capacitacao-em-habitacao-para-gestores-municipais\/#breadcrumblist","itemListElement":[{"@type":"ListItem","@id":"https:\/\/serrafm879.com.br\/serrafm#listItem","position":1,"name":"Home","item":"https:\/\/serrafm879.com.br\/serrafm","nextItem":{"@type":"ListItem","@id":"https:\/\/serrafm879.com.br\/serrafm\/categoria\/uncategorized\/#listItem","name":"Uncategorized"}},{"@type":"ListItem","@id":"https:\/\/serrafm879.com.br\/serrafm\/categoria\/uncategorized\/#listItem","position":2,"name":"Uncategorized","item":"https:\/\/serrafm879.com.br\/serrafm\/categoria\/uncategorized\/","nextItem":{"@type":"ListItem","@id":"https:\/\/serrafm879.com.br\/serrafm\/2025\/01\/raquel-lyra-abre-curso-de-capacitacao-em-habitacao-para-gestores-municipais\/#listItem","name":"Raquel Lyra abre curso de capacita\u00e7\u00e3o em habita\u00e7\u00e3o para gestores municipais"},"previousItem":{"@type":"ListItem","@id":"https:\/\/serrafm879.com.br\/serrafm#listItem","name":"Home"}},{"@type":"ListItem","@id":"https:\/\/serrafm879.com.br\/serrafm\/2025\/01\/raquel-lyra-abre-curso-de-capacitacao-em-habitacao-para-gestores-municipais\/#listItem","position":3,"name":"Raquel Lyra abre curso de capacita\u00e7\u00e3o em habita\u00e7\u00e3o para gestores municipais","previousItem":{"@type":"ListItem","@id":"https:\/\/serrafm879.com.br\/serrafm\/categoria\/uncategorized\/#listItem","name":"Uncategorized"}}]},{"@type":"Organization","@id":"https:\/\/serrafm879.com.br\/serrafm\/#organization","name":"Serra FM 87,9","description":"O seu novo amor!","url":"https:\/\/serrafm879.com.br\/serrafm\/"},{"@type":"Person","@id":"https:\/\/serrafm879.com.br\/serrafm\/author\/serrafm87\/#author","url":"https:\/\/serrafm879.com.br\/serrafm\/author\/serrafm87\/","name":"serrafm87","image":{"@type":"ImageObject","@id":"https:\/\/serrafm879.com.br\/serrafm\/2025\/01\/raquel-lyra-abre-curso-de-capacitacao-em-habitacao-para-gestores-municipais\/#authorImage","url":"https:\/\/secure.gravatar.com\/avatar\/a743233f1112d34f48bb3dc9559b76eb930bab8b27175856cba6362608736235?s=96&d=mm&r=g","width":96,"height":96,"caption":"serrafm87"}},{"@type":"WebPage","@id":"https:\/\/serrafm879.com.br\/serrafm\/2025\/01\/raquel-lyra-abre-curso-de-capacitacao-em-habitacao-para-gestores-municipais\/#webpage","url":"https:\/\/serrafm879.com.br\/serrafm\/2025\/01\/raquel-lyra-abre-curso-de-capacitacao-em-habitacao-para-gestores-municipais\/","name":"Raquel Lyra abre curso de capacita\u00e7\u00e3o em habita\u00e7\u00e3o para gestores municipais - Serra FM 87,9","description":"Nesta segunda-feira (27), a governadora de Pernambuco, Raquel Lyra, dar\u00e1 in\u00edcio \u00e0 primeira aula do curso \u201cPol\u00edticas Habitacionais: Resultados e Desafios\u201d, promovido pelo Insper. O treinamento \u00e9 voltado \u00e0 capacita\u00e7\u00e3o de gestores p\u00fablicos municipais e estaduais, lideran\u00e7as do setor habitacional e representantes de movimentos sociais ligados ao desenvolvimento urbano e habita\u00e7\u00e3o. Pela primeira vez, o","inLanguage":"pt-BR","isPartOf":{"@id":"https:\/\/serrafm879.com.br\/serrafm\/#website"},"breadcrumb":{"@id":"https:\/\/serrafm879.com.br\/serrafm\/2025\/01\/raquel-lyra-abre-curso-de-capacitacao-em-habitacao-para-gestores-municipais\/#breadcrumblist"},"author":{"@id":"https:\/\/serrafm879.com.br\/serrafm\/author\/serrafm87\/#author"},"creator":{"@id":"https:\/\/serrafm879.com.br\/serrafm\/author\/serrafm87\/#author"},"image":{"@type":"ImageObject","url":"https:\/\/serrafm879.com.br\/serrafm\/wp-content\/uploads\/2025\/01\/Anotacao-2025-01-27-092845.png","@id":"https:\/\/serrafm879.com.br\/serrafm\/2025\/01\/raquel-lyra-abre-curso-de-capacitacao-em-habitacao-para-gestores-municipais\/#mainImage","width":353,"height":256},"primaryImageOfPage":{"@id":"https:\/\/serrafm879.com.br\/serrafm\/2025\/01\/raquel-lyra-abre-curso-de-capacitacao-em-habitacao-para-gestores-municipais\/#mainImage"},"datePublished":"2025-01-27T09:29:46-03:00","dateModified":"2025-01-27T09:29:46-03:00"},{"@type":"WebSite","@id":"https:\/\/serrafm879.com.br\/serrafm\/#website","url":"https:\/\/serrafm879.com.br\/serrafm\/","name":"Serra FM 87,9","description":"O seu novo amor!","inLanguage":"pt-BR","publisher":{"@id":"https:\/\/serrafm879.com.br\/serrafm\/#organization"}}]},"twitter:card":"summary_large_image","twitter:title":"Raquel Lyra abre curso de capacita\u00e7\u00e3o em habita\u00e7\u00e3o para gestores municipais - Serra FM 87,9","twitter:description":"Nesta segunda-feira (27), a governadora de Pernambuco, Raquel Lyra, dar\u00e1 in\u00edcio \u00e0 primeira aula do curso \u201cPol\u00edticas Habitacionais: Resultados e Desafios\u201d, promovido pelo Insper. O treinamento \u00e9 voltado \u00e0 capacita\u00e7\u00e3o de gestores p\u00fablicos municipais e estaduais, lideran\u00e7as do setor habitacional e representantes de movimentos sociais ligados ao desenvolvimento urbano e habita\u00e7\u00e3o. Pela primeira vez, o","twitter:image":"https:\/\/serrafm879.com.br\/serrafm\/wp-content\/uploads\/2025\/01\/Anotacao-2025-01-27-092845.png"},"aioseo_meta_data":{"post_id":"20089","title":null,"description":null,"keywords":null,"keyphrases":null,"primary_term":null,"canonical_url":null,"og_title":null,"og_description":null,"og_object_type":"default","og_image_type":"default","og_image_custom_url":null,"og_image_custom_fields":null,"og_image_url":null,"og_image_width":null,"og_image_height":null,"og_video":null,"og_custom_url":null,"og_article_section":null,"og_article_tags":null,"twitter_use_og":false,"twitter_card":"default","twitter_image_type":"default","twitter_image_custom_url":null,"twitter_image_custom_fields":null,"twitter_image_url":null,"twitter_title":null,"twitter_description":null,"schema_type":"default","schema_type_options":null,"schema":{"blockGraphs":[],"customGraphs":[],"default":{"data":{"Article":[],"Course":[],"Dataset":[],"FAQPage":[],"Movie":[],"Person":[],"Product":[],"ProductReview":[],"Car":[],"Recipe":[],"Service":[],"SoftwareApplication":[],"WebPage":[]},"graphName":"","isEnabled":true},"graphs":[]},"pillar_content":false,"robots_default":true,"robots_noindex":false,"robots_noarchive":false,"robots_nosnippet":false,"robots_nofollow":false,"robots_noimageindex":false,"robots_noodp":false,"robots_notranslate":false,"robots_max_snippet":null,"robots_max_videopreview":null,"robots_max_imagepreview":"large","priority":null,"frequency":null,"local_seo":null,"limit_modified_date":false,"ai":null,"breadcrumb_settings":null,"seo_analyzer_scan_date":null,"created":"2026-07-21 13:19:21","updated":"2026-07-21 13:19:21"},"aioseo_breadcrumb":"<div class=\"aioseo-breadcrumbs\"><span class=\"aioseo-breadcrumb\">\n\t\t\t<a href=\"https:\/\/serrafm879.com.br\/serrafm\" title=\"Home\">Home<\/a>\n\t\t<\/span><span class=\"aioseo-breadcrumb-separator\">&raquo;<\/span><span class=\"aioseo-breadcrumb\">\n\t\t\t<a href=\"https:\/\/serrafm879.com.br\/serrafm\/categoria\/uncategorized\/\" title=\"Uncategorized\">Uncategorized<\/a>\n\t\t<\/span><span class=\"aioseo-breadcrumb-separator\">&raquo;<\/span><span class=\"aioseo-breadcrumb\">\n\t\t\tRaquel Lyra abre curso de capacita\u00e7\u00e3o em habita\u00e7\u00e3o para gestores municipais\n\t\t<\/span><\/div>","aioseo_breadcrumb_json":[{"label":"Home","link":"https:\/\/serrafm879.com.br\/serrafm"},{"label":"Uncategorized","link":"https:\/\/serrafm879.com.br\/serrafm\/categoria\/uncategorized\/"},{"label":"Raquel Lyra abre curso de capacita\u00e7\u00e3o em habita\u00e7\u00e3o para gestores municipais","link":"https:\/\/serrafm879.com.br\/serrafm\/2025\/01\/raquel-lyra-abre-curso-de-capacitacao-em-habitacao-para-gestores-municipais\/"}],"jetpack_publicize_connections":[],"jetpack_featured_media_url":"https:\/\/serrafm879.com.br\/serrafm\/wp-content\/uploads\/2025\/01\/Anotacao-2025-01-27-092845.png","jetpack_shortlink":"https:\/\/wp.me\/p7HyXg-5e1","jetpack_sharing_enabled":true,"_links":{"self":[{"href":"https:\/\/serrafm879.com.br\/serrafm\/wp-json\/wp\/v2\/posts\/20089","targetHints":{"allow":["GET"]}}],"collection":[{"href":"https:\/\/serrafm879.com.br\/serrafm\/wp-json\/wp\/v2\/posts"}],"about":[{"href":"https:\/\/serrafm879.com.br\/serrafm\/wp-json\/wp\/v2\/types\/post"}],"author":[{"embeddable":true,"href":"https:\/\/serrafm879.com.br\/serrafm\/wp-json\/wp\/v2\/users\/2"}],"replies":[{"embeddable":true,"href":"https:\/\/serrafm879.com.br\/serrafm\/wp-json\/wp\/v2\/comments?post=20089"}],"version-history":[{"count":1,"href":"https:\/\/serrafm879.com.br\/serrafm\/wp-json\/wp\/v2\/posts\/20089\/revisions"}],"predecessor-version":[{"id":20091,"href":"https:\/\/serrafm879.com.br\/serrafm\/wp-json\/wp\/v2\/posts\/20089\/revisions\/20091"}],"wp:featuredmedia":[{"embeddable":true,"href":"https:\/\/serrafm879.com.br\/serrafm\/wp-json\/wp\/v2\/media\/20090"}],"wp:attachment":[{"href":"https:\/\/serrafm879.com.br\/serrafm\/wp-json\/wp\/v2\/media?parent=20089"}],"wp:term":[{"taxonomy":"category","embeddable":true,"href":"https:\/\/serrafm879.com.br\/serrafm\/wp-json\/wp\/v2\/categories?post=20089"},{"taxonomy":"post_tag","embeddable":true,"href":"https:\/\/serrafm879.com.br\/serrafm\/wp-json\/wp\/v2\/tags?post=20089"}],"curies":[{"name":"wp","href":"https:\/\/api.w.org\/{rel}","templated":true}]}}