{"id":20149,"date":"2025-01-28T17:27:53","date_gmt":"2025-01-28T20:27:53","guid":{"rendered":"https:\/?p=20149"},"modified":"2025-01-28T17:31:27","modified_gmt":"2025-01-28T20:31:27","slug":"apac-preve-continuidade-de-chuva-no-sertao-ate-esta-quarta-feira-29","status":"publish","type":"post","link":"https:\/\/serrafm879.com.br\/serrafm\/2025\/01\/apac-preve-continuidade-de-chuva-no-sertao-ate-esta-quarta-feira-29\/","title":{"rendered":"Apac prev\u00ea continuidade de chuva no sert\u00e3o at\u00e9 esta quarta-feira (29)"},"content":{"rendered":"<p><span style=\"font-size: 1.1429rem;\">A Apac (Ag\u00eancia Pernambucana de \u00c1guas e Clima) divulgou um aviso de continuidade de chuva moderada at\u00e9 esta quarta-feira (29) em todas as regi\u00f5es do estado.<\/span><\/p>\n<p>Segundo a ag\u00eancia, a conflue\u0302ncia dos ventos causa aumento da instabilidade e deve ocasionar pancadas de chuvas de intensidade moderada.<\/p>\n<p>No peri\u0301odo do final da tarde e noite desta terc\u0327a-feira (28) no Serta\u0303o e Agreste, e no peri\u0301odo da madrugada da quarta-feira (29) na Zona da Mata e Regia\u0303o Metropolitana do Recife.<\/p>\n","protected":false},"excerpt":{"rendered":"<p>A Apac (Ag\u00eancia Pernambucana de \u00c1guas e Clima) divulgou um aviso de continuidade de chuva moderada at\u00e9 esta quarta-feira (29) em todas as regi\u00f5es do estado. Segundo a ag\u00eancia, a conflue\u0302ncia dos ventos causa aumento da instabilidade e deve ocasionar pancadas de chuvas de intensidade moderada. No peri\u0301odo do final da tarde e noite desta terc\u0327a-feira (28) no Serta\u0303o e Agreste, e no peri\u0301odo da madrugada da quarta-feira (29) na Zona da Mata e Regia\u0303o Metropolitana do Recife.<\/p>\n","protected":false},"author":2,"featured_media":2435,"comment_status":"open","ping_status":"open","sticky":false,"template":"","format":"standard","meta":{"_jetpack_newsletter_access":"","_jetpack_dont_email_post_to_subs":false,"_jetpack_newsletter_tier_id":0,"_jetpack_memberships_contains_paywalled_content":false,"_jetpack_feature_clip_id":0,"_jetpack_memberships_contains_paid_content":false,"footnotes":"","jetpack_publicize_message":"","jetpack_publicize_feature_enabled":true,"jetpack_social_post_already_shared":true,"jetpack_social_options":{"image_generator_settings":{"template":"highway","default_image_id":0,"font":"","enabled":false},"version":2},"jetpack_post_was_ever_published":false},"categories":[1],"tags":[],"class_list":["post-20149","post","type-post","status-publish","format-standard","has-post-thumbnail","hentry","category-uncategorized"],"aioseo_notices":[],"aioseo_head":"\n\t\t<!-- All in One SEO 4.9.10 - aioseo.com -->\n\t<meta name=\"description\" content=\"A Apac (Ag\u00eancia Pernambucana de \u00c1guas e Clima) divulgou um aviso de continuidade de chuva moderada at\u00e9 esta quarta-feira (29) em todas as regi\u00f5es do estado. Segundo a ag\u00eancia, a conflue\u0302ncia dos ventos causa aumento da instabilidade e deve ocasionar pancadas de chuvas de intensidade moderada. No peri\u0301odo do final da tarde e noite desta\" \/>\n\t<meta name=\"robots\" content=\"max-image-preview:large\" \/>\n\t<meta name=\"author\" content=\"serrafm87\"\/>\n\t<link rel=\"canonical\" href=\"https:\/\/serrafm879.com.br\/serrafm\/2025\/01\/apac-preve-continuidade-de-chuva-no-sertao-ate-esta-quarta-feira-29\/\" \/>\n\t<meta name=\"generator\" content=\"All in One SEO (AIOSEO) 4.9.10\" \/>\n\t\t<meta name=\"twitter:card\" content=\"summary_large_image\" \/>\n\t\t<meta name=\"twitter:title\" content=\"Apac prev\u00ea continuidade de chuva no sert\u00e3o at\u00e9 esta quarta-feira (29) - Serra FM 87,9\" \/>\n\t\t<meta name=\"twitter:description\" content=\"A Apac (Ag\u00eancia Pernambucana de \u00c1guas e Clima) divulgou um aviso de continuidade de chuva moderada at\u00e9 esta quarta-feira (29) em todas as regi\u00f5es do estado. Segundo a ag\u00eancia, a conflue\u0302ncia dos ventos causa aumento da instabilidade e deve ocasionar pancadas de chuvas de intensidade moderada. No peri\u0301odo do final da tarde e noite desta\" \/>\n\t\t<meta name=\"twitter:image\" content=\"https:\/\/serrafm879.com.br\/serrafm\/wp-content\/uploads\/2020\/04\/serrachuva.jpg\" \/>\n\t\t<script type=\"application\/ld+json\" class=\"aioseo-schema\">\n\t\t\t{\"@context\":\"https:\\\/\\\/schema.org\",\"@graph\":[{\"@type\":\"BlogPosting\",\"@id\":\"https:\\\/\\\/serrafm879.com.br\\\/serrafm\\\/2025\\\/01\\\/apac-preve-continuidade-de-chuva-no-sertao-ate-esta-quarta-feira-29\\\/#blogposting\",\"name\":\"Apac prev\\u00ea continuidade de chuva no sert\\u00e3o at\\u00e9 esta quarta-feira (29) - Serra FM 87,9\",\"headline\":\"Apac prev\\u00ea continuidade de chuva no sert\\u00e3o at\\u00e9 esta quarta-feira (29)\",\"author\":{\"@id\":\"https:\\\/\\\/serrafm879.com.br\\\/serrafm\\\/author\\\/serrafm87\\\/#author\"},\"publisher\":{\"@id\":\"https:\\\/\\\/serrafm879.com.br\\\/serrafm\\\/#organization\"},\"image\":{\"@type\":\"ImageObject\",\"url\":\"https:\\\/\\\/serrafm879.com.br\\\/serrafm\\\/wp-content\\\/uploads\\\/2020\\\/04\\\/serrachuva.jpg\",\"width\":640,\"height\":360},\"datePublished\":\"2025-01-28T17:27:53-03:00\",\"dateModified\":\"2025-01-28T17:31:27-03:00\",\"inLanguage\":\"pt-BR\",\"mainEntityOfPage\":{\"@id\":\"https:\\\/\\\/serrafm879.com.br\\\/serrafm\\\/2025\\\/01\\\/apac-preve-continuidade-de-chuva-no-sertao-ate-esta-quarta-feira-29\\\/#webpage\"},\"isPartOf\":{\"@id\":\"https:\\\/\\\/serrafm879.com.br\\\/serrafm\\\/2025\\\/01\\\/apac-preve-continuidade-de-chuva-no-sertao-ate-esta-quarta-feira-29\\\/#webpage\"},\"articleSection\":\"Uncategorized\"},{\"@type\":\"BreadcrumbList\",\"@id\":\"https:\\\/\\\/serrafm879.com.br\\\/serrafm\\\/2025\\\/01\\\/apac-preve-continuidade-de-chuva-no-sertao-ate-esta-quarta-feira-29\\\/#breadcrumblist\",\"itemListElement\":[{\"@type\":\"ListItem\",\"@id\":\"https:\\\/\\\/serrafm879.com.br\\\/serrafm#listItem\",\"position\":1,\"name\":\"Home\",\"item\":\"https:\\\/\\\/serrafm879.com.br\\\/serrafm\",\"nextItem\":{\"@type\":\"ListItem\",\"@id\":\"https:\\\/\\\/serrafm879.com.br\\\/serrafm\\\/categoria\\\/uncategorized\\\/#listItem\",\"name\":\"Uncategorized\"}},{\"@type\":\"ListItem\",\"@id\":\"https:\\\/\\\/serrafm879.com.br\\\/serrafm\\\/categoria\\\/uncategorized\\\/#listItem\",\"position\":2,\"name\":\"Uncategorized\",\"item\":\"https:\\\/\\\/serrafm879.com.br\\\/serrafm\\\/categoria\\\/uncategorized\\\/\",\"nextItem\":{\"@type\":\"ListItem\",\"@id\":\"https:\\\/\\\/serrafm879.com.br\\\/serrafm\\\/2025\\\/01\\\/apac-preve-continuidade-de-chuva-no-sertao-ate-esta-quarta-feira-29\\\/#listItem\",\"name\":\"Apac prev\\u00ea continuidade de chuva no sert\\u00e3o at\\u00e9 esta quarta-feira (29)\"},\"previousItem\":{\"@type\":\"ListItem\",\"@id\":\"https:\\\/\\\/serrafm879.com.br\\\/serrafm#listItem\",\"name\":\"Home\"}},{\"@type\":\"ListItem\",\"@id\":\"https:\\\/\\\/serrafm879.com.br\\\/serrafm\\\/2025\\\/01\\\/apac-preve-continuidade-de-chuva-no-sertao-ate-esta-quarta-feira-29\\\/#listItem\",\"position\":3,\"name\":\"Apac prev\\u00ea continuidade de chuva no sert\\u00e3o at\\u00e9 esta quarta-feira (29)\",\"previousItem\":{\"@type\":\"ListItem\",\"@id\":\"https:\\\/\\\/serrafm879.com.br\\\/serrafm\\\/categoria\\\/uncategorized\\\/#listItem\",\"name\":\"Uncategorized\"}}]},{\"@type\":\"Organization\",\"@id\":\"https:\\\/\\\/serrafm879.com.br\\\/serrafm\\\/#organization\",\"name\":\"Serra FM 87,9\",\"description\":\"O seu novo amor!\",\"url\":\"https:\\\/\\\/serrafm879.com.br\\\/serrafm\\\/\"},{\"@type\":\"Person\",\"@id\":\"https:\\\/\\\/serrafm879.com.br\\\/serrafm\\\/author\\\/serrafm87\\\/#author\",\"url\":\"https:\\\/\\\/serrafm879.com.br\\\/serrafm\\\/author\\\/serrafm87\\\/\",\"name\":\"serrafm87\",\"image\":{\"@type\":\"ImageObject\",\"@id\":\"https:\\\/\\\/serrafm879.com.br\\\/serrafm\\\/2025\\\/01\\\/apac-preve-continuidade-de-chuva-no-sertao-ate-esta-quarta-feira-29\\\/#authorImage\",\"url\":\"https:\\\/\\\/secure.gravatar.com\\\/avatar\\\/a743233f1112d34f48bb3dc9559b76eb930bab8b27175856cba6362608736235?s=96&d=mm&r=g\",\"width\":96,\"height\":96,\"caption\":\"serrafm87\"}},{\"@type\":\"WebPage\",\"@id\":\"https:\\\/\\\/serrafm879.com.br\\\/serrafm\\\/2025\\\/01\\\/apac-preve-continuidade-de-chuva-no-sertao-ate-esta-quarta-feira-29\\\/#webpage\",\"url\":\"https:\\\/\\\/serrafm879.com.br\\\/serrafm\\\/2025\\\/01\\\/apac-preve-continuidade-de-chuva-no-sertao-ate-esta-quarta-feira-29\\\/\",\"name\":\"Apac prev\\u00ea continuidade de chuva no sert\\u00e3o at\\u00e9 esta quarta-feira (29) - Serra FM 87,9\",\"description\":\"A Apac (Ag\\u00eancia Pernambucana de \\u00c1guas e Clima) divulgou um aviso de continuidade de chuva moderada at\\u00e9 esta quarta-feira (29) em todas as regi\\u00f5es do estado. Segundo a ag\\u00eancia, a conflue\\u0302ncia dos ventos causa aumento da instabilidade e deve ocasionar pancadas de chuvas de intensidade moderada. No peri\\u0301odo do final da tarde e noite desta\",\"inLanguage\":\"pt-BR\",\"isPartOf\":{\"@id\":\"https:\\\/\\\/serrafm879.com.br\\\/serrafm\\\/#website\"},\"breadcrumb\":{\"@id\":\"https:\\\/\\\/serrafm879.com.br\\\/serrafm\\\/2025\\\/01\\\/apac-preve-continuidade-de-chuva-no-sertao-ate-esta-quarta-feira-29\\\/#breadcrumblist\"},\"author\":{\"@id\":\"https:\\\/\\\/serrafm879.com.br\\\/serrafm\\\/author\\\/serrafm87\\\/#author\"},\"creator\":{\"@id\":\"https:\\\/\\\/serrafm879.com.br\\\/serrafm\\\/author\\\/serrafm87\\\/#author\"},\"image\":{\"@type\":\"ImageObject\",\"url\":\"https:\\\/\\\/serrafm879.com.br\\\/serrafm\\\/wp-content\\\/uploads\\\/2020\\\/04\\\/serrachuva.jpg\",\"@id\":\"https:\\\/\\\/serrafm879.com.br\\\/serrafm\\\/2025\\\/01\\\/apac-preve-continuidade-de-chuva-no-sertao-ate-esta-quarta-feira-29\\\/#mainImage\",\"width\":640,\"height\":360},\"primaryImageOfPage\":{\"@id\":\"https:\\\/\\\/serrafm879.com.br\\\/serrafm\\\/2025\\\/01\\\/apac-preve-continuidade-de-chuva-no-sertao-ate-esta-quarta-feira-29\\\/#mainImage\"},\"datePublished\":\"2025-01-28T17:27:53-03:00\",\"dateModified\":\"2025-01-28T17:31:27-03:00\"},{\"@type\":\"WebSite\",\"@id\":\"https:\\\/\\\/serrafm879.com.br\\\/serrafm\\\/#website\",\"url\":\"https:\\\/\\\/serrafm879.com.br\\\/serrafm\\\/\",\"name\":\"Serra FM 87,9\",\"description\":\"O seu novo amor!\",\"inLanguage\":\"pt-BR\",\"publisher\":{\"@id\":\"https:\\\/\\\/serrafm879.com.br\\\/serrafm\\\/#organization\"}}]}\n\t\t<\/script>\n\t\t<!-- All in One SEO -->\n\n","aioseo_head_json":{"title":"Apac prev\u00ea continuidade de chuva no sert\u00e3o at\u00e9 esta quarta-feira (29) - Serra FM 87,9","description":"A Apac (Ag\u00eancia Pernambucana de \u00c1guas e Clima) divulgou um aviso de continuidade de chuva moderada at\u00e9 esta quarta-feira (29) em todas as regi\u00f5es do estado. Segundo a ag\u00eancia, a conflue\u0302ncia dos ventos causa aumento da instabilidade e deve ocasionar pancadas de chuvas de intensidade moderada. No peri\u0301odo do final da tarde e noite desta","canonical_url":"https:\/\/serrafm879.com.br\/serrafm\/2025\/01\/apac-preve-continuidade-de-chuva-no-sertao-ate-esta-quarta-feira-29\/","robots":"max-image-preview:large","keywords":"","webmasterTools":{"miscellaneous":""},"schema":{"@context":"https:\/\/schema.org","@graph":[{"@type":"BlogPosting","@id":"https:\/\/serrafm879.com.br\/serrafm\/2025\/01\/apac-preve-continuidade-de-chuva-no-sertao-ate-esta-quarta-feira-29\/#blogposting","name":"Apac prev\u00ea continuidade de chuva no sert\u00e3o at\u00e9 esta quarta-feira (29) - Serra FM 87,9","headline":"Apac prev\u00ea continuidade de chuva no sert\u00e3o at\u00e9 esta quarta-feira (29)","author":{"@id":"https:\/\/serrafm879.com.br\/serrafm\/author\/serrafm87\/#author"},"publisher":{"@id":"https:\/\/serrafm879.com.br\/serrafm\/#organization"},"image":{"@type":"ImageObject","url":"https:\/\/serrafm879.com.br\/serrafm\/wp-content\/uploads\/2020\/04\/serrachuva.jpg","width":640,"height":360},"datePublished":"2025-01-28T17:27:53-03:00","dateModified":"2025-01-28T17:31:27-03:00","inLanguage":"pt-BR","mainEntityOfPage":{"@id":"https:\/\/serrafm879.com.br\/serrafm\/2025\/01\/apac-preve-continuidade-de-chuva-no-sertao-ate-esta-quarta-feira-29\/#webpage"},"isPartOf":{"@id":"https:\/\/serrafm879.com.br\/serrafm\/2025\/01\/apac-preve-continuidade-de-chuva-no-sertao-ate-esta-quarta-feira-29\/#webpage"},"articleSection":"Uncategorized"},{"@type":"BreadcrumbList","@id":"https:\/\/serrafm879.com.br\/serrafm\/2025\/01\/apac-preve-continuidade-de-chuva-no-sertao-ate-esta-quarta-feira-29\/#breadcrumblist","itemListElement":[{"@type":"ListItem","@id":"https:\/\/serrafm879.com.br\/serrafm#listItem","position":1,"name":"Home","item":"https:\/\/serrafm879.com.br\/serrafm","nextItem":{"@type":"ListItem","@id":"https:\/\/serrafm879.com.br\/serrafm\/categoria\/uncategorized\/#listItem","name":"Uncategorized"}},{"@type":"ListItem","@id":"https:\/\/serrafm879.com.br\/serrafm\/categoria\/uncategorized\/#listItem","position":2,"name":"Uncategorized","item":"https:\/\/serrafm879.com.br\/serrafm\/categoria\/uncategorized\/","nextItem":{"@type":"ListItem","@id":"https:\/\/serrafm879.com.br\/serrafm\/2025\/01\/apac-preve-continuidade-de-chuva-no-sertao-ate-esta-quarta-feira-29\/#listItem","name":"Apac prev\u00ea continuidade de chuva no sert\u00e3o at\u00e9 esta quarta-feira (29)"},"previousItem":{"@type":"ListItem","@id":"https:\/\/serrafm879.com.br\/serrafm#listItem","name":"Home"}},{"@type":"ListItem","@id":"https:\/\/serrafm879.com.br\/serrafm\/2025\/01\/apac-preve-continuidade-de-chuva-no-sertao-ate-esta-quarta-feira-29\/#listItem","position":3,"name":"Apac prev\u00ea continuidade de chuva no sert\u00e3o at\u00e9 esta quarta-feira (29)","previousItem":{"@type":"ListItem","@id":"https:\/\/serrafm879.com.br\/serrafm\/categoria\/uncategorized\/#listItem","name":"Uncategorized"}}]},{"@type":"Organization","@id":"https:\/\/serrafm879.com.br\/serrafm\/#organization","name":"Serra FM 87,9","description":"O seu novo amor!","url":"https:\/\/serrafm879.com.br\/serrafm\/"},{"@type":"Person","@id":"https:\/\/serrafm879.com.br\/serrafm\/author\/serrafm87\/#author","url":"https:\/\/serrafm879.com.br\/serrafm\/author\/serrafm87\/","name":"serrafm87","image":{"@type":"ImageObject","@id":"https:\/\/serrafm879.com.br\/serrafm\/2025\/01\/apac-preve-continuidade-de-chuva-no-sertao-ate-esta-quarta-feira-29\/#authorImage","url":"https:\/\/secure.gravatar.com\/avatar\/a743233f1112d34f48bb3dc9559b76eb930bab8b27175856cba6362608736235?s=96&d=mm&r=g","width":96,"height":96,"caption":"serrafm87"}},{"@type":"WebPage","@id":"https:\/\/serrafm879.com.br\/serrafm\/2025\/01\/apac-preve-continuidade-de-chuva-no-sertao-ate-esta-quarta-feira-29\/#webpage","url":"https:\/\/serrafm879.com.br\/serrafm\/2025\/01\/apac-preve-continuidade-de-chuva-no-sertao-ate-esta-quarta-feira-29\/","name":"Apac prev\u00ea continuidade de chuva no sert\u00e3o at\u00e9 esta quarta-feira (29) - Serra FM 87,9","description":"A Apac (Ag\u00eancia Pernambucana de \u00c1guas e Clima) divulgou um aviso de continuidade de chuva moderada at\u00e9 esta quarta-feira (29) em todas as regi\u00f5es do estado. Segundo a ag\u00eancia, a conflue\u0302ncia dos ventos causa aumento da instabilidade e deve ocasionar pancadas de chuvas de intensidade moderada. No peri\u0301odo do final da tarde e noite desta","inLanguage":"pt-BR","isPartOf":{"@id":"https:\/\/serrafm879.com.br\/serrafm\/#website"},"breadcrumb":{"@id":"https:\/\/serrafm879.com.br\/serrafm\/2025\/01\/apac-preve-continuidade-de-chuva-no-sertao-ate-esta-quarta-feira-29\/#breadcrumblist"},"author":{"@id":"https:\/\/serrafm879.com.br\/serrafm\/author\/serrafm87\/#author"},"creator":{"@id":"https:\/\/serrafm879.com.br\/serrafm\/author\/serrafm87\/#author"},"image":{"@type":"ImageObject","url":"https:\/\/serrafm879.com.br\/serrafm\/wp-content\/uploads\/2020\/04\/serrachuva.jpg","@id":"https:\/\/serrafm879.com.br\/serrafm\/2025\/01\/apac-preve-continuidade-de-chuva-no-sertao-ate-esta-quarta-feira-29\/#mainImage","width":640,"height":360},"primaryImageOfPage":{"@id":"https:\/\/serrafm879.com.br\/serrafm\/2025\/01\/apac-preve-continuidade-de-chuva-no-sertao-ate-esta-quarta-feira-29\/#mainImage"},"datePublished":"2025-01-28T17:27:53-03:00","dateModified":"2025-01-28T17:31:27-03:00"},{"@type":"WebSite","@id":"https:\/\/serrafm879.com.br\/serrafm\/#website","url":"https:\/\/serrafm879.com.br\/serrafm\/","name":"Serra FM 87,9","description":"O seu novo amor!","inLanguage":"pt-BR","publisher":{"@id":"https:\/\/serrafm879.com.br\/serrafm\/#organization"}}]},"twitter:card":"summary_large_image","twitter:title":"Apac prev\u00ea continuidade de chuva no sert\u00e3o at\u00e9 esta quarta-feira (29) - Serra FM 87,9","twitter:description":"A Apac (Ag\u00eancia Pernambucana de \u00c1guas e Clima) divulgou um aviso de continuidade de chuva moderada at\u00e9 esta quarta-feira (29) em todas as regi\u00f5es do estado. Segundo a ag\u00eancia, a conflue\u0302ncia dos ventos causa aumento da instabilidade e deve ocasionar pancadas de chuvas de intensidade moderada. No peri\u0301odo do final da tarde e noite desta","twitter:image":"https:\/\/serrafm879.com.br\/serrafm\/wp-content\/uploads\/2020\/04\/serrachuva.jpg"},"aioseo_meta_data":{"post_id":"20149","title":null,"description":null,"keywords":null,"keyphrases":null,"primary_term":null,"canonical_url":null,"og_title":null,"og_description":null,"og_object_type":"default","og_image_type":"default","og_image_custom_url":null,"og_image_custom_fields":null,"og_image_url":null,"og_image_width":null,"og_image_height":null,"og_video":null,"og_custom_url":null,"og_article_section":null,"og_article_tags":null,"twitter_use_og":false,"twitter_card":"default","twitter_image_type":"default","twitter_image_custom_url":null,"twitter_image_custom_fields":null,"twitter_image_url":null,"twitter_title":null,"twitter_description":null,"schema_type":"default","schema_type_options":null,"schema":{"blockGraphs":[],"customGraphs":[],"default":{"data":{"Article":[],"Course":[],"Dataset":[],"FAQPage":[],"Movie":[],"Person":[],"Product":[],"ProductReview":[],"Car":[],"Recipe":[],"Service":[],"SoftwareApplication":[],"WebPage":[]},"graphName":"","isEnabled":true},"graphs":[]},"pillar_content":false,"robots_default":true,"robots_noindex":false,"robots_noarchive":false,"robots_nosnippet":false,"robots_nofollow":false,"robots_noimageindex":false,"robots_noodp":false,"robots_notranslate":false,"robots_max_snippet":null,"robots_max_videopreview":null,"robots_max_imagepreview":"large","priority":null,"frequency":null,"local_seo":null,"limit_modified_date":false,"ai":null,"breadcrumb_settings":null,"seo_analyzer_scan_date":null,"created":"2026-07-21 13:22:07","updated":"2026-07-21 13:22:07"},"aioseo_breadcrumb":"<div class=\"aioseo-breadcrumbs\"><span class=\"aioseo-breadcrumb\">\n\t\t\t<a href=\"https:\/\/serrafm879.com.br\/serrafm\" title=\"Home\">Home<\/a>\n\t\t<\/span><span class=\"aioseo-breadcrumb-separator\">&raquo;<\/span><span class=\"aioseo-breadcrumb\">\n\t\t\t<a href=\"https:\/\/serrafm879.com.br\/serrafm\/categoria\/uncategorized\/\" title=\"Uncategorized\">Uncategorized<\/a>\n\t\t<\/span><span class=\"aioseo-breadcrumb-separator\">&raquo;<\/span><span class=\"aioseo-breadcrumb\">\n\t\t\tApac prev\u00ea continuidade de chuva no sert\u00e3o at\u00e9 esta quarta-feira (29)\n\t\t<\/span><\/div>","aioseo_breadcrumb_json":[{"label":"Home","link":"https:\/\/serrafm879.com.br\/serrafm"},{"label":"Uncategorized","link":"https:\/\/serrafm879.com.br\/serrafm\/categoria\/uncategorized\/"},{"label":"Apac prev\u00ea continuidade de chuva no sert\u00e3o at\u00e9 esta quarta-feira (29)","link":"https:\/\/serrafm879.com.br\/serrafm\/2025\/01\/apac-preve-continuidade-de-chuva-no-sertao-ate-esta-quarta-feira-29\/"}],"jetpack_publicize_connections":[],"jetpack_featured_media_url":"https:\/\/serrafm879.com.br\/serrafm\/wp-content\/uploads\/2020\/04\/serrachuva.jpg","jetpack_shortlink":"https:\/\/wp.me\/p7HyXg-5eZ","jetpack_sharing_enabled":true,"_links":{"self":[{"href":"https:\/\/serrafm879.com.br\/serrafm\/wp-json\/wp\/v2\/posts\/20149","targetHints":{"allow":["GET"]}}],"collection":[{"href":"https:\/\/serrafm879.com.br\/serrafm\/wp-json\/wp\/v2\/posts"}],"about":[{"href":"https:\/\/serrafm879.com.br\/serrafm\/wp-json\/wp\/v2\/types\/post"}],"author":[{"embeddable":true,"href":"https:\/\/serrafm879.com.br\/serrafm\/wp-json\/wp\/v2\/users\/2"}],"replies":[{"embeddable":true,"href":"https:\/\/serrafm879.com.br\/serrafm\/wp-json\/wp\/v2\/comments?post=20149"}],"version-history":[{"count":2,"href":"https:\/\/serrafm879.com.br\/serrafm\/wp-json\/wp\/v2\/posts\/20149\/revisions"}],"predecessor-version":[{"id":20153,"href":"https:\/\/serrafm879.com.br\/serrafm\/wp-json\/wp\/v2\/posts\/20149\/revisions\/20153"}],"wp:featuredmedia":[{"embeddable":true,"href":"https:\/\/serrafm879.com.br\/serrafm\/wp-json\/wp\/v2\/media\/2435"}],"wp:attachment":[{"href":"https:\/\/serrafm879.com.br\/serrafm\/wp-json\/wp\/v2\/media?parent=20149"}],"wp:term":[{"taxonomy":"category","embeddable":true,"href":"https:\/\/serrafm879.com.br\/serrafm\/wp-json\/wp\/v2\/categories?post=20149"},{"taxonomy":"post_tag","embeddable":true,"href":"https:\/\/serrafm879.com.br\/serrafm\/wp-json\/wp\/v2\/tags?post=20149"}],"curies":[{"name":"wp","href":"https:\/\/api.w.org\/{rel}","templated":true}]}}