{"id":20152,"date":"2025-01-28T17:52:02","date_gmt":"2025-01-28T20:52:02","guid":{"rendered":"https:\/?p=20152"},"modified":"2025-01-28T17:52:02","modified_gmt":"2025-01-28T20:52:02","slug":"no-recife-governadora-raquel-lyra-participa-da-abertura-de-curso-do-insper-voltado-a-area-de-habitacao","status":"publish","type":"post","link":"https:\/\/serrafm879.com.br\/serrafm\/2025\/01\/no-recife-governadora-raquel-lyra-participa-da-abertura-de-curso-do-insper-voltado-a-area-de-habitacao\/","title":{"rendered":"No Recife, governadora Raquel Lyra participa da abertura de curso do Insper voltado \u00e0 \u00e1rea de habita\u00e7\u00e3o"},"content":{"rendered":"<div>A governadora Raquel Lyra participou, nesta segunda-feira (27), da primeira aula do curso \u201cPol\u00edticas Habitacionais: Resultados e Desafios\u201d, realizado pelo Insper, no Bugan Hotel, no Recife. O curso est\u00e1 sendo oferecido pela primeira vez fora de S\u00e3o Paulo pela institui\u00e7\u00e3o e re\u00fane gestores p\u00fablicos estaduais e municipais, lideran\u00e7as do setor habitacional e representantes de movimentos sociais para apresentar os desafios das pol\u00edticas habitacionais no Brasil, al\u00e9m de integrar conhecimentos t\u00e9cnicos sobre temas como regulariza\u00e7\u00e3o fundi\u00e1ria, produ\u00e7\u00e3o habitacional e reabilita\u00e7\u00e3o de centros urbanos.<\/div>\n<div>\n<div id=\"attachment_20158\" style=\"width: 310px\" class=\"wp-caption aligncenter\"><img loading=\"lazy\" decoding=\"async\" aria-describedby=\"caption-attachment-20158\" data-attachment-id=\"20158\" data-permalink=\"https:\/\/serrafm879.com.br\/serrafm\/2025\/01\/no-recife-governadora-raquel-lyra-participa-da-abertura-de-curso-do-insper-voltado-a-area-de-habitacao\/foto_de-miva-filho_secom\/\" data-orig-file=\"https:\/\/serrafm879.com.br\/serrafm\/wp-content\/uploads\/2025\/01\/Foto_de-Miva-Filho_Secom-scaled.jpeg\" data-orig-size=\"2560,1707\" data-comments-opened=\"1\" data-image-meta=\"{&quot;aperture&quot;:&quot;0&quot;,&quot;credit&quot;:&quot;&quot;,&quot;camera&quot;:&quot;&quot;,&quot;caption&quot;:&quot;&quot;,&quot;created_timestamp&quot;:&quot;0&quot;,&quot;copyright&quot;:&quot;&quot;,&quot;focal_length&quot;:&quot;0&quot;,&quot;iso&quot;:&quot;0&quot;,&quot;shutter_speed&quot;:&quot;0&quot;,&quot;title&quot;:&quot;&quot;,&quot;orientation&quot;:&quot;0&quot;}\" data-image-title=\"Foto_de Miva Filho_Secom\" data-image-description=\"\" data-image-caption=\"\" data-large-file=\"https:\/\/serrafm879.com.br\/serrafm\/wp-content\/uploads\/2025\/01\/Foto_de-Miva-Filho_Secom-1024x683.jpeg\" class=\"wp-image-20158 size-medium\" src=\"http:\/\/serrafm879.com.br\/wp-content\/uploads\/2025\/01\/Foto_de-Miva-Filho_Secom-300x200.jpeg\" alt=\"\" width=\"300\" height=\"200\" srcset=\"https:\/\/serrafm879.com.br\/serrafm\/wp-content\/uploads\/2025\/01\/Foto_de-Miva-Filho_Secom-300x200.jpeg 300w, https:\/\/serrafm879.com.br\/serrafm\/wp-content\/uploads\/2025\/01\/Foto_de-Miva-Filho_Secom-1024x683.jpeg 1024w, https:\/\/serrafm879.com.br\/serrafm\/wp-content\/uploads\/2025\/01\/Foto_de-Miva-Filho_Secom-768x512.jpeg 768w, https:\/\/serrafm879.com.br\/serrafm\/wp-content\/uploads\/2025\/01\/Foto_de-Miva-Filho_Secom-1536x1024.jpeg 1536w, https:\/\/serrafm879.com.br\/serrafm\/wp-content\/uploads\/2025\/01\/Foto_de-Miva-Filho_Secom-2048x1366.jpeg 2048w\" sizes=\"auto, (max-width: 300px) 100vw, 300px\" \/><p id=\"caption-attachment-20158\" class=\"wp-caption-text\">Foto: Miva Filho\/Secom<\/p><\/div>\n<\/div>\n<div>\u201cEstamos promovendo um curso no qual vamos aprofundar os estudos sobre pol\u00edtica habitacional, seus desafios, suas oportunidades e aquilo que a gente pode buscar de experi\u00eancia de outros lugares para desenvolver ainda mais o nosso Estado e avan\u00e7ar com o Morar Bem Pernambuco. Por meio desse programa estadual, j\u00e1 entregamos mais de mil moradias e temos muitas outras para entregar. Que possamos permitir que nosso Estado d\u00ea passos largos em dire\u00e7\u00e3o \u00e0 melhoria da qualidade de vida do seu povo e \u00e0 redu\u00e7\u00e3o do d\u00e9ficit habitacional\u201d, destacou a governadora Raquel Lyra.<\/div>\n<div>\n<div id=\"attachment_20157\" style=\"width: 310px\" class=\"wp-caption aligncenter\"><img loading=\"lazy\" decoding=\"async\" aria-describedby=\"caption-attachment-20157\" data-attachment-id=\"20157\" data-permalink=\"https:\/\/serrafm879.com.br\/serrafm\/2025\/01\/no-recife-governadora-raquel-lyra-participa-da-abertura-de-curso-do-insper-voltado-a-area-de-habitacao\/foto_de-miva-filho_secom-3\/\" data-orig-file=\"https:\/\/serrafm879.com.br\/serrafm\/wp-content\/uploads\/2025\/01\/Foto_de-Miva-Filho_Secom-3-scaled.jpeg\" data-orig-size=\"2560,1707\" data-comments-opened=\"1\" data-image-meta=\"{&quot;aperture&quot;:&quot;0&quot;,&quot;credit&quot;:&quot;&quot;,&quot;camera&quot;:&quot;&quot;,&quot;caption&quot;:&quot;&quot;,&quot;created_timestamp&quot;:&quot;0&quot;,&quot;copyright&quot;:&quot;&quot;,&quot;focal_length&quot;:&quot;0&quot;,&quot;iso&quot;:&quot;0&quot;,&quot;shutter_speed&quot;:&quot;0&quot;,&quot;title&quot;:&quot;&quot;,&quot;orientation&quot;:&quot;0&quot;}\" data-image-title=\"Foto_de Miva Filho_Secom 3\" data-image-description=\"\" data-image-caption=\"\" data-large-file=\"https:\/\/serrafm879.com.br\/serrafm\/wp-content\/uploads\/2025\/01\/Foto_de-Miva-Filho_Secom-3-1024x683.jpeg\" class=\"wp-image-20157 size-medium\" src=\"http:\/\/serrafm879.com.br\/wp-content\/uploads\/2025\/01\/Foto_de-Miva-Filho_Secom-3-300x200.jpeg\" alt=\"\" width=\"300\" height=\"200\" srcset=\"https:\/\/serrafm879.com.br\/serrafm\/wp-content\/uploads\/2025\/01\/Foto_de-Miva-Filho_Secom-3-300x200.jpeg 300w, https:\/\/serrafm879.com.br\/serrafm\/wp-content\/uploads\/2025\/01\/Foto_de-Miva-Filho_Secom-3-1024x683.jpeg 1024w, https:\/\/serrafm879.com.br\/serrafm\/wp-content\/uploads\/2025\/01\/Foto_de-Miva-Filho_Secom-3-768x512.jpeg 768w, https:\/\/serrafm879.com.br\/serrafm\/wp-content\/uploads\/2025\/01\/Foto_de-Miva-Filho_Secom-3-1536x1024.jpeg 1536w, https:\/\/serrafm879.com.br\/serrafm\/wp-content\/uploads\/2025\/01\/Foto_de-Miva-Filho_Secom-3-2048x1366.jpeg 2048w\" sizes=\"auto, (max-width: 300px) 100vw, 300px\" \/><p id=\"caption-attachment-20157\" class=\"wp-caption-text\">Foto: Miva Filho\/Secom<\/p><\/div>\n<\/div>\n<div>Em Pernambuco, o curso \u201cPol\u00edticas Habitacionais: Resultados e Desafios\u201d \u00e9 uma parceria entre o Governo do Estado e o Insper, com patroc\u00ednio da Associa\u00e7\u00e3o das Empresas do Mercado Imobili\u00e1rio de Pernambuco (Ademi-PE), e tem a participa\u00e7\u00e3o de representantes t\u00e9cnicos dos munic\u00edpios do Recife, Jaboat\u00e3o dos Guararapes, Paulista, Olinda, Cabo de Santo Agostinho, Igarassu, Caruaru, Salgueiro, Goiana, Palmares e Petrolina. Participam tamb\u00e9m representantes do Governo Federal \u2014 por meio da Caixa Econ\u00f4mica \u2014, do setor produtivo e de movimentos sociais pernambucanos.<\/div>\n<div><\/div>\n<div>Segundo a secret\u00e1ria de Desenvolvimento Urbano e Habita\u00e7\u00e3o do Estado, Simone Nunes, a capacita\u00e7\u00e3o \u00e9 um passo importante para consolidar a lideran\u00e7a de Pernambuco na busca por solu\u00e7\u00f5es habitacionais inovadoras e sustent\u00e1veis. \u201cA ideia \u00e9 que cada munic\u00edpio possa construir um projeto de aplica\u00e7\u00e3o para o seu local, com o monitoramento do Insper, e fazer um desdobramento pr\u00e1tico dentro do seu universo de influ\u00eancia, sabendo o que j\u00e1 foi feito, o que deu certo e errado e o que pode ser feito em cada cen\u00e1rio\u201d, pontuou.<\/div>\n<div><\/div>\n<div><\/div>\n<div>Al\u00e9m de aulas te\u00f3ricas, o curso contar\u00e1 com visitas t\u00e9cnicas a empreendimentos habitacionais de refer\u00eancia, tanto em Pernambuco quanto em S\u00e3o Paulo. O programa busca compartilhar pr\u00e1ticas inovadoras no combate ao d\u00e9ficit habitacional e promover o di\u00e1logo entre governo, setor privado, academia e movimentos sociais. Ao longo da capacita\u00e7\u00e3o, os participantes ter\u00e3o acesso a solu\u00e7\u00f5es pr\u00e1ticas para os problemas habitacionais das cidades brasileiras, com foco na cria\u00e7\u00e3o de cidades mais inclusivas e sustent\u00e1veis. Ao final das aulas, os gestores das \u00e1reas de desenvolvimento urbano e habita\u00e7\u00e3o estar\u00e3o mais capacitados para acessar recursos do programa Minha Casa, Minha Vida (MCMV).<\/div>\n<div>\n<div id=\"attachment_20155\" style=\"width: 340px\" class=\"wp-caption aligncenter\"><img loading=\"lazy\" decoding=\"async\" aria-describedby=\"caption-attachment-20155\" data-attachment-id=\"20155\" data-permalink=\"https:\/\/serrafm879.com.br\/serrafm\/2025\/01\/no-recife-governadora-raquel-lyra-participa-da-abertura-de-curso-do-insper-voltado-a-area-de-habitacao\/foto_de-miva-filho_secom-2\/\" data-orig-file=\"https:\/\/serrafm879.com.br\/serrafm\/wp-content\/uploads\/2025\/01\/Foto_de-Miva-Filho_Secom-2-scaled.jpeg\" data-orig-size=\"2560,1707\" data-comments-opened=\"1\" data-image-meta=\"{&quot;aperture&quot;:&quot;0&quot;,&quot;credit&quot;:&quot;&quot;,&quot;camera&quot;:&quot;&quot;,&quot;caption&quot;:&quot;&quot;,&quot;created_timestamp&quot;:&quot;0&quot;,&quot;copyright&quot;:&quot;&quot;,&quot;focal_length&quot;:&quot;0&quot;,&quot;iso&quot;:&quot;0&quot;,&quot;shutter_speed&quot;:&quot;0&quot;,&quot;title&quot;:&quot;&quot;,&quot;orientation&quot;:&quot;0&quot;}\" data-image-title=\"Foto_de Miva Filho_Secom 2\" data-image-description=\"\" data-image-caption=\"\" data-large-file=\"https:\/\/serrafm879.com.br\/serrafm\/wp-content\/uploads\/2025\/01\/Foto_de-Miva-Filho_Secom-2-1024x683.jpeg\" class=\"wp-image-20155\" src=\"http:\/\/serrafm879.com.br\/wp-content\/uploads\/2025\/01\/Foto_de-Miva-Filho_Secom-2-300x200.jpeg\" alt=\"\" width=\"330\" height=\"220\" srcset=\"https:\/\/serrafm879.com.br\/serrafm\/wp-content\/uploads\/2025\/01\/Foto_de-Miva-Filho_Secom-2-300x200.jpeg 300w, https:\/\/serrafm879.com.br\/serrafm\/wp-content\/uploads\/2025\/01\/Foto_de-Miva-Filho_Secom-2-1024x683.jpeg 1024w, https:\/\/serrafm879.com.br\/serrafm\/wp-content\/uploads\/2025\/01\/Foto_de-Miva-Filho_Secom-2-768x512.jpeg 768w, https:\/\/serrafm879.com.br\/serrafm\/wp-content\/uploads\/2025\/01\/Foto_de-Miva-Filho_Secom-2-1536x1024.jpeg 1536w, https:\/\/serrafm879.com.br\/serrafm\/wp-content\/uploads\/2025\/01\/Foto_de-Miva-Filho_Secom-2-2048x1366.jpeg 2048w\" sizes=\"auto, (max-width: 330px) 100vw, 330px\" \/><p id=\"caption-attachment-20155\" class=\"wp-caption-text\">Foto: Miva Filho\/Secom<\/p><\/div>\n<\/div>\n<div>Para Jos\u00e9 Police Neto, coordenador do Insper, os munic\u00edpios t\u00eam uma tarefa importante, muitas vezes n\u00e3o exercida, que \u00e9 o de regula\u00e7\u00e3o do uso e ocupa\u00e7\u00e3o do solo. \u201cTodas as vezes que o munic\u00edpio abdica dessa potencialidade, ele deixa de ser atrativo para investimentos p\u00fablicos e investimentos privados. A \u00e1rea de habita\u00e7\u00e3o \u00e9 aquela maior geradora de desigualdades, \u00e9 aquela que precisa do maior investimento, porque por tr\u00e1s dela vem o saneamento, a oferta de \u00e1gua com qualidade e com volume, e o esgotamento sanit\u00e1rio, entre outras pol\u00edticas p\u00fablicas. Eu acredito que o Governo de Pernambuco, os munic\u00edpios participantes, o setor produtivo, o Governo Federal e os movimentos sociais podem transformar Pernambuco num caso de sucesso nacionalmente\u201d, disse.<\/div>\n<div><\/div>\n<div><\/div>\n","protected":false},"excerpt":{"rendered":"<p>A governadora Raquel Lyra participou, nesta segunda-feira (27), da primeira aula do curso \u201cPol\u00edticas Habitacionais: Resultados e Desafios\u201d, realizado pelo Insper, no Bugan Hotel, no Recife. O curso est\u00e1 sendo oferecido pela primeira vez fora de S\u00e3o Paulo pela institui\u00e7\u00e3o e re\u00fane gestores p\u00fablicos estaduais e municipais, lideran\u00e7as do setor habitacional e representantes de movimentos sociais para apresentar os desafios das pol\u00edticas habitacionais no Brasil, al\u00e9m de integrar conhecimentos t\u00e9cnicos sobre temas como regulariza\u00e7\u00e3o fundi\u00e1ria, produ\u00e7\u00e3o habitacional e reabilita\u00e7\u00e3o de centros urbanos. \u201cEstamos promovendo um curso no qual vamos aprofundar os estudos sobre pol\u00edtica habitacional, seus desafios, suas oportunidades e [&hellip;]<\/p>\n","protected":false},"author":2,"featured_media":20156,"comment_status":"open","ping_status":"open","sticky":false,"template":"","format":"standard","meta":{"_jetpack_newsletter_access":"","_jetpack_dont_email_post_to_subs":false,"_jetpack_newsletter_tier_id":0,"_jetpack_memberships_contains_paywalled_content":false,"_jetpack_feature_clip_id":0,"_jetpack_memberships_contains_paid_content":false,"footnotes":"","jetpack_publicize_message":"","jetpack_publicize_feature_enabled":true,"jetpack_social_post_already_shared":true,"jetpack_social_options":{"image_generator_settings":{"template":"highway","default_image_id":0,"font":"","enabled":false},"version":2},"jetpack_post_was_ever_published":false},"categories":[1],"tags":[],"class_list":["post-20152","post","type-post","status-publish","format-standard","has-post-thumbnail","hentry","category-uncategorized"],"aioseo_notices":[],"aioseo_head":"\n\t\t<!-- All in One SEO 4.9.10 - aioseo.com -->\n\t<meta name=\"description\" content=\"A governadora Raquel Lyra participou, nesta segunda-feira (27), da primeira aula do curso \u201cPol\u00edticas Habitacionais: Resultados e Desafios\u201d, realizado pelo Insper, no Bugan Hotel, no Recife. O curso est\u00e1 sendo oferecido pela primeira vez fora de S\u00e3o Paulo pela institui\u00e7\u00e3o e re\u00fane gestores p\u00fablicos estaduais e municipais, lideran\u00e7as do setor habitacional e representantes de movimentos\" \/>\n\t<meta name=\"robots\" content=\"max-image-preview:large\" \/>\n\t<meta name=\"author\" content=\"serrafm87\"\/>\n\t<link rel=\"canonical\" href=\"https:\/\/serrafm879.com.br\/serrafm\/2025\/01\/no-recife-governadora-raquel-lyra-participa-da-abertura-de-curso-do-insper-voltado-a-area-de-habitacao\/\" \/>\n\t<meta name=\"generator\" content=\"All in One SEO (AIOSEO) 4.9.10\" \/>\n\t\t<meta name=\"twitter:card\" content=\"summary_large_image\" \/>\n\t\t<meta name=\"twitter:title\" content=\"No Recife, governadora Raquel Lyra participa da abertura de curso do Insper voltado \u00e0 \u00e1rea de habita\u00e7\u00e3o - Serra FM 87,9\" \/>\n\t\t<meta name=\"twitter:description\" content=\"A governadora Raquel Lyra participou, nesta segunda-feira (27), da primeira aula do curso \u201cPol\u00edticas Habitacionais: Resultados e Desafios\u201d, realizado pelo Insper, no Bugan Hotel, no Recife. O curso est\u00e1 sendo oferecido pela primeira vez fora de S\u00e3o Paulo pela institui\u00e7\u00e3o e re\u00fane gestores p\u00fablicos estaduais e municipais, lideran\u00e7as do setor habitacional e representantes de movimentos\" \/>\n\t\t<meta name=\"twitter:image\" content=\"https:\/\/serrafm879.com.br\/serrafm\/wp-content\/uploads\/2025\/01\/Foto_de-Miva-Filho_Secom-4-scaled.jpeg\" \/>\n\t\t<script type=\"application\/ld+json\" class=\"aioseo-schema\">\n\t\t\t{\"@context\":\"https:\\\/\\\/schema.org\",\"@graph\":[{\"@type\":\"BlogPosting\",\"@id\":\"https:\\\/\\\/serrafm879.com.br\\\/serrafm\\\/2025\\\/01\\\/no-recife-governadora-raquel-lyra-participa-da-abertura-de-curso-do-insper-voltado-a-area-de-habitacao\\\/#blogposting\",\"name\":\"No Recife, governadora Raquel Lyra participa da abertura de curso do Insper voltado \\u00e0 \\u00e1rea de habita\\u00e7\\u00e3o - Serra FM 87,9\",\"headline\":\"No Recife, governadora Raquel Lyra participa da abertura de curso do Insper voltado \\u00e0 \\u00e1rea de habita\\u00e7\\u00e3o\",\"author\":{\"@id\":\"https:\\\/\\\/serrafm879.com.br\\\/serrafm\\\/author\\\/serrafm87\\\/#author\"},\"publisher\":{\"@id\":\"https:\\\/\\\/serrafm879.com.br\\\/serrafm\\\/#organization\"},\"image\":{\"@type\":\"ImageObject\",\"url\":\"https:\\\/\\\/serrafm879.com.br\\\/serrafm\\\/wp-content\\\/uploads\\\/2025\\\/01\\\/Foto_de-Miva-Filho_Secom-4-scaled.jpeg\",\"width\":2560,\"height\":1707},\"datePublished\":\"2025-01-28T17:52:02-03:00\",\"dateModified\":\"2025-01-28T17:52:02-03:00\",\"inLanguage\":\"pt-BR\",\"mainEntityOfPage\":{\"@id\":\"https:\\\/\\\/serrafm879.com.br\\\/serrafm\\\/2025\\\/01\\\/no-recife-governadora-raquel-lyra-participa-da-abertura-de-curso-do-insper-voltado-a-area-de-habitacao\\\/#webpage\"},\"isPartOf\":{\"@id\":\"https:\\\/\\\/serrafm879.com.br\\\/serrafm\\\/2025\\\/01\\\/no-recife-governadora-raquel-lyra-participa-da-abertura-de-curso-do-insper-voltado-a-area-de-habitacao\\\/#webpage\"},\"articleSection\":\"Uncategorized\"},{\"@type\":\"BreadcrumbList\",\"@id\":\"https:\\\/\\\/serrafm879.com.br\\\/serrafm\\\/2025\\\/01\\\/no-recife-governadora-raquel-lyra-participa-da-abertura-de-curso-do-insper-voltado-a-area-de-habitacao\\\/#breadcrumblist\",\"itemListElement\":[{\"@type\":\"ListItem\",\"@id\":\"https:\\\/\\\/serrafm879.com.br\\\/serrafm#listItem\",\"position\":1,\"name\":\"Home\",\"item\":\"https:\\\/\\\/serrafm879.com.br\\\/serrafm\",\"nextItem\":{\"@type\":\"ListItem\",\"@id\":\"https:\\\/\\\/serrafm879.com.br\\\/serrafm\\\/categoria\\\/uncategorized\\\/#listItem\",\"name\":\"Uncategorized\"}},{\"@type\":\"ListItem\",\"@id\":\"https:\\\/\\\/serrafm879.com.br\\\/serrafm\\\/categoria\\\/uncategorized\\\/#listItem\",\"position\":2,\"name\":\"Uncategorized\",\"item\":\"https:\\\/\\\/serrafm879.com.br\\\/serrafm\\\/categoria\\\/uncategorized\\\/\",\"nextItem\":{\"@type\":\"ListItem\",\"@id\":\"https:\\\/\\\/serrafm879.com.br\\\/serrafm\\\/2025\\\/01\\\/no-recife-governadora-raquel-lyra-participa-da-abertura-de-curso-do-insper-voltado-a-area-de-habitacao\\\/#listItem\",\"name\":\"No Recife, governadora Raquel Lyra participa da abertura de curso do Insper voltado \\u00e0 \\u00e1rea de habita\\u00e7\\u00e3o\"},\"previousItem\":{\"@type\":\"ListItem\",\"@id\":\"https:\\\/\\\/serrafm879.com.br\\\/serrafm#listItem\",\"name\":\"Home\"}},{\"@type\":\"ListItem\",\"@id\":\"https:\\\/\\\/serrafm879.com.br\\\/serrafm\\\/2025\\\/01\\\/no-recife-governadora-raquel-lyra-participa-da-abertura-de-curso-do-insper-voltado-a-area-de-habitacao\\\/#listItem\",\"position\":3,\"name\":\"No Recife, governadora Raquel Lyra participa da abertura de curso do Insper voltado \\u00e0 \\u00e1rea de habita\\u00e7\\u00e3o\",\"previousItem\":{\"@type\":\"ListItem\",\"@id\":\"https:\\\/\\\/serrafm879.com.br\\\/serrafm\\\/categoria\\\/uncategorized\\\/#listItem\",\"name\":\"Uncategorized\"}}]},{\"@type\":\"Organization\",\"@id\":\"https:\\\/\\\/serrafm879.com.br\\\/serrafm\\\/#organization\",\"name\":\"Serra FM 87,9\",\"description\":\"O seu novo amor!\",\"url\":\"https:\\\/\\\/serrafm879.com.br\\\/serrafm\\\/\"},{\"@type\":\"Person\",\"@id\":\"https:\\\/\\\/serrafm879.com.br\\\/serrafm\\\/author\\\/serrafm87\\\/#author\",\"url\":\"https:\\\/\\\/serrafm879.com.br\\\/serrafm\\\/author\\\/serrafm87\\\/\",\"name\":\"serrafm87\",\"image\":{\"@type\":\"ImageObject\",\"@id\":\"https:\\\/\\\/serrafm879.com.br\\\/serrafm\\\/2025\\\/01\\\/no-recife-governadora-raquel-lyra-participa-da-abertura-de-curso-do-insper-voltado-a-area-de-habitacao\\\/#authorImage\",\"url\":\"https:\\\/\\\/secure.gravatar.com\\\/avatar\\\/a743233f1112d34f48bb3dc9559b76eb930bab8b27175856cba6362608736235?s=96&d=mm&r=g\",\"width\":96,\"height\":96,\"caption\":\"serrafm87\"}},{\"@type\":\"WebPage\",\"@id\":\"https:\\\/\\\/serrafm879.com.br\\\/serrafm\\\/2025\\\/01\\\/no-recife-governadora-raquel-lyra-participa-da-abertura-de-curso-do-insper-voltado-a-area-de-habitacao\\\/#webpage\",\"url\":\"https:\\\/\\\/serrafm879.com.br\\\/serrafm\\\/2025\\\/01\\\/no-recife-governadora-raquel-lyra-participa-da-abertura-de-curso-do-insper-voltado-a-area-de-habitacao\\\/\",\"name\":\"No Recife, governadora Raquel Lyra participa da abertura de curso do Insper voltado \\u00e0 \\u00e1rea de habita\\u00e7\\u00e3o - Serra FM 87,9\",\"description\":\"A governadora Raquel Lyra participou, nesta segunda-feira (27), da primeira aula do curso \\u201cPol\\u00edticas Habitacionais: Resultados e Desafios\\u201d, realizado pelo Insper, no Bugan Hotel, no Recife. O curso est\\u00e1 sendo oferecido pela primeira vez fora de S\\u00e3o Paulo pela institui\\u00e7\\u00e3o e re\\u00fane gestores p\\u00fablicos estaduais e municipais, lideran\\u00e7as do setor habitacional e representantes de movimentos\",\"inLanguage\":\"pt-BR\",\"isPartOf\":{\"@id\":\"https:\\\/\\\/serrafm879.com.br\\\/serrafm\\\/#website\"},\"breadcrumb\":{\"@id\":\"https:\\\/\\\/serrafm879.com.br\\\/serrafm\\\/2025\\\/01\\\/no-recife-governadora-raquel-lyra-participa-da-abertura-de-curso-do-insper-voltado-a-area-de-habitacao\\\/#breadcrumblist\"},\"author\":{\"@id\":\"https:\\\/\\\/serrafm879.com.br\\\/serrafm\\\/author\\\/serrafm87\\\/#author\"},\"creator\":{\"@id\":\"https:\\\/\\\/serrafm879.com.br\\\/serrafm\\\/author\\\/serrafm87\\\/#author\"},\"image\":{\"@type\":\"ImageObject\",\"url\":\"https:\\\/\\\/serrafm879.com.br\\\/serrafm\\\/wp-content\\\/uploads\\\/2025\\\/01\\\/Foto_de-Miva-Filho_Secom-4-scaled.jpeg\",\"@id\":\"https:\\\/\\\/serrafm879.com.br\\\/serrafm\\\/2025\\\/01\\\/no-recife-governadora-raquel-lyra-participa-da-abertura-de-curso-do-insper-voltado-a-area-de-habitacao\\\/#mainImage\",\"width\":2560,\"height\":1707},\"primaryImageOfPage\":{\"@id\":\"https:\\\/\\\/serrafm879.com.br\\\/serrafm\\\/2025\\\/01\\\/no-recife-governadora-raquel-lyra-participa-da-abertura-de-curso-do-insper-voltado-a-area-de-habitacao\\\/#mainImage\"},\"datePublished\":\"2025-01-28T17:52:02-03:00\",\"dateModified\":\"2025-01-28T17:52:02-03:00\"},{\"@type\":\"WebSite\",\"@id\":\"https:\\\/\\\/serrafm879.com.br\\\/serrafm\\\/#website\",\"url\":\"https:\\\/\\\/serrafm879.com.br\\\/serrafm\\\/\",\"name\":\"Serra FM 87,9\",\"description\":\"O seu novo amor!\",\"inLanguage\":\"pt-BR\",\"publisher\":{\"@id\":\"https:\\\/\\\/serrafm879.com.br\\\/serrafm\\\/#organization\"}}]}\n\t\t<\/script>\n\t\t<!-- All in One SEO -->\n\n","aioseo_head_json":{"title":"No Recife, governadora Raquel Lyra participa da abertura de curso do Insper voltado \u00e0 \u00e1rea de habita\u00e7\u00e3o - Serra FM 87,9","description":"A governadora Raquel Lyra participou, nesta segunda-feira (27), da primeira aula do curso \u201cPol\u00edticas Habitacionais: Resultados e Desafios\u201d, realizado pelo Insper, no Bugan Hotel, no Recife. O curso est\u00e1 sendo oferecido pela primeira vez fora de S\u00e3o Paulo pela institui\u00e7\u00e3o e re\u00fane gestores p\u00fablicos estaduais e municipais, lideran\u00e7as do setor habitacional e representantes de movimentos","canonical_url":"https:\/\/serrafm879.com.br\/serrafm\/2025\/01\/no-recife-governadora-raquel-lyra-participa-da-abertura-de-curso-do-insper-voltado-a-area-de-habitacao\/","robots":"max-image-preview:large","keywords":"","webmasterTools":{"miscellaneous":""},"schema":{"@context":"https:\/\/schema.org","@graph":[{"@type":"BlogPosting","@id":"https:\/\/serrafm879.com.br\/serrafm\/2025\/01\/no-recife-governadora-raquel-lyra-participa-da-abertura-de-curso-do-insper-voltado-a-area-de-habitacao\/#blogposting","name":"No Recife, governadora Raquel Lyra participa da abertura de curso do Insper voltado \u00e0 \u00e1rea de habita\u00e7\u00e3o - Serra FM 87,9","headline":"No Recife, governadora Raquel Lyra participa da abertura de curso do Insper voltado \u00e0 \u00e1rea de habita\u00e7\u00e3o","author":{"@id":"https:\/\/serrafm879.com.br\/serrafm\/author\/serrafm87\/#author"},"publisher":{"@id":"https:\/\/serrafm879.com.br\/serrafm\/#organization"},"image":{"@type":"ImageObject","url":"https:\/\/serrafm879.com.br\/serrafm\/wp-content\/uploads\/2025\/01\/Foto_de-Miva-Filho_Secom-4-scaled.jpeg","width":2560,"height":1707},"datePublished":"2025-01-28T17:52:02-03:00","dateModified":"2025-01-28T17:52:02-03:00","inLanguage":"pt-BR","mainEntityOfPage":{"@id":"https:\/\/serrafm879.com.br\/serrafm\/2025\/01\/no-recife-governadora-raquel-lyra-participa-da-abertura-de-curso-do-insper-voltado-a-area-de-habitacao\/#webpage"},"isPartOf":{"@id":"https:\/\/serrafm879.com.br\/serrafm\/2025\/01\/no-recife-governadora-raquel-lyra-participa-da-abertura-de-curso-do-insper-voltado-a-area-de-habitacao\/#webpage"},"articleSection":"Uncategorized"},{"@type":"BreadcrumbList","@id":"https:\/\/serrafm879.com.br\/serrafm\/2025\/01\/no-recife-governadora-raquel-lyra-participa-da-abertura-de-curso-do-insper-voltado-a-area-de-habitacao\/#breadcrumblist","itemListElement":[{"@type":"ListItem","@id":"https:\/\/serrafm879.com.br\/serrafm#listItem","position":1,"name":"Home","item":"https:\/\/serrafm879.com.br\/serrafm","nextItem":{"@type":"ListItem","@id":"https:\/\/serrafm879.com.br\/serrafm\/categoria\/uncategorized\/#listItem","name":"Uncategorized"}},{"@type":"ListItem","@id":"https:\/\/serrafm879.com.br\/serrafm\/categoria\/uncategorized\/#listItem","position":2,"name":"Uncategorized","item":"https:\/\/serrafm879.com.br\/serrafm\/categoria\/uncategorized\/","nextItem":{"@type":"ListItem","@id":"https:\/\/serrafm879.com.br\/serrafm\/2025\/01\/no-recife-governadora-raquel-lyra-participa-da-abertura-de-curso-do-insper-voltado-a-area-de-habitacao\/#listItem","name":"No Recife, governadora Raquel Lyra participa da abertura de curso do Insper voltado \u00e0 \u00e1rea de habita\u00e7\u00e3o"},"previousItem":{"@type":"ListItem","@id":"https:\/\/serrafm879.com.br\/serrafm#listItem","name":"Home"}},{"@type":"ListItem","@id":"https:\/\/serrafm879.com.br\/serrafm\/2025\/01\/no-recife-governadora-raquel-lyra-participa-da-abertura-de-curso-do-insper-voltado-a-area-de-habitacao\/#listItem","position":3,"name":"No Recife, governadora Raquel Lyra participa da abertura de curso do Insper voltado \u00e0 \u00e1rea de habita\u00e7\u00e3o","previousItem":{"@type":"ListItem","@id":"https:\/\/serrafm879.com.br\/serrafm\/categoria\/uncategorized\/#listItem","name":"Uncategorized"}}]},{"@type":"Organization","@id":"https:\/\/serrafm879.com.br\/serrafm\/#organization","name":"Serra FM 87,9","description":"O seu novo amor!","url":"https:\/\/serrafm879.com.br\/serrafm\/"},{"@type":"Person","@id":"https:\/\/serrafm879.com.br\/serrafm\/author\/serrafm87\/#author","url":"https:\/\/serrafm879.com.br\/serrafm\/author\/serrafm87\/","name":"serrafm87","image":{"@type":"ImageObject","@id":"https:\/\/serrafm879.com.br\/serrafm\/2025\/01\/no-recife-governadora-raquel-lyra-participa-da-abertura-de-curso-do-insper-voltado-a-area-de-habitacao\/#authorImage","url":"https:\/\/secure.gravatar.com\/avatar\/a743233f1112d34f48bb3dc9559b76eb930bab8b27175856cba6362608736235?s=96&d=mm&r=g","width":96,"height":96,"caption":"serrafm87"}},{"@type":"WebPage","@id":"https:\/\/serrafm879.com.br\/serrafm\/2025\/01\/no-recife-governadora-raquel-lyra-participa-da-abertura-de-curso-do-insper-voltado-a-area-de-habitacao\/#webpage","url":"https:\/\/serrafm879.com.br\/serrafm\/2025\/01\/no-recife-governadora-raquel-lyra-participa-da-abertura-de-curso-do-insper-voltado-a-area-de-habitacao\/","name":"No Recife, governadora Raquel Lyra participa da abertura de curso do Insper voltado \u00e0 \u00e1rea de habita\u00e7\u00e3o - Serra FM 87,9","description":"A governadora Raquel Lyra participou, nesta segunda-feira (27), da primeira aula do curso \u201cPol\u00edticas Habitacionais: Resultados e Desafios\u201d, realizado pelo Insper, no Bugan Hotel, no Recife. O curso est\u00e1 sendo oferecido pela primeira vez fora de S\u00e3o Paulo pela institui\u00e7\u00e3o e re\u00fane gestores p\u00fablicos estaduais e municipais, lideran\u00e7as do setor habitacional e representantes de movimentos","inLanguage":"pt-BR","isPartOf":{"@id":"https:\/\/serrafm879.com.br\/serrafm\/#website"},"breadcrumb":{"@id":"https:\/\/serrafm879.com.br\/serrafm\/2025\/01\/no-recife-governadora-raquel-lyra-participa-da-abertura-de-curso-do-insper-voltado-a-area-de-habitacao\/#breadcrumblist"},"author":{"@id":"https:\/\/serrafm879.com.br\/serrafm\/author\/serrafm87\/#author"},"creator":{"@id":"https:\/\/serrafm879.com.br\/serrafm\/author\/serrafm87\/#author"},"image":{"@type":"ImageObject","url":"https:\/\/serrafm879.com.br\/serrafm\/wp-content\/uploads\/2025\/01\/Foto_de-Miva-Filho_Secom-4-scaled.jpeg","@id":"https:\/\/serrafm879.com.br\/serrafm\/2025\/01\/no-recife-governadora-raquel-lyra-participa-da-abertura-de-curso-do-insper-voltado-a-area-de-habitacao\/#mainImage","width":2560,"height":1707},"primaryImageOfPage":{"@id":"https:\/\/serrafm879.com.br\/serrafm\/2025\/01\/no-recife-governadora-raquel-lyra-participa-da-abertura-de-curso-do-insper-voltado-a-area-de-habitacao\/#mainImage"},"datePublished":"2025-01-28T17:52:02-03:00","dateModified":"2025-01-28T17:52:02-03:00"},{"@type":"WebSite","@id":"https:\/\/serrafm879.com.br\/serrafm\/#website","url":"https:\/\/serrafm879.com.br\/serrafm\/","name":"Serra FM 87,9","description":"O seu novo amor!","inLanguage":"pt-BR","publisher":{"@id":"https:\/\/serrafm879.com.br\/serrafm\/#organization"}}]},"twitter:card":"summary_large_image","twitter:title":"No Recife, governadora Raquel Lyra participa da abertura de curso do Insper voltado \u00e0 \u00e1rea de habita\u00e7\u00e3o - Serra FM 87,9","twitter:description":"A governadora Raquel Lyra participou, nesta segunda-feira (27), da primeira aula do curso \u201cPol\u00edticas Habitacionais: Resultados e Desafios\u201d, realizado pelo Insper, no Bugan Hotel, no Recife. O curso est\u00e1 sendo oferecido pela primeira vez fora de S\u00e3o Paulo pela institui\u00e7\u00e3o e re\u00fane gestores p\u00fablicos estaduais e municipais, lideran\u00e7as do setor habitacional e representantes de movimentos","twitter:image":"https:\/\/serrafm879.com.br\/serrafm\/wp-content\/uploads\/2025\/01\/Foto_de-Miva-Filho_Secom-4-scaled.jpeg"},"aioseo_meta_data":{"post_id":"20152","title":null,"description":null,"keywords":null,"keyphrases":null,"primary_term":null,"canonical_url":null,"og_title":null,"og_description":null,"og_object_type":"default","og_image_type":"default","og_image_custom_url":null,"og_image_custom_fields":null,"og_image_url":null,"og_image_width":null,"og_image_height":null,"og_video":null,"og_custom_url":null,"og_article_section":null,"og_article_tags":null,"twitter_use_og":false,"twitter_card":"default","twitter_image_type":"default","twitter_image_custom_url":null,"twitter_image_custom_fields":null,"twitter_image_url":null,"twitter_title":null,"twitter_description":null,"schema_type":"default","schema_type_options":null,"schema":{"blockGraphs":[],"customGraphs":[],"default":{"data":{"Article":[],"Course":[],"Dataset":[],"FAQPage":[],"Movie":[],"Person":[],"Product":[],"ProductReview":[],"Car":[],"Recipe":[],"Service":[],"SoftwareApplication":[],"WebPage":[]},"graphName":"","isEnabled":true},"graphs":[]},"pillar_content":false,"robots_default":true,"robots_noindex":false,"robots_noarchive":false,"robots_nosnippet":false,"robots_nofollow":false,"robots_noimageindex":false,"robots_noodp":false,"robots_notranslate":false,"robots_max_snippet":null,"robots_max_videopreview":null,"robots_max_imagepreview":"large","priority":null,"frequency":null,"local_seo":null,"limit_modified_date":false,"ai":null,"breadcrumb_settings":null,"seo_analyzer_scan_date":null,"created":"2026-07-21 13:22:07","updated":"2026-07-21 13:22:07"},"aioseo_breadcrumb":"<div class=\"aioseo-breadcrumbs\"><span class=\"aioseo-breadcrumb\">\n\t\t\t<a href=\"https:\/\/serrafm879.com.br\/serrafm\" title=\"Home\">Home<\/a>\n\t\t<\/span><span class=\"aioseo-breadcrumb-separator\">&raquo;<\/span><span class=\"aioseo-breadcrumb\">\n\t\t\t<a href=\"https:\/\/serrafm879.com.br\/serrafm\/categoria\/uncategorized\/\" title=\"Uncategorized\">Uncategorized<\/a>\n\t\t<\/span><span class=\"aioseo-breadcrumb-separator\">&raquo;<\/span><span class=\"aioseo-breadcrumb\">\n\t\t\tNo Recife, governadora Raquel Lyra participa da abertura de curso do Insper voltado \u00e0 \u00e1rea de habita\u00e7\u00e3o\n\t\t<\/span><\/div>","aioseo_breadcrumb_json":[{"label":"Home","link":"https:\/\/serrafm879.com.br\/serrafm"},{"label":"Uncategorized","link":"https:\/\/serrafm879.com.br\/serrafm\/categoria\/uncategorized\/"},{"label":"No Recife, governadora Raquel Lyra participa da abertura de curso do Insper voltado \u00e0 \u00e1rea de habita\u00e7\u00e3o","link":"https:\/\/serrafm879.com.br\/serrafm\/2025\/01\/no-recife-governadora-raquel-lyra-participa-da-abertura-de-curso-do-insper-voltado-a-area-de-habitacao\/"}],"jetpack_publicize_connections":[],"jetpack_featured_media_url":"https:\/\/serrafm879.com.br\/serrafm\/wp-content\/uploads\/2025\/01\/Foto_de-Miva-Filho_Secom-4-scaled.jpeg","jetpack_shortlink":"https:\/\/wp.me\/p7HyXg-5f2","jetpack_sharing_enabled":true,"_links":{"self":[{"href":"https:\/\/serrafm879.com.br\/serrafm\/wp-json\/wp\/v2\/posts\/20152","targetHints":{"allow":["GET"]}}],"collection":[{"href":"https:\/\/serrafm879.com.br\/serrafm\/wp-json\/wp\/v2\/posts"}],"about":[{"href":"https:\/\/serrafm879.com.br\/serrafm\/wp-json\/wp\/v2\/types\/post"}],"author":[{"embeddable":true,"href":"https:\/\/serrafm879.com.br\/serrafm\/wp-json\/wp\/v2\/users\/2"}],"replies":[{"embeddable":true,"href":"https:\/\/serrafm879.com.br\/serrafm\/wp-json\/wp\/v2\/comments?post=20152"}],"version-history":[{"count":1,"href":"https:\/\/serrafm879.com.br\/serrafm\/wp-json\/wp\/v2\/posts\/20152\/revisions"}],"predecessor-version":[{"id":20159,"href":"https:\/\/serrafm879.com.br\/serrafm\/wp-json\/wp\/v2\/posts\/20152\/revisions\/20159"}],"wp:featuredmedia":[{"embeddable":true,"href":"https:\/\/serrafm879.com.br\/serrafm\/wp-json\/wp\/v2\/media\/20156"}],"wp:attachment":[{"href":"https:\/\/serrafm879.com.br\/serrafm\/wp-json\/wp\/v2\/media?parent=20152"}],"wp:term":[{"taxonomy":"category","embeddable":true,"href":"https:\/\/serrafm879.com.br\/serrafm\/wp-json\/wp\/v2\/categories?post=20152"},{"taxonomy":"post_tag","embeddable":true,"href":"https:\/\/serrafm879.com.br\/serrafm\/wp-json\/wp\/v2\/tags?post=20152"}],"curies":[{"name":"wp","href":"https:\/\/api.w.org\/{rel}","templated":true}]}}