{"id":20190,"date":"2025-01-29T17:15:18","date_gmt":"2025-01-29T20:15:18","guid":{"rendered":"https:\/?p=20190"},"modified":"2025-01-29T17:31:23","modified_gmt":"2025-01-29T20:31:23","slug":"tercio-siqueira-reforca-compromisso-com-serra-talhada-em-sessao-que-marcou-mudancas-na-camara","status":"publish","type":"post","link":"https:\/\/serrafm879.com.br\/serrafm\/2025\/01\/tercio-siqueira-reforca-compromisso-com-serra-talhada-em-sessao-que-marcou-mudancas-na-camara\/","title":{"rendered":"T\u00e9rcio Siqueira refor\u00e7a compromisso com Serra Talhada em sess\u00e3o que marcou mudan\u00e7as na CMST"},"content":{"rendered":"<p>O vereador T\u00e9rcio Siqueira, presidente da Comiss\u00e3o de Legisla\u00e7\u00e3o e Reda\u00e7\u00e3o Final e da Comiss\u00e3o de \u00c9tica da C\u00e2mara de Vereadores de Serra Talhada, esteve presente nas duas Sess\u00f5es Extraordin\u00e1rias realizadas nesta ter\u00e7a-feira (27), que marcaram mudan\u00e7as na composi\u00e7\u00e3o do Legislativo municipal.<\/p>\n<p>No primeiro momento, foi aprovada a Resolu\u00e7\u00e3o n.\u00ba 01\/2025, que concedeu licen\u00e7a ao vereador Rom\u00e9rio Sena Brasil, conhecido como Rom\u00e9rio do Carro de Som, para que ele assumisse o cargo de Secret\u00e1rio Municipal de Rela\u00e7\u00f5es Institucionais no governo da prefeita M\u00e1rcia Conrado (PT). J\u00e1 na segunda sess\u00e3o, Gincl\u00e9cio Oliveira, Gin Oliveira, tomou posse como vereador, refor\u00e7ando a representatividade e o compromisso do grupo com o fortalecimento da C\u00e2mara.<\/p>\n<p>T\u00e9rcio destacou a import\u00e2ncia desse novo momento para o Legislativo e desejou sucesso a Rom\u00e9rio e Gin em suas novas fun\u00e7\u00f5es: \u201cCom muito orgulho, registro esse momento que marcou a nomea\u00e7\u00e3o de Rom\u00e9rio como secret\u00e1rio municipal. Desejo muito sucesso em sua nova trajet\u00f3ria. Quero tamb\u00e9m dar as boas-vindas a Gin Oliveira, que chega para somar com sua experi\u00eancia e dedica\u00e7\u00e3o, fortalecendo ainda mais o trabalho da C\u00e2mara e o compromisso com o desenvolvimento da nossa cidade\u201d, afirmou o parlamentar.<\/p>\n","protected":false},"excerpt":{"rendered":"<p>O vereador T\u00e9rcio Siqueira, presidente da Comiss\u00e3o de Legisla\u00e7\u00e3o e Reda\u00e7\u00e3o Final e da Comiss\u00e3o de \u00c9tica da C\u00e2mara de Vereadores de Serra Talhada, esteve presente nas duas Sess\u00f5es Extraordin\u00e1rias realizadas nesta ter\u00e7a-feira (27), que marcaram mudan\u00e7as na composi\u00e7\u00e3o do Legislativo municipal. No primeiro momento, foi aprovada a Resolu\u00e7\u00e3o n.\u00ba 01\/2025, que concedeu licen\u00e7a ao vereador Rom\u00e9rio Sena Brasil, conhecido como Rom\u00e9rio do Carro de Som, para que ele assumisse o cargo de Secret\u00e1rio Municipal de Rela\u00e7\u00f5es Institucionais no governo da prefeita M\u00e1rcia Conrado (PT). J\u00e1 na segunda sess\u00e3o, Gincl\u00e9cio Oliveira, Gin Oliveira, tomou posse como vereador, refor\u00e7ando a representatividade [&hellip;]<\/p>\n","protected":false},"author":2,"featured_media":20194,"comment_status":"open","ping_status":"open","sticky":false,"template":"","format":"standard","meta":{"_jetpack_newsletter_access":"","_jetpack_dont_email_post_to_subs":false,"_jetpack_newsletter_tier_id":0,"_jetpack_memberships_contains_paywalled_content":false,"_jetpack_feature_clip_id":0,"_jetpack_memberships_contains_paid_content":false,"footnotes":"","jetpack_publicize_message":"","jetpack_publicize_feature_enabled":true,"jetpack_social_post_already_shared":true,"jetpack_social_options":{"image_generator_settings":{"template":"highway","default_image_id":0,"font":"","enabled":false},"version":2},"jetpack_post_was_ever_published":false},"categories":[1],"tags":[],"class_list":["post-20190","post","type-post","status-publish","format-standard","has-post-thumbnail","hentry","category-uncategorized"],"aioseo_notices":[],"aioseo_head":"\n\t\t<!-- All in One SEO 4.9.10 - aioseo.com -->\n\t<meta name=\"description\" content=\"O vereador T\u00e9rcio Siqueira, presidente da Comiss\u00e3o de Legisla\u00e7\u00e3o e Reda\u00e7\u00e3o Final e da Comiss\u00e3o de \u00c9tica da C\u00e2mara de Vereadores de Serra Talhada, esteve presente nas duas Sess\u00f5es Extraordin\u00e1rias realizadas nesta ter\u00e7a-feira (27), que marcaram mudan\u00e7as na composi\u00e7\u00e3o do Legislativo municipal. No primeiro momento, foi aprovada a Resolu\u00e7\u00e3o n.\u00ba 01\/2025, que concedeu licen\u00e7a ao\" \/>\n\t<meta name=\"robots\" content=\"max-image-preview:large\" \/>\n\t<meta name=\"author\" content=\"serrafm87\"\/>\n\t<link rel=\"canonical\" href=\"https:\/\/serrafm879.com.br\/serrafm\/2025\/01\/tercio-siqueira-reforca-compromisso-com-serra-talhada-em-sessao-que-marcou-mudancas-na-camara\/\" \/>\n\t<meta name=\"generator\" content=\"All in One SEO (AIOSEO) 4.9.10\" \/>\n\t\t<meta name=\"twitter:card\" content=\"summary_large_image\" \/>\n\t\t<meta name=\"twitter:title\" content=\"T\u00e9rcio Siqueira refor\u00e7a compromisso com Serra Talhada em sess\u00e3o que marcou mudan\u00e7as na CMST - Serra FM 87,9\" \/>\n\t\t<meta name=\"twitter:description\" content=\"O vereador T\u00e9rcio Siqueira, presidente da Comiss\u00e3o de Legisla\u00e7\u00e3o e Reda\u00e7\u00e3o Final e da Comiss\u00e3o de \u00c9tica da C\u00e2mara de Vereadores de Serra Talhada, esteve presente nas duas Sess\u00f5es Extraordin\u00e1rias realizadas nesta ter\u00e7a-feira (27), que marcaram mudan\u00e7as na composi\u00e7\u00e3o do Legislativo municipal. No primeiro momento, foi aprovada a Resolu\u00e7\u00e3o n.\u00ba 01\/2025, que concedeu licen\u00e7a ao\" \/>\n\t\t<meta name=\"twitter:image\" content=\"https:\/\/serrafm879.com.br\/serrafm\/wp-content\/uploads\/2025\/01\/PHOTO-2025-01-29-11-44-33.jpg\" \/>\n\t\t<script type=\"application\/ld+json\" class=\"aioseo-schema\">\n\t\t\t{\"@context\":\"https:\\\/\\\/schema.org\",\"@graph\":[{\"@type\":\"BlogPosting\",\"@id\":\"https:\\\/\\\/serrafm879.com.br\\\/serrafm\\\/2025\\\/01\\\/tercio-siqueira-reforca-compromisso-com-serra-talhada-em-sessao-que-marcou-mudancas-na-camara\\\/#blogposting\",\"name\":\"T\\u00e9rcio Siqueira refor\\u00e7a compromisso com Serra Talhada em sess\\u00e3o que marcou mudan\\u00e7as na CMST - Serra FM 87,9\",\"headline\":\"T\\u00e9rcio Siqueira refor\\u00e7a compromisso com Serra Talhada em sess\\u00e3o que marcou mudan\\u00e7as na CMST\",\"author\":{\"@id\":\"https:\\\/\\\/serrafm879.com.br\\\/serrafm\\\/author\\\/serrafm87\\\/#author\"},\"publisher\":{\"@id\":\"https:\\\/\\\/serrafm879.com.br\\\/serrafm\\\/#organization\"},\"image\":{\"@type\":\"ImageObject\",\"url\":\"https:\\\/\\\/serrafm879.com.br\\\/serrafm\\\/wp-content\\\/uploads\\\/2025\\\/01\\\/PHOTO-2025-01-29-11-44-33.jpg\",\"width\":1280,\"height\":854},\"datePublished\":\"2025-01-29T17:15:18-03:00\",\"dateModified\":\"2025-01-29T17:31:23-03:00\",\"inLanguage\":\"pt-BR\",\"mainEntityOfPage\":{\"@id\":\"https:\\\/\\\/serrafm879.com.br\\\/serrafm\\\/2025\\\/01\\\/tercio-siqueira-reforca-compromisso-com-serra-talhada-em-sessao-que-marcou-mudancas-na-camara\\\/#webpage\"},\"isPartOf\":{\"@id\":\"https:\\\/\\\/serrafm879.com.br\\\/serrafm\\\/2025\\\/01\\\/tercio-siqueira-reforca-compromisso-com-serra-talhada-em-sessao-que-marcou-mudancas-na-camara\\\/#webpage\"},\"articleSection\":\"Uncategorized\"},{\"@type\":\"BreadcrumbList\",\"@id\":\"https:\\\/\\\/serrafm879.com.br\\\/serrafm\\\/2025\\\/01\\\/tercio-siqueira-reforca-compromisso-com-serra-talhada-em-sessao-que-marcou-mudancas-na-camara\\\/#breadcrumblist\",\"itemListElement\":[{\"@type\":\"ListItem\",\"@id\":\"https:\\\/\\\/serrafm879.com.br\\\/serrafm#listItem\",\"position\":1,\"name\":\"Home\",\"item\":\"https:\\\/\\\/serrafm879.com.br\\\/serrafm\",\"nextItem\":{\"@type\":\"ListItem\",\"@id\":\"https:\\\/\\\/serrafm879.com.br\\\/serrafm\\\/categoria\\\/uncategorized\\\/#listItem\",\"name\":\"Uncategorized\"}},{\"@type\":\"ListItem\",\"@id\":\"https:\\\/\\\/serrafm879.com.br\\\/serrafm\\\/categoria\\\/uncategorized\\\/#listItem\",\"position\":2,\"name\":\"Uncategorized\",\"item\":\"https:\\\/\\\/serrafm879.com.br\\\/serrafm\\\/categoria\\\/uncategorized\\\/\",\"nextItem\":{\"@type\":\"ListItem\",\"@id\":\"https:\\\/\\\/serrafm879.com.br\\\/serrafm\\\/2025\\\/01\\\/tercio-siqueira-reforca-compromisso-com-serra-talhada-em-sessao-que-marcou-mudancas-na-camara\\\/#listItem\",\"name\":\"T\\u00e9rcio Siqueira refor\\u00e7a compromisso com Serra Talhada em sess\\u00e3o que marcou mudan\\u00e7as na CMST\"},\"previousItem\":{\"@type\":\"ListItem\",\"@id\":\"https:\\\/\\\/serrafm879.com.br\\\/serrafm#listItem\",\"name\":\"Home\"}},{\"@type\":\"ListItem\",\"@id\":\"https:\\\/\\\/serrafm879.com.br\\\/serrafm\\\/2025\\\/01\\\/tercio-siqueira-reforca-compromisso-com-serra-talhada-em-sessao-que-marcou-mudancas-na-camara\\\/#listItem\",\"position\":3,\"name\":\"T\\u00e9rcio Siqueira refor\\u00e7a compromisso com Serra Talhada em sess\\u00e3o que marcou mudan\\u00e7as na CMST\",\"previousItem\":{\"@type\":\"ListItem\",\"@id\":\"https:\\\/\\\/serrafm879.com.br\\\/serrafm\\\/categoria\\\/uncategorized\\\/#listItem\",\"name\":\"Uncategorized\"}}]},{\"@type\":\"Organization\",\"@id\":\"https:\\\/\\\/serrafm879.com.br\\\/serrafm\\\/#organization\",\"name\":\"Serra FM 87,9\",\"description\":\"O seu novo amor!\",\"url\":\"https:\\\/\\\/serrafm879.com.br\\\/serrafm\\\/\"},{\"@type\":\"Person\",\"@id\":\"https:\\\/\\\/serrafm879.com.br\\\/serrafm\\\/author\\\/serrafm87\\\/#author\",\"url\":\"https:\\\/\\\/serrafm879.com.br\\\/serrafm\\\/author\\\/serrafm87\\\/\",\"name\":\"serrafm87\",\"image\":{\"@type\":\"ImageObject\",\"@id\":\"https:\\\/\\\/serrafm879.com.br\\\/serrafm\\\/2025\\\/01\\\/tercio-siqueira-reforca-compromisso-com-serra-talhada-em-sessao-que-marcou-mudancas-na-camara\\\/#authorImage\",\"url\":\"https:\\\/\\\/secure.gravatar.com\\\/avatar\\\/a743233f1112d34f48bb3dc9559b76eb930bab8b27175856cba6362608736235?s=96&d=mm&r=g\",\"width\":96,\"height\":96,\"caption\":\"serrafm87\"}},{\"@type\":\"WebPage\",\"@id\":\"https:\\\/\\\/serrafm879.com.br\\\/serrafm\\\/2025\\\/01\\\/tercio-siqueira-reforca-compromisso-com-serra-talhada-em-sessao-que-marcou-mudancas-na-camara\\\/#webpage\",\"url\":\"https:\\\/\\\/serrafm879.com.br\\\/serrafm\\\/2025\\\/01\\\/tercio-siqueira-reforca-compromisso-com-serra-talhada-em-sessao-que-marcou-mudancas-na-camara\\\/\",\"name\":\"T\\u00e9rcio Siqueira refor\\u00e7a compromisso com Serra Talhada em sess\\u00e3o que marcou mudan\\u00e7as na CMST - Serra FM 87,9\",\"description\":\"O vereador T\\u00e9rcio Siqueira, presidente da Comiss\\u00e3o de Legisla\\u00e7\\u00e3o e Reda\\u00e7\\u00e3o Final e da Comiss\\u00e3o de \\u00c9tica da C\\u00e2mara de Vereadores de Serra Talhada, esteve presente nas duas Sess\\u00f5es Extraordin\\u00e1rias realizadas nesta ter\\u00e7a-feira (27), que marcaram mudan\\u00e7as na composi\\u00e7\\u00e3o do Legislativo municipal. No primeiro momento, foi aprovada a Resolu\\u00e7\\u00e3o n.\\u00ba 01\\\/2025, que concedeu licen\\u00e7a ao\",\"inLanguage\":\"pt-BR\",\"isPartOf\":{\"@id\":\"https:\\\/\\\/serrafm879.com.br\\\/serrafm\\\/#website\"},\"breadcrumb\":{\"@id\":\"https:\\\/\\\/serrafm879.com.br\\\/serrafm\\\/2025\\\/01\\\/tercio-siqueira-reforca-compromisso-com-serra-talhada-em-sessao-que-marcou-mudancas-na-camara\\\/#breadcrumblist\"},\"author\":{\"@id\":\"https:\\\/\\\/serrafm879.com.br\\\/serrafm\\\/author\\\/serrafm87\\\/#author\"},\"creator\":{\"@id\":\"https:\\\/\\\/serrafm879.com.br\\\/serrafm\\\/author\\\/serrafm87\\\/#author\"},\"image\":{\"@type\":\"ImageObject\",\"url\":\"https:\\\/\\\/serrafm879.com.br\\\/serrafm\\\/wp-content\\\/uploads\\\/2025\\\/01\\\/PHOTO-2025-01-29-11-44-33.jpg\",\"@id\":\"https:\\\/\\\/serrafm879.com.br\\\/serrafm\\\/2025\\\/01\\\/tercio-siqueira-reforca-compromisso-com-serra-talhada-em-sessao-que-marcou-mudancas-na-camara\\\/#mainImage\",\"width\":1280,\"height\":854},\"primaryImageOfPage\":{\"@id\":\"https:\\\/\\\/serrafm879.com.br\\\/serrafm\\\/2025\\\/01\\\/tercio-siqueira-reforca-compromisso-com-serra-talhada-em-sessao-que-marcou-mudancas-na-camara\\\/#mainImage\"},\"datePublished\":\"2025-01-29T17:15:18-03:00\",\"dateModified\":\"2025-01-29T17:31:23-03:00\"},{\"@type\":\"WebSite\",\"@id\":\"https:\\\/\\\/serrafm879.com.br\\\/serrafm\\\/#website\",\"url\":\"https:\\\/\\\/serrafm879.com.br\\\/serrafm\\\/\",\"name\":\"Serra FM 87,9\",\"description\":\"O seu novo amor!\",\"inLanguage\":\"pt-BR\",\"publisher\":{\"@id\":\"https:\\\/\\\/serrafm879.com.br\\\/serrafm\\\/#organization\"}}]}\n\t\t<\/script>\n\t\t<!-- All in One SEO -->\n\n","aioseo_head_json":{"title":"T\u00e9rcio Siqueira refor\u00e7a compromisso com Serra Talhada em sess\u00e3o que marcou mudan\u00e7as na CMST - Serra FM 87,9","description":"O vereador T\u00e9rcio Siqueira, presidente da Comiss\u00e3o de Legisla\u00e7\u00e3o e Reda\u00e7\u00e3o Final e da Comiss\u00e3o de \u00c9tica da C\u00e2mara de Vereadores de Serra Talhada, esteve presente nas duas Sess\u00f5es Extraordin\u00e1rias realizadas nesta ter\u00e7a-feira (27), que marcaram mudan\u00e7as na composi\u00e7\u00e3o do Legislativo municipal. No primeiro momento, foi aprovada a Resolu\u00e7\u00e3o n.\u00ba 01\/2025, que concedeu licen\u00e7a ao","canonical_url":"https:\/\/serrafm879.com.br\/serrafm\/2025\/01\/tercio-siqueira-reforca-compromisso-com-serra-talhada-em-sessao-que-marcou-mudancas-na-camara\/","robots":"max-image-preview:large","keywords":"","webmasterTools":{"miscellaneous":""},"schema":{"@context":"https:\/\/schema.org","@graph":[{"@type":"BlogPosting","@id":"https:\/\/serrafm879.com.br\/serrafm\/2025\/01\/tercio-siqueira-reforca-compromisso-com-serra-talhada-em-sessao-que-marcou-mudancas-na-camara\/#blogposting","name":"T\u00e9rcio Siqueira refor\u00e7a compromisso com Serra Talhada em sess\u00e3o que marcou mudan\u00e7as na CMST - Serra FM 87,9","headline":"T\u00e9rcio Siqueira refor\u00e7a compromisso com Serra Talhada em sess\u00e3o que marcou mudan\u00e7as na CMST","author":{"@id":"https:\/\/serrafm879.com.br\/serrafm\/author\/serrafm87\/#author"},"publisher":{"@id":"https:\/\/serrafm879.com.br\/serrafm\/#organization"},"image":{"@type":"ImageObject","url":"https:\/\/serrafm879.com.br\/serrafm\/wp-content\/uploads\/2025\/01\/PHOTO-2025-01-29-11-44-33.jpg","width":1280,"height":854},"datePublished":"2025-01-29T17:15:18-03:00","dateModified":"2025-01-29T17:31:23-03:00","inLanguage":"pt-BR","mainEntityOfPage":{"@id":"https:\/\/serrafm879.com.br\/serrafm\/2025\/01\/tercio-siqueira-reforca-compromisso-com-serra-talhada-em-sessao-que-marcou-mudancas-na-camara\/#webpage"},"isPartOf":{"@id":"https:\/\/serrafm879.com.br\/serrafm\/2025\/01\/tercio-siqueira-reforca-compromisso-com-serra-talhada-em-sessao-que-marcou-mudancas-na-camara\/#webpage"},"articleSection":"Uncategorized"},{"@type":"BreadcrumbList","@id":"https:\/\/serrafm879.com.br\/serrafm\/2025\/01\/tercio-siqueira-reforca-compromisso-com-serra-talhada-em-sessao-que-marcou-mudancas-na-camara\/#breadcrumblist","itemListElement":[{"@type":"ListItem","@id":"https:\/\/serrafm879.com.br\/serrafm#listItem","position":1,"name":"Home","item":"https:\/\/serrafm879.com.br\/serrafm","nextItem":{"@type":"ListItem","@id":"https:\/\/serrafm879.com.br\/serrafm\/categoria\/uncategorized\/#listItem","name":"Uncategorized"}},{"@type":"ListItem","@id":"https:\/\/serrafm879.com.br\/serrafm\/categoria\/uncategorized\/#listItem","position":2,"name":"Uncategorized","item":"https:\/\/serrafm879.com.br\/serrafm\/categoria\/uncategorized\/","nextItem":{"@type":"ListItem","@id":"https:\/\/serrafm879.com.br\/serrafm\/2025\/01\/tercio-siqueira-reforca-compromisso-com-serra-talhada-em-sessao-que-marcou-mudancas-na-camara\/#listItem","name":"T\u00e9rcio Siqueira refor\u00e7a compromisso com Serra Talhada em sess\u00e3o que marcou mudan\u00e7as na CMST"},"previousItem":{"@type":"ListItem","@id":"https:\/\/serrafm879.com.br\/serrafm#listItem","name":"Home"}},{"@type":"ListItem","@id":"https:\/\/serrafm879.com.br\/serrafm\/2025\/01\/tercio-siqueira-reforca-compromisso-com-serra-talhada-em-sessao-que-marcou-mudancas-na-camara\/#listItem","position":3,"name":"T\u00e9rcio Siqueira refor\u00e7a compromisso com Serra Talhada em sess\u00e3o que marcou mudan\u00e7as na CMST","previousItem":{"@type":"ListItem","@id":"https:\/\/serrafm879.com.br\/serrafm\/categoria\/uncategorized\/#listItem","name":"Uncategorized"}}]},{"@type":"Organization","@id":"https:\/\/serrafm879.com.br\/serrafm\/#organization","name":"Serra FM 87,9","description":"O seu novo amor!","url":"https:\/\/serrafm879.com.br\/serrafm\/"},{"@type":"Person","@id":"https:\/\/serrafm879.com.br\/serrafm\/author\/serrafm87\/#author","url":"https:\/\/serrafm879.com.br\/serrafm\/author\/serrafm87\/","name":"serrafm87","image":{"@type":"ImageObject","@id":"https:\/\/serrafm879.com.br\/serrafm\/2025\/01\/tercio-siqueira-reforca-compromisso-com-serra-talhada-em-sessao-que-marcou-mudancas-na-camara\/#authorImage","url":"https:\/\/secure.gravatar.com\/avatar\/a743233f1112d34f48bb3dc9559b76eb930bab8b27175856cba6362608736235?s=96&d=mm&r=g","width":96,"height":96,"caption":"serrafm87"}},{"@type":"WebPage","@id":"https:\/\/serrafm879.com.br\/serrafm\/2025\/01\/tercio-siqueira-reforca-compromisso-com-serra-talhada-em-sessao-que-marcou-mudancas-na-camara\/#webpage","url":"https:\/\/serrafm879.com.br\/serrafm\/2025\/01\/tercio-siqueira-reforca-compromisso-com-serra-talhada-em-sessao-que-marcou-mudancas-na-camara\/","name":"T\u00e9rcio Siqueira refor\u00e7a compromisso com Serra Talhada em sess\u00e3o que marcou mudan\u00e7as na CMST - Serra FM 87,9","description":"O vereador T\u00e9rcio Siqueira, presidente da Comiss\u00e3o de Legisla\u00e7\u00e3o e Reda\u00e7\u00e3o Final e da Comiss\u00e3o de \u00c9tica da C\u00e2mara de Vereadores de Serra Talhada, esteve presente nas duas Sess\u00f5es Extraordin\u00e1rias realizadas nesta ter\u00e7a-feira (27), que marcaram mudan\u00e7as na composi\u00e7\u00e3o do Legislativo municipal. No primeiro momento, foi aprovada a Resolu\u00e7\u00e3o n.\u00ba 01\/2025, que concedeu licen\u00e7a ao","inLanguage":"pt-BR","isPartOf":{"@id":"https:\/\/serrafm879.com.br\/serrafm\/#website"},"breadcrumb":{"@id":"https:\/\/serrafm879.com.br\/serrafm\/2025\/01\/tercio-siqueira-reforca-compromisso-com-serra-talhada-em-sessao-que-marcou-mudancas-na-camara\/#breadcrumblist"},"author":{"@id":"https:\/\/serrafm879.com.br\/serrafm\/author\/serrafm87\/#author"},"creator":{"@id":"https:\/\/serrafm879.com.br\/serrafm\/author\/serrafm87\/#author"},"image":{"@type":"ImageObject","url":"https:\/\/serrafm879.com.br\/serrafm\/wp-content\/uploads\/2025\/01\/PHOTO-2025-01-29-11-44-33.jpg","@id":"https:\/\/serrafm879.com.br\/serrafm\/2025\/01\/tercio-siqueira-reforca-compromisso-com-serra-talhada-em-sessao-que-marcou-mudancas-na-camara\/#mainImage","width":1280,"height":854},"primaryImageOfPage":{"@id":"https:\/\/serrafm879.com.br\/serrafm\/2025\/01\/tercio-siqueira-reforca-compromisso-com-serra-talhada-em-sessao-que-marcou-mudancas-na-camara\/#mainImage"},"datePublished":"2025-01-29T17:15:18-03:00","dateModified":"2025-01-29T17:31:23-03:00"},{"@type":"WebSite","@id":"https:\/\/serrafm879.com.br\/serrafm\/#website","url":"https:\/\/serrafm879.com.br\/serrafm\/","name":"Serra FM 87,9","description":"O seu novo amor!","inLanguage":"pt-BR","publisher":{"@id":"https:\/\/serrafm879.com.br\/serrafm\/#organization"}}]},"twitter:card":"summary_large_image","twitter:title":"T\u00e9rcio Siqueira refor\u00e7a compromisso com Serra Talhada em sess\u00e3o que marcou mudan\u00e7as na CMST - Serra FM 87,9","twitter:description":"O vereador T\u00e9rcio Siqueira, presidente da Comiss\u00e3o de Legisla\u00e7\u00e3o e Reda\u00e7\u00e3o Final e da Comiss\u00e3o de \u00c9tica da C\u00e2mara de Vereadores de Serra Talhada, esteve presente nas duas Sess\u00f5es Extraordin\u00e1rias realizadas nesta ter\u00e7a-feira (27), que marcaram mudan\u00e7as na composi\u00e7\u00e3o do Legislativo municipal. No primeiro momento, foi aprovada a Resolu\u00e7\u00e3o n.\u00ba 01\/2025, que concedeu licen\u00e7a ao","twitter:image":"https:\/\/serrafm879.com.br\/serrafm\/wp-content\/uploads\/2025\/01\/PHOTO-2025-01-29-11-44-33.jpg"},"aioseo_meta_data":{"post_id":"20190","title":null,"description":null,"keywords":null,"keyphrases":null,"primary_term":null,"canonical_url":null,"og_title":null,"og_description":null,"og_object_type":"default","og_image_type":"default","og_image_custom_url":null,"og_image_custom_fields":null,"og_image_url":null,"og_image_width":null,"og_image_height":null,"og_video":null,"og_custom_url":null,"og_article_section":null,"og_article_tags":null,"twitter_use_og":false,"twitter_card":"default","twitter_image_type":"default","twitter_image_custom_url":null,"twitter_image_custom_fields":null,"twitter_image_url":null,"twitter_title":null,"twitter_description":null,"schema_type":"default","schema_type_options":null,"schema":{"blockGraphs":[],"customGraphs":[],"default":{"data":{"Article":[],"Course":[],"Dataset":[],"FAQPage":[],"Movie":[],"Person":[],"Product":[],"ProductReview":[],"Car":[],"Recipe":[],"Service":[],"SoftwareApplication":[],"WebPage":[]},"graphName":"","isEnabled":true},"graphs":[]},"pillar_content":false,"robots_default":true,"robots_noindex":false,"robots_noarchive":false,"robots_nosnippet":false,"robots_nofollow":false,"robots_noimageindex":false,"robots_noodp":false,"robots_notranslate":false,"robots_max_snippet":null,"robots_max_videopreview":null,"robots_max_imagepreview":"large","priority":null,"frequency":null,"local_seo":null,"limit_modified_date":false,"ai":null,"breadcrumb_settings":null,"seo_analyzer_scan_date":null,"created":"2026-07-21 13:23:13","updated":"2026-07-21 13:23:13"},"aioseo_breadcrumb":"<div class=\"aioseo-breadcrumbs\"><span class=\"aioseo-breadcrumb\">\n\t\t\t<a href=\"https:\/\/serrafm879.com.br\/serrafm\" title=\"Home\">Home<\/a>\n\t\t<\/span><span class=\"aioseo-breadcrumb-separator\">&raquo;<\/span><span class=\"aioseo-breadcrumb\">\n\t\t\t<a href=\"https:\/\/serrafm879.com.br\/serrafm\/categoria\/uncategorized\/\" title=\"Uncategorized\">Uncategorized<\/a>\n\t\t<\/span><span class=\"aioseo-breadcrumb-separator\">&raquo;<\/span><span class=\"aioseo-breadcrumb\">\n\t\t\tT\u00e9rcio Siqueira refor\u00e7a compromisso com Serra Talhada em sess\u00e3o que marcou mudan\u00e7as na CMST\n\t\t<\/span><\/div>","aioseo_breadcrumb_json":[{"label":"Home","link":"https:\/\/serrafm879.com.br\/serrafm"},{"label":"Uncategorized","link":"https:\/\/serrafm879.com.br\/serrafm\/categoria\/uncategorized\/"},{"label":"T\u00e9rcio Siqueira refor\u00e7a compromisso com Serra Talhada em sess\u00e3o que marcou mudan\u00e7as na CMST","link":"https:\/\/serrafm879.com.br\/serrafm\/2025\/01\/tercio-siqueira-reforca-compromisso-com-serra-talhada-em-sessao-que-marcou-mudancas-na-camara\/"}],"jetpack_publicize_connections":[],"jetpack_featured_media_url":"https:\/\/serrafm879.com.br\/serrafm\/wp-content\/uploads\/2025\/01\/PHOTO-2025-01-29-11-44-33.jpg","jetpack_shortlink":"https:\/\/wp.me\/p7HyXg-5fE","jetpack_sharing_enabled":true,"_links":{"self":[{"href":"https:\/\/serrafm879.com.br\/serrafm\/wp-json\/wp\/v2\/posts\/20190","targetHints":{"allow":["GET"]}}],"collection":[{"href":"https:\/\/serrafm879.com.br\/serrafm\/wp-json\/wp\/v2\/posts"}],"about":[{"href":"https:\/\/serrafm879.com.br\/serrafm\/wp-json\/wp\/v2\/types\/post"}],"author":[{"embeddable":true,"href":"https:\/\/serrafm879.com.br\/serrafm\/wp-json\/wp\/v2\/users\/2"}],"replies":[{"embeddable":true,"href":"https:\/\/serrafm879.com.br\/serrafm\/wp-json\/wp\/v2\/comments?post=20190"}],"version-history":[{"count":3,"href":"https:\/\/serrafm879.com.br\/serrafm\/wp-json\/wp\/v2\/posts\/20190\/revisions"}],"predecessor-version":[{"id":20198,"href":"https:\/\/serrafm879.com.br\/serrafm\/wp-json\/wp\/v2\/posts\/20190\/revisions\/20198"}],"wp:featuredmedia":[{"embeddable":true,"href":"https:\/\/serrafm879.com.br\/serrafm\/wp-json\/wp\/v2\/media\/20194"}],"wp:attachment":[{"href":"https:\/\/serrafm879.com.br\/serrafm\/wp-json\/wp\/v2\/media?parent=20190"}],"wp:term":[{"taxonomy":"category","embeddable":true,"href":"https:\/\/serrafm879.com.br\/serrafm\/wp-json\/wp\/v2\/categories?post=20190"},{"taxonomy":"post_tag","embeddable":true,"href":"https:\/\/serrafm879.com.br\/serrafm\/wp-json\/wp\/v2\/tags?post=20190"}],"curies":[{"name":"wp","href":"https:\/\/api.w.org\/{rel}","templated":true}]}}