{"id":20199,"date":"2025-01-29T18:13:08","date_gmt":"2025-01-29T21:13:08","guid":{"rendered":"https:\/?p=20199"},"modified":"2025-01-29T18:13:08","modified_gmt":"2025-01-29T21:13:08","slug":"gleisi-troca-farpas-com-vereador-do-novo-por-acao-movida-contra-janja-da-turma-do-cassado-dallagnol","status":"publish","type":"post","link":"https:\/\/serrafm879.com.br\/serrafm\/2025\/01\/gleisi-troca-farpas-com-vereador-do-novo-por-acao-movida-contra-janja-da-turma-do-cassado-dallagnol\/","title":{"rendered":"Gleisi troca farpas com vereador do Novo por a\u00e7\u00e3o movida contra Janja: &#8216;Da turma do cassado Dallagnol&#8217;"},"content":{"rendered":"<p>A deputada federal Gleisi Hoffmann (PT) trocou farpas pelas redes sociais com o vereador Guilherme Kilter (Novo) por conta dos gastos da primeira-dama Ros\u00e2ngela da Silva, a Janja. A discuss\u00e3o aconteceu ap\u00f3s o parlamentar mover uma a\u00e7\u00e3o popular contra a soci\u00f3loga que questiona do fato dela manter uma estrutura de ao menos 12 assessores e j\u00e1 ter gastado R$ 1,2 milh\u00e3o em viagens desde o in\u00edcio do governo Lula.<\/p>\n<p>Em sua postagem, Gleisi afirma que Janja sofre ataques por atuar em causas relevantes, como os direitos das mulheres e o combate \u00e0 fome. Ela ainda se referiu a Kilter como integrante &#8221; da turma do cassado Dallagnol&#8221;, afirmando que sua a\u00e7\u00e3o \u00e9 &#8220;t\u00e3o mal preparada que nem o Judici\u00e1rio sabe por onde deve tramitar&#8221;.<\/p>\n<p>O vereador respondeu o post de Gleisi e disse que sua a\u00e7\u00e3o n\u00e3o \u00e9 machista. Segundo ele, sua solicita\u00e7\u00e3o demonstra &#8220;zelo pelo dinheiro p\u00fablico&#8221;.<\/p>\n<p>&#8220;\u00c9 s\u00f3 a \u201ccompanheira\u201d parar de fazer festa com nosso dinheiro que eu deixo ela em paz, Gleisi. N\u00e3o \u00e9 machismo, \u00e9 zelo pelo dinheiro p\u00fablico&#8221;, escreveu o vereador.<\/p>\n<p>&nbsp;<\/p>\n<p>Impasse<\/p>\n<p>A a\u00e7\u00e3o movida por Guilherme Kilter (Novo) tem gerado um impasse na Justi\u00e7a Federal, com jogo de empurra entre ju\u00edzes de Curitiba e do Distrito Federal sobre onde o caso deve tramitar. Caber\u00e1 ao Superior Tribunal de Justi\u00e7a (STJ) definir quem vai analisar a quest\u00e3o.<\/p>\n<p>&nbsp;<\/p>\n<p>Logo ap\u00f3s a reportagem do Estad\u00e3o, no m\u00eas passado, que mostrou a estrutura de ao menos 12 assessores de Janja e seus gastos de viagens, o vereador acionou a Justi\u00e7a Federal de Curitiba pedindo a imediata exonera\u00e7\u00e3o dos servidores que trabalham para Janja, assim como a desocupa\u00e7\u00e3o do gabinete ocupado pela primeira-dama no terceiro andar do Pal\u00e1cio do Planalto, a poucos metros do de Lula, onde ela despacha.<\/p>\n<p>Desde ent\u00e3o, a a\u00e7\u00e3o j\u00e1 foi remetida pela Justi\u00e7a Federal de Curitiba para a Justi\u00e7a Federal de Bras\u00edlia \u2014 que, por sua vez, mandou envi\u00e1-la para o Superior Tribunal de Justi\u00e7a (STJ) decidir de quem \u00e9 a compet\u00eancia, j\u00e1 que os ju\u00edzes de Curitiba e Bras\u00edlia querem jogar o processo para o colo do outro. O STJ, por\u00e9m, s\u00f3 deve come\u00e7ar a analisar o caso a partir de fevereiro, com o fim do recesso.<\/p>\n<p>Na pr\u00e1tica, se os pedidos forem aceitos, Janja n\u00e3o s\u00f3 perder\u00e1 a estrutura que lhe presta assessoria diariamente como seria desalojada do Pal\u00e1cio do Planalto. Kilter tamb\u00e9m quer o ressarcimento aos cofres p\u00fablicos das despesas custeadas pelos cofres p\u00fablicos com a equipe de Janja, incluindo passagens, di\u00e1rias e remunera\u00e7\u00e3o de servidores.<\/p>\n","protected":false},"excerpt":{"rendered":"<p>A deputada federal Gleisi Hoffmann (PT) trocou farpas pelas redes sociais com o vereador Guilherme Kilter (Novo) por conta dos gastos da primeira-dama Ros\u00e2ngela da Silva, a Janja. A discuss\u00e3o aconteceu ap\u00f3s o parlamentar mover uma a\u00e7\u00e3o popular contra a soci\u00f3loga que questiona do fato dela manter uma estrutura de ao menos 12 assessores e j\u00e1 ter gastado R$ 1,2 milh\u00e3o em viagens desde o in\u00edcio do governo Lula. Em sua postagem, Gleisi afirma que Janja sofre ataques por atuar em causas relevantes, como os direitos das mulheres e o combate \u00e0 fome. Ela ainda se referiu a Kilter como [&hellip;]<\/p>\n","protected":false},"author":2,"featured_media":20200,"comment_status":"open","ping_status":"open","sticky":false,"template":"","format":"standard","meta":{"_jetpack_newsletter_access":"","_jetpack_dont_email_post_to_subs":false,"_jetpack_newsletter_tier_id":0,"_jetpack_memberships_contains_paywalled_content":false,"_jetpack_feature_clip_id":0,"_jetpack_memberships_contains_paid_content":false,"footnotes":"","jetpack_publicize_message":"","jetpack_publicize_feature_enabled":true,"jetpack_social_post_already_shared":true,"jetpack_social_options":{"image_generator_settings":{"template":"highway","default_image_id":0,"font":"","enabled":false},"version":2},"jetpack_post_was_ever_published":false},"categories":[149],"tags":[],"class_list":["post-20199","post","type-post","status-publish","format-standard","has-post-thumbnail","hentry","category-brasil"],"aioseo_notices":[],"aioseo_head":"\n\t\t<!-- All in One SEO 4.9.10 - aioseo.com -->\n\t<meta name=\"description\" content=\"A deputada federal Gleisi Hoffmann (PT) trocou farpas pelas redes sociais com o vereador Guilherme Kilter (Novo) por conta dos gastos da primeira-dama Ros\u00e2ngela da Silva, a Janja. A discuss\u00e3o aconteceu ap\u00f3s o parlamentar mover uma a\u00e7\u00e3o popular contra a soci\u00f3loga que questiona do fato dela manter uma estrutura de ao menos 12 assessores e\" \/>\n\t<meta name=\"robots\" content=\"max-image-preview:large\" \/>\n\t<meta name=\"author\" content=\"serrafm87\"\/>\n\t<link rel=\"canonical\" href=\"https:\/\/serrafm879.com.br\/serrafm\/2025\/01\/gleisi-troca-farpas-com-vereador-do-novo-por-acao-movida-contra-janja-da-turma-do-cassado-dallagnol\/\" \/>\n\t<meta name=\"generator\" content=\"All in One SEO (AIOSEO) 4.9.10\" \/>\n\t\t<meta name=\"twitter:card\" content=\"summary_large_image\" \/>\n\t\t<meta name=\"twitter:title\" content=\"Gleisi troca farpas com vereador do Novo por a\u00e7\u00e3o movida contra Janja: \u2018Da turma do cassado Dallagnol\u2019 - Serra FM 87,9\" \/>\n\t\t<meta name=\"twitter:description\" content=\"A deputada federal Gleisi Hoffmann (PT) trocou farpas pelas redes sociais com o vereador Guilherme Kilter (Novo) por conta dos gastos da primeira-dama Ros\u00e2ngela da Silva, a Janja. A discuss\u00e3o aconteceu ap\u00f3s o parlamentar mover uma a\u00e7\u00e3o popular contra a soci\u00f3loga que questiona do fato dela manter uma estrutura de ao menos 12 assessores e\" \/>\n\t\t<meta name=\"twitter:image\" content=\"https:\/\/serrafm879.com.br\/serrafm\/wp-content\/uploads\/2025\/01\/arte-2025-01-29t143640.127.jpeg\" \/>\n\t\t<script type=\"application\/ld+json\" class=\"aioseo-schema\">\n\t\t\t{\"@context\":\"https:\\\/\\\/schema.org\",\"@graph\":[{\"@type\":\"BlogPosting\",\"@id\":\"https:\\\/\\\/serrafm879.com.br\\\/serrafm\\\/2025\\\/01\\\/gleisi-troca-farpas-com-vereador-do-novo-por-acao-movida-contra-janja-da-turma-do-cassado-dallagnol\\\/#blogposting\",\"name\":\"Gleisi troca farpas com vereador do Novo por a\\u00e7\\u00e3o movida contra Janja: \\u2018Da turma do cassado Dallagnol\\u2019 - Serra FM 87,9\",\"headline\":\"Gleisi troca farpas com vereador do Novo por a\\u00e7\\u00e3o movida contra Janja: &#8216;Da turma do cassado Dallagnol&#8217;\",\"author\":{\"@id\":\"https:\\\/\\\/serrafm879.com.br\\\/serrafm\\\/author\\\/serrafm87\\\/#author\"},\"publisher\":{\"@id\":\"https:\\\/\\\/serrafm879.com.br\\\/serrafm\\\/#organization\"},\"image\":{\"@type\":\"ImageObject\",\"url\":\"https:\\\/\\\/serrafm879.com.br\\\/serrafm\\\/wp-content\\\/uploads\\\/2025\\\/01\\\/arte-2025-01-29t143640.127.jpeg\",\"width\":924,\"height\":552},\"datePublished\":\"2025-01-29T18:13:08-03:00\",\"dateModified\":\"2025-01-29T18:13:08-03:00\",\"inLanguage\":\"pt-BR\",\"mainEntityOfPage\":{\"@id\":\"https:\\\/\\\/serrafm879.com.br\\\/serrafm\\\/2025\\\/01\\\/gleisi-troca-farpas-com-vereador-do-novo-por-acao-movida-contra-janja-da-turma-do-cassado-dallagnol\\\/#webpage\"},\"isPartOf\":{\"@id\":\"https:\\\/\\\/serrafm879.com.br\\\/serrafm\\\/2025\\\/01\\\/gleisi-troca-farpas-com-vereador-do-novo-por-acao-movida-contra-janja-da-turma-do-cassado-dallagnol\\\/#webpage\"},\"articleSection\":\"Brasil\"},{\"@type\":\"BreadcrumbList\",\"@id\":\"https:\\\/\\\/serrafm879.com.br\\\/serrafm\\\/2025\\\/01\\\/gleisi-troca-farpas-com-vereador-do-novo-por-acao-movida-contra-janja-da-turma-do-cassado-dallagnol\\\/#breadcrumblist\",\"itemListElement\":[{\"@type\":\"ListItem\",\"@id\":\"https:\\\/\\\/serrafm879.com.br\\\/serrafm#listItem\",\"position\":1,\"name\":\"Home\",\"item\":\"https:\\\/\\\/serrafm879.com.br\\\/serrafm\",\"nextItem\":{\"@type\":\"ListItem\",\"@id\":\"https:\\\/\\\/serrafm879.com.br\\\/serrafm\\\/categoria\\\/brasil\\\/#listItem\",\"name\":\"Brasil\"}},{\"@type\":\"ListItem\",\"@id\":\"https:\\\/\\\/serrafm879.com.br\\\/serrafm\\\/categoria\\\/brasil\\\/#listItem\",\"position\":2,\"name\":\"Brasil\",\"item\":\"https:\\\/\\\/serrafm879.com.br\\\/serrafm\\\/categoria\\\/brasil\\\/\",\"nextItem\":{\"@type\":\"ListItem\",\"@id\":\"https:\\\/\\\/serrafm879.com.br\\\/serrafm\\\/2025\\\/01\\\/gleisi-troca-farpas-com-vereador-do-novo-por-acao-movida-contra-janja-da-turma-do-cassado-dallagnol\\\/#listItem\",\"name\":\"Gleisi troca farpas com vereador do Novo por a\\u00e7\\u00e3o movida contra Janja: &#8216;Da turma do cassado Dallagnol&#8217;\"},\"previousItem\":{\"@type\":\"ListItem\",\"@id\":\"https:\\\/\\\/serrafm879.com.br\\\/serrafm#listItem\",\"name\":\"Home\"}},{\"@type\":\"ListItem\",\"@id\":\"https:\\\/\\\/serrafm879.com.br\\\/serrafm\\\/2025\\\/01\\\/gleisi-troca-farpas-com-vereador-do-novo-por-acao-movida-contra-janja-da-turma-do-cassado-dallagnol\\\/#listItem\",\"position\":3,\"name\":\"Gleisi troca farpas com vereador do Novo por a\\u00e7\\u00e3o movida contra Janja: &#8216;Da turma do cassado Dallagnol&#8217;\",\"previousItem\":{\"@type\":\"ListItem\",\"@id\":\"https:\\\/\\\/serrafm879.com.br\\\/serrafm\\\/categoria\\\/brasil\\\/#listItem\",\"name\":\"Brasil\"}}]},{\"@type\":\"Organization\",\"@id\":\"https:\\\/\\\/serrafm879.com.br\\\/serrafm\\\/#organization\",\"name\":\"Serra FM 87,9\",\"description\":\"O seu novo amor!\",\"url\":\"https:\\\/\\\/serrafm879.com.br\\\/serrafm\\\/\"},{\"@type\":\"Person\",\"@id\":\"https:\\\/\\\/serrafm879.com.br\\\/serrafm\\\/author\\\/serrafm87\\\/#author\",\"url\":\"https:\\\/\\\/serrafm879.com.br\\\/serrafm\\\/author\\\/serrafm87\\\/\",\"name\":\"serrafm87\",\"image\":{\"@type\":\"ImageObject\",\"@id\":\"https:\\\/\\\/serrafm879.com.br\\\/serrafm\\\/2025\\\/01\\\/gleisi-troca-farpas-com-vereador-do-novo-por-acao-movida-contra-janja-da-turma-do-cassado-dallagnol\\\/#authorImage\",\"url\":\"https:\\\/\\\/secure.gravatar.com\\\/avatar\\\/a743233f1112d34f48bb3dc9559b76eb930bab8b27175856cba6362608736235?s=96&d=mm&r=g\",\"width\":96,\"height\":96,\"caption\":\"serrafm87\"}},{\"@type\":\"WebPage\",\"@id\":\"https:\\\/\\\/serrafm879.com.br\\\/serrafm\\\/2025\\\/01\\\/gleisi-troca-farpas-com-vereador-do-novo-por-acao-movida-contra-janja-da-turma-do-cassado-dallagnol\\\/#webpage\",\"url\":\"https:\\\/\\\/serrafm879.com.br\\\/serrafm\\\/2025\\\/01\\\/gleisi-troca-farpas-com-vereador-do-novo-por-acao-movida-contra-janja-da-turma-do-cassado-dallagnol\\\/\",\"name\":\"Gleisi troca farpas com vereador do Novo por a\\u00e7\\u00e3o movida contra Janja: \\u2018Da turma do cassado Dallagnol\\u2019 - Serra FM 87,9\",\"description\":\"A deputada federal Gleisi Hoffmann (PT) trocou farpas pelas redes sociais com o vereador Guilherme Kilter (Novo) por conta dos gastos da primeira-dama Ros\\u00e2ngela da Silva, a Janja. A discuss\\u00e3o aconteceu ap\\u00f3s o parlamentar mover uma a\\u00e7\\u00e3o popular contra a soci\\u00f3loga que questiona do fato dela manter uma estrutura de ao menos 12 assessores e\",\"inLanguage\":\"pt-BR\",\"isPartOf\":{\"@id\":\"https:\\\/\\\/serrafm879.com.br\\\/serrafm\\\/#website\"},\"breadcrumb\":{\"@id\":\"https:\\\/\\\/serrafm879.com.br\\\/serrafm\\\/2025\\\/01\\\/gleisi-troca-farpas-com-vereador-do-novo-por-acao-movida-contra-janja-da-turma-do-cassado-dallagnol\\\/#breadcrumblist\"},\"author\":{\"@id\":\"https:\\\/\\\/serrafm879.com.br\\\/serrafm\\\/author\\\/serrafm87\\\/#author\"},\"creator\":{\"@id\":\"https:\\\/\\\/serrafm879.com.br\\\/serrafm\\\/author\\\/serrafm87\\\/#author\"},\"image\":{\"@type\":\"ImageObject\",\"url\":\"https:\\\/\\\/serrafm879.com.br\\\/serrafm\\\/wp-content\\\/uploads\\\/2025\\\/01\\\/arte-2025-01-29t143640.127.jpeg\",\"@id\":\"https:\\\/\\\/serrafm879.com.br\\\/serrafm\\\/2025\\\/01\\\/gleisi-troca-farpas-com-vereador-do-novo-por-acao-movida-contra-janja-da-turma-do-cassado-dallagnol\\\/#mainImage\",\"width\":924,\"height\":552},\"primaryImageOfPage\":{\"@id\":\"https:\\\/\\\/serrafm879.com.br\\\/serrafm\\\/2025\\\/01\\\/gleisi-troca-farpas-com-vereador-do-novo-por-acao-movida-contra-janja-da-turma-do-cassado-dallagnol\\\/#mainImage\"},\"datePublished\":\"2025-01-29T18:13:08-03:00\",\"dateModified\":\"2025-01-29T18:13:08-03:00\"},{\"@type\":\"WebSite\",\"@id\":\"https:\\\/\\\/serrafm879.com.br\\\/serrafm\\\/#website\",\"url\":\"https:\\\/\\\/serrafm879.com.br\\\/serrafm\\\/\",\"name\":\"Serra FM 87,9\",\"description\":\"O seu novo amor!\",\"inLanguage\":\"pt-BR\",\"publisher\":{\"@id\":\"https:\\\/\\\/serrafm879.com.br\\\/serrafm\\\/#organization\"}}]}\n\t\t<\/script>\n\t\t<!-- All in One SEO -->\n\n","aioseo_head_json":{"title":"Gleisi troca farpas com vereador do Novo por a\u00e7\u00e3o movida contra Janja: \u2018Da turma do cassado Dallagnol\u2019 - Serra FM 87,9","description":"A deputada federal Gleisi Hoffmann (PT) trocou farpas pelas redes sociais com o vereador Guilherme Kilter (Novo) por conta dos gastos da primeira-dama Ros\u00e2ngela da Silva, a Janja. A discuss\u00e3o aconteceu ap\u00f3s o parlamentar mover uma a\u00e7\u00e3o popular contra a soci\u00f3loga que questiona do fato dela manter uma estrutura de ao menos 12 assessores e","canonical_url":"https:\/\/serrafm879.com.br\/serrafm\/2025\/01\/gleisi-troca-farpas-com-vereador-do-novo-por-acao-movida-contra-janja-da-turma-do-cassado-dallagnol\/","robots":"max-image-preview:large","keywords":"","webmasterTools":{"miscellaneous":""},"schema":{"@context":"https:\/\/schema.org","@graph":[{"@type":"BlogPosting","@id":"https:\/\/serrafm879.com.br\/serrafm\/2025\/01\/gleisi-troca-farpas-com-vereador-do-novo-por-acao-movida-contra-janja-da-turma-do-cassado-dallagnol\/#blogposting","name":"Gleisi troca farpas com vereador do Novo por a\u00e7\u00e3o movida contra Janja: \u2018Da turma do cassado Dallagnol\u2019 - Serra FM 87,9","headline":"Gleisi troca farpas com vereador do Novo por a\u00e7\u00e3o movida contra Janja: &#8216;Da turma do cassado Dallagnol&#8217;","author":{"@id":"https:\/\/serrafm879.com.br\/serrafm\/author\/serrafm87\/#author"},"publisher":{"@id":"https:\/\/serrafm879.com.br\/serrafm\/#organization"},"image":{"@type":"ImageObject","url":"https:\/\/serrafm879.com.br\/serrafm\/wp-content\/uploads\/2025\/01\/arte-2025-01-29t143640.127.jpeg","width":924,"height":552},"datePublished":"2025-01-29T18:13:08-03:00","dateModified":"2025-01-29T18:13:08-03:00","inLanguage":"pt-BR","mainEntityOfPage":{"@id":"https:\/\/serrafm879.com.br\/serrafm\/2025\/01\/gleisi-troca-farpas-com-vereador-do-novo-por-acao-movida-contra-janja-da-turma-do-cassado-dallagnol\/#webpage"},"isPartOf":{"@id":"https:\/\/serrafm879.com.br\/serrafm\/2025\/01\/gleisi-troca-farpas-com-vereador-do-novo-por-acao-movida-contra-janja-da-turma-do-cassado-dallagnol\/#webpage"},"articleSection":"Brasil"},{"@type":"BreadcrumbList","@id":"https:\/\/serrafm879.com.br\/serrafm\/2025\/01\/gleisi-troca-farpas-com-vereador-do-novo-por-acao-movida-contra-janja-da-turma-do-cassado-dallagnol\/#breadcrumblist","itemListElement":[{"@type":"ListItem","@id":"https:\/\/serrafm879.com.br\/serrafm#listItem","position":1,"name":"Home","item":"https:\/\/serrafm879.com.br\/serrafm","nextItem":{"@type":"ListItem","@id":"https:\/\/serrafm879.com.br\/serrafm\/categoria\/brasil\/#listItem","name":"Brasil"}},{"@type":"ListItem","@id":"https:\/\/serrafm879.com.br\/serrafm\/categoria\/brasil\/#listItem","position":2,"name":"Brasil","item":"https:\/\/serrafm879.com.br\/serrafm\/categoria\/brasil\/","nextItem":{"@type":"ListItem","@id":"https:\/\/serrafm879.com.br\/serrafm\/2025\/01\/gleisi-troca-farpas-com-vereador-do-novo-por-acao-movida-contra-janja-da-turma-do-cassado-dallagnol\/#listItem","name":"Gleisi troca farpas com vereador do Novo por a\u00e7\u00e3o movida contra Janja: &#8216;Da turma do cassado Dallagnol&#8217;"},"previousItem":{"@type":"ListItem","@id":"https:\/\/serrafm879.com.br\/serrafm#listItem","name":"Home"}},{"@type":"ListItem","@id":"https:\/\/serrafm879.com.br\/serrafm\/2025\/01\/gleisi-troca-farpas-com-vereador-do-novo-por-acao-movida-contra-janja-da-turma-do-cassado-dallagnol\/#listItem","position":3,"name":"Gleisi troca farpas com vereador do Novo por a\u00e7\u00e3o movida contra Janja: &#8216;Da turma do cassado Dallagnol&#8217;","previousItem":{"@type":"ListItem","@id":"https:\/\/serrafm879.com.br\/serrafm\/categoria\/brasil\/#listItem","name":"Brasil"}}]},{"@type":"Organization","@id":"https:\/\/serrafm879.com.br\/serrafm\/#organization","name":"Serra FM 87,9","description":"O seu novo amor!","url":"https:\/\/serrafm879.com.br\/serrafm\/"},{"@type":"Person","@id":"https:\/\/serrafm879.com.br\/serrafm\/author\/serrafm87\/#author","url":"https:\/\/serrafm879.com.br\/serrafm\/author\/serrafm87\/","name":"serrafm87","image":{"@type":"ImageObject","@id":"https:\/\/serrafm879.com.br\/serrafm\/2025\/01\/gleisi-troca-farpas-com-vereador-do-novo-por-acao-movida-contra-janja-da-turma-do-cassado-dallagnol\/#authorImage","url":"https:\/\/secure.gravatar.com\/avatar\/a743233f1112d34f48bb3dc9559b76eb930bab8b27175856cba6362608736235?s=96&d=mm&r=g","width":96,"height":96,"caption":"serrafm87"}},{"@type":"WebPage","@id":"https:\/\/serrafm879.com.br\/serrafm\/2025\/01\/gleisi-troca-farpas-com-vereador-do-novo-por-acao-movida-contra-janja-da-turma-do-cassado-dallagnol\/#webpage","url":"https:\/\/serrafm879.com.br\/serrafm\/2025\/01\/gleisi-troca-farpas-com-vereador-do-novo-por-acao-movida-contra-janja-da-turma-do-cassado-dallagnol\/","name":"Gleisi troca farpas com vereador do Novo por a\u00e7\u00e3o movida contra Janja: \u2018Da turma do cassado Dallagnol\u2019 - Serra FM 87,9","description":"A deputada federal Gleisi Hoffmann (PT) trocou farpas pelas redes sociais com o vereador Guilherme Kilter (Novo) por conta dos gastos da primeira-dama Ros\u00e2ngela da Silva, a Janja. A discuss\u00e3o aconteceu ap\u00f3s o parlamentar mover uma a\u00e7\u00e3o popular contra a soci\u00f3loga que questiona do fato dela manter uma estrutura de ao menos 12 assessores e","inLanguage":"pt-BR","isPartOf":{"@id":"https:\/\/serrafm879.com.br\/serrafm\/#website"},"breadcrumb":{"@id":"https:\/\/serrafm879.com.br\/serrafm\/2025\/01\/gleisi-troca-farpas-com-vereador-do-novo-por-acao-movida-contra-janja-da-turma-do-cassado-dallagnol\/#breadcrumblist"},"author":{"@id":"https:\/\/serrafm879.com.br\/serrafm\/author\/serrafm87\/#author"},"creator":{"@id":"https:\/\/serrafm879.com.br\/serrafm\/author\/serrafm87\/#author"},"image":{"@type":"ImageObject","url":"https:\/\/serrafm879.com.br\/serrafm\/wp-content\/uploads\/2025\/01\/arte-2025-01-29t143640.127.jpeg","@id":"https:\/\/serrafm879.com.br\/serrafm\/2025\/01\/gleisi-troca-farpas-com-vereador-do-novo-por-acao-movida-contra-janja-da-turma-do-cassado-dallagnol\/#mainImage","width":924,"height":552},"primaryImageOfPage":{"@id":"https:\/\/serrafm879.com.br\/serrafm\/2025\/01\/gleisi-troca-farpas-com-vereador-do-novo-por-acao-movida-contra-janja-da-turma-do-cassado-dallagnol\/#mainImage"},"datePublished":"2025-01-29T18:13:08-03:00","dateModified":"2025-01-29T18:13:08-03:00"},{"@type":"WebSite","@id":"https:\/\/serrafm879.com.br\/serrafm\/#website","url":"https:\/\/serrafm879.com.br\/serrafm\/","name":"Serra FM 87,9","description":"O seu novo amor!","inLanguage":"pt-BR","publisher":{"@id":"https:\/\/serrafm879.com.br\/serrafm\/#organization"}}]},"twitter:card":"summary_large_image","twitter:title":"Gleisi troca farpas com vereador do Novo por a\u00e7\u00e3o movida contra Janja: \u2018Da turma do cassado Dallagnol\u2019 - Serra FM 87,9","twitter:description":"A deputada federal Gleisi Hoffmann (PT) trocou farpas pelas redes sociais com o vereador Guilherme Kilter (Novo) por conta dos gastos da primeira-dama Ros\u00e2ngela da Silva, a Janja. A discuss\u00e3o aconteceu ap\u00f3s o parlamentar mover uma a\u00e7\u00e3o popular contra a soci\u00f3loga que questiona do fato dela manter uma estrutura de ao menos 12 assessores e","twitter:image":"https:\/\/serrafm879.com.br\/serrafm\/wp-content\/uploads\/2025\/01\/arte-2025-01-29t143640.127.jpeg"},"aioseo_meta_data":{"post_id":"20199","title":null,"description":null,"keywords":null,"keyphrases":null,"primary_term":null,"canonical_url":null,"og_title":null,"og_description":null,"og_object_type":"default","og_image_type":"default","og_image_custom_url":null,"og_image_custom_fields":null,"og_image_url":null,"og_image_width":null,"og_image_height":null,"og_video":null,"og_custom_url":null,"og_article_section":null,"og_article_tags":null,"twitter_use_og":false,"twitter_card":"default","twitter_image_type":"default","twitter_image_custom_url":null,"twitter_image_custom_fields":null,"twitter_image_url":null,"twitter_title":null,"twitter_description":null,"schema_type":"default","schema_type_options":null,"schema":{"blockGraphs":[],"customGraphs":[],"default":{"data":{"Article":[],"Course":[],"Dataset":[],"FAQPage":[],"Movie":[],"Person":[],"Product":[],"ProductReview":[],"Car":[],"Recipe":[],"Service":[],"SoftwareApplication":[],"WebPage":[]},"graphName":"","isEnabled":true},"graphs":[]},"pillar_content":false,"robots_default":true,"robots_noindex":false,"robots_noarchive":false,"robots_nosnippet":false,"robots_nofollow":false,"robots_noimageindex":false,"robots_noodp":false,"robots_notranslate":false,"robots_max_snippet":null,"robots_max_videopreview":null,"robots_max_imagepreview":"large","priority":null,"frequency":null,"local_seo":null,"limit_modified_date":false,"ai":null,"breadcrumb_settings":null,"seo_analyzer_scan_date":null,"created":"2026-07-21 13:23:13","updated":"2026-07-21 13:23:13"},"aioseo_breadcrumb":"<div class=\"aioseo-breadcrumbs\"><span class=\"aioseo-breadcrumb\">\n\t\t\t<a href=\"https:\/\/serrafm879.com.br\/serrafm\" title=\"Home\">Home<\/a>\n\t\t<\/span><span class=\"aioseo-breadcrumb-separator\">&raquo;<\/span><span class=\"aioseo-breadcrumb\">\n\t\t\t<a href=\"https:\/\/serrafm879.com.br\/serrafm\/categoria\/brasil\/\" title=\"Brasil\">Brasil<\/a>\n\t\t<\/span><span class=\"aioseo-breadcrumb-separator\">&raquo;<\/span><span class=\"aioseo-breadcrumb\">\n\t\t\tGleisi troca farpas com vereador do Novo por a\u00e7\u00e3o movida contra Janja: \u2018Da turma do cassado Dallagnol\u2019\n\t\t<\/span><\/div>","aioseo_breadcrumb_json":[{"label":"Home","link":"https:\/\/serrafm879.com.br\/serrafm"},{"label":"Brasil","link":"https:\/\/serrafm879.com.br\/serrafm\/categoria\/brasil\/"},{"label":"Gleisi troca farpas com vereador do Novo por a\u00e7\u00e3o movida contra Janja: &#8216;Da turma do cassado Dallagnol&#8217;","link":"https:\/\/serrafm879.com.br\/serrafm\/2025\/01\/gleisi-troca-farpas-com-vereador-do-novo-por-acao-movida-contra-janja-da-turma-do-cassado-dallagnol\/"}],"jetpack_publicize_connections":[],"jetpack_featured_media_url":"https:\/\/serrafm879.com.br\/serrafm\/wp-content\/uploads\/2025\/01\/arte-2025-01-29t143640.127.jpeg","jetpack_shortlink":"https:\/\/wp.me\/p7HyXg-5fN","jetpack_sharing_enabled":true,"_links":{"self":[{"href":"https:\/\/serrafm879.com.br\/serrafm\/wp-json\/wp\/v2\/posts\/20199","targetHints":{"allow":["GET"]}}],"collection":[{"href":"https:\/\/serrafm879.com.br\/serrafm\/wp-json\/wp\/v2\/posts"}],"about":[{"href":"https:\/\/serrafm879.com.br\/serrafm\/wp-json\/wp\/v2\/types\/post"}],"author":[{"embeddable":true,"href":"https:\/\/serrafm879.com.br\/serrafm\/wp-json\/wp\/v2\/users\/2"}],"replies":[{"embeddable":true,"href":"https:\/\/serrafm879.com.br\/serrafm\/wp-json\/wp\/v2\/comments?post=20199"}],"version-history":[{"count":1,"href":"https:\/\/serrafm879.com.br\/serrafm\/wp-json\/wp\/v2\/posts\/20199\/revisions"}],"predecessor-version":[{"id":20201,"href":"https:\/\/serrafm879.com.br\/serrafm\/wp-json\/wp\/v2\/posts\/20199\/revisions\/20201"}],"wp:featuredmedia":[{"embeddable":true,"href":"https:\/\/serrafm879.com.br\/serrafm\/wp-json\/wp\/v2\/media\/20200"}],"wp:attachment":[{"href":"https:\/\/serrafm879.com.br\/serrafm\/wp-json\/wp\/v2\/media?parent=20199"}],"wp:term":[{"taxonomy":"category","embeddable":true,"href":"https:\/\/serrafm879.com.br\/serrafm\/wp-json\/wp\/v2\/categories?post=20199"},{"taxonomy":"post_tag","embeddable":true,"href":"https:\/\/serrafm879.com.br\/serrafm\/wp-json\/wp\/v2\/tags?post=20199"}],"curies":[{"name":"wp","href":"https:\/\/api.w.org\/{rel}","templated":true}]}}