{"id":20212,"date":"2025-01-30T08:22:59","date_gmt":"2025-01-30T11:22:59","guid":{"rendered":"https:\/?p=20212"},"modified":"2025-01-30T08:39:50","modified_gmt":"2025-01-30T11:39:50","slug":"foragido-com-mandado-de-prisao-e-captura-apos-quebrar-tornozeleira","status":"publish","type":"post","link":"https:\/\/serrafm879.com.br\/serrafm\/2025\/01\/foragido-com-mandado-de-prisao-e-captura-apos-quebrar-tornozeleira\/","title":{"rendered":"Homem com mandado de pris\u00e3o \u00e9 capturado ap\u00f3s quebrar tornozeleira"},"content":{"rendered":"<p>Na manh\u00e3 dessa quarta-feira (29), no bairro Mutir\u00e3o, Policiais Militares do 14\u00b0 BPM foram informados que havia um indiv\u00edduo com mandado de pris\u00e3o em aberto na localidade.<\/p>\n<p>O efetivo se deslocou at\u00e9 a resid\u00eancia do imputado, de 25 anos, que afirmou aos policiais j\u00e1 ter conhecimento sobre o mandado de pris\u00e3o, pois havia rompido a tornozeleira eletr\u00f4nica. Ele ainda afirmou que essa n\u00e3o foi a primeira que danificou o aparelho e que estava em pris\u00e3o domiciliar.<\/p>\n<p>Diante do fatos, foi dado o cumprimento do mandado de pris\u00e3o expedido pela 4 Vara Regional de Execu\u00e7\u00e3o Penal da Comarca de Petrolina. O imputado foi encaminhado pela guarni\u00e7\u00e3o para a Delegacia de Pol\u00edcia Civil, no Bairro AABB, onde as medidas cab\u00edveis foram aplicadas.<\/p>\n<p>&nbsp;<\/p>\n","protected":false},"excerpt":{"rendered":"<p>Na manh\u00e3 dessa quarta-feira (29), no bairro Mutir\u00e3o, Policiais Militares do 14\u00b0 BPM foram informados que havia um indiv\u00edduo com mandado de pris\u00e3o em aberto na localidade. O efetivo se deslocou at\u00e9 a resid\u00eancia do imputado, de 25 anos, que afirmou aos policiais j\u00e1 ter conhecimento sobre o mandado de pris\u00e3o, pois havia rompido a tornozeleira eletr\u00f4nica. Ele ainda afirmou que essa n\u00e3o foi a primeira que danificou o aparelho e que estava em pris\u00e3o domiciliar. Diante do fatos, foi dado o cumprimento do mandado de pris\u00e3o expedido pela 4 Vara Regional de Execu\u00e7\u00e3o Penal da Comarca de Petrolina. O [&hellip;]<\/p>\n","protected":false},"author":2,"featured_media":20213,"comment_status":"open","ping_status":"open","sticky":false,"template":"","format":"standard","meta":{"_jetpack_newsletter_access":"","_jetpack_dont_email_post_to_subs":false,"_jetpack_newsletter_tier_id":0,"_jetpack_memberships_contains_paywalled_content":false,"_jetpack_feature_clip_id":0,"_jetpack_memberships_contains_paid_content":false,"footnotes":"","jetpack_publicize_message":"","jetpack_publicize_feature_enabled":true,"jetpack_social_post_already_shared":true,"jetpack_social_options":{"image_generator_settings":{"template":"highway","default_image_id":0,"font":"","enabled":false},"version":2},"jetpack_post_was_ever_published":false},"categories":[151],"tags":[],"class_list":["post-20212","post","type-post","status-publish","format-standard","has-post-thumbnail","hentry","category-policia"],"aioseo_notices":[],"aioseo_head":"\n\t\t<!-- All in One SEO 4.9.10 - aioseo.com -->\n\t<meta name=\"description\" content=\"Na manh\u00e3 dessa quarta-feira (29), no bairro Mutir\u00e3o, Policiais Militares do 14\u00b0 BPM foram informados que havia um indiv\u00edduo com mandado de pris\u00e3o em aberto na localidade. O efetivo se deslocou at\u00e9 a resid\u00eancia do imputado, de 25 anos, que afirmou aos policiais j\u00e1 ter conhecimento sobre o mandado de pris\u00e3o, pois havia rompido a\" \/>\n\t<meta name=\"robots\" content=\"max-image-preview:large\" \/>\n\t<meta name=\"author\" content=\"serrafm87\"\/>\n\t<link rel=\"canonical\" href=\"https:\/\/serrafm879.com.br\/serrafm\/2025\/01\/foragido-com-mandado-de-prisao-e-captura-apos-quebrar-tornozeleira\/\" \/>\n\t<meta name=\"generator\" content=\"All in One SEO (AIOSEO) 4.9.10\" \/>\n\t\t<meta name=\"twitter:card\" content=\"summary_large_image\" \/>\n\t\t<meta name=\"twitter:title\" content=\"Homem com mandado de pris\u00e3o \u00e9 capturado ap\u00f3s quebrar tornozeleira - Serra FM 87,9\" \/>\n\t\t<meta name=\"twitter:description\" content=\"Na manh\u00e3 dessa quarta-feira (29), no bairro Mutir\u00e3o, Policiais Militares do 14\u00b0 BPM foram informados que havia um indiv\u00edduo com mandado de pris\u00e3o em aberto na localidade. O efetivo se deslocou at\u00e9 a resid\u00eancia do imputado, de 25 anos, que afirmou aos policiais j\u00e1 ter conhecimento sobre o mandado de pris\u00e3o, pois havia rompido a\" \/>\n\t\t<meta name=\"twitter:image\" content=\"https:\/\/serrafm879.com.br\/serrafm\/wp-content\/uploads\/2025\/01\/download-1.jpeg\" \/>\n\t\t<script type=\"application\/ld+json\" class=\"aioseo-schema\">\n\t\t\t{\"@context\":\"https:\\\/\\\/schema.org\",\"@graph\":[{\"@type\":\"BlogPosting\",\"@id\":\"https:\\\/\\\/serrafm879.com.br\\\/serrafm\\\/2025\\\/01\\\/foragido-com-mandado-de-prisao-e-captura-apos-quebrar-tornozeleira\\\/#blogposting\",\"name\":\"Homem com mandado de pris\\u00e3o \\u00e9 capturado ap\\u00f3s quebrar tornozeleira - Serra FM 87,9\",\"headline\":\"Homem com mandado de pris\\u00e3o \\u00e9 capturado ap\\u00f3s quebrar tornozeleira\",\"author\":{\"@id\":\"https:\\\/\\\/serrafm879.com.br\\\/serrafm\\\/author\\\/serrafm87\\\/#author\"},\"publisher\":{\"@id\":\"https:\\\/\\\/serrafm879.com.br\\\/serrafm\\\/#organization\"},\"image\":{\"@type\":\"ImageObject\",\"url\":\"https:\\\/\\\/serrafm879.com.br\\\/serrafm\\\/wp-content\\\/uploads\\\/2025\\\/01\\\/download-1.jpeg\",\"width\":286,\"height\":176},\"datePublished\":\"2025-01-30T08:22:59-03:00\",\"dateModified\":\"2025-01-30T08:39:50-03:00\",\"inLanguage\":\"pt-BR\",\"mainEntityOfPage\":{\"@id\":\"https:\\\/\\\/serrafm879.com.br\\\/serrafm\\\/2025\\\/01\\\/foragido-com-mandado-de-prisao-e-captura-apos-quebrar-tornozeleira\\\/#webpage\"},\"isPartOf\":{\"@id\":\"https:\\\/\\\/serrafm879.com.br\\\/serrafm\\\/2025\\\/01\\\/foragido-com-mandado-de-prisao-e-captura-apos-quebrar-tornozeleira\\\/#webpage\"},\"articleSection\":\"Pol\\u00edcia\"},{\"@type\":\"BreadcrumbList\",\"@id\":\"https:\\\/\\\/serrafm879.com.br\\\/serrafm\\\/2025\\\/01\\\/foragido-com-mandado-de-prisao-e-captura-apos-quebrar-tornozeleira\\\/#breadcrumblist\",\"itemListElement\":[{\"@type\":\"ListItem\",\"@id\":\"https:\\\/\\\/serrafm879.com.br\\\/serrafm#listItem\",\"position\":1,\"name\":\"Home\",\"item\":\"https:\\\/\\\/serrafm879.com.br\\\/serrafm\",\"nextItem\":{\"@type\":\"ListItem\",\"@id\":\"https:\\\/\\\/serrafm879.com.br\\\/serrafm\\\/categoria\\\/policia\\\/#listItem\",\"name\":\"Pol\\u00edcia\"}},{\"@type\":\"ListItem\",\"@id\":\"https:\\\/\\\/serrafm879.com.br\\\/serrafm\\\/categoria\\\/policia\\\/#listItem\",\"position\":2,\"name\":\"Pol\\u00edcia\",\"item\":\"https:\\\/\\\/serrafm879.com.br\\\/serrafm\\\/categoria\\\/policia\\\/\",\"nextItem\":{\"@type\":\"ListItem\",\"@id\":\"https:\\\/\\\/serrafm879.com.br\\\/serrafm\\\/2025\\\/01\\\/foragido-com-mandado-de-prisao-e-captura-apos-quebrar-tornozeleira\\\/#listItem\",\"name\":\"Homem com mandado de pris\\u00e3o \\u00e9 capturado ap\\u00f3s quebrar tornozeleira\"},\"previousItem\":{\"@type\":\"ListItem\",\"@id\":\"https:\\\/\\\/serrafm879.com.br\\\/serrafm#listItem\",\"name\":\"Home\"}},{\"@type\":\"ListItem\",\"@id\":\"https:\\\/\\\/serrafm879.com.br\\\/serrafm\\\/2025\\\/01\\\/foragido-com-mandado-de-prisao-e-captura-apos-quebrar-tornozeleira\\\/#listItem\",\"position\":3,\"name\":\"Homem com mandado de pris\\u00e3o \\u00e9 capturado ap\\u00f3s quebrar tornozeleira\",\"previousItem\":{\"@type\":\"ListItem\",\"@id\":\"https:\\\/\\\/serrafm879.com.br\\\/serrafm\\\/categoria\\\/policia\\\/#listItem\",\"name\":\"Pol\\u00edcia\"}}]},{\"@type\":\"Organization\",\"@id\":\"https:\\\/\\\/serrafm879.com.br\\\/serrafm\\\/#organization\",\"name\":\"Serra FM 87,9\",\"description\":\"O seu novo amor!\",\"url\":\"https:\\\/\\\/serrafm879.com.br\\\/serrafm\\\/\"},{\"@type\":\"Person\",\"@id\":\"https:\\\/\\\/serrafm879.com.br\\\/serrafm\\\/author\\\/serrafm87\\\/#author\",\"url\":\"https:\\\/\\\/serrafm879.com.br\\\/serrafm\\\/author\\\/serrafm87\\\/\",\"name\":\"serrafm87\",\"image\":{\"@type\":\"ImageObject\",\"@id\":\"https:\\\/\\\/serrafm879.com.br\\\/serrafm\\\/2025\\\/01\\\/foragido-com-mandado-de-prisao-e-captura-apos-quebrar-tornozeleira\\\/#authorImage\",\"url\":\"https:\\\/\\\/secure.gravatar.com\\\/avatar\\\/a743233f1112d34f48bb3dc9559b76eb930bab8b27175856cba6362608736235?s=96&d=mm&r=g\",\"width\":96,\"height\":96,\"caption\":\"serrafm87\"}},{\"@type\":\"WebPage\",\"@id\":\"https:\\\/\\\/serrafm879.com.br\\\/serrafm\\\/2025\\\/01\\\/foragido-com-mandado-de-prisao-e-captura-apos-quebrar-tornozeleira\\\/#webpage\",\"url\":\"https:\\\/\\\/serrafm879.com.br\\\/serrafm\\\/2025\\\/01\\\/foragido-com-mandado-de-prisao-e-captura-apos-quebrar-tornozeleira\\\/\",\"name\":\"Homem com mandado de pris\\u00e3o \\u00e9 capturado ap\\u00f3s quebrar tornozeleira - Serra FM 87,9\",\"description\":\"Na manh\\u00e3 dessa quarta-feira (29), no bairro Mutir\\u00e3o, Policiais Militares do 14\\u00b0 BPM foram informados que havia um indiv\\u00edduo com mandado de pris\\u00e3o em aberto na localidade. O efetivo se deslocou at\\u00e9 a resid\\u00eancia do imputado, de 25 anos, que afirmou aos policiais j\\u00e1 ter conhecimento sobre o mandado de pris\\u00e3o, pois havia rompido a\",\"inLanguage\":\"pt-BR\",\"isPartOf\":{\"@id\":\"https:\\\/\\\/serrafm879.com.br\\\/serrafm\\\/#website\"},\"breadcrumb\":{\"@id\":\"https:\\\/\\\/serrafm879.com.br\\\/serrafm\\\/2025\\\/01\\\/foragido-com-mandado-de-prisao-e-captura-apos-quebrar-tornozeleira\\\/#breadcrumblist\"},\"author\":{\"@id\":\"https:\\\/\\\/serrafm879.com.br\\\/serrafm\\\/author\\\/serrafm87\\\/#author\"},\"creator\":{\"@id\":\"https:\\\/\\\/serrafm879.com.br\\\/serrafm\\\/author\\\/serrafm87\\\/#author\"},\"image\":{\"@type\":\"ImageObject\",\"url\":\"https:\\\/\\\/serrafm879.com.br\\\/serrafm\\\/wp-content\\\/uploads\\\/2025\\\/01\\\/download-1.jpeg\",\"@id\":\"https:\\\/\\\/serrafm879.com.br\\\/serrafm\\\/2025\\\/01\\\/foragido-com-mandado-de-prisao-e-captura-apos-quebrar-tornozeleira\\\/#mainImage\",\"width\":286,\"height\":176},\"primaryImageOfPage\":{\"@id\":\"https:\\\/\\\/serrafm879.com.br\\\/serrafm\\\/2025\\\/01\\\/foragido-com-mandado-de-prisao-e-captura-apos-quebrar-tornozeleira\\\/#mainImage\"},\"datePublished\":\"2025-01-30T08:22:59-03:00\",\"dateModified\":\"2025-01-30T08:39:50-03:00\"},{\"@type\":\"WebSite\",\"@id\":\"https:\\\/\\\/serrafm879.com.br\\\/serrafm\\\/#website\",\"url\":\"https:\\\/\\\/serrafm879.com.br\\\/serrafm\\\/\",\"name\":\"Serra FM 87,9\",\"description\":\"O seu novo amor!\",\"inLanguage\":\"pt-BR\",\"publisher\":{\"@id\":\"https:\\\/\\\/serrafm879.com.br\\\/serrafm\\\/#organization\"}}]}\n\t\t<\/script>\n\t\t<!-- All in One SEO -->\n\n","aioseo_head_json":{"title":"Homem com mandado de pris\u00e3o \u00e9 capturado ap\u00f3s quebrar tornozeleira - Serra FM 87,9","description":"Na manh\u00e3 dessa quarta-feira (29), no bairro Mutir\u00e3o, Policiais Militares do 14\u00b0 BPM foram informados que havia um indiv\u00edduo com mandado de pris\u00e3o em aberto na localidade. O efetivo se deslocou at\u00e9 a resid\u00eancia do imputado, de 25 anos, que afirmou aos policiais j\u00e1 ter conhecimento sobre o mandado de pris\u00e3o, pois havia rompido a","canonical_url":"https:\/\/serrafm879.com.br\/serrafm\/2025\/01\/foragido-com-mandado-de-prisao-e-captura-apos-quebrar-tornozeleira\/","robots":"max-image-preview:large","keywords":"","webmasterTools":{"miscellaneous":""},"schema":{"@context":"https:\/\/schema.org","@graph":[{"@type":"BlogPosting","@id":"https:\/\/serrafm879.com.br\/serrafm\/2025\/01\/foragido-com-mandado-de-prisao-e-captura-apos-quebrar-tornozeleira\/#blogposting","name":"Homem com mandado de pris\u00e3o \u00e9 capturado ap\u00f3s quebrar tornozeleira - Serra FM 87,9","headline":"Homem com mandado de pris\u00e3o \u00e9 capturado ap\u00f3s quebrar tornozeleira","author":{"@id":"https:\/\/serrafm879.com.br\/serrafm\/author\/serrafm87\/#author"},"publisher":{"@id":"https:\/\/serrafm879.com.br\/serrafm\/#organization"},"image":{"@type":"ImageObject","url":"https:\/\/serrafm879.com.br\/serrafm\/wp-content\/uploads\/2025\/01\/download-1.jpeg","width":286,"height":176},"datePublished":"2025-01-30T08:22:59-03:00","dateModified":"2025-01-30T08:39:50-03:00","inLanguage":"pt-BR","mainEntityOfPage":{"@id":"https:\/\/serrafm879.com.br\/serrafm\/2025\/01\/foragido-com-mandado-de-prisao-e-captura-apos-quebrar-tornozeleira\/#webpage"},"isPartOf":{"@id":"https:\/\/serrafm879.com.br\/serrafm\/2025\/01\/foragido-com-mandado-de-prisao-e-captura-apos-quebrar-tornozeleira\/#webpage"},"articleSection":"Pol\u00edcia"},{"@type":"BreadcrumbList","@id":"https:\/\/serrafm879.com.br\/serrafm\/2025\/01\/foragido-com-mandado-de-prisao-e-captura-apos-quebrar-tornozeleira\/#breadcrumblist","itemListElement":[{"@type":"ListItem","@id":"https:\/\/serrafm879.com.br\/serrafm#listItem","position":1,"name":"Home","item":"https:\/\/serrafm879.com.br\/serrafm","nextItem":{"@type":"ListItem","@id":"https:\/\/serrafm879.com.br\/serrafm\/categoria\/policia\/#listItem","name":"Pol\u00edcia"}},{"@type":"ListItem","@id":"https:\/\/serrafm879.com.br\/serrafm\/categoria\/policia\/#listItem","position":2,"name":"Pol\u00edcia","item":"https:\/\/serrafm879.com.br\/serrafm\/categoria\/policia\/","nextItem":{"@type":"ListItem","@id":"https:\/\/serrafm879.com.br\/serrafm\/2025\/01\/foragido-com-mandado-de-prisao-e-captura-apos-quebrar-tornozeleira\/#listItem","name":"Homem com mandado de pris\u00e3o \u00e9 capturado ap\u00f3s quebrar tornozeleira"},"previousItem":{"@type":"ListItem","@id":"https:\/\/serrafm879.com.br\/serrafm#listItem","name":"Home"}},{"@type":"ListItem","@id":"https:\/\/serrafm879.com.br\/serrafm\/2025\/01\/foragido-com-mandado-de-prisao-e-captura-apos-quebrar-tornozeleira\/#listItem","position":3,"name":"Homem com mandado de pris\u00e3o \u00e9 capturado ap\u00f3s quebrar tornozeleira","previousItem":{"@type":"ListItem","@id":"https:\/\/serrafm879.com.br\/serrafm\/categoria\/policia\/#listItem","name":"Pol\u00edcia"}}]},{"@type":"Organization","@id":"https:\/\/serrafm879.com.br\/serrafm\/#organization","name":"Serra FM 87,9","description":"O seu novo amor!","url":"https:\/\/serrafm879.com.br\/serrafm\/"},{"@type":"Person","@id":"https:\/\/serrafm879.com.br\/serrafm\/author\/serrafm87\/#author","url":"https:\/\/serrafm879.com.br\/serrafm\/author\/serrafm87\/","name":"serrafm87","image":{"@type":"ImageObject","@id":"https:\/\/serrafm879.com.br\/serrafm\/2025\/01\/foragido-com-mandado-de-prisao-e-captura-apos-quebrar-tornozeleira\/#authorImage","url":"https:\/\/secure.gravatar.com\/avatar\/a743233f1112d34f48bb3dc9559b76eb930bab8b27175856cba6362608736235?s=96&d=mm&r=g","width":96,"height":96,"caption":"serrafm87"}},{"@type":"WebPage","@id":"https:\/\/serrafm879.com.br\/serrafm\/2025\/01\/foragido-com-mandado-de-prisao-e-captura-apos-quebrar-tornozeleira\/#webpage","url":"https:\/\/serrafm879.com.br\/serrafm\/2025\/01\/foragido-com-mandado-de-prisao-e-captura-apos-quebrar-tornozeleira\/","name":"Homem com mandado de pris\u00e3o \u00e9 capturado ap\u00f3s quebrar tornozeleira - Serra FM 87,9","description":"Na manh\u00e3 dessa quarta-feira (29), no bairro Mutir\u00e3o, Policiais Militares do 14\u00b0 BPM foram informados que havia um indiv\u00edduo com mandado de pris\u00e3o em aberto na localidade. O efetivo se deslocou at\u00e9 a resid\u00eancia do imputado, de 25 anos, que afirmou aos policiais j\u00e1 ter conhecimento sobre o mandado de pris\u00e3o, pois havia rompido a","inLanguage":"pt-BR","isPartOf":{"@id":"https:\/\/serrafm879.com.br\/serrafm\/#website"},"breadcrumb":{"@id":"https:\/\/serrafm879.com.br\/serrafm\/2025\/01\/foragido-com-mandado-de-prisao-e-captura-apos-quebrar-tornozeleira\/#breadcrumblist"},"author":{"@id":"https:\/\/serrafm879.com.br\/serrafm\/author\/serrafm87\/#author"},"creator":{"@id":"https:\/\/serrafm879.com.br\/serrafm\/author\/serrafm87\/#author"},"image":{"@type":"ImageObject","url":"https:\/\/serrafm879.com.br\/serrafm\/wp-content\/uploads\/2025\/01\/download-1.jpeg","@id":"https:\/\/serrafm879.com.br\/serrafm\/2025\/01\/foragido-com-mandado-de-prisao-e-captura-apos-quebrar-tornozeleira\/#mainImage","width":286,"height":176},"primaryImageOfPage":{"@id":"https:\/\/serrafm879.com.br\/serrafm\/2025\/01\/foragido-com-mandado-de-prisao-e-captura-apos-quebrar-tornozeleira\/#mainImage"},"datePublished":"2025-01-30T08:22:59-03:00","dateModified":"2025-01-30T08:39:50-03:00"},{"@type":"WebSite","@id":"https:\/\/serrafm879.com.br\/serrafm\/#website","url":"https:\/\/serrafm879.com.br\/serrafm\/","name":"Serra FM 87,9","description":"O seu novo amor!","inLanguage":"pt-BR","publisher":{"@id":"https:\/\/serrafm879.com.br\/serrafm\/#organization"}}]},"twitter:card":"summary_large_image","twitter:title":"Homem com mandado de pris\u00e3o \u00e9 capturado ap\u00f3s quebrar tornozeleira - Serra FM 87,9","twitter:description":"Na manh\u00e3 dessa quarta-feira (29), no bairro Mutir\u00e3o, Policiais Militares do 14\u00b0 BPM foram informados que havia um indiv\u00edduo com mandado de pris\u00e3o em aberto na localidade. O efetivo se deslocou at\u00e9 a resid\u00eancia do imputado, de 25 anos, que afirmou aos policiais j\u00e1 ter conhecimento sobre o mandado de pris\u00e3o, pois havia rompido a","twitter:image":"https:\/\/serrafm879.com.br\/serrafm\/wp-content\/uploads\/2025\/01\/download-1.jpeg"},"aioseo_meta_data":{"post_id":"20212","title":null,"description":null,"keywords":null,"keyphrases":null,"primary_term":null,"canonical_url":null,"og_title":null,"og_description":null,"og_object_type":"default","og_image_type":"default","og_image_custom_url":null,"og_image_custom_fields":null,"og_image_url":null,"og_image_width":null,"og_image_height":null,"og_video":null,"og_custom_url":null,"og_article_section":null,"og_article_tags":null,"twitter_use_og":false,"twitter_card":"default","twitter_image_type":"default","twitter_image_custom_url":null,"twitter_image_custom_fields":null,"twitter_image_url":null,"twitter_title":null,"twitter_description":null,"schema_type":"default","schema_type_options":null,"schema":{"blockGraphs":[],"customGraphs":[],"default":{"data":{"Article":[],"Course":[],"Dataset":[],"FAQPage":[],"Movie":[],"Person":[],"Product":[],"ProductReview":[],"Car":[],"Recipe":[],"Service":[],"SoftwareApplication":[],"WebPage":[]},"graphName":"","isEnabled":true},"graphs":[]},"pillar_content":false,"robots_default":true,"robots_noindex":false,"robots_noarchive":false,"robots_nosnippet":false,"robots_nofollow":false,"robots_noimageindex":false,"robots_noodp":false,"robots_notranslate":false,"robots_max_snippet":null,"robots_max_videopreview":null,"robots_max_imagepreview":"large","priority":null,"frequency":null,"local_seo":null,"limit_modified_date":false,"ai":null,"breadcrumb_settings":null,"seo_analyzer_scan_date":null,"created":"2026-07-21 13:23:13","updated":"2026-07-21 13:23:13"},"aioseo_breadcrumb":"<div class=\"aioseo-breadcrumbs\"><span class=\"aioseo-breadcrumb\">\n\t\t\t<a href=\"https:\/\/serrafm879.com.br\/serrafm\" title=\"Home\">Home<\/a>\n\t\t<\/span><span class=\"aioseo-breadcrumb-separator\">&raquo;<\/span><span class=\"aioseo-breadcrumb\">\n\t\t\t<a href=\"https:\/\/serrafm879.com.br\/serrafm\/categoria\/policia\/\" title=\"Pol\u00edcia\">Pol\u00edcia<\/a>\n\t\t<\/span><span class=\"aioseo-breadcrumb-separator\">&raquo;<\/span><span class=\"aioseo-breadcrumb\">\n\t\t\tHomem com mandado de pris\u00e3o \u00e9 capturado ap\u00f3s quebrar tornozeleira\n\t\t<\/span><\/div>","aioseo_breadcrumb_json":[{"label":"Home","link":"https:\/\/serrafm879.com.br\/serrafm"},{"label":"Pol\u00edcia","link":"https:\/\/serrafm879.com.br\/serrafm\/categoria\/policia\/"},{"label":"Homem com mandado de pris\u00e3o \u00e9 capturado ap\u00f3s quebrar tornozeleira","link":"https:\/\/serrafm879.com.br\/serrafm\/2025\/01\/foragido-com-mandado-de-prisao-e-captura-apos-quebrar-tornozeleira\/"}],"jetpack_publicize_connections":[],"jetpack_featured_media_url":"https:\/\/serrafm879.com.br\/serrafm\/wp-content\/uploads\/2025\/01\/download-1.jpeg","jetpack_shortlink":"https:\/\/wp.me\/p7HyXg-5g0","jetpack_sharing_enabled":true,"_links":{"self":[{"href":"https:\/\/serrafm879.com.br\/serrafm\/wp-json\/wp\/v2\/posts\/20212","targetHints":{"allow":["GET"]}}],"collection":[{"href":"https:\/\/serrafm879.com.br\/serrafm\/wp-json\/wp\/v2\/posts"}],"about":[{"href":"https:\/\/serrafm879.com.br\/serrafm\/wp-json\/wp\/v2\/types\/post"}],"author":[{"embeddable":true,"href":"https:\/\/serrafm879.com.br\/serrafm\/wp-json\/wp\/v2\/users\/2"}],"replies":[{"embeddable":true,"href":"https:\/\/serrafm879.com.br\/serrafm\/wp-json\/wp\/v2\/comments?post=20212"}],"version-history":[{"count":3,"href":"https:\/\/serrafm879.com.br\/serrafm\/wp-json\/wp\/v2\/posts\/20212\/revisions"}],"predecessor-version":[{"id":20219,"href":"https:\/\/serrafm879.com.br\/serrafm\/wp-json\/wp\/v2\/posts\/20212\/revisions\/20219"}],"wp:featuredmedia":[{"embeddable":true,"href":"https:\/\/serrafm879.com.br\/serrafm\/wp-json\/wp\/v2\/media\/20213"}],"wp:attachment":[{"href":"https:\/\/serrafm879.com.br\/serrafm\/wp-json\/wp\/v2\/media?parent=20212"}],"wp:term":[{"taxonomy":"category","embeddable":true,"href":"https:\/\/serrafm879.com.br\/serrafm\/wp-json\/wp\/v2\/categories?post=20212"},{"taxonomy":"post_tag","embeddable":true,"href":"https:\/\/serrafm879.com.br\/serrafm\/wp-json\/wp\/v2\/tags?post=20212"}],"curies":[{"name":"wp","href":"https:\/\/api.w.org\/{rel}","templated":true}]}}