{"id":20215,"date":"2025-01-30T08:32:58","date_gmt":"2025-01-30T11:32:58","guid":{"rendered":"https:\/?p=20215"},"modified":"2025-01-30T08:32:58","modified_gmt":"2025-01-30T11:32:58","slug":"jovem-de-23-anos-morre-apos-colisao-de-moto-com-animal-no-pajeu","status":"publish","type":"post","link":"https:\/\/serrafm879.com.br\/serrafm\/2025\/01\/jovem-de-23-anos-morre-apos-colisao-de-moto-com-animal-no-pajeu\/","title":{"rendered":"Jovem de 23 anos morre ap\u00f3s colis\u00e3o de moto com animal no Paje\u00fa"},"content":{"rendered":"<p><strong>Do Blog Juliana Lima<\/strong><\/p>\n<p>Um jovem de apenas 23 anos morreu v\u00edtima de acidente de moto na madrugada desta quarta-feira (29), na PE-309, entre Tabira e Solid\u00e3o, Sert\u00e3o do Paje\u00fa.<\/p>\n<p>De acordo com informa\u00e7\u00f5es de populares, o jovem identificado como Jos\u00e9 Bezerra dos Santos Filho estava em uma motocicleta quando colidiu com um animal solto na pista. Ele n\u00e3o sobreviveu aos ferimentos.<\/p>\n<p>Jos\u00e9 era natural do S\u00edtio Po\u00e7o Dantas e trabalhava em Tabira. Ele estava voltando do trabalho para casa quando se chocou com uma vaca.<\/p>\n<p>O prefeito de Solid\u00e3o, Mayco da Farm\u00e1cia, emitiu nota de pesar pela morte do jovem.<\/p>\n<p>\u201cCom profundo pesar lamentamos o falecimento do jovem Jos\u00e9, membro da Fam\u00edlia Santana, natural do S\u00edtio Po\u00e7o Dantas. Neste momento de dor, nos solidarizamos com seus familiares e amigos, rogando a Deus que conceda for\u00e7a e conforto a todos\u201d, disse o gestor.<\/p>\n<p>O corpo do jovem est\u00e1 sendo velado na casa da fam\u00edlia no Po\u00e7o Dantas. O sepultamento ser\u00e1 nesta quinta-feira (30), \u00e0s 10h, no Cemit\u00e9rio de Tabira.<\/p>\n","protected":false},"excerpt":{"rendered":"<p>Do Blog Juliana Lima Um jovem de apenas 23 anos morreu v\u00edtima de acidente de moto na madrugada desta quarta-feira (29), na PE-309, entre Tabira e Solid\u00e3o, Sert\u00e3o do Paje\u00fa. De acordo com informa\u00e7\u00f5es de populares, o jovem identificado como Jos\u00e9 Bezerra dos Santos Filho estava em uma motocicleta quando colidiu com um animal solto na pista. Ele n\u00e3o sobreviveu aos ferimentos. Jos\u00e9 era natural do S\u00edtio Po\u00e7o Dantas e trabalhava em Tabira. Ele estava voltando do trabalho para casa quando se chocou com uma vaca. O prefeito de Solid\u00e3o, Mayco da Farm\u00e1cia, emitiu nota de pesar pela morte do [&hellip;]<\/p>\n","protected":false},"author":2,"featured_media":20216,"comment_status":"open","ping_status":"open","sticky":false,"template":"","format":"standard","meta":{"_jetpack_newsletter_access":"","_jetpack_dont_email_post_to_subs":false,"_jetpack_newsletter_tier_id":0,"_jetpack_memberships_contains_paywalled_content":false,"_jetpack_feature_clip_id":0,"_jetpack_memberships_contains_paid_content":false,"footnotes":"","jetpack_publicize_message":"","jetpack_publicize_feature_enabled":true,"jetpack_social_post_already_shared":true,"jetpack_social_options":{"image_generator_settings":{"template":"highway","default_image_id":0,"font":"","enabled":false},"version":2},"jetpack_post_was_ever_published":false},"categories":[1],"tags":[],"class_list":["post-20215","post","type-post","status-publish","format-standard","has-post-thumbnail","hentry","category-uncategorized"],"aioseo_notices":[],"aioseo_head":"\n\t\t<!-- All in One SEO 4.9.10 - aioseo.com -->\n\t<meta name=\"description\" content=\"Do Blog Juliana Lima Um jovem de apenas 23 anos morreu v\u00edtima de acidente de moto na madrugada desta quarta-feira (29), na PE-309, entre Tabira e Solid\u00e3o, Sert\u00e3o do Paje\u00fa. De acordo com informa\u00e7\u00f5es de populares, o jovem identificado como Jos\u00e9 Bezerra dos Santos Filho estava em uma motocicleta quando colidiu com um animal solto\" \/>\n\t<meta name=\"robots\" content=\"max-image-preview:large\" \/>\n\t<meta name=\"author\" content=\"serrafm87\"\/>\n\t<link rel=\"canonical\" href=\"https:\/\/serrafm879.com.br\/serrafm\/2025\/01\/jovem-de-23-anos-morre-apos-colisao-de-moto-com-animal-no-pajeu\/\" \/>\n\t<meta name=\"generator\" content=\"All in One SEO (AIOSEO) 4.9.10\" \/>\n\t\t<meta name=\"twitter:card\" content=\"summary_large_image\" \/>\n\t\t<meta name=\"twitter:title\" content=\"Jovem de 23 anos morre ap\u00f3s colis\u00e3o de moto com animal no Paje\u00fa - Serra FM 87,9\" \/>\n\t\t<meta name=\"twitter:description\" content=\"Do Blog Juliana Lima Um jovem de apenas 23 anos morreu v\u00edtima de acidente de moto na madrugada desta quarta-feira (29), na PE-309, entre Tabira e Solid\u00e3o, Sert\u00e3o do Paje\u00fa. De acordo com informa\u00e7\u00f5es de populares, o jovem identificado como Jos\u00e9 Bezerra dos Santos Filho estava em uma motocicleta quando colidiu com um animal solto\" \/>\n\t\t<meta name=\"twitter:image\" content=\"https:\/\/serrafm879.com.br\/serrafm\/wp-content\/uploads\/2025\/01\/Screenshot_20250129_135927_Chrome3.webp\" \/>\n\t\t<script type=\"application\/ld+json\" class=\"aioseo-schema\">\n\t\t\t{\"@context\":\"https:\\\/\\\/schema.org\",\"@graph\":[{\"@type\":\"BlogPosting\",\"@id\":\"https:\\\/\\\/serrafm879.com.br\\\/serrafm\\\/2025\\\/01\\\/jovem-de-23-anos-morre-apos-colisao-de-moto-com-animal-no-pajeu\\\/#blogposting\",\"name\":\"Jovem de 23 anos morre ap\\u00f3s colis\\u00e3o de moto com animal no Paje\\u00fa - Serra FM 87,9\",\"headline\":\"Jovem de 23 anos morre ap\\u00f3s colis\\u00e3o de moto com animal no Paje\\u00fa\",\"author\":{\"@id\":\"https:\\\/\\\/serrafm879.com.br\\\/serrafm\\\/author\\\/serrafm87\\\/#author\"},\"publisher\":{\"@id\":\"https:\\\/\\\/serrafm879.com.br\\\/serrafm\\\/#organization\"},\"image\":{\"@type\":\"ImageObject\",\"url\":\"https:\\\/\\\/serrafm879.com.br\\\/serrafm\\\/wp-content\\\/uploads\\\/2025\\\/01\\\/Screenshot_20250129_135927_Chrome3.webp\",\"width\":427,\"height\":400},\"datePublished\":\"2025-01-30T08:32:58-03:00\",\"dateModified\":\"2025-01-30T08:32:58-03:00\",\"inLanguage\":\"pt-BR\",\"mainEntityOfPage\":{\"@id\":\"https:\\\/\\\/serrafm879.com.br\\\/serrafm\\\/2025\\\/01\\\/jovem-de-23-anos-morre-apos-colisao-de-moto-com-animal-no-pajeu\\\/#webpage\"},\"isPartOf\":{\"@id\":\"https:\\\/\\\/serrafm879.com.br\\\/serrafm\\\/2025\\\/01\\\/jovem-de-23-anos-morre-apos-colisao-de-moto-com-animal-no-pajeu\\\/#webpage\"},\"articleSection\":\"Uncategorized\"},{\"@type\":\"BreadcrumbList\",\"@id\":\"https:\\\/\\\/serrafm879.com.br\\\/serrafm\\\/2025\\\/01\\\/jovem-de-23-anos-morre-apos-colisao-de-moto-com-animal-no-pajeu\\\/#breadcrumblist\",\"itemListElement\":[{\"@type\":\"ListItem\",\"@id\":\"https:\\\/\\\/serrafm879.com.br\\\/serrafm#listItem\",\"position\":1,\"name\":\"Home\",\"item\":\"https:\\\/\\\/serrafm879.com.br\\\/serrafm\",\"nextItem\":{\"@type\":\"ListItem\",\"@id\":\"https:\\\/\\\/serrafm879.com.br\\\/serrafm\\\/categoria\\\/uncategorized\\\/#listItem\",\"name\":\"Uncategorized\"}},{\"@type\":\"ListItem\",\"@id\":\"https:\\\/\\\/serrafm879.com.br\\\/serrafm\\\/categoria\\\/uncategorized\\\/#listItem\",\"position\":2,\"name\":\"Uncategorized\",\"item\":\"https:\\\/\\\/serrafm879.com.br\\\/serrafm\\\/categoria\\\/uncategorized\\\/\",\"nextItem\":{\"@type\":\"ListItem\",\"@id\":\"https:\\\/\\\/serrafm879.com.br\\\/serrafm\\\/2025\\\/01\\\/jovem-de-23-anos-morre-apos-colisao-de-moto-com-animal-no-pajeu\\\/#listItem\",\"name\":\"Jovem de 23 anos morre ap\\u00f3s colis\\u00e3o de moto com animal no Paje\\u00fa\"},\"previousItem\":{\"@type\":\"ListItem\",\"@id\":\"https:\\\/\\\/serrafm879.com.br\\\/serrafm#listItem\",\"name\":\"Home\"}},{\"@type\":\"ListItem\",\"@id\":\"https:\\\/\\\/serrafm879.com.br\\\/serrafm\\\/2025\\\/01\\\/jovem-de-23-anos-morre-apos-colisao-de-moto-com-animal-no-pajeu\\\/#listItem\",\"position\":3,\"name\":\"Jovem de 23 anos morre ap\\u00f3s colis\\u00e3o de moto com animal no Paje\\u00fa\",\"previousItem\":{\"@type\":\"ListItem\",\"@id\":\"https:\\\/\\\/serrafm879.com.br\\\/serrafm\\\/categoria\\\/uncategorized\\\/#listItem\",\"name\":\"Uncategorized\"}}]},{\"@type\":\"Organization\",\"@id\":\"https:\\\/\\\/serrafm879.com.br\\\/serrafm\\\/#organization\",\"name\":\"Serra FM 87,9\",\"description\":\"O seu novo amor!\",\"url\":\"https:\\\/\\\/serrafm879.com.br\\\/serrafm\\\/\"},{\"@type\":\"Person\",\"@id\":\"https:\\\/\\\/serrafm879.com.br\\\/serrafm\\\/author\\\/serrafm87\\\/#author\",\"url\":\"https:\\\/\\\/serrafm879.com.br\\\/serrafm\\\/author\\\/serrafm87\\\/\",\"name\":\"serrafm87\",\"image\":{\"@type\":\"ImageObject\",\"@id\":\"https:\\\/\\\/serrafm879.com.br\\\/serrafm\\\/2025\\\/01\\\/jovem-de-23-anos-morre-apos-colisao-de-moto-com-animal-no-pajeu\\\/#authorImage\",\"url\":\"https:\\\/\\\/secure.gravatar.com\\\/avatar\\\/a743233f1112d34f48bb3dc9559b76eb930bab8b27175856cba6362608736235?s=96&d=mm&r=g\",\"width\":96,\"height\":96,\"caption\":\"serrafm87\"}},{\"@type\":\"WebPage\",\"@id\":\"https:\\\/\\\/serrafm879.com.br\\\/serrafm\\\/2025\\\/01\\\/jovem-de-23-anos-morre-apos-colisao-de-moto-com-animal-no-pajeu\\\/#webpage\",\"url\":\"https:\\\/\\\/serrafm879.com.br\\\/serrafm\\\/2025\\\/01\\\/jovem-de-23-anos-morre-apos-colisao-de-moto-com-animal-no-pajeu\\\/\",\"name\":\"Jovem de 23 anos morre ap\\u00f3s colis\\u00e3o de moto com animal no Paje\\u00fa - Serra FM 87,9\",\"description\":\"Do Blog Juliana Lima Um jovem de apenas 23 anos morreu v\\u00edtima de acidente de moto na madrugada desta quarta-feira (29), na PE-309, entre Tabira e Solid\\u00e3o, Sert\\u00e3o do Paje\\u00fa. De acordo com informa\\u00e7\\u00f5es de populares, o jovem identificado como Jos\\u00e9 Bezerra dos Santos Filho estava em uma motocicleta quando colidiu com um animal solto\",\"inLanguage\":\"pt-BR\",\"isPartOf\":{\"@id\":\"https:\\\/\\\/serrafm879.com.br\\\/serrafm\\\/#website\"},\"breadcrumb\":{\"@id\":\"https:\\\/\\\/serrafm879.com.br\\\/serrafm\\\/2025\\\/01\\\/jovem-de-23-anos-morre-apos-colisao-de-moto-com-animal-no-pajeu\\\/#breadcrumblist\"},\"author\":{\"@id\":\"https:\\\/\\\/serrafm879.com.br\\\/serrafm\\\/author\\\/serrafm87\\\/#author\"},\"creator\":{\"@id\":\"https:\\\/\\\/serrafm879.com.br\\\/serrafm\\\/author\\\/serrafm87\\\/#author\"},\"image\":{\"@type\":\"ImageObject\",\"url\":\"https:\\\/\\\/serrafm879.com.br\\\/serrafm\\\/wp-content\\\/uploads\\\/2025\\\/01\\\/Screenshot_20250129_135927_Chrome3.webp\",\"@id\":\"https:\\\/\\\/serrafm879.com.br\\\/serrafm\\\/2025\\\/01\\\/jovem-de-23-anos-morre-apos-colisao-de-moto-com-animal-no-pajeu\\\/#mainImage\",\"width\":427,\"height\":400},\"primaryImageOfPage\":{\"@id\":\"https:\\\/\\\/serrafm879.com.br\\\/serrafm\\\/2025\\\/01\\\/jovem-de-23-anos-morre-apos-colisao-de-moto-com-animal-no-pajeu\\\/#mainImage\"},\"datePublished\":\"2025-01-30T08:32:58-03:00\",\"dateModified\":\"2025-01-30T08:32:58-03:00\"},{\"@type\":\"WebSite\",\"@id\":\"https:\\\/\\\/serrafm879.com.br\\\/serrafm\\\/#website\",\"url\":\"https:\\\/\\\/serrafm879.com.br\\\/serrafm\\\/\",\"name\":\"Serra FM 87,9\",\"description\":\"O seu novo amor!\",\"inLanguage\":\"pt-BR\",\"publisher\":{\"@id\":\"https:\\\/\\\/serrafm879.com.br\\\/serrafm\\\/#organization\"}}]}\n\t\t<\/script>\n\t\t<!-- All in One SEO -->\n\n","aioseo_head_json":{"title":"Jovem de 23 anos morre ap\u00f3s colis\u00e3o de moto com animal no Paje\u00fa - Serra FM 87,9","description":"Do Blog Juliana Lima Um jovem de apenas 23 anos morreu v\u00edtima de acidente de moto na madrugada desta quarta-feira (29), na PE-309, entre Tabira e Solid\u00e3o, Sert\u00e3o do Paje\u00fa. De acordo com informa\u00e7\u00f5es de populares, o jovem identificado como Jos\u00e9 Bezerra dos Santos Filho estava em uma motocicleta quando colidiu com um animal solto","canonical_url":"https:\/\/serrafm879.com.br\/serrafm\/2025\/01\/jovem-de-23-anos-morre-apos-colisao-de-moto-com-animal-no-pajeu\/","robots":"max-image-preview:large","keywords":"","webmasterTools":{"miscellaneous":""},"schema":{"@context":"https:\/\/schema.org","@graph":[{"@type":"BlogPosting","@id":"https:\/\/serrafm879.com.br\/serrafm\/2025\/01\/jovem-de-23-anos-morre-apos-colisao-de-moto-com-animal-no-pajeu\/#blogposting","name":"Jovem de 23 anos morre ap\u00f3s colis\u00e3o de moto com animal no Paje\u00fa - Serra FM 87,9","headline":"Jovem de 23 anos morre ap\u00f3s colis\u00e3o de moto com animal no Paje\u00fa","author":{"@id":"https:\/\/serrafm879.com.br\/serrafm\/author\/serrafm87\/#author"},"publisher":{"@id":"https:\/\/serrafm879.com.br\/serrafm\/#organization"},"image":{"@type":"ImageObject","url":"https:\/\/serrafm879.com.br\/serrafm\/wp-content\/uploads\/2025\/01\/Screenshot_20250129_135927_Chrome3.webp","width":427,"height":400},"datePublished":"2025-01-30T08:32:58-03:00","dateModified":"2025-01-30T08:32:58-03:00","inLanguage":"pt-BR","mainEntityOfPage":{"@id":"https:\/\/serrafm879.com.br\/serrafm\/2025\/01\/jovem-de-23-anos-morre-apos-colisao-de-moto-com-animal-no-pajeu\/#webpage"},"isPartOf":{"@id":"https:\/\/serrafm879.com.br\/serrafm\/2025\/01\/jovem-de-23-anos-morre-apos-colisao-de-moto-com-animal-no-pajeu\/#webpage"},"articleSection":"Uncategorized"},{"@type":"BreadcrumbList","@id":"https:\/\/serrafm879.com.br\/serrafm\/2025\/01\/jovem-de-23-anos-morre-apos-colisao-de-moto-com-animal-no-pajeu\/#breadcrumblist","itemListElement":[{"@type":"ListItem","@id":"https:\/\/serrafm879.com.br\/serrafm#listItem","position":1,"name":"Home","item":"https:\/\/serrafm879.com.br\/serrafm","nextItem":{"@type":"ListItem","@id":"https:\/\/serrafm879.com.br\/serrafm\/categoria\/uncategorized\/#listItem","name":"Uncategorized"}},{"@type":"ListItem","@id":"https:\/\/serrafm879.com.br\/serrafm\/categoria\/uncategorized\/#listItem","position":2,"name":"Uncategorized","item":"https:\/\/serrafm879.com.br\/serrafm\/categoria\/uncategorized\/","nextItem":{"@type":"ListItem","@id":"https:\/\/serrafm879.com.br\/serrafm\/2025\/01\/jovem-de-23-anos-morre-apos-colisao-de-moto-com-animal-no-pajeu\/#listItem","name":"Jovem de 23 anos morre ap\u00f3s colis\u00e3o de moto com animal no Paje\u00fa"},"previousItem":{"@type":"ListItem","@id":"https:\/\/serrafm879.com.br\/serrafm#listItem","name":"Home"}},{"@type":"ListItem","@id":"https:\/\/serrafm879.com.br\/serrafm\/2025\/01\/jovem-de-23-anos-morre-apos-colisao-de-moto-com-animal-no-pajeu\/#listItem","position":3,"name":"Jovem de 23 anos morre ap\u00f3s colis\u00e3o de moto com animal no Paje\u00fa","previousItem":{"@type":"ListItem","@id":"https:\/\/serrafm879.com.br\/serrafm\/categoria\/uncategorized\/#listItem","name":"Uncategorized"}}]},{"@type":"Organization","@id":"https:\/\/serrafm879.com.br\/serrafm\/#organization","name":"Serra FM 87,9","description":"O seu novo amor!","url":"https:\/\/serrafm879.com.br\/serrafm\/"},{"@type":"Person","@id":"https:\/\/serrafm879.com.br\/serrafm\/author\/serrafm87\/#author","url":"https:\/\/serrafm879.com.br\/serrafm\/author\/serrafm87\/","name":"serrafm87","image":{"@type":"ImageObject","@id":"https:\/\/serrafm879.com.br\/serrafm\/2025\/01\/jovem-de-23-anos-morre-apos-colisao-de-moto-com-animal-no-pajeu\/#authorImage","url":"https:\/\/secure.gravatar.com\/avatar\/a743233f1112d34f48bb3dc9559b76eb930bab8b27175856cba6362608736235?s=96&d=mm&r=g","width":96,"height":96,"caption":"serrafm87"}},{"@type":"WebPage","@id":"https:\/\/serrafm879.com.br\/serrafm\/2025\/01\/jovem-de-23-anos-morre-apos-colisao-de-moto-com-animal-no-pajeu\/#webpage","url":"https:\/\/serrafm879.com.br\/serrafm\/2025\/01\/jovem-de-23-anos-morre-apos-colisao-de-moto-com-animal-no-pajeu\/","name":"Jovem de 23 anos morre ap\u00f3s colis\u00e3o de moto com animal no Paje\u00fa - Serra FM 87,9","description":"Do Blog Juliana Lima Um jovem de apenas 23 anos morreu v\u00edtima de acidente de moto na madrugada desta quarta-feira (29), na PE-309, entre Tabira e Solid\u00e3o, Sert\u00e3o do Paje\u00fa. De acordo com informa\u00e7\u00f5es de populares, o jovem identificado como Jos\u00e9 Bezerra dos Santos Filho estava em uma motocicleta quando colidiu com um animal solto","inLanguage":"pt-BR","isPartOf":{"@id":"https:\/\/serrafm879.com.br\/serrafm\/#website"},"breadcrumb":{"@id":"https:\/\/serrafm879.com.br\/serrafm\/2025\/01\/jovem-de-23-anos-morre-apos-colisao-de-moto-com-animal-no-pajeu\/#breadcrumblist"},"author":{"@id":"https:\/\/serrafm879.com.br\/serrafm\/author\/serrafm87\/#author"},"creator":{"@id":"https:\/\/serrafm879.com.br\/serrafm\/author\/serrafm87\/#author"},"image":{"@type":"ImageObject","url":"https:\/\/serrafm879.com.br\/serrafm\/wp-content\/uploads\/2025\/01\/Screenshot_20250129_135927_Chrome3.webp","@id":"https:\/\/serrafm879.com.br\/serrafm\/2025\/01\/jovem-de-23-anos-morre-apos-colisao-de-moto-com-animal-no-pajeu\/#mainImage","width":427,"height":400},"primaryImageOfPage":{"@id":"https:\/\/serrafm879.com.br\/serrafm\/2025\/01\/jovem-de-23-anos-morre-apos-colisao-de-moto-com-animal-no-pajeu\/#mainImage"},"datePublished":"2025-01-30T08:32:58-03:00","dateModified":"2025-01-30T08:32:58-03:00"},{"@type":"WebSite","@id":"https:\/\/serrafm879.com.br\/serrafm\/#website","url":"https:\/\/serrafm879.com.br\/serrafm\/","name":"Serra FM 87,9","description":"O seu novo amor!","inLanguage":"pt-BR","publisher":{"@id":"https:\/\/serrafm879.com.br\/serrafm\/#organization"}}]},"twitter:card":"summary_large_image","twitter:title":"Jovem de 23 anos morre ap\u00f3s colis\u00e3o de moto com animal no Paje\u00fa - Serra FM 87,9","twitter:description":"Do Blog Juliana Lima Um jovem de apenas 23 anos morreu v\u00edtima de acidente de moto na madrugada desta quarta-feira (29), na PE-309, entre Tabira e Solid\u00e3o, Sert\u00e3o do Paje\u00fa. De acordo com informa\u00e7\u00f5es de populares, o jovem identificado como Jos\u00e9 Bezerra dos Santos Filho estava em uma motocicleta quando colidiu com um animal solto","twitter:image":"https:\/\/serrafm879.com.br\/serrafm\/wp-content\/uploads\/2025\/01\/Screenshot_20250129_135927_Chrome3.webp"},"aioseo_meta_data":{"post_id":"20215","title":null,"description":null,"keywords":null,"keyphrases":null,"primary_term":null,"canonical_url":null,"og_title":null,"og_description":null,"og_object_type":"default","og_image_type":"default","og_image_custom_url":null,"og_image_custom_fields":null,"og_image_url":null,"og_image_width":null,"og_image_height":null,"og_video":null,"og_custom_url":null,"og_article_section":null,"og_article_tags":null,"twitter_use_og":false,"twitter_card":"default","twitter_image_type":"default","twitter_image_custom_url":null,"twitter_image_custom_fields":null,"twitter_image_url":null,"twitter_title":null,"twitter_description":null,"schema_type":"default","schema_type_options":null,"schema":{"blockGraphs":[],"customGraphs":[],"default":{"data":{"Article":[],"Course":[],"Dataset":[],"FAQPage":[],"Movie":[],"Person":[],"Product":[],"ProductReview":[],"Car":[],"Recipe":[],"Service":[],"SoftwareApplication":[],"WebPage":[]},"graphName":"","isEnabled":true},"graphs":[]},"pillar_content":false,"robots_default":true,"robots_noindex":false,"robots_noarchive":false,"robots_nosnippet":false,"robots_nofollow":false,"robots_noimageindex":false,"robots_noodp":false,"robots_notranslate":false,"robots_max_snippet":null,"robots_max_videopreview":null,"robots_max_imagepreview":"large","priority":null,"frequency":null,"local_seo":null,"limit_modified_date":false,"ai":null,"breadcrumb_settings":null,"seo_analyzer_scan_date":null,"created":"2026-07-21 13:23:13","updated":"2026-07-21 13:23:13"},"aioseo_breadcrumb":"<div class=\"aioseo-breadcrumbs\"><span class=\"aioseo-breadcrumb\">\n\t\t\t<a href=\"https:\/\/serrafm879.com.br\/serrafm\" title=\"Home\">Home<\/a>\n\t\t<\/span><span class=\"aioseo-breadcrumb-separator\">&raquo;<\/span><span class=\"aioseo-breadcrumb\">\n\t\t\t<a href=\"https:\/\/serrafm879.com.br\/serrafm\/categoria\/uncategorized\/\" title=\"Uncategorized\">Uncategorized<\/a>\n\t\t<\/span><span class=\"aioseo-breadcrumb-separator\">&raquo;<\/span><span class=\"aioseo-breadcrumb\">\n\t\t\tJovem de 23 anos morre ap\u00f3s colis\u00e3o de moto com animal no Paje\u00fa\n\t\t<\/span><\/div>","aioseo_breadcrumb_json":[{"label":"Home","link":"https:\/\/serrafm879.com.br\/serrafm"},{"label":"Uncategorized","link":"https:\/\/serrafm879.com.br\/serrafm\/categoria\/uncategorized\/"},{"label":"Jovem de 23 anos morre ap\u00f3s colis\u00e3o de moto com animal no Paje\u00fa","link":"https:\/\/serrafm879.com.br\/serrafm\/2025\/01\/jovem-de-23-anos-morre-apos-colisao-de-moto-com-animal-no-pajeu\/"}],"jetpack_publicize_connections":[],"jetpack_featured_media_url":"https:\/\/serrafm879.com.br\/serrafm\/wp-content\/uploads\/2025\/01\/Screenshot_20250129_135927_Chrome3.webp","jetpack_shortlink":"https:\/\/wp.me\/p7HyXg-5g3","jetpack_sharing_enabled":true,"_links":{"self":[{"href":"https:\/\/serrafm879.com.br\/serrafm\/wp-json\/wp\/v2\/posts\/20215","targetHints":{"allow":["GET"]}}],"collection":[{"href":"https:\/\/serrafm879.com.br\/serrafm\/wp-json\/wp\/v2\/posts"}],"about":[{"href":"https:\/\/serrafm879.com.br\/serrafm\/wp-json\/wp\/v2\/types\/post"}],"author":[{"embeddable":true,"href":"https:\/\/serrafm879.com.br\/serrafm\/wp-json\/wp\/v2\/users\/2"}],"replies":[{"embeddable":true,"href":"https:\/\/serrafm879.com.br\/serrafm\/wp-json\/wp\/v2\/comments?post=20215"}],"version-history":[{"count":1,"href":"https:\/\/serrafm879.com.br\/serrafm\/wp-json\/wp\/v2\/posts\/20215\/revisions"}],"predecessor-version":[{"id":20217,"href":"https:\/\/serrafm879.com.br\/serrafm\/wp-json\/wp\/v2\/posts\/20215\/revisions\/20217"}],"wp:featuredmedia":[{"embeddable":true,"href":"https:\/\/serrafm879.com.br\/serrafm\/wp-json\/wp\/v2\/media\/20216"}],"wp:attachment":[{"href":"https:\/\/serrafm879.com.br\/serrafm\/wp-json\/wp\/v2\/media?parent=20215"}],"wp:term":[{"taxonomy":"category","embeddable":true,"href":"https:\/\/serrafm879.com.br\/serrafm\/wp-json\/wp\/v2\/categories?post=20215"},{"taxonomy":"post_tag","embeddable":true,"href":"https:\/\/serrafm879.com.br\/serrafm\/wp-json\/wp\/v2\/tags?post=20215"}],"curies":[{"name":"wp","href":"https:\/\/api.w.org\/{rel}","templated":true}]}}