{"id":20259,"date":"2025-02-01T08:08:18","date_gmt":"2025-02-01T11:08:18","guid":{"rendered":"https:\/?p=20259"},"modified":"2025-02-01T08:08:18","modified_gmt":"2025-02-01T11:08:18","slug":"em-audiencia-publica-cesar-kaique-diz-que-o-povo-nao-pode-pagar-um-preco-tao-alto-sem-ter-agua-na-torneira","status":"publish","type":"post","link":"https:\/\/serrafm879.com.br\/serrafm\/2025\/02\/em-audiencia-publica-cesar-kaique-diz-que-o-povo-nao-pode-pagar-um-preco-tao-alto-sem-ter-agua-na-torneira\/","title":{"rendered":"Em Audi\u00eancia P\u00fablica, C\u00e9sar Kaique diz que &#8220;o povo n\u00e3o pode pagar um pre\u00e7o t\u00e3o alto sem ter \u00e1gua na torneira&#8221;"},"content":{"rendered":"<p><span style=\"font-size: 1.1429rem;\">Durante audi\u00eancia p\u00fablica que ocorreu nesta sexta (31), C\u00e9sar Ka\u00edque criticou a situa\u00e7\u00e3o do abastecimento de \u00e1gua em Pernambuco e defendeu a privatiza\u00e7\u00e3o da Compesa como solu\u00e7\u00e3o para os problemas enfrentados pela popula\u00e7\u00e3o. Lideran\u00e7a pol\u00edtica e aliado da governadora Raquel Lyra \u2013 C\u00e9sar Kaique, em um momento de inser\u00e7\u00e3o governamental, o atual modelo de gest\u00e3o \u00e9 ineficiente e n\u00e3o garante um servi\u00e7o de qualidade, apesar dos altos custos para os consumidores.<\/span><\/p>\n<p>&nbsp;<\/p>\n<p>\u201cO povo paga caro e a \u00e1gua n\u00e3o chega com um servi\u00e7o de qualidade\u201d, afirmou.<\/p>\n<p>&nbsp;<\/p>\n<p>Ka\u00edque prop\u00f4s que a nova empresa privada fique respons\u00e1vel pela distribui\u00e7\u00e3o de \u00e1gua e saneamento, enquanto o Estado manteria a preserva\u00e7\u00e3o dos mananciais, capta\u00e7\u00e3o e tratamento da \u00e1gua. Ele acredita que esse modelo melhoraria o servi\u00e7o e aceleraria as obras de saneamento e abastecimento no estado.<\/p>\n<p>&nbsp;<\/p>\n<p>\u201cN\u00e3o tem outro caminho, nem meias palavras para defender o que a gente acredita. Alagoas, Rio de Janeiro, Cear\u00e1 e o mundo j\u00e1 fizeram, mas Pernambuco ainda est\u00e1 no s\u00e9culo 19, sem querer encarar a realidade\u201d, argumentou.<\/p>\n<p>&nbsp;<\/p>\n<p>Ele tamb\u00e9m lembrou que parte dos servi\u00e7os da Compesa j\u00e1 foi concedida \u00e0 iniciativa privada no governo Eduardo Campos, o que, segundo ele, prova a necessidade de mudan\u00e7a.<\/p>\n<p>&nbsp;<\/p>\n<p>Atualmente, a Compesa arrecada R$ 2 bilh\u00f5es por ano, mas ainda precisa de um aporte extra de R$ 350 milh\u00f5es do Estado para cobrir custos administrativos. Com o ritmo atual de investimentos (cerca de R$ 400 milh\u00f5es), Pernambuco n\u00e3o conseguir\u00e1 atingir as metas de universaliza\u00e7\u00e3o do saneamento at\u00e9 2033, conforme prev\u00ea o Marco Legal do Saneamento.<\/p>\n<p>&nbsp;<\/p>\n<p>\u201cMelhor que colocar afilhado pol\u00edtico na Compesa \u00e9 botar \u00e1gua na torneira das pessoas\u201d, disparou.<\/p>\n<p>&nbsp;<\/p>\n<p>Para Ka\u00edque, a popula\u00e7\u00e3o n\u00e3o aguenta mais a falta de \u00e1gua e obras inacabadas espalhadas pelo estado. Ele cobrou do governo estadual uma postura mais firme para resolver a quest\u00e3o, com os ajustes e investimentos necess\u00e1rios para melhorar a vida dos pernambucanos.<\/p>\n","protected":false},"excerpt":{"rendered":"<p>Durante audi\u00eancia p\u00fablica que ocorreu nesta sexta (31), C\u00e9sar Ka\u00edque criticou a situa\u00e7\u00e3o do abastecimento de \u00e1gua em Pernambuco e defendeu a privatiza\u00e7\u00e3o da Compesa como solu\u00e7\u00e3o para os problemas enfrentados pela popula\u00e7\u00e3o. Lideran\u00e7a pol\u00edtica e aliado da governadora Raquel Lyra \u2013 C\u00e9sar Kaique, em um momento de inser\u00e7\u00e3o governamental, o atual modelo de gest\u00e3o \u00e9 ineficiente e n\u00e3o garante um servi\u00e7o de qualidade, apesar dos altos custos para os consumidores. &nbsp; \u201cO povo paga caro e a \u00e1gua n\u00e3o chega com um servi\u00e7o de qualidade\u201d, afirmou. &nbsp; Ka\u00edque prop\u00f4s que a nova empresa privada fique respons\u00e1vel pela distribui\u00e7\u00e3o de [&hellip;]<\/p>\n","protected":false},"author":2,"featured_media":20260,"comment_status":"open","ping_status":"open","sticky":false,"template":"","format":"standard","meta":{"_jetpack_newsletter_access":"","_jetpack_dont_email_post_to_subs":false,"_jetpack_newsletter_tier_id":0,"_jetpack_memberships_contains_paywalled_content":false,"_jetpack_feature_clip_id":0,"_jetpack_memberships_contains_paid_content":false,"footnotes":"","jetpack_publicize_message":"","jetpack_publicize_feature_enabled":true,"jetpack_social_post_already_shared":true,"jetpack_social_options":{"image_generator_settings":{"template":"highway","default_image_id":0,"font":"","enabled":false},"version":2},"jetpack_post_was_ever_published":false},"categories":[2],"tags":[],"class_list":["post-20259","post","type-post","status-publish","format-standard","has-post-thumbnail","hentry","category-noticias"],"aioseo_notices":[],"aioseo_head":"\n\t\t<!-- All in One SEO 4.9.10 - aioseo.com -->\n\t<meta name=\"description\" content=\"Durante audi\u00eancia p\u00fablica que ocorreu nesta sexta (31), C\u00e9sar Ka\u00edque criticou a situa\u00e7\u00e3o do abastecimento de \u00e1gua em Pernambuco e defendeu a privatiza\u00e7\u00e3o da Compesa como solu\u00e7\u00e3o para os problemas enfrentados pela popula\u00e7\u00e3o. Lideran\u00e7a pol\u00edtica e aliado da governadora Raquel Lyra \u2013 C\u00e9sar Kaique, em um momento de inser\u00e7\u00e3o governamental, o atual modelo de gest\u00e3o\" \/>\n\t<meta name=\"robots\" content=\"max-image-preview:large\" \/>\n\t<meta name=\"author\" content=\"serrafm87\"\/>\n\t<link rel=\"canonical\" href=\"https:\/\/serrafm879.com.br\/serrafm\/2025\/02\/em-audiencia-publica-cesar-kaique-diz-que-o-povo-nao-pode-pagar-um-preco-tao-alto-sem-ter-agua-na-torneira\/\" \/>\n\t<meta name=\"generator\" content=\"All in One SEO (AIOSEO) 4.9.10\" \/>\n\t\t<meta name=\"twitter:card\" content=\"summary_large_image\" \/>\n\t\t<meta name=\"twitter:title\" content=\"Em Audi\u00eancia P\u00fablica, C\u00e9sar Kaique diz que \u201co povo n\u00e3o pode pagar um pre\u00e7o t\u00e3o alto sem ter \u00e1gua na torneira\u201d - Serra FM 87,9\" \/>\n\t\t<meta name=\"twitter:description\" content=\"Durante audi\u00eancia p\u00fablica que ocorreu nesta sexta (31), C\u00e9sar Ka\u00edque criticou a situa\u00e7\u00e3o do abastecimento de \u00e1gua em Pernambuco e defendeu a privatiza\u00e7\u00e3o da Compesa como solu\u00e7\u00e3o para os problemas enfrentados pela popula\u00e7\u00e3o. Lideran\u00e7a pol\u00edtica e aliado da governadora Raquel Lyra \u2013 C\u00e9sar Kaique, em um momento de inser\u00e7\u00e3o governamental, o atual modelo de gest\u00e3o\" \/>\n\t\t<meta name=\"twitter:image\" content=\"https:\/\/serrafm879.com.br\/serrafm\/wp-content\/uploads\/2025\/02\/IMG-20250201-WA0064.jpg\" \/>\n\t\t<script type=\"application\/ld+json\" class=\"aioseo-schema\">\n\t\t\t{\"@context\":\"https:\\\/\\\/schema.org\",\"@graph\":[{\"@type\":\"BlogPosting\",\"@id\":\"https:\\\/\\\/serrafm879.com.br\\\/serrafm\\\/2025\\\/02\\\/em-audiencia-publica-cesar-kaique-diz-que-o-povo-nao-pode-pagar-um-preco-tao-alto-sem-ter-agua-na-torneira\\\/#blogposting\",\"name\":\"Em Audi\\u00eancia P\\u00fablica, C\\u00e9sar Kaique diz que \\u201co povo n\\u00e3o pode pagar um pre\\u00e7o t\\u00e3o alto sem ter \\u00e1gua na torneira\\u201d - Serra FM 87,9\",\"headline\":\"Em Audi\\u00eancia P\\u00fablica, C\\u00e9sar Kaique diz que &#8220;o povo n\\u00e3o pode pagar um pre\\u00e7o t\\u00e3o alto sem ter \\u00e1gua na torneira&#8221;\",\"author\":{\"@id\":\"https:\\\/\\\/serrafm879.com.br\\\/serrafm\\\/author\\\/serrafm87\\\/#author\"},\"publisher\":{\"@id\":\"https:\\\/\\\/serrafm879.com.br\\\/serrafm\\\/#organization\"},\"image\":{\"@type\":\"ImageObject\",\"url\":\"https:\\\/\\\/serrafm879.com.br\\\/serrafm\\\/wp-content\\\/uploads\\\/2025\\\/02\\\/IMG-20250201-WA0064.jpg\",\"width\":1600,\"height\":1066},\"datePublished\":\"2025-02-01T08:08:18-03:00\",\"dateModified\":\"2025-02-01T08:08:18-03:00\",\"inLanguage\":\"pt-BR\",\"mainEntityOfPage\":{\"@id\":\"https:\\\/\\\/serrafm879.com.br\\\/serrafm\\\/2025\\\/02\\\/em-audiencia-publica-cesar-kaique-diz-que-o-povo-nao-pode-pagar-um-preco-tao-alto-sem-ter-agua-na-torneira\\\/#webpage\"},\"isPartOf\":{\"@id\":\"https:\\\/\\\/serrafm879.com.br\\\/serrafm\\\/2025\\\/02\\\/em-audiencia-publica-cesar-kaique-diz-que-o-povo-nao-pode-pagar-um-preco-tao-alto-sem-ter-agua-na-torneira\\\/#webpage\"},\"articleSection\":\"Not\\u00edcias\"},{\"@type\":\"BreadcrumbList\",\"@id\":\"https:\\\/\\\/serrafm879.com.br\\\/serrafm\\\/2025\\\/02\\\/em-audiencia-publica-cesar-kaique-diz-que-o-povo-nao-pode-pagar-um-preco-tao-alto-sem-ter-agua-na-torneira\\\/#breadcrumblist\",\"itemListElement\":[{\"@type\":\"ListItem\",\"@id\":\"https:\\\/\\\/serrafm879.com.br\\\/serrafm#listItem\",\"position\":1,\"name\":\"Home\",\"item\":\"https:\\\/\\\/serrafm879.com.br\\\/serrafm\",\"nextItem\":{\"@type\":\"ListItem\",\"@id\":\"https:\\\/\\\/serrafm879.com.br\\\/serrafm\\\/categoria\\\/noticias\\\/#listItem\",\"name\":\"Not\\u00edcias\"}},{\"@type\":\"ListItem\",\"@id\":\"https:\\\/\\\/serrafm879.com.br\\\/serrafm\\\/categoria\\\/noticias\\\/#listItem\",\"position\":2,\"name\":\"Not\\u00edcias\",\"item\":\"https:\\\/\\\/serrafm879.com.br\\\/serrafm\\\/categoria\\\/noticias\\\/\",\"nextItem\":{\"@type\":\"ListItem\",\"@id\":\"https:\\\/\\\/serrafm879.com.br\\\/serrafm\\\/2025\\\/02\\\/em-audiencia-publica-cesar-kaique-diz-que-o-povo-nao-pode-pagar-um-preco-tao-alto-sem-ter-agua-na-torneira\\\/#listItem\",\"name\":\"Em Audi\\u00eancia P\\u00fablica, C\\u00e9sar Kaique diz que &#8220;o povo n\\u00e3o pode pagar um pre\\u00e7o t\\u00e3o alto sem ter \\u00e1gua na torneira&#8221;\"},\"previousItem\":{\"@type\":\"ListItem\",\"@id\":\"https:\\\/\\\/serrafm879.com.br\\\/serrafm#listItem\",\"name\":\"Home\"}},{\"@type\":\"ListItem\",\"@id\":\"https:\\\/\\\/serrafm879.com.br\\\/serrafm\\\/2025\\\/02\\\/em-audiencia-publica-cesar-kaique-diz-que-o-povo-nao-pode-pagar-um-preco-tao-alto-sem-ter-agua-na-torneira\\\/#listItem\",\"position\":3,\"name\":\"Em Audi\\u00eancia P\\u00fablica, C\\u00e9sar Kaique diz que &#8220;o povo n\\u00e3o pode pagar um pre\\u00e7o t\\u00e3o alto sem ter \\u00e1gua na torneira&#8221;\",\"previousItem\":{\"@type\":\"ListItem\",\"@id\":\"https:\\\/\\\/serrafm879.com.br\\\/serrafm\\\/categoria\\\/noticias\\\/#listItem\",\"name\":\"Not\\u00edcias\"}}]},{\"@type\":\"Organization\",\"@id\":\"https:\\\/\\\/serrafm879.com.br\\\/serrafm\\\/#organization\",\"name\":\"Serra FM 87,9\",\"description\":\"O seu novo amor!\",\"url\":\"https:\\\/\\\/serrafm879.com.br\\\/serrafm\\\/\"},{\"@type\":\"Person\",\"@id\":\"https:\\\/\\\/serrafm879.com.br\\\/serrafm\\\/author\\\/serrafm87\\\/#author\",\"url\":\"https:\\\/\\\/serrafm879.com.br\\\/serrafm\\\/author\\\/serrafm87\\\/\",\"name\":\"serrafm87\",\"image\":{\"@type\":\"ImageObject\",\"@id\":\"https:\\\/\\\/serrafm879.com.br\\\/serrafm\\\/2025\\\/02\\\/em-audiencia-publica-cesar-kaique-diz-que-o-povo-nao-pode-pagar-um-preco-tao-alto-sem-ter-agua-na-torneira\\\/#authorImage\",\"url\":\"https:\\\/\\\/secure.gravatar.com\\\/avatar\\\/a743233f1112d34f48bb3dc9559b76eb930bab8b27175856cba6362608736235?s=96&d=mm&r=g\",\"width\":96,\"height\":96,\"caption\":\"serrafm87\"}},{\"@type\":\"WebPage\",\"@id\":\"https:\\\/\\\/serrafm879.com.br\\\/serrafm\\\/2025\\\/02\\\/em-audiencia-publica-cesar-kaique-diz-que-o-povo-nao-pode-pagar-um-preco-tao-alto-sem-ter-agua-na-torneira\\\/#webpage\",\"url\":\"https:\\\/\\\/serrafm879.com.br\\\/serrafm\\\/2025\\\/02\\\/em-audiencia-publica-cesar-kaique-diz-que-o-povo-nao-pode-pagar-um-preco-tao-alto-sem-ter-agua-na-torneira\\\/\",\"name\":\"Em Audi\\u00eancia P\\u00fablica, C\\u00e9sar Kaique diz que \\u201co povo n\\u00e3o pode pagar um pre\\u00e7o t\\u00e3o alto sem ter \\u00e1gua na torneira\\u201d - Serra FM 87,9\",\"description\":\"Durante audi\\u00eancia p\\u00fablica que ocorreu nesta sexta (31), C\\u00e9sar Ka\\u00edque criticou a situa\\u00e7\\u00e3o do abastecimento de \\u00e1gua em Pernambuco e defendeu a privatiza\\u00e7\\u00e3o da Compesa como solu\\u00e7\\u00e3o para os problemas enfrentados pela popula\\u00e7\\u00e3o. Lideran\\u00e7a pol\\u00edtica e aliado da governadora Raquel Lyra \\u2013 C\\u00e9sar Kaique, em um momento de inser\\u00e7\\u00e3o governamental, o atual modelo de gest\\u00e3o\",\"inLanguage\":\"pt-BR\",\"isPartOf\":{\"@id\":\"https:\\\/\\\/serrafm879.com.br\\\/serrafm\\\/#website\"},\"breadcrumb\":{\"@id\":\"https:\\\/\\\/serrafm879.com.br\\\/serrafm\\\/2025\\\/02\\\/em-audiencia-publica-cesar-kaique-diz-que-o-povo-nao-pode-pagar-um-preco-tao-alto-sem-ter-agua-na-torneira\\\/#breadcrumblist\"},\"author\":{\"@id\":\"https:\\\/\\\/serrafm879.com.br\\\/serrafm\\\/author\\\/serrafm87\\\/#author\"},\"creator\":{\"@id\":\"https:\\\/\\\/serrafm879.com.br\\\/serrafm\\\/author\\\/serrafm87\\\/#author\"},\"image\":{\"@type\":\"ImageObject\",\"url\":\"https:\\\/\\\/serrafm879.com.br\\\/serrafm\\\/wp-content\\\/uploads\\\/2025\\\/02\\\/IMG-20250201-WA0064.jpg\",\"@id\":\"https:\\\/\\\/serrafm879.com.br\\\/serrafm\\\/2025\\\/02\\\/em-audiencia-publica-cesar-kaique-diz-que-o-povo-nao-pode-pagar-um-preco-tao-alto-sem-ter-agua-na-torneira\\\/#mainImage\",\"width\":1600,\"height\":1066},\"primaryImageOfPage\":{\"@id\":\"https:\\\/\\\/serrafm879.com.br\\\/serrafm\\\/2025\\\/02\\\/em-audiencia-publica-cesar-kaique-diz-que-o-povo-nao-pode-pagar-um-preco-tao-alto-sem-ter-agua-na-torneira\\\/#mainImage\"},\"datePublished\":\"2025-02-01T08:08:18-03:00\",\"dateModified\":\"2025-02-01T08:08:18-03:00\"},{\"@type\":\"WebSite\",\"@id\":\"https:\\\/\\\/serrafm879.com.br\\\/serrafm\\\/#website\",\"url\":\"https:\\\/\\\/serrafm879.com.br\\\/serrafm\\\/\",\"name\":\"Serra FM 87,9\",\"description\":\"O seu novo amor!\",\"inLanguage\":\"pt-BR\",\"publisher\":{\"@id\":\"https:\\\/\\\/serrafm879.com.br\\\/serrafm\\\/#organization\"}}]}\n\t\t<\/script>\n\t\t<!-- All in One SEO -->\n\n","aioseo_head_json":{"title":"Em Audi\u00eancia P\u00fablica, C\u00e9sar Kaique diz que \u201co povo n\u00e3o pode pagar um pre\u00e7o t\u00e3o alto sem ter \u00e1gua na torneira\u201d - Serra FM 87,9","description":"Durante audi\u00eancia p\u00fablica que ocorreu nesta sexta (31), C\u00e9sar Ka\u00edque criticou a situa\u00e7\u00e3o do abastecimento de \u00e1gua em Pernambuco e defendeu a privatiza\u00e7\u00e3o da Compesa como solu\u00e7\u00e3o para os problemas enfrentados pela popula\u00e7\u00e3o. Lideran\u00e7a pol\u00edtica e aliado da governadora Raquel Lyra \u2013 C\u00e9sar Kaique, em um momento de inser\u00e7\u00e3o governamental, o atual modelo de gest\u00e3o","canonical_url":"https:\/\/serrafm879.com.br\/serrafm\/2025\/02\/em-audiencia-publica-cesar-kaique-diz-que-o-povo-nao-pode-pagar-um-preco-tao-alto-sem-ter-agua-na-torneira\/","robots":"max-image-preview:large","keywords":"","webmasterTools":{"miscellaneous":""},"schema":{"@context":"https:\/\/schema.org","@graph":[{"@type":"BlogPosting","@id":"https:\/\/serrafm879.com.br\/serrafm\/2025\/02\/em-audiencia-publica-cesar-kaique-diz-que-o-povo-nao-pode-pagar-um-preco-tao-alto-sem-ter-agua-na-torneira\/#blogposting","name":"Em Audi\u00eancia P\u00fablica, C\u00e9sar Kaique diz que \u201co povo n\u00e3o pode pagar um pre\u00e7o t\u00e3o alto sem ter \u00e1gua na torneira\u201d - Serra FM 87,9","headline":"Em Audi\u00eancia P\u00fablica, C\u00e9sar Kaique diz que &#8220;o povo n\u00e3o pode pagar um pre\u00e7o t\u00e3o alto sem ter \u00e1gua na torneira&#8221;","author":{"@id":"https:\/\/serrafm879.com.br\/serrafm\/author\/serrafm87\/#author"},"publisher":{"@id":"https:\/\/serrafm879.com.br\/serrafm\/#organization"},"image":{"@type":"ImageObject","url":"https:\/\/serrafm879.com.br\/serrafm\/wp-content\/uploads\/2025\/02\/IMG-20250201-WA0064.jpg","width":1600,"height":1066},"datePublished":"2025-02-01T08:08:18-03:00","dateModified":"2025-02-01T08:08:18-03:00","inLanguage":"pt-BR","mainEntityOfPage":{"@id":"https:\/\/serrafm879.com.br\/serrafm\/2025\/02\/em-audiencia-publica-cesar-kaique-diz-que-o-povo-nao-pode-pagar-um-preco-tao-alto-sem-ter-agua-na-torneira\/#webpage"},"isPartOf":{"@id":"https:\/\/serrafm879.com.br\/serrafm\/2025\/02\/em-audiencia-publica-cesar-kaique-diz-que-o-povo-nao-pode-pagar-um-preco-tao-alto-sem-ter-agua-na-torneira\/#webpage"},"articleSection":"Not\u00edcias"},{"@type":"BreadcrumbList","@id":"https:\/\/serrafm879.com.br\/serrafm\/2025\/02\/em-audiencia-publica-cesar-kaique-diz-que-o-povo-nao-pode-pagar-um-preco-tao-alto-sem-ter-agua-na-torneira\/#breadcrumblist","itemListElement":[{"@type":"ListItem","@id":"https:\/\/serrafm879.com.br\/serrafm#listItem","position":1,"name":"Home","item":"https:\/\/serrafm879.com.br\/serrafm","nextItem":{"@type":"ListItem","@id":"https:\/\/serrafm879.com.br\/serrafm\/categoria\/noticias\/#listItem","name":"Not\u00edcias"}},{"@type":"ListItem","@id":"https:\/\/serrafm879.com.br\/serrafm\/categoria\/noticias\/#listItem","position":2,"name":"Not\u00edcias","item":"https:\/\/serrafm879.com.br\/serrafm\/categoria\/noticias\/","nextItem":{"@type":"ListItem","@id":"https:\/\/serrafm879.com.br\/serrafm\/2025\/02\/em-audiencia-publica-cesar-kaique-diz-que-o-povo-nao-pode-pagar-um-preco-tao-alto-sem-ter-agua-na-torneira\/#listItem","name":"Em Audi\u00eancia P\u00fablica, C\u00e9sar Kaique diz que &#8220;o povo n\u00e3o pode pagar um pre\u00e7o t\u00e3o alto sem ter \u00e1gua na torneira&#8221;"},"previousItem":{"@type":"ListItem","@id":"https:\/\/serrafm879.com.br\/serrafm#listItem","name":"Home"}},{"@type":"ListItem","@id":"https:\/\/serrafm879.com.br\/serrafm\/2025\/02\/em-audiencia-publica-cesar-kaique-diz-que-o-povo-nao-pode-pagar-um-preco-tao-alto-sem-ter-agua-na-torneira\/#listItem","position":3,"name":"Em Audi\u00eancia P\u00fablica, C\u00e9sar Kaique diz que &#8220;o povo n\u00e3o pode pagar um pre\u00e7o t\u00e3o alto sem ter \u00e1gua na torneira&#8221;","previousItem":{"@type":"ListItem","@id":"https:\/\/serrafm879.com.br\/serrafm\/categoria\/noticias\/#listItem","name":"Not\u00edcias"}}]},{"@type":"Organization","@id":"https:\/\/serrafm879.com.br\/serrafm\/#organization","name":"Serra FM 87,9","description":"O seu novo amor!","url":"https:\/\/serrafm879.com.br\/serrafm\/"},{"@type":"Person","@id":"https:\/\/serrafm879.com.br\/serrafm\/author\/serrafm87\/#author","url":"https:\/\/serrafm879.com.br\/serrafm\/author\/serrafm87\/","name":"serrafm87","image":{"@type":"ImageObject","@id":"https:\/\/serrafm879.com.br\/serrafm\/2025\/02\/em-audiencia-publica-cesar-kaique-diz-que-o-povo-nao-pode-pagar-um-preco-tao-alto-sem-ter-agua-na-torneira\/#authorImage","url":"https:\/\/secure.gravatar.com\/avatar\/a743233f1112d34f48bb3dc9559b76eb930bab8b27175856cba6362608736235?s=96&d=mm&r=g","width":96,"height":96,"caption":"serrafm87"}},{"@type":"WebPage","@id":"https:\/\/serrafm879.com.br\/serrafm\/2025\/02\/em-audiencia-publica-cesar-kaique-diz-que-o-povo-nao-pode-pagar-um-preco-tao-alto-sem-ter-agua-na-torneira\/#webpage","url":"https:\/\/serrafm879.com.br\/serrafm\/2025\/02\/em-audiencia-publica-cesar-kaique-diz-que-o-povo-nao-pode-pagar-um-preco-tao-alto-sem-ter-agua-na-torneira\/","name":"Em Audi\u00eancia P\u00fablica, C\u00e9sar Kaique diz que \u201co povo n\u00e3o pode pagar um pre\u00e7o t\u00e3o alto sem ter \u00e1gua na torneira\u201d - Serra FM 87,9","description":"Durante audi\u00eancia p\u00fablica que ocorreu nesta sexta (31), C\u00e9sar Ka\u00edque criticou a situa\u00e7\u00e3o do abastecimento de \u00e1gua em Pernambuco e defendeu a privatiza\u00e7\u00e3o da Compesa como solu\u00e7\u00e3o para os problemas enfrentados pela popula\u00e7\u00e3o. Lideran\u00e7a pol\u00edtica e aliado da governadora Raquel Lyra \u2013 C\u00e9sar Kaique, em um momento de inser\u00e7\u00e3o governamental, o atual modelo de gest\u00e3o","inLanguage":"pt-BR","isPartOf":{"@id":"https:\/\/serrafm879.com.br\/serrafm\/#website"},"breadcrumb":{"@id":"https:\/\/serrafm879.com.br\/serrafm\/2025\/02\/em-audiencia-publica-cesar-kaique-diz-que-o-povo-nao-pode-pagar-um-preco-tao-alto-sem-ter-agua-na-torneira\/#breadcrumblist"},"author":{"@id":"https:\/\/serrafm879.com.br\/serrafm\/author\/serrafm87\/#author"},"creator":{"@id":"https:\/\/serrafm879.com.br\/serrafm\/author\/serrafm87\/#author"},"image":{"@type":"ImageObject","url":"https:\/\/serrafm879.com.br\/serrafm\/wp-content\/uploads\/2025\/02\/IMG-20250201-WA0064.jpg","@id":"https:\/\/serrafm879.com.br\/serrafm\/2025\/02\/em-audiencia-publica-cesar-kaique-diz-que-o-povo-nao-pode-pagar-um-preco-tao-alto-sem-ter-agua-na-torneira\/#mainImage","width":1600,"height":1066},"primaryImageOfPage":{"@id":"https:\/\/serrafm879.com.br\/serrafm\/2025\/02\/em-audiencia-publica-cesar-kaique-diz-que-o-povo-nao-pode-pagar-um-preco-tao-alto-sem-ter-agua-na-torneira\/#mainImage"},"datePublished":"2025-02-01T08:08:18-03:00","dateModified":"2025-02-01T08:08:18-03:00"},{"@type":"WebSite","@id":"https:\/\/serrafm879.com.br\/serrafm\/#website","url":"https:\/\/serrafm879.com.br\/serrafm\/","name":"Serra FM 87,9","description":"O seu novo amor!","inLanguage":"pt-BR","publisher":{"@id":"https:\/\/serrafm879.com.br\/serrafm\/#organization"}}]},"twitter:card":"summary_large_image","twitter:title":"Em Audi\u00eancia P\u00fablica, C\u00e9sar Kaique diz que \u201co povo n\u00e3o pode pagar um pre\u00e7o t\u00e3o alto sem ter \u00e1gua na torneira\u201d - Serra FM 87,9","twitter:description":"Durante audi\u00eancia p\u00fablica que ocorreu nesta sexta (31), C\u00e9sar Ka\u00edque criticou a situa\u00e7\u00e3o do abastecimento de \u00e1gua em Pernambuco e defendeu a privatiza\u00e7\u00e3o da Compesa como solu\u00e7\u00e3o para os problemas enfrentados pela popula\u00e7\u00e3o. Lideran\u00e7a pol\u00edtica e aliado da governadora Raquel Lyra \u2013 C\u00e9sar Kaique, em um momento de inser\u00e7\u00e3o governamental, o atual modelo de gest\u00e3o","twitter:image":"https:\/\/serrafm879.com.br\/serrafm\/wp-content\/uploads\/2025\/02\/IMG-20250201-WA0064.jpg"},"aioseo_meta_data":{"post_id":"20259","title":null,"description":null,"keywords":null,"keyphrases":null,"primary_term":null,"canonical_url":null,"og_title":null,"og_description":null,"og_object_type":"default","og_image_type":"default","og_image_custom_url":null,"og_image_custom_fields":null,"og_image_url":null,"og_image_width":null,"og_image_height":null,"og_video":null,"og_custom_url":null,"og_article_section":null,"og_article_tags":null,"twitter_use_og":false,"twitter_card":"default","twitter_image_type":"default","twitter_image_custom_url":null,"twitter_image_custom_fields":null,"twitter_image_url":null,"twitter_title":null,"twitter_description":null,"schema_type":"default","schema_type_options":null,"schema":{"blockGraphs":[],"customGraphs":[],"default":{"data":{"Article":[],"Course":[],"Dataset":[],"FAQPage":[],"Movie":[],"Person":[],"Product":[],"ProductReview":[],"Car":[],"Recipe":[],"Service":[],"SoftwareApplication":[],"WebPage":[]},"graphName":"","isEnabled":true},"graphs":[]},"pillar_content":false,"robots_default":true,"robots_noindex":false,"robots_noarchive":false,"robots_nosnippet":false,"robots_nofollow":false,"robots_noimageindex":false,"robots_noodp":false,"robots_notranslate":false,"robots_max_snippet":null,"robots_max_videopreview":null,"robots_max_imagepreview":"large","priority":null,"frequency":null,"local_seo":null,"limit_modified_date":false,"ai":null,"breadcrumb_settings":null,"seo_analyzer_scan_date":null,"created":"2026-07-21 13:24:55","updated":"2026-07-21 13:24:55"},"aioseo_breadcrumb":"<div class=\"aioseo-breadcrumbs\"><span class=\"aioseo-breadcrumb\">\n\t\t\t<a href=\"https:\/\/serrafm879.com.br\/serrafm\" title=\"Home\">Home<\/a>\n\t\t<\/span><span class=\"aioseo-breadcrumb-separator\">&raquo;<\/span><span class=\"aioseo-breadcrumb\">\n\t\t\t<a href=\"https:\/\/serrafm879.com.br\/serrafm\/categoria\/noticias\/\" title=\"Not\u00edcias\">Not\u00edcias<\/a>\n\t\t<\/span><span class=\"aioseo-breadcrumb-separator\">&raquo;<\/span><span class=\"aioseo-breadcrumb\">\n\t\t\tEm Audi\u00eancia P\u00fablica, C\u00e9sar Kaique diz que \u201co povo n\u00e3o pode pagar um pre\u00e7o t\u00e3o alto sem ter \u00e1gua na torneira\u201d\n\t\t<\/span><\/div>","aioseo_breadcrumb_json":[{"label":"Home","link":"https:\/\/serrafm879.com.br\/serrafm"},{"label":"Not\u00edcias","link":"https:\/\/serrafm879.com.br\/serrafm\/categoria\/noticias\/"},{"label":"Em Audi\u00eancia P\u00fablica, C\u00e9sar Kaique diz que &#8220;o povo n\u00e3o pode pagar um pre\u00e7o t\u00e3o alto sem ter \u00e1gua na torneira&#8221;","link":"https:\/\/serrafm879.com.br\/serrafm\/2025\/02\/em-audiencia-publica-cesar-kaique-diz-que-o-povo-nao-pode-pagar-um-preco-tao-alto-sem-ter-agua-na-torneira\/"}],"jetpack_publicize_connections":[],"jetpack_featured_media_url":"https:\/\/serrafm879.com.br\/serrafm\/wp-content\/uploads\/2025\/02\/IMG-20250201-WA0064.jpg","jetpack_shortlink":"https:\/\/wp.me\/p7HyXg-5gL","jetpack_sharing_enabled":true,"_links":{"self":[{"href":"https:\/\/serrafm879.com.br\/serrafm\/wp-json\/wp\/v2\/posts\/20259","targetHints":{"allow":["GET"]}}],"collection":[{"href":"https:\/\/serrafm879.com.br\/serrafm\/wp-json\/wp\/v2\/posts"}],"about":[{"href":"https:\/\/serrafm879.com.br\/serrafm\/wp-json\/wp\/v2\/types\/post"}],"author":[{"embeddable":true,"href":"https:\/\/serrafm879.com.br\/serrafm\/wp-json\/wp\/v2\/users\/2"}],"replies":[{"embeddable":true,"href":"https:\/\/serrafm879.com.br\/serrafm\/wp-json\/wp\/v2\/comments?post=20259"}],"version-history":[{"count":1,"href":"https:\/\/serrafm879.com.br\/serrafm\/wp-json\/wp\/v2\/posts\/20259\/revisions"}],"predecessor-version":[{"id":20261,"href":"https:\/\/serrafm879.com.br\/serrafm\/wp-json\/wp\/v2\/posts\/20259\/revisions\/20261"}],"wp:featuredmedia":[{"embeddable":true,"href":"https:\/\/serrafm879.com.br\/serrafm\/wp-json\/wp\/v2\/media\/20260"}],"wp:attachment":[{"href":"https:\/\/serrafm879.com.br\/serrafm\/wp-json\/wp\/v2\/media?parent=20259"}],"wp:term":[{"taxonomy":"category","embeddable":true,"href":"https:\/\/serrafm879.com.br\/serrafm\/wp-json\/wp\/v2\/categories?post=20259"},{"taxonomy":"post_tag","embeddable":true,"href":"https:\/\/serrafm879.com.br\/serrafm\/wp-json\/wp\/v2\/tags?post=20259"}],"curies":[{"name":"wp","href":"https:\/\/api.w.org\/{rel}","templated":true}]}}