{"id":20308,"date":"2025-02-02T21:29:25","date_gmt":"2025-02-03T00:29:25","guid":{"rendered":"https:\/?p=20308"},"modified":"2025-02-02T21:29:25","modified_gmt":"2025-02-03T00:29:25","slug":"governo-de-pernambuco-proibe-torcida-em-jogos-do-sport-e-do-santa-cruz","status":"publish","type":"post","link":"https:\/\/serrafm879.com.br\/serrafm\/2025\/02\/governo-de-pernambuco-proibe-torcida-em-jogos-do-sport-e-do-santa-cruz\/","title":{"rendered":"Governo de Pernambuco pro\u00edbe torcida em jogos do Sport e do Santa Cruz"},"content":{"rendered":"<p>Horas ap\u00f3s membros de torcidas organizadas do Sport e do Santa Cruz protagonizarem, no \u00faltimo s\u00e1bado (1), violentos confrontos nas ruas do Recife, o Governo de Pernambuco anunciou que as duas equipes n\u00e3o poder\u00e3o contar com a presen\u00e7a de torcidas em seus est\u00e1dios em suas pr\u00f3ximas cinco partidas, seja pelo Campeonato Pernambucano ou pela Copa do Nordeste.<img decoding=\"async\" src=\"https:\/\/agenciabrasil.ebc.com.br\/ebc.png?id=1628840&amp;o=node\" \/><img decoding=\"async\" src=\"https:\/\/agenciabrasil.ebc.com.br\/ebc.gif?id=1628840&amp;o=node\" \/><\/p>\n<p>Em postagem nas redes sociais, a governadora de Pernambuco, Raquel Lyra, anunciou outras medidas para combater a viol\u00eancia no futebol: \u201cAl\u00e9m disso, vamos trabalhar para que a compra de ingressos, a partir de agora, seja feita com cadastro biom\u00e9trico e reconhecimento facial. Neste per\u00edodo, atuaremos em conjunto com as recomenda\u00e7\u00f5es do Minist\u00e9rio P\u00fablico para garantir que o futebol pernambucano volte a ser um espa\u00e7o de paz. Estou trabalhando com a equipe do Governo desde o primeiro momento, e tomando as devidas provid\u00eancias para punir os v\u00e2ndalos respons\u00e1veis pela barb\u00e1rie vista mais cedo no Recife. Cerca de 700 policiais est\u00e3o destinados para a miss\u00e3o e os feridos est\u00e3o sendo atendidos no HR. Os verdadeiros torcedores e a popula\u00e7\u00e3o n\u00e3o podem e n\u00e3o v\u00e3o ficar acuados pelos que usam o futebol para praticar viol\u00eancia\u201d.<\/p>\n<p>Por\u00e9m, a iniciativa de proibir a presen\u00e7a de p\u00fablico n\u00e3o foi bem recebida pelo Sport, que afirmou, em nota publicada neste domingo (2): \u201cO Sport Club do Recife lamenta profundamente os atos de viol\u00eancia ocorridos no Recife no \u00faltimo s\u00e1bado, antes da partida contra o Santa Cruz. O clube, no entanto, discorda veementemente da \u2018solu\u00e7\u00e3o\u2019 apresentada pelo Governo do Estado, que pro\u00edbe a presen\u00e7a da torcida do Sport nos pr\u00f3ximos cinco jogos na Ilha do Retiro\u201d.<\/p>\n<p>Segundo a dire\u00e7\u00e3o do Le\u00e3o, \u201ca medida tomada penaliza apenas os verdadeiros torcedores, enquanto os respons\u00e1veis pelos atos criminosos seguem impunes, al\u00e9m de prejudicar uma cadeia do futebol\u201d.<\/p>\n<p>\u201cO Sport reitera que n\u00e3o tem responsabilidade pela seguran\u00e7a p\u00fablica nas ruas e nem pelo planejamento das for\u00e7as de seguran\u00e7a. Mesmo com a presen\u00e7a policial, os criminosos conseguiram se enfrentar e transformar as ruas do Recife em um cen\u00e1rio de guerra, evidenciando falhas no planejamento das autoridades. O clube n\u00e3o aceitar\u00e1 essa decis\u00e3o, que considera ineficaz, e tomar\u00e1 todas as medidas cab\u00edveis para garantir seus direitos, inclusive recorrendo ao Poder Judici\u00e1rio, sempre em defesa de seus torcedores e da sua comunidade. O Sport Club do Recife reafirma seu compromisso com a seguran\u00e7a e o bem-estar dos torcedores e seguir\u00e1 trabalhando para proporcionar um ambiente seguro e acolhedor para todos\u201d, concluiu a equipe na nota.<\/p>\n<h2>Brigas generalizadas<\/h2>\n<p>Ap\u00f3s confrontos entre membros de torcidas organizadas do Santa Cruz e do Sport, 12 pessoas foram levadas no \u00faltimo s\u00e1bado para o Hospital da Restaura\u00e7\u00e3o, em Recife. Em nota publicada pela unidade de sa\u00fade, foi informado que na ocasi\u00e3o nove v\u00edtimas de agress\u00e3o f\u00edsica tinham sido liberadas ap\u00f3s atendimento e tr\u00eas foram internadas.<\/p>\n<p>As brigas generalizadas aconteceram antes do cl\u00e1ssico entre Santa Cruz e Sport, pelo Campeonato Pernambucano, que foi mantido apesar da confus\u00e3o. Diversos v\u00eddeos publicados nas redes sociais mostram cenas de extrema viol\u00eancia.<\/p>\n<p>Em nota publicada no \u00faltimo s\u00e1bado, a Secretaria de Defesa Social de Pernambuco informou que 14 pessoas foram\u00a0detidas. Antes do jogo, cerca de 650 foram conduzidas at\u00e9 o Batalh\u00e3o de Pol\u00edcia de Choque (BPChoque) e passaram por revista, sendo acompanhadas at\u00e9 o local da partida.<\/p>\n<p>Fonte: Ag\u00eancia Brasil<\/p>\n","protected":false},"excerpt":{"rendered":"<p>Horas ap\u00f3s membros de torcidas organizadas do Sport e do Santa Cruz protagonizarem, no \u00faltimo s\u00e1bado (1), violentos confrontos nas ruas do Recife, o Governo de Pernambuco anunciou que as duas equipes n\u00e3o poder\u00e3o contar com a presen\u00e7a de torcidas em seus est\u00e1dios em suas pr\u00f3ximas cinco partidas, seja pelo Campeonato Pernambucano ou pela Copa do Nordeste. Em postagem nas redes sociais, a governadora de Pernambuco, Raquel Lyra, anunciou outras medidas para combater a viol\u00eancia no futebol: \u201cAl\u00e9m disso, vamos trabalhar para que a compra de ingressos, a partir de agora, seja feita com cadastro biom\u00e9trico e reconhecimento facial. Neste [&hellip;]<\/p>\n","protected":false},"author":2,"featured_media":20309,"comment_status":"open","ping_status":"open","sticky":false,"template":"","format":"standard","meta":{"_jetpack_newsletter_access":"","_jetpack_dont_email_post_to_subs":false,"_jetpack_newsletter_tier_id":0,"_jetpack_memberships_contains_paywalled_content":false,"_jetpack_feature_clip_id":0,"_jetpack_memberships_contains_paid_content":false,"footnotes":"","jetpack_publicize_message":"","jetpack_publicize_feature_enabled":true,"jetpack_social_post_already_shared":true,"jetpack_social_options":{"image_generator_settings":{"template":"highway","default_image_id":0,"font":"","enabled":false},"version":2},"jetpack_post_was_ever_published":false},"categories":[1],"tags":[],"class_list":["post-20308","post","type-post","status-publish","format-standard","has-post-thumbnail","hentry","category-uncategorized"],"aioseo_notices":[],"aioseo_head":"\n\t\t<!-- All in One SEO 4.9.10 - aioseo.com -->\n\t<meta name=\"description\" content=\"Horas ap\u00f3s membros de torcidas organizadas do Sport e do Santa Cruz protagonizarem, no \u00faltimo s\u00e1bado (1), violentos confrontos nas ruas do Recife, o Governo de Pernambuco anunciou que as duas equipes n\u00e3o poder\u00e3o contar com a presen\u00e7a de torcidas em seus est\u00e1dios em suas pr\u00f3ximas cinco partidas, seja pelo Campeonato Pernambucano ou pela Copa\" \/>\n\t<meta name=\"robots\" content=\"max-image-preview:large\" \/>\n\t<meta name=\"author\" content=\"serrafm87\"\/>\n\t<link rel=\"canonical\" href=\"https:\/\/serrafm879.com.br\/serrafm\/2025\/02\/governo-de-pernambuco-proibe-torcida-em-jogos-do-sport-e-do-santa-cruz\/\" \/>\n\t<meta name=\"generator\" content=\"All in One SEO (AIOSEO) 4.9.10\" \/>\n\t\t<meta name=\"twitter:card\" content=\"summary_large_image\" \/>\n\t\t<meta name=\"twitter:title\" content=\"Governo de Pernambuco pro\u00edbe torcida em jogos do Sport e do Santa Cruz - Serra FM 87,9\" \/>\n\t\t<meta name=\"twitter:description\" content=\"Horas ap\u00f3s membros de torcidas organizadas do Sport e do Santa Cruz protagonizarem, no \u00faltimo s\u00e1bado (1), violentos confrontos nas ruas do Recife, o Governo de Pernambuco anunciou que as duas equipes n\u00e3o poder\u00e3o contar com a presen\u00e7a de torcidas em seus est\u00e1dios em suas pr\u00f3ximas cinco partidas, seja pelo Campeonato Pernambucano ou pela Copa\" \/>\n\t\t<meta name=\"twitter:image\" content=\"https:\/\/serrafm879.com.br\/serrafm\/wp-content\/uploads\/2025\/02\/download-1-1.jpg\" \/>\n\t\t<script type=\"application\/ld+json\" class=\"aioseo-schema\">\n\t\t\t{\"@context\":\"https:\\\/\\\/schema.org\",\"@graph\":[{\"@type\":\"BlogPosting\",\"@id\":\"https:\\\/\\\/serrafm879.com.br\\\/serrafm\\\/2025\\\/02\\\/governo-de-pernambuco-proibe-torcida-em-jogos-do-sport-e-do-santa-cruz\\\/#blogposting\",\"name\":\"Governo de Pernambuco pro\\u00edbe torcida em jogos do Sport e do Santa Cruz - Serra FM 87,9\",\"headline\":\"Governo de Pernambuco pro\\u00edbe torcida em jogos do Sport e do Santa Cruz\",\"author\":{\"@id\":\"https:\\\/\\\/serrafm879.com.br\\\/serrafm\\\/author\\\/serrafm87\\\/#author\"},\"publisher\":{\"@id\":\"https:\\\/\\\/serrafm879.com.br\\\/serrafm\\\/#organization\"},\"image\":{\"@type\":\"ImageObject\",\"url\":\"https:\\\/\\\/serrafm879.com.br\\\/serrafm\\\/wp-content\\\/uploads\\\/2025\\\/02\\\/download-1-1.jpg\",\"width\":290,\"height\":174},\"datePublished\":\"2025-02-02T21:29:25-03:00\",\"dateModified\":\"2025-02-02T21:29:25-03:00\",\"inLanguage\":\"pt-BR\",\"mainEntityOfPage\":{\"@id\":\"https:\\\/\\\/serrafm879.com.br\\\/serrafm\\\/2025\\\/02\\\/governo-de-pernambuco-proibe-torcida-em-jogos-do-sport-e-do-santa-cruz\\\/#webpage\"},\"isPartOf\":{\"@id\":\"https:\\\/\\\/serrafm879.com.br\\\/serrafm\\\/2025\\\/02\\\/governo-de-pernambuco-proibe-torcida-em-jogos-do-sport-e-do-santa-cruz\\\/#webpage\"},\"articleSection\":\"Uncategorized\"},{\"@type\":\"BreadcrumbList\",\"@id\":\"https:\\\/\\\/serrafm879.com.br\\\/serrafm\\\/2025\\\/02\\\/governo-de-pernambuco-proibe-torcida-em-jogos-do-sport-e-do-santa-cruz\\\/#breadcrumblist\",\"itemListElement\":[{\"@type\":\"ListItem\",\"@id\":\"https:\\\/\\\/serrafm879.com.br\\\/serrafm#listItem\",\"position\":1,\"name\":\"Home\",\"item\":\"https:\\\/\\\/serrafm879.com.br\\\/serrafm\",\"nextItem\":{\"@type\":\"ListItem\",\"@id\":\"https:\\\/\\\/serrafm879.com.br\\\/serrafm\\\/categoria\\\/uncategorized\\\/#listItem\",\"name\":\"Uncategorized\"}},{\"@type\":\"ListItem\",\"@id\":\"https:\\\/\\\/serrafm879.com.br\\\/serrafm\\\/categoria\\\/uncategorized\\\/#listItem\",\"position\":2,\"name\":\"Uncategorized\",\"item\":\"https:\\\/\\\/serrafm879.com.br\\\/serrafm\\\/categoria\\\/uncategorized\\\/\",\"nextItem\":{\"@type\":\"ListItem\",\"@id\":\"https:\\\/\\\/serrafm879.com.br\\\/serrafm\\\/2025\\\/02\\\/governo-de-pernambuco-proibe-torcida-em-jogos-do-sport-e-do-santa-cruz\\\/#listItem\",\"name\":\"Governo de Pernambuco pro\\u00edbe torcida em jogos do Sport e do Santa Cruz\"},\"previousItem\":{\"@type\":\"ListItem\",\"@id\":\"https:\\\/\\\/serrafm879.com.br\\\/serrafm#listItem\",\"name\":\"Home\"}},{\"@type\":\"ListItem\",\"@id\":\"https:\\\/\\\/serrafm879.com.br\\\/serrafm\\\/2025\\\/02\\\/governo-de-pernambuco-proibe-torcida-em-jogos-do-sport-e-do-santa-cruz\\\/#listItem\",\"position\":3,\"name\":\"Governo de Pernambuco pro\\u00edbe torcida em jogos do Sport e do Santa Cruz\",\"previousItem\":{\"@type\":\"ListItem\",\"@id\":\"https:\\\/\\\/serrafm879.com.br\\\/serrafm\\\/categoria\\\/uncategorized\\\/#listItem\",\"name\":\"Uncategorized\"}}]},{\"@type\":\"Organization\",\"@id\":\"https:\\\/\\\/serrafm879.com.br\\\/serrafm\\\/#organization\",\"name\":\"Serra FM 87,9\",\"description\":\"O seu novo amor!\",\"url\":\"https:\\\/\\\/serrafm879.com.br\\\/serrafm\\\/\"},{\"@type\":\"Person\",\"@id\":\"https:\\\/\\\/serrafm879.com.br\\\/serrafm\\\/author\\\/serrafm87\\\/#author\",\"url\":\"https:\\\/\\\/serrafm879.com.br\\\/serrafm\\\/author\\\/serrafm87\\\/\",\"name\":\"serrafm87\",\"image\":{\"@type\":\"ImageObject\",\"@id\":\"https:\\\/\\\/serrafm879.com.br\\\/serrafm\\\/2025\\\/02\\\/governo-de-pernambuco-proibe-torcida-em-jogos-do-sport-e-do-santa-cruz\\\/#authorImage\",\"url\":\"https:\\\/\\\/secure.gravatar.com\\\/avatar\\\/a743233f1112d34f48bb3dc9559b76eb930bab8b27175856cba6362608736235?s=96&d=mm&r=g\",\"width\":96,\"height\":96,\"caption\":\"serrafm87\"}},{\"@type\":\"WebPage\",\"@id\":\"https:\\\/\\\/serrafm879.com.br\\\/serrafm\\\/2025\\\/02\\\/governo-de-pernambuco-proibe-torcida-em-jogos-do-sport-e-do-santa-cruz\\\/#webpage\",\"url\":\"https:\\\/\\\/serrafm879.com.br\\\/serrafm\\\/2025\\\/02\\\/governo-de-pernambuco-proibe-torcida-em-jogos-do-sport-e-do-santa-cruz\\\/\",\"name\":\"Governo de Pernambuco pro\\u00edbe torcida em jogos do Sport e do Santa Cruz - Serra FM 87,9\",\"description\":\"Horas ap\\u00f3s membros de torcidas organizadas do Sport e do Santa Cruz protagonizarem, no \\u00faltimo s\\u00e1bado (1), violentos confrontos nas ruas do Recife, o Governo de Pernambuco anunciou que as duas equipes n\\u00e3o poder\\u00e3o contar com a presen\\u00e7a de torcidas em seus est\\u00e1dios em suas pr\\u00f3ximas cinco partidas, seja pelo Campeonato Pernambucano ou pela Copa\",\"inLanguage\":\"pt-BR\",\"isPartOf\":{\"@id\":\"https:\\\/\\\/serrafm879.com.br\\\/serrafm\\\/#website\"},\"breadcrumb\":{\"@id\":\"https:\\\/\\\/serrafm879.com.br\\\/serrafm\\\/2025\\\/02\\\/governo-de-pernambuco-proibe-torcida-em-jogos-do-sport-e-do-santa-cruz\\\/#breadcrumblist\"},\"author\":{\"@id\":\"https:\\\/\\\/serrafm879.com.br\\\/serrafm\\\/author\\\/serrafm87\\\/#author\"},\"creator\":{\"@id\":\"https:\\\/\\\/serrafm879.com.br\\\/serrafm\\\/author\\\/serrafm87\\\/#author\"},\"image\":{\"@type\":\"ImageObject\",\"url\":\"https:\\\/\\\/serrafm879.com.br\\\/serrafm\\\/wp-content\\\/uploads\\\/2025\\\/02\\\/download-1-1.jpg\",\"@id\":\"https:\\\/\\\/serrafm879.com.br\\\/serrafm\\\/2025\\\/02\\\/governo-de-pernambuco-proibe-torcida-em-jogos-do-sport-e-do-santa-cruz\\\/#mainImage\",\"width\":290,\"height\":174},\"primaryImageOfPage\":{\"@id\":\"https:\\\/\\\/serrafm879.com.br\\\/serrafm\\\/2025\\\/02\\\/governo-de-pernambuco-proibe-torcida-em-jogos-do-sport-e-do-santa-cruz\\\/#mainImage\"},\"datePublished\":\"2025-02-02T21:29:25-03:00\",\"dateModified\":\"2025-02-02T21:29:25-03:00\"},{\"@type\":\"WebSite\",\"@id\":\"https:\\\/\\\/serrafm879.com.br\\\/serrafm\\\/#website\",\"url\":\"https:\\\/\\\/serrafm879.com.br\\\/serrafm\\\/\",\"name\":\"Serra FM 87,9\",\"description\":\"O seu novo amor!\",\"inLanguage\":\"pt-BR\",\"publisher\":{\"@id\":\"https:\\\/\\\/serrafm879.com.br\\\/serrafm\\\/#organization\"}}]}\n\t\t<\/script>\n\t\t<!-- All in One SEO -->\n\n","aioseo_head_json":{"title":"Governo de Pernambuco pro\u00edbe torcida em jogos do Sport e do Santa Cruz - Serra FM 87,9","description":"Horas ap\u00f3s membros de torcidas organizadas do Sport e do Santa Cruz protagonizarem, no \u00faltimo s\u00e1bado (1), violentos confrontos nas ruas do Recife, o Governo de Pernambuco anunciou que as duas equipes n\u00e3o poder\u00e3o contar com a presen\u00e7a de torcidas em seus est\u00e1dios em suas pr\u00f3ximas cinco partidas, seja pelo Campeonato Pernambucano ou pela Copa","canonical_url":"https:\/\/serrafm879.com.br\/serrafm\/2025\/02\/governo-de-pernambuco-proibe-torcida-em-jogos-do-sport-e-do-santa-cruz\/","robots":"max-image-preview:large","keywords":"","webmasterTools":{"miscellaneous":""},"schema":{"@context":"https:\/\/schema.org","@graph":[{"@type":"BlogPosting","@id":"https:\/\/serrafm879.com.br\/serrafm\/2025\/02\/governo-de-pernambuco-proibe-torcida-em-jogos-do-sport-e-do-santa-cruz\/#blogposting","name":"Governo de Pernambuco pro\u00edbe torcida em jogos do Sport e do Santa Cruz - Serra FM 87,9","headline":"Governo de Pernambuco pro\u00edbe torcida em jogos do Sport e do Santa Cruz","author":{"@id":"https:\/\/serrafm879.com.br\/serrafm\/author\/serrafm87\/#author"},"publisher":{"@id":"https:\/\/serrafm879.com.br\/serrafm\/#organization"},"image":{"@type":"ImageObject","url":"https:\/\/serrafm879.com.br\/serrafm\/wp-content\/uploads\/2025\/02\/download-1-1.jpg","width":290,"height":174},"datePublished":"2025-02-02T21:29:25-03:00","dateModified":"2025-02-02T21:29:25-03:00","inLanguage":"pt-BR","mainEntityOfPage":{"@id":"https:\/\/serrafm879.com.br\/serrafm\/2025\/02\/governo-de-pernambuco-proibe-torcida-em-jogos-do-sport-e-do-santa-cruz\/#webpage"},"isPartOf":{"@id":"https:\/\/serrafm879.com.br\/serrafm\/2025\/02\/governo-de-pernambuco-proibe-torcida-em-jogos-do-sport-e-do-santa-cruz\/#webpage"},"articleSection":"Uncategorized"},{"@type":"BreadcrumbList","@id":"https:\/\/serrafm879.com.br\/serrafm\/2025\/02\/governo-de-pernambuco-proibe-torcida-em-jogos-do-sport-e-do-santa-cruz\/#breadcrumblist","itemListElement":[{"@type":"ListItem","@id":"https:\/\/serrafm879.com.br\/serrafm#listItem","position":1,"name":"Home","item":"https:\/\/serrafm879.com.br\/serrafm","nextItem":{"@type":"ListItem","@id":"https:\/\/serrafm879.com.br\/serrafm\/categoria\/uncategorized\/#listItem","name":"Uncategorized"}},{"@type":"ListItem","@id":"https:\/\/serrafm879.com.br\/serrafm\/categoria\/uncategorized\/#listItem","position":2,"name":"Uncategorized","item":"https:\/\/serrafm879.com.br\/serrafm\/categoria\/uncategorized\/","nextItem":{"@type":"ListItem","@id":"https:\/\/serrafm879.com.br\/serrafm\/2025\/02\/governo-de-pernambuco-proibe-torcida-em-jogos-do-sport-e-do-santa-cruz\/#listItem","name":"Governo de Pernambuco pro\u00edbe torcida em jogos do Sport e do Santa Cruz"},"previousItem":{"@type":"ListItem","@id":"https:\/\/serrafm879.com.br\/serrafm#listItem","name":"Home"}},{"@type":"ListItem","@id":"https:\/\/serrafm879.com.br\/serrafm\/2025\/02\/governo-de-pernambuco-proibe-torcida-em-jogos-do-sport-e-do-santa-cruz\/#listItem","position":3,"name":"Governo de Pernambuco pro\u00edbe torcida em jogos do Sport e do Santa Cruz","previousItem":{"@type":"ListItem","@id":"https:\/\/serrafm879.com.br\/serrafm\/categoria\/uncategorized\/#listItem","name":"Uncategorized"}}]},{"@type":"Organization","@id":"https:\/\/serrafm879.com.br\/serrafm\/#organization","name":"Serra FM 87,9","description":"O seu novo amor!","url":"https:\/\/serrafm879.com.br\/serrafm\/"},{"@type":"Person","@id":"https:\/\/serrafm879.com.br\/serrafm\/author\/serrafm87\/#author","url":"https:\/\/serrafm879.com.br\/serrafm\/author\/serrafm87\/","name":"serrafm87","image":{"@type":"ImageObject","@id":"https:\/\/serrafm879.com.br\/serrafm\/2025\/02\/governo-de-pernambuco-proibe-torcida-em-jogos-do-sport-e-do-santa-cruz\/#authorImage","url":"https:\/\/secure.gravatar.com\/avatar\/a743233f1112d34f48bb3dc9559b76eb930bab8b27175856cba6362608736235?s=96&d=mm&r=g","width":96,"height":96,"caption":"serrafm87"}},{"@type":"WebPage","@id":"https:\/\/serrafm879.com.br\/serrafm\/2025\/02\/governo-de-pernambuco-proibe-torcida-em-jogos-do-sport-e-do-santa-cruz\/#webpage","url":"https:\/\/serrafm879.com.br\/serrafm\/2025\/02\/governo-de-pernambuco-proibe-torcida-em-jogos-do-sport-e-do-santa-cruz\/","name":"Governo de Pernambuco pro\u00edbe torcida em jogos do Sport e do Santa Cruz - Serra FM 87,9","description":"Horas ap\u00f3s membros de torcidas organizadas do Sport e do Santa Cruz protagonizarem, no \u00faltimo s\u00e1bado (1), violentos confrontos nas ruas do Recife, o Governo de Pernambuco anunciou que as duas equipes n\u00e3o poder\u00e3o contar com a presen\u00e7a de torcidas em seus est\u00e1dios em suas pr\u00f3ximas cinco partidas, seja pelo Campeonato Pernambucano ou pela Copa","inLanguage":"pt-BR","isPartOf":{"@id":"https:\/\/serrafm879.com.br\/serrafm\/#website"},"breadcrumb":{"@id":"https:\/\/serrafm879.com.br\/serrafm\/2025\/02\/governo-de-pernambuco-proibe-torcida-em-jogos-do-sport-e-do-santa-cruz\/#breadcrumblist"},"author":{"@id":"https:\/\/serrafm879.com.br\/serrafm\/author\/serrafm87\/#author"},"creator":{"@id":"https:\/\/serrafm879.com.br\/serrafm\/author\/serrafm87\/#author"},"image":{"@type":"ImageObject","url":"https:\/\/serrafm879.com.br\/serrafm\/wp-content\/uploads\/2025\/02\/download-1-1.jpg","@id":"https:\/\/serrafm879.com.br\/serrafm\/2025\/02\/governo-de-pernambuco-proibe-torcida-em-jogos-do-sport-e-do-santa-cruz\/#mainImage","width":290,"height":174},"primaryImageOfPage":{"@id":"https:\/\/serrafm879.com.br\/serrafm\/2025\/02\/governo-de-pernambuco-proibe-torcida-em-jogos-do-sport-e-do-santa-cruz\/#mainImage"},"datePublished":"2025-02-02T21:29:25-03:00","dateModified":"2025-02-02T21:29:25-03:00"},{"@type":"WebSite","@id":"https:\/\/serrafm879.com.br\/serrafm\/#website","url":"https:\/\/serrafm879.com.br\/serrafm\/","name":"Serra FM 87,9","description":"O seu novo amor!","inLanguage":"pt-BR","publisher":{"@id":"https:\/\/serrafm879.com.br\/serrafm\/#organization"}}]},"twitter:card":"summary_large_image","twitter:title":"Governo de Pernambuco pro\u00edbe torcida em jogos do Sport e do Santa Cruz - Serra FM 87,9","twitter:description":"Horas ap\u00f3s membros de torcidas organizadas do Sport e do Santa Cruz protagonizarem, no \u00faltimo s\u00e1bado (1), violentos confrontos nas ruas do Recife, o Governo de Pernambuco anunciou que as duas equipes n\u00e3o poder\u00e3o contar com a presen\u00e7a de torcidas em seus est\u00e1dios em suas pr\u00f3ximas cinco partidas, seja pelo Campeonato Pernambucano ou pela Copa","twitter:image":"https:\/\/serrafm879.com.br\/serrafm\/wp-content\/uploads\/2025\/02\/download-1-1.jpg"},"aioseo_meta_data":{"post_id":"20308","title":null,"description":null,"keywords":null,"keyphrases":null,"primary_term":null,"canonical_url":null,"og_title":null,"og_description":null,"og_object_type":"default","og_image_type":"default","og_image_custom_url":null,"og_image_custom_fields":null,"og_image_url":null,"og_image_width":null,"og_image_height":null,"og_video":null,"og_custom_url":null,"og_article_section":null,"og_article_tags":null,"twitter_use_og":false,"twitter_card":"default","twitter_image_type":"default","twitter_image_custom_url":null,"twitter_image_custom_fields":null,"twitter_image_url":null,"twitter_title":null,"twitter_description":null,"schema_type":"default","schema_type_options":null,"schema":{"blockGraphs":[],"customGraphs":[],"default":{"data":{"Article":[],"Course":[],"Dataset":[],"FAQPage":[],"Movie":[],"Person":[],"Product":[],"ProductReview":[],"Car":[],"Recipe":[],"Service":[],"SoftwareApplication":[],"WebPage":[]},"graphName":"","isEnabled":true},"graphs":[]},"pillar_content":false,"robots_default":true,"robots_noindex":false,"robots_noarchive":false,"robots_nosnippet":false,"robots_nofollow":false,"robots_noimageindex":false,"robots_noodp":false,"robots_notranslate":false,"robots_max_snippet":null,"robots_max_videopreview":null,"robots_max_imagepreview":"large","priority":null,"frequency":null,"local_seo":null,"limit_modified_date":false,"ai":null,"breadcrumb_settings":null,"seo_analyzer_scan_date":null,"created":"2026-07-21 13:26:19","updated":"2026-07-21 13:26:19"},"aioseo_breadcrumb":"<div class=\"aioseo-breadcrumbs\"><span class=\"aioseo-breadcrumb\">\n\t\t\t<a href=\"https:\/\/serrafm879.com.br\/serrafm\" title=\"Home\">Home<\/a>\n\t\t<\/span><span class=\"aioseo-breadcrumb-separator\">&raquo;<\/span><span class=\"aioseo-breadcrumb\">\n\t\t\t<a href=\"https:\/\/serrafm879.com.br\/serrafm\/categoria\/uncategorized\/\" title=\"Uncategorized\">Uncategorized<\/a>\n\t\t<\/span><span class=\"aioseo-breadcrumb-separator\">&raquo;<\/span><span class=\"aioseo-breadcrumb\">\n\t\t\tGoverno de Pernambuco pro\u00edbe torcida em jogos do Sport e do Santa Cruz\n\t\t<\/span><\/div>","aioseo_breadcrumb_json":[{"label":"Home","link":"https:\/\/serrafm879.com.br\/serrafm"},{"label":"Uncategorized","link":"https:\/\/serrafm879.com.br\/serrafm\/categoria\/uncategorized\/"},{"label":"Governo de Pernambuco pro\u00edbe torcida em jogos do Sport e do Santa Cruz","link":"https:\/\/serrafm879.com.br\/serrafm\/2025\/02\/governo-de-pernambuco-proibe-torcida-em-jogos-do-sport-e-do-santa-cruz\/"}],"jetpack_publicize_connections":[],"jetpack_featured_media_url":"https:\/\/serrafm879.com.br\/serrafm\/wp-content\/uploads\/2025\/02\/download-1-1.jpg","jetpack_shortlink":"https:\/\/wp.me\/p7HyXg-5hy","jetpack_sharing_enabled":true,"_links":{"self":[{"href":"https:\/\/serrafm879.com.br\/serrafm\/wp-json\/wp\/v2\/posts\/20308","targetHints":{"allow":["GET"]}}],"collection":[{"href":"https:\/\/serrafm879.com.br\/serrafm\/wp-json\/wp\/v2\/posts"}],"about":[{"href":"https:\/\/serrafm879.com.br\/serrafm\/wp-json\/wp\/v2\/types\/post"}],"author":[{"embeddable":true,"href":"https:\/\/serrafm879.com.br\/serrafm\/wp-json\/wp\/v2\/users\/2"}],"replies":[{"embeddable":true,"href":"https:\/\/serrafm879.com.br\/serrafm\/wp-json\/wp\/v2\/comments?post=20308"}],"version-history":[{"count":1,"href":"https:\/\/serrafm879.com.br\/serrafm\/wp-json\/wp\/v2\/posts\/20308\/revisions"}],"predecessor-version":[{"id":20310,"href":"https:\/\/serrafm879.com.br\/serrafm\/wp-json\/wp\/v2\/posts\/20308\/revisions\/20310"}],"wp:featuredmedia":[{"embeddable":true,"href":"https:\/\/serrafm879.com.br\/serrafm\/wp-json\/wp\/v2\/media\/20309"}],"wp:attachment":[{"href":"https:\/\/serrafm879.com.br\/serrafm\/wp-json\/wp\/v2\/media?parent=20308"}],"wp:term":[{"taxonomy":"category","embeddable":true,"href":"https:\/\/serrafm879.com.br\/serrafm\/wp-json\/wp\/v2\/categories?post=20308"},{"taxonomy":"post_tag","embeddable":true,"href":"https:\/\/serrafm879.com.br\/serrafm\/wp-json\/wp\/v2\/tags?post=20308"}],"curies":[{"name":"wp","href":"https:\/\/api.w.org\/{rel}","templated":true}]}}