{"id":20312,"date":"2025-02-02T21:45:09","date_gmt":"2025-02-03T00:45:09","guid":{"rendered":"https:\/?p=20312"},"modified":"2025-02-02T21:45:09","modified_gmt":"2025-02-03T00:45:09","slug":"prefeitura-de-afogados-da-ingazeira-criou-escritorio-de-projetos-para-potencializar-captacao-de-recursos","status":"publish","type":"post","link":"https:\/\/serrafm879.com.br\/serrafm\/2025\/02\/prefeitura-de-afogados-da-ingazeira-criou-escritorio-de-projetos-para-potencializar-captacao-de-recursos\/","title":{"rendered":"Prefeitura de Afogados da Ingazeira criou escrit\u00f3rio de projetos para potencializar capta\u00e7\u00e3o de recursos"},"content":{"rendered":"<p>A Prefeitura de Afogados da Ingazeira criou um escrit\u00f3rio de elabora\u00e7\u00e3o de projetos com o objetivo de ampliar o potencial da gest\u00e3o na capta\u00e7\u00e3o de recursos para a\u00e7\u00f5es e obras em Afogados.<\/p>\n<p>O escrit\u00f3rio tamb\u00e9m vai contar com um \u201cbanco de ideias\u201d, com o objetivo de buscar a inova\u00e7\u00e3o na gest\u00e3o p\u00fablica e a otimiza\u00e7\u00e3o do gasto p\u00fablico. A iniciativa \u00e9 coordenada pela rec\u00e9m criada Secretaria de Planejamento e gest\u00e3o.<\/p>\n<p>\u201cA gest\u00e3o de Afogados tem expertise na elabora\u00e7\u00e3o de bons projetos e na capta\u00e7\u00e3o de recursos. S\u00f3 na nossa gest\u00e3o, foram cerca de 50 milh\u00f5es de recursos captados. Para obras importantes, como a ponte, as pavimenta\u00e7\u00f5es, novas unidades de sa\u00fade, escola em tempo integral. A tarefa do escrit\u00f3rio \u00e9 aperfei\u00e7oar ainda mais esse trabalho,\u201d destacou o vice-prefeito Daniel Valadares.<\/p>\n<p>\u201cEssa \u00e9 a nossa primeira reuni\u00e3o de capacita\u00e7\u00e3o, esse ser\u00e1 um processo permanente, com a participa\u00e7\u00e3o todas as secretarias do munic\u00edpio, qualificando nossos gestores para melhorar o que j\u00e1 vem tendo \u00eaxito,\u201d afirmou Thaynara Queiroz, secret\u00e1ria de Planejamento e Gest\u00e3o de Afogados.<\/p>\n<p>Durante a essa primeira capacita\u00e7\u00e3o, o assessor especial do munic\u00edpio, Elias Silva, apresentou um amplo panorama de oportunidades de capta\u00e7\u00e3o nas mais diversas \u00e1reas da gest\u00e3o: meio ambiente, cultura, desenvolvimento social, pol\u00edticas de equidade de g\u00eanero, tr\u00e2nsito e transportes, infraestrutura, desenvolvimento rural, dentre in\u00fameras outras. Tamb\u00e9m foi enfatizado os diversos tipos de emendas existentes, as transfer\u00eancias volunt\u00e1rias, \u00a0a import\u00e2ncia do estabelecimento de metas mensur\u00e1veis e a constru\u00e7\u00e3o de um bom e exequ\u00edvel plano de trabalho.<\/p>\n<p>Segundo Thaynara Queiroz, o escrit\u00f3rio de projetos tamb\u00e9m se prop\u00f5e a auxiliar institui\u00e7\u00f5es e entidades da sociedade civil que desejem se inserir no processo. Nesse sentido, a capacita\u00e7\u00e3o contou tamb\u00e9m com representantes da rede de mulheres produtoras do Nordeste e da associa\u00e7\u00e3o de m\u00e3es e pais de autistas de Afogados.<\/p>\n","protected":false},"excerpt":{"rendered":"<p>A Prefeitura de Afogados da Ingazeira criou um escrit\u00f3rio de elabora\u00e7\u00e3o de projetos com o objetivo de ampliar o potencial da gest\u00e3o na capta\u00e7\u00e3o de recursos para a\u00e7\u00f5es e obras em Afogados. O escrit\u00f3rio tamb\u00e9m vai contar com um \u201cbanco de ideias\u201d, com o objetivo de buscar a inova\u00e7\u00e3o na gest\u00e3o p\u00fablica e a otimiza\u00e7\u00e3o do gasto p\u00fablico. A iniciativa \u00e9 coordenada pela rec\u00e9m criada Secretaria de Planejamento e gest\u00e3o. \u201cA gest\u00e3o de Afogados tem expertise na elabora\u00e7\u00e3o de bons projetos e na capta\u00e7\u00e3o de recursos. S\u00f3 na nossa gest\u00e3o, foram cerca de 50 milh\u00f5es de recursos captados. Para obras [&hellip;]<\/p>\n","protected":false},"author":2,"featured_media":20313,"comment_status":"open","ping_status":"open","sticky":false,"template":"","format":"standard","meta":{"_jetpack_newsletter_access":"","_jetpack_dont_email_post_to_subs":false,"_jetpack_newsletter_tier_id":0,"_jetpack_memberships_contains_paywalled_content":false,"_jetpack_feature_clip_id":0,"_jetpack_memberships_contains_paid_content":false,"footnotes":"","jetpack_publicize_message":"","jetpack_publicize_feature_enabled":true,"jetpack_social_post_already_shared":true,"jetpack_social_options":{"image_generator_settings":{"template":"highway","default_image_id":0,"font":"","enabled":false},"version":2},"jetpack_post_was_ever_published":false},"categories":[1],"tags":[],"class_list":["post-20312","post","type-post","status-publish","format-standard","has-post-thumbnail","hentry","category-uncategorized"],"aioseo_notices":[],"aioseo_head":"\n\t\t<!-- All in One SEO 4.9.10 - aioseo.com -->\n\t<meta name=\"description\" content=\"A Prefeitura de Afogados da Ingazeira criou um escrit\u00f3rio de elabora\u00e7\u00e3o de projetos com o objetivo de ampliar o potencial da gest\u00e3o na capta\u00e7\u00e3o de recursos para a\u00e7\u00f5es e obras em Afogados. O escrit\u00f3rio tamb\u00e9m vai contar com um \u201cbanco de ideias\u201d, com o objetivo de buscar a inova\u00e7\u00e3o na gest\u00e3o p\u00fablica e a otimiza\u00e7\u00e3o\" \/>\n\t<meta name=\"robots\" content=\"max-image-preview:large\" \/>\n\t<meta name=\"author\" content=\"serrafm87\"\/>\n\t<link rel=\"canonical\" href=\"https:\/\/serrafm879.com.br\/serrafm\/2025\/02\/prefeitura-de-afogados-da-ingazeira-criou-escritorio-de-projetos-para-potencializar-captacao-de-recursos\/\" \/>\n\t<meta name=\"generator\" content=\"All in One SEO (AIOSEO) 4.9.10\" \/>\n\t\t<meta name=\"twitter:card\" content=\"summary_large_image\" \/>\n\t\t<meta name=\"twitter:title\" content=\"Prefeitura de Afogados da Ingazeira criou escrit\u00f3rio de projetos para potencializar capta\u00e7\u00e3o de recursos - Serra FM 87,9\" \/>\n\t\t<meta name=\"twitter:description\" content=\"A Prefeitura de Afogados da Ingazeira criou um escrit\u00f3rio de elabora\u00e7\u00e3o de projetos com o objetivo de ampliar o potencial da gest\u00e3o na capta\u00e7\u00e3o de recursos para a\u00e7\u00f5es e obras em Afogados. O escrit\u00f3rio tamb\u00e9m vai contar com um \u201cbanco de ideias\u201d, com o objetivo de buscar a inova\u00e7\u00e3o na gest\u00e3o p\u00fablica e a otimiza\u00e7\u00e3o\" \/>\n\t\t<meta name=\"twitter:image\" content=\"https:\/\/serrafm879.com.br\/serrafm\/wp-content\/uploads\/2025\/02\/download-2.jpg\" \/>\n\t\t<script type=\"application\/ld+json\" class=\"aioseo-schema\">\n\t\t\t{\"@context\":\"https:\\\/\\\/schema.org\",\"@graph\":[{\"@type\":\"BlogPosting\",\"@id\":\"https:\\\/\\\/serrafm879.com.br\\\/serrafm\\\/2025\\\/02\\\/prefeitura-de-afogados-da-ingazeira-criou-escritorio-de-projetos-para-potencializar-captacao-de-recursos\\\/#blogposting\",\"name\":\"Prefeitura de Afogados da Ingazeira criou escrit\\u00f3rio de projetos para potencializar capta\\u00e7\\u00e3o de recursos - Serra FM 87,9\",\"headline\":\"Prefeitura de Afogados da Ingazeira criou escrit\\u00f3rio de projetos para potencializar capta\\u00e7\\u00e3o de recursos\",\"author\":{\"@id\":\"https:\\\/\\\/serrafm879.com.br\\\/serrafm\\\/author\\\/serrafm87\\\/#author\"},\"publisher\":{\"@id\":\"https:\\\/\\\/serrafm879.com.br\\\/serrafm\\\/#organization\"},\"image\":{\"@type\":\"ImageObject\",\"url\":\"https:\\\/\\\/serrafm879.com.br\\\/serrafm\\\/wp-content\\\/uploads\\\/2025\\\/02\\\/download-2.jpg\",\"width\":275,\"height\":183},\"datePublished\":\"2025-02-02T21:45:09-03:00\",\"dateModified\":\"2025-02-02T21:45:09-03:00\",\"inLanguage\":\"pt-BR\",\"mainEntityOfPage\":{\"@id\":\"https:\\\/\\\/serrafm879.com.br\\\/serrafm\\\/2025\\\/02\\\/prefeitura-de-afogados-da-ingazeira-criou-escritorio-de-projetos-para-potencializar-captacao-de-recursos\\\/#webpage\"},\"isPartOf\":{\"@id\":\"https:\\\/\\\/serrafm879.com.br\\\/serrafm\\\/2025\\\/02\\\/prefeitura-de-afogados-da-ingazeira-criou-escritorio-de-projetos-para-potencializar-captacao-de-recursos\\\/#webpage\"},\"articleSection\":\"Uncategorized\"},{\"@type\":\"BreadcrumbList\",\"@id\":\"https:\\\/\\\/serrafm879.com.br\\\/serrafm\\\/2025\\\/02\\\/prefeitura-de-afogados-da-ingazeira-criou-escritorio-de-projetos-para-potencializar-captacao-de-recursos\\\/#breadcrumblist\",\"itemListElement\":[{\"@type\":\"ListItem\",\"@id\":\"https:\\\/\\\/serrafm879.com.br\\\/serrafm#listItem\",\"position\":1,\"name\":\"Home\",\"item\":\"https:\\\/\\\/serrafm879.com.br\\\/serrafm\",\"nextItem\":{\"@type\":\"ListItem\",\"@id\":\"https:\\\/\\\/serrafm879.com.br\\\/serrafm\\\/categoria\\\/uncategorized\\\/#listItem\",\"name\":\"Uncategorized\"}},{\"@type\":\"ListItem\",\"@id\":\"https:\\\/\\\/serrafm879.com.br\\\/serrafm\\\/categoria\\\/uncategorized\\\/#listItem\",\"position\":2,\"name\":\"Uncategorized\",\"item\":\"https:\\\/\\\/serrafm879.com.br\\\/serrafm\\\/categoria\\\/uncategorized\\\/\",\"nextItem\":{\"@type\":\"ListItem\",\"@id\":\"https:\\\/\\\/serrafm879.com.br\\\/serrafm\\\/2025\\\/02\\\/prefeitura-de-afogados-da-ingazeira-criou-escritorio-de-projetos-para-potencializar-captacao-de-recursos\\\/#listItem\",\"name\":\"Prefeitura de Afogados da Ingazeira criou escrit\\u00f3rio de projetos para potencializar capta\\u00e7\\u00e3o de recursos\"},\"previousItem\":{\"@type\":\"ListItem\",\"@id\":\"https:\\\/\\\/serrafm879.com.br\\\/serrafm#listItem\",\"name\":\"Home\"}},{\"@type\":\"ListItem\",\"@id\":\"https:\\\/\\\/serrafm879.com.br\\\/serrafm\\\/2025\\\/02\\\/prefeitura-de-afogados-da-ingazeira-criou-escritorio-de-projetos-para-potencializar-captacao-de-recursos\\\/#listItem\",\"position\":3,\"name\":\"Prefeitura de Afogados da Ingazeira criou escrit\\u00f3rio de projetos para potencializar capta\\u00e7\\u00e3o de recursos\",\"previousItem\":{\"@type\":\"ListItem\",\"@id\":\"https:\\\/\\\/serrafm879.com.br\\\/serrafm\\\/categoria\\\/uncategorized\\\/#listItem\",\"name\":\"Uncategorized\"}}]},{\"@type\":\"Organization\",\"@id\":\"https:\\\/\\\/serrafm879.com.br\\\/serrafm\\\/#organization\",\"name\":\"Serra FM 87,9\",\"description\":\"O seu novo amor!\",\"url\":\"https:\\\/\\\/serrafm879.com.br\\\/serrafm\\\/\"},{\"@type\":\"Person\",\"@id\":\"https:\\\/\\\/serrafm879.com.br\\\/serrafm\\\/author\\\/serrafm87\\\/#author\",\"url\":\"https:\\\/\\\/serrafm879.com.br\\\/serrafm\\\/author\\\/serrafm87\\\/\",\"name\":\"serrafm87\",\"image\":{\"@type\":\"ImageObject\",\"@id\":\"https:\\\/\\\/serrafm879.com.br\\\/serrafm\\\/2025\\\/02\\\/prefeitura-de-afogados-da-ingazeira-criou-escritorio-de-projetos-para-potencializar-captacao-de-recursos\\\/#authorImage\",\"url\":\"https:\\\/\\\/secure.gravatar.com\\\/avatar\\\/a743233f1112d34f48bb3dc9559b76eb930bab8b27175856cba6362608736235?s=96&d=mm&r=g\",\"width\":96,\"height\":96,\"caption\":\"serrafm87\"}},{\"@type\":\"WebPage\",\"@id\":\"https:\\\/\\\/serrafm879.com.br\\\/serrafm\\\/2025\\\/02\\\/prefeitura-de-afogados-da-ingazeira-criou-escritorio-de-projetos-para-potencializar-captacao-de-recursos\\\/#webpage\",\"url\":\"https:\\\/\\\/serrafm879.com.br\\\/serrafm\\\/2025\\\/02\\\/prefeitura-de-afogados-da-ingazeira-criou-escritorio-de-projetos-para-potencializar-captacao-de-recursos\\\/\",\"name\":\"Prefeitura de Afogados da Ingazeira criou escrit\\u00f3rio de projetos para potencializar capta\\u00e7\\u00e3o de recursos - Serra FM 87,9\",\"description\":\"A Prefeitura de Afogados da Ingazeira criou um escrit\\u00f3rio de elabora\\u00e7\\u00e3o de projetos com o objetivo de ampliar o potencial da gest\\u00e3o na capta\\u00e7\\u00e3o de recursos para a\\u00e7\\u00f5es e obras em Afogados. O escrit\\u00f3rio tamb\\u00e9m vai contar com um \\u201cbanco de ideias\\u201d, com o objetivo de buscar a inova\\u00e7\\u00e3o na gest\\u00e3o p\\u00fablica e a otimiza\\u00e7\\u00e3o\",\"inLanguage\":\"pt-BR\",\"isPartOf\":{\"@id\":\"https:\\\/\\\/serrafm879.com.br\\\/serrafm\\\/#website\"},\"breadcrumb\":{\"@id\":\"https:\\\/\\\/serrafm879.com.br\\\/serrafm\\\/2025\\\/02\\\/prefeitura-de-afogados-da-ingazeira-criou-escritorio-de-projetos-para-potencializar-captacao-de-recursos\\\/#breadcrumblist\"},\"author\":{\"@id\":\"https:\\\/\\\/serrafm879.com.br\\\/serrafm\\\/author\\\/serrafm87\\\/#author\"},\"creator\":{\"@id\":\"https:\\\/\\\/serrafm879.com.br\\\/serrafm\\\/author\\\/serrafm87\\\/#author\"},\"image\":{\"@type\":\"ImageObject\",\"url\":\"https:\\\/\\\/serrafm879.com.br\\\/serrafm\\\/wp-content\\\/uploads\\\/2025\\\/02\\\/download-2.jpg\",\"@id\":\"https:\\\/\\\/serrafm879.com.br\\\/serrafm\\\/2025\\\/02\\\/prefeitura-de-afogados-da-ingazeira-criou-escritorio-de-projetos-para-potencializar-captacao-de-recursos\\\/#mainImage\",\"width\":275,\"height\":183},\"primaryImageOfPage\":{\"@id\":\"https:\\\/\\\/serrafm879.com.br\\\/serrafm\\\/2025\\\/02\\\/prefeitura-de-afogados-da-ingazeira-criou-escritorio-de-projetos-para-potencializar-captacao-de-recursos\\\/#mainImage\"},\"datePublished\":\"2025-02-02T21:45:09-03:00\",\"dateModified\":\"2025-02-02T21:45:09-03:00\"},{\"@type\":\"WebSite\",\"@id\":\"https:\\\/\\\/serrafm879.com.br\\\/serrafm\\\/#website\",\"url\":\"https:\\\/\\\/serrafm879.com.br\\\/serrafm\\\/\",\"name\":\"Serra FM 87,9\",\"description\":\"O seu novo amor!\",\"inLanguage\":\"pt-BR\",\"publisher\":{\"@id\":\"https:\\\/\\\/serrafm879.com.br\\\/serrafm\\\/#organization\"}}]}\n\t\t<\/script>\n\t\t<!-- All in One SEO -->\n\n","aioseo_head_json":{"title":"Prefeitura de Afogados da Ingazeira criou escrit\u00f3rio de projetos para potencializar capta\u00e7\u00e3o de recursos - Serra FM 87,9","description":"A Prefeitura de Afogados da Ingazeira criou um escrit\u00f3rio de elabora\u00e7\u00e3o de projetos com o objetivo de ampliar o potencial da gest\u00e3o na capta\u00e7\u00e3o de recursos para a\u00e7\u00f5es e obras em Afogados. O escrit\u00f3rio tamb\u00e9m vai contar com um \u201cbanco de ideias\u201d, com o objetivo de buscar a inova\u00e7\u00e3o na gest\u00e3o p\u00fablica e a otimiza\u00e7\u00e3o","canonical_url":"https:\/\/serrafm879.com.br\/serrafm\/2025\/02\/prefeitura-de-afogados-da-ingazeira-criou-escritorio-de-projetos-para-potencializar-captacao-de-recursos\/","robots":"max-image-preview:large","keywords":"","webmasterTools":{"miscellaneous":""},"schema":{"@context":"https:\/\/schema.org","@graph":[{"@type":"BlogPosting","@id":"https:\/\/serrafm879.com.br\/serrafm\/2025\/02\/prefeitura-de-afogados-da-ingazeira-criou-escritorio-de-projetos-para-potencializar-captacao-de-recursos\/#blogposting","name":"Prefeitura de Afogados da Ingazeira criou escrit\u00f3rio de projetos para potencializar capta\u00e7\u00e3o de recursos - Serra FM 87,9","headline":"Prefeitura de Afogados da Ingazeira criou escrit\u00f3rio de projetos para potencializar capta\u00e7\u00e3o de recursos","author":{"@id":"https:\/\/serrafm879.com.br\/serrafm\/author\/serrafm87\/#author"},"publisher":{"@id":"https:\/\/serrafm879.com.br\/serrafm\/#organization"},"image":{"@type":"ImageObject","url":"https:\/\/serrafm879.com.br\/serrafm\/wp-content\/uploads\/2025\/02\/download-2.jpg","width":275,"height":183},"datePublished":"2025-02-02T21:45:09-03:00","dateModified":"2025-02-02T21:45:09-03:00","inLanguage":"pt-BR","mainEntityOfPage":{"@id":"https:\/\/serrafm879.com.br\/serrafm\/2025\/02\/prefeitura-de-afogados-da-ingazeira-criou-escritorio-de-projetos-para-potencializar-captacao-de-recursos\/#webpage"},"isPartOf":{"@id":"https:\/\/serrafm879.com.br\/serrafm\/2025\/02\/prefeitura-de-afogados-da-ingazeira-criou-escritorio-de-projetos-para-potencializar-captacao-de-recursos\/#webpage"},"articleSection":"Uncategorized"},{"@type":"BreadcrumbList","@id":"https:\/\/serrafm879.com.br\/serrafm\/2025\/02\/prefeitura-de-afogados-da-ingazeira-criou-escritorio-de-projetos-para-potencializar-captacao-de-recursos\/#breadcrumblist","itemListElement":[{"@type":"ListItem","@id":"https:\/\/serrafm879.com.br\/serrafm#listItem","position":1,"name":"Home","item":"https:\/\/serrafm879.com.br\/serrafm","nextItem":{"@type":"ListItem","@id":"https:\/\/serrafm879.com.br\/serrafm\/categoria\/uncategorized\/#listItem","name":"Uncategorized"}},{"@type":"ListItem","@id":"https:\/\/serrafm879.com.br\/serrafm\/categoria\/uncategorized\/#listItem","position":2,"name":"Uncategorized","item":"https:\/\/serrafm879.com.br\/serrafm\/categoria\/uncategorized\/","nextItem":{"@type":"ListItem","@id":"https:\/\/serrafm879.com.br\/serrafm\/2025\/02\/prefeitura-de-afogados-da-ingazeira-criou-escritorio-de-projetos-para-potencializar-captacao-de-recursos\/#listItem","name":"Prefeitura de Afogados da Ingazeira criou escrit\u00f3rio de projetos para potencializar capta\u00e7\u00e3o de recursos"},"previousItem":{"@type":"ListItem","@id":"https:\/\/serrafm879.com.br\/serrafm#listItem","name":"Home"}},{"@type":"ListItem","@id":"https:\/\/serrafm879.com.br\/serrafm\/2025\/02\/prefeitura-de-afogados-da-ingazeira-criou-escritorio-de-projetos-para-potencializar-captacao-de-recursos\/#listItem","position":3,"name":"Prefeitura de Afogados da Ingazeira criou escrit\u00f3rio de projetos para potencializar capta\u00e7\u00e3o de recursos","previousItem":{"@type":"ListItem","@id":"https:\/\/serrafm879.com.br\/serrafm\/categoria\/uncategorized\/#listItem","name":"Uncategorized"}}]},{"@type":"Organization","@id":"https:\/\/serrafm879.com.br\/serrafm\/#organization","name":"Serra FM 87,9","description":"O seu novo amor!","url":"https:\/\/serrafm879.com.br\/serrafm\/"},{"@type":"Person","@id":"https:\/\/serrafm879.com.br\/serrafm\/author\/serrafm87\/#author","url":"https:\/\/serrafm879.com.br\/serrafm\/author\/serrafm87\/","name":"serrafm87","image":{"@type":"ImageObject","@id":"https:\/\/serrafm879.com.br\/serrafm\/2025\/02\/prefeitura-de-afogados-da-ingazeira-criou-escritorio-de-projetos-para-potencializar-captacao-de-recursos\/#authorImage","url":"https:\/\/secure.gravatar.com\/avatar\/a743233f1112d34f48bb3dc9559b76eb930bab8b27175856cba6362608736235?s=96&d=mm&r=g","width":96,"height":96,"caption":"serrafm87"}},{"@type":"WebPage","@id":"https:\/\/serrafm879.com.br\/serrafm\/2025\/02\/prefeitura-de-afogados-da-ingazeira-criou-escritorio-de-projetos-para-potencializar-captacao-de-recursos\/#webpage","url":"https:\/\/serrafm879.com.br\/serrafm\/2025\/02\/prefeitura-de-afogados-da-ingazeira-criou-escritorio-de-projetos-para-potencializar-captacao-de-recursos\/","name":"Prefeitura de Afogados da Ingazeira criou escrit\u00f3rio de projetos para potencializar capta\u00e7\u00e3o de recursos - Serra FM 87,9","description":"A Prefeitura de Afogados da Ingazeira criou um escrit\u00f3rio de elabora\u00e7\u00e3o de projetos com o objetivo de ampliar o potencial da gest\u00e3o na capta\u00e7\u00e3o de recursos para a\u00e7\u00f5es e obras em Afogados. O escrit\u00f3rio tamb\u00e9m vai contar com um \u201cbanco de ideias\u201d, com o objetivo de buscar a inova\u00e7\u00e3o na gest\u00e3o p\u00fablica e a otimiza\u00e7\u00e3o","inLanguage":"pt-BR","isPartOf":{"@id":"https:\/\/serrafm879.com.br\/serrafm\/#website"},"breadcrumb":{"@id":"https:\/\/serrafm879.com.br\/serrafm\/2025\/02\/prefeitura-de-afogados-da-ingazeira-criou-escritorio-de-projetos-para-potencializar-captacao-de-recursos\/#breadcrumblist"},"author":{"@id":"https:\/\/serrafm879.com.br\/serrafm\/author\/serrafm87\/#author"},"creator":{"@id":"https:\/\/serrafm879.com.br\/serrafm\/author\/serrafm87\/#author"},"image":{"@type":"ImageObject","url":"https:\/\/serrafm879.com.br\/serrafm\/wp-content\/uploads\/2025\/02\/download-2.jpg","@id":"https:\/\/serrafm879.com.br\/serrafm\/2025\/02\/prefeitura-de-afogados-da-ingazeira-criou-escritorio-de-projetos-para-potencializar-captacao-de-recursos\/#mainImage","width":275,"height":183},"primaryImageOfPage":{"@id":"https:\/\/serrafm879.com.br\/serrafm\/2025\/02\/prefeitura-de-afogados-da-ingazeira-criou-escritorio-de-projetos-para-potencializar-captacao-de-recursos\/#mainImage"},"datePublished":"2025-02-02T21:45:09-03:00","dateModified":"2025-02-02T21:45:09-03:00"},{"@type":"WebSite","@id":"https:\/\/serrafm879.com.br\/serrafm\/#website","url":"https:\/\/serrafm879.com.br\/serrafm\/","name":"Serra FM 87,9","description":"O seu novo amor!","inLanguage":"pt-BR","publisher":{"@id":"https:\/\/serrafm879.com.br\/serrafm\/#organization"}}]},"twitter:card":"summary_large_image","twitter:title":"Prefeitura de Afogados da Ingazeira criou escrit\u00f3rio de projetos para potencializar capta\u00e7\u00e3o de recursos - Serra FM 87,9","twitter:description":"A Prefeitura de Afogados da Ingazeira criou um escrit\u00f3rio de elabora\u00e7\u00e3o de projetos com o objetivo de ampliar o potencial da gest\u00e3o na capta\u00e7\u00e3o de recursos para a\u00e7\u00f5es e obras em Afogados. O escrit\u00f3rio tamb\u00e9m vai contar com um \u201cbanco de ideias\u201d, com o objetivo de buscar a inova\u00e7\u00e3o na gest\u00e3o p\u00fablica e a otimiza\u00e7\u00e3o","twitter:image":"https:\/\/serrafm879.com.br\/serrafm\/wp-content\/uploads\/2025\/02\/download-2.jpg"},"aioseo_meta_data":{"post_id":"20312","title":null,"description":null,"keywords":null,"keyphrases":null,"primary_term":null,"canonical_url":null,"og_title":null,"og_description":null,"og_object_type":"default","og_image_type":"default","og_image_custom_url":null,"og_image_custom_fields":null,"og_image_url":null,"og_image_width":null,"og_image_height":null,"og_video":null,"og_custom_url":null,"og_article_section":null,"og_article_tags":null,"twitter_use_og":false,"twitter_card":"default","twitter_image_type":"default","twitter_image_custom_url":null,"twitter_image_custom_fields":null,"twitter_image_url":null,"twitter_title":null,"twitter_description":null,"schema_type":"default","schema_type_options":null,"schema":{"blockGraphs":[],"customGraphs":[],"default":{"data":{"Article":[],"Course":[],"Dataset":[],"FAQPage":[],"Movie":[],"Person":[],"Product":[],"ProductReview":[],"Car":[],"Recipe":[],"Service":[],"SoftwareApplication":[],"WebPage":[]},"graphName":"","isEnabled":true},"graphs":[]},"pillar_content":false,"robots_default":true,"robots_noindex":false,"robots_noarchive":false,"robots_nosnippet":false,"robots_nofollow":false,"robots_noimageindex":false,"robots_noodp":false,"robots_notranslate":false,"robots_max_snippet":null,"robots_max_videopreview":null,"robots_max_imagepreview":"large","priority":null,"frequency":null,"local_seo":null,"limit_modified_date":false,"ai":null,"breadcrumb_settings":null,"seo_analyzer_scan_date":null,"created":"2026-07-21 13:26:19","updated":"2026-07-21 13:26:19"},"aioseo_breadcrumb":"<div class=\"aioseo-breadcrumbs\"><span class=\"aioseo-breadcrumb\">\n\t\t\t<a href=\"https:\/\/serrafm879.com.br\/serrafm\" title=\"Home\">Home<\/a>\n\t\t<\/span><span class=\"aioseo-breadcrumb-separator\">&raquo;<\/span><span class=\"aioseo-breadcrumb\">\n\t\t\t<a href=\"https:\/\/serrafm879.com.br\/serrafm\/categoria\/uncategorized\/\" title=\"Uncategorized\">Uncategorized<\/a>\n\t\t<\/span><span class=\"aioseo-breadcrumb-separator\">&raquo;<\/span><span class=\"aioseo-breadcrumb\">\n\t\t\tPrefeitura de Afogados da Ingazeira criou escrit\u00f3rio de projetos para potencializar capta\u00e7\u00e3o de recursos\n\t\t<\/span><\/div>","aioseo_breadcrumb_json":[{"label":"Home","link":"https:\/\/serrafm879.com.br\/serrafm"},{"label":"Uncategorized","link":"https:\/\/serrafm879.com.br\/serrafm\/categoria\/uncategorized\/"},{"label":"Prefeitura de Afogados da Ingazeira criou escrit\u00f3rio de projetos para potencializar capta\u00e7\u00e3o de recursos","link":"https:\/\/serrafm879.com.br\/serrafm\/2025\/02\/prefeitura-de-afogados-da-ingazeira-criou-escritorio-de-projetos-para-potencializar-captacao-de-recursos\/"}],"jetpack_publicize_connections":[],"jetpack_featured_media_url":"https:\/\/serrafm879.com.br\/serrafm\/wp-content\/uploads\/2025\/02\/download-2.jpg","jetpack_shortlink":"https:\/\/wp.me\/p7HyXg-5hC","jetpack_sharing_enabled":true,"_links":{"self":[{"href":"https:\/\/serrafm879.com.br\/serrafm\/wp-json\/wp\/v2\/posts\/20312","targetHints":{"allow":["GET"]}}],"collection":[{"href":"https:\/\/serrafm879.com.br\/serrafm\/wp-json\/wp\/v2\/posts"}],"about":[{"href":"https:\/\/serrafm879.com.br\/serrafm\/wp-json\/wp\/v2\/types\/post"}],"author":[{"embeddable":true,"href":"https:\/\/serrafm879.com.br\/serrafm\/wp-json\/wp\/v2\/users\/2"}],"replies":[{"embeddable":true,"href":"https:\/\/serrafm879.com.br\/serrafm\/wp-json\/wp\/v2\/comments?post=20312"}],"version-history":[{"count":1,"href":"https:\/\/serrafm879.com.br\/serrafm\/wp-json\/wp\/v2\/posts\/20312\/revisions"}],"predecessor-version":[{"id":20314,"href":"https:\/\/serrafm879.com.br\/serrafm\/wp-json\/wp\/v2\/posts\/20312\/revisions\/20314"}],"wp:featuredmedia":[{"embeddable":true,"href":"https:\/\/serrafm879.com.br\/serrafm\/wp-json\/wp\/v2\/media\/20313"}],"wp:attachment":[{"href":"https:\/\/serrafm879.com.br\/serrafm\/wp-json\/wp\/v2\/media?parent=20312"}],"wp:term":[{"taxonomy":"category","embeddable":true,"href":"https:\/\/serrafm879.com.br\/serrafm\/wp-json\/wp\/v2\/categories?post=20312"},{"taxonomy":"post_tag","embeddable":true,"href":"https:\/\/serrafm879.com.br\/serrafm\/wp-json\/wp\/v2\/tags?post=20312"}],"curies":[{"name":"wp","href":"https:\/\/api.w.org\/{rel}","templated":true}]}}