{"id":20318,"date":"2025-02-02T22:44:27","date_gmt":"2025-02-03T01:44:27","guid":{"rendered":"https:\/?p=20318"},"modified":"2025-02-02T22:44:57","modified_gmt":"2025-02-03T01:44:57","slug":"sempre-tive-sonho-de-governar-minas-gerais-diz-pacheco","status":"publish","type":"post","link":"https:\/\/serrafm879.com.br\/serrafm\/2025\/02\/sempre-tive-sonho-de-governar-minas-gerais-diz-pacheco\/","title":{"rendered":"Sempre tive sonho de governar Minas Gerais, diz Pacheco"},"content":{"rendered":"<p><strong>Da CNN Brasil<\/strong><\/p>\n<p>O presidente do Senado, Rodrigo Pacheco (PSD-MG), afirmou nesse s\u00e1bado (1\u00ba) que sempre teve o sonho de governar Minas Gerais, mas que o momento \u00e9 de concluir o ciclo \u00e0 frente da Casa Alta do Congresso.<\/p>\n<p>\u201cQuem diz que est\u00e1 na pol\u00edtica e n\u00e3o tem o sonho de governar o seu pr\u00f3prio estado, n\u00e3o est\u00e1 falando a verdade. \u00d3bvio que isso \u00e9 o desejo de qualquer pol\u00edtico e, evidentemente, \u00e9 um sonho que eu sempre tive de ser o governador do meu estado\u201d, disse Pacheco em entrevista a jornalistas.<\/p>\n<p>\u201cMas, se isso se concretizar\u00e1 ou n\u00e3o, depende de muitas vari\u00e1veis. E repito: o momento hoje n\u00e3o \u00e9 dessa reflex\u00e3o. Preciso concluir meu ciclo de quatro anos na Presid\u00eancia do Senado e faremos, na sequ\u00eancia, uma avalia\u00e7\u00e3o sobre o futuro\u201d, ponderou.<\/p>\n<p>Em seguida, o presidente do Senado declarou estar \u201cmuito honrado\u201d de o\u00a0<a href=\"https:\/\/www.cnnbrasil.com.br\/politica\/quero-que-pacheco-seja-governador-de-minas-gerais-diz-lula-a-jornalistas-2\/\" target=\"_blank\" rel=\"noopener\">presidente Luiz In\u00e1cio Lula da Silva (PT) ter dito, na quinta-feira (30), que deseja ver Pacheco no governo de Minas Gerais<\/a>. Como a\u00a0<strong>CNN<\/strong>\u00a0mostrou, o atual presidente do Senado tamb\u00e9m deixar\u00e1 o cargo\u00a0<a href=\"https:\/\/www.cnnbrasil.com.br\/politica\/pacheco-deixa-presidencia-do-senado-proximo-de-lula-e-cotado-para-ministro\/\" target=\"_blank\" rel=\"noopener\">cotado para assumir um minist\u00e9rio na reforma em an\u00e1lise pelo Planalto<\/a>.<\/p>\n<p>\u201cFico muito honrado de um presidente da Rep\u00fablica, como o presidente Lula, que \u00e9 um grande pol\u00edtico, um ser humano extraordin\u00e1rio, poder ter este desejo, esta vontade, mais do que isso, externar a voc\u00eas da imprensa da forma como fez. Isso \u00e9 motivo de muita alegria e de muita honra para mim. Recebo essa mensagem do presidente Lula com sentimento profundo de honra e responsabilidade\u201d, finalizou Pacheco.<\/p>\n<p>Foi a \u00faltima fala de Pacheco \u00e0 imprensa como presidente da Casa. Ele deixar\u00e1 o cargo nesta manh\u00e3 ap\u00f3s a elei\u00e7\u00e3o da nova Mesa Diretora. O favorito para assumir a presid\u00eancia \u00e9 Davi Alcolumbre (Uni\u00e3o-AP), que tem o apoio de Pacheco e de quase todas as bancadas.<\/p>\n<p>Tamb\u00e9m concorrem ao cargo os senadores Eduardo Gir\u00e3o (Novo-CE), Marcos Pontes (PL-SP), Marcos do Val (Podemos-ES) e Soraya Thronicke (Podemos-MS).<\/p>\n<p>Pacheco deixa a presid\u00eancia do Senado ap\u00f3s quatro anos. Chegou ao cargo com o apoio de Alcolumbre e se aproximou de Lula nos \u00faltimos anos. Na entrevista, desta manh\u00e3 Pacheco fez agradecimentos aos senadores, servidores, l\u00edderes e aos demais Poderes. Resumiu seu mandato em uma palavra: \u201cdemocracia\u201d.<\/p>\n","protected":false},"excerpt":{"rendered":"<p>Da CNN Brasil O presidente do Senado, Rodrigo Pacheco (PSD-MG), afirmou nesse s\u00e1bado (1\u00ba) que sempre teve o sonho de governar Minas Gerais, mas que o momento \u00e9 de concluir o ciclo \u00e0 frente da Casa Alta do Congresso. \u201cQuem diz que est\u00e1 na pol\u00edtica e n\u00e3o tem o sonho de governar o seu pr\u00f3prio estado, n\u00e3o est\u00e1 falando a verdade. \u00d3bvio que isso \u00e9 o desejo de qualquer pol\u00edtico e, evidentemente, \u00e9 um sonho que eu sempre tive de ser o governador do meu estado\u201d, disse Pacheco em entrevista a jornalistas. \u201cMas, se isso se concretizar\u00e1 ou n\u00e3o, depende [&hellip;]<\/p>\n","protected":false},"author":2,"featured_media":20319,"comment_status":"open","ping_status":"open","sticky":false,"template":"","format":"standard","meta":{"_jetpack_newsletter_access":"","_jetpack_dont_email_post_to_subs":false,"_jetpack_newsletter_tier_id":0,"_jetpack_memberships_contains_paywalled_content":false,"_jetpack_feature_clip_id":0,"_jetpack_memberships_contains_paid_content":false,"footnotes":"","jetpack_publicize_message":"","jetpack_publicize_feature_enabled":true,"jetpack_social_post_already_shared":true,"jetpack_social_options":{"image_generator_settings":{"template":"highway","default_image_id":0,"font":"","enabled":false},"version":2},"jetpack_post_was_ever_published":false},"categories":[144],"tags":[],"class_list":["post-20318","post","type-post","status-publish","format-standard","has-post-thumbnail","hentry","category-politica"],"aioseo_notices":[],"aioseo_head":"\n\t\t<!-- All in One SEO 4.9.10 - aioseo.com -->\n\t<meta name=\"description\" content=\"Da CNN Brasil O presidente do Senado, Rodrigo Pacheco (PSD-MG), afirmou nesse s\u00e1bado (1\u00ba) que sempre teve o sonho de governar Minas Gerais, mas que o momento \u00e9 de concluir o ciclo \u00e0 frente da Casa Alta do Congresso. \u201cQuem diz que est\u00e1 na pol\u00edtica e n\u00e3o tem o sonho de governar o seu pr\u00f3prio\" \/>\n\t<meta name=\"robots\" content=\"max-image-preview:large\" \/>\n\t<meta name=\"author\" content=\"serrafm87\"\/>\n\t<link rel=\"canonical\" href=\"https:\/\/serrafm879.com.br\/serrafm\/2025\/02\/sempre-tive-sonho-de-governar-minas-gerais-diz-pacheco\/\" \/>\n\t<meta name=\"generator\" content=\"All in One SEO (AIOSEO) 4.9.10\" \/>\n\t\t<meta name=\"twitter:card\" content=\"summary_large_image\" \/>\n\t\t<meta name=\"twitter:title\" content=\"Sempre tive sonho de governar Minas Gerais, diz Pacheco - Serra FM 87,9\" \/>\n\t\t<meta name=\"twitter:description\" content=\"Da CNN Brasil O presidente do Senado, Rodrigo Pacheco (PSD-MG), afirmou nesse s\u00e1bado (1\u00ba) que sempre teve o sonho de governar Minas Gerais, mas que o momento \u00e9 de concluir o ciclo \u00e0 frente da Casa Alta do Congresso. \u201cQuem diz que est\u00e1 na pol\u00edtica e n\u00e3o tem o sonho de governar o seu pr\u00f3prio\" \/>\n\t\t<meta name=\"twitter:image\" content=\"https:\/\/serrafm879.com.br\/serrafm\/wp-content\/uploads\/2025\/02\/Captura-de-tela-2025-02-02-224221.png\" \/>\n\t\t<script type=\"application\/ld+json\" class=\"aioseo-schema\">\n\t\t\t{\"@context\":\"https:\\\/\\\/schema.org\",\"@graph\":[{\"@type\":\"BlogPosting\",\"@id\":\"https:\\\/\\\/serrafm879.com.br\\\/serrafm\\\/2025\\\/02\\\/sempre-tive-sonho-de-governar-minas-gerais-diz-pacheco\\\/#blogposting\",\"name\":\"Sempre tive sonho de governar Minas Gerais, diz Pacheco - Serra FM 87,9\",\"headline\":\"Sempre tive sonho de governar Minas Gerais, diz Pacheco\",\"author\":{\"@id\":\"https:\\\/\\\/serrafm879.com.br\\\/serrafm\\\/author\\\/serrafm87\\\/#author\"},\"publisher\":{\"@id\":\"https:\\\/\\\/serrafm879.com.br\\\/serrafm\\\/#organization\"},\"image\":{\"@type\":\"ImageObject\",\"url\":\"https:\\\/\\\/serrafm879.com.br\\\/serrafm\\\/wp-content\\\/uploads\\\/2025\\\/02\\\/Captura-de-tela-2025-02-02-224221.png\",\"width\":483,\"height\":305},\"datePublished\":\"2025-02-02T22:44:27-03:00\",\"dateModified\":\"2025-02-02T22:44:57-03:00\",\"inLanguage\":\"pt-BR\",\"mainEntityOfPage\":{\"@id\":\"https:\\\/\\\/serrafm879.com.br\\\/serrafm\\\/2025\\\/02\\\/sempre-tive-sonho-de-governar-minas-gerais-diz-pacheco\\\/#webpage\"},\"isPartOf\":{\"@id\":\"https:\\\/\\\/serrafm879.com.br\\\/serrafm\\\/2025\\\/02\\\/sempre-tive-sonho-de-governar-minas-gerais-diz-pacheco\\\/#webpage\"},\"articleSection\":\"Pol\\u00edtica\"},{\"@type\":\"BreadcrumbList\",\"@id\":\"https:\\\/\\\/serrafm879.com.br\\\/serrafm\\\/2025\\\/02\\\/sempre-tive-sonho-de-governar-minas-gerais-diz-pacheco\\\/#breadcrumblist\",\"itemListElement\":[{\"@type\":\"ListItem\",\"@id\":\"https:\\\/\\\/serrafm879.com.br\\\/serrafm#listItem\",\"position\":1,\"name\":\"Home\",\"item\":\"https:\\\/\\\/serrafm879.com.br\\\/serrafm\",\"nextItem\":{\"@type\":\"ListItem\",\"@id\":\"https:\\\/\\\/serrafm879.com.br\\\/serrafm\\\/categoria\\\/politica\\\/#listItem\",\"name\":\"Pol\\u00edtica\"}},{\"@type\":\"ListItem\",\"@id\":\"https:\\\/\\\/serrafm879.com.br\\\/serrafm\\\/categoria\\\/politica\\\/#listItem\",\"position\":2,\"name\":\"Pol\\u00edtica\",\"item\":\"https:\\\/\\\/serrafm879.com.br\\\/serrafm\\\/categoria\\\/politica\\\/\",\"nextItem\":{\"@type\":\"ListItem\",\"@id\":\"https:\\\/\\\/serrafm879.com.br\\\/serrafm\\\/2025\\\/02\\\/sempre-tive-sonho-de-governar-minas-gerais-diz-pacheco\\\/#listItem\",\"name\":\"Sempre tive sonho de governar Minas Gerais, diz Pacheco\"},\"previousItem\":{\"@type\":\"ListItem\",\"@id\":\"https:\\\/\\\/serrafm879.com.br\\\/serrafm#listItem\",\"name\":\"Home\"}},{\"@type\":\"ListItem\",\"@id\":\"https:\\\/\\\/serrafm879.com.br\\\/serrafm\\\/2025\\\/02\\\/sempre-tive-sonho-de-governar-minas-gerais-diz-pacheco\\\/#listItem\",\"position\":3,\"name\":\"Sempre tive sonho de governar Minas Gerais, diz Pacheco\",\"previousItem\":{\"@type\":\"ListItem\",\"@id\":\"https:\\\/\\\/serrafm879.com.br\\\/serrafm\\\/categoria\\\/politica\\\/#listItem\",\"name\":\"Pol\\u00edtica\"}}]},{\"@type\":\"Organization\",\"@id\":\"https:\\\/\\\/serrafm879.com.br\\\/serrafm\\\/#organization\",\"name\":\"Serra FM 87,9\",\"description\":\"O seu novo amor!\",\"url\":\"https:\\\/\\\/serrafm879.com.br\\\/serrafm\\\/\"},{\"@type\":\"Person\",\"@id\":\"https:\\\/\\\/serrafm879.com.br\\\/serrafm\\\/author\\\/serrafm87\\\/#author\",\"url\":\"https:\\\/\\\/serrafm879.com.br\\\/serrafm\\\/author\\\/serrafm87\\\/\",\"name\":\"serrafm87\",\"image\":{\"@type\":\"ImageObject\",\"@id\":\"https:\\\/\\\/serrafm879.com.br\\\/serrafm\\\/2025\\\/02\\\/sempre-tive-sonho-de-governar-minas-gerais-diz-pacheco\\\/#authorImage\",\"url\":\"https:\\\/\\\/secure.gravatar.com\\\/avatar\\\/a743233f1112d34f48bb3dc9559b76eb930bab8b27175856cba6362608736235?s=96&d=mm&r=g\",\"width\":96,\"height\":96,\"caption\":\"serrafm87\"}},{\"@type\":\"WebPage\",\"@id\":\"https:\\\/\\\/serrafm879.com.br\\\/serrafm\\\/2025\\\/02\\\/sempre-tive-sonho-de-governar-minas-gerais-diz-pacheco\\\/#webpage\",\"url\":\"https:\\\/\\\/serrafm879.com.br\\\/serrafm\\\/2025\\\/02\\\/sempre-tive-sonho-de-governar-minas-gerais-diz-pacheco\\\/\",\"name\":\"Sempre tive sonho de governar Minas Gerais, diz Pacheco - Serra FM 87,9\",\"description\":\"Da CNN Brasil O presidente do Senado, Rodrigo Pacheco (PSD-MG), afirmou nesse s\\u00e1bado (1\\u00ba) que sempre teve o sonho de governar Minas Gerais, mas que o momento \\u00e9 de concluir o ciclo \\u00e0 frente da Casa Alta do Congresso. \\u201cQuem diz que est\\u00e1 na pol\\u00edtica e n\\u00e3o tem o sonho de governar o seu pr\\u00f3prio\",\"inLanguage\":\"pt-BR\",\"isPartOf\":{\"@id\":\"https:\\\/\\\/serrafm879.com.br\\\/serrafm\\\/#website\"},\"breadcrumb\":{\"@id\":\"https:\\\/\\\/serrafm879.com.br\\\/serrafm\\\/2025\\\/02\\\/sempre-tive-sonho-de-governar-minas-gerais-diz-pacheco\\\/#breadcrumblist\"},\"author\":{\"@id\":\"https:\\\/\\\/serrafm879.com.br\\\/serrafm\\\/author\\\/serrafm87\\\/#author\"},\"creator\":{\"@id\":\"https:\\\/\\\/serrafm879.com.br\\\/serrafm\\\/author\\\/serrafm87\\\/#author\"},\"image\":{\"@type\":\"ImageObject\",\"url\":\"https:\\\/\\\/serrafm879.com.br\\\/serrafm\\\/wp-content\\\/uploads\\\/2025\\\/02\\\/Captura-de-tela-2025-02-02-224221.png\",\"@id\":\"https:\\\/\\\/serrafm879.com.br\\\/serrafm\\\/2025\\\/02\\\/sempre-tive-sonho-de-governar-minas-gerais-diz-pacheco\\\/#mainImage\",\"width\":483,\"height\":305},\"primaryImageOfPage\":{\"@id\":\"https:\\\/\\\/serrafm879.com.br\\\/serrafm\\\/2025\\\/02\\\/sempre-tive-sonho-de-governar-minas-gerais-diz-pacheco\\\/#mainImage\"},\"datePublished\":\"2025-02-02T22:44:27-03:00\",\"dateModified\":\"2025-02-02T22:44:57-03:00\"},{\"@type\":\"WebSite\",\"@id\":\"https:\\\/\\\/serrafm879.com.br\\\/serrafm\\\/#website\",\"url\":\"https:\\\/\\\/serrafm879.com.br\\\/serrafm\\\/\",\"name\":\"Serra FM 87,9\",\"description\":\"O seu novo amor!\",\"inLanguage\":\"pt-BR\",\"publisher\":{\"@id\":\"https:\\\/\\\/serrafm879.com.br\\\/serrafm\\\/#organization\"}}]}\n\t\t<\/script>\n\t\t<!-- All in One SEO -->\n\n","aioseo_head_json":{"title":"Sempre tive sonho de governar Minas Gerais, diz Pacheco - Serra FM 87,9","description":"Da CNN Brasil O presidente do Senado, Rodrigo Pacheco (PSD-MG), afirmou nesse s\u00e1bado (1\u00ba) que sempre teve o sonho de governar Minas Gerais, mas que o momento \u00e9 de concluir o ciclo \u00e0 frente da Casa Alta do Congresso. \u201cQuem diz que est\u00e1 na pol\u00edtica e n\u00e3o tem o sonho de governar o seu pr\u00f3prio","canonical_url":"https:\/\/serrafm879.com.br\/serrafm\/2025\/02\/sempre-tive-sonho-de-governar-minas-gerais-diz-pacheco\/","robots":"max-image-preview:large","keywords":"","webmasterTools":{"miscellaneous":""},"schema":{"@context":"https:\/\/schema.org","@graph":[{"@type":"BlogPosting","@id":"https:\/\/serrafm879.com.br\/serrafm\/2025\/02\/sempre-tive-sonho-de-governar-minas-gerais-diz-pacheco\/#blogposting","name":"Sempre tive sonho de governar Minas Gerais, diz Pacheco - Serra FM 87,9","headline":"Sempre tive sonho de governar Minas Gerais, diz Pacheco","author":{"@id":"https:\/\/serrafm879.com.br\/serrafm\/author\/serrafm87\/#author"},"publisher":{"@id":"https:\/\/serrafm879.com.br\/serrafm\/#organization"},"image":{"@type":"ImageObject","url":"https:\/\/serrafm879.com.br\/serrafm\/wp-content\/uploads\/2025\/02\/Captura-de-tela-2025-02-02-224221.png","width":483,"height":305},"datePublished":"2025-02-02T22:44:27-03:00","dateModified":"2025-02-02T22:44:57-03:00","inLanguage":"pt-BR","mainEntityOfPage":{"@id":"https:\/\/serrafm879.com.br\/serrafm\/2025\/02\/sempre-tive-sonho-de-governar-minas-gerais-diz-pacheco\/#webpage"},"isPartOf":{"@id":"https:\/\/serrafm879.com.br\/serrafm\/2025\/02\/sempre-tive-sonho-de-governar-minas-gerais-diz-pacheco\/#webpage"},"articleSection":"Pol\u00edtica"},{"@type":"BreadcrumbList","@id":"https:\/\/serrafm879.com.br\/serrafm\/2025\/02\/sempre-tive-sonho-de-governar-minas-gerais-diz-pacheco\/#breadcrumblist","itemListElement":[{"@type":"ListItem","@id":"https:\/\/serrafm879.com.br\/serrafm#listItem","position":1,"name":"Home","item":"https:\/\/serrafm879.com.br\/serrafm","nextItem":{"@type":"ListItem","@id":"https:\/\/serrafm879.com.br\/serrafm\/categoria\/politica\/#listItem","name":"Pol\u00edtica"}},{"@type":"ListItem","@id":"https:\/\/serrafm879.com.br\/serrafm\/categoria\/politica\/#listItem","position":2,"name":"Pol\u00edtica","item":"https:\/\/serrafm879.com.br\/serrafm\/categoria\/politica\/","nextItem":{"@type":"ListItem","@id":"https:\/\/serrafm879.com.br\/serrafm\/2025\/02\/sempre-tive-sonho-de-governar-minas-gerais-diz-pacheco\/#listItem","name":"Sempre tive sonho de governar Minas Gerais, diz Pacheco"},"previousItem":{"@type":"ListItem","@id":"https:\/\/serrafm879.com.br\/serrafm#listItem","name":"Home"}},{"@type":"ListItem","@id":"https:\/\/serrafm879.com.br\/serrafm\/2025\/02\/sempre-tive-sonho-de-governar-minas-gerais-diz-pacheco\/#listItem","position":3,"name":"Sempre tive sonho de governar Minas Gerais, diz Pacheco","previousItem":{"@type":"ListItem","@id":"https:\/\/serrafm879.com.br\/serrafm\/categoria\/politica\/#listItem","name":"Pol\u00edtica"}}]},{"@type":"Organization","@id":"https:\/\/serrafm879.com.br\/serrafm\/#organization","name":"Serra FM 87,9","description":"O seu novo amor!","url":"https:\/\/serrafm879.com.br\/serrafm\/"},{"@type":"Person","@id":"https:\/\/serrafm879.com.br\/serrafm\/author\/serrafm87\/#author","url":"https:\/\/serrafm879.com.br\/serrafm\/author\/serrafm87\/","name":"serrafm87","image":{"@type":"ImageObject","@id":"https:\/\/serrafm879.com.br\/serrafm\/2025\/02\/sempre-tive-sonho-de-governar-minas-gerais-diz-pacheco\/#authorImage","url":"https:\/\/secure.gravatar.com\/avatar\/a743233f1112d34f48bb3dc9559b76eb930bab8b27175856cba6362608736235?s=96&d=mm&r=g","width":96,"height":96,"caption":"serrafm87"}},{"@type":"WebPage","@id":"https:\/\/serrafm879.com.br\/serrafm\/2025\/02\/sempre-tive-sonho-de-governar-minas-gerais-diz-pacheco\/#webpage","url":"https:\/\/serrafm879.com.br\/serrafm\/2025\/02\/sempre-tive-sonho-de-governar-minas-gerais-diz-pacheco\/","name":"Sempre tive sonho de governar Minas Gerais, diz Pacheco - Serra FM 87,9","description":"Da CNN Brasil O presidente do Senado, Rodrigo Pacheco (PSD-MG), afirmou nesse s\u00e1bado (1\u00ba) que sempre teve o sonho de governar Minas Gerais, mas que o momento \u00e9 de concluir o ciclo \u00e0 frente da Casa Alta do Congresso. \u201cQuem diz que est\u00e1 na pol\u00edtica e n\u00e3o tem o sonho de governar o seu pr\u00f3prio","inLanguage":"pt-BR","isPartOf":{"@id":"https:\/\/serrafm879.com.br\/serrafm\/#website"},"breadcrumb":{"@id":"https:\/\/serrafm879.com.br\/serrafm\/2025\/02\/sempre-tive-sonho-de-governar-minas-gerais-diz-pacheco\/#breadcrumblist"},"author":{"@id":"https:\/\/serrafm879.com.br\/serrafm\/author\/serrafm87\/#author"},"creator":{"@id":"https:\/\/serrafm879.com.br\/serrafm\/author\/serrafm87\/#author"},"image":{"@type":"ImageObject","url":"https:\/\/serrafm879.com.br\/serrafm\/wp-content\/uploads\/2025\/02\/Captura-de-tela-2025-02-02-224221.png","@id":"https:\/\/serrafm879.com.br\/serrafm\/2025\/02\/sempre-tive-sonho-de-governar-minas-gerais-diz-pacheco\/#mainImage","width":483,"height":305},"primaryImageOfPage":{"@id":"https:\/\/serrafm879.com.br\/serrafm\/2025\/02\/sempre-tive-sonho-de-governar-minas-gerais-diz-pacheco\/#mainImage"},"datePublished":"2025-02-02T22:44:27-03:00","dateModified":"2025-02-02T22:44:57-03:00"},{"@type":"WebSite","@id":"https:\/\/serrafm879.com.br\/serrafm\/#website","url":"https:\/\/serrafm879.com.br\/serrafm\/","name":"Serra FM 87,9","description":"O seu novo amor!","inLanguage":"pt-BR","publisher":{"@id":"https:\/\/serrafm879.com.br\/serrafm\/#organization"}}]},"twitter:card":"summary_large_image","twitter:title":"Sempre tive sonho de governar Minas Gerais, diz Pacheco - Serra FM 87,9","twitter:description":"Da CNN Brasil O presidente do Senado, Rodrigo Pacheco (PSD-MG), afirmou nesse s\u00e1bado (1\u00ba) que sempre teve o sonho de governar Minas Gerais, mas que o momento \u00e9 de concluir o ciclo \u00e0 frente da Casa Alta do Congresso. \u201cQuem diz que est\u00e1 na pol\u00edtica e n\u00e3o tem o sonho de governar o seu pr\u00f3prio","twitter:image":"https:\/\/serrafm879.com.br\/serrafm\/wp-content\/uploads\/2025\/02\/Captura-de-tela-2025-02-02-224221.png"},"aioseo_meta_data":{"post_id":"20318","title":null,"description":null,"keywords":null,"keyphrases":null,"primary_term":null,"canonical_url":null,"og_title":null,"og_description":null,"og_object_type":"default","og_image_type":"default","og_image_custom_url":null,"og_image_custom_fields":null,"og_image_url":null,"og_image_width":null,"og_image_height":null,"og_video":null,"og_custom_url":null,"og_article_section":null,"og_article_tags":null,"twitter_use_og":false,"twitter_card":"default","twitter_image_type":"default","twitter_image_custom_url":null,"twitter_image_custom_fields":null,"twitter_image_url":null,"twitter_title":null,"twitter_description":null,"schema_type":"default","schema_type_options":null,"schema":{"blockGraphs":[],"customGraphs":[],"default":{"data":{"Article":[],"Course":[],"Dataset":[],"FAQPage":[],"Movie":[],"Person":[],"Product":[],"ProductReview":[],"Car":[],"Recipe":[],"Service":[],"SoftwareApplication":[],"WebPage":[]},"graphName":"","isEnabled":true},"graphs":[]},"pillar_content":false,"robots_default":true,"robots_noindex":false,"robots_noarchive":false,"robots_nosnippet":false,"robots_nofollow":false,"robots_noimageindex":false,"robots_noodp":false,"robots_notranslate":false,"robots_max_snippet":null,"robots_max_videopreview":null,"robots_max_imagepreview":"large","priority":null,"frequency":null,"local_seo":null,"limit_modified_date":false,"ai":null,"breadcrumb_settings":null,"seo_analyzer_scan_date":null,"created":"2026-07-21 13:26:19","updated":"2026-07-21 13:26:19"},"aioseo_breadcrumb":"<div class=\"aioseo-breadcrumbs\"><span class=\"aioseo-breadcrumb\">\n\t\t\t<a href=\"https:\/\/serrafm879.com.br\/serrafm\" title=\"Home\">Home<\/a>\n\t\t<\/span><span class=\"aioseo-breadcrumb-separator\">&raquo;<\/span><span class=\"aioseo-breadcrumb\">\n\t\t\t<a href=\"https:\/\/serrafm879.com.br\/serrafm\/categoria\/politica\/\" title=\"Pol\u00edtica\">Pol\u00edtica<\/a>\n\t\t<\/span><span class=\"aioseo-breadcrumb-separator\">&raquo;<\/span><span class=\"aioseo-breadcrumb\">\n\t\t\tSempre tive sonho de governar Minas Gerais, diz Pacheco\n\t\t<\/span><\/div>","aioseo_breadcrumb_json":[{"label":"Home","link":"https:\/\/serrafm879.com.br\/serrafm"},{"label":"Pol\u00edtica","link":"https:\/\/serrafm879.com.br\/serrafm\/categoria\/politica\/"},{"label":"Sempre tive sonho de governar Minas Gerais, diz Pacheco","link":"https:\/\/serrafm879.com.br\/serrafm\/2025\/02\/sempre-tive-sonho-de-governar-minas-gerais-diz-pacheco\/"}],"jetpack_publicize_connections":[],"jetpack_featured_media_url":"https:\/\/serrafm879.com.br\/serrafm\/wp-content\/uploads\/2025\/02\/Captura-de-tela-2025-02-02-224221.png","jetpack_shortlink":"https:\/\/wp.me\/p7HyXg-5hI","jetpack_sharing_enabled":true,"_links":{"self":[{"href":"https:\/\/serrafm879.com.br\/serrafm\/wp-json\/wp\/v2\/posts\/20318","targetHints":{"allow":["GET"]}}],"collection":[{"href":"https:\/\/serrafm879.com.br\/serrafm\/wp-json\/wp\/v2\/posts"}],"about":[{"href":"https:\/\/serrafm879.com.br\/serrafm\/wp-json\/wp\/v2\/types\/post"}],"author":[{"embeddable":true,"href":"https:\/\/serrafm879.com.br\/serrafm\/wp-json\/wp\/v2\/users\/2"}],"replies":[{"embeddable":true,"href":"https:\/\/serrafm879.com.br\/serrafm\/wp-json\/wp\/v2\/comments?post=20318"}],"version-history":[{"count":2,"href":"https:\/\/serrafm879.com.br\/serrafm\/wp-json\/wp\/v2\/posts\/20318\/revisions"}],"predecessor-version":[{"id":20321,"href":"https:\/\/serrafm879.com.br\/serrafm\/wp-json\/wp\/v2\/posts\/20318\/revisions\/20321"}],"wp:featuredmedia":[{"embeddable":true,"href":"https:\/\/serrafm879.com.br\/serrafm\/wp-json\/wp\/v2\/media\/20319"}],"wp:attachment":[{"href":"https:\/\/serrafm879.com.br\/serrafm\/wp-json\/wp\/v2\/media?parent=20318"}],"wp:term":[{"taxonomy":"category","embeddable":true,"href":"https:\/\/serrafm879.com.br\/serrafm\/wp-json\/wp\/v2\/categories?post=20318"},{"taxonomy":"post_tag","embeddable":true,"href":"https:\/\/serrafm879.com.br\/serrafm\/wp-json\/wp\/v2\/tags?post=20318"}],"curies":[{"name":"wp","href":"https:\/\/api.w.org\/{rel}","templated":true}]}}