{"id":20391,"date":"2025-02-06T12:15:43","date_gmt":"2025-02-06T15:15:43","guid":{"rendered":"https:\/?p=20391"},"modified":"2025-02-06T12:15:43","modified_gmt":"2025-02-06T15:15:43","slug":"bruxa-solta-nautico-chega-a-sete-lesionados-em-inicio-de-temporada","status":"publish","type":"post","link":"https:\/\/serrafm879.com.br\/serrafm\/2025\/02\/bruxa-solta-nautico-chega-a-sete-lesionados-em-inicio-de-temporada\/","title":{"rendered":"Bruxa solta? N\u00e1utico chega a sete lesionados em in\u00edcio de temporada"},"content":{"rendered":"<p>A cena de Rayan ca\u00eddo no gramado do Batist\u00e3o, \u00e0 espera de atendimento m\u00e9dico, n\u00e3o \u00e9 l\u00e1 uma novidade no N\u00e1utico. Afinal, a contus\u00e3o do jogador, que sentiu desconforto na posterior da coxa direita, \u00e9 a s\u00e9tima de um atleta no clube s\u00f3 neste in\u00edcio de temporada. Um leque de problemas que, pouco a pouco, vai aumentando para o t\u00e9cnico Marquinhos Santos solucionar.<\/p>\n<div id=\"chunk-b0t8\">\n<div class=\"mc-column content-text active-extra-styles \" data-block-type=\"unstyled\" data-block-weight=\"37\" data-block-id=\"8\">\n<p class=\" content-text__container \" data-track-category=\"Link no Texto\" data-track-links=\"\" data-mrf-recirculation=\"Artigo - Link no Texto\"><span class=\"highlight highlighted\">Como foi o caso do prata da casa Felipe Santana, substituto de Rayan. Ainda n\u00e3o se sabe qual o grau da les\u00e3o do zagueiro, mas o atleta ser\u00e1 reavaliado e, caso necess\u00e1rio, submetido a exames m\u00e9dicos.<\/span><\/p>\n<\/div>\n<\/div>\n<div id=\"chunk-ak0jf\">\n<div class=\"mc-column content-text active-extra-styles \" data-block-type=\"unstyled\" data-block-weight=\"38\" data-block-id=\"9\">\n<p class=\" content-text__container \" data-track-category=\"Link no Texto\" data-track-links=\"\" data-mrf-recirculation=\"Artigo - Link no Texto\">Antes da contus\u00e3o do defensor,\u00a0<a class=\"\" href=\"https:\/\/ge.globo.com\/pe\/futebol\/times\/nautico\/noticia\/2025\/02\/04\/fagner-alemao-tem-lesao-de-ligamento-do-joelho-confirmada-e-e-mais-um-desfalque-para-o-nautico.ghtml\" data-mrf-link=\"https:\/\/ge.globo.com\/pe\/futebol\/times\/nautico\/noticia\/2025\/02\/04\/fagner-alemao-tem-lesao-de-ligamento-do-joelho-confirmada-e-e-mais-um-desfalque-para-o-nautico.ghtml\">Fagner Alem\u00e3o havia rompido os ligamentos do joelho<\/a>, raz\u00e3o pela qual perder\u00e1 a temporada. Ele se junta aos volantes Renato Alves e Sousa, ao lateral-esquerdo Luiz Paulo e ao centroavante Paulo S\u00e9rgio.<\/p>\n<div id=\"chunk-7q530\">\n<div class=\"mc-column content-text active-extra-styles \" data-block-type=\"unstyled\" data-block-weight=\"46\" data-block-id=\"12\">\n<p class=\" content-text__container \" data-track-category=\"Link no Texto\" data-track-links=\"\" data-mrf-recirculation=\"Artigo - Link no Texto\">Desfalques sequenciais &#8211; e em sua maioria de jogadores titulares &#8211; muito na conta do calend\u00e1rio de jogos do time, justificou o meia Geovane. Ao repercutir a derrota para o Confian\u00e7a,\u00a0<a class=\"\" href=\"https:\/\/ge.globo.com\/pe\/futebol\/times\/nautico\/noticia\/2025\/02\/05\/geovane-cita-calendario-de-jogos-como-influencia-para-queda-de-desempenho-do-nautico.ghtml\" data-mrf-link=\"https:\/\/ge.globo.com\/pe\/futebol\/times\/nautico\/noticia\/2025\/02\/05\/geovane-cita-calendario-de-jogos-como-influencia-para-queda-de-desempenho-do-nautico.ghtml\">o camisa 10 lamentou o cansa\u00e7o f\u00edsico como uma das raz\u00f5es para as les\u00f5es.<\/a><\/p>\n<\/div>\n<\/div>\n<div id=\"chunk-33ki1\">\n<div class=\"mc-column content-text active-extra-styles \" data-block-type=\"unstyled\" data-block-weight=\"41\" data-block-id=\"13\">\n<p class=\" content-text__container \" data-track-category=\"Link no Texto\" data-track-links=\"\" data-mrf-recirculation=\"Artigo - Link no Texto\">Neste domingo, o\u00a0<a class=\"\" href=\"https:\/\/ge.globo.com\/pe\/futebol\/campeonato-pernambucano\/\" data-mrf-link=\"https:\/\/ge.globo.com\/pe\/futebol\/campeonato-pernambucano\/\">Timbu entra em campo diante do Afogados da Ingazeira<\/a>, no Campeonato Pernambucano. O jogo ser\u00e1 \u00e0s 16h, no est\u00e1dio dos Aflitos. Na Copa do Nordeste, o time deixou o G-4 do grupo e atualmente figura na quinta coloca\u00e7\u00e3o.<\/p>\n<\/div>\n<\/div>\n<\/div>\n<\/div>\n","protected":false},"excerpt":{"rendered":"<p>A cena de Rayan ca\u00eddo no gramado do Batist\u00e3o, \u00e0 espera de atendimento m\u00e9dico, n\u00e3o \u00e9 l\u00e1 uma novidade no N\u00e1utico. Afinal, a contus\u00e3o do jogador, que sentiu desconforto na posterior da coxa direita, \u00e9 a s\u00e9tima de um atleta no clube s\u00f3 neste in\u00edcio de temporada. Um leque de problemas que, pouco a pouco, vai aumentando para o t\u00e9cnico Marquinhos Santos solucionar. Como foi o caso do prata da casa Felipe Santana, substituto de Rayan. Ainda n\u00e3o se sabe qual o grau da les\u00e3o do zagueiro, mas o atleta ser\u00e1 reavaliado e, caso necess\u00e1rio, submetido a exames m\u00e9dicos. Antes [&hellip;]<\/p>\n","protected":false},"author":2,"featured_media":20392,"comment_status":"open","ping_status":"open","sticky":false,"template":"","format":"standard","meta":{"_jetpack_newsletter_access":"","_jetpack_dont_email_post_to_subs":false,"_jetpack_newsletter_tier_id":0,"_jetpack_memberships_contains_paywalled_content":false,"_jetpack_feature_clip_id":0,"_jetpack_memberships_contains_paid_content":false,"footnotes":"","jetpack_publicize_message":"","jetpack_publicize_feature_enabled":true,"jetpack_social_post_already_shared":true,"jetpack_social_options":{"image_generator_settings":{"template":"highway","default_image_id":0,"font":"","enabled":false},"version":2},"jetpack_post_was_ever_published":false},"categories":[1],"tags":[],"class_list":["post-20391","post","type-post","status-publish","format-standard","has-post-thumbnail","hentry","category-uncategorized"],"aioseo_notices":[],"aioseo_head":"\n\t\t<!-- All in One SEO 4.9.10 - aioseo.com -->\n\t<meta name=\"description\" content=\"A cena de Rayan ca\u00eddo no gramado do Batist\u00e3o, \u00e0 espera de atendimento m\u00e9dico, n\u00e3o \u00e9 l\u00e1 uma novidade no N\u00e1utico. Afinal, a contus\u00e3o do jogador, que sentiu desconforto na posterior da coxa direita, \u00e9 a s\u00e9tima de um atleta no clube s\u00f3 neste in\u00edcio de temporada. Um leque de problemas que, pouco a pouco,\" \/>\n\t<meta name=\"robots\" content=\"max-image-preview:large\" \/>\n\t<meta name=\"author\" content=\"serrafm87\"\/>\n\t<link rel=\"canonical\" href=\"https:\/\/serrafm879.com.br\/serrafm\/2025\/02\/bruxa-solta-nautico-chega-a-sete-lesionados-em-inicio-de-temporada\/\" \/>\n\t<meta name=\"generator\" content=\"All in One SEO (AIOSEO) 4.9.10\" \/>\n\t\t<meta name=\"twitter:card\" content=\"summary_large_image\" \/>\n\t\t<meta name=\"twitter:title\" content=\"Bruxa solta? N\u00e1utico chega a sete lesionados em in\u00edcio de temporada - Serra FM 87,9\" \/>\n\t\t<meta name=\"twitter:description\" content=\"A cena de Rayan ca\u00eddo no gramado do Batist\u00e3o, \u00e0 espera de atendimento m\u00e9dico, n\u00e3o \u00e9 l\u00e1 uma novidade no N\u00e1utico. Afinal, a contus\u00e3o do jogador, que sentiu desconforto na posterior da coxa direita, \u00e9 a s\u00e9tima de um atleta no clube s\u00f3 neste in\u00edcio de temporada. Um leque de problemas que, pouco a pouco,\" \/>\n\t\t<meta name=\"twitter:image\" content=\"https:\/\/serrafm879.com.br\/serrafm\/wp-content\/uploads\/2025\/02\/Captura-de-tela-2025-02-06-121424.png\" \/>\n\t\t<script type=\"application\/ld+json\" class=\"aioseo-schema\">\n\t\t\t{\"@context\":\"https:\\\/\\\/schema.org\",\"@graph\":[{\"@type\":\"BlogPosting\",\"@id\":\"https:\\\/\\\/serrafm879.com.br\\\/serrafm\\\/2025\\\/02\\\/bruxa-solta-nautico-chega-a-sete-lesionados-em-inicio-de-temporada\\\/#blogposting\",\"name\":\"Bruxa solta? N\\u00e1utico chega a sete lesionados em in\\u00edcio de temporada - Serra FM 87,9\",\"headline\":\"Bruxa solta? N\\u00e1utico chega a sete lesionados em in\\u00edcio de temporada\",\"author\":{\"@id\":\"https:\\\/\\\/serrafm879.com.br\\\/serrafm\\\/author\\\/serrafm87\\\/#author\"},\"publisher\":{\"@id\":\"https:\\\/\\\/serrafm879.com.br\\\/serrafm\\\/#organization\"},\"image\":{\"@type\":\"ImageObject\",\"url\":\"https:\\\/\\\/serrafm879.com.br\\\/serrafm\\\/wp-content\\\/uploads\\\/2025\\\/02\\\/Captura-de-tela-2025-02-06-121424.png\",\"width\":630,\"height\":381},\"datePublished\":\"2025-02-06T12:15:43-03:00\",\"dateModified\":\"2025-02-06T12:15:43-03:00\",\"inLanguage\":\"pt-BR\",\"mainEntityOfPage\":{\"@id\":\"https:\\\/\\\/serrafm879.com.br\\\/serrafm\\\/2025\\\/02\\\/bruxa-solta-nautico-chega-a-sete-lesionados-em-inicio-de-temporada\\\/#webpage\"},\"isPartOf\":{\"@id\":\"https:\\\/\\\/serrafm879.com.br\\\/serrafm\\\/2025\\\/02\\\/bruxa-solta-nautico-chega-a-sete-lesionados-em-inicio-de-temporada\\\/#webpage\"},\"articleSection\":\"Uncategorized\"},{\"@type\":\"BreadcrumbList\",\"@id\":\"https:\\\/\\\/serrafm879.com.br\\\/serrafm\\\/2025\\\/02\\\/bruxa-solta-nautico-chega-a-sete-lesionados-em-inicio-de-temporada\\\/#breadcrumblist\",\"itemListElement\":[{\"@type\":\"ListItem\",\"@id\":\"https:\\\/\\\/serrafm879.com.br\\\/serrafm#listItem\",\"position\":1,\"name\":\"Home\",\"item\":\"https:\\\/\\\/serrafm879.com.br\\\/serrafm\",\"nextItem\":{\"@type\":\"ListItem\",\"@id\":\"https:\\\/\\\/serrafm879.com.br\\\/serrafm\\\/categoria\\\/uncategorized\\\/#listItem\",\"name\":\"Uncategorized\"}},{\"@type\":\"ListItem\",\"@id\":\"https:\\\/\\\/serrafm879.com.br\\\/serrafm\\\/categoria\\\/uncategorized\\\/#listItem\",\"position\":2,\"name\":\"Uncategorized\",\"item\":\"https:\\\/\\\/serrafm879.com.br\\\/serrafm\\\/categoria\\\/uncategorized\\\/\",\"nextItem\":{\"@type\":\"ListItem\",\"@id\":\"https:\\\/\\\/serrafm879.com.br\\\/serrafm\\\/2025\\\/02\\\/bruxa-solta-nautico-chega-a-sete-lesionados-em-inicio-de-temporada\\\/#listItem\",\"name\":\"Bruxa solta? N\\u00e1utico chega a sete lesionados em in\\u00edcio de temporada\"},\"previousItem\":{\"@type\":\"ListItem\",\"@id\":\"https:\\\/\\\/serrafm879.com.br\\\/serrafm#listItem\",\"name\":\"Home\"}},{\"@type\":\"ListItem\",\"@id\":\"https:\\\/\\\/serrafm879.com.br\\\/serrafm\\\/2025\\\/02\\\/bruxa-solta-nautico-chega-a-sete-lesionados-em-inicio-de-temporada\\\/#listItem\",\"position\":3,\"name\":\"Bruxa solta? N\\u00e1utico chega a sete lesionados em in\\u00edcio de temporada\",\"previousItem\":{\"@type\":\"ListItem\",\"@id\":\"https:\\\/\\\/serrafm879.com.br\\\/serrafm\\\/categoria\\\/uncategorized\\\/#listItem\",\"name\":\"Uncategorized\"}}]},{\"@type\":\"Organization\",\"@id\":\"https:\\\/\\\/serrafm879.com.br\\\/serrafm\\\/#organization\",\"name\":\"Serra FM 87,9\",\"description\":\"O seu novo amor!\",\"url\":\"https:\\\/\\\/serrafm879.com.br\\\/serrafm\\\/\"},{\"@type\":\"Person\",\"@id\":\"https:\\\/\\\/serrafm879.com.br\\\/serrafm\\\/author\\\/serrafm87\\\/#author\",\"url\":\"https:\\\/\\\/serrafm879.com.br\\\/serrafm\\\/author\\\/serrafm87\\\/\",\"name\":\"serrafm87\",\"image\":{\"@type\":\"ImageObject\",\"@id\":\"https:\\\/\\\/serrafm879.com.br\\\/serrafm\\\/2025\\\/02\\\/bruxa-solta-nautico-chega-a-sete-lesionados-em-inicio-de-temporada\\\/#authorImage\",\"url\":\"https:\\\/\\\/secure.gravatar.com\\\/avatar\\\/a743233f1112d34f48bb3dc9559b76eb930bab8b27175856cba6362608736235?s=96&d=mm&r=g\",\"width\":96,\"height\":96,\"caption\":\"serrafm87\"}},{\"@type\":\"WebPage\",\"@id\":\"https:\\\/\\\/serrafm879.com.br\\\/serrafm\\\/2025\\\/02\\\/bruxa-solta-nautico-chega-a-sete-lesionados-em-inicio-de-temporada\\\/#webpage\",\"url\":\"https:\\\/\\\/serrafm879.com.br\\\/serrafm\\\/2025\\\/02\\\/bruxa-solta-nautico-chega-a-sete-lesionados-em-inicio-de-temporada\\\/\",\"name\":\"Bruxa solta? N\\u00e1utico chega a sete lesionados em in\\u00edcio de temporada - Serra FM 87,9\",\"description\":\"A cena de Rayan ca\\u00eddo no gramado do Batist\\u00e3o, \\u00e0 espera de atendimento m\\u00e9dico, n\\u00e3o \\u00e9 l\\u00e1 uma novidade no N\\u00e1utico. Afinal, a contus\\u00e3o do jogador, que sentiu desconforto na posterior da coxa direita, \\u00e9 a s\\u00e9tima de um atleta no clube s\\u00f3 neste in\\u00edcio de temporada. Um leque de problemas que, pouco a pouco,\",\"inLanguage\":\"pt-BR\",\"isPartOf\":{\"@id\":\"https:\\\/\\\/serrafm879.com.br\\\/serrafm\\\/#website\"},\"breadcrumb\":{\"@id\":\"https:\\\/\\\/serrafm879.com.br\\\/serrafm\\\/2025\\\/02\\\/bruxa-solta-nautico-chega-a-sete-lesionados-em-inicio-de-temporada\\\/#breadcrumblist\"},\"author\":{\"@id\":\"https:\\\/\\\/serrafm879.com.br\\\/serrafm\\\/author\\\/serrafm87\\\/#author\"},\"creator\":{\"@id\":\"https:\\\/\\\/serrafm879.com.br\\\/serrafm\\\/author\\\/serrafm87\\\/#author\"},\"image\":{\"@type\":\"ImageObject\",\"url\":\"https:\\\/\\\/serrafm879.com.br\\\/serrafm\\\/wp-content\\\/uploads\\\/2025\\\/02\\\/Captura-de-tela-2025-02-06-121424.png\",\"@id\":\"https:\\\/\\\/serrafm879.com.br\\\/serrafm\\\/2025\\\/02\\\/bruxa-solta-nautico-chega-a-sete-lesionados-em-inicio-de-temporada\\\/#mainImage\",\"width\":630,\"height\":381},\"primaryImageOfPage\":{\"@id\":\"https:\\\/\\\/serrafm879.com.br\\\/serrafm\\\/2025\\\/02\\\/bruxa-solta-nautico-chega-a-sete-lesionados-em-inicio-de-temporada\\\/#mainImage\"},\"datePublished\":\"2025-02-06T12:15:43-03:00\",\"dateModified\":\"2025-02-06T12:15:43-03:00\"},{\"@type\":\"WebSite\",\"@id\":\"https:\\\/\\\/serrafm879.com.br\\\/serrafm\\\/#website\",\"url\":\"https:\\\/\\\/serrafm879.com.br\\\/serrafm\\\/\",\"name\":\"Serra FM 87,9\",\"description\":\"O seu novo amor!\",\"inLanguage\":\"pt-BR\",\"publisher\":{\"@id\":\"https:\\\/\\\/serrafm879.com.br\\\/serrafm\\\/#organization\"}}]}\n\t\t<\/script>\n\t\t<!-- All in One SEO -->\n\n","aioseo_head_json":{"title":"Bruxa solta? N\u00e1utico chega a sete lesionados em in\u00edcio de temporada - Serra FM 87,9","description":"A cena de Rayan ca\u00eddo no gramado do Batist\u00e3o, \u00e0 espera de atendimento m\u00e9dico, n\u00e3o \u00e9 l\u00e1 uma novidade no N\u00e1utico. Afinal, a contus\u00e3o do jogador, que sentiu desconforto na posterior da coxa direita, \u00e9 a s\u00e9tima de um atleta no clube s\u00f3 neste in\u00edcio de temporada. Um leque de problemas que, pouco a pouco,","canonical_url":"https:\/\/serrafm879.com.br\/serrafm\/2025\/02\/bruxa-solta-nautico-chega-a-sete-lesionados-em-inicio-de-temporada\/","robots":"max-image-preview:large","keywords":"","webmasterTools":{"miscellaneous":""},"schema":{"@context":"https:\/\/schema.org","@graph":[{"@type":"BlogPosting","@id":"https:\/\/serrafm879.com.br\/serrafm\/2025\/02\/bruxa-solta-nautico-chega-a-sete-lesionados-em-inicio-de-temporada\/#blogposting","name":"Bruxa solta? N\u00e1utico chega a sete lesionados em in\u00edcio de temporada - Serra FM 87,9","headline":"Bruxa solta? N\u00e1utico chega a sete lesionados em in\u00edcio de temporada","author":{"@id":"https:\/\/serrafm879.com.br\/serrafm\/author\/serrafm87\/#author"},"publisher":{"@id":"https:\/\/serrafm879.com.br\/serrafm\/#organization"},"image":{"@type":"ImageObject","url":"https:\/\/serrafm879.com.br\/serrafm\/wp-content\/uploads\/2025\/02\/Captura-de-tela-2025-02-06-121424.png","width":630,"height":381},"datePublished":"2025-02-06T12:15:43-03:00","dateModified":"2025-02-06T12:15:43-03:00","inLanguage":"pt-BR","mainEntityOfPage":{"@id":"https:\/\/serrafm879.com.br\/serrafm\/2025\/02\/bruxa-solta-nautico-chega-a-sete-lesionados-em-inicio-de-temporada\/#webpage"},"isPartOf":{"@id":"https:\/\/serrafm879.com.br\/serrafm\/2025\/02\/bruxa-solta-nautico-chega-a-sete-lesionados-em-inicio-de-temporada\/#webpage"},"articleSection":"Uncategorized"},{"@type":"BreadcrumbList","@id":"https:\/\/serrafm879.com.br\/serrafm\/2025\/02\/bruxa-solta-nautico-chega-a-sete-lesionados-em-inicio-de-temporada\/#breadcrumblist","itemListElement":[{"@type":"ListItem","@id":"https:\/\/serrafm879.com.br\/serrafm#listItem","position":1,"name":"Home","item":"https:\/\/serrafm879.com.br\/serrafm","nextItem":{"@type":"ListItem","@id":"https:\/\/serrafm879.com.br\/serrafm\/categoria\/uncategorized\/#listItem","name":"Uncategorized"}},{"@type":"ListItem","@id":"https:\/\/serrafm879.com.br\/serrafm\/categoria\/uncategorized\/#listItem","position":2,"name":"Uncategorized","item":"https:\/\/serrafm879.com.br\/serrafm\/categoria\/uncategorized\/","nextItem":{"@type":"ListItem","@id":"https:\/\/serrafm879.com.br\/serrafm\/2025\/02\/bruxa-solta-nautico-chega-a-sete-lesionados-em-inicio-de-temporada\/#listItem","name":"Bruxa solta? N\u00e1utico chega a sete lesionados em in\u00edcio de temporada"},"previousItem":{"@type":"ListItem","@id":"https:\/\/serrafm879.com.br\/serrafm#listItem","name":"Home"}},{"@type":"ListItem","@id":"https:\/\/serrafm879.com.br\/serrafm\/2025\/02\/bruxa-solta-nautico-chega-a-sete-lesionados-em-inicio-de-temporada\/#listItem","position":3,"name":"Bruxa solta? N\u00e1utico chega a sete lesionados em in\u00edcio de temporada","previousItem":{"@type":"ListItem","@id":"https:\/\/serrafm879.com.br\/serrafm\/categoria\/uncategorized\/#listItem","name":"Uncategorized"}}]},{"@type":"Organization","@id":"https:\/\/serrafm879.com.br\/serrafm\/#organization","name":"Serra FM 87,9","description":"O seu novo amor!","url":"https:\/\/serrafm879.com.br\/serrafm\/"},{"@type":"Person","@id":"https:\/\/serrafm879.com.br\/serrafm\/author\/serrafm87\/#author","url":"https:\/\/serrafm879.com.br\/serrafm\/author\/serrafm87\/","name":"serrafm87","image":{"@type":"ImageObject","@id":"https:\/\/serrafm879.com.br\/serrafm\/2025\/02\/bruxa-solta-nautico-chega-a-sete-lesionados-em-inicio-de-temporada\/#authorImage","url":"https:\/\/secure.gravatar.com\/avatar\/a743233f1112d34f48bb3dc9559b76eb930bab8b27175856cba6362608736235?s=96&d=mm&r=g","width":96,"height":96,"caption":"serrafm87"}},{"@type":"WebPage","@id":"https:\/\/serrafm879.com.br\/serrafm\/2025\/02\/bruxa-solta-nautico-chega-a-sete-lesionados-em-inicio-de-temporada\/#webpage","url":"https:\/\/serrafm879.com.br\/serrafm\/2025\/02\/bruxa-solta-nautico-chega-a-sete-lesionados-em-inicio-de-temporada\/","name":"Bruxa solta? N\u00e1utico chega a sete lesionados em in\u00edcio de temporada - Serra FM 87,9","description":"A cena de Rayan ca\u00eddo no gramado do Batist\u00e3o, \u00e0 espera de atendimento m\u00e9dico, n\u00e3o \u00e9 l\u00e1 uma novidade no N\u00e1utico. Afinal, a contus\u00e3o do jogador, que sentiu desconforto na posterior da coxa direita, \u00e9 a s\u00e9tima de um atleta no clube s\u00f3 neste in\u00edcio de temporada. Um leque de problemas que, pouco a pouco,","inLanguage":"pt-BR","isPartOf":{"@id":"https:\/\/serrafm879.com.br\/serrafm\/#website"},"breadcrumb":{"@id":"https:\/\/serrafm879.com.br\/serrafm\/2025\/02\/bruxa-solta-nautico-chega-a-sete-lesionados-em-inicio-de-temporada\/#breadcrumblist"},"author":{"@id":"https:\/\/serrafm879.com.br\/serrafm\/author\/serrafm87\/#author"},"creator":{"@id":"https:\/\/serrafm879.com.br\/serrafm\/author\/serrafm87\/#author"},"image":{"@type":"ImageObject","url":"https:\/\/serrafm879.com.br\/serrafm\/wp-content\/uploads\/2025\/02\/Captura-de-tela-2025-02-06-121424.png","@id":"https:\/\/serrafm879.com.br\/serrafm\/2025\/02\/bruxa-solta-nautico-chega-a-sete-lesionados-em-inicio-de-temporada\/#mainImage","width":630,"height":381},"primaryImageOfPage":{"@id":"https:\/\/serrafm879.com.br\/serrafm\/2025\/02\/bruxa-solta-nautico-chega-a-sete-lesionados-em-inicio-de-temporada\/#mainImage"},"datePublished":"2025-02-06T12:15:43-03:00","dateModified":"2025-02-06T12:15:43-03:00"},{"@type":"WebSite","@id":"https:\/\/serrafm879.com.br\/serrafm\/#website","url":"https:\/\/serrafm879.com.br\/serrafm\/","name":"Serra FM 87,9","description":"O seu novo amor!","inLanguage":"pt-BR","publisher":{"@id":"https:\/\/serrafm879.com.br\/serrafm\/#organization"}}]},"twitter:card":"summary_large_image","twitter:title":"Bruxa solta? N\u00e1utico chega a sete lesionados em in\u00edcio de temporada - Serra FM 87,9","twitter:description":"A cena de Rayan ca\u00eddo no gramado do Batist\u00e3o, \u00e0 espera de atendimento m\u00e9dico, n\u00e3o \u00e9 l\u00e1 uma novidade no N\u00e1utico. Afinal, a contus\u00e3o do jogador, que sentiu desconforto na posterior da coxa direita, \u00e9 a s\u00e9tima de um atleta no clube s\u00f3 neste in\u00edcio de temporada. Um leque de problemas que, pouco a pouco,","twitter:image":"https:\/\/serrafm879.com.br\/serrafm\/wp-content\/uploads\/2025\/02\/Captura-de-tela-2025-02-06-121424.png"},"aioseo_meta_data":{"post_id":"20391","title":null,"description":null,"keywords":null,"keyphrases":null,"primary_term":null,"canonical_url":null,"og_title":null,"og_description":null,"og_object_type":"default","og_image_type":"default","og_image_custom_url":null,"og_image_custom_fields":null,"og_image_url":null,"og_image_width":null,"og_image_height":null,"og_video":null,"og_custom_url":null,"og_article_section":null,"og_article_tags":null,"twitter_use_og":false,"twitter_card":"default","twitter_image_type":"default","twitter_image_custom_url":null,"twitter_image_custom_fields":null,"twitter_image_url":null,"twitter_title":null,"twitter_description":null,"schema_type":"default","schema_type_options":null,"schema":{"blockGraphs":[],"customGraphs":[],"default":{"data":{"Article":[],"Course":[],"Dataset":[],"FAQPage":[],"Movie":[],"Person":[],"Product":[],"ProductReview":[],"Car":[],"Recipe":[],"Service":[],"SoftwareApplication":[],"WebPage":[]},"graphName":"","isEnabled":true},"graphs":[]},"pillar_content":false,"robots_default":true,"robots_noindex":false,"robots_noarchive":false,"robots_nosnippet":false,"robots_nofollow":false,"robots_noimageindex":false,"robots_noodp":false,"robots_notranslate":false,"robots_max_snippet":null,"robots_max_videopreview":null,"robots_max_imagepreview":"large","priority":null,"frequency":null,"local_seo":null,"limit_modified_date":false,"ai":null,"breadcrumb_settings":null,"seo_analyzer_scan_date":null,"created":"2026-07-21 13:29:05","updated":"2026-07-21 13:29:05"},"aioseo_breadcrumb":"<div class=\"aioseo-breadcrumbs\"><span class=\"aioseo-breadcrumb\">\n\t\t\t<a href=\"https:\/\/serrafm879.com.br\/serrafm\" title=\"Home\">Home<\/a>\n\t\t<\/span><span class=\"aioseo-breadcrumb-separator\">&raquo;<\/span><span class=\"aioseo-breadcrumb\">\n\t\t\t<a href=\"https:\/\/serrafm879.com.br\/serrafm\/categoria\/uncategorized\/\" title=\"Uncategorized\">Uncategorized<\/a>\n\t\t<\/span><span class=\"aioseo-breadcrumb-separator\">&raquo;<\/span><span class=\"aioseo-breadcrumb\">\n\t\t\tBruxa solta? N\u00e1utico chega a sete lesionados em in\u00edcio de temporada\n\t\t<\/span><\/div>","aioseo_breadcrumb_json":[{"label":"Home","link":"https:\/\/serrafm879.com.br\/serrafm"},{"label":"Uncategorized","link":"https:\/\/serrafm879.com.br\/serrafm\/categoria\/uncategorized\/"},{"label":"Bruxa solta? N\u00e1utico chega a sete lesionados em in\u00edcio de temporada","link":"https:\/\/serrafm879.com.br\/serrafm\/2025\/02\/bruxa-solta-nautico-chega-a-sete-lesionados-em-inicio-de-temporada\/"}],"jetpack_publicize_connections":[],"jetpack_featured_media_url":"https:\/\/serrafm879.com.br\/serrafm\/wp-content\/uploads\/2025\/02\/Captura-de-tela-2025-02-06-121424.png","jetpack_shortlink":"https:\/\/wp.me\/p7HyXg-5iT","jetpack_sharing_enabled":true,"_links":{"self":[{"href":"https:\/\/serrafm879.com.br\/serrafm\/wp-json\/wp\/v2\/posts\/20391","targetHints":{"allow":["GET"]}}],"collection":[{"href":"https:\/\/serrafm879.com.br\/serrafm\/wp-json\/wp\/v2\/posts"}],"about":[{"href":"https:\/\/serrafm879.com.br\/serrafm\/wp-json\/wp\/v2\/types\/post"}],"author":[{"embeddable":true,"href":"https:\/\/serrafm879.com.br\/serrafm\/wp-json\/wp\/v2\/users\/2"}],"replies":[{"embeddable":true,"href":"https:\/\/serrafm879.com.br\/serrafm\/wp-json\/wp\/v2\/comments?post=20391"}],"version-history":[{"count":1,"href":"https:\/\/serrafm879.com.br\/serrafm\/wp-json\/wp\/v2\/posts\/20391\/revisions"}],"predecessor-version":[{"id":20393,"href":"https:\/\/serrafm879.com.br\/serrafm\/wp-json\/wp\/v2\/posts\/20391\/revisions\/20393"}],"wp:featuredmedia":[{"embeddable":true,"href":"https:\/\/serrafm879.com.br\/serrafm\/wp-json\/wp\/v2\/media\/20392"}],"wp:attachment":[{"href":"https:\/\/serrafm879.com.br\/serrafm\/wp-json\/wp\/v2\/media?parent=20391"}],"wp:term":[{"taxonomy":"category","embeddable":true,"href":"https:\/\/serrafm879.com.br\/serrafm\/wp-json\/wp\/v2\/categories?post=20391"},{"taxonomy":"post_tag","embeddable":true,"href":"https:\/\/serrafm879.com.br\/serrafm\/wp-json\/wp\/v2\/tags?post=20391"}],"curies":[{"name":"wp","href":"https:\/\/api.w.org\/{rel}","templated":true}]}}