{"id":20394,"date":"2025-02-06T16:54:20","date_gmt":"2025-02-06T19:54:20","guid":{"rendered":"https:\/?p=20394"},"modified":"2025-02-06T16:54:20","modified_gmt":"2025-02-06T19:54:20","slug":"prefeitura-de-serra-talhada-convoca-mais-319-profissionais-para-educacao","status":"publish","type":"post","link":"https:\/\/serrafm879.com.br\/serrafm\/2025\/02\/prefeitura-de-serra-talhada-convoca-mais-319-profissionais-para-educacao\/","title":{"rendered":"Prefeitura de Serra Talhada convoca mais 319 profissionais para Educa\u00e7\u00e3o"},"content":{"rendered":"<p>Nesta quinta-feira (6), a Prefeitura de Serra Talhada anunciou a convoca\u00e7\u00e3o de mais 319 profissionais, aprovados no \u00faltimo Processo Seletivo de janeiro de 2025 e nos processos realizados em 2024. Ao todo, este ano governo M\u00e1rcia Conrado j\u00e1 convocou pelo menos 519 contratados apenas para suprir o quadro funcional para atender a Secretaria Municipal de Educa\u00e7\u00e3o.<\/p>\n<p>Foram convocados candidatos aprovados em diversos cargos, dentre estes: Professor II de Geografia, Letras, Matem\u00e1tica e Educa\u00e7\u00e3o F\u00edsica; Nutricionistas; Auxiliares de Creche e Servi\u00e7os Gerais; Motoristas de \u00d4nibus; e Merendeira, todos distribu\u00eddos por lota\u00e7\u00e3o, para sede e distritos.<\/p>\n<p>Esse profissionais v\u00eam para somar e refor\u00e7ar o quadro de servidores, juntamente com os Professores I anunciados no in\u00edcio da semana, atendendo a necessidade da secretaria para volta das aulas. Fortalecendo, assim, a rede municipal de ensino e atendendo \u00e0s demandas da cidade, tanto nas unidades da sede quanto\u00a0da\u00a0zona\u00a0rural.<\/p>\n<p>\u201cA educa\u00e7\u00e3o \u00e9 prioridade na nossa gest\u00e3o, e essa convoca\u00e7\u00e3o demonstra nosso compromisso com a valoriza\u00e7\u00e3o dos profissionais e o fortalecimento da rede municipal de ensino. Seguimos trabalhando para oferecer uma educa\u00e7\u00e3o de qualidade para nossas crian\u00e7as e jovens, garantindo professores capacitados em sala de aula\u201d, destacou a prefeita M\u00e1rcia Conrado.<\/p>\n<p>\u201cEstamos refor\u00e7ando nosso quadro de servidores para atender \u00e0 demanda crescente da Educa\u00e7\u00e3o. \u00c9 fundamental que os convocados fiquem atentos aos prazos e \u00e0s exig\u00eancias documentais para garantir sua contrata\u00e7\u00e3o\u201d, ressaltou o secret\u00e1rio municipal de Administra\u00e7\u00e3o, Renan Pereira. Os candidatos convocados devem conferir o resultado e as orienta\u00e7\u00f5es para a apresenta\u00e7\u00e3o da documenta\u00e7\u00e3o no site\u00a0<strong><a href=\"https:\/\/www.tiged.dev.br\/eprocesso\/site\/\" target=\"_blank\" rel=\"noopener\">(clique aqui)<\/a><\/strong>.<\/p>\n<h3>ATEN\u00c7\u00c3O CANDIDADOS CONVOCADOS<\/h3>\n<p>Os candidatos devem comparecer ao Recursos Humanos, da Secretaria Municipal de Educa\u00e7\u00e3o at\u00e9 dia 12 de fevereiro de 2025, das entre 8h \u00e0s 12h, juntamente com a documentos para a contrata\u00e7\u00e3o e comprova\u00e7\u00e3o de preenchimento dos requisitos citados no edital. Segue abaixo a lista de documentos para contrata\u00e7\u00e3o:<\/p>\n<p>a) CPF \u2013 Cadastro de Pessoa F\u00edsica (original e c\u00f3pia);<br \/>\nb) Cart\u00e3o PIS ou PASEP (caso n\u00e3o seja o primeiro contrato de trabalho);<br \/>\nc) C\u00e9dula de Identidade (original e c\u00f3pia);<br \/>\nd) Carteira de Trabalho e Previd\u00eancia Social \u2013 CTPS (original e c\u00f3pia);<br \/>\ne) Identidade Profissional (comprova\u00e7\u00e3o de registro no \u00f3rg\u00e3o fiscalizador da profiss\u00e3o), quando for o caso (original e c\u00f3pia);<br \/>\nf) Certid\u00e3o de Nascimento, se solteiro; ou Certid\u00e3o de Casamento, se casado (original e c\u00f3pia);<br \/>\ng) Certificado Militar (comprovar estar em dia com as obriga\u00e7\u00f5es militares), se do sexo masculino (original e c\u00f3pia);<br \/>\nh) T\u00edtulo de Eleitor e a comprova\u00e7\u00e3o do cumprimento das obriga\u00e7\u00f5es eleitorais (original e c\u00f3pia);<br \/>\ni) 01 (uma) foto colorida 3\u00d74 (tr\u00eas por quatro) recente;<br \/>\nj) Registro Civil dos filhos, se houver (original e c\u00f3pia) (OBS.: se menor de dois anos, apresentar a carteira de vacina\u00e7\u00e3o, se for maior de dois anos e estiver em fase escolar, o convocado deve apresentar declara\u00e7\u00e3o da escola);<br \/>\nk) Carteira Nacional de Habilita\u00e7\u00e3o, quando para a fun\u00e7\u00e3o de Motorista (original e c\u00f3pia);<br \/>\nl) Comprova\u00e7\u00e3o do n\u00edvel de escolaridade exigido para a fun\u00e7\u00e3o (original e c\u00f3pia);<br \/>\nm) Comprovante de Resid\u00eancia dos \u00faltimos 03 meses (c\u00f3pia);<br \/>\nn) Carteira de Vacina\u00e7\u00e3o, comprovando a regularidade nas vacina\u00e7\u00f5es contra a COVID-19;<br \/>\no) Atestado m\u00e9dico de aptid\u00e3o f\u00edsica e mental (original);<\/p>\n","protected":false},"excerpt":{"rendered":"<p>Nesta quinta-feira (6), a Prefeitura de Serra Talhada anunciou a convoca\u00e7\u00e3o de mais 319 profissionais, aprovados no \u00faltimo Processo Seletivo de janeiro de 2025 e nos processos realizados em 2024. Ao todo, este ano governo M\u00e1rcia Conrado j\u00e1 convocou pelo menos 519 contratados apenas para suprir o quadro funcional para atender a Secretaria Municipal de Educa\u00e7\u00e3o. Foram convocados candidatos aprovados em diversos cargos, dentre estes: Professor II de Geografia, Letras, Matem\u00e1tica e Educa\u00e7\u00e3o F\u00edsica; Nutricionistas; Auxiliares de Creche e Servi\u00e7os Gerais; Motoristas de \u00d4nibus; e Merendeira, todos distribu\u00eddos por lota\u00e7\u00e3o, para sede e distritos. Esse profissionais v\u00eam para somar e [&hellip;]<\/p>\n","protected":false},"author":2,"featured_media":15369,"comment_status":"open","ping_status":"open","sticky":false,"template":"","format":"standard","meta":{"_jetpack_newsletter_access":"","_jetpack_dont_email_post_to_subs":false,"_jetpack_newsletter_tier_id":0,"_jetpack_memberships_contains_paywalled_content":false,"_jetpack_feature_clip_id":0,"_jetpack_memberships_contains_paid_content":false,"footnotes":"","jetpack_publicize_message":"","jetpack_publicize_feature_enabled":true,"jetpack_social_post_already_shared":true,"jetpack_social_options":{"image_generator_settings":{"template":"highway","default_image_id":0,"font":"","enabled":false},"version":2},"jetpack_post_was_ever_published":false},"categories":[1],"tags":[],"class_list":["post-20394","post","type-post","status-publish","format-standard","has-post-thumbnail","hentry","category-uncategorized"],"aioseo_notices":[],"aioseo_head":"\n\t\t<!-- All in One SEO 4.9.10 - aioseo.com -->\n\t<meta name=\"description\" content=\"Nesta quinta-feira (6), a Prefeitura de Serra Talhada anunciou a convoca\u00e7\u00e3o de mais 319 profissionais, aprovados no \u00faltimo Processo Seletivo de janeiro de 2025 e nos processos realizados em 2024. Ao todo, este ano governo M\u00e1rcia Conrado j\u00e1 convocou pelo menos 519 contratados apenas para suprir o quadro funcional para atender a Secretaria Municipal de\" \/>\n\t<meta name=\"robots\" content=\"max-image-preview:large\" \/>\n\t<meta name=\"author\" content=\"serrafm87\"\/>\n\t<link rel=\"canonical\" href=\"https:\/\/serrafm879.com.br\/serrafm\/2025\/02\/prefeitura-de-serra-talhada-convoca-mais-319-profissionais-para-educacao\/\" \/>\n\t<meta name=\"generator\" content=\"All in One SEO (AIOSEO) 4.9.10\" \/>\n\t\t<meta name=\"twitter:card\" content=\"summary_large_image\" \/>\n\t\t<meta name=\"twitter:title\" content=\"Prefeitura de Serra Talhada convoca mais 319 profissionais para Educa\u00e7\u00e3o - Serra FM 87,9\" \/>\n\t\t<meta name=\"twitter:description\" content=\"Nesta quinta-feira (6), a Prefeitura de Serra Talhada anunciou a convoca\u00e7\u00e3o de mais 319 profissionais, aprovados no \u00faltimo Processo Seletivo de janeiro de 2025 e nos processos realizados em 2024. Ao todo, este ano governo M\u00e1rcia Conrado j\u00e1 convocou pelo menos 519 contratados apenas para suprir o quadro funcional para atender a Secretaria Municipal de\" \/>\n\t\t<meta name=\"twitter:image\" content=\"https:\/\/serrafm879.com.br\/serrafm\/wp-content\/uploads\/2023\/12\/PREFEITURA-1024x683-1.jpg\" \/>\n\t\t<script type=\"application\/ld+json\" class=\"aioseo-schema\">\n\t\t\t{\"@context\":\"https:\\\/\\\/schema.org\",\"@graph\":[{\"@type\":\"BlogPosting\",\"@id\":\"https:\\\/\\\/serrafm879.com.br\\\/serrafm\\\/2025\\\/02\\\/prefeitura-de-serra-talhada-convoca-mais-319-profissionais-para-educacao\\\/#blogposting\",\"name\":\"Prefeitura de Serra Talhada convoca mais 319 profissionais para Educa\\u00e7\\u00e3o - Serra FM 87,9\",\"headline\":\"Prefeitura de Serra Talhada convoca mais 319 profissionais para Educa\\u00e7\\u00e3o\",\"author\":{\"@id\":\"https:\\\/\\\/serrafm879.com.br\\\/serrafm\\\/author\\\/serrafm87\\\/#author\"},\"publisher\":{\"@id\":\"https:\\\/\\\/serrafm879.com.br\\\/serrafm\\\/#organization\"},\"image\":{\"@type\":\"ImageObject\",\"url\":\"https:\\\/\\\/serrafm879.com.br\\\/serrafm\\\/wp-content\\\/uploads\\\/2023\\\/12\\\/PREFEITURA-1024x683-1.jpg\",\"width\":1024,\"height\":683},\"datePublished\":\"2025-02-06T16:54:20-03:00\",\"dateModified\":\"2025-02-06T16:54:20-03:00\",\"inLanguage\":\"pt-BR\",\"mainEntityOfPage\":{\"@id\":\"https:\\\/\\\/serrafm879.com.br\\\/serrafm\\\/2025\\\/02\\\/prefeitura-de-serra-talhada-convoca-mais-319-profissionais-para-educacao\\\/#webpage\"},\"isPartOf\":{\"@id\":\"https:\\\/\\\/serrafm879.com.br\\\/serrafm\\\/2025\\\/02\\\/prefeitura-de-serra-talhada-convoca-mais-319-profissionais-para-educacao\\\/#webpage\"},\"articleSection\":\"Uncategorized\"},{\"@type\":\"BreadcrumbList\",\"@id\":\"https:\\\/\\\/serrafm879.com.br\\\/serrafm\\\/2025\\\/02\\\/prefeitura-de-serra-talhada-convoca-mais-319-profissionais-para-educacao\\\/#breadcrumblist\",\"itemListElement\":[{\"@type\":\"ListItem\",\"@id\":\"https:\\\/\\\/serrafm879.com.br\\\/serrafm#listItem\",\"position\":1,\"name\":\"Home\",\"item\":\"https:\\\/\\\/serrafm879.com.br\\\/serrafm\",\"nextItem\":{\"@type\":\"ListItem\",\"@id\":\"https:\\\/\\\/serrafm879.com.br\\\/serrafm\\\/categoria\\\/uncategorized\\\/#listItem\",\"name\":\"Uncategorized\"}},{\"@type\":\"ListItem\",\"@id\":\"https:\\\/\\\/serrafm879.com.br\\\/serrafm\\\/categoria\\\/uncategorized\\\/#listItem\",\"position\":2,\"name\":\"Uncategorized\",\"item\":\"https:\\\/\\\/serrafm879.com.br\\\/serrafm\\\/categoria\\\/uncategorized\\\/\",\"nextItem\":{\"@type\":\"ListItem\",\"@id\":\"https:\\\/\\\/serrafm879.com.br\\\/serrafm\\\/2025\\\/02\\\/prefeitura-de-serra-talhada-convoca-mais-319-profissionais-para-educacao\\\/#listItem\",\"name\":\"Prefeitura de Serra Talhada convoca mais 319 profissionais para Educa\\u00e7\\u00e3o\"},\"previousItem\":{\"@type\":\"ListItem\",\"@id\":\"https:\\\/\\\/serrafm879.com.br\\\/serrafm#listItem\",\"name\":\"Home\"}},{\"@type\":\"ListItem\",\"@id\":\"https:\\\/\\\/serrafm879.com.br\\\/serrafm\\\/2025\\\/02\\\/prefeitura-de-serra-talhada-convoca-mais-319-profissionais-para-educacao\\\/#listItem\",\"position\":3,\"name\":\"Prefeitura de Serra Talhada convoca mais 319 profissionais para Educa\\u00e7\\u00e3o\",\"previousItem\":{\"@type\":\"ListItem\",\"@id\":\"https:\\\/\\\/serrafm879.com.br\\\/serrafm\\\/categoria\\\/uncategorized\\\/#listItem\",\"name\":\"Uncategorized\"}}]},{\"@type\":\"Organization\",\"@id\":\"https:\\\/\\\/serrafm879.com.br\\\/serrafm\\\/#organization\",\"name\":\"Serra FM 87,9\",\"description\":\"O seu novo amor!\",\"url\":\"https:\\\/\\\/serrafm879.com.br\\\/serrafm\\\/\"},{\"@type\":\"Person\",\"@id\":\"https:\\\/\\\/serrafm879.com.br\\\/serrafm\\\/author\\\/serrafm87\\\/#author\",\"url\":\"https:\\\/\\\/serrafm879.com.br\\\/serrafm\\\/author\\\/serrafm87\\\/\",\"name\":\"serrafm87\",\"image\":{\"@type\":\"ImageObject\",\"@id\":\"https:\\\/\\\/serrafm879.com.br\\\/serrafm\\\/2025\\\/02\\\/prefeitura-de-serra-talhada-convoca-mais-319-profissionais-para-educacao\\\/#authorImage\",\"url\":\"https:\\\/\\\/secure.gravatar.com\\\/avatar\\\/a743233f1112d34f48bb3dc9559b76eb930bab8b27175856cba6362608736235?s=96&d=mm&r=g\",\"width\":96,\"height\":96,\"caption\":\"serrafm87\"}},{\"@type\":\"WebPage\",\"@id\":\"https:\\\/\\\/serrafm879.com.br\\\/serrafm\\\/2025\\\/02\\\/prefeitura-de-serra-talhada-convoca-mais-319-profissionais-para-educacao\\\/#webpage\",\"url\":\"https:\\\/\\\/serrafm879.com.br\\\/serrafm\\\/2025\\\/02\\\/prefeitura-de-serra-talhada-convoca-mais-319-profissionais-para-educacao\\\/\",\"name\":\"Prefeitura de Serra Talhada convoca mais 319 profissionais para Educa\\u00e7\\u00e3o - Serra FM 87,9\",\"description\":\"Nesta quinta-feira (6), a Prefeitura de Serra Talhada anunciou a convoca\\u00e7\\u00e3o de mais 319 profissionais, aprovados no \\u00faltimo Processo Seletivo de janeiro de 2025 e nos processos realizados em 2024. Ao todo, este ano governo M\\u00e1rcia Conrado j\\u00e1 convocou pelo menos 519 contratados apenas para suprir o quadro funcional para atender a Secretaria Municipal de\",\"inLanguage\":\"pt-BR\",\"isPartOf\":{\"@id\":\"https:\\\/\\\/serrafm879.com.br\\\/serrafm\\\/#website\"},\"breadcrumb\":{\"@id\":\"https:\\\/\\\/serrafm879.com.br\\\/serrafm\\\/2025\\\/02\\\/prefeitura-de-serra-talhada-convoca-mais-319-profissionais-para-educacao\\\/#breadcrumblist\"},\"author\":{\"@id\":\"https:\\\/\\\/serrafm879.com.br\\\/serrafm\\\/author\\\/serrafm87\\\/#author\"},\"creator\":{\"@id\":\"https:\\\/\\\/serrafm879.com.br\\\/serrafm\\\/author\\\/serrafm87\\\/#author\"},\"image\":{\"@type\":\"ImageObject\",\"url\":\"https:\\\/\\\/serrafm879.com.br\\\/serrafm\\\/wp-content\\\/uploads\\\/2023\\\/12\\\/PREFEITURA-1024x683-1.jpg\",\"@id\":\"https:\\\/\\\/serrafm879.com.br\\\/serrafm\\\/2025\\\/02\\\/prefeitura-de-serra-talhada-convoca-mais-319-profissionais-para-educacao\\\/#mainImage\",\"width\":1024,\"height\":683},\"primaryImageOfPage\":{\"@id\":\"https:\\\/\\\/serrafm879.com.br\\\/serrafm\\\/2025\\\/02\\\/prefeitura-de-serra-talhada-convoca-mais-319-profissionais-para-educacao\\\/#mainImage\"},\"datePublished\":\"2025-02-06T16:54:20-03:00\",\"dateModified\":\"2025-02-06T16:54:20-03:00\"},{\"@type\":\"WebSite\",\"@id\":\"https:\\\/\\\/serrafm879.com.br\\\/serrafm\\\/#website\",\"url\":\"https:\\\/\\\/serrafm879.com.br\\\/serrafm\\\/\",\"name\":\"Serra FM 87,9\",\"description\":\"O seu novo amor!\",\"inLanguage\":\"pt-BR\",\"publisher\":{\"@id\":\"https:\\\/\\\/serrafm879.com.br\\\/serrafm\\\/#organization\"}}]}\n\t\t<\/script>\n\t\t<!-- All in One SEO -->\n\n","aioseo_head_json":{"title":"Prefeitura de Serra Talhada convoca mais 319 profissionais para Educa\u00e7\u00e3o - Serra FM 87,9","description":"Nesta quinta-feira (6), a Prefeitura de Serra Talhada anunciou a convoca\u00e7\u00e3o de mais 319 profissionais, aprovados no \u00faltimo Processo Seletivo de janeiro de 2025 e nos processos realizados em 2024. Ao todo, este ano governo M\u00e1rcia Conrado j\u00e1 convocou pelo menos 519 contratados apenas para suprir o quadro funcional para atender a Secretaria Municipal de","canonical_url":"https:\/\/serrafm879.com.br\/serrafm\/2025\/02\/prefeitura-de-serra-talhada-convoca-mais-319-profissionais-para-educacao\/","robots":"max-image-preview:large","keywords":"","webmasterTools":{"miscellaneous":""},"schema":{"@context":"https:\/\/schema.org","@graph":[{"@type":"BlogPosting","@id":"https:\/\/serrafm879.com.br\/serrafm\/2025\/02\/prefeitura-de-serra-talhada-convoca-mais-319-profissionais-para-educacao\/#blogposting","name":"Prefeitura de Serra Talhada convoca mais 319 profissionais para Educa\u00e7\u00e3o - Serra FM 87,9","headline":"Prefeitura de Serra Talhada convoca mais 319 profissionais para Educa\u00e7\u00e3o","author":{"@id":"https:\/\/serrafm879.com.br\/serrafm\/author\/serrafm87\/#author"},"publisher":{"@id":"https:\/\/serrafm879.com.br\/serrafm\/#organization"},"image":{"@type":"ImageObject","url":"https:\/\/serrafm879.com.br\/serrafm\/wp-content\/uploads\/2023\/12\/PREFEITURA-1024x683-1.jpg","width":1024,"height":683},"datePublished":"2025-02-06T16:54:20-03:00","dateModified":"2025-02-06T16:54:20-03:00","inLanguage":"pt-BR","mainEntityOfPage":{"@id":"https:\/\/serrafm879.com.br\/serrafm\/2025\/02\/prefeitura-de-serra-talhada-convoca-mais-319-profissionais-para-educacao\/#webpage"},"isPartOf":{"@id":"https:\/\/serrafm879.com.br\/serrafm\/2025\/02\/prefeitura-de-serra-talhada-convoca-mais-319-profissionais-para-educacao\/#webpage"},"articleSection":"Uncategorized"},{"@type":"BreadcrumbList","@id":"https:\/\/serrafm879.com.br\/serrafm\/2025\/02\/prefeitura-de-serra-talhada-convoca-mais-319-profissionais-para-educacao\/#breadcrumblist","itemListElement":[{"@type":"ListItem","@id":"https:\/\/serrafm879.com.br\/serrafm#listItem","position":1,"name":"Home","item":"https:\/\/serrafm879.com.br\/serrafm","nextItem":{"@type":"ListItem","@id":"https:\/\/serrafm879.com.br\/serrafm\/categoria\/uncategorized\/#listItem","name":"Uncategorized"}},{"@type":"ListItem","@id":"https:\/\/serrafm879.com.br\/serrafm\/categoria\/uncategorized\/#listItem","position":2,"name":"Uncategorized","item":"https:\/\/serrafm879.com.br\/serrafm\/categoria\/uncategorized\/","nextItem":{"@type":"ListItem","@id":"https:\/\/serrafm879.com.br\/serrafm\/2025\/02\/prefeitura-de-serra-talhada-convoca-mais-319-profissionais-para-educacao\/#listItem","name":"Prefeitura de Serra Talhada convoca mais 319 profissionais para Educa\u00e7\u00e3o"},"previousItem":{"@type":"ListItem","@id":"https:\/\/serrafm879.com.br\/serrafm#listItem","name":"Home"}},{"@type":"ListItem","@id":"https:\/\/serrafm879.com.br\/serrafm\/2025\/02\/prefeitura-de-serra-talhada-convoca-mais-319-profissionais-para-educacao\/#listItem","position":3,"name":"Prefeitura de Serra Talhada convoca mais 319 profissionais para Educa\u00e7\u00e3o","previousItem":{"@type":"ListItem","@id":"https:\/\/serrafm879.com.br\/serrafm\/categoria\/uncategorized\/#listItem","name":"Uncategorized"}}]},{"@type":"Organization","@id":"https:\/\/serrafm879.com.br\/serrafm\/#organization","name":"Serra FM 87,9","description":"O seu novo amor!","url":"https:\/\/serrafm879.com.br\/serrafm\/"},{"@type":"Person","@id":"https:\/\/serrafm879.com.br\/serrafm\/author\/serrafm87\/#author","url":"https:\/\/serrafm879.com.br\/serrafm\/author\/serrafm87\/","name":"serrafm87","image":{"@type":"ImageObject","@id":"https:\/\/serrafm879.com.br\/serrafm\/2025\/02\/prefeitura-de-serra-talhada-convoca-mais-319-profissionais-para-educacao\/#authorImage","url":"https:\/\/secure.gravatar.com\/avatar\/a743233f1112d34f48bb3dc9559b76eb930bab8b27175856cba6362608736235?s=96&d=mm&r=g","width":96,"height":96,"caption":"serrafm87"}},{"@type":"WebPage","@id":"https:\/\/serrafm879.com.br\/serrafm\/2025\/02\/prefeitura-de-serra-talhada-convoca-mais-319-profissionais-para-educacao\/#webpage","url":"https:\/\/serrafm879.com.br\/serrafm\/2025\/02\/prefeitura-de-serra-talhada-convoca-mais-319-profissionais-para-educacao\/","name":"Prefeitura de Serra Talhada convoca mais 319 profissionais para Educa\u00e7\u00e3o - Serra FM 87,9","description":"Nesta quinta-feira (6), a Prefeitura de Serra Talhada anunciou a convoca\u00e7\u00e3o de mais 319 profissionais, aprovados no \u00faltimo Processo Seletivo de janeiro de 2025 e nos processos realizados em 2024. Ao todo, este ano governo M\u00e1rcia Conrado j\u00e1 convocou pelo menos 519 contratados apenas para suprir o quadro funcional para atender a Secretaria Municipal de","inLanguage":"pt-BR","isPartOf":{"@id":"https:\/\/serrafm879.com.br\/serrafm\/#website"},"breadcrumb":{"@id":"https:\/\/serrafm879.com.br\/serrafm\/2025\/02\/prefeitura-de-serra-talhada-convoca-mais-319-profissionais-para-educacao\/#breadcrumblist"},"author":{"@id":"https:\/\/serrafm879.com.br\/serrafm\/author\/serrafm87\/#author"},"creator":{"@id":"https:\/\/serrafm879.com.br\/serrafm\/author\/serrafm87\/#author"},"image":{"@type":"ImageObject","url":"https:\/\/serrafm879.com.br\/serrafm\/wp-content\/uploads\/2023\/12\/PREFEITURA-1024x683-1.jpg","@id":"https:\/\/serrafm879.com.br\/serrafm\/2025\/02\/prefeitura-de-serra-talhada-convoca-mais-319-profissionais-para-educacao\/#mainImage","width":1024,"height":683},"primaryImageOfPage":{"@id":"https:\/\/serrafm879.com.br\/serrafm\/2025\/02\/prefeitura-de-serra-talhada-convoca-mais-319-profissionais-para-educacao\/#mainImage"},"datePublished":"2025-02-06T16:54:20-03:00","dateModified":"2025-02-06T16:54:20-03:00"},{"@type":"WebSite","@id":"https:\/\/serrafm879.com.br\/serrafm\/#website","url":"https:\/\/serrafm879.com.br\/serrafm\/","name":"Serra FM 87,9","description":"O seu novo amor!","inLanguage":"pt-BR","publisher":{"@id":"https:\/\/serrafm879.com.br\/serrafm\/#organization"}}]},"twitter:card":"summary_large_image","twitter:title":"Prefeitura de Serra Talhada convoca mais 319 profissionais para Educa\u00e7\u00e3o - Serra FM 87,9","twitter:description":"Nesta quinta-feira (6), a Prefeitura de Serra Talhada anunciou a convoca\u00e7\u00e3o de mais 319 profissionais, aprovados no \u00faltimo Processo Seletivo de janeiro de 2025 e nos processos realizados em 2024. Ao todo, este ano governo M\u00e1rcia Conrado j\u00e1 convocou pelo menos 519 contratados apenas para suprir o quadro funcional para atender a Secretaria Municipal de","twitter:image":"https:\/\/serrafm879.com.br\/serrafm\/wp-content\/uploads\/2023\/12\/PREFEITURA-1024x683-1.jpg"},"aioseo_meta_data":{"post_id":"20394","title":null,"description":null,"keywords":null,"keyphrases":null,"primary_term":null,"canonical_url":null,"og_title":null,"og_description":null,"og_object_type":"default","og_image_type":"default","og_image_custom_url":null,"og_image_custom_fields":null,"og_image_url":null,"og_image_width":null,"og_image_height":null,"og_video":null,"og_custom_url":null,"og_article_section":null,"og_article_tags":null,"twitter_use_og":false,"twitter_card":"default","twitter_image_type":"default","twitter_image_custom_url":null,"twitter_image_custom_fields":null,"twitter_image_url":null,"twitter_title":null,"twitter_description":null,"schema_type":"default","schema_type_options":null,"schema":{"blockGraphs":[],"customGraphs":[],"default":{"data":{"Article":[],"Course":[],"Dataset":[],"FAQPage":[],"Movie":[],"Person":[],"Product":[],"ProductReview":[],"Car":[],"Recipe":[],"Service":[],"SoftwareApplication":[],"WebPage":[]},"graphName":"","isEnabled":true},"graphs":[]},"pillar_content":false,"robots_default":true,"robots_noindex":false,"robots_noarchive":false,"robots_nosnippet":false,"robots_nofollow":false,"robots_noimageindex":false,"robots_noodp":false,"robots_notranslate":false,"robots_max_snippet":null,"robots_max_videopreview":null,"robots_max_imagepreview":"large","priority":null,"frequency":null,"local_seo":null,"limit_modified_date":false,"ai":null,"breadcrumb_settings":null,"seo_analyzer_scan_date":null,"created":"2026-07-21 13:29:05","updated":"2026-07-21 13:29:05"},"aioseo_breadcrumb":"<div class=\"aioseo-breadcrumbs\"><span class=\"aioseo-breadcrumb\">\n\t\t\t<a href=\"https:\/\/serrafm879.com.br\/serrafm\" title=\"Home\">Home<\/a>\n\t\t<\/span><span class=\"aioseo-breadcrumb-separator\">&raquo;<\/span><span class=\"aioseo-breadcrumb\">\n\t\t\t<a href=\"https:\/\/serrafm879.com.br\/serrafm\/categoria\/uncategorized\/\" title=\"Uncategorized\">Uncategorized<\/a>\n\t\t<\/span><span class=\"aioseo-breadcrumb-separator\">&raquo;<\/span><span class=\"aioseo-breadcrumb\">\n\t\t\tPrefeitura de Serra Talhada convoca mais 319 profissionais para Educa\u00e7\u00e3o\n\t\t<\/span><\/div>","aioseo_breadcrumb_json":[{"label":"Home","link":"https:\/\/serrafm879.com.br\/serrafm"},{"label":"Uncategorized","link":"https:\/\/serrafm879.com.br\/serrafm\/categoria\/uncategorized\/"},{"label":"Prefeitura de Serra Talhada convoca mais 319 profissionais para Educa\u00e7\u00e3o","link":"https:\/\/serrafm879.com.br\/serrafm\/2025\/02\/prefeitura-de-serra-talhada-convoca-mais-319-profissionais-para-educacao\/"}],"jetpack_publicize_connections":[],"jetpack_featured_media_url":"https:\/\/serrafm879.com.br\/serrafm\/wp-content\/uploads\/2023\/12\/PREFEITURA-1024x683-1.jpg","jetpack_shortlink":"https:\/\/wp.me\/p7HyXg-5iW","jetpack_sharing_enabled":true,"_links":{"self":[{"href":"https:\/\/serrafm879.com.br\/serrafm\/wp-json\/wp\/v2\/posts\/20394","targetHints":{"allow":["GET"]}}],"collection":[{"href":"https:\/\/serrafm879.com.br\/serrafm\/wp-json\/wp\/v2\/posts"}],"about":[{"href":"https:\/\/serrafm879.com.br\/serrafm\/wp-json\/wp\/v2\/types\/post"}],"author":[{"embeddable":true,"href":"https:\/\/serrafm879.com.br\/serrafm\/wp-json\/wp\/v2\/users\/2"}],"replies":[{"embeddable":true,"href":"https:\/\/serrafm879.com.br\/serrafm\/wp-json\/wp\/v2\/comments?post=20394"}],"version-history":[{"count":1,"href":"https:\/\/serrafm879.com.br\/serrafm\/wp-json\/wp\/v2\/posts\/20394\/revisions"}],"predecessor-version":[{"id":20395,"href":"https:\/\/serrafm879.com.br\/serrafm\/wp-json\/wp\/v2\/posts\/20394\/revisions\/20395"}],"wp:featuredmedia":[{"embeddable":true,"href":"https:\/\/serrafm879.com.br\/serrafm\/wp-json\/wp\/v2\/media\/15369"}],"wp:attachment":[{"href":"https:\/\/serrafm879.com.br\/serrafm\/wp-json\/wp\/v2\/media?parent=20394"}],"wp:term":[{"taxonomy":"category","embeddable":true,"href":"https:\/\/serrafm879.com.br\/serrafm\/wp-json\/wp\/v2\/categories?post=20394"},{"taxonomy":"post_tag","embeddable":true,"href":"https:\/\/serrafm879.com.br\/serrafm\/wp-json\/wp\/v2\/tags?post=20394"}],"curies":[{"name":"wp","href":"https:\/\/api.w.org\/{rel}","templated":true}]}}