{"id":20402,"date":"2025-02-06T18:05:18","date_gmt":"2025-02-06T21:05:18","guid":{"rendered":"https:\/?p=20402"},"modified":"2025-02-06T18:21:41","modified_gmt":"2025-02-06T21:21:41","slug":"jovem-serra-talhadense-brilha-no-time-do-goias-aos-17-anos","status":"publish","type":"post","link":"https:\/\/serrafm879.com.br\/serrafm\/2025\/02\/jovem-serra-talhadense-brilha-no-time-do-goias-aos-17-anos\/","title":{"rendered":"Jovem serra-talhadense brilha no time do Goi\u00e1s aos 17 anos"},"content":{"rendered":"<p>Por Marcos Silva \/Farol<\/p>\n<p>O jovem\u00a0<strong>Anthony Matheus de S\u00e1 Rodrigues Souza<\/strong>, 17 anos, talento serra-talhadense, tem sido destaque no futebol Brasil a fora ap\u00f3s passagens pelas categorias de base do Cear\u00e1 e Fortaleza, onde estava na disputa do Cearense Sub 17. Ele agora faz parte de um novo time, o\u00a0<a href=\"https:\/\/faroldenoticias.com.br\/categoria\/brasil\/\">Goi\u00e1s<\/a>.<\/p>\n<p>Anthony come\u00e7ou a jogar futebol aos 5 anos e desde ent\u00e3o teve total apoio dos seu pais. Em abril de 2022, o\u00a0<strong>Farol de Not\u00edcias<\/strong>\u00a0conversou com seus pais, Aleksandro Salvino e Daniela Rodrigues, quando ele passou a jogar como volante e meia do Cear\u00e1 Futebol Clube, na categoria sub 15.<\/p>\n<p>Em seguida, o jovem tamb\u00e9m jogou por um 1 ano e 7 meses no Fortaleza e desde o ano passado foi para o Goi\u00e1s Futebol Clube. Ap\u00f3s a contrata\u00e7\u00e3o do novo time.<\/p>\n<p>\u201cAnthony teve in\u00edcio ao futebol com apenas 5 anos de idade, sempre gostou de jogar bola desde muito pequeno. Sempre quando eu ia jogar o levava para os campos e quadras. Seu sonho \u00e9 chegar ao mais auto n\u00edvel no futebol e conquistar o sonho de crian\u00e7a, mas tamb\u00e9m sempre estudou. Em 2024 se formou terminando o 2\u00b0 grau completo com 17 anos. Fez a prova do Enem esse ano e t\u00e1 analisando fazer faculdade.\u00a0O sentimento da fam\u00edlia \u00e9 de gratid\u00e3o e orgulho por tudo que vem acontecendo. Fruto de muita coragem, esfor\u00e7o, compromisso e dedica\u00e7\u00e3o dele\u201d, descreveu o serra-talhadense.<\/p>\n<h3>TRAJET\u00d3RIA<\/h3>\n<p>Anthony teve suas primeiras passadas no futebol no centro esportivo Luiza Kehrle, com o professor Fiuza aos 5 anos. E tamb\u00e9m jogava futsal na escolinha da AABB, com professor Beto.<\/p>\n<p>Em seguida come\u00e7ou jogar na escolinha de Paulo Moura aos 6, 7 anos. J\u00e1 entre os 8, 9 anos come\u00e7ou a jogar no projeto do professor Licor, no est\u00e1dio Pereir\u00e3o.<\/p>\n<p>Ele passou ainda por alguns projetos de futebol com o professor Pedro da Malhada, com o professor Luiz Carlos, conhecido por Gordo, pela Escolinha do Serrano e ainda pela Escolinha do Serra Talhada FC, onde jogou por muito tempo com o professor Rog\u00e9rio.<\/p>\n<p>O serra-talhadense foi campe\u00e3o em v\u00e1rios campeonatos de futsal pelo Col\u00e9gio de Aplica\u00e7\u00e3o.<\/p>\n<h3>SELE\u00c7\u00d5ES EM TIMES<\/h3>\n<p>O jovem iniciou sua primeira peneira no futebol de Campo, aos 10 anos, participando de uma peneira do Vasco da Gama, na cidade de Concei\u00e7\u00e3o-PB e foi aprovado.<\/p>\n<p>Mas, por ser muito novo, os pais n\u00e3o tiveram como levar para o Rio de Janeiro, onde l\u00e1, ele iria dar in\u00edcio a um teste no Vasco e possivelmente, a fam\u00edlia teria que morar l\u00e1.<\/p>\n<p>A fam\u00edlia n\u00e3o desistiu e quando Anthony ia fazer 12 anos, o levaram para a cidade do Rio de Janeiro. Em seguida, ele fez um teste no Am\u00e9rica e passou, entretanto, por causa da idade, n\u00e3o podia alojar. Ent\u00e3o retornaram para o Nordeste.<\/p>\n<p>\u201cEle fez outra peneira do Flamengo, na cidade de Caruaru, com mais de 150 atletas e passou tamb\u00e9m, embora a organiza\u00e7\u00e3o n\u00e3o tenha dado mais informa\u00e7\u00f5es. Aos 12 anos, Anthony passou por uma sele\u00e7\u00e3o do Retr\u00f4, na cidade de Camaragibe-PE, onde foi aprovado e ficou na base do time por 1 ano, sendo depois, dispensado\u201d, relembrou o pai, complementando:<\/p>\n<p>\u201cAos 14 anos de idade, passou por uma nova sele\u00e7\u00e3o no Cear\u00e1 FC e tamb\u00e9m foi aprovado. Neste time ficou por quase 2 anos, foi campe\u00e3o em alguns campeonatos estaduais Sub.14 e Sub.15. Aos 16 anos, foi para o time do Fortaleza, onde jogou por pouco mais de 1 ano\u201d.<\/p>\n<h3><b>CHEGADA AO GOI\u00c1S<\/b><\/h3>\n<p>Anthony chegou ao Goi\u00e1s ap\u00f3s negocia\u00e7\u00e3o com o Fortaleza, em 2024 e j\u00e1 foi logo disputando a Copa do Brasil Sub 20 e a Ta\u00e7a Man\u00e9 Garrincha Sub 17, onde teve boas atua\u00e7\u00f5es, chegando a fazer gols e contribuindo para que o time fosse campe\u00e3o.<\/p>\n<p>Com sua alta performance, o serra-talhadense despertou os olhares da diretoria do Goi\u00e1s, para assinar seu primeiro contrato profissional aos 17 anos de idade.<\/p>\n","protected":false},"excerpt":{"rendered":"<p>Por Marcos Silva \/Farol O jovem\u00a0Anthony Matheus de S\u00e1 Rodrigues Souza, 17 anos, talento serra-talhadense, tem sido destaque no futebol Brasil a fora ap\u00f3s passagens pelas categorias de base do Cear\u00e1 e Fortaleza, onde estava na disputa do Cearense Sub 17. Ele agora faz parte de um novo time, o\u00a0Goi\u00e1s. Anthony come\u00e7ou a jogar futebol aos 5 anos e desde ent\u00e3o teve total apoio dos seu pais. Em abril de 2022, o\u00a0Farol de Not\u00edcias\u00a0conversou com seus pais, Aleksandro Salvino e Daniela Rodrigues, quando ele passou a jogar como volante e meia do Cear\u00e1 Futebol Clube, na categoria sub 15. Em [&hellip;]<\/p>\n","protected":false},"author":2,"featured_media":20403,"comment_status":"open","ping_status":"open","sticky":false,"template":"","format":"standard","meta":{"_jetpack_newsletter_access":"","_jetpack_dont_email_post_to_subs":false,"_jetpack_newsletter_tier_id":0,"_jetpack_memberships_contains_paywalled_content":false,"_jetpack_feature_clip_id":0,"_jetpack_memberships_contains_paid_content":false,"footnotes":"","jetpack_publicize_message":"","jetpack_publicize_feature_enabled":true,"jetpack_social_post_already_shared":true,"jetpack_social_options":{"image_generator_settings":{"template":"highway","default_image_id":0,"font":"","enabled":false},"version":2},"jetpack_post_was_ever_published":false},"categories":[1],"tags":[],"class_list":["post-20402","post","type-post","status-publish","format-standard","has-post-thumbnail","hentry","category-uncategorized"],"aioseo_notices":[],"aioseo_head":"\n\t\t<!-- All in One SEO 4.9.10 - aioseo.com -->\n\t<meta name=\"description\" content=\"Por Marcos Silva \/Farol O jovem Anthony Matheus de S\u00e1 Rodrigues Souza, 17 anos, talento serra-talhadense, tem sido destaque no futebol Brasil a fora ap\u00f3s passagens pelas categorias de base do Cear\u00e1 e Fortaleza, onde estava na disputa do Cearense Sub 17. Ele agora faz parte de um novo time, o Goi\u00e1s. Anthony come\u00e7ou a jogar futebol\" \/>\n\t<meta name=\"robots\" content=\"max-image-preview:large\" \/>\n\t<meta name=\"author\" content=\"serrafm87\"\/>\n\t<link rel=\"canonical\" href=\"https:\/\/serrafm879.com.br\/serrafm\/2025\/02\/jovem-serra-talhadense-brilha-no-time-do-goias-aos-17-anos\/\" \/>\n\t<meta name=\"generator\" content=\"All in One SEO (AIOSEO) 4.9.10\" \/>\n\t\t<meta name=\"twitter:card\" content=\"summary_large_image\" \/>\n\t\t<meta name=\"twitter:title\" content=\"Jovem serra-talhadense brilha no time do Goi\u00e1s aos 17 anos - Serra FM 87,9\" \/>\n\t\t<meta name=\"twitter:description\" content=\"Por Marcos Silva \/Farol O jovem Anthony Matheus de S\u00e1 Rodrigues Souza, 17 anos, talento serra-talhadense, tem sido destaque no futebol Brasil a fora ap\u00f3s passagens pelas categorias de base do Cear\u00e1 e Fortaleza, onde estava na disputa do Cearense Sub 17. Ele agora faz parte de um novo time, o Goi\u00e1s. Anthony come\u00e7ou a jogar futebol\" \/>\n\t\t<meta name=\"twitter:image\" content=\"https:\/\/serrafm879.com.br\/serrafm\/wp-content\/uploads\/2025\/02\/WhatsApp-Image-2025-02-03-at-17.18.26-3-1536x1229-1-e1738876894765.jpeg\" \/>\n\t\t<script type=\"application\/ld+json\" class=\"aioseo-schema\">\n\t\t\t{\"@context\":\"https:\\\/\\\/schema.org\",\"@graph\":[{\"@type\":\"BlogPosting\",\"@id\":\"https:\\\/\\\/serrafm879.com.br\\\/serrafm\\\/2025\\\/02\\\/jovem-serra-talhadense-brilha-no-time-do-goias-aos-17-anos\\\/#blogposting\",\"name\":\"Jovem serra-talhadense brilha no time do Goi\\u00e1s aos 17 anos - Serra FM 87,9\",\"headline\":\"Jovem serra-talhadense brilha no time do Goi\\u00e1s aos 17 anos\",\"author\":{\"@id\":\"https:\\\/\\\/serrafm879.com.br\\\/serrafm\\\/author\\\/serrafm87\\\/#author\"},\"publisher\":{\"@id\":\"https:\\\/\\\/serrafm879.com.br\\\/serrafm\\\/#organization\"},\"image\":{\"@type\":\"ImageObject\",\"url\":\"https:\\\/\\\/serrafm879.com.br\\\/serrafm\\\/wp-content\\\/uploads\\\/2025\\\/02\\\/WhatsApp-Image-2025-02-03-at-17.18.26-3-1536x1229-1-e1738876894765.jpeg\",\"width\":599,\"height\":426},\"datePublished\":\"2025-02-06T18:05:18-03:00\",\"dateModified\":\"2025-02-06T18:21:41-03:00\",\"inLanguage\":\"pt-BR\",\"mainEntityOfPage\":{\"@id\":\"https:\\\/\\\/serrafm879.com.br\\\/serrafm\\\/2025\\\/02\\\/jovem-serra-talhadense-brilha-no-time-do-goias-aos-17-anos\\\/#webpage\"},\"isPartOf\":{\"@id\":\"https:\\\/\\\/serrafm879.com.br\\\/serrafm\\\/2025\\\/02\\\/jovem-serra-talhadense-brilha-no-time-do-goias-aos-17-anos\\\/#webpage\"},\"articleSection\":\"Uncategorized\"},{\"@type\":\"BreadcrumbList\",\"@id\":\"https:\\\/\\\/serrafm879.com.br\\\/serrafm\\\/2025\\\/02\\\/jovem-serra-talhadense-brilha-no-time-do-goias-aos-17-anos\\\/#breadcrumblist\",\"itemListElement\":[{\"@type\":\"ListItem\",\"@id\":\"https:\\\/\\\/serrafm879.com.br\\\/serrafm#listItem\",\"position\":1,\"name\":\"Home\",\"item\":\"https:\\\/\\\/serrafm879.com.br\\\/serrafm\",\"nextItem\":{\"@type\":\"ListItem\",\"@id\":\"https:\\\/\\\/serrafm879.com.br\\\/serrafm\\\/categoria\\\/uncategorized\\\/#listItem\",\"name\":\"Uncategorized\"}},{\"@type\":\"ListItem\",\"@id\":\"https:\\\/\\\/serrafm879.com.br\\\/serrafm\\\/categoria\\\/uncategorized\\\/#listItem\",\"position\":2,\"name\":\"Uncategorized\",\"item\":\"https:\\\/\\\/serrafm879.com.br\\\/serrafm\\\/categoria\\\/uncategorized\\\/\",\"nextItem\":{\"@type\":\"ListItem\",\"@id\":\"https:\\\/\\\/serrafm879.com.br\\\/serrafm\\\/2025\\\/02\\\/jovem-serra-talhadense-brilha-no-time-do-goias-aos-17-anos\\\/#listItem\",\"name\":\"Jovem serra-talhadense brilha no time do Goi\\u00e1s aos 17 anos\"},\"previousItem\":{\"@type\":\"ListItem\",\"@id\":\"https:\\\/\\\/serrafm879.com.br\\\/serrafm#listItem\",\"name\":\"Home\"}},{\"@type\":\"ListItem\",\"@id\":\"https:\\\/\\\/serrafm879.com.br\\\/serrafm\\\/2025\\\/02\\\/jovem-serra-talhadense-brilha-no-time-do-goias-aos-17-anos\\\/#listItem\",\"position\":3,\"name\":\"Jovem serra-talhadense brilha no time do Goi\\u00e1s aos 17 anos\",\"previousItem\":{\"@type\":\"ListItem\",\"@id\":\"https:\\\/\\\/serrafm879.com.br\\\/serrafm\\\/categoria\\\/uncategorized\\\/#listItem\",\"name\":\"Uncategorized\"}}]},{\"@type\":\"Organization\",\"@id\":\"https:\\\/\\\/serrafm879.com.br\\\/serrafm\\\/#organization\",\"name\":\"Serra FM 87,9\",\"description\":\"O seu novo amor!\",\"url\":\"https:\\\/\\\/serrafm879.com.br\\\/serrafm\\\/\"},{\"@type\":\"Person\",\"@id\":\"https:\\\/\\\/serrafm879.com.br\\\/serrafm\\\/author\\\/serrafm87\\\/#author\",\"url\":\"https:\\\/\\\/serrafm879.com.br\\\/serrafm\\\/author\\\/serrafm87\\\/\",\"name\":\"serrafm87\",\"image\":{\"@type\":\"ImageObject\",\"@id\":\"https:\\\/\\\/serrafm879.com.br\\\/serrafm\\\/2025\\\/02\\\/jovem-serra-talhadense-brilha-no-time-do-goias-aos-17-anos\\\/#authorImage\",\"url\":\"https:\\\/\\\/secure.gravatar.com\\\/avatar\\\/a743233f1112d34f48bb3dc9559b76eb930bab8b27175856cba6362608736235?s=96&d=mm&r=g\",\"width\":96,\"height\":96,\"caption\":\"serrafm87\"}},{\"@type\":\"WebPage\",\"@id\":\"https:\\\/\\\/serrafm879.com.br\\\/serrafm\\\/2025\\\/02\\\/jovem-serra-talhadense-brilha-no-time-do-goias-aos-17-anos\\\/#webpage\",\"url\":\"https:\\\/\\\/serrafm879.com.br\\\/serrafm\\\/2025\\\/02\\\/jovem-serra-talhadense-brilha-no-time-do-goias-aos-17-anos\\\/\",\"name\":\"Jovem serra-talhadense brilha no time do Goi\\u00e1s aos 17 anos - Serra FM 87,9\",\"description\":\"Por Marcos Silva \\\/Farol O jovem Anthony Matheus de S\\u00e1 Rodrigues Souza, 17 anos, talento serra-talhadense, tem sido destaque no futebol Brasil a fora ap\\u00f3s passagens pelas categorias de base do Cear\\u00e1 e Fortaleza, onde estava na disputa do Cearense Sub 17. Ele agora faz parte de um novo time, o Goi\\u00e1s. Anthony come\\u00e7ou a jogar futebol\",\"inLanguage\":\"pt-BR\",\"isPartOf\":{\"@id\":\"https:\\\/\\\/serrafm879.com.br\\\/serrafm\\\/#website\"},\"breadcrumb\":{\"@id\":\"https:\\\/\\\/serrafm879.com.br\\\/serrafm\\\/2025\\\/02\\\/jovem-serra-talhadense-brilha-no-time-do-goias-aos-17-anos\\\/#breadcrumblist\"},\"author\":{\"@id\":\"https:\\\/\\\/serrafm879.com.br\\\/serrafm\\\/author\\\/serrafm87\\\/#author\"},\"creator\":{\"@id\":\"https:\\\/\\\/serrafm879.com.br\\\/serrafm\\\/author\\\/serrafm87\\\/#author\"},\"image\":{\"@type\":\"ImageObject\",\"url\":\"https:\\\/\\\/serrafm879.com.br\\\/serrafm\\\/wp-content\\\/uploads\\\/2025\\\/02\\\/WhatsApp-Image-2025-02-03-at-17.18.26-3-1536x1229-1-e1738876894765.jpeg\",\"@id\":\"https:\\\/\\\/serrafm879.com.br\\\/serrafm\\\/2025\\\/02\\\/jovem-serra-talhadense-brilha-no-time-do-goias-aos-17-anos\\\/#mainImage\",\"width\":599,\"height\":426},\"primaryImageOfPage\":{\"@id\":\"https:\\\/\\\/serrafm879.com.br\\\/serrafm\\\/2025\\\/02\\\/jovem-serra-talhadense-brilha-no-time-do-goias-aos-17-anos\\\/#mainImage\"},\"datePublished\":\"2025-02-06T18:05:18-03:00\",\"dateModified\":\"2025-02-06T18:21:41-03:00\"},{\"@type\":\"WebSite\",\"@id\":\"https:\\\/\\\/serrafm879.com.br\\\/serrafm\\\/#website\",\"url\":\"https:\\\/\\\/serrafm879.com.br\\\/serrafm\\\/\",\"name\":\"Serra FM 87,9\",\"description\":\"O seu novo amor!\",\"inLanguage\":\"pt-BR\",\"publisher\":{\"@id\":\"https:\\\/\\\/serrafm879.com.br\\\/serrafm\\\/#organization\"}}]}\n\t\t<\/script>\n\t\t<!-- All in One SEO -->\n\n","aioseo_head_json":{"title":"Jovem serra-talhadense brilha no time do Goi\u00e1s aos 17 anos - Serra FM 87,9","description":"Por Marcos Silva \/Farol O jovem Anthony Matheus de S\u00e1 Rodrigues Souza, 17 anos, talento serra-talhadense, tem sido destaque no futebol Brasil a fora ap\u00f3s passagens pelas categorias de base do Cear\u00e1 e Fortaleza, onde estava na disputa do Cearense Sub 17. Ele agora faz parte de um novo time, o Goi\u00e1s. Anthony come\u00e7ou a jogar futebol","canonical_url":"https:\/\/serrafm879.com.br\/serrafm\/2025\/02\/jovem-serra-talhadense-brilha-no-time-do-goias-aos-17-anos\/","robots":"max-image-preview:large","keywords":"","webmasterTools":{"miscellaneous":""},"schema":{"@context":"https:\/\/schema.org","@graph":[{"@type":"BlogPosting","@id":"https:\/\/serrafm879.com.br\/serrafm\/2025\/02\/jovem-serra-talhadense-brilha-no-time-do-goias-aos-17-anos\/#blogposting","name":"Jovem serra-talhadense brilha no time do Goi\u00e1s aos 17 anos - Serra FM 87,9","headline":"Jovem serra-talhadense brilha no time do Goi\u00e1s aos 17 anos","author":{"@id":"https:\/\/serrafm879.com.br\/serrafm\/author\/serrafm87\/#author"},"publisher":{"@id":"https:\/\/serrafm879.com.br\/serrafm\/#organization"},"image":{"@type":"ImageObject","url":"https:\/\/serrafm879.com.br\/serrafm\/wp-content\/uploads\/2025\/02\/WhatsApp-Image-2025-02-03-at-17.18.26-3-1536x1229-1-e1738876894765.jpeg","width":599,"height":426},"datePublished":"2025-02-06T18:05:18-03:00","dateModified":"2025-02-06T18:21:41-03:00","inLanguage":"pt-BR","mainEntityOfPage":{"@id":"https:\/\/serrafm879.com.br\/serrafm\/2025\/02\/jovem-serra-talhadense-brilha-no-time-do-goias-aos-17-anos\/#webpage"},"isPartOf":{"@id":"https:\/\/serrafm879.com.br\/serrafm\/2025\/02\/jovem-serra-talhadense-brilha-no-time-do-goias-aos-17-anos\/#webpage"},"articleSection":"Uncategorized"},{"@type":"BreadcrumbList","@id":"https:\/\/serrafm879.com.br\/serrafm\/2025\/02\/jovem-serra-talhadense-brilha-no-time-do-goias-aos-17-anos\/#breadcrumblist","itemListElement":[{"@type":"ListItem","@id":"https:\/\/serrafm879.com.br\/serrafm#listItem","position":1,"name":"Home","item":"https:\/\/serrafm879.com.br\/serrafm","nextItem":{"@type":"ListItem","@id":"https:\/\/serrafm879.com.br\/serrafm\/categoria\/uncategorized\/#listItem","name":"Uncategorized"}},{"@type":"ListItem","@id":"https:\/\/serrafm879.com.br\/serrafm\/categoria\/uncategorized\/#listItem","position":2,"name":"Uncategorized","item":"https:\/\/serrafm879.com.br\/serrafm\/categoria\/uncategorized\/","nextItem":{"@type":"ListItem","@id":"https:\/\/serrafm879.com.br\/serrafm\/2025\/02\/jovem-serra-talhadense-brilha-no-time-do-goias-aos-17-anos\/#listItem","name":"Jovem serra-talhadense brilha no time do Goi\u00e1s aos 17 anos"},"previousItem":{"@type":"ListItem","@id":"https:\/\/serrafm879.com.br\/serrafm#listItem","name":"Home"}},{"@type":"ListItem","@id":"https:\/\/serrafm879.com.br\/serrafm\/2025\/02\/jovem-serra-talhadense-brilha-no-time-do-goias-aos-17-anos\/#listItem","position":3,"name":"Jovem serra-talhadense brilha no time do Goi\u00e1s aos 17 anos","previousItem":{"@type":"ListItem","@id":"https:\/\/serrafm879.com.br\/serrafm\/categoria\/uncategorized\/#listItem","name":"Uncategorized"}}]},{"@type":"Organization","@id":"https:\/\/serrafm879.com.br\/serrafm\/#organization","name":"Serra FM 87,9","description":"O seu novo amor!","url":"https:\/\/serrafm879.com.br\/serrafm\/"},{"@type":"Person","@id":"https:\/\/serrafm879.com.br\/serrafm\/author\/serrafm87\/#author","url":"https:\/\/serrafm879.com.br\/serrafm\/author\/serrafm87\/","name":"serrafm87","image":{"@type":"ImageObject","@id":"https:\/\/serrafm879.com.br\/serrafm\/2025\/02\/jovem-serra-talhadense-brilha-no-time-do-goias-aos-17-anos\/#authorImage","url":"https:\/\/secure.gravatar.com\/avatar\/a743233f1112d34f48bb3dc9559b76eb930bab8b27175856cba6362608736235?s=96&d=mm&r=g","width":96,"height":96,"caption":"serrafm87"}},{"@type":"WebPage","@id":"https:\/\/serrafm879.com.br\/serrafm\/2025\/02\/jovem-serra-talhadense-brilha-no-time-do-goias-aos-17-anos\/#webpage","url":"https:\/\/serrafm879.com.br\/serrafm\/2025\/02\/jovem-serra-talhadense-brilha-no-time-do-goias-aos-17-anos\/","name":"Jovem serra-talhadense brilha no time do Goi\u00e1s aos 17 anos - Serra FM 87,9","description":"Por Marcos Silva \/Farol O jovem Anthony Matheus de S\u00e1 Rodrigues Souza, 17 anos, talento serra-talhadense, tem sido destaque no futebol Brasil a fora ap\u00f3s passagens pelas categorias de base do Cear\u00e1 e Fortaleza, onde estava na disputa do Cearense Sub 17. Ele agora faz parte de um novo time, o Goi\u00e1s. Anthony come\u00e7ou a jogar futebol","inLanguage":"pt-BR","isPartOf":{"@id":"https:\/\/serrafm879.com.br\/serrafm\/#website"},"breadcrumb":{"@id":"https:\/\/serrafm879.com.br\/serrafm\/2025\/02\/jovem-serra-talhadense-brilha-no-time-do-goias-aos-17-anos\/#breadcrumblist"},"author":{"@id":"https:\/\/serrafm879.com.br\/serrafm\/author\/serrafm87\/#author"},"creator":{"@id":"https:\/\/serrafm879.com.br\/serrafm\/author\/serrafm87\/#author"},"image":{"@type":"ImageObject","url":"https:\/\/serrafm879.com.br\/serrafm\/wp-content\/uploads\/2025\/02\/WhatsApp-Image-2025-02-03-at-17.18.26-3-1536x1229-1-e1738876894765.jpeg","@id":"https:\/\/serrafm879.com.br\/serrafm\/2025\/02\/jovem-serra-talhadense-brilha-no-time-do-goias-aos-17-anos\/#mainImage","width":599,"height":426},"primaryImageOfPage":{"@id":"https:\/\/serrafm879.com.br\/serrafm\/2025\/02\/jovem-serra-talhadense-brilha-no-time-do-goias-aos-17-anos\/#mainImage"},"datePublished":"2025-02-06T18:05:18-03:00","dateModified":"2025-02-06T18:21:41-03:00"},{"@type":"WebSite","@id":"https:\/\/serrafm879.com.br\/serrafm\/#website","url":"https:\/\/serrafm879.com.br\/serrafm\/","name":"Serra FM 87,9","description":"O seu novo amor!","inLanguage":"pt-BR","publisher":{"@id":"https:\/\/serrafm879.com.br\/serrafm\/#organization"}}]},"twitter:card":"summary_large_image","twitter:title":"Jovem serra-talhadense brilha no time do Goi\u00e1s aos 17 anos - Serra FM 87,9","twitter:description":"Por Marcos Silva \/Farol O jovem Anthony Matheus de S\u00e1 Rodrigues Souza, 17 anos, talento serra-talhadense, tem sido destaque no futebol Brasil a fora ap\u00f3s passagens pelas categorias de base do Cear\u00e1 e Fortaleza, onde estava na disputa do Cearense Sub 17. Ele agora faz parte de um novo time, o Goi\u00e1s. Anthony come\u00e7ou a jogar futebol","twitter:image":"https:\/\/serrafm879.com.br\/serrafm\/wp-content\/uploads\/2025\/02\/WhatsApp-Image-2025-02-03-at-17.18.26-3-1536x1229-1-e1738876894765.jpeg"},"aioseo_meta_data":{"post_id":"20402","title":null,"description":null,"keywords":null,"keyphrases":null,"primary_term":null,"canonical_url":null,"og_title":null,"og_description":null,"og_object_type":"default","og_image_type":"default","og_image_custom_url":null,"og_image_custom_fields":null,"og_image_url":null,"og_image_width":null,"og_image_height":null,"og_video":null,"og_custom_url":null,"og_article_section":null,"og_article_tags":null,"twitter_use_og":false,"twitter_card":"default","twitter_image_type":"default","twitter_image_custom_url":null,"twitter_image_custom_fields":null,"twitter_image_url":null,"twitter_title":null,"twitter_description":null,"schema_type":"default","schema_type_options":null,"schema":{"blockGraphs":[],"customGraphs":[],"default":{"data":{"Article":[],"Course":[],"Dataset":[],"FAQPage":[],"Movie":[],"Person":[],"Product":[],"ProductReview":[],"Car":[],"Recipe":[],"Service":[],"SoftwareApplication":[],"WebPage":[]},"graphName":"","isEnabled":true},"graphs":[]},"pillar_content":false,"robots_default":true,"robots_noindex":false,"robots_noarchive":false,"robots_nosnippet":false,"robots_nofollow":false,"robots_noimageindex":false,"robots_noodp":false,"robots_notranslate":false,"robots_max_snippet":null,"robots_max_videopreview":null,"robots_max_imagepreview":"large","priority":null,"frequency":null,"local_seo":null,"limit_modified_date":false,"ai":null,"breadcrumb_settings":null,"seo_analyzer_scan_date":null,"created":"2026-07-21 13:29:05","updated":"2026-07-21 13:29:05"},"aioseo_breadcrumb":"<div class=\"aioseo-breadcrumbs\"><span class=\"aioseo-breadcrumb\">\n\t\t\t<a href=\"https:\/\/serrafm879.com.br\/serrafm\" title=\"Home\">Home<\/a>\n\t\t<\/span><span class=\"aioseo-breadcrumb-separator\">&raquo;<\/span><span class=\"aioseo-breadcrumb\">\n\t\t\t<a href=\"https:\/\/serrafm879.com.br\/serrafm\/categoria\/uncategorized\/\" title=\"Uncategorized\">Uncategorized<\/a>\n\t\t<\/span><span class=\"aioseo-breadcrumb-separator\">&raquo;<\/span><span class=\"aioseo-breadcrumb\">\n\t\t\tJovem serra-talhadense brilha no time do Goi\u00e1s aos 17 anos\n\t\t<\/span><\/div>","aioseo_breadcrumb_json":[{"label":"Home","link":"https:\/\/serrafm879.com.br\/serrafm"},{"label":"Uncategorized","link":"https:\/\/serrafm879.com.br\/serrafm\/categoria\/uncategorized\/"},{"label":"Jovem serra-talhadense brilha no time do Goi\u00e1s aos 17 anos","link":"https:\/\/serrafm879.com.br\/serrafm\/2025\/02\/jovem-serra-talhadense-brilha-no-time-do-goias-aos-17-anos\/"}],"jetpack_publicize_connections":[],"jetpack_featured_media_url":"https:\/\/serrafm879.com.br\/serrafm\/wp-content\/uploads\/2025\/02\/WhatsApp-Image-2025-02-03-at-17.18.26-3-1536x1229-1-e1738876894765.jpeg","jetpack_shortlink":"https:\/\/wp.me\/p7HyXg-5j4","jetpack_sharing_enabled":true,"_links":{"self":[{"href":"https:\/\/serrafm879.com.br\/serrafm\/wp-json\/wp\/v2\/posts\/20402","targetHints":{"allow":["GET"]}}],"collection":[{"href":"https:\/\/serrafm879.com.br\/serrafm\/wp-json\/wp\/v2\/posts"}],"about":[{"href":"https:\/\/serrafm879.com.br\/serrafm\/wp-json\/wp\/v2\/types\/post"}],"author":[{"embeddable":true,"href":"https:\/\/serrafm879.com.br\/serrafm\/wp-json\/wp\/v2\/users\/2"}],"replies":[{"embeddable":true,"href":"https:\/\/serrafm879.com.br\/serrafm\/wp-json\/wp\/v2\/comments?post=20402"}],"version-history":[{"count":1,"href":"https:\/\/serrafm879.com.br\/serrafm\/wp-json\/wp\/v2\/posts\/20402\/revisions"}],"predecessor-version":[{"id":20404,"href":"https:\/\/serrafm879.com.br\/serrafm\/wp-json\/wp\/v2\/posts\/20402\/revisions\/20404"}],"wp:featuredmedia":[{"embeddable":true,"href":"https:\/\/serrafm879.com.br\/serrafm\/wp-json\/wp\/v2\/media\/20403"}],"wp:attachment":[{"href":"https:\/\/serrafm879.com.br\/serrafm\/wp-json\/wp\/v2\/media?parent=20402"}],"wp:term":[{"taxonomy":"category","embeddable":true,"href":"https:\/\/serrafm879.com.br\/serrafm\/wp-json\/wp\/v2\/categories?post=20402"},{"taxonomy":"post_tag","embeddable":true,"href":"https:\/\/serrafm879.com.br\/serrafm\/wp-json\/wp\/v2\/tags?post=20402"}],"curies":[{"name":"wp","href":"https:\/\/api.w.org\/{rel}","templated":true}]}}