{"id":20405,"date":"2025-02-06T18:11:49","date_gmt":"2025-02-06T21:11:49","guid":{"rendered":"https:\/?p=20405"},"modified":"2025-02-06T18:14:29","modified_gmt":"2025-02-06T21:14:29","slug":"em-carnaiba-fabrica-de-cimentos-pajeu-fecha-as-portas","status":"publish","type":"post","link":"https:\/\/serrafm879.com.br\/serrafm\/2025\/02\/em-carnaiba-fabrica-de-cimentos-pajeu-fecha-as-portas\/","title":{"rendered":"Em Carna\u00edba, f\u00e1brica de cimentos Paje\u00fa fecha as portas"},"content":{"rendered":"<p>Em 12 de Abril do ano de 2013, o ent\u00e3o governador do Estado de Pernambuco, Eduardo Campos, e o Secret\u00e1rio de Agricultura e Reforma Agr\u00e1ria, Ranilson Ramos, al\u00e9m do Secret\u00e1rio Executivo de Agricultura Familiar, Aldo Santos, daquela gest\u00e3o de Eduardo Campos, estiveram no\u00a0 munic\u00edpio de Carna\u00edba no sert\u00e3o do Paje\u00fa para inaugura a t\u00e3o esperada f\u00e1brica de Cimento Paje\u00fa, que deveria gerar naquela \u00e9poca, um montante de 140 empregos diretos.<\/p>\n<p>A esperan\u00e7a do povo carnaibano era de uma nova fonte de renda para a cidade, mas tudo o que aconteceu foi muitas dores de cabe\u00e7a para as pessoas que l\u00e1 entravam para trabalhar e garantir o sustento de suas fam\u00edlias.<\/p>\n<p>Ap\u00f3s v\u00e1rias tentativas de d\u00e1 certo, inclusive com o arrendamento da f\u00e1brica em 2024, a industria citada acabou fechando as portas.<\/p>\n<p>Hoje, a unidade que fica \u00e0 margem da Rodovia PE 320, na comunidade da Santa Rosa, na sa\u00edda para a cidade de Flores, est\u00e1 de portas fechadas, apenas com um pequeno n\u00famero de seguran\u00e7as para evitar saqueamento.<\/p>\n<p>Muitos trabalhadores que l\u00e1 prestaram servi\u00e7os recorrem \u00e0 justi\u00e7a para receber seus sal\u00e1rios atrasados e direitos trabalhistas.<\/p>\n<p>Na cidade n\u00e3o se encontra um escrit\u00f3rio de representatividade da falida f\u00e1brica. Muitos ex funcion\u00e1rios tem que cobrar seus direitos no Minist\u00e9rio P\u00fablico e no Minist\u00e9rio do Trabalho no intuito de informa\u00e7\u00f5es sobre pagamentos e direitos.<\/p>\n<p>12 anos depois a pol\u00eamica f\u00e1brica de cimento existe apenas em pr\u00e9dio, desapontando a esperan\u00e7a de muitos carnaibanos.<\/p>\n<p>Desapropriaram na \u00e9poca, cerca de 20 fam\u00edlias e destru\u00edram o pequeno povoado da Santa Rosa, inclusive a capela da comunidade, tirando daqueles moradores suas terras que serviam para planta\u00e7\u00f5es, sobreviv\u00eancia do gado e suas moradias. Perderam seus terrenos e casas e em trocas recebem (alguns deles), casas populares na cidade como forma de indeniza\u00e7\u00f5es.<\/p>\n<p>&nbsp;<\/p>\n<p>Fonte: Blog Cau\u00ea Rodrigues<\/p>\n<p>&nbsp;<\/p>\n","protected":false},"excerpt":{"rendered":"<p>Em 12 de Abril do ano de 2013, o ent\u00e3o governador do Estado de Pernambuco, Eduardo Campos, e o Secret\u00e1rio de Agricultura e Reforma Agr\u00e1ria, Ranilson Ramos, al\u00e9m do Secret\u00e1rio Executivo de Agricultura Familiar, Aldo Santos, daquela gest\u00e3o de Eduardo Campos, estiveram no\u00a0 munic\u00edpio de Carna\u00edba no sert\u00e3o do Paje\u00fa para inaugura a t\u00e3o esperada f\u00e1brica de Cimento Paje\u00fa, que deveria gerar naquela \u00e9poca, um montante de 140 empregos diretos. A esperan\u00e7a do povo carnaibano era de uma nova fonte de renda para a cidade, mas tudo o que aconteceu foi muitas dores de cabe\u00e7a para as pessoas que l\u00e1 [&hellip;]<\/p>\n","protected":false},"author":2,"featured_media":20408,"comment_status":"open","ping_status":"open","sticky":false,"template":"","format":"standard","meta":{"_jetpack_newsletter_access":"","_jetpack_dont_email_post_to_subs":false,"_jetpack_newsletter_tier_id":0,"_jetpack_memberships_contains_paywalled_content":false,"_jetpack_feature_clip_id":0,"_jetpack_memberships_contains_paid_content":false,"footnotes":"","jetpack_publicize_message":"","jetpack_publicize_feature_enabled":true,"jetpack_social_post_already_shared":true,"jetpack_social_options":{"image_generator_settings":{"template":"highway","default_image_id":0,"font":"","enabled":false},"version":2},"jetpack_post_was_ever_published":false},"categories":[2],"tags":[],"class_list":["post-20405","post","type-post","status-publish","format-standard","has-post-thumbnail","hentry","category-noticias"],"aioseo_notices":[],"aioseo_head":"\n\t\t<!-- All in One SEO 4.9.10 - aioseo.com -->\n\t<meta name=\"description\" content=\"Em 12 de Abril do ano de 2013, o ent\u00e3o governador do Estado de Pernambuco, Eduardo Campos, e o Secret\u00e1rio de Agricultura e Reforma Agr\u00e1ria, Ranilson Ramos, al\u00e9m do Secret\u00e1rio Executivo de Agricultura Familiar, Aldo Santos, daquela gest\u00e3o de Eduardo Campos, estiveram no munic\u00edpio de Carna\u00edba no sert\u00e3o do Paje\u00fa para inaugura a t\u00e3o esperada\" \/>\n\t<meta name=\"robots\" content=\"max-image-preview:large\" \/>\n\t<meta name=\"author\" content=\"serrafm87\"\/>\n\t<link rel=\"canonical\" href=\"https:\/\/serrafm879.com.br\/serrafm\/2025\/02\/em-carnaiba-fabrica-de-cimentos-pajeu-fecha-as-portas\/\" \/>\n\t<meta name=\"generator\" content=\"All in One SEO (AIOSEO) 4.9.10\" \/>\n\t\t<meta name=\"twitter:card\" content=\"summary_large_image\" \/>\n\t\t<meta name=\"twitter:title\" content=\"Em Carna\u00edba, f\u00e1brica de cimentos Paje\u00fa fecha as portas - Serra FM 87,9\" \/>\n\t\t<meta name=\"twitter:description\" content=\"Em 12 de Abril do ano de 2013, o ent\u00e3o governador do Estado de Pernambuco, Eduardo Campos, e o Secret\u00e1rio de Agricultura e Reforma Agr\u00e1ria, Ranilson Ramos, al\u00e9m do Secret\u00e1rio Executivo de Agricultura Familiar, Aldo Santos, daquela gest\u00e3o de Eduardo Campos, estiveram no munic\u00edpio de Carna\u00edba no sert\u00e3o do Paje\u00fa para inaugura a t\u00e3o esperada\" \/>\n\t\t<meta name=\"twitter:image\" content=\"https:\/\/serrafm879.com.br\/serrafm\/wp-content\/uploads\/2025\/02\/fabrica-de-cimento-pajeu-em-carnaiba-5-1536x1152-1.jpg\" \/>\n\t\t<script type=\"application\/ld+json\" class=\"aioseo-schema\">\n\t\t\t{\"@context\":\"https:\\\/\\\/schema.org\",\"@graph\":[{\"@type\":\"BlogPosting\",\"@id\":\"https:\\\/\\\/serrafm879.com.br\\\/serrafm\\\/2025\\\/02\\\/em-carnaiba-fabrica-de-cimentos-pajeu-fecha-as-portas\\\/#blogposting\",\"name\":\"Em Carna\\u00edba, f\\u00e1brica de cimentos Paje\\u00fa fecha as portas - Serra FM 87,9\",\"headline\":\"Em Carna\\u00edba, f\\u00e1brica de cimentos Paje\\u00fa fecha as portas\",\"author\":{\"@id\":\"https:\\\/\\\/serrafm879.com.br\\\/serrafm\\\/author\\\/serrafm87\\\/#author\"},\"publisher\":{\"@id\":\"https:\\\/\\\/serrafm879.com.br\\\/serrafm\\\/#organization\"},\"image\":{\"@type\":\"ImageObject\",\"url\":\"https:\\\/\\\/serrafm879.com.br\\\/serrafm\\\/wp-content\\\/uploads\\\/2025\\\/02\\\/fabrica-de-cimento-pajeu-em-carnaiba-5-1536x1152-1.jpg\",\"width\":1536,\"height\":1152},\"datePublished\":\"2025-02-06T18:11:49-03:00\",\"dateModified\":\"2025-02-06T18:14:29-03:00\",\"inLanguage\":\"pt-BR\",\"mainEntityOfPage\":{\"@id\":\"https:\\\/\\\/serrafm879.com.br\\\/serrafm\\\/2025\\\/02\\\/em-carnaiba-fabrica-de-cimentos-pajeu-fecha-as-portas\\\/#webpage\"},\"isPartOf\":{\"@id\":\"https:\\\/\\\/serrafm879.com.br\\\/serrafm\\\/2025\\\/02\\\/em-carnaiba-fabrica-de-cimentos-pajeu-fecha-as-portas\\\/#webpage\"},\"articleSection\":\"Not\\u00edcias\"},{\"@type\":\"BreadcrumbList\",\"@id\":\"https:\\\/\\\/serrafm879.com.br\\\/serrafm\\\/2025\\\/02\\\/em-carnaiba-fabrica-de-cimentos-pajeu-fecha-as-portas\\\/#breadcrumblist\",\"itemListElement\":[{\"@type\":\"ListItem\",\"@id\":\"https:\\\/\\\/serrafm879.com.br\\\/serrafm#listItem\",\"position\":1,\"name\":\"Home\",\"item\":\"https:\\\/\\\/serrafm879.com.br\\\/serrafm\",\"nextItem\":{\"@type\":\"ListItem\",\"@id\":\"https:\\\/\\\/serrafm879.com.br\\\/serrafm\\\/categoria\\\/noticias\\\/#listItem\",\"name\":\"Not\\u00edcias\"}},{\"@type\":\"ListItem\",\"@id\":\"https:\\\/\\\/serrafm879.com.br\\\/serrafm\\\/categoria\\\/noticias\\\/#listItem\",\"position\":2,\"name\":\"Not\\u00edcias\",\"item\":\"https:\\\/\\\/serrafm879.com.br\\\/serrafm\\\/categoria\\\/noticias\\\/\",\"nextItem\":{\"@type\":\"ListItem\",\"@id\":\"https:\\\/\\\/serrafm879.com.br\\\/serrafm\\\/2025\\\/02\\\/em-carnaiba-fabrica-de-cimentos-pajeu-fecha-as-portas\\\/#listItem\",\"name\":\"Em Carna\\u00edba, f\\u00e1brica de cimentos Paje\\u00fa fecha as portas\"},\"previousItem\":{\"@type\":\"ListItem\",\"@id\":\"https:\\\/\\\/serrafm879.com.br\\\/serrafm#listItem\",\"name\":\"Home\"}},{\"@type\":\"ListItem\",\"@id\":\"https:\\\/\\\/serrafm879.com.br\\\/serrafm\\\/2025\\\/02\\\/em-carnaiba-fabrica-de-cimentos-pajeu-fecha-as-portas\\\/#listItem\",\"position\":3,\"name\":\"Em Carna\\u00edba, f\\u00e1brica de cimentos Paje\\u00fa fecha as portas\",\"previousItem\":{\"@type\":\"ListItem\",\"@id\":\"https:\\\/\\\/serrafm879.com.br\\\/serrafm\\\/categoria\\\/noticias\\\/#listItem\",\"name\":\"Not\\u00edcias\"}}]},{\"@type\":\"Organization\",\"@id\":\"https:\\\/\\\/serrafm879.com.br\\\/serrafm\\\/#organization\",\"name\":\"Serra FM 87,9\",\"description\":\"O seu novo amor!\",\"url\":\"https:\\\/\\\/serrafm879.com.br\\\/serrafm\\\/\"},{\"@type\":\"Person\",\"@id\":\"https:\\\/\\\/serrafm879.com.br\\\/serrafm\\\/author\\\/serrafm87\\\/#author\",\"url\":\"https:\\\/\\\/serrafm879.com.br\\\/serrafm\\\/author\\\/serrafm87\\\/\",\"name\":\"serrafm87\",\"image\":{\"@type\":\"ImageObject\",\"@id\":\"https:\\\/\\\/serrafm879.com.br\\\/serrafm\\\/2025\\\/02\\\/em-carnaiba-fabrica-de-cimentos-pajeu-fecha-as-portas\\\/#authorImage\",\"url\":\"https:\\\/\\\/secure.gravatar.com\\\/avatar\\\/a743233f1112d34f48bb3dc9559b76eb930bab8b27175856cba6362608736235?s=96&d=mm&r=g\",\"width\":96,\"height\":96,\"caption\":\"serrafm87\"}},{\"@type\":\"WebPage\",\"@id\":\"https:\\\/\\\/serrafm879.com.br\\\/serrafm\\\/2025\\\/02\\\/em-carnaiba-fabrica-de-cimentos-pajeu-fecha-as-portas\\\/#webpage\",\"url\":\"https:\\\/\\\/serrafm879.com.br\\\/serrafm\\\/2025\\\/02\\\/em-carnaiba-fabrica-de-cimentos-pajeu-fecha-as-portas\\\/\",\"name\":\"Em Carna\\u00edba, f\\u00e1brica de cimentos Paje\\u00fa fecha as portas - Serra FM 87,9\",\"description\":\"Em 12 de Abril do ano de 2013, o ent\\u00e3o governador do Estado de Pernambuco, Eduardo Campos, e o Secret\\u00e1rio de Agricultura e Reforma Agr\\u00e1ria, Ranilson Ramos, al\\u00e9m do Secret\\u00e1rio Executivo de Agricultura Familiar, Aldo Santos, daquela gest\\u00e3o de Eduardo Campos, estiveram no munic\\u00edpio de Carna\\u00edba no sert\\u00e3o do Paje\\u00fa para inaugura a t\\u00e3o esperada\",\"inLanguage\":\"pt-BR\",\"isPartOf\":{\"@id\":\"https:\\\/\\\/serrafm879.com.br\\\/serrafm\\\/#website\"},\"breadcrumb\":{\"@id\":\"https:\\\/\\\/serrafm879.com.br\\\/serrafm\\\/2025\\\/02\\\/em-carnaiba-fabrica-de-cimentos-pajeu-fecha-as-portas\\\/#breadcrumblist\"},\"author\":{\"@id\":\"https:\\\/\\\/serrafm879.com.br\\\/serrafm\\\/author\\\/serrafm87\\\/#author\"},\"creator\":{\"@id\":\"https:\\\/\\\/serrafm879.com.br\\\/serrafm\\\/author\\\/serrafm87\\\/#author\"},\"image\":{\"@type\":\"ImageObject\",\"url\":\"https:\\\/\\\/serrafm879.com.br\\\/serrafm\\\/wp-content\\\/uploads\\\/2025\\\/02\\\/fabrica-de-cimento-pajeu-em-carnaiba-5-1536x1152-1.jpg\",\"@id\":\"https:\\\/\\\/serrafm879.com.br\\\/serrafm\\\/2025\\\/02\\\/em-carnaiba-fabrica-de-cimentos-pajeu-fecha-as-portas\\\/#mainImage\",\"width\":1536,\"height\":1152},\"primaryImageOfPage\":{\"@id\":\"https:\\\/\\\/serrafm879.com.br\\\/serrafm\\\/2025\\\/02\\\/em-carnaiba-fabrica-de-cimentos-pajeu-fecha-as-portas\\\/#mainImage\"},\"datePublished\":\"2025-02-06T18:11:49-03:00\",\"dateModified\":\"2025-02-06T18:14:29-03:00\"},{\"@type\":\"WebSite\",\"@id\":\"https:\\\/\\\/serrafm879.com.br\\\/serrafm\\\/#website\",\"url\":\"https:\\\/\\\/serrafm879.com.br\\\/serrafm\\\/\",\"name\":\"Serra FM 87,9\",\"description\":\"O seu novo amor!\",\"inLanguage\":\"pt-BR\",\"publisher\":{\"@id\":\"https:\\\/\\\/serrafm879.com.br\\\/serrafm\\\/#organization\"}}]}\n\t\t<\/script>\n\t\t<!-- All in One SEO -->\n\n","aioseo_head_json":{"title":"Em Carna\u00edba, f\u00e1brica de cimentos Paje\u00fa fecha as portas - Serra FM 87,9","description":"Em 12 de Abril do ano de 2013, o ent\u00e3o governador do Estado de Pernambuco, Eduardo Campos, e o Secret\u00e1rio de Agricultura e Reforma Agr\u00e1ria, Ranilson Ramos, al\u00e9m do Secret\u00e1rio Executivo de Agricultura Familiar, Aldo Santos, daquela gest\u00e3o de Eduardo Campos, estiveram no munic\u00edpio de Carna\u00edba no sert\u00e3o do Paje\u00fa para inaugura a t\u00e3o esperada","canonical_url":"https:\/\/serrafm879.com.br\/serrafm\/2025\/02\/em-carnaiba-fabrica-de-cimentos-pajeu-fecha-as-portas\/","robots":"max-image-preview:large","keywords":"","webmasterTools":{"miscellaneous":""},"schema":{"@context":"https:\/\/schema.org","@graph":[{"@type":"BlogPosting","@id":"https:\/\/serrafm879.com.br\/serrafm\/2025\/02\/em-carnaiba-fabrica-de-cimentos-pajeu-fecha-as-portas\/#blogposting","name":"Em Carna\u00edba, f\u00e1brica de cimentos Paje\u00fa fecha as portas - Serra FM 87,9","headline":"Em Carna\u00edba, f\u00e1brica de cimentos Paje\u00fa fecha as portas","author":{"@id":"https:\/\/serrafm879.com.br\/serrafm\/author\/serrafm87\/#author"},"publisher":{"@id":"https:\/\/serrafm879.com.br\/serrafm\/#organization"},"image":{"@type":"ImageObject","url":"https:\/\/serrafm879.com.br\/serrafm\/wp-content\/uploads\/2025\/02\/fabrica-de-cimento-pajeu-em-carnaiba-5-1536x1152-1.jpg","width":1536,"height":1152},"datePublished":"2025-02-06T18:11:49-03:00","dateModified":"2025-02-06T18:14:29-03:00","inLanguage":"pt-BR","mainEntityOfPage":{"@id":"https:\/\/serrafm879.com.br\/serrafm\/2025\/02\/em-carnaiba-fabrica-de-cimentos-pajeu-fecha-as-portas\/#webpage"},"isPartOf":{"@id":"https:\/\/serrafm879.com.br\/serrafm\/2025\/02\/em-carnaiba-fabrica-de-cimentos-pajeu-fecha-as-portas\/#webpage"},"articleSection":"Not\u00edcias"},{"@type":"BreadcrumbList","@id":"https:\/\/serrafm879.com.br\/serrafm\/2025\/02\/em-carnaiba-fabrica-de-cimentos-pajeu-fecha-as-portas\/#breadcrumblist","itemListElement":[{"@type":"ListItem","@id":"https:\/\/serrafm879.com.br\/serrafm#listItem","position":1,"name":"Home","item":"https:\/\/serrafm879.com.br\/serrafm","nextItem":{"@type":"ListItem","@id":"https:\/\/serrafm879.com.br\/serrafm\/categoria\/noticias\/#listItem","name":"Not\u00edcias"}},{"@type":"ListItem","@id":"https:\/\/serrafm879.com.br\/serrafm\/categoria\/noticias\/#listItem","position":2,"name":"Not\u00edcias","item":"https:\/\/serrafm879.com.br\/serrafm\/categoria\/noticias\/","nextItem":{"@type":"ListItem","@id":"https:\/\/serrafm879.com.br\/serrafm\/2025\/02\/em-carnaiba-fabrica-de-cimentos-pajeu-fecha-as-portas\/#listItem","name":"Em Carna\u00edba, f\u00e1brica de cimentos Paje\u00fa fecha as portas"},"previousItem":{"@type":"ListItem","@id":"https:\/\/serrafm879.com.br\/serrafm#listItem","name":"Home"}},{"@type":"ListItem","@id":"https:\/\/serrafm879.com.br\/serrafm\/2025\/02\/em-carnaiba-fabrica-de-cimentos-pajeu-fecha-as-portas\/#listItem","position":3,"name":"Em Carna\u00edba, f\u00e1brica de cimentos Paje\u00fa fecha as portas","previousItem":{"@type":"ListItem","@id":"https:\/\/serrafm879.com.br\/serrafm\/categoria\/noticias\/#listItem","name":"Not\u00edcias"}}]},{"@type":"Organization","@id":"https:\/\/serrafm879.com.br\/serrafm\/#organization","name":"Serra FM 87,9","description":"O seu novo amor!","url":"https:\/\/serrafm879.com.br\/serrafm\/"},{"@type":"Person","@id":"https:\/\/serrafm879.com.br\/serrafm\/author\/serrafm87\/#author","url":"https:\/\/serrafm879.com.br\/serrafm\/author\/serrafm87\/","name":"serrafm87","image":{"@type":"ImageObject","@id":"https:\/\/serrafm879.com.br\/serrafm\/2025\/02\/em-carnaiba-fabrica-de-cimentos-pajeu-fecha-as-portas\/#authorImage","url":"https:\/\/secure.gravatar.com\/avatar\/a743233f1112d34f48bb3dc9559b76eb930bab8b27175856cba6362608736235?s=96&d=mm&r=g","width":96,"height":96,"caption":"serrafm87"}},{"@type":"WebPage","@id":"https:\/\/serrafm879.com.br\/serrafm\/2025\/02\/em-carnaiba-fabrica-de-cimentos-pajeu-fecha-as-portas\/#webpage","url":"https:\/\/serrafm879.com.br\/serrafm\/2025\/02\/em-carnaiba-fabrica-de-cimentos-pajeu-fecha-as-portas\/","name":"Em Carna\u00edba, f\u00e1brica de cimentos Paje\u00fa fecha as portas - Serra FM 87,9","description":"Em 12 de Abril do ano de 2013, o ent\u00e3o governador do Estado de Pernambuco, Eduardo Campos, e o Secret\u00e1rio de Agricultura e Reforma Agr\u00e1ria, Ranilson Ramos, al\u00e9m do Secret\u00e1rio Executivo de Agricultura Familiar, Aldo Santos, daquela gest\u00e3o de Eduardo Campos, estiveram no munic\u00edpio de Carna\u00edba no sert\u00e3o do Paje\u00fa para inaugura a t\u00e3o esperada","inLanguage":"pt-BR","isPartOf":{"@id":"https:\/\/serrafm879.com.br\/serrafm\/#website"},"breadcrumb":{"@id":"https:\/\/serrafm879.com.br\/serrafm\/2025\/02\/em-carnaiba-fabrica-de-cimentos-pajeu-fecha-as-portas\/#breadcrumblist"},"author":{"@id":"https:\/\/serrafm879.com.br\/serrafm\/author\/serrafm87\/#author"},"creator":{"@id":"https:\/\/serrafm879.com.br\/serrafm\/author\/serrafm87\/#author"},"image":{"@type":"ImageObject","url":"https:\/\/serrafm879.com.br\/serrafm\/wp-content\/uploads\/2025\/02\/fabrica-de-cimento-pajeu-em-carnaiba-5-1536x1152-1.jpg","@id":"https:\/\/serrafm879.com.br\/serrafm\/2025\/02\/em-carnaiba-fabrica-de-cimentos-pajeu-fecha-as-portas\/#mainImage","width":1536,"height":1152},"primaryImageOfPage":{"@id":"https:\/\/serrafm879.com.br\/serrafm\/2025\/02\/em-carnaiba-fabrica-de-cimentos-pajeu-fecha-as-portas\/#mainImage"},"datePublished":"2025-02-06T18:11:49-03:00","dateModified":"2025-02-06T18:14:29-03:00"},{"@type":"WebSite","@id":"https:\/\/serrafm879.com.br\/serrafm\/#website","url":"https:\/\/serrafm879.com.br\/serrafm\/","name":"Serra FM 87,9","description":"O seu novo amor!","inLanguage":"pt-BR","publisher":{"@id":"https:\/\/serrafm879.com.br\/serrafm\/#organization"}}]},"twitter:card":"summary_large_image","twitter:title":"Em Carna\u00edba, f\u00e1brica de cimentos Paje\u00fa fecha as portas - Serra FM 87,9","twitter:description":"Em 12 de Abril do ano de 2013, o ent\u00e3o governador do Estado de Pernambuco, Eduardo Campos, e o Secret\u00e1rio de Agricultura e Reforma Agr\u00e1ria, Ranilson Ramos, al\u00e9m do Secret\u00e1rio Executivo de Agricultura Familiar, Aldo Santos, daquela gest\u00e3o de Eduardo Campos, estiveram no munic\u00edpio de Carna\u00edba no sert\u00e3o do Paje\u00fa para inaugura a t\u00e3o esperada","twitter:image":"https:\/\/serrafm879.com.br\/serrafm\/wp-content\/uploads\/2025\/02\/fabrica-de-cimento-pajeu-em-carnaiba-5-1536x1152-1.jpg"},"aioseo_meta_data":{"post_id":"20405","title":null,"description":null,"keywords":null,"keyphrases":null,"primary_term":null,"canonical_url":null,"og_title":null,"og_description":null,"og_object_type":"default","og_image_type":"default","og_image_custom_url":null,"og_image_custom_fields":null,"og_image_url":null,"og_image_width":null,"og_image_height":null,"og_video":null,"og_custom_url":null,"og_article_section":null,"og_article_tags":null,"twitter_use_og":false,"twitter_card":"default","twitter_image_type":"default","twitter_image_custom_url":null,"twitter_image_custom_fields":null,"twitter_image_url":null,"twitter_title":null,"twitter_description":null,"schema_type":"default","schema_type_options":null,"schema":{"blockGraphs":[],"customGraphs":[],"default":{"data":{"Article":[],"Course":[],"Dataset":[],"FAQPage":[],"Movie":[],"Person":[],"Product":[],"ProductReview":[],"Car":[],"Recipe":[],"Service":[],"SoftwareApplication":[],"WebPage":[]},"graphName":"","isEnabled":true},"graphs":[]},"pillar_content":false,"robots_default":true,"robots_noindex":false,"robots_noarchive":false,"robots_nosnippet":false,"robots_nofollow":false,"robots_noimageindex":false,"robots_noodp":false,"robots_notranslate":false,"robots_max_snippet":null,"robots_max_videopreview":null,"robots_max_imagepreview":"large","priority":null,"frequency":null,"local_seo":null,"limit_modified_date":false,"ai":null,"breadcrumb_settings":null,"seo_analyzer_scan_date":null,"created":"2026-07-21 13:30:28","updated":"2026-07-21 13:30:28"},"aioseo_breadcrumb":"<div class=\"aioseo-breadcrumbs\"><span class=\"aioseo-breadcrumb\">\n\t\t\t<a href=\"https:\/\/serrafm879.com.br\/serrafm\" title=\"Home\">Home<\/a>\n\t\t<\/span><span class=\"aioseo-breadcrumb-separator\">&raquo;<\/span><span class=\"aioseo-breadcrumb\">\n\t\t\t<a href=\"https:\/\/serrafm879.com.br\/serrafm\/categoria\/noticias\/\" title=\"Not\u00edcias\">Not\u00edcias<\/a>\n\t\t<\/span><span class=\"aioseo-breadcrumb-separator\">&raquo;<\/span><span class=\"aioseo-breadcrumb\">\n\t\t\tEm Carna\u00edba, f\u00e1brica de cimentos Paje\u00fa fecha as portas\n\t\t<\/span><\/div>","aioseo_breadcrumb_json":[{"label":"Home","link":"https:\/\/serrafm879.com.br\/serrafm"},{"label":"Not\u00edcias","link":"https:\/\/serrafm879.com.br\/serrafm\/categoria\/noticias\/"},{"label":"Em Carna\u00edba, f\u00e1brica de cimentos Paje\u00fa fecha as portas","link":"https:\/\/serrafm879.com.br\/serrafm\/2025\/02\/em-carnaiba-fabrica-de-cimentos-pajeu-fecha-as-portas\/"}],"jetpack_publicize_connections":[],"jetpack_featured_media_url":"https:\/\/serrafm879.com.br\/serrafm\/wp-content\/uploads\/2025\/02\/fabrica-de-cimento-pajeu-em-carnaiba-5-1536x1152-1.jpg","jetpack_shortlink":"https:\/\/wp.me\/p7HyXg-5j7","jetpack_sharing_enabled":true,"_links":{"self":[{"href":"https:\/\/serrafm879.com.br\/serrafm\/wp-json\/wp\/v2\/posts\/20405","targetHints":{"allow":["GET"]}}],"collection":[{"href":"https:\/\/serrafm879.com.br\/serrafm\/wp-json\/wp\/v2\/posts"}],"about":[{"href":"https:\/\/serrafm879.com.br\/serrafm\/wp-json\/wp\/v2\/types\/post"}],"author":[{"embeddable":true,"href":"https:\/\/serrafm879.com.br\/serrafm\/wp-json\/wp\/v2\/users\/2"}],"replies":[{"embeddable":true,"href":"https:\/\/serrafm879.com.br\/serrafm\/wp-json\/wp\/v2\/comments?post=20405"}],"version-history":[{"count":1,"href":"https:\/\/serrafm879.com.br\/serrafm\/wp-json\/wp\/v2\/posts\/20405\/revisions"}],"predecessor-version":[{"id":20407,"href":"https:\/\/serrafm879.com.br\/serrafm\/wp-json\/wp\/v2\/posts\/20405\/revisions\/20407"}],"wp:featuredmedia":[{"embeddable":true,"href":"https:\/\/serrafm879.com.br\/serrafm\/wp-json\/wp\/v2\/media\/20408"}],"wp:attachment":[{"href":"https:\/\/serrafm879.com.br\/serrafm\/wp-json\/wp\/v2\/media?parent=20405"}],"wp:term":[{"taxonomy":"category","embeddable":true,"href":"https:\/\/serrafm879.com.br\/serrafm\/wp-json\/wp\/v2\/categories?post=20405"},{"taxonomy":"post_tag","embeddable":true,"href":"https:\/\/serrafm879.com.br\/serrafm\/wp-json\/wp\/v2\/tags?post=20405"}],"curies":[{"name":"wp","href":"https:\/\/api.w.org\/{rel}","templated":true}]}}