{"id":20413,"date":"2025-02-06T19:17:30","date_gmt":"2025-02-06T22:17:30","guid":{"rendered":"https:\/?p=20413"},"modified":"2025-02-06T19:24:51","modified_gmt":"2025-02-06T22:24:51","slug":"traficante-e-preso-com-facao-em-boca-de-fumo-nesta-quinta-feira-6-em-st","status":"publish","type":"post","link":"https:\/\/serrafm879.com.br\/serrafm\/2025\/02\/traficante-e-preso-com-facao-em-boca-de-fumo-nesta-quinta-feira-6-em-st\/","title":{"rendered":"Traficante \u00e9 preso com fac\u00e3o em boca de fumo nesta quinta-feira (6) em ST"},"content":{"rendered":"<p><span style=\"font-size: 1.1429rem;\">Policiais Militares do 14\u00ba BPM, na tarde desta quinta-feira (6), durante rondas e abordagens em um local conhecido pelo uso e com\u00e9rcio de entorpecentes, identificaram um indiv\u00edduo j\u00e1 conhecido por envolvimento com drogas e pela pr\u00e1tica de furtos e roubos na regi\u00e3o.<\/span><\/p>\n<p>O suspeito estava bastante agitado, gesticulando e estava discutindo com outra pessoa. Ao realizar a abordagem nos presentes, foi encontrado com o suspeito um pl\u00e1stico contendo um fac\u00e3o.<\/p>\n<p>Questionado pelo efetivo, o indiv\u00edduo afirmou portar o objeto devido a desaven\u00e7as pessoais.<\/p>\n<p>Diante dos fatos, o material apreendido e o suspeito foram apresentados \u00e0 Delegacia de Pol\u00edcia Civil de Serra Talhada para ado\u00e7\u00e3o das medidas cab\u00edveis<\/p>\n<p><img loading=\"lazy\" decoding=\"async\" data-attachment-id=\"20414\" data-permalink=\"https:\/\/serrafm879.com.br\/serrafm\/2025\/02\/traficante-e-preso-com-facao-em-boca-de-fumo-nesta-quinta-feira-6-em-st\/img-20250206-wa0385\/\" data-orig-file=\"https:\/\/serrafm879.com.br\/serrafm\/wp-content\/uploads\/2025\/02\/IMG-20250206-WA0385.jpg\" data-orig-size=\"1135,1600\" data-comments-opened=\"1\" data-image-meta=\"{&quot;aperture&quot;:&quot;0&quot;,&quot;credit&quot;:&quot;&quot;,&quot;camera&quot;:&quot;&quot;,&quot;caption&quot;:&quot;&quot;,&quot;created_timestamp&quot;:&quot;0&quot;,&quot;copyright&quot;:&quot;&quot;,&quot;focal_length&quot;:&quot;0&quot;,&quot;iso&quot;:&quot;0&quot;,&quot;shutter_speed&quot;:&quot;0&quot;,&quot;title&quot;:&quot;&quot;,&quot;orientation&quot;:&quot;0&quot;}\" data-image-title=\"IMG-20250206-WA0385\" data-image-description=\"\" data-image-caption=\"\" data-large-file=\"https:\/\/serrafm879.com.br\/serrafm\/wp-content\/uploads\/2025\/02\/IMG-20250206-WA0385-726x1024.jpg\" class=\"size-medium wp-image-20414 aligncenter\" src=\"http:\/\/serrafm879.com.br\/wp-content\/uploads\/2025\/02\/IMG-20250206-WA0385-213x300.jpg\" alt=\"\" width=\"213\" height=\"300\" srcset=\"https:\/\/serrafm879.com.br\/serrafm\/wp-content\/uploads\/2025\/02\/IMG-20250206-WA0385-213x300.jpg 213w, https:\/\/serrafm879.com.br\/serrafm\/wp-content\/uploads\/2025\/02\/IMG-20250206-WA0385-726x1024.jpg 726w, https:\/\/serrafm879.com.br\/serrafm\/wp-content\/uploads\/2025\/02\/IMG-20250206-WA0385-768x1083.jpg 768w, https:\/\/serrafm879.com.br\/serrafm\/wp-content\/uploads\/2025\/02\/IMG-20250206-WA0385-1090x1536.jpg 1090w, https:\/\/serrafm879.com.br\/serrafm\/wp-content\/uploads\/2025\/02\/IMG-20250206-WA0385.jpg 1135w\" sizes=\"auto, (max-width: 213px) 100vw, 213px\" \/><\/p>\n","protected":false},"excerpt":{"rendered":"<p>Policiais Militares do 14\u00ba BPM, na tarde desta quinta-feira (6), durante rondas e abordagens em um local conhecido pelo uso e com\u00e9rcio de entorpecentes, identificaram um indiv\u00edduo j\u00e1 conhecido por envolvimento com drogas e pela pr\u00e1tica de furtos e roubos na regi\u00e3o. O suspeito estava bastante agitado, gesticulando e estava discutindo com outra pessoa. Ao realizar a abordagem nos presentes, foi encontrado com o suspeito um pl\u00e1stico contendo um fac\u00e3o. Questionado pelo efetivo, o indiv\u00edduo afirmou portar o objeto devido a desaven\u00e7as pessoais. Diante dos fatos, o material apreendido e o suspeito foram apresentados \u00e0 Delegacia de Pol\u00edcia Civil de [&hellip;]<\/p>\n","protected":false},"author":2,"featured_media":20414,"comment_status":"open","ping_status":"open","sticky":false,"template":"","format":"standard","meta":{"_jetpack_newsletter_access":"","_jetpack_dont_email_post_to_subs":false,"_jetpack_newsletter_tier_id":0,"_jetpack_memberships_contains_paywalled_content":false,"_jetpack_feature_clip_id":0,"_jetpack_memberships_contains_paid_content":false,"footnotes":"","jetpack_publicize_message":"","jetpack_publicize_feature_enabled":true,"jetpack_social_post_already_shared":true,"jetpack_social_options":{"image_generator_settings":{"template":"highway","default_image_id":0,"font":"","enabled":false},"version":2},"jetpack_post_was_ever_published":false},"categories":[151],"tags":[],"class_list":["post-20413","post","type-post","status-publish","format-standard","has-post-thumbnail","hentry","category-policia"],"aioseo_notices":[],"aioseo_head":"\n\t\t<!-- All in One SEO 4.9.10 - aioseo.com -->\n\t<meta name=\"description\" content=\"Policiais Militares do 14\u00ba BPM, na tarde desta quinta-feira (6), durante rondas e abordagens em um local conhecido pelo uso e com\u00e9rcio de entorpecentes, identificaram um indiv\u00edduo j\u00e1 conhecido por envolvimento com drogas e pela pr\u00e1tica de furtos e roubos na regi\u00e3o. O suspeito estava bastante agitado, gesticulando e estava discutindo com outra pessoa. Ao\" \/>\n\t<meta name=\"robots\" content=\"max-image-preview:large\" \/>\n\t<meta name=\"author\" content=\"serrafm87\"\/>\n\t<link rel=\"canonical\" href=\"https:\/\/serrafm879.com.br\/serrafm\/2025\/02\/traficante-e-preso-com-facao-em-boca-de-fumo-nesta-quinta-feira-6-em-st\/\" \/>\n\t<meta name=\"generator\" content=\"All in One SEO (AIOSEO) 4.9.10\" \/>\n\t\t<meta name=\"twitter:card\" content=\"summary_large_image\" \/>\n\t\t<meta name=\"twitter:title\" content=\"Traficante \u00e9 preso com fac\u00e3o em boca de fumo nesta quinta-feira (6) em ST - Serra FM 87,9\" \/>\n\t\t<meta name=\"twitter:description\" content=\"Policiais Militares do 14\u00ba BPM, na tarde desta quinta-feira (6), durante rondas e abordagens em um local conhecido pelo uso e com\u00e9rcio de entorpecentes, identificaram um indiv\u00edduo j\u00e1 conhecido por envolvimento com drogas e pela pr\u00e1tica de furtos e roubos na regi\u00e3o. O suspeito estava bastante agitado, gesticulando e estava discutindo com outra pessoa. Ao\" \/>\n\t\t<meta name=\"twitter:image\" content=\"https:\/\/serrafm879.com.br\/serrafm\/wp-content\/uploads\/2025\/02\/IMG-20250206-WA0385.jpg\" \/>\n\t\t<script type=\"application\/ld+json\" class=\"aioseo-schema\">\n\t\t\t{\"@context\":\"https:\\\/\\\/schema.org\",\"@graph\":[{\"@type\":\"BlogPosting\",\"@id\":\"https:\\\/\\\/serrafm879.com.br\\\/serrafm\\\/2025\\\/02\\\/traficante-e-preso-com-facao-em-boca-de-fumo-nesta-quinta-feira-6-em-st\\\/#blogposting\",\"name\":\"Traficante \\u00e9 preso com fac\\u00e3o em boca de fumo nesta quinta-feira (6) em ST - Serra FM 87,9\",\"headline\":\"Traficante \\u00e9 preso com fac\\u00e3o em boca de fumo nesta quinta-feira (6) em ST\",\"author\":{\"@id\":\"https:\\\/\\\/serrafm879.com.br\\\/serrafm\\\/author\\\/serrafm87\\\/#author\"},\"publisher\":{\"@id\":\"https:\\\/\\\/serrafm879.com.br\\\/serrafm\\\/#organization\"},\"image\":{\"@type\":\"ImageObject\",\"url\":\"https:\\\/\\\/serrafm879.com.br\\\/serrafm\\\/wp-content\\\/uploads\\\/2025\\\/02\\\/IMG-20250206-WA0385.jpg\",\"width\":1135,\"height\":1600},\"datePublished\":\"2025-02-06T19:17:30-03:00\",\"dateModified\":\"2025-02-06T19:24:51-03:00\",\"inLanguage\":\"pt-BR\",\"mainEntityOfPage\":{\"@id\":\"https:\\\/\\\/serrafm879.com.br\\\/serrafm\\\/2025\\\/02\\\/traficante-e-preso-com-facao-em-boca-de-fumo-nesta-quinta-feira-6-em-st\\\/#webpage\"},\"isPartOf\":{\"@id\":\"https:\\\/\\\/serrafm879.com.br\\\/serrafm\\\/2025\\\/02\\\/traficante-e-preso-com-facao-em-boca-de-fumo-nesta-quinta-feira-6-em-st\\\/#webpage\"},\"articleSection\":\"Pol\\u00edcia\"},{\"@type\":\"BreadcrumbList\",\"@id\":\"https:\\\/\\\/serrafm879.com.br\\\/serrafm\\\/2025\\\/02\\\/traficante-e-preso-com-facao-em-boca-de-fumo-nesta-quinta-feira-6-em-st\\\/#breadcrumblist\",\"itemListElement\":[{\"@type\":\"ListItem\",\"@id\":\"https:\\\/\\\/serrafm879.com.br\\\/serrafm#listItem\",\"position\":1,\"name\":\"Home\",\"item\":\"https:\\\/\\\/serrafm879.com.br\\\/serrafm\",\"nextItem\":{\"@type\":\"ListItem\",\"@id\":\"https:\\\/\\\/serrafm879.com.br\\\/serrafm\\\/categoria\\\/policia\\\/#listItem\",\"name\":\"Pol\\u00edcia\"}},{\"@type\":\"ListItem\",\"@id\":\"https:\\\/\\\/serrafm879.com.br\\\/serrafm\\\/categoria\\\/policia\\\/#listItem\",\"position\":2,\"name\":\"Pol\\u00edcia\",\"item\":\"https:\\\/\\\/serrafm879.com.br\\\/serrafm\\\/categoria\\\/policia\\\/\",\"nextItem\":{\"@type\":\"ListItem\",\"@id\":\"https:\\\/\\\/serrafm879.com.br\\\/serrafm\\\/2025\\\/02\\\/traficante-e-preso-com-facao-em-boca-de-fumo-nesta-quinta-feira-6-em-st\\\/#listItem\",\"name\":\"Traficante \\u00e9 preso com fac\\u00e3o em boca de fumo nesta quinta-feira (6) em ST\"},\"previousItem\":{\"@type\":\"ListItem\",\"@id\":\"https:\\\/\\\/serrafm879.com.br\\\/serrafm#listItem\",\"name\":\"Home\"}},{\"@type\":\"ListItem\",\"@id\":\"https:\\\/\\\/serrafm879.com.br\\\/serrafm\\\/2025\\\/02\\\/traficante-e-preso-com-facao-em-boca-de-fumo-nesta-quinta-feira-6-em-st\\\/#listItem\",\"position\":3,\"name\":\"Traficante \\u00e9 preso com fac\\u00e3o em boca de fumo nesta quinta-feira (6) em ST\",\"previousItem\":{\"@type\":\"ListItem\",\"@id\":\"https:\\\/\\\/serrafm879.com.br\\\/serrafm\\\/categoria\\\/policia\\\/#listItem\",\"name\":\"Pol\\u00edcia\"}}]},{\"@type\":\"Organization\",\"@id\":\"https:\\\/\\\/serrafm879.com.br\\\/serrafm\\\/#organization\",\"name\":\"Serra FM 87,9\",\"description\":\"O seu novo amor!\",\"url\":\"https:\\\/\\\/serrafm879.com.br\\\/serrafm\\\/\"},{\"@type\":\"Person\",\"@id\":\"https:\\\/\\\/serrafm879.com.br\\\/serrafm\\\/author\\\/serrafm87\\\/#author\",\"url\":\"https:\\\/\\\/serrafm879.com.br\\\/serrafm\\\/author\\\/serrafm87\\\/\",\"name\":\"serrafm87\",\"image\":{\"@type\":\"ImageObject\",\"@id\":\"https:\\\/\\\/serrafm879.com.br\\\/serrafm\\\/2025\\\/02\\\/traficante-e-preso-com-facao-em-boca-de-fumo-nesta-quinta-feira-6-em-st\\\/#authorImage\",\"url\":\"https:\\\/\\\/secure.gravatar.com\\\/avatar\\\/a743233f1112d34f48bb3dc9559b76eb930bab8b27175856cba6362608736235?s=96&d=mm&r=g\",\"width\":96,\"height\":96,\"caption\":\"serrafm87\"}},{\"@type\":\"WebPage\",\"@id\":\"https:\\\/\\\/serrafm879.com.br\\\/serrafm\\\/2025\\\/02\\\/traficante-e-preso-com-facao-em-boca-de-fumo-nesta-quinta-feira-6-em-st\\\/#webpage\",\"url\":\"https:\\\/\\\/serrafm879.com.br\\\/serrafm\\\/2025\\\/02\\\/traficante-e-preso-com-facao-em-boca-de-fumo-nesta-quinta-feira-6-em-st\\\/\",\"name\":\"Traficante \\u00e9 preso com fac\\u00e3o em boca de fumo nesta quinta-feira (6) em ST - Serra FM 87,9\",\"description\":\"Policiais Militares do 14\\u00ba BPM, na tarde desta quinta-feira (6), durante rondas e abordagens em um local conhecido pelo uso e com\\u00e9rcio de entorpecentes, identificaram um indiv\\u00edduo j\\u00e1 conhecido por envolvimento com drogas e pela pr\\u00e1tica de furtos e roubos na regi\\u00e3o. O suspeito estava bastante agitado, gesticulando e estava discutindo com outra pessoa. Ao\",\"inLanguage\":\"pt-BR\",\"isPartOf\":{\"@id\":\"https:\\\/\\\/serrafm879.com.br\\\/serrafm\\\/#website\"},\"breadcrumb\":{\"@id\":\"https:\\\/\\\/serrafm879.com.br\\\/serrafm\\\/2025\\\/02\\\/traficante-e-preso-com-facao-em-boca-de-fumo-nesta-quinta-feira-6-em-st\\\/#breadcrumblist\"},\"author\":{\"@id\":\"https:\\\/\\\/serrafm879.com.br\\\/serrafm\\\/author\\\/serrafm87\\\/#author\"},\"creator\":{\"@id\":\"https:\\\/\\\/serrafm879.com.br\\\/serrafm\\\/author\\\/serrafm87\\\/#author\"},\"image\":{\"@type\":\"ImageObject\",\"url\":\"https:\\\/\\\/serrafm879.com.br\\\/serrafm\\\/wp-content\\\/uploads\\\/2025\\\/02\\\/IMG-20250206-WA0385.jpg\",\"@id\":\"https:\\\/\\\/serrafm879.com.br\\\/serrafm\\\/2025\\\/02\\\/traficante-e-preso-com-facao-em-boca-de-fumo-nesta-quinta-feira-6-em-st\\\/#mainImage\",\"width\":1135,\"height\":1600},\"primaryImageOfPage\":{\"@id\":\"https:\\\/\\\/serrafm879.com.br\\\/serrafm\\\/2025\\\/02\\\/traficante-e-preso-com-facao-em-boca-de-fumo-nesta-quinta-feira-6-em-st\\\/#mainImage\"},\"datePublished\":\"2025-02-06T19:17:30-03:00\",\"dateModified\":\"2025-02-06T19:24:51-03:00\"},{\"@type\":\"WebSite\",\"@id\":\"https:\\\/\\\/serrafm879.com.br\\\/serrafm\\\/#website\",\"url\":\"https:\\\/\\\/serrafm879.com.br\\\/serrafm\\\/\",\"name\":\"Serra FM 87,9\",\"description\":\"O seu novo amor!\",\"inLanguage\":\"pt-BR\",\"publisher\":{\"@id\":\"https:\\\/\\\/serrafm879.com.br\\\/serrafm\\\/#organization\"}}]}\n\t\t<\/script>\n\t\t<!-- All in One SEO -->\n\n","aioseo_head_json":{"title":"Traficante \u00e9 preso com fac\u00e3o em boca de fumo nesta quinta-feira (6) em ST - Serra FM 87,9","description":"Policiais Militares do 14\u00ba BPM, na tarde desta quinta-feira (6), durante rondas e abordagens em um local conhecido pelo uso e com\u00e9rcio de entorpecentes, identificaram um indiv\u00edduo j\u00e1 conhecido por envolvimento com drogas e pela pr\u00e1tica de furtos e roubos na regi\u00e3o. O suspeito estava bastante agitado, gesticulando e estava discutindo com outra pessoa. Ao","canonical_url":"https:\/\/serrafm879.com.br\/serrafm\/2025\/02\/traficante-e-preso-com-facao-em-boca-de-fumo-nesta-quinta-feira-6-em-st\/","robots":"max-image-preview:large","keywords":"","webmasterTools":{"miscellaneous":""},"schema":{"@context":"https:\/\/schema.org","@graph":[{"@type":"BlogPosting","@id":"https:\/\/serrafm879.com.br\/serrafm\/2025\/02\/traficante-e-preso-com-facao-em-boca-de-fumo-nesta-quinta-feira-6-em-st\/#blogposting","name":"Traficante \u00e9 preso com fac\u00e3o em boca de fumo nesta quinta-feira (6) em ST - Serra FM 87,9","headline":"Traficante \u00e9 preso com fac\u00e3o em boca de fumo nesta quinta-feira (6) em ST","author":{"@id":"https:\/\/serrafm879.com.br\/serrafm\/author\/serrafm87\/#author"},"publisher":{"@id":"https:\/\/serrafm879.com.br\/serrafm\/#organization"},"image":{"@type":"ImageObject","url":"https:\/\/serrafm879.com.br\/serrafm\/wp-content\/uploads\/2025\/02\/IMG-20250206-WA0385.jpg","width":1135,"height":1600},"datePublished":"2025-02-06T19:17:30-03:00","dateModified":"2025-02-06T19:24:51-03:00","inLanguage":"pt-BR","mainEntityOfPage":{"@id":"https:\/\/serrafm879.com.br\/serrafm\/2025\/02\/traficante-e-preso-com-facao-em-boca-de-fumo-nesta-quinta-feira-6-em-st\/#webpage"},"isPartOf":{"@id":"https:\/\/serrafm879.com.br\/serrafm\/2025\/02\/traficante-e-preso-com-facao-em-boca-de-fumo-nesta-quinta-feira-6-em-st\/#webpage"},"articleSection":"Pol\u00edcia"},{"@type":"BreadcrumbList","@id":"https:\/\/serrafm879.com.br\/serrafm\/2025\/02\/traficante-e-preso-com-facao-em-boca-de-fumo-nesta-quinta-feira-6-em-st\/#breadcrumblist","itemListElement":[{"@type":"ListItem","@id":"https:\/\/serrafm879.com.br\/serrafm#listItem","position":1,"name":"Home","item":"https:\/\/serrafm879.com.br\/serrafm","nextItem":{"@type":"ListItem","@id":"https:\/\/serrafm879.com.br\/serrafm\/categoria\/policia\/#listItem","name":"Pol\u00edcia"}},{"@type":"ListItem","@id":"https:\/\/serrafm879.com.br\/serrafm\/categoria\/policia\/#listItem","position":2,"name":"Pol\u00edcia","item":"https:\/\/serrafm879.com.br\/serrafm\/categoria\/policia\/","nextItem":{"@type":"ListItem","@id":"https:\/\/serrafm879.com.br\/serrafm\/2025\/02\/traficante-e-preso-com-facao-em-boca-de-fumo-nesta-quinta-feira-6-em-st\/#listItem","name":"Traficante \u00e9 preso com fac\u00e3o em boca de fumo nesta quinta-feira (6) em ST"},"previousItem":{"@type":"ListItem","@id":"https:\/\/serrafm879.com.br\/serrafm#listItem","name":"Home"}},{"@type":"ListItem","@id":"https:\/\/serrafm879.com.br\/serrafm\/2025\/02\/traficante-e-preso-com-facao-em-boca-de-fumo-nesta-quinta-feira-6-em-st\/#listItem","position":3,"name":"Traficante \u00e9 preso com fac\u00e3o em boca de fumo nesta quinta-feira (6) em ST","previousItem":{"@type":"ListItem","@id":"https:\/\/serrafm879.com.br\/serrafm\/categoria\/policia\/#listItem","name":"Pol\u00edcia"}}]},{"@type":"Organization","@id":"https:\/\/serrafm879.com.br\/serrafm\/#organization","name":"Serra FM 87,9","description":"O seu novo amor!","url":"https:\/\/serrafm879.com.br\/serrafm\/"},{"@type":"Person","@id":"https:\/\/serrafm879.com.br\/serrafm\/author\/serrafm87\/#author","url":"https:\/\/serrafm879.com.br\/serrafm\/author\/serrafm87\/","name":"serrafm87","image":{"@type":"ImageObject","@id":"https:\/\/serrafm879.com.br\/serrafm\/2025\/02\/traficante-e-preso-com-facao-em-boca-de-fumo-nesta-quinta-feira-6-em-st\/#authorImage","url":"https:\/\/secure.gravatar.com\/avatar\/a743233f1112d34f48bb3dc9559b76eb930bab8b27175856cba6362608736235?s=96&d=mm&r=g","width":96,"height":96,"caption":"serrafm87"}},{"@type":"WebPage","@id":"https:\/\/serrafm879.com.br\/serrafm\/2025\/02\/traficante-e-preso-com-facao-em-boca-de-fumo-nesta-quinta-feira-6-em-st\/#webpage","url":"https:\/\/serrafm879.com.br\/serrafm\/2025\/02\/traficante-e-preso-com-facao-em-boca-de-fumo-nesta-quinta-feira-6-em-st\/","name":"Traficante \u00e9 preso com fac\u00e3o em boca de fumo nesta quinta-feira (6) em ST - Serra FM 87,9","description":"Policiais Militares do 14\u00ba BPM, na tarde desta quinta-feira (6), durante rondas e abordagens em um local conhecido pelo uso e com\u00e9rcio de entorpecentes, identificaram um indiv\u00edduo j\u00e1 conhecido por envolvimento com drogas e pela pr\u00e1tica de furtos e roubos na regi\u00e3o. O suspeito estava bastante agitado, gesticulando e estava discutindo com outra pessoa. Ao","inLanguage":"pt-BR","isPartOf":{"@id":"https:\/\/serrafm879.com.br\/serrafm\/#website"},"breadcrumb":{"@id":"https:\/\/serrafm879.com.br\/serrafm\/2025\/02\/traficante-e-preso-com-facao-em-boca-de-fumo-nesta-quinta-feira-6-em-st\/#breadcrumblist"},"author":{"@id":"https:\/\/serrafm879.com.br\/serrafm\/author\/serrafm87\/#author"},"creator":{"@id":"https:\/\/serrafm879.com.br\/serrafm\/author\/serrafm87\/#author"},"image":{"@type":"ImageObject","url":"https:\/\/serrafm879.com.br\/serrafm\/wp-content\/uploads\/2025\/02\/IMG-20250206-WA0385.jpg","@id":"https:\/\/serrafm879.com.br\/serrafm\/2025\/02\/traficante-e-preso-com-facao-em-boca-de-fumo-nesta-quinta-feira-6-em-st\/#mainImage","width":1135,"height":1600},"primaryImageOfPage":{"@id":"https:\/\/serrafm879.com.br\/serrafm\/2025\/02\/traficante-e-preso-com-facao-em-boca-de-fumo-nesta-quinta-feira-6-em-st\/#mainImage"},"datePublished":"2025-02-06T19:17:30-03:00","dateModified":"2025-02-06T19:24:51-03:00"},{"@type":"WebSite","@id":"https:\/\/serrafm879.com.br\/serrafm\/#website","url":"https:\/\/serrafm879.com.br\/serrafm\/","name":"Serra FM 87,9","description":"O seu novo amor!","inLanguage":"pt-BR","publisher":{"@id":"https:\/\/serrafm879.com.br\/serrafm\/#organization"}}]},"twitter:card":"summary_large_image","twitter:title":"Traficante \u00e9 preso com fac\u00e3o em boca de fumo nesta quinta-feira (6) em ST - Serra FM 87,9","twitter:description":"Policiais Militares do 14\u00ba BPM, na tarde desta quinta-feira (6), durante rondas e abordagens em um local conhecido pelo uso e com\u00e9rcio de entorpecentes, identificaram um indiv\u00edduo j\u00e1 conhecido por envolvimento com drogas e pela pr\u00e1tica de furtos e roubos na regi\u00e3o. O suspeito estava bastante agitado, gesticulando e estava discutindo com outra pessoa. Ao","twitter:image":"https:\/\/serrafm879.com.br\/serrafm\/wp-content\/uploads\/2025\/02\/IMG-20250206-WA0385.jpg"},"aioseo_meta_data":{"post_id":"20413","title":null,"description":null,"keywords":null,"keyphrases":null,"primary_term":null,"canonical_url":null,"og_title":null,"og_description":null,"og_object_type":"default","og_image_type":"default","og_image_custom_url":null,"og_image_custom_fields":null,"og_image_url":null,"og_image_width":null,"og_image_height":null,"og_video":null,"og_custom_url":null,"og_article_section":null,"og_article_tags":null,"twitter_use_og":false,"twitter_card":"default","twitter_image_type":"default","twitter_image_custom_url":null,"twitter_image_custom_fields":null,"twitter_image_url":null,"twitter_title":null,"twitter_description":null,"schema_type":"default","schema_type_options":null,"schema":{"blockGraphs":[],"customGraphs":[],"default":{"data":{"Article":[],"Course":[],"Dataset":[],"FAQPage":[],"Movie":[],"Person":[],"Product":[],"ProductReview":[],"Car":[],"Recipe":[],"Service":[],"SoftwareApplication":[],"WebPage":[]},"graphName":"","isEnabled":true},"graphs":[]},"pillar_content":false,"robots_default":true,"robots_noindex":false,"robots_noarchive":false,"robots_nosnippet":false,"robots_nofollow":false,"robots_noimageindex":false,"robots_noodp":false,"robots_notranslate":false,"robots_max_snippet":null,"robots_max_videopreview":null,"robots_max_imagepreview":"large","priority":null,"frequency":null,"local_seo":null,"limit_modified_date":false,"ai":null,"breadcrumb_settings":null,"seo_analyzer_scan_date":null,"created":"2026-07-21 13:30:28","updated":"2026-07-21 13:30:28"},"aioseo_breadcrumb":"<div class=\"aioseo-breadcrumbs\"><span class=\"aioseo-breadcrumb\">\n\t\t\t<a href=\"https:\/\/serrafm879.com.br\/serrafm\" title=\"Home\">Home<\/a>\n\t\t<\/span><span class=\"aioseo-breadcrumb-separator\">&raquo;<\/span><span class=\"aioseo-breadcrumb\">\n\t\t\t<a href=\"https:\/\/serrafm879.com.br\/serrafm\/categoria\/policia\/\" title=\"Pol\u00edcia\">Pol\u00edcia<\/a>\n\t\t<\/span><span class=\"aioseo-breadcrumb-separator\">&raquo;<\/span><span class=\"aioseo-breadcrumb\">\n\t\t\tTraficante \u00e9 preso com fac\u00e3o em boca de fumo nesta quinta-feira (6) em ST\n\t\t<\/span><\/div>","aioseo_breadcrumb_json":[{"label":"Home","link":"https:\/\/serrafm879.com.br\/serrafm"},{"label":"Pol\u00edcia","link":"https:\/\/serrafm879.com.br\/serrafm\/categoria\/policia\/"},{"label":"Traficante \u00e9 preso com fac\u00e3o em boca de fumo nesta quinta-feira (6) em ST","link":"https:\/\/serrafm879.com.br\/serrafm\/2025\/02\/traficante-e-preso-com-facao-em-boca-de-fumo-nesta-quinta-feira-6-em-st\/"}],"jetpack_publicize_connections":[],"jetpack_featured_media_url":"https:\/\/serrafm879.com.br\/serrafm\/wp-content\/uploads\/2025\/02\/IMG-20250206-WA0385.jpg","jetpack_shortlink":"https:\/\/wp.me\/p7HyXg-5jf","jetpack_sharing_enabled":true,"_links":{"self":[{"href":"https:\/\/serrafm879.com.br\/serrafm\/wp-json\/wp\/v2\/posts\/20413","targetHints":{"allow":["GET"]}}],"collection":[{"href":"https:\/\/serrafm879.com.br\/serrafm\/wp-json\/wp\/v2\/posts"}],"about":[{"href":"https:\/\/serrafm879.com.br\/serrafm\/wp-json\/wp\/v2\/types\/post"}],"author":[{"embeddable":true,"href":"https:\/\/serrafm879.com.br\/serrafm\/wp-json\/wp\/v2\/users\/2"}],"replies":[{"embeddable":true,"href":"https:\/\/serrafm879.com.br\/serrafm\/wp-json\/wp\/v2\/comments?post=20413"}],"version-history":[{"count":5,"href":"https:\/\/serrafm879.com.br\/serrafm\/wp-json\/wp\/v2\/posts\/20413\/revisions"}],"predecessor-version":[{"id":20421,"href":"https:\/\/serrafm879.com.br\/serrafm\/wp-json\/wp\/v2\/posts\/20413\/revisions\/20421"}],"wp:featuredmedia":[{"embeddable":true,"href":"https:\/\/serrafm879.com.br\/serrafm\/wp-json\/wp\/v2\/media\/20414"}],"wp:attachment":[{"href":"https:\/\/serrafm879.com.br\/serrafm\/wp-json\/wp\/v2\/media?parent=20413"}],"wp:term":[{"taxonomy":"category","embeddable":true,"href":"https:\/\/serrafm879.com.br\/serrafm\/wp-json\/wp\/v2\/categories?post=20413"},{"taxonomy":"post_tag","embeddable":true,"href":"https:\/\/serrafm879.com.br\/serrafm\/wp-json\/wp\/v2\/tags?post=20413"}],"curies":[{"name":"wp","href":"https:\/\/api.w.org\/{rel}","templated":true}]}}