{"id":20423,"date":"2025-02-06T20:20:24","date_gmt":"2025-02-06T23:20:24","guid":{"rendered":"https:\/?p=20423"},"modified":"2025-02-06T20:20:24","modified_gmt":"2025-02-06T23:20:24","slug":"guerra-dos-bones-empresa-que-criou-item-cpx-usado-por-lula-aposta-no-novo-adereco-e-vende-700-unidades-em-dois-dias","status":"publish","type":"post","link":"https:\/\/serrafm879.com.br\/serrafm\/2025\/02\/guerra-dos-bones-empresa-que-criou-item-cpx-usado-por-lula-aposta-no-novo-adereco-e-vende-700-unidades-em-dois-dias\/","title":{"rendered":"Guerra dos bon\u00e9s&#8217;: empresa que criou item &#8216;CPX&#8217; usado por Lula aposta no novo adere\u00e7o e vende 700 unidades em dois dias"},"content":{"rendered":"<p>O uso de bon\u00e9s azuis com a frase &#8220;O Brasil \u00e9 dos Brasileiros&#8221; por membros do governo Lula \u2014 inclusive pelo presidente, que publicou um v\u00eddeo com o acess\u00f3rio nesta ter\u00e7a-feira \u2014 mudou a rotina de trabalho dos funcion\u00e1rios da Jr. Bordados, que passou a comercializar as pe\u00e7as um dia ap\u00f3s a estrat\u00e9gia da gest\u00e3o petista viralizar nas redes. A empresa familiar de Iraj\u00e1, bairro na Zona Norte do Rio de Janeiro, afirma j\u00e1 ter vendido cerca de 700 unidades do produto e estima uma receita de R$ 35 mil em dois dias.<\/p>\n<p>Donos da marca, Vit\u00f3ria Gon\u00e7alves e Marcelo J\u00fanior passaram a comercializar o modelo utilizado por ministros de Lula durante a elei\u00e7\u00e3o da c\u00fapula do Congresso no dia seguinte \u00e0 vota\u00e7\u00e3o. A frase usada pelos governistas nesta semana foi sugerida pelo novo ministro da Secretaria de Comunica\u00e7\u00e3o da Presid\u00eancia, Sid\u00f4nio Palmeira, e buscou fazer um contraponto ao bon\u00e9 vermelho \u2014 cor do partido Republicano nos EUA \u2014 usado pela campanha de Donald Trump, que estampa o bord\u00e3o \u201cMake America Great Again\u201d (\u201cFa\u00e7a os EUA grandes novamente\u201d).<\/p>\n<p>A dupla que encabe\u00e7a a Jr. Bordados tamb\u00e9m foi respons\u00e1vel pelo bon\u00e9 preto escrito &#8220;CPX&#8221; utilizado pelo presidente Luiz In\u00e1cio Lula da Silva (PT) na campanha de 2022, em agenda com o jornalista e ativista Rene Silva. O comerciante disse ao GLOBO que passou a vender o item com a frase &#8220;O Brasil \u00e9 dos Brasileiros&#8221; ap\u00f3s ser procurado por Rene no domingo.<\/p>\n<p>\u2014 O Rene Silva me mandou a frase e pediu que eu fizesse o bon\u00e9 como o usado pelos membros do governo Lula no dia anterior. Ele postou nas redes sociais e passaram a chegar muitos pedidos. Aumentamos a nossa equipe para suprir a demanda \u2014 afirma J\u00fanior<\/p>\n<p>Procurado pelo GLOBO, Silva disse que n\u00e3o teve envolvimento na cria\u00e7\u00e3o do bon\u00e9 azul usado pelo presidente nesta semana, tendo atuado apenas no meio de campo entre o governo e a gr\u00e1fica no caso do bon\u00e9 com a sigla CPX nas elei\u00e7\u00f5es de 2022. O modelo traz a abreviatura da palavra \u201ccomplexo\u201d \u2014 nome dado a um conjunto de favelas.<\/p>\n<p>&nbsp;<\/p>\n<p>O presidente recebeu o acess\u00f3rio de presente de l\u00edderes comunit\u00e1rios durante agenda no Complexo do Alem\u00e3o, na Zona Norte do Rio. O item chegou a motivar uma onda de fake news que afirmam, falsamente, que a sigla seria uma alus\u00e3o a fac\u00e7\u00f5es criminosas.<\/p>\n<p>&nbsp;<\/p>\n<p>Guerra de bon\u00e9s<\/p>\n<p>Na segunda-feira, parlamentares bolsonaristas usaram um bon\u00e9 com a frase \u201cComida barata novamente, Bolsonaro 2026\u201d e gritaram \u201cnem picanha, nem caf\u00e9\u201d, com a carne embalada nas m\u00e3os, em refer\u00eancia a alimentos que puxam a alta da infla\u00e7\u00e3o, tema que tem pressionado a popularidade da gest\u00e3o Lula.<\/p>\n<p>&nbsp;<\/p>\n<p>A ideia da distribui\u00e7\u00e3o dos bon\u00e9s foi do l\u00edder do PL, S\u00f3stenes Cavalcante (RJ). O movimento ocorreu em resposta a ministros da gest\u00e3o petista e aliados, que adotaram o acess\u00f3rio na cor azul. Na segunda-feira, deputados da base e o ministro Alexandre Padilha (Rela\u00e7\u00f5es Institucionais) voltaram a exibir a pe\u00e7a, que ganhou uma vers\u00e3o tamb\u00e9m em amarelo.<\/p>\n<p>A oposi\u00e7\u00e3o a Lula tem apostado na pauta da infla\u00e7\u00e3o para fazer frente ao governo em meio \u00e0 queda na aprova\u00e7\u00e3o da gest\u00e3o federal registrada pela pesquisa Genial\/Quaest, principalmente no segmento de menor renda. No levantamento, pela primeira vez o apoio ao governo (47% dos entrevistados) ficou numericamente atr\u00e1s do percentual de desaprova\u00e7\u00e3o (49%).<\/p>\n","protected":false},"excerpt":{"rendered":"<p>O uso de bon\u00e9s azuis com a frase &#8220;O Brasil \u00e9 dos Brasileiros&#8221; por membros do governo Lula \u2014 inclusive pelo presidente, que publicou um v\u00eddeo com o acess\u00f3rio nesta ter\u00e7a-feira \u2014 mudou a rotina de trabalho dos funcion\u00e1rios da Jr. Bordados, que passou a comercializar as pe\u00e7as um dia ap\u00f3s a estrat\u00e9gia da gest\u00e3o petista viralizar nas redes. A empresa familiar de Iraj\u00e1, bairro na Zona Norte do Rio de Janeiro, afirma j\u00e1 ter vendido cerca de 700 unidades do produto e estima uma receita de R$ 35 mil em dois dias. Donos da marca, Vit\u00f3ria Gon\u00e7alves e Marcelo [&hellip;]<\/p>\n","protected":false},"author":2,"featured_media":20424,"comment_status":"open","ping_status":"open","sticky":false,"template":"","format":"standard","meta":{"_jetpack_newsletter_access":"","_jetpack_dont_email_post_to_subs":false,"_jetpack_newsletter_tier_id":0,"_jetpack_memberships_contains_paywalled_content":false,"_jetpack_feature_clip_id":0,"_jetpack_memberships_contains_paid_content":false,"footnotes":"","jetpack_publicize_message":"","jetpack_publicize_feature_enabled":true,"jetpack_social_post_already_shared":true,"jetpack_social_options":{"image_generator_settings":{"template":"highway","default_image_id":0,"font":"","enabled":false},"version":2},"jetpack_post_was_ever_published":false},"categories":[149],"tags":[],"class_list":["post-20423","post","type-post","status-publish","format-standard","has-post-thumbnail","hentry","category-brasil"],"aioseo_notices":[],"aioseo_head":"\n\t\t<!-- All in One SEO 4.9.10 - aioseo.com -->\n\t<meta name=\"description\" content=\"O uso de bon\u00e9s azuis com a frase &quot;O Brasil \u00e9 dos Brasileiros&quot; por membros do governo Lula \u2014 inclusive pelo presidente, que publicou um v\u00eddeo com o acess\u00f3rio nesta ter\u00e7a-feira \u2014 mudou a rotina de trabalho dos funcion\u00e1rios da Jr. Bordados, que passou a comercializar as pe\u00e7as um dia ap\u00f3s a estrat\u00e9gia da gest\u00e3o\" \/>\n\t<meta name=\"robots\" content=\"max-image-preview:large\" \/>\n\t<meta name=\"author\" content=\"serrafm87\"\/>\n\t<link rel=\"canonical\" href=\"https:\/\/serrafm879.com.br\/serrafm\/2025\/02\/guerra-dos-bones-empresa-que-criou-item-cpx-usado-por-lula-aposta-no-novo-adereco-e-vende-700-unidades-em-dois-dias\/\" \/>\n\t<meta name=\"generator\" content=\"All in One SEO (AIOSEO) 4.9.10\" \/>\n\t\t<meta name=\"twitter:card\" content=\"summary_large_image\" \/>\n\t\t<meta name=\"twitter:title\" content=\"Guerra dos bon\u00e9s\u2019: empresa que criou item \u2018CPX\u2019 usado por Lula aposta no novo adere\u00e7o e vende 700 unidades em dois dias - Serra FM 87,9\" \/>\n\t\t<meta name=\"twitter:description\" content=\"O uso de bon\u00e9s azuis com a frase &quot;O Brasil \u00e9 dos Brasileiros&quot; por membros do governo Lula \u2014 inclusive pelo presidente, que publicou um v\u00eddeo com o acess\u00f3rio nesta ter\u00e7a-feira \u2014 mudou a rotina de trabalho dos funcion\u00e1rios da Jr. Bordados, que passou a comercializar as pe\u00e7as um dia ap\u00f3s a estrat\u00e9gia da gest\u00e3o\" \/>\n\t\t<meta name=\"twitter:image\" content=\"https:\/\/serrafm879.com.br\/serrafm\/wp-content\/uploads\/2025\/02\/screenshot-2025-02-04-09-02-33-656-com.android.chrome-edit.jpg\" \/>\n\t\t<script type=\"application\/ld+json\" class=\"aioseo-schema\">\n\t\t\t{\"@context\":\"https:\\\/\\\/schema.org\",\"@graph\":[{\"@type\":\"BlogPosting\",\"@id\":\"https:\\\/\\\/serrafm879.com.br\\\/serrafm\\\/2025\\\/02\\\/guerra-dos-bones-empresa-que-criou-item-cpx-usado-por-lula-aposta-no-novo-adereco-e-vende-700-unidades-em-dois-dias\\\/#blogposting\",\"name\":\"Guerra dos bon\\u00e9s\\u2019: empresa que criou item \\u2018CPX\\u2019 usado por Lula aposta no novo adere\\u00e7o e vende 700 unidades em dois dias - Serra FM 87,9\",\"headline\":\"Guerra dos bon\\u00e9s&#8217;: empresa que criou item &#8216;CPX&#8217; usado por Lula aposta no novo adere\\u00e7o e vende 700 unidades em dois dias\",\"author\":{\"@id\":\"https:\\\/\\\/serrafm879.com.br\\\/serrafm\\\/author\\\/serrafm87\\\/#author\"},\"publisher\":{\"@id\":\"https:\\\/\\\/serrafm879.com.br\\\/serrafm\\\/#organization\"},\"image\":{\"@type\":\"ImageObject\",\"url\":\"https:\\\/\\\/serrafm879.com.br\\\/serrafm\\\/wp-content\\\/uploads\\\/2025\\\/02\\\/screenshot-2025-02-04-09-02-33-656-com.android.chrome-edit.jpg\",\"width\":924,\"height\":996},\"datePublished\":\"2025-02-06T20:20:24-03:00\",\"dateModified\":\"2025-02-06T20:20:24-03:00\",\"inLanguage\":\"pt-BR\",\"mainEntityOfPage\":{\"@id\":\"https:\\\/\\\/serrafm879.com.br\\\/serrafm\\\/2025\\\/02\\\/guerra-dos-bones-empresa-que-criou-item-cpx-usado-por-lula-aposta-no-novo-adereco-e-vende-700-unidades-em-dois-dias\\\/#webpage\"},\"isPartOf\":{\"@id\":\"https:\\\/\\\/serrafm879.com.br\\\/serrafm\\\/2025\\\/02\\\/guerra-dos-bones-empresa-que-criou-item-cpx-usado-por-lula-aposta-no-novo-adereco-e-vende-700-unidades-em-dois-dias\\\/#webpage\"},\"articleSection\":\"Brasil\"},{\"@type\":\"BreadcrumbList\",\"@id\":\"https:\\\/\\\/serrafm879.com.br\\\/serrafm\\\/2025\\\/02\\\/guerra-dos-bones-empresa-que-criou-item-cpx-usado-por-lula-aposta-no-novo-adereco-e-vende-700-unidades-em-dois-dias\\\/#breadcrumblist\",\"itemListElement\":[{\"@type\":\"ListItem\",\"@id\":\"https:\\\/\\\/serrafm879.com.br\\\/serrafm#listItem\",\"position\":1,\"name\":\"Home\",\"item\":\"https:\\\/\\\/serrafm879.com.br\\\/serrafm\",\"nextItem\":{\"@type\":\"ListItem\",\"@id\":\"https:\\\/\\\/serrafm879.com.br\\\/serrafm\\\/categoria\\\/brasil\\\/#listItem\",\"name\":\"Brasil\"}},{\"@type\":\"ListItem\",\"@id\":\"https:\\\/\\\/serrafm879.com.br\\\/serrafm\\\/categoria\\\/brasil\\\/#listItem\",\"position\":2,\"name\":\"Brasil\",\"item\":\"https:\\\/\\\/serrafm879.com.br\\\/serrafm\\\/categoria\\\/brasil\\\/\",\"nextItem\":{\"@type\":\"ListItem\",\"@id\":\"https:\\\/\\\/serrafm879.com.br\\\/serrafm\\\/2025\\\/02\\\/guerra-dos-bones-empresa-que-criou-item-cpx-usado-por-lula-aposta-no-novo-adereco-e-vende-700-unidades-em-dois-dias\\\/#listItem\",\"name\":\"Guerra dos bon\\u00e9s&#8217;: empresa que criou item &#8216;CPX&#8217; usado por Lula aposta no novo adere\\u00e7o e vende 700 unidades em dois dias\"},\"previousItem\":{\"@type\":\"ListItem\",\"@id\":\"https:\\\/\\\/serrafm879.com.br\\\/serrafm#listItem\",\"name\":\"Home\"}},{\"@type\":\"ListItem\",\"@id\":\"https:\\\/\\\/serrafm879.com.br\\\/serrafm\\\/2025\\\/02\\\/guerra-dos-bones-empresa-que-criou-item-cpx-usado-por-lula-aposta-no-novo-adereco-e-vende-700-unidades-em-dois-dias\\\/#listItem\",\"position\":3,\"name\":\"Guerra dos bon\\u00e9s&#8217;: empresa que criou item &#8216;CPX&#8217; usado por Lula aposta no novo adere\\u00e7o e vende 700 unidades em dois dias\",\"previousItem\":{\"@type\":\"ListItem\",\"@id\":\"https:\\\/\\\/serrafm879.com.br\\\/serrafm\\\/categoria\\\/brasil\\\/#listItem\",\"name\":\"Brasil\"}}]},{\"@type\":\"Organization\",\"@id\":\"https:\\\/\\\/serrafm879.com.br\\\/serrafm\\\/#organization\",\"name\":\"Serra FM 87,9\",\"description\":\"O seu novo amor!\",\"url\":\"https:\\\/\\\/serrafm879.com.br\\\/serrafm\\\/\"},{\"@type\":\"Person\",\"@id\":\"https:\\\/\\\/serrafm879.com.br\\\/serrafm\\\/author\\\/serrafm87\\\/#author\",\"url\":\"https:\\\/\\\/serrafm879.com.br\\\/serrafm\\\/author\\\/serrafm87\\\/\",\"name\":\"serrafm87\",\"image\":{\"@type\":\"ImageObject\",\"@id\":\"https:\\\/\\\/serrafm879.com.br\\\/serrafm\\\/2025\\\/02\\\/guerra-dos-bones-empresa-que-criou-item-cpx-usado-por-lula-aposta-no-novo-adereco-e-vende-700-unidades-em-dois-dias\\\/#authorImage\",\"url\":\"https:\\\/\\\/secure.gravatar.com\\\/avatar\\\/a743233f1112d34f48bb3dc9559b76eb930bab8b27175856cba6362608736235?s=96&d=mm&r=g\",\"width\":96,\"height\":96,\"caption\":\"serrafm87\"}},{\"@type\":\"WebPage\",\"@id\":\"https:\\\/\\\/serrafm879.com.br\\\/serrafm\\\/2025\\\/02\\\/guerra-dos-bones-empresa-que-criou-item-cpx-usado-por-lula-aposta-no-novo-adereco-e-vende-700-unidades-em-dois-dias\\\/#webpage\",\"url\":\"https:\\\/\\\/serrafm879.com.br\\\/serrafm\\\/2025\\\/02\\\/guerra-dos-bones-empresa-que-criou-item-cpx-usado-por-lula-aposta-no-novo-adereco-e-vende-700-unidades-em-dois-dias\\\/\",\"name\":\"Guerra dos bon\\u00e9s\\u2019: empresa que criou item \\u2018CPX\\u2019 usado por Lula aposta no novo adere\\u00e7o e vende 700 unidades em dois dias - Serra FM 87,9\",\"description\":\"O uso de bon\\u00e9s azuis com a frase \\\"O Brasil \\u00e9 dos Brasileiros\\\" por membros do governo Lula \\u2014 inclusive pelo presidente, que publicou um v\\u00eddeo com o acess\\u00f3rio nesta ter\\u00e7a-feira \\u2014 mudou a rotina de trabalho dos funcion\\u00e1rios da Jr. Bordados, que passou a comercializar as pe\\u00e7as um dia ap\\u00f3s a estrat\\u00e9gia da gest\\u00e3o\",\"inLanguage\":\"pt-BR\",\"isPartOf\":{\"@id\":\"https:\\\/\\\/serrafm879.com.br\\\/serrafm\\\/#website\"},\"breadcrumb\":{\"@id\":\"https:\\\/\\\/serrafm879.com.br\\\/serrafm\\\/2025\\\/02\\\/guerra-dos-bones-empresa-que-criou-item-cpx-usado-por-lula-aposta-no-novo-adereco-e-vende-700-unidades-em-dois-dias\\\/#breadcrumblist\"},\"author\":{\"@id\":\"https:\\\/\\\/serrafm879.com.br\\\/serrafm\\\/author\\\/serrafm87\\\/#author\"},\"creator\":{\"@id\":\"https:\\\/\\\/serrafm879.com.br\\\/serrafm\\\/author\\\/serrafm87\\\/#author\"},\"image\":{\"@type\":\"ImageObject\",\"url\":\"https:\\\/\\\/serrafm879.com.br\\\/serrafm\\\/wp-content\\\/uploads\\\/2025\\\/02\\\/screenshot-2025-02-04-09-02-33-656-com.android.chrome-edit.jpg\",\"@id\":\"https:\\\/\\\/serrafm879.com.br\\\/serrafm\\\/2025\\\/02\\\/guerra-dos-bones-empresa-que-criou-item-cpx-usado-por-lula-aposta-no-novo-adereco-e-vende-700-unidades-em-dois-dias\\\/#mainImage\",\"width\":924,\"height\":996},\"primaryImageOfPage\":{\"@id\":\"https:\\\/\\\/serrafm879.com.br\\\/serrafm\\\/2025\\\/02\\\/guerra-dos-bones-empresa-que-criou-item-cpx-usado-por-lula-aposta-no-novo-adereco-e-vende-700-unidades-em-dois-dias\\\/#mainImage\"},\"datePublished\":\"2025-02-06T20:20:24-03:00\",\"dateModified\":\"2025-02-06T20:20:24-03:00\"},{\"@type\":\"WebSite\",\"@id\":\"https:\\\/\\\/serrafm879.com.br\\\/serrafm\\\/#website\",\"url\":\"https:\\\/\\\/serrafm879.com.br\\\/serrafm\\\/\",\"name\":\"Serra FM 87,9\",\"description\":\"O seu novo amor!\",\"inLanguage\":\"pt-BR\",\"publisher\":{\"@id\":\"https:\\\/\\\/serrafm879.com.br\\\/serrafm\\\/#organization\"}}]}\n\t\t<\/script>\n\t\t<!-- All in One SEO -->\n\n","aioseo_head_json":{"title":"Guerra dos bon\u00e9s\u2019: empresa que criou item \u2018CPX\u2019 usado por Lula aposta no novo adere\u00e7o e vende 700 unidades em dois dias - Serra FM 87,9","description":"O uso de bon\u00e9s azuis com a frase \"O Brasil \u00e9 dos Brasileiros\" por membros do governo Lula \u2014 inclusive pelo presidente, que publicou um v\u00eddeo com o acess\u00f3rio nesta ter\u00e7a-feira \u2014 mudou a rotina de trabalho dos funcion\u00e1rios da Jr. Bordados, que passou a comercializar as pe\u00e7as um dia ap\u00f3s a estrat\u00e9gia da gest\u00e3o","canonical_url":"https:\/\/serrafm879.com.br\/serrafm\/2025\/02\/guerra-dos-bones-empresa-que-criou-item-cpx-usado-por-lula-aposta-no-novo-adereco-e-vende-700-unidades-em-dois-dias\/","robots":"max-image-preview:large","keywords":"","webmasterTools":{"miscellaneous":""},"schema":{"@context":"https:\/\/schema.org","@graph":[{"@type":"BlogPosting","@id":"https:\/\/serrafm879.com.br\/serrafm\/2025\/02\/guerra-dos-bones-empresa-que-criou-item-cpx-usado-por-lula-aposta-no-novo-adereco-e-vende-700-unidades-em-dois-dias\/#blogposting","name":"Guerra dos bon\u00e9s\u2019: empresa que criou item \u2018CPX\u2019 usado por Lula aposta no novo adere\u00e7o e vende 700 unidades em dois dias - Serra FM 87,9","headline":"Guerra dos bon\u00e9s&#8217;: empresa que criou item &#8216;CPX&#8217; usado por Lula aposta no novo adere\u00e7o e vende 700 unidades em dois dias","author":{"@id":"https:\/\/serrafm879.com.br\/serrafm\/author\/serrafm87\/#author"},"publisher":{"@id":"https:\/\/serrafm879.com.br\/serrafm\/#organization"},"image":{"@type":"ImageObject","url":"https:\/\/serrafm879.com.br\/serrafm\/wp-content\/uploads\/2025\/02\/screenshot-2025-02-04-09-02-33-656-com.android.chrome-edit.jpg","width":924,"height":996},"datePublished":"2025-02-06T20:20:24-03:00","dateModified":"2025-02-06T20:20:24-03:00","inLanguage":"pt-BR","mainEntityOfPage":{"@id":"https:\/\/serrafm879.com.br\/serrafm\/2025\/02\/guerra-dos-bones-empresa-que-criou-item-cpx-usado-por-lula-aposta-no-novo-adereco-e-vende-700-unidades-em-dois-dias\/#webpage"},"isPartOf":{"@id":"https:\/\/serrafm879.com.br\/serrafm\/2025\/02\/guerra-dos-bones-empresa-que-criou-item-cpx-usado-por-lula-aposta-no-novo-adereco-e-vende-700-unidades-em-dois-dias\/#webpage"},"articleSection":"Brasil"},{"@type":"BreadcrumbList","@id":"https:\/\/serrafm879.com.br\/serrafm\/2025\/02\/guerra-dos-bones-empresa-que-criou-item-cpx-usado-por-lula-aposta-no-novo-adereco-e-vende-700-unidades-em-dois-dias\/#breadcrumblist","itemListElement":[{"@type":"ListItem","@id":"https:\/\/serrafm879.com.br\/serrafm#listItem","position":1,"name":"Home","item":"https:\/\/serrafm879.com.br\/serrafm","nextItem":{"@type":"ListItem","@id":"https:\/\/serrafm879.com.br\/serrafm\/categoria\/brasil\/#listItem","name":"Brasil"}},{"@type":"ListItem","@id":"https:\/\/serrafm879.com.br\/serrafm\/categoria\/brasil\/#listItem","position":2,"name":"Brasil","item":"https:\/\/serrafm879.com.br\/serrafm\/categoria\/brasil\/","nextItem":{"@type":"ListItem","@id":"https:\/\/serrafm879.com.br\/serrafm\/2025\/02\/guerra-dos-bones-empresa-que-criou-item-cpx-usado-por-lula-aposta-no-novo-adereco-e-vende-700-unidades-em-dois-dias\/#listItem","name":"Guerra dos bon\u00e9s&#8217;: empresa que criou item &#8216;CPX&#8217; usado por Lula aposta no novo adere\u00e7o e vende 700 unidades em dois dias"},"previousItem":{"@type":"ListItem","@id":"https:\/\/serrafm879.com.br\/serrafm#listItem","name":"Home"}},{"@type":"ListItem","@id":"https:\/\/serrafm879.com.br\/serrafm\/2025\/02\/guerra-dos-bones-empresa-que-criou-item-cpx-usado-por-lula-aposta-no-novo-adereco-e-vende-700-unidades-em-dois-dias\/#listItem","position":3,"name":"Guerra dos bon\u00e9s&#8217;: empresa que criou item &#8216;CPX&#8217; usado por Lula aposta no novo adere\u00e7o e vende 700 unidades em dois dias","previousItem":{"@type":"ListItem","@id":"https:\/\/serrafm879.com.br\/serrafm\/categoria\/brasil\/#listItem","name":"Brasil"}}]},{"@type":"Organization","@id":"https:\/\/serrafm879.com.br\/serrafm\/#organization","name":"Serra FM 87,9","description":"O seu novo amor!","url":"https:\/\/serrafm879.com.br\/serrafm\/"},{"@type":"Person","@id":"https:\/\/serrafm879.com.br\/serrafm\/author\/serrafm87\/#author","url":"https:\/\/serrafm879.com.br\/serrafm\/author\/serrafm87\/","name":"serrafm87","image":{"@type":"ImageObject","@id":"https:\/\/serrafm879.com.br\/serrafm\/2025\/02\/guerra-dos-bones-empresa-que-criou-item-cpx-usado-por-lula-aposta-no-novo-adereco-e-vende-700-unidades-em-dois-dias\/#authorImage","url":"https:\/\/secure.gravatar.com\/avatar\/a743233f1112d34f48bb3dc9559b76eb930bab8b27175856cba6362608736235?s=96&d=mm&r=g","width":96,"height":96,"caption":"serrafm87"}},{"@type":"WebPage","@id":"https:\/\/serrafm879.com.br\/serrafm\/2025\/02\/guerra-dos-bones-empresa-que-criou-item-cpx-usado-por-lula-aposta-no-novo-adereco-e-vende-700-unidades-em-dois-dias\/#webpage","url":"https:\/\/serrafm879.com.br\/serrafm\/2025\/02\/guerra-dos-bones-empresa-que-criou-item-cpx-usado-por-lula-aposta-no-novo-adereco-e-vende-700-unidades-em-dois-dias\/","name":"Guerra dos bon\u00e9s\u2019: empresa que criou item \u2018CPX\u2019 usado por Lula aposta no novo adere\u00e7o e vende 700 unidades em dois dias - Serra FM 87,9","description":"O uso de bon\u00e9s azuis com a frase \"O Brasil \u00e9 dos Brasileiros\" por membros do governo Lula \u2014 inclusive pelo presidente, que publicou um v\u00eddeo com o acess\u00f3rio nesta ter\u00e7a-feira \u2014 mudou a rotina de trabalho dos funcion\u00e1rios da Jr. Bordados, que passou a comercializar as pe\u00e7as um dia ap\u00f3s a estrat\u00e9gia da gest\u00e3o","inLanguage":"pt-BR","isPartOf":{"@id":"https:\/\/serrafm879.com.br\/serrafm\/#website"},"breadcrumb":{"@id":"https:\/\/serrafm879.com.br\/serrafm\/2025\/02\/guerra-dos-bones-empresa-que-criou-item-cpx-usado-por-lula-aposta-no-novo-adereco-e-vende-700-unidades-em-dois-dias\/#breadcrumblist"},"author":{"@id":"https:\/\/serrafm879.com.br\/serrafm\/author\/serrafm87\/#author"},"creator":{"@id":"https:\/\/serrafm879.com.br\/serrafm\/author\/serrafm87\/#author"},"image":{"@type":"ImageObject","url":"https:\/\/serrafm879.com.br\/serrafm\/wp-content\/uploads\/2025\/02\/screenshot-2025-02-04-09-02-33-656-com.android.chrome-edit.jpg","@id":"https:\/\/serrafm879.com.br\/serrafm\/2025\/02\/guerra-dos-bones-empresa-que-criou-item-cpx-usado-por-lula-aposta-no-novo-adereco-e-vende-700-unidades-em-dois-dias\/#mainImage","width":924,"height":996},"primaryImageOfPage":{"@id":"https:\/\/serrafm879.com.br\/serrafm\/2025\/02\/guerra-dos-bones-empresa-que-criou-item-cpx-usado-por-lula-aposta-no-novo-adereco-e-vende-700-unidades-em-dois-dias\/#mainImage"},"datePublished":"2025-02-06T20:20:24-03:00","dateModified":"2025-02-06T20:20:24-03:00"},{"@type":"WebSite","@id":"https:\/\/serrafm879.com.br\/serrafm\/#website","url":"https:\/\/serrafm879.com.br\/serrafm\/","name":"Serra FM 87,9","description":"O seu novo amor!","inLanguage":"pt-BR","publisher":{"@id":"https:\/\/serrafm879.com.br\/serrafm\/#organization"}}]},"twitter:card":"summary_large_image","twitter:title":"Guerra dos bon\u00e9s\u2019: empresa que criou item \u2018CPX\u2019 usado por Lula aposta no novo adere\u00e7o e vende 700 unidades em dois dias - Serra FM 87,9","twitter:description":"O uso de bon\u00e9s azuis com a frase &quot;O Brasil \u00e9 dos Brasileiros&quot; por membros do governo Lula \u2014 inclusive pelo presidente, que publicou um v\u00eddeo com o acess\u00f3rio nesta ter\u00e7a-feira \u2014 mudou a rotina de trabalho dos funcion\u00e1rios da Jr. Bordados, que passou a comercializar as pe\u00e7as um dia ap\u00f3s a estrat\u00e9gia da gest\u00e3o","twitter:image":"https:\/\/serrafm879.com.br\/serrafm\/wp-content\/uploads\/2025\/02\/screenshot-2025-02-04-09-02-33-656-com.android.chrome-edit.jpg"},"aioseo_meta_data":{"post_id":"20423","title":null,"description":null,"keywords":null,"keyphrases":null,"primary_term":null,"canonical_url":null,"og_title":null,"og_description":null,"og_object_type":"default","og_image_type":"default","og_image_custom_url":null,"og_image_custom_fields":null,"og_image_url":null,"og_image_width":null,"og_image_height":null,"og_video":null,"og_custom_url":null,"og_article_section":null,"og_article_tags":null,"twitter_use_og":false,"twitter_card":"default","twitter_image_type":"default","twitter_image_custom_url":null,"twitter_image_custom_fields":null,"twitter_image_url":null,"twitter_title":null,"twitter_description":null,"schema_type":"default","schema_type_options":null,"schema":{"blockGraphs":[],"customGraphs":[],"default":{"data":{"Article":[],"Course":[],"Dataset":[],"FAQPage":[],"Movie":[],"Person":[],"Product":[],"ProductReview":[],"Car":[],"Recipe":[],"Service":[],"SoftwareApplication":[],"WebPage":[]},"graphName":"","isEnabled":true},"graphs":[]},"pillar_content":false,"robots_default":true,"robots_noindex":false,"robots_noarchive":false,"robots_nosnippet":false,"robots_nofollow":false,"robots_noimageindex":false,"robots_noodp":false,"robots_notranslate":false,"robots_max_snippet":null,"robots_max_videopreview":null,"robots_max_imagepreview":"large","priority":null,"frequency":null,"local_seo":null,"limit_modified_date":false,"ai":null,"breadcrumb_settings":null,"seo_analyzer_scan_date":null,"created":"2026-07-21 13:30:28","updated":"2026-07-21 13:30:28"},"aioseo_breadcrumb":"<div class=\"aioseo-breadcrumbs\"><span class=\"aioseo-breadcrumb\">\n\t\t\t<a href=\"https:\/\/serrafm879.com.br\/serrafm\" title=\"Home\">Home<\/a>\n\t\t<\/span><span class=\"aioseo-breadcrumb-separator\">&raquo;<\/span><span class=\"aioseo-breadcrumb\">\n\t\t\t<a href=\"https:\/\/serrafm879.com.br\/serrafm\/categoria\/brasil\/\" title=\"Brasil\">Brasil<\/a>\n\t\t<\/span><span class=\"aioseo-breadcrumb-separator\">&raquo;<\/span><span class=\"aioseo-breadcrumb\">\n\t\t\tGuerra dos bon\u00e9s\u2019: empresa que criou item \u2018CPX\u2019 usado por Lula aposta no novo adere\u00e7o e vende 700 unidades em dois dias\n\t\t<\/span><\/div>","aioseo_breadcrumb_json":[{"label":"Home","link":"https:\/\/serrafm879.com.br\/serrafm"},{"label":"Brasil","link":"https:\/\/serrafm879.com.br\/serrafm\/categoria\/brasil\/"},{"label":"Guerra dos bon\u00e9s&#8217;: empresa que criou item &#8216;CPX&#8217; usado por Lula aposta no novo adere\u00e7o e vende 700 unidades em dois dias","link":"https:\/\/serrafm879.com.br\/serrafm\/2025\/02\/guerra-dos-bones-empresa-que-criou-item-cpx-usado-por-lula-aposta-no-novo-adereco-e-vende-700-unidades-em-dois-dias\/"}],"jetpack_publicize_connections":[],"jetpack_featured_media_url":"https:\/\/serrafm879.com.br\/serrafm\/wp-content\/uploads\/2025\/02\/screenshot-2025-02-04-09-02-33-656-com.android.chrome-edit.jpg","jetpack_shortlink":"https:\/\/wp.me\/p7HyXg-5jp","jetpack_sharing_enabled":true,"_links":{"self":[{"href":"https:\/\/serrafm879.com.br\/serrafm\/wp-json\/wp\/v2\/posts\/20423","targetHints":{"allow":["GET"]}}],"collection":[{"href":"https:\/\/serrafm879.com.br\/serrafm\/wp-json\/wp\/v2\/posts"}],"about":[{"href":"https:\/\/serrafm879.com.br\/serrafm\/wp-json\/wp\/v2\/types\/post"}],"author":[{"embeddable":true,"href":"https:\/\/serrafm879.com.br\/serrafm\/wp-json\/wp\/v2\/users\/2"}],"replies":[{"embeddable":true,"href":"https:\/\/serrafm879.com.br\/serrafm\/wp-json\/wp\/v2\/comments?post=20423"}],"version-history":[{"count":1,"href":"https:\/\/serrafm879.com.br\/serrafm\/wp-json\/wp\/v2\/posts\/20423\/revisions"}],"predecessor-version":[{"id":20425,"href":"https:\/\/serrafm879.com.br\/serrafm\/wp-json\/wp\/v2\/posts\/20423\/revisions\/20425"}],"wp:featuredmedia":[{"embeddable":true,"href":"https:\/\/serrafm879.com.br\/serrafm\/wp-json\/wp\/v2\/media\/20424"}],"wp:attachment":[{"href":"https:\/\/serrafm879.com.br\/serrafm\/wp-json\/wp\/v2\/media?parent=20423"}],"wp:term":[{"taxonomy":"category","embeddable":true,"href":"https:\/\/serrafm879.com.br\/serrafm\/wp-json\/wp\/v2\/categories?post=20423"},{"taxonomy":"post_tag","embeddable":true,"href":"https:\/\/serrafm879.com.br\/serrafm\/wp-json\/wp\/v2\/tags?post=20423"}],"curies":[{"name":"wp","href":"https:\/\/api.w.org\/{rel}","templated":true}]}}