{"id":20430,"date":"2025-02-07T09:02:17","date_gmt":"2025-02-07T12:02:17","guid":{"rendered":"https:\/?p=20430"},"modified":"2025-02-07T09:04:37","modified_gmt":"2025-02-07T12:04:37","slug":"marconi-faz-balanco-da-gestao-e-registra-protagonismo-de-marcia-conrado","status":"publish","type":"post","link":"https:\/\/serrafm879.com.br\/serrafm\/2025\/02\/marconi-faz-balanco-da-gestao-e-registra-protagonismo-de-marcia-conrado\/","title":{"rendered":"Marconi faz balan\u00e7o da gest\u00e3o e registra protagonismo de M\u00e1rcia Conrado"},"content":{"rendered":"<p>O Prefeito de Flores, Marconi Santana, foi entrevistado nesta quinta-feira 22, pelo radialista e comunicador Francys Maya, no programa Frequ\u00eancia Democr\u00e1tica da R\u00e1dio Vila Bela FM, em Serra Talhada. Dentre os assuntos envolvidos na entrevista, o gestor foi provocado sobre a gest\u00e3o da Governadora Raquel Lyra e sobre suas a\u00e7\u00f5es no munic\u00edpio que governa.<\/p>\n<p>Santana falou sobre o andamento de obras em Flores e citou a pavimenta\u00e7\u00e3o de ruas e saneamento b\u00e1sico no Distrito de F\u00e1tima, o Programa \u00c1gua \u00e9 Vida, a contru\u00e7\u00e3o de passagens molhadas na zona rural e a perfura\u00e7\u00e3o de mais de 150 po\u00e7os para beneficiar o homem do campo Florense.<\/p>\n<p>Marconi aproveitou o programa para falar de mais uma grande inaugura\u00e7\u00e3o no munic\u00edpio que aconteceu nesta quinta-feira (22) \u2013 uma nova pra\u00e7a que ganhou o nome de Pra\u00e7a da Amizade ornamentada com um letreiro dizendo \u2018Eu amo Flores\u2019.<\/p>\n<p>O gestor tamb\u00e9m deu \u00eanfase \u00e0s festividades juninas do munic\u00edpio pontuando a tradicional Festa do Carro de Boi, e exaltou essa cultura ressaltando a grandeza, a import\u00e2ncia e o destaque de Flores no estado como cidade que mant\u00e9m viva essas tradi\u00e7\u00f5es e festas populares.<\/p>\n<p>Ao ser interpelado sobre o governo Raquel Lyra, Marconi ponderou que Pernambuco precisa continuar crescendo e que Raquel tem uma equipe s\u00e9ria para beneficiar todos os pernambucanos.<\/p>\n<p>Ainda dissertando sobre suas avalia\u00e7\u00f5es sobre o Governo Raquel Lyra, e sobre a pauta municipalista, o Prefeito de Flores elogiou a Prefeita de Serra Talhada e presidente da Associa\u00e7\u00e3o Municipalista do Estado, M\u00e1rcia Conrado, dizendo que \u201ca articula\u00e7\u00e3o da Presidente da Amupe M\u00e1rcia Conrado, foi fundamental para a governadora Raquel Lyra retomar conv\u00eanios com os munic\u00edpios\u201d afirmou Santana.<\/p>\n<p>Fonte: Blog J\u00fanior Campos<\/p>\n<p>&nbsp;<\/p>\n<p>&nbsp;<\/p>\n","protected":false},"excerpt":{"rendered":"<p>O Prefeito de Flores, Marconi Santana, foi entrevistado nesta quinta-feira 22, pelo radialista e comunicador Francys Maya, no programa Frequ\u00eancia Democr\u00e1tica da R\u00e1dio Vila Bela FM, em Serra Talhada. Dentre os assuntos envolvidos na entrevista, o gestor foi provocado sobre a gest\u00e3o da Governadora Raquel Lyra e sobre suas a\u00e7\u00f5es no munic\u00edpio que governa. Santana falou sobre o andamento de obras em Flores e citou a pavimenta\u00e7\u00e3o de ruas e saneamento b\u00e1sico no Distrito de F\u00e1tima, o Programa \u00c1gua \u00e9 Vida, a contru\u00e7\u00e3o de passagens molhadas na zona rural e a perfura\u00e7\u00e3o de mais de 150 po\u00e7os para beneficiar o [&hellip;]<\/p>\n","protected":false},"author":2,"featured_media":20431,"comment_status":"open","ping_status":"open","sticky":false,"template":"","format":"standard","meta":{"_jetpack_newsletter_access":"","_jetpack_dont_email_post_to_subs":false,"_jetpack_newsletter_tier_id":0,"_jetpack_memberships_contains_paywalled_content":false,"_jetpack_feature_clip_id":0,"_jetpack_memberships_contains_paid_content":false,"footnotes":"","jetpack_publicize_message":"","jetpack_publicize_feature_enabled":true,"jetpack_social_post_already_shared":true,"jetpack_social_options":{"image_generator_settings":{"template":"highway","default_image_id":0,"font":"","enabled":false},"version":2},"jetpack_post_was_ever_published":false},"categories":[144],"tags":[],"class_list":["post-20430","post","type-post","status-publish","format-standard","has-post-thumbnail","hentry","category-politica"],"aioseo_notices":[],"aioseo_head":"\n\t\t<!-- All in One SEO 4.9.10 - aioseo.com -->\n\t<meta name=\"description\" content=\"O Prefeito de Flores, Marconi Santana, foi entrevistado nesta quinta-feira 22, pelo radialista e comunicador Francys Maya, no programa Frequ\u00eancia Democr\u00e1tica da R\u00e1dio Vila Bela FM, em Serra Talhada. Dentre os assuntos envolvidos na entrevista, o gestor foi provocado sobre a gest\u00e3o da Governadora Raquel Lyra e sobre suas a\u00e7\u00f5es no munic\u00edpio que governa. Santana\" \/>\n\t<meta name=\"robots\" content=\"max-image-preview:large\" \/>\n\t<meta name=\"author\" content=\"serrafm87\"\/>\n\t<link rel=\"canonical\" href=\"https:\/\/serrafm879.com.br\/serrafm\/2025\/02\/marconi-faz-balanco-da-gestao-e-registra-protagonismo-de-marcia-conrado\/\" \/>\n\t<meta name=\"generator\" content=\"All in One SEO (AIOSEO) 4.9.10\" \/>\n\t\t<meta name=\"twitter:card\" content=\"summary_large_image\" \/>\n\t\t<meta name=\"twitter:title\" content=\"Marconi faz balan\u00e7o da gest\u00e3o e registra protagonismo de M\u00e1rcia Conrado - Serra FM 87,9\" \/>\n\t\t<meta name=\"twitter:description\" content=\"O Prefeito de Flores, Marconi Santana, foi entrevistado nesta quinta-feira 22, pelo radialista e comunicador Francys Maya, no programa Frequ\u00eancia Democr\u00e1tica da R\u00e1dio Vila Bela FM, em Serra Talhada. Dentre os assuntos envolvidos na entrevista, o gestor foi provocado sobre a gest\u00e3o da Governadora Raquel Lyra e sobre suas a\u00e7\u00f5es no munic\u00edpio que governa. Santana\" \/>\n\t\t<meta name=\"twitter:image\" content=\"https:\/\/serrafm879.com.br\/serrafm\/wp-content\/uploads\/2025\/02\/4d433859-f945-40a4-a15d-ae3868c50b6d.jpg\" \/>\n\t\t<script type=\"application\/ld+json\" class=\"aioseo-schema\">\n\t\t\t{\"@context\":\"https:\\\/\\\/schema.org\",\"@graph\":[{\"@type\":\"BlogPosting\",\"@id\":\"https:\\\/\\\/serrafm879.com.br\\\/serrafm\\\/2025\\\/02\\\/marconi-faz-balanco-da-gestao-e-registra-protagonismo-de-marcia-conrado\\\/#blogposting\",\"name\":\"Marconi faz balan\\u00e7o da gest\\u00e3o e registra protagonismo de M\\u00e1rcia Conrado - Serra FM 87,9\",\"headline\":\"Marconi faz balan\\u00e7o da gest\\u00e3o e registra protagonismo de M\\u00e1rcia Conrado\",\"author\":{\"@id\":\"https:\\\/\\\/serrafm879.com.br\\\/serrafm\\\/author\\\/serrafm87\\\/#author\"},\"publisher\":{\"@id\":\"https:\\\/\\\/serrafm879.com.br\\\/serrafm\\\/#organization\"},\"image\":{\"@type\":\"ImageObject\",\"url\":\"https:\\\/\\\/serrafm879.com.br\\\/serrafm\\\/wp-content\\\/uploads\\\/2025\\\/02\\\/4d433859-f945-40a4-a15d-ae3868c50b6d.jpg\",\"width\":800,\"height\":534},\"datePublished\":\"2025-02-07T09:02:17-03:00\",\"dateModified\":\"2025-02-07T09:04:37-03:00\",\"inLanguage\":\"pt-BR\",\"mainEntityOfPage\":{\"@id\":\"https:\\\/\\\/serrafm879.com.br\\\/serrafm\\\/2025\\\/02\\\/marconi-faz-balanco-da-gestao-e-registra-protagonismo-de-marcia-conrado\\\/#webpage\"},\"isPartOf\":{\"@id\":\"https:\\\/\\\/serrafm879.com.br\\\/serrafm\\\/2025\\\/02\\\/marconi-faz-balanco-da-gestao-e-registra-protagonismo-de-marcia-conrado\\\/#webpage\"},\"articleSection\":\"Pol\\u00edtica\"},{\"@type\":\"BreadcrumbList\",\"@id\":\"https:\\\/\\\/serrafm879.com.br\\\/serrafm\\\/2025\\\/02\\\/marconi-faz-balanco-da-gestao-e-registra-protagonismo-de-marcia-conrado\\\/#breadcrumblist\",\"itemListElement\":[{\"@type\":\"ListItem\",\"@id\":\"https:\\\/\\\/serrafm879.com.br\\\/serrafm#listItem\",\"position\":1,\"name\":\"Home\",\"item\":\"https:\\\/\\\/serrafm879.com.br\\\/serrafm\",\"nextItem\":{\"@type\":\"ListItem\",\"@id\":\"https:\\\/\\\/serrafm879.com.br\\\/serrafm\\\/categoria\\\/politica\\\/#listItem\",\"name\":\"Pol\\u00edtica\"}},{\"@type\":\"ListItem\",\"@id\":\"https:\\\/\\\/serrafm879.com.br\\\/serrafm\\\/categoria\\\/politica\\\/#listItem\",\"position\":2,\"name\":\"Pol\\u00edtica\",\"item\":\"https:\\\/\\\/serrafm879.com.br\\\/serrafm\\\/categoria\\\/politica\\\/\",\"nextItem\":{\"@type\":\"ListItem\",\"@id\":\"https:\\\/\\\/serrafm879.com.br\\\/serrafm\\\/2025\\\/02\\\/marconi-faz-balanco-da-gestao-e-registra-protagonismo-de-marcia-conrado\\\/#listItem\",\"name\":\"Marconi faz balan\\u00e7o da gest\\u00e3o e registra protagonismo de M\\u00e1rcia Conrado\"},\"previousItem\":{\"@type\":\"ListItem\",\"@id\":\"https:\\\/\\\/serrafm879.com.br\\\/serrafm#listItem\",\"name\":\"Home\"}},{\"@type\":\"ListItem\",\"@id\":\"https:\\\/\\\/serrafm879.com.br\\\/serrafm\\\/2025\\\/02\\\/marconi-faz-balanco-da-gestao-e-registra-protagonismo-de-marcia-conrado\\\/#listItem\",\"position\":3,\"name\":\"Marconi faz balan\\u00e7o da gest\\u00e3o e registra protagonismo de M\\u00e1rcia Conrado\",\"previousItem\":{\"@type\":\"ListItem\",\"@id\":\"https:\\\/\\\/serrafm879.com.br\\\/serrafm\\\/categoria\\\/politica\\\/#listItem\",\"name\":\"Pol\\u00edtica\"}}]},{\"@type\":\"Organization\",\"@id\":\"https:\\\/\\\/serrafm879.com.br\\\/serrafm\\\/#organization\",\"name\":\"Serra FM 87,9\",\"description\":\"O seu novo amor!\",\"url\":\"https:\\\/\\\/serrafm879.com.br\\\/serrafm\\\/\"},{\"@type\":\"Person\",\"@id\":\"https:\\\/\\\/serrafm879.com.br\\\/serrafm\\\/author\\\/serrafm87\\\/#author\",\"url\":\"https:\\\/\\\/serrafm879.com.br\\\/serrafm\\\/author\\\/serrafm87\\\/\",\"name\":\"serrafm87\",\"image\":{\"@type\":\"ImageObject\",\"@id\":\"https:\\\/\\\/serrafm879.com.br\\\/serrafm\\\/2025\\\/02\\\/marconi-faz-balanco-da-gestao-e-registra-protagonismo-de-marcia-conrado\\\/#authorImage\",\"url\":\"https:\\\/\\\/secure.gravatar.com\\\/avatar\\\/a743233f1112d34f48bb3dc9559b76eb930bab8b27175856cba6362608736235?s=96&d=mm&r=g\",\"width\":96,\"height\":96,\"caption\":\"serrafm87\"}},{\"@type\":\"WebPage\",\"@id\":\"https:\\\/\\\/serrafm879.com.br\\\/serrafm\\\/2025\\\/02\\\/marconi-faz-balanco-da-gestao-e-registra-protagonismo-de-marcia-conrado\\\/#webpage\",\"url\":\"https:\\\/\\\/serrafm879.com.br\\\/serrafm\\\/2025\\\/02\\\/marconi-faz-balanco-da-gestao-e-registra-protagonismo-de-marcia-conrado\\\/\",\"name\":\"Marconi faz balan\\u00e7o da gest\\u00e3o e registra protagonismo de M\\u00e1rcia Conrado - Serra FM 87,9\",\"description\":\"O Prefeito de Flores, Marconi Santana, foi entrevistado nesta quinta-feira 22, pelo radialista e comunicador Francys Maya, no programa Frequ\\u00eancia Democr\\u00e1tica da R\\u00e1dio Vila Bela FM, em Serra Talhada. Dentre os assuntos envolvidos na entrevista, o gestor foi provocado sobre a gest\\u00e3o da Governadora Raquel Lyra e sobre suas a\\u00e7\\u00f5es no munic\\u00edpio que governa. Santana\",\"inLanguage\":\"pt-BR\",\"isPartOf\":{\"@id\":\"https:\\\/\\\/serrafm879.com.br\\\/serrafm\\\/#website\"},\"breadcrumb\":{\"@id\":\"https:\\\/\\\/serrafm879.com.br\\\/serrafm\\\/2025\\\/02\\\/marconi-faz-balanco-da-gestao-e-registra-protagonismo-de-marcia-conrado\\\/#breadcrumblist\"},\"author\":{\"@id\":\"https:\\\/\\\/serrafm879.com.br\\\/serrafm\\\/author\\\/serrafm87\\\/#author\"},\"creator\":{\"@id\":\"https:\\\/\\\/serrafm879.com.br\\\/serrafm\\\/author\\\/serrafm87\\\/#author\"},\"image\":{\"@type\":\"ImageObject\",\"url\":\"https:\\\/\\\/serrafm879.com.br\\\/serrafm\\\/wp-content\\\/uploads\\\/2025\\\/02\\\/4d433859-f945-40a4-a15d-ae3868c50b6d.jpg\",\"@id\":\"https:\\\/\\\/serrafm879.com.br\\\/serrafm\\\/2025\\\/02\\\/marconi-faz-balanco-da-gestao-e-registra-protagonismo-de-marcia-conrado\\\/#mainImage\",\"width\":800,\"height\":534},\"primaryImageOfPage\":{\"@id\":\"https:\\\/\\\/serrafm879.com.br\\\/serrafm\\\/2025\\\/02\\\/marconi-faz-balanco-da-gestao-e-registra-protagonismo-de-marcia-conrado\\\/#mainImage\"},\"datePublished\":\"2025-02-07T09:02:17-03:00\",\"dateModified\":\"2025-02-07T09:04:37-03:00\"},{\"@type\":\"WebSite\",\"@id\":\"https:\\\/\\\/serrafm879.com.br\\\/serrafm\\\/#website\",\"url\":\"https:\\\/\\\/serrafm879.com.br\\\/serrafm\\\/\",\"name\":\"Serra FM 87,9\",\"description\":\"O seu novo amor!\",\"inLanguage\":\"pt-BR\",\"publisher\":{\"@id\":\"https:\\\/\\\/serrafm879.com.br\\\/serrafm\\\/#organization\"}}]}\n\t\t<\/script>\n\t\t<!-- All in One SEO -->\n\n","aioseo_head_json":{"title":"Marconi faz balan\u00e7o da gest\u00e3o e registra protagonismo de M\u00e1rcia Conrado - Serra FM 87,9","description":"O Prefeito de Flores, Marconi Santana, foi entrevistado nesta quinta-feira 22, pelo radialista e comunicador Francys Maya, no programa Frequ\u00eancia Democr\u00e1tica da R\u00e1dio Vila Bela FM, em Serra Talhada. Dentre os assuntos envolvidos na entrevista, o gestor foi provocado sobre a gest\u00e3o da Governadora Raquel Lyra e sobre suas a\u00e7\u00f5es no munic\u00edpio que governa. Santana","canonical_url":"https:\/\/serrafm879.com.br\/serrafm\/2025\/02\/marconi-faz-balanco-da-gestao-e-registra-protagonismo-de-marcia-conrado\/","robots":"max-image-preview:large","keywords":"","webmasterTools":{"miscellaneous":""},"schema":{"@context":"https:\/\/schema.org","@graph":[{"@type":"BlogPosting","@id":"https:\/\/serrafm879.com.br\/serrafm\/2025\/02\/marconi-faz-balanco-da-gestao-e-registra-protagonismo-de-marcia-conrado\/#blogposting","name":"Marconi faz balan\u00e7o da gest\u00e3o e registra protagonismo de M\u00e1rcia Conrado - Serra FM 87,9","headline":"Marconi faz balan\u00e7o da gest\u00e3o e registra protagonismo de M\u00e1rcia Conrado","author":{"@id":"https:\/\/serrafm879.com.br\/serrafm\/author\/serrafm87\/#author"},"publisher":{"@id":"https:\/\/serrafm879.com.br\/serrafm\/#organization"},"image":{"@type":"ImageObject","url":"https:\/\/serrafm879.com.br\/serrafm\/wp-content\/uploads\/2025\/02\/4d433859-f945-40a4-a15d-ae3868c50b6d.jpg","width":800,"height":534},"datePublished":"2025-02-07T09:02:17-03:00","dateModified":"2025-02-07T09:04:37-03:00","inLanguage":"pt-BR","mainEntityOfPage":{"@id":"https:\/\/serrafm879.com.br\/serrafm\/2025\/02\/marconi-faz-balanco-da-gestao-e-registra-protagonismo-de-marcia-conrado\/#webpage"},"isPartOf":{"@id":"https:\/\/serrafm879.com.br\/serrafm\/2025\/02\/marconi-faz-balanco-da-gestao-e-registra-protagonismo-de-marcia-conrado\/#webpage"},"articleSection":"Pol\u00edtica"},{"@type":"BreadcrumbList","@id":"https:\/\/serrafm879.com.br\/serrafm\/2025\/02\/marconi-faz-balanco-da-gestao-e-registra-protagonismo-de-marcia-conrado\/#breadcrumblist","itemListElement":[{"@type":"ListItem","@id":"https:\/\/serrafm879.com.br\/serrafm#listItem","position":1,"name":"Home","item":"https:\/\/serrafm879.com.br\/serrafm","nextItem":{"@type":"ListItem","@id":"https:\/\/serrafm879.com.br\/serrafm\/categoria\/politica\/#listItem","name":"Pol\u00edtica"}},{"@type":"ListItem","@id":"https:\/\/serrafm879.com.br\/serrafm\/categoria\/politica\/#listItem","position":2,"name":"Pol\u00edtica","item":"https:\/\/serrafm879.com.br\/serrafm\/categoria\/politica\/","nextItem":{"@type":"ListItem","@id":"https:\/\/serrafm879.com.br\/serrafm\/2025\/02\/marconi-faz-balanco-da-gestao-e-registra-protagonismo-de-marcia-conrado\/#listItem","name":"Marconi faz balan\u00e7o da gest\u00e3o e registra protagonismo de M\u00e1rcia Conrado"},"previousItem":{"@type":"ListItem","@id":"https:\/\/serrafm879.com.br\/serrafm#listItem","name":"Home"}},{"@type":"ListItem","@id":"https:\/\/serrafm879.com.br\/serrafm\/2025\/02\/marconi-faz-balanco-da-gestao-e-registra-protagonismo-de-marcia-conrado\/#listItem","position":3,"name":"Marconi faz balan\u00e7o da gest\u00e3o e registra protagonismo de M\u00e1rcia Conrado","previousItem":{"@type":"ListItem","@id":"https:\/\/serrafm879.com.br\/serrafm\/categoria\/politica\/#listItem","name":"Pol\u00edtica"}}]},{"@type":"Organization","@id":"https:\/\/serrafm879.com.br\/serrafm\/#organization","name":"Serra FM 87,9","description":"O seu novo amor!","url":"https:\/\/serrafm879.com.br\/serrafm\/"},{"@type":"Person","@id":"https:\/\/serrafm879.com.br\/serrafm\/author\/serrafm87\/#author","url":"https:\/\/serrafm879.com.br\/serrafm\/author\/serrafm87\/","name":"serrafm87","image":{"@type":"ImageObject","@id":"https:\/\/serrafm879.com.br\/serrafm\/2025\/02\/marconi-faz-balanco-da-gestao-e-registra-protagonismo-de-marcia-conrado\/#authorImage","url":"https:\/\/secure.gravatar.com\/avatar\/a743233f1112d34f48bb3dc9559b76eb930bab8b27175856cba6362608736235?s=96&d=mm&r=g","width":96,"height":96,"caption":"serrafm87"}},{"@type":"WebPage","@id":"https:\/\/serrafm879.com.br\/serrafm\/2025\/02\/marconi-faz-balanco-da-gestao-e-registra-protagonismo-de-marcia-conrado\/#webpage","url":"https:\/\/serrafm879.com.br\/serrafm\/2025\/02\/marconi-faz-balanco-da-gestao-e-registra-protagonismo-de-marcia-conrado\/","name":"Marconi faz balan\u00e7o da gest\u00e3o e registra protagonismo de M\u00e1rcia Conrado - Serra FM 87,9","description":"O Prefeito de Flores, Marconi Santana, foi entrevistado nesta quinta-feira 22, pelo radialista e comunicador Francys Maya, no programa Frequ\u00eancia Democr\u00e1tica da R\u00e1dio Vila Bela FM, em Serra Talhada. Dentre os assuntos envolvidos na entrevista, o gestor foi provocado sobre a gest\u00e3o da Governadora Raquel Lyra e sobre suas a\u00e7\u00f5es no munic\u00edpio que governa. Santana","inLanguage":"pt-BR","isPartOf":{"@id":"https:\/\/serrafm879.com.br\/serrafm\/#website"},"breadcrumb":{"@id":"https:\/\/serrafm879.com.br\/serrafm\/2025\/02\/marconi-faz-balanco-da-gestao-e-registra-protagonismo-de-marcia-conrado\/#breadcrumblist"},"author":{"@id":"https:\/\/serrafm879.com.br\/serrafm\/author\/serrafm87\/#author"},"creator":{"@id":"https:\/\/serrafm879.com.br\/serrafm\/author\/serrafm87\/#author"},"image":{"@type":"ImageObject","url":"https:\/\/serrafm879.com.br\/serrafm\/wp-content\/uploads\/2025\/02\/4d433859-f945-40a4-a15d-ae3868c50b6d.jpg","@id":"https:\/\/serrafm879.com.br\/serrafm\/2025\/02\/marconi-faz-balanco-da-gestao-e-registra-protagonismo-de-marcia-conrado\/#mainImage","width":800,"height":534},"primaryImageOfPage":{"@id":"https:\/\/serrafm879.com.br\/serrafm\/2025\/02\/marconi-faz-balanco-da-gestao-e-registra-protagonismo-de-marcia-conrado\/#mainImage"},"datePublished":"2025-02-07T09:02:17-03:00","dateModified":"2025-02-07T09:04:37-03:00"},{"@type":"WebSite","@id":"https:\/\/serrafm879.com.br\/serrafm\/#website","url":"https:\/\/serrafm879.com.br\/serrafm\/","name":"Serra FM 87,9","description":"O seu novo amor!","inLanguage":"pt-BR","publisher":{"@id":"https:\/\/serrafm879.com.br\/serrafm\/#organization"}}]},"twitter:card":"summary_large_image","twitter:title":"Marconi faz balan\u00e7o da gest\u00e3o e registra protagonismo de M\u00e1rcia Conrado - Serra FM 87,9","twitter:description":"O Prefeito de Flores, Marconi Santana, foi entrevistado nesta quinta-feira 22, pelo radialista e comunicador Francys Maya, no programa Frequ\u00eancia Democr\u00e1tica da R\u00e1dio Vila Bela FM, em Serra Talhada. Dentre os assuntos envolvidos na entrevista, o gestor foi provocado sobre a gest\u00e3o da Governadora Raquel Lyra e sobre suas a\u00e7\u00f5es no munic\u00edpio que governa. Santana","twitter:image":"https:\/\/serrafm879.com.br\/serrafm\/wp-content\/uploads\/2025\/02\/4d433859-f945-40a4-a15d-ae3868c50b6d.jpg"},"aioseo_meta_data":{"post_id":"20430","title":null,"description":null,"keywords":null,"keyphrases":null,"primary_term":null,"canonical_url":null,"og_title":null,"og_description":null,"og_object_type":"default","og_image_type":"default","og_image_custom_url":null,"og_image_custom_fields":null,"og_image_url":null,"og_image_width":null,"og_image_height":null,"og_video":null,"og_custom_url":null,"og_article_section":null,"og_article_tags":null,"twitter_use_og":false,"twitter_card":"default","twitter_image_type":"default","twitter_image_custom_url":null,"twitter_image_custom_fields":null,"twitter_image_url":null,"twitter_title":null,"twitter_description":null,"schema_type":"default","schema_type_options":null,"schema":{"blockGraphs":[],"customGraphs":[],"default":{"data":{"Article":[],"Course":[],"Dataset":[],"FAQPage":[],"Movie":[],"Person":[],"Product":[],"ProductReview":[],"Car":[],"Recipe":[],"Service":[],"SoftwareApplication":[],"WebPage":[]},"graphName":"","isEnabled":true},"graphs":[]},"pillar_content":false,"robots_default":true,"robots_noindex":false,"robots_noarchive":false,"robots_nosnippet":false,"robots_nofollow":false,"robots_noimageindex":false,"robots_noodp":false,"robots_notranslate":false,"robots_max_snippet":null,"robots_max_videopreview":null,"robots_max_imagepreview":"large","priority":null,"frequency":null,"local_seo":null,"limit_modified_date":false,"ai":null,"breadcrumb_settings":null,"seo_analyzer_scan_date":null,"created":"2026-07-21 13:30:28","updated":"2026-07-21 13:30:28"},"aioseo_breadcrumb":"<div class=\"aioseo-breadcrumbs\"><span class=\"aioseo-breadcrumb\">\n\t\t\t<a href=\"https:\/\/serrafm879.com.br\/serrafm\" title=\"Home\">Home<\/a>\n\t\t<\/span><span class=\"aioseo-breadcrumb-separator\">&raquo;<\/span><span class=\"aioseo-breadcrumb\">\n\t\t\t<a href=\"https:\/\/serrafm879.com.br\/serrafm\/categoria\/politica\/\" title=\"Pol\u00edtica\">Pol\u00edtica<\/a>\n\t\t<\/span><span class=\"aioseo-breadcrumb-separator\">&raquo;<\/span><span class=\"aioseo-breadcrumb\">\n\t\t\tMarconi faz balan\u00e7o da gest\u00e3o e registra protagonismo de M\u00e1rcia Conrado\n\t\t<\/span><\/div>","aioseo_breadcrumb_json":[{"label":"Home","link":"https:\/\/serrafm879.com.br\/serrafm"},{"label":"Pol\u00edtica","link":"https:\/\/serrafm879.com.br\/serrafm\/categoria\/politica\/"},{"label":"Marconi faz balan\u00e7o da gest\u00e3o e registra protagonismo de M\u00e1rcia Conrado","link":"https:\/\/serrafm879.com.br\/serrafm\/2025\/02\/marconi-faz-balanco-da-gestao-e-registra-protagonismo-de-marcia-conrado\/"}],"jetpack_publicize_connections":[],"jetpack_featured_media_url":"https:\/\/serrafm879.com.br\/serrafm\/wp-content\/uploads\/2025\/02\/4d433859-f945-40a4-a15d-ae3868c50b6d.jpg","jetpack_shortlink":"https:\/\/wp.me\/p7HyXg-5jw","jetpack_sharing_enabled":true,"_links":{"self":[{"href":"https:\/\/serrafm879.com.br\/serrafm\/wp-json\/wp\/v2\/posts\/20430","targetHints":{"allow":["GET"]}}],"collection":[{"href":"https:\/\/serrafm879.com.br\/serrafm\/wp-json\/wp\/v2\/posts"}],"about":[{"href":"https:\/\/serrafm879.com.br\/serrafm\/wp-json\/wp\/v2\/types\/post"}],"author":[{"embeddable":true,"href":"https:\/\/serrafm879.com.br\/serrafm\/wp-json\/wp\/v2\/users\/2"}],"replies":[{"embeddable":true,"href":"https:\/\/serrafm879.com.br\/serrafm\/wp-json\/wp\/v2\/comments?post=20430"}],"version-history":[{"count":3,"href":"https:\/\/serrafm879.com.br\/serrafm\/wp-json\/wp\/v2\/posts\/20430\/revisions"}],"predecessor-version":[{"id":20434,"href":"https:\/\/serrafm879.com.br\/serrafm\/wp-json\/wp\/v2\/posts\/20430\/revisions\/20434"}],"wp:featuredmedia":[{"embeddable":true,"href":"https:\/\/serrafm879.com.br\/serrafm\/wp-json\/wp\/v2\/media\/20431"}],"wp:attachment":[{"href":"https:\/\/serrafm879.com.br\/serrafm\/wp-json\/wp\/v2\/media?parent=20430"}],"wp:term":[{"taxonomy":"category","embeddable":true,"href":"https:\/\/serrafm879.com.br\/serrafm\/wp-json\/wp\/v2\/categories?post=20430"},{"taxonomy":"post_tag","embeddable":true,"href":"https:\/\/serrafm879.com.br\/serrafm\/wp-json\/wp\/v2\/tags?post=20430"}],"curies":[{"name":"wp","href":"https:\/\/api.w.org\/{rel}","templated":true}]}}