{"id":20446,"date":"2025-02-07T16:42:02","date_gmt":"2025-02-07T19:42:02","guid":{"rendered":"https:\/?p=20446"},"modified":"2025-02-07T17:39:39","modified_gmt":"2025-02-07T20:39:39","slug":"morre-nesta-sexta-feira-7-aos-64-anos-roberto-leitinho-apos-nao-resistir-aos-ferimentos","status":"publish","type":"post","link":"https:\/\/serrafm879.com.br\/serrafm\/2025\/02\/morre-nesta-sexta-feira-7-aos-64-anos-roberto-leitinho-apos-nao-resistir-aos-ferimentos\/","title":{"rendered":"Morre nesta sexta-feira (7), aos 64 anos, &#8216;Roberto Leitinho&#8217; ap\u00f3s n\u00e3o resistir aos ferimentos"},"content":{"rendered":"<p>Na tarde desta sexta-feira(7), a Serra FM recebeu a informa\u00e7\u00e3o de que o empres\u00e1rio Carlos Roberto Leite, 64 anos, conhecido como Roberto Leitinho, veio a \u00f3bito ap\u00f3s n\u00e3o resistir aos ferimentos depois de sofrer uma tentativa de homic\u00eddio na Avenida Ademar Xavier, no Alto da Concei\u00e7\u00e3o.<\/p>\n<p>De acordo com as informa\u00e7\u00f5es, ele foi alvejado por 8 disparos de arma de fogo nas proximidades do Altino Ventura, por volta das 6h30, sendo socorrido para o Hospam e em seguida transferido para o Hospital Eduardo Campos, onde deu entrada consciente na sala vermelha e foi submetido \u00e0 cirurgia.<\/p>\n<p>Roberto j\u00e1 tinha sido v\u00edtima de outra tentativa de homic\u00eddio em 2017, sendo perseguido por um ve\u00edculo, onde homens armados efetuaram disparos de arma de fogo contra seu carro.<\/p>\n<p>O empres\u00e1rio atuou em Serra Talhada no ramo de madeira, mas estava aposentado. A fam\u00edlia trabalha na compra e venda de ve\u00edculos.<\/p>\n<p>A pol\u00edcia segue em dilig\u00eancias, com objetivo de localizar e prender os respons\u00e1veis pelo crime.<\/p>\n<p>Desde j\u00e1, externamos nossos sentimentos a todos os familiares e amigos.<\/p>\n","protected":false},"excerpt":{"rendered":"<p>Na tarde desta sexta-feira(7), a Serra FM recebeu a informa\u00e7\u00e3o de que o empres\u00e1rio Carlos Roberto Leite, 64 anos, conhecido como Roberto Leitinho, veio a \u00f3bito ap\u00f3s n\u00e3o resistir aos ferimentos depois de sofrer uma tentativa de homic\u00eddio na Avenida Ademar Xavier, no Alto da Concei\u00e7\u00e3o. De acordo com as informa\u00e7\u00f5es, ele foi alvejado por 8 disparos de arma de fogo nas proximidades do Altino Ventura, por volta das 6h30, sendo socorrido para o Hospam e em seguida transferido para o Hospital Eduardo Campos, onde deu entrada consciente na sala vermelha e foi submetido \u00e0 cirurgia. Roberto j\u00e1 tinha sido [&hellip;]<\/p>\n","protected":false},"author":2,"featured_media":20447,"comment_status":"open","ping_status":"open","sticky":false,"template":"","format":"standard","meta":{"_jetpack_newsletter_access":"","_jetpack_dont_email_post_to_subs":false,"_jetpack_newsletter_tier_id":0,"_jetpack_memberships_contains_paywalled_content":false,"_jetpack_feature_clip_id":0,"_jetpack_memberships_contains_paid_content":false,"footnotes":"","jetpack_publicize_message":"","jetpack_publicize_feature_enabled":true,"jetpack_social_post_already_shared":true,"jetpack_social_options":{"image_generator_settings":{"template":"highway","default_image_id":0,"font":"","enabled":false},"version":2},"jetpack_post_was_ever_published":false},"categories":[1],"tags":[],"class_list":["post-20446","post","type-post","status-publish","format-standard","has-post-thumbnail","hentry","category-uncategorized"],"aioseo_notices":[],"aioseo_head":"\n\t\t<!-- All in One SEO 4.9.10 - aioseo.com -->\n\t<meta name=\"description\" content=\"Na tarde desta sexta-feira(7), a Serra FM recebeu a informa\u00e7\u00e3o de que o empres\u00e1rio Carlos Roberto Leite, 64 anos, conhecido como Roberto Leitinho, veio a \u00f3bito ap\u00f3s n\u00e3o resistir aos ferimentos depois de sofrer uma tentativa de homic\u00eddio na Avenida Ademar Xavier, no Alto da Concei\u00e7\u00e3o. De acordo com as informa\u00e7\u00f5es, ele foi alvejado por\" \/>\n\t<meta name=\"robots\" content=\"max-image-preview:large\" \/>\n\t<meta name=\"author\" content=\"serrafm87\"\/>\n\t<link rel=\"canonical\" href=\"https:\/\/serrafm879.com.br\/serrafm\/2025\/02\/morre-nesta-sexta-feira-7-aos-64-anos-roberto-leitinho-apos-nao-resistir-aos-ferimentos\/\" \/>\n\t<meta name=\"generator\" content=\"All in One SEO (AIOSEO) 4.9.10\" \/>\n\t\t<meta name=\"twitter:card\" content=\"summary_large_image\" \/>\n\t\t<meta name=\"twitter:title\" content=\"Morre nesta sexta-feira (7), aos 64 anos, \u2018Roberto Leitinho\u2019 ap\u00f3s n\u00e3o resistir aos ferimentos - Serra FM 87,9\" \/>\n\t\t<meta name=\"twitter:description\" content=\"Na tarde desta sexta-feira(7), a Serra FM recebeu a informa\u00e7\u00e3o de que o empres\u00e1rio Carlos Roberto Leite, 64 anos, conhecido como Roberto Leitinho, veio a \u00f3bito ap\u00f3s n\u00e3o resistir aos ferimentos depois de sofrer uma tentativa de homic\u00eddio na Avenida Ademar Xavier, no Alto da Concei\u00e7\u00e3o. De acordo com as informa\u00e7\u00f5es, ele foi alvejado por\" \/>\n\t\t<meta name=\"twitter:image\" content=\"https:\/\/serrafm879.com.br\/serrafm\/wp-content\/uploads\/2025\/02\/WhatsApp-Image-2025-02-07-at-16.41.27.jpeg\" \/>\n\t\t<script type=\"application\/ld+json\" class=\"aioseo-schema\">\n\t\t\t{\"@context\":\"https:\\\/\\\/schema.org\",\"@graph\":[{\"@type\":\"BlogPosting\",\"@id\":\"https:\\\/\\\/serrafm879.com.br\\\/serrafm\\\/2025\\\/02\\\/morre-nesta-sexta-feira-7-aos-64-anos-roberto-leitinho-apos-nao-resistir-aos-ferimentos\\\/#blogposting\",\"name\":\"Morre nesta sexta-feira (7), aos 64 anos, \\u2018Roberto Leitinho\\u2019 ap\\u00f3s n\\u00e3o resistir aos ferimentos - Serra FM 87,9\",\"headline\":\"Morre nesta sexta-feira (7), aos 64 anos, &#8216;Roberto Leitinho&#8217; ap\\u00f3s n\\u00e3o resistir aos ferimentos\",\"author\":{\"@id\":\"https:\\\/\\\/serrafm879.com.br\\\/serrafm\\\/author\\\/serrafm87\\\/#author\"},\"publisher\":{\"@id\":\"https:\\\/\\\/serrafm879.com.br\\\/serrafm\\\/#organization\"},\"image\":{\"@type\":\"ImageObject\",\"url\":\"https:\\\/\\\/serrafm879.com.br\\\/serrafm\\\/wp-content\\\/uploads\\\/2025\\\/02\\\/WhatsApp-Image-2025-02-07-at-16.41.27.jpeg\",\"width\":1080,\"height\":1053},\"datePublished\":\"2025-02-07T16:42:02-03:00\",\"dateModified\":\"2025-02-07T17:39:39-03:00\",\"inLanguage\":\"pt-BR\",\"mainEntityOfPage\":{\"@id\":\"https:\\\/\\\/serrafm879.com.br\\\/serrafm\\\/2025\\\/02\\\/morre-nesta-sexta-feira-7-aos-64-anos-roberto-leitinho-apos-nao-resistir-aos-ferimentos\\\/#webpage\"},\"isPartOf\":{\"@id\":\"https:\\\/\\\/serrafm879.com.br\\\/serrafm\\\/2025\\\/02\\\/morre-nesta-sexta-feira-7-aos-64-anos-roberto-leitinho-apos-nao-resistir-aos-ferimentos\\\/#webpage\"},\"articleSection\":\"Uncategorized\"},{\"@type\":\"BreadcrumbList\",\"@id\":\"https:\\\/\\\/serrafm879.com.br\\\/serrafm\\\/2025\\\/02\\\/morre-nesta-sexta-feira-7-aos-64-anos-roberto-leitinho-apos-nao-resistir-aos-ferimentos\\\/#breadcrumblist\",\"itemListElement\":[{\"@type\":\"ListItem\",\"@id\":\"https:\\\/\\\/serrafm879.com.br\\\/serrafm#listItem\",\"position\":1,\"name\":\"Home\",\"item\":\"https:\\\/\\\/serrafm879.com.br\\\/serrafm\",\"nextItem\":{\"@type\":\"ListItem\",\"@id\":\"https:\\\/\\\/serrafm879.com.br\\\/serrafm\\\/categoria\\\/uncategorized\\\/#listItem\",\"name\":\"Uncategorized\"}},{\"@type\":\"ListItem\",\"@id\":\"https:\\\/\\\/serrafm879.com.br\\\/serrafm\\\/categoria\\\/uncategorized\\\/#listItem\",\"position\":2,\"name\":\"Uncategorized\",\"item\":\"https:\\\/\\\/serrafm879.com.br\\\/serrafm\\\/categoria\\\/uncategorized\\\/\",\"nextItem\":{\"@type\":\"ListItem\",\"@id\":\"https:\\\/\\\/serrafm879.com.br\\\/serrafm\\\/2025\\\/02\\\/morre-nesta-sexta-feira-7-aos-64-anos-roberto-leitinho-apos-nao-resistir-aos-ferimentos\\\/#listItem\",\"name\":\"Morre nesta sexta-feira (7), aos 64 anos, &#8216;Roberto Leitinho&#8217; ap\\u00f3s n\\u00e3o resistir aos ferimentos\"},\"previousItem\":{\"@type\":\"ListItem\",\"@id\":\"https:\\\/\\\/serrafm879.com.br\\\/serrafm#listItem\",\"name\":\"Home\"}},{\"@type\":\"ListItem\",\"@id\":\"https:\\\/\\\/serrafm879.com.br\\\/serrafm\\\/2025\\\/02\\\/morre-nesta-sexta-feira-7-aos-64-anos-roberto-leitinho-apos-nao-resistir-aos-ferimentos\\\/#listItem\",\"position\":3,\"name\":\"Morre nesta sexta-feira (7), aos 64 anos, &#8216;Roberto Leitinho&#8217; ap\\u00f3s n\\u00e3o resistir aos ferimentos\",\"previousItem\":{\"@type\":\"ListItem\",\"@id\":\"https:\\\/\\\/serrafm879.com.br\\\/serrafm\\\/categoria\\\/uncategorized\\\/#listItem\",\"name\":\"Uncategorized\"}}]},{\"@type\":\"Organization\",\"@id\":\"https:\\\/\\\/serrafm879.com.br\\\/serrafm\\\/#organization\",\"name\":\"Serra FM 87,9\",\"description\":\"O seu novo amor!\",\"url\":\"https:\\\/\\\/serrafm879.com.br\\\/serrafm\\\/\"},{\"@type\":\"Person\",\"@id\":\"https:\\\/\\\/serrafm879.com.br\\\/serrafm\\\/author\\\/serrafm87\\\/#author\",\"url\":\"https:\\\/\\\/serrafm879.com.br\\\/serrafm\\\/author\\\/serrafm87\\\/\",\"name\":\"serrafm87\",\"image\":{\"@type\":\"ImageObject\",\"@id\":\"https:\\\/\\\/serrafm879.com.br\\\/serrafm\\\/2025\\\/02\\\/morre-nesta-sexta-feira-7-aos-64-anos-roberto-leitinho-apos-nao-resistir-aos-ferimentos\\\/#authorImage\",\"url\":\"https:\\\/\\\/secure.gravatar.com\\\/avatar\\\/a743233f1112d34f48bb3dc9559b76eb930bab8b27175856cba6362608736235?s=96&d=mm&r=g\",\"width\":96,\"height\":96,\"caption\":\"serrafm87\"}},{\"@type\":\"WebPage\",\"@id\":\"https:\\\/\\\/serrafm879.com.br\\\/serrafm\\\/2025\\\/02\\\/morre-nesta-sexta-feira-7-aos-64-anos-roberto-leitinho-apos-nao-resistir-aos-ferimentos\\\/#webpage\",\"url\":\"https:\\\/\\\/serrafm879.com.br\\\/serrafm\\\/2025\\\/02\\\/morre-nesta-sexta-feira-7-aos-64-anos-roberto-leitinho-apos-nao-resistir-aos-ferimentos\\\/\",\"name\":\"Morre nesta sexta-feira (7), aos 64 anos, \\u2018Roberto Leitinho\\u2019 ap\\u00f3s n\\u00e3o resistir aos ferimentos - Serra FM 87,9\",\"description\":\"Na tarde desta sexta-feira(7), a Serra FM recebeu a informa\\u00e7\\u00e3o de que o empres\\u00e1rio Carlos Roberto Leite, 64 anos, conhecido como Roberto Leitinho, veio a \\u00f3bito ap\\u00f3s n\\u00e3o resistir aos ferimentos depois de sofrer uma tentativa de homic\\u00eddio na Avenida Ademar Xavier, no Alto da Concei\\u00e7\\u00e3o. De acordo com as informa\\u00e7\\u00f5es, ele foi alvejado por\",\"inLanguage\":\"pt-BR\",\"isPartOf\":{\"@id\":\"https:\\\/\\\/serrafm879.com.br\\\/serrafm\\\/#website\"},\"breadcrumb\":{\"@id\":\"https:\\\/\\\/serrafm879.com.br\\\/serrafm\\\/2025\\\/02\\\/morre-nesta-sexta-feira-7-aos-64-anos-roberto-leitinho-apos-nao-resistir-aos-ferimentos\\\/#breadcrumblist\"},\"author\":{\"@id\":\"https:\\\/\\\/serrafm879.com.br\\\/serrafm\\\/author\\\/serrafm87\\\/#author\"},\"creator\":{\"@id\":\"https:\\\/\\\/serrafm879.com.br\\\/serrafm\\\/author\\\/serrafm87\\\/#author\"},\"image\":{\"@type\":\"ImageObject\",\"url\":\"https:\\\/\\\/serrafm879.com.br\\\/serrafm\\\/wp-content\\\/uploads\\\/2025\\\/02\\\/WhatsApp-Image-2025-02-07-at-16.41.27.jpeg\",\"@id\":\"https:\\\/\\\/serrafm879.com.br\\\/serrafm\\\/2025\\\/02\\\/morre-nesta-sexta-feira-7-aos-64-anos-roberto-leitinho-apos-nao-resistir-aos-ferimentos\\\/#mainImage\",\"width\":1080,\"height\":1053},\"primaryImageOfPage\":{\"@id\":\"https:\\\/\\\/serrafm879.com.br\\\/serrafm\\\/2025\\\/02\\\/morre-nesta-sexta-feira-7-aos-64-anos-roberto-leitinho-apos-nao-resistir-aos-ferimentos\\\/#mainImage\"},\"datePublished\":\"2025-02-07T16:42:02-03:00\",\"dateModified\":\"2025-02-07T17:39:39-03:00\"},{\"@type\":\"WebSite\",\"@id\":\"https:\\\/\\\/serrafm879.com.br\\\/serrafm\\\/#website\",\"url\":\"https:\\\/\\\/serrafm879.com.br\\\/serrafm\\\/\",\"name\":\"Serra FM 87,9\",\"description\":\"O seu novo amor!\",\"inLanguage\":\"pt-BR\",\"publisher\":{\"@id\":\"https:\\\/\\\/serrafm879.com.br\\\/serrafm\\\/#organization\"}}]}\n\t\t<\/script>\n\t\t<!-- All in One SEO -->\n\n","aioseo_head_json":{"title":"Morre nesta sexta-feira (7), aos 64 anos, \u2018Roberto Leitinho\u2019 ap\u00f3s n\u00e3o resistir aos ferimentos - Serra FM 87,9","description":"Na tarde desta sexta-feira(7), a Serra FM recebeu a informa\u00e7\u00e3o de que o empres\u00e1rio Carlos Roberto Leite, 64 anos, conhecido como Roberto Leitinho, veio a \u00f3bito ap\u00f3s n\u00e3o resistir aos ferimentos depois de sofrer uma tentativa de homic\u00eddio na Avenida Ademar Xavier, no Alto da Concei\u00e7\u00e3o. De acordo com as informa\u00e7\u00f5es, ele foi alvejado por","canonical_url":"https:\/\/serrafm879.com.br\/serrafm\/2025\/02\/morre-nesta-sexta-feira-7-aos-64-anos-roberto-leitinho-apos-nao-resistir-aos-ferimentos\/","robots":"max-image-preview:large","keywords":"","webmasterTools":{"miscellaneous":""},"schema":{"@context":"https:\/\/schema.org","@graph":[{"@type":"BlogPosting","@id":"https:\/\/serrafm879.com.br\/serrafm\/2025\/02\/morre-nesta-sexta-feira-7-aos-64-anos-roberto-leitinho-apos-nao-resistir-aos-ferimentos\/#blogposting","name":"Morre nesta sexta-feira (7), aos 64 anos, \u2018Roberto Leitinho\u2019 ap\u00f3s n\u00e3o resistir aos ferimentos - Serra FM 87,9","headline":"Morre nesta sexta-feira (7), aos 64 anos, &#8216;Roberto Leitinho&#8217; ap\u00f3s n\u00e3o resistir aos ferimentos","author":{"@id":"https:\/\/serrafm879.com.br\/serrafm\/author\/serrafm87\/#author"},"publisher":{"@id":"https:\/\/serrafm879.com.br\/serrafm\/#organization"},"image":{"@type":"ImageObject","url":"https:\/\/serrafm879.com.br\/serrafm\/wp-content\/uploads\/2025\/02\/WhatsApp-Image-2025-02-07-at-16.41.27.jpeg","width":1080,"height":1053},"datePublished":"2025-02-07T16:42:02-03:00","dateModified":"2025-02-07T17:39:39-03:00","inLanguage":"pt-BR","mainEntityOfPage":{"@id":"https:\/\/serrafm879.com.br\/serrafm\/2025\/02\/morre-nesta-sexta-feira-7-aos-64-anos-roberto-leitinho-apos-nao-resistir-aos-ferimentos\/#webpage"},"isPartOf":{"@id":"https:\/\/serrafm879.com.br\/serrafm\/2025\/02\/morre-nesta-sexta-feira-7-aos-64-anos-roberto-leitinho-apos-nao-resistir-aos-ferimentos\/#webpage"},"articleSection":"Uncategorized"},{"@type":"BreadcrumbList","@id":"https:\/\/serrafm879.com.br\/serrafm\/2025\/02\/morre-nesta-sexta-feira-7-aos-64-anos-roberto-leitinho-apos-nao-resistir-aos-ferimentos\/#breadcrumblist","itemListElement":[{"@type":"ListItem","@id":"https:\/\/serrafm879.com.br\/serrafm#listItem","position":1,"name":"Home","item":"https:\/\/serrafm879.com.br\/serrafm","nextItem":{"@type":"ListItem","@id":"https:\/\/serrafm879.com.br\/serrafm\/categoria\/uncategorized\/#listItem","name":"Uncategorized"}},{"@type":"ListItem","@id":"https:\/\/serrafm879.com.br\/serrafm\/categoria\/uncategorized\/#listItem","position":2,"name":"Uncategorized","item":"https:\/\/serrafm879.com.br\/serrafm\/categoria\/uncategorized\/","nextItem":{"@type":"ListItem","@id":"https:\/\/serrafm879.com.br\/serrafm\/2025\/02\/morre-nesta-sexta-feira-7-aos-64-anos-roberto-leitinho-apos-nao-resistir-aos-ferimentos\/#listItem","name":"Morre nesta sexta-feira (7), aos 64 anos, &#8216;Roberto Leitinho&#8217; ap\u00f3s n\u00e3o resistir aos ferimentos"},"previousItem":{"@type":"ListItem","@id":"https:\/\/serrafm879.com.br\/serrafm#listItem","name":"Home"}},{"@type":"ListItem","@id":"https:\/\/serrafm879.com.br\/serrafm\/2025\/02\/morre-nesta-sexta-feira-7-aos-64-anos-roberto-leitinho-apos-nao-resistir-aos-ferimentos\/#listItem","position":3,"name":"Morre nesta sexta-feira (7), aos 64 anos, &#8216;Roberto Leitinho&#8217; ap\u00f3s n\u00e3o resistir aos ferimentos","previousItem":{"@type":"ListItem","@id":"https:\/\/serrafm879.com.br\/serrafm\/categoria\/uncategorized\/#listItem","name":"Uncategorized"}}]},{"@type":"Organization","@id":"https:\/\/serrafm879.com.br\/serrafm\/#organization","name":"Serra FM 87,9","description":"O seu novo amor!","url":"https:\/\/serrafm879.com.br\/serrafm\/"},{"@type":"Person","@id":"https:\/\/serrafm879.com.br\/serrafm\/author\/serrafm87\/#author","url":"https:\/\/serrafm879.com.br\/serrafm\/author\/serrafm87\/","name":"serrafm87","image":{"@type":"ImageObject","@id":"https:\/\/serrafm879.com.br\/serrafm\/2025\/02\/morre-nesta-sexta-feira-7-aos-64-anos-roberto-leitinho-apos-nao-resistir-aos-ferimentos\/#authorImage","url":"https:\/\/secure.gravatar.com\/avatar\/a743233f1112d34f48bb3dc9559b76eb930bab8b27175856cba6362608736235?s=96&d=mm&r=g","width":96,"height":96,"caption":"serrafm87"}},{"@type":"WebPage","@id":"https:\/\/serrafm879.com.br\/serrafm\/2025\/02\/morre-nesta-sexta-feira-7-aos-64-anos-roberto-leitinho-apos-nao-resistir-aos-ferimentos\/#webpage","url":"https:\/\/serrafm879.com.br\/serrafm\/2025\/02\/morre-nesta-sexta-feira-7-aos-64-anos-roberto-leitinho-apos-nao-resistir-aos-ferimentos\/","name":"Morre nesta sexta-feira (7), aos 64 anos, \u2018Roberto Leitinho\u2019 ap\u00f3s n\u00e3o resistir aos ferimentos - Serra FM 87,9","description":"Na tarde desta sexta-feira(7), a Serra FM recebeu a informa\u00e7\u00e3o de que o empres\u00e1rio Carlos Roberto Leite, 64 anos, conhecido como Roberto Leitinho, veio a \u00f3bito ap\u00f3s n\u00e3o resistir aos ferimentos depois de sofrer uma tentativa de homic\u00eddio na Avenida Ademar Xavier, no Alto da Concei\u00e7\u00e3o. De acordo com as informa\u00e7\u00f5es, ele foi alvejado por","inLanguage":"pt-BR","isPartOf":{"@id":"https:\/\/serrafm879.com.br\/serrafm\/#website"},"breadcrumb":{"@id":"https:\/\/serrafm879.com.br\/serrafm\/2025\/02\/morre-nesta-sexta-feira-7-aos-64-anos-roberto-leitinho-apos-nao-resistir-aos-ferimentos\/#breadcrumblist"},"author":{"@id":"https:\/\/serrafm879.com.br\/serrafm\/author\/serrafm87\/#author"},"creator":{"@id":"https:\/\/serrafm879.com.br\/serrafm\/author\/serrafm87\/#author"},"image":{"@type":"ImageObject","url":"https:\/\/serrafm879.com.br\/serrafm\/wp-content\/uploads\/2025\/02\/WhatsApp-Image-2025-02-07-at-16.41.27.jpeg","@id":"https:\/\/serrafm879.com.br\/serrafm\/2025\/02\/morre-nesta-sexta-feira-7-aos-64-anos-roberto-leitinho-apos-nao-resistir-aos-ferimentos\/#mainImage","width":1080,"height":1053},"primaryImageOfPage":{"@id":"https:\/\/serrafm879.com.br\/serrafm\/2025\/02\/morre-nesta-sexta-feira-7-aos-64-anos-roberto-leitinho-apos-nao-resistir-aos-ferimentos\/#mainImage"},"datePublished":"2025-02-07T16:42:02-03:00","dateModified":"2025-02-07T17:39:39-03:00"},{"@type":"WebSite","@id":"https:\/\/serrafm879.com.br\/serrafm\/#website","url":"https:\/\/serrafm879.com.br\/serrafm\/","name":"Serra FM 87,9","description":"O seu novo amor!","inLanguage":"pt-BR","publisher":{"@id":"https:\/\/serrafm879.com.br\/serrafm\/#organization"}}]},"twitter:card":"summary_large_image","twitter:title":"Morre nesta sexta-feira (7), aos 64 anos, \u2018Roberto Leitinho\u2019 ap\u00f3s n\u00e3o resistir aos ferimentos - Serra FM 87,9","twitter:description":"Na tarde desta sexta-feira(7), a Serra FM recebeu a informa\u00e7\u00e3o de que o empres\u00e1rio Carlos Roberto Leite, 64 anos, conhecido como Roberto Leitinho, veio a \u00f3bito ap\u00f3s n\u00e3o resistir aos ferimentos depois de sofrer uma tentativa de homic\u00eddio na Avenida Ademar Xavier, no Alto da Concei\u00e7\u00e3o. De acordo com as informa\u00e7\u00f5es, ele foi alvejado por","twitter:image":"https:\/\/serrafm879.com.br\/serrafm\/wp-content\/uploads\/2025\/02\/WhatsApp-Image-2025-02-07-at-16.41.27.jpeg"},"aioseo_meta_data":{"post_id":"20446","title":null,"description":null,"keywords":null,"keyphrases":null,"primary_term":null,"canonical_url":null,"og_title":null,"og_description":null,"og_object_type":"default","og_image_type":"default","og_image_custom_url":null,"og_image_custom_fields":null,"og_image_url":null,"og_image_width":null,"og_image_height":null,"og_video":null,"og_custom_url":null,"og_article_section":null,"og_article_tags":null,"twitter_use_og":false,"twitter_card":"default","twitter_image_type":"default","twitter_image_custom_url":null,"twitter_image_custom_fields":null,"twitter_image_url":null,"twitter_title":null,"twitter_description":null,"schema_type":"default","schema_type_options":null,"schema":{"blockGraphs":[],"customGraphs":[],"default":{"data":{"Article":[],"Course":[],"Dataset":[],"FAQPage":[],"Movie":[],"Person":[],"Product":[],"ProductReview":[],"Car":[],"Recipe":[],"Service":[],"SoftwareApplication":[],"WebPage":[]},"graphName":"","isEnabled":true},"graphs":[]},"pillar_content":false,"robots_default":true,"robots_noindex":false,"robots_noarchive":false,"robots_nosnippet":false,"robots_nofollow":false,"robots_noimageindex":false,"robots_noodp":false,"robots_notranslate":false,"robots_max_snippet":null,"robots_max_videopreview":null,"robots_max_imagepreview":"large","priority":null,"frequency":null,"local_seo":null,"limit_modified_date":false,"ai":null,"breadcrumb_settings":null,"seo_analyzer_scan_date":null,"created":"2026-07-21 13:30:28","updated":"2026-07-21 13:30:28"},"aioseo_breadcrumb":"<div class=\"aioseo-breadcrumbs\"><span class=\"aioseo-breadcrumb\">\n\t\t\t<a href=\"https:\/\/serrafm879.com.br\/serrafm\" title=\"Home\">Home<\/a>\n\t\t<\/span><span class=\"aioseo-breadcrumb-separator\">&raquo;<\/span><span class=\"aioseo-breadcrumb\">\n\t\t\t<a href=\"https:\/\/serrafm879.com.br\/serrafm\/categoria\/uncategorized\/\" title=\"Uncategorized\">Uncategorized<\/a>\n\t\t<\/span><span class=\"aioseo-breadcrumb-separator\">&raquo;<\/span><span class=\"aioseo-breadcrumb\">\n\t\t\tMorre nesta sexta-feira (7), aos 64 anos, \u2018Roberto Leitinho\u2019 ap\u00f3s n\u00e3o resistir aos ferimentos\n\t\t<\/span><\/div>","aioseo_breadcrumb_json":[{"label":"Home","link":"https:\/\/serrafm879.com.br\/serrafm"},{"label":"Uncategorized","link":"https:\/\/serrafm879.com.br\/serrafm\/categoria\/uncategorized\/"},{"label":"Morre nesta sexta-feira (7), aos 64 anos, &#8216;Roberto Leitinho&#8217; ap\u00f3s n\u00e3o resistir aos ferimentos","link":"https:\/\/serrafm879.com.br\/serrafm\/2025\/02\/morre-nesta-sexta-feira-7-aos-64-anos-roberto-leitinho-apos-nao-resistir-aos-ferimentos\/"}],"jetpack_publicize_connections":[],"jetpack_featured_media_url":"https:\/\/serrafm879.com.br\/serrafm\/wp-content\/uploads\/2025\/02\/WhatsApp-Image-2025-02-07-at-16.41.27.jpeg","jetpack_shortlink":"https:\/\/wp.me\/p7HyXg-5jM","jetpack_sharing_enabled":true,"_links":{"self":[{"href":"https:\/\/serrafm879.com.br\/serrafm\/wp-json\/wp\/v2\/posts\/20446","targetHints":{"allow":["GET"]}}],"collection":[{"href":"https:\/\/serrafm879.com.br\/serrafm\/wp-json\/wp\/v2\/posts"}],"about":[{"href":"https:\/\/serrafm879.com.br\/serrafm\/wp-json\/wp\/v2\/types\/post"}],"author":[{"embeddable":true,"href":"https:\/\/serrafm879.com.br\/serrafm\/wp-json\/wp\/v2\/users\/2"}],"replies":[{"embeddable":true,"href":"https:\/\/serrafm879.com.br\/serrafm\/wp-json\/wp\/v2\/comments?post=20446"}],"version-history":[{"count":5,"href":"https:\/\/serrafm879.com.br\/serrafm\/wp-json\/wp\/v2\/posts\/20446\/revisions"}],"predecessor-version":[{"id":20460,"href":"https:\/\/serrafm879.com.br\/serrafm\/wp-json\/wp\/v2\/posts\/20446\/revisions\/20460"}],"wp:featuredmedia":[{"embeddable":true,"href":"https:\/\/serrafm879.com.br\/serrafm\/wp-json\/wp\/v2\/media\/20447"}],"wp:attachment":[{"href":"https:\/\/serrafm879.com.br\/serrafm\/wp-json\/wp\/v2\/media?parent=20446"}],"wp:term":[{"taxonomy":"category","embeddable":true,"href":"https:\/\/serrafm879.com.br\/serrafm\/wp-json\/wp\/v2\/categories?post=20446"},{"taxonomy":"post_tag","embeddable":true,"href":"https:\/\/serrafm879.com.br\/serrafm\/wp-json\/wp\/v2\/tags?post=20446"}],"curies":[{"name":"wp","href":"https:\/\/api.w.org\/{rel}","templated":true}]}}