{"id":20463,"date":"2025-02-07T17:58:34","date_gmt":"2025-02-07T20:58:34","guid":{"rendered":"https:\/?p=20463"},"modified":"2025-02-07T18:28:05","modified_gmt":"2025-02-07T21:28:05","slug":"chuvas-em-pernambuco-entenda-fenomenos-meteorologicos-que-causaram-temporais-desta-semana","status":"publish","type":"post","link":"https:\/\/serrafm879.com.br\/serrafm\/2025\/02\/chuvas-em-pernambuco-entenda-fenomenos-meteorologicos-que-causaram-temporais-desta-semana\/","title":{"rendered":"Chuvas em Pernambuco: entenda fen\u00f4menos meteorol\u00f3gicos que causaram temporais desta semana"},"content":{"rendered":"<p>A\u00a0combina\u00e7\u00e3o\u00a0entre dois fen\u00f4menos meteorol\u00f3gicos, o V\u00f3rtice\u00a0Cicl\u00f4nico de Altos N\u00edveis (VCAN) e a Zona de Converg\u00eancia Intertropical (ZCIT), causou as fortes chuvas desta semana\u00a0no Recife, na Regi\u00e3o Metropolitana e em outros munic\u00edpios de Pernambuco.<\/p>\n<p>Cidades chegaram a\u00a0ultrapassar a marca dos 200 mil\u00edmetros em apenas 24 horas, \u00edndices at\u00e9 maiores do que o dobro do esperado para todo o m\u00eas de fevereiro de acordo com a m\u00e9dia climatol\u00f3gica. No Recife, por exemplo, este\u00a0\u00e9 o fevereiro mais chuvoso j\u00e1 registrado.<\/p>\n<p>A ocorr\u00eancia de grandes volumes de chuvas durante o ver\u00e3o chamou a aten\u00e7\u00e3o da popula\u00e7\u00e3o, pois a quadra chuvosa na Regi\u00e3o Metropolitana do Recife (RMR) \u2014 o per\u00edodo mais chuvoso do ano \u2014 come\u00e7a apenas em abril.<\/p>\n<p>Segundo o meteorologista da Ag\u00eancia Pernambucana de \u00c1guas e Clima\u00a0(Apac) Fabiano Prestr\u00ealo, em entrevista \u00e0\u00a0Folha de Pernambuco, a intera\u00e7\u00e3o entre os dois fen\u00f4menos n\u00e3o \u00e9 comum, mas j\u00e1 aconteceu anteriormente e pode se repetir no futuro.<\/p>\n<p>O\u00a0VCAN\u00a0\u00e9 uma \u00e1rea de baixa press\u00e3o nas camadas superiores da atmosfera, caracterizada por ventos que giram de forma cicl\u00f4nica no sentido hor\u00e1rio no Hemisf\u00e9rio Sul.<\/p>\n<p>Esse fen\u00f4meno influencia os padr\u00f5es de circula\u00e7\u00e3o do ar e favorece a forma\u00e7\u00e3o de instabilidades e tempestades.<\/p>\n<p>&#8220;O v\u00f3rtice\u00a0cicl\u00f4nico fica na parte mais alta da troposfera e\u00a0consegue ser observado nas imagens de sat\u00e9lite como um padr\u00e3o de ventos que gira no sentido hor\u00e1rio, onde a gente tem o centro do v\u00f3rtice com o ar mais frio e com o movimento descendente, ou seja, de cima para baixo. Nas bordas, a gente tem ar mais quente com o sentido ascendente, ou seja, de baixo para cima. \u00c9\u00a0essa regi\u00e3o das bordas do v\u00f3rtice que provoca a forma\u00e7\u00e3o de nuvens e de chuva, consequentemente&#8221;, explica o meteorologista da Apac.<br \/>\nJ\u00e1 a\u00a0ZCIT\u00a0\u00e9 uma faixa pr\u00f3xima \u00e0 Linha do Equador onde os ventos al\u00edsios dos hemisf\u00e9rios Norte e Sul se encontram, o que for\u00e7a o ar quente a subir e gerar uma convec\u00e7\u00e3o, processo que resulta na forma\u00e7\u00e3o de nuvens densas e precipita\u00e7\u00f5es frequentes.<\/p>\n<p>&#8220;A borda do v\u00f3rtice interagiu com a zona de converg\u00eancia intertropical e fez com que chovesse em um dia mais do que esperado para o m\u00eas de fevereiro todo&#8221;, completa Prestr\u00ealo, destacando, ainda, que os v\u00f3rtices s\u00e3o comuns\u00a0no Estado, especialmente durante a primavera e o ver\u00e3o. &#8220;Registramos mais ou menos entre quatro e cinco v\u00f3rtices em cada temporada&#8221;.<\/p>\n<p>Folha-PE<\/p>\n","protected":false},"excerpt":{"rendered":"<p>A\u00a0combina\u00e7\u00e3o\u00a0entre dois fen\u00f4menos meteorol\u00f3gicos, o V\u00f3rtice\u00a0Cicl\u00f4nico de Altos N\u00edveis (VCAN) e a Zona de Converg\u00eancia Intertropical (ZCIT), causou as fortes chuvas desta semana\u00a0no Recife, na Regi\u00e3o Metropolitana e em outros munic\u00edpios de Pernambuco. Cidades chegaram a\u00a0ultrapassar a marca dos 200 mil\u00edmetros em apenas 24 horas, \u00edndices at\u00e9 maiores do que o dobro do esperado para todo o m\u00eas de fevereiro de acordo com a m\u00e9dia climatol\u00f3gica. No Recife, por exemplo, este\u00a0\u00e9 o fevereiro mais chuvoso j\u00e1 registrado. A ocorr\u00eancia de grandes volumes de chuvas durante o ver\u00e3o chamou a aten\u00e7\u00e3o da popula\u00e7\u00e3o, pois a quadra chuvosa na Regi\u00e3o Metropolitana do [&hellip;]<\/p>\n","protected":false},"author":2,"featured_media":20164,"comment_status":"open","ping_status":"open","sticky":false,"template":"","format":"standard","meta":{"_jetpack_newsletter_access":"","_jetpack_dont_email_post_to_subs":false,"_jetpack_newsletter_tier_id":0,"_jetpack_memberships_contains_paywalled_content":false,"_jetpack_feature_clip_id":0,"_jetpack_memberships_contains_paid_content":false,"footnotes":"","jetpack_publicize_message":"","jetpack_publicize_feature_enabled":true,"jetpack_social_post_already_shared":true,"jetpack_social_options":{"image_generator_settings":{"template":"highway","default_image_id":0,"font":"","enabled":false},"version":2},"jetpack_post_was_ever_published":false},"categories":[1],"tags":[],"class_list":["post-20463","post","type-post","status-publish","format-standard","has-post-thumbnail","hentry","category-uncategorized"],"aioseo_notices":[],"aioseo_head":"\n\t\t<!-- All in One SEO 4.9.10 - aioseo.com -->\n\t<meta name=\"description\" content=\"A combina\u00e7\u00e3o entre dois fen\u00f4menos meteorol\u00f3gicos, o V\u00f3rtice Cicl\u00f4nico de Altos N\u00edveis (VCAN) e a Zona de Converg\u00eancia Intertropical (ZCIT), causou as fortes chuvas desta semana no Recife, na Regi\u00e3o Metropolitana e em outros munic\u00edpios de Pernambuco. Cidades chegaram a ultrapassar a marca dos 200 mil\u00edmetros em apenas 24 horas, \u00edndices at\u00e9 maiores do que o dobro do esperado para\" \/>\n\t<meta name=\"robots\" content=\"max-image-preview:large\" \/>\n\t<meta name=\"author\" content=\"serrafm87\"\/>\n\t<link rel=\"canonical\" href=\"https:\/\/serrafm879.com.br\/serrafm\/2025\/02\/chuvas-em-pernambuco-entenda-fenomenos-meteorologicos-que-causaram-temporais-desta-semana\/\" \/>\n\t<meta name=\"generator\" content=\"All in One SEO (AIOSEO) 4.9.10\" \/>\n\t\t<meta name=\"twitter:card\" content=\"summary_large_image\" \/>\n\t\t<meta name=\"twitter:title\" content=\"Chuvas em Pernambuco: entenda fen\u00f4menos meteorol\u00f3gicos que causaram temporais desta semana - Serra FM 87,9\" \/>\n\t\t<meta name=\"twitter:description\" content=\"A combina\u00e7\u00e3o entre dois fen\u00f4menos meteorol\u00f3gicos, o V\u00f3rtice Cicl\u00f4nico de Altos N\u00edveis (VCAN) e a Zona de Converg\u00eancia Intertropical (ZCIT), causou as fortes chuvas desta semana no Recife, na Regi\u00e3o Metropolitana e em outros munic\u00edpios de Pernambuco. Cidades chegaram a ultrapassar a marca dos 200 mil\u00edmetros em apenas 24 horas, \u00edndices at\u00e9 maiores do que o dobro do esperado para\" \/>\n\t\t<meta name=\"twitter:image\" content=\"https:\/\/serrafm879.com.br\/serrafm\/wp-content\/uploads\/2025\/01\/chuvas.jpg\" \/>\n\t\t<script type=\"application\/ld+json\" class=\"aioseo-schema\">\n\t\t\t{\"@context\":\"https:\\\/\\\/schema.org\",\"@graph\":[{\"@type\":\"BlogPosting\",\"@id\":\"https:\\\/\\\/serrafm879.com.br\\\/serrafm\\\/2025\\\/02\\\/chuvas-em-pernambuco-entenda-fenomenos-meteorologicos-que-causaram-temporais-desta-semana\\\/#blogposting\",\"name\":\"Chuvas em Pernambuco: entenda fen\\u00f4menos meteorol\\u00f3gicos que causaram temporais desta semana - Serra FM 87,9\",\"headline\":\"Chuvas em Pernambuco: entenda fen\\u00f4menos meteorol\\u00f3gicos que causaram temporais desta semana\",\"author\":{\"@id\":\"https:\\\/\\\/serrafm879.com.br\\\/serrafm\\\/author\\\/serrafm87\\\/#author\"},\"publisher\":{\"@id\":\"https:\\\/\\\/serrafm879.com.br\\\/serrafm\\\/#organization\"},\"image\":{\"@type\":\"ImageObject\",\"url\":\"https:\\\/\\\/serrafm879.com.br\\\/serrafm\\\/wp-content\\\/uploads\\\/2025\\\/01\\\/chuvas.jpg\",\"width\":768,\"height\":427},\"datePublished\":\"2025-02-07T17:58:34-03:00\",\"dateModified\":\"2025-02-07T18:28:05-03:00\",\"inLanguage\":\"pt-BR\",\"mainEntityOfPage\":{\"@id\":\"https:\\\/\\\/serrafm879.com.br\\\/serrafm\\\/2025\\\/02\\\/chuvas-em-pernambuco-entenda-fenomenos-meteorologicos-que-causaram-temporais-desta-semana\\\/#webpage\"},\"isPartOf\":{\"@id\":\"https:\\\/\\\/serrafm879.com.br\\\/serrafm\\\/2025\\\/02\\\/chuvas-em-pernambuco-entenda-fenomenos-meteorologicos-que-causaram-temporais-desta-semana\\\/#webpage\"},\"articleSection\":\"Uncategorized\"},{\"@type\":\"BreadcrumbList\",\"@id\":\"https:\\\/\\\/serrafm879.com.br\\\/serrafm\\\/2025\\\/02\\\/chuvas-em-pernambuco-entenda-fenomenos-meteorologicos-que-causaram-temporais-desta-semana\\\/#breadcrumblist\",\"itemListElement\":[{\"@type\":\"ListItem\",\"@id\":\"https:\\\/\\\/serrafm879.com.br\\\/serrafm#listItem\",\"position\":1,\"name\":\"Home\",\"item\":\"https:\\\/\\\/serrafm879.com.br\\\/serrafm\",\"nextItem\":{\"@type\":\"ListItem\",\"@id\":\"https:\\\/\\\/serrafm879.com.br\\\/serrafm\\\/categoria\\\/uncategorized\\\/#listItem\",\"name\":\"Uncategorized\"}},{\"@type\":\"ListItem\",\"@id\":\"https:\\\/\\\/serrafm879.com.br\\\/serrafm\\\/categoria\\\/uncategorized\\\/#listItem\",\"position\":2,\"name\":\"Uncategorized\",\"item\":\"https:\\\/\\\/serrafm879.com.br\\\/serrafm\\\/categoria\\\/uncategorized\\\/\",\"nextItem\":{\"@type\":\"ListItem\",\"@id\":\"https:\\\/\\\/serrafm879.com.br\\\/serrafm\\\/2025\\\/02\\\/chuvas-em-pernambuco-entenda-fenomenos-meteorologicos-que-causaram-temporais-desta-semana\\\/#listItem\",\"name\":\"Chuvas em Pernambuco: entenda fen\\u00f4menos meteorol\\u00f3gicos que causaram temporais desta semana\"},\"previousItem\":{\"@type\":\"ListItem\",\"@id\":\"https:\\\/\\\/serrafm879.com.br\\\/serrafm#listItem\",\"name\":\"Home\"}},{\"@type\":\"ListItem\",\"@id\":\"https:\\\/\\\/serrafm879.com.br\\\/serrafm\\\/2025\\\/02\\\/chuvas-em-pernambuco-entenda-fenomenos-meteorologicos-que-causaram-temporais-desta-semana\\\/#listItem\",\"position\":3,\"name\":\"Chuvas em Pernambuco: entenda fen\\u00f4menos meteorol\\u00f3gicos que causaram temporais desta semana\",\"previousItem\":{\"@type\":\"ListItem\",\"@id\":\"https:\\\/\\\/serrafm879.com.br\\\/serrafm\\\/categoria\\\/uncategorized\\\/#listItem\",\"name\":\"Uncategorized\"}}]},{\"@type\":\"Organization\",\"@id\":\"https:\\\/\\\/serrafm879.com.br\\\/serrafm\\\/#organization\",\"name\":\"Serra FM 87,9\",\"description\":\"O seu novo amor!\",\"url\":\"https:\\\/\\\/serrafm879.com.br\\\/serrafm\\\/\"},{\"@type\":\"Person\",\"@id\":\"https:\\\/\\\/serrafm879.com.br\\\/serrafm\\\/author\\\/serrafm87\\\/#author\",\"url\":\"https:\\\/\\\/serrafm879.com.br\\\/serrafm\\\/author\\\/serrafm87\\\/\",\"name\":\"serrafm87\",\"image\":{\"@type\":\"ImageObject\",\"@id\":\"https:\\\/\\\/serrafm879.com.br\\\/serrafm\\\/2025\\\/02\\\/chuvas-em-pernambuco-entenda-fenomenos-meteorologicos-que-causaram-temporais-desta-semana\\\/#authorImage\",\"url\":\"https:\\\/\\\/secure.gravatar.com\\\/avatar\\\/a743233f1112d34f48bb3dc9559b76eb930bab8b27175856cba6362608736235?s=96&d=mm&r=g\",\"width\":96,\"height\":96,\"caption\":\"serrafm87\"}},{\"@type\":\"WebPage\",\"@id\":\"https:\\\/\\\/serrafm879.com.br\\\/serrafm\\\/2025\\\/02\\\/chuvas-em-pernambuco-entenda-fenomenos-meteorologicos-que-causaram-temporais-desta-semana\\\/#webpage\",\"url\":\"https:\\\/\\\/serrafm879.com.br\\\/serrafm\\\/2025\\\/02\\\/chuvas-em-pernambuco-entenda-fenomenos-meteorologicos-que-causaram-temporais-desta-semana\\\/\",\"name\":\"Chuvas em Pernambuco: entenda fen\\u00f4menos meteorol\\u00f3gicos que causaram temporais desta semana - Serra FM 87,9\",\"description\":\"A combina\\u00e7\\u00e3o entre dois fen\\u00f4menos meteorol\\u00f3gicos, o V\\u00f3rtice Cicl\\u00f4nico de Altos N\\u00edveis (VCAN) e a Zona de Converg\\u00eancia Intertropical (ZCIT), causou as fortes chuvas desta semana no Recife, na Regi\\u00e3o Metropolitana e em outros munic\\u00edpios de Pernambuco. Cidades chegaram a ultrapassar a marca dos 200 mil\\u00edmetros em apenas 24 horas, \\u00edndices at\\u00e9 maiores do que o dobro do esperado para\",\"inLanguage\":\"pt-BR\",\"isPartOf\":{\"@id\":\"https:\\\/\\\/serrafm879.com.br\\\/serrafm\\\/#website\"},\"breadcrumb\":{\"@id\":\"https:\\\/\\\/serrafm879.com.br\\\/serrafm\\\/2025\\\/02\\\/chuvas-em-pernambuco-entenda-fenomenos-meteorologicos-que-causaram-temporais-desta-semana\\\/#breadcrumblist\"},\"author\":{\"@id\":\"https:\\\/\\\/serrafm879.com.br\\\/serrafm\\\/author\\\/serrafm87\\\/#author\"},\"creator\":{\"@id\":\"https:\\\/\\\/serrafm879.com.br\\\/serrafm\\\/author\\\/serrafm87\\\/#author\"},\"image\":{\"@type\":\"ImageObject\",\"url\":\"https:\\\/\\\/serrafm879.com.br\\\/serrafm\\\/wp-content\\\/uploads\\\/2025\\\/01\\\/chuvas.jpg\",\"@id\":\"https:\\\/\\\/serrafm879.com.br\\\/serrafm\\\/2025\\\/02\\\/chuvas-em-pernambuco-entenda-fenomenos-meteorologicos-que-causaram-temporais-desta-semana\\\/#mainImage\",\"width\":768,\"height\":427},\"primaryImageOfPage\":{\"@id\":\"https:\\\/\\\/serrafm879.com.br\\\/serrafm\\\/2025\\\/02\\\/chuvas-em-pernambuco-entenda-fenomenos-meteorologicos-que-causaram-temporais-desta-semana\\\/#mainImage\"},\"datePublished\":\"2025-02-07T17:58:34-03:00\",\"dateModified\":\"2025-02-07T18:28:05-03:00\"},{\"@type\":\"WebSite\",\"@id\":\"https:\\\/\\\/serrafm879.com.br\\\/serrafm\\\/#website\",\"url\":\"https:\\\/\\\/serrafm879.com.br\\\/serrafm\\\/\",\"name\":\"Serra FM 87,9\",\"description\":\"O seu novo amor!\",\"inLanguage\":\"pt-BR\",\"publisher\":{\"@id\":\"https:\\\/\\\/serrafm879.com.br\\\/serrafm\\\/#organization\"}}]}\n\t\t<\/script>\n\t\t<!-- All in One SEO -->\n\n","aioseo_head_json":{"title":"Chuvas em Pernambuco: entenda fen\u00f4menos meteorol\u00f3gicos que causaram temporais desta semana - Serra FM 87,9","description":"A combina\u00e7\u00e3o entre dois fen\u00f4menos meteorol\u00f3gicos, o V\u00f3rtice Cicl\u00f4nico de Altos N\u00edveis (VCAN) e a Zona de Converg\u00eancia Intertropical (ZCIT), causou as fortes chuvas desta semana no Recife, na Regi\u00e3o Metropolitana e em outros munic\u00edpios de Pernambuco. Cidades chegaram a ultrapassar a marca dos 200 mil\u00edmetros em apenas 24 horas, \u00edndices at\u00e9 maiores do que o dobro do esperado para","canonical_url":"https:\/\/serrafm879.com.br\/serrafm\/2025\/02\/chuvas-em-pernambuco-entenda-fenomenos-meteorologicos-que-causaram-temporais-desta-semana\/","robots":"max-image-preview:large","keywords":"","webmasterTools":{"miscellaneous":""},"schema":{"@context":"https:\/\/schema.org","@graph":[{"@type":"BlogPosting","@id":"https:\/\/serrafm879.com.br\/serrafm\/2025\/02\/chuvas-em-pernambuco-entenda-fenomenos-meteorologicos-que-causaram-temporais-desta-semana\/#blogposting","name":"Chuvas em Pernambuco: entenda fen\u00f4menos meteorol\u00f3gicos que causaram temporais desta semana - Serra FM 87,9","headline":"Chuvas em Pernambuco: entenda fen\u00f4menos meteorol\u00f3gicos que causaram temporais desta semana","author":{"@id":"https:\/\/serrafm879.com.br\/serrafm\/author\/serrafm87\/#author"},"publisher":{"@id":"https:\/\/serrafm879.com.br\/serrafm\/#organization"},"image":{"@type":"ImageObject","url":"https:\/\/serrafm879.com.br\/serrafm\/wp-content\/uploads\/2025\/01\/chuvas.jpg","width":768,"height":427},"datePublished":"2025-02-07T17:58:34-03:00","dateModified":"2025-02-07T18:28:05-03:00","inLanguage":"pt-BR","mainEntityOfPage":{"@id":"https:\/\/serrafm879.com.br\/serrafm\/2025\/02\/chuvas-em-pernambuco-entenda-fenomenos-meteorologicos-que-causaram-temporais-desta-semana\/#webpage"},"isPartOf":{"@id":"https:\/\/serrafm879.com.br\/serrafm\/2025\/02\/chuvas-em-pernambuco-entenda-fenomenos-meteorologicos-que-causaram-temporais-desta-semana\/#webpage"},"articleSection":"Uncategorized"},{"@type":"BreadcrumbList","@id":"https:\/\/serrafm879.com.br\/serrafm\/2025\/02\/chuvas-em-pernambuco-entenda-fenomenos-meteorologicos-que-causaram-temporais-desta-semana\/#breadcrumblist","itemListElement":[{"@type":"ListItem","@id":"https:\/\/serrafm879.com.br\/serrafm#listItem","position":1,"name":"Home","item":"https:\/\/serrafm879.com.br\/serrafm","nextItem":{"@type":"ListItem","@id":"https:\/\/serrafm879.com.br\/serrafm\/categoria\/uncategorized\/#listItem","name":"Uncategorized"}},{"@type":"ListItem","@id":"https:\/\/serrafm879.com.br\/serrafm\/categoria\/uncategorized\/#listItem","position":2,"name":"Uncategorized","item":"https:\/\/serrafm879.com.br\/serrafm\/categoria\/uncategorized\/","nextItem":{"@type":"ListItem","@id":"https:\/\/serrafm879.com.br\/serrafm\/2025\/02\/chuvas-em-pernambuco-entenda-fenomenos-meteorologicos-que-causaram-temporais-desta-semana\/#listItem","name":"Chuvas em Pernambuco: entenda fen\u00f4menos meteorol\u00f3gicos que causaram temporais desta semana"},"previousItem":{"@type":"ListItem","@id":"https:\/\/serrafm879.com.br\/serrafm#listItem","name":"Home"}},{"@type":"ListItem","@id":"https:\/\/serrafm879.com.br\/serrafm\/2025\/02\/chuvas-em-pernambuco-entenda-fenomenos-meteorologicos-que-causaram-temporais-desta-semana\/#listItem","position":3,"name":"Chuvas em Pernambuco: entenda fen\u00f4menos meteorol\u00f3gicos que causaram temporais desta semana","previousItem":{"@type":"ListItem","@id":"https:\/\/serrafm879.com.br\/serrafm\/categoria\/uncategorized\/#listItem","name":"Uncategorized"}}]},{"@type":"Organization","@id":"https:\/\/serrafm879.com.br\/serrafm\/#organization","name":"Serra FM 87,9","description":"O seu novo amor!","url":"https:\/\/serrafm879.com.br\/serrafm\/"},{"@type":"Person","@id":"https:\/\/serrafm879.com.br\/serrafm\/author\/serrafm87\/#author","url":"https:\/\/serrafm879.com.br\/serrafm\/author\/serrafm87\/","name":"serrafm87","image":{"@type":"ImageObject","@id":"https:\/\/serrafm879.com.br\/serrafm\/2025\/02\/chuvas-em-pernambuco-entenda-fenomenos-meteorologicos-que-causaram-temporais-desta-semana\/#authorImage","url":"https:\/\/secure.gravatar.com\/avatar\/a743233f1112d34f48bb3dc9559b76eb930bab8b27175856cba6362608736235?s=96&d=mm&r=g","width":96,"height":96,"caption":"serrafm87"}},{"@type":"WebPage","@id":"https:\/\/serrafm879.com.br\/serrafm\/2025\/02\/chuvas-em-pernambuco-entenda-fenomenos-meteorologicos-que-causaram-temporais-desta-semana\/#webpage","url":"https:\/\/serrafm879.com.br\/serrafm\/2025\/02\/chuvas-em-pernambuco-entenda-fenomenos-meteorologicos-que-causaram-temporais-desta-semana\/","name":"Chuvas em Pernambuco: entenda fen\u00f4menos meteorol\u00f3gicos que causaram temporais desta semana - Serra FM 87,9","description":"A combina\u00e7\u00e3o entre dois fen\u00f4menos meteorol\u00f3gicos, o V\u00f3rtice Cicl\u00f4nico de Altos N\u00edveis (VCAN) e a Zona de Converg\u00eancia Intertropical (ZCIT), causou as fortes chuvas desta semana no Recife, na Regi\u00e3o Metropolitana e em outros munic\u00edpios de Pernambuco. Cidades chegaram a ultrapassar a marca dos 200 mil\u00edmetros em apenas 24 horas, \u00edndices at\u00e9 maiores do que o dobro do esperado para","inLanguage":"pt-BR","isPartOf":{"@id":"https:\/\/serrafm879.com.br\/serrafm\/#website"},"breadcrumb":{"@id":"https:\/\/serrafm879.com.br\/serrafm\/2025\/02\/chuvas-em-pernambuco-entenda-fenomenos-meteorologicos-que-causaram-temporais-desta-semana\/#breadcrumblist"},"author":{"@id":"https:\/\/serrafm879.com.br\/serrafm\/author\/serrafm87\/#author"},"creator":{"@id":"https:\/\/serrafm879.com.br\/serrafm\/author\/serrafm87\/#author"},"image":{"@type":"ImageObject","url":"https:\/\/serrafm879.com.br\/serrafm\/wp-content\/uploads\/2025\/01\/chuvas.jpg","@id":"https:\/\/serrafm879.com.br\/serrafm\/2025\/02\/chuvas-em-pernambuco-entenda-fenomenos-meteorologicos-que-causaram-temporais-desta-semana\/#mainImage","width":768,"height":427},"primaryImageOfPage":{"@id":"https:\/\/serrafm879.com.br\/serrafm\/2025\/02\/chuvas-em-pernambuco-entenda-fenomenos-meteorologicos-que-causaram-temporais-desta-semana\/#mainImage"},"datePublished":"2025-02-07T17:58:34-03:00","dateModified":"2025-02-07T18:28:05-03:00"},{"@type":"WebSite","@id":"https:\/\/serrafm879.com.br\/serrafm\/#website","url":"https:\/\/serrafm879.com.br\/serrafm\/","name":"Serra FM 87,9","description":"O seu novo amor!","inLanguage":"pt-BR","publisher":{"@id":"https:\/\/serrafm879.com.br\/serrafm\/#organization"}}]},"twitter:card":"summary_large_image","twitter:title":"Chuvas em Pernambuco: entenda fen\u00f4menos meteorol\u00f3gicos que causaram temporais desta semana - Serra FM 87,9","twitter:description":"A combina\u00e7\u00e3o entre dois fen\u00f4menos meteorol\u00f3gicos, o V\u00f3rtice Cicl\u00f4nico de Altos N\u00edveis (VCAN) e a Zona de Converg\u00eancia Intertropical (ZCIT), causou as fortes chuvas desta semana no Recife, na Regi\u00e3o Metropolitana e em outros munic\u00edpios de Pernambuco. Cidades chegaram a ultrapassar a marca dos 200 mil\u00edmetros em apenas 24 horas, \u00edndices at\u00e9 maiores do que o dobro do esperado para","twitter:image":"https:\/\/serrafm879.com.br\/serrafm\/wp-content\/uploads\/2025\/01\/chuvas.jpg"},"aioseo_meta_data":{"post_id":"20463","title":null,"description":null,"keywords":null,"keyphrases":null,"primary_term":null,"canonical_url":null,"og_title":null,"og_description":null,"og_object_type":"default","og_image_type":"default","og_image_custom_url":null,"og_image_custom_fields":null,"og_image_url":null,"og_image_width":null,"og_image_height":null,"og_video":null,"og_custom_url":null,"og_article_section":null,"og_article_tags":null,"twitter_use_og":false,"twitter_card":"default","twitter_image_type":"default","twitter_image_custom_url":null,"twitter_image_custom_fields":null,"twitter_image_url":null,"twitter_title":null,"twitter_description":null,"schema_type":"default","schema_type_options":null,"schema":{"blockGraphs":[],"customGraphs":[],"default":{"data":{"Article":[],"Course":[],"Dataset":[],"FAQPage":[],"Movie":[],"Person":[],"Product":[],"ProductReview":[],"Car":[],"Recipe":[],"Service":[],"SoftwareApplication":[],"WebPage":[]},"graphName":"","isEnabled":true},"graphs":[]},"pillar_content":false,"robots_default":true,"robots_noindex":false,"robots_noarchive":false,"robots_nosnippet":false,"robots_nofollow":false,"robots_noimageindex":false,"robots_noodp":false,"robots_notranslate":false,"robots_max_snippet":null,"robots_max_videopreview":null,"robots_max_imagepreview":"large","priority":null,"frequency":null,"local_seo":null,"limit_modified_date":false,"ai":null,"breadcrumb_settings":null,"seo_analyzer_scan_date":null,"created":"2026-07-21 13:31:53","updated":"2026-07-21 13:31:53"},"aioseo_breadcrumb":"<div class=\"aioseo-breadcrumbs\"><span class=\"aioseo-breadcrumb\">\n\t\t\t<a href=\"https:\/\/serrafm879.com.br\/serrafm\" title=\"Home\">Home<\/a>\n\t\t<\/span><span class=\"aioseo-breadcrumb-separator\">&raquo;<\/span><span class=\"aioseo-breadcrumb\">\n\t\t\t<a href=\"https:\/\/serrafm879.com.br\/serrafm\/categoria\/uncategorized\/\" title=\"Uncategorized\">Uncategorized<\/a>\n\t\t<\/span><span class=\"aioseo-breadcrumb-separator\">&raquo;<\/span><span class=\"aioseo-breadcrumb\">\n\t\t\tChuvas em Pernambuco: entenda fen\u00f4menos meteorol\u00f3gicos que causaram temporais desta semana\n\t\t<\/span><\/div>","aioseo_breadcrumb_json":[{"label":"Home","link":"https:\/\/serrafm879.com.br\/serrafm"},{"label":"Uncategorized","link":"https:\/\/serrafm879.com.br\/serrafm\/categoria\/uncategorized\/"},{"label":"Chuvas em Pernambuco: entenda fen\u00f4menos meteorol\u00f3gicos que causaram temporais desta semana","link":"https:\/\/serrafm879.com.br\/serrafm\/2025\/02\/chuvas-em-pernambuco-entenda-fenomenos-meteorologicos-que-causaram-temporais-desta-semana\/"}],"jetpack_publicize_connections":[],"jetpack_featured_media_url":"https:\/\/serrafm879.com.br\/serrafm\/wp-content\/uploads\/2025\/01\/chuvas.jpg","jetpack_shortlink":"https:\/\/wp.me\/p7HyXg-5k3","jetpack_sharing_enabled":true,"_links":{"self":[{"href":"https:\/\/serrafm879.com.br\/serrafm\/wp-json\/wp\/v2\/posts\/20463","targetHints":{"allow":["GET"]}}],"collection":[{"href":"https:\/\/serrafm879.com.br\/serrafm\/wp-json\/wp\/v2\/posts"}],"about":[{"href":"https:\/\/serrafm879.com.br\/serrafm\/wp-json\/wp\/v2\/types\/post"}],"author":[{"embeddable":true,"href":"https:\/\/serrafm879.com.br\/serrafm\/wp-json\/wp\/v2\/users\/2"}],"replies":[{"embeddable":true,"href":"https:\/\/serrafm879.com.br\/serrafm\/wp-json\/wp\/v2\/comments?post=20463"}],"version-history":[{"count":1,"href":"https:\/\/serrafm879.com.br\/serrafm\/wp-json\/wp\/v2\/posts\/20463\/revisions"}],"predecessor-version":[{"id":20464,"href":"https:\/\/serrafm879.com.br\/serrafm\/wp-json\/wp\/v2\/posts\/20463\/revisions\/20464"}],"wp:featuredmedia":[{"embeddable":true,"href":"https:\/\/serrafm879.com.br\/serrafm\/wp-json\/wp\/v2\/media\/20164"}],"wp:attachment":[{"href":"https:\/\/serrafm879.com.br\/serrafm\/wp-json\/wp\/v2\/media?parent=20463"}],"wp:term":[{"taxonomy":"category","embeddable":true,"href":"https:\/\/serrafm879.com.br\/serrafm\/wp-json\/wp\/v2\/categories?post=20463"},{"taxonomy":"post_tag","embeddable":true,"href":"https:\/\/serrafm879.com.br\/serrafm\/wp-json\/wp\/v2\/tags?post=20463"}],"curies":[{"name":"wp","href":"https:\/\/api.w.org\/{rel}","templated":true}]}}